{"id":6627,"date":"2019-04-26T21:37:34","date_gmt":"2019-04-26T19:37:34","guid":{"rendered":"https:\/\/arteeluoghi.it\/?p=6627"},"modified":"2019-04-27T21:43:50","modified_gmt":"2019-04-27T19:43:50","slug":"finibus-terrae-la-giornata-internazionale-del-jazz-al-capo-di-leuca","status":"publish","type":"post","link":"https:\/\/arteeluoghi.it\/index.php\/2019\/04\/26\/finibus-terrae-la-giornata-internazionale-del-jazz-al-capo-di-leuca\/","title":{"rendered":"Finibus Terrae, la\u00a0Giornata Internazionale del Jazz al Capo di Leuca"},"content":{"rendered":"<p style=\"font-weight: 400;\"><img loading=\"lazy\" class=\"alignleft wp-image-6629 size-large\" src=\"https:\/\/arteeluoghi.it\/wp-content\/uploads\/2019\/04\/lampus-festival-1024x576.jpg\" alt=\"\" width=\"800\" height=\"450\" srcset=\"https:\/\/arteeluoghi.it\/wp-content\/uploads\/2019\/04\/lampus-festival-1024x576.jpg 1024w, https:\/\/arteeluoghi.it\/wp-content\/uploads\/2019\/04\/lampus-festival-300x169.jpg 300w, https:\/\/arteeluoghi.it\/wp-content\/uploads\/2019\/04\/lampus-festival-768x432.jpg 768w, https:\/\/arteeluoghi.it\/wp-content\/uploads\/2019\/04\/lampus-festival.jpg 2048w\" sizes=\"(max-width: 800px) 100vw, 800px\" \/><strong>Giornata Internazionale del Jazz in riva al Capo di Leuca grazie alla terza edizione del\u00a0\u00a0<\/strong><strong>Finibus Terrae \u2013 International Jazz Day Celebration.\u00a0<\/strong><\/p>\n<p style=\"font-weight: 400;\">L\u2019iniziativa, inserita nel calendario ufficiale UNESCO, \u00e8 ideata dall\u2019associazione non profit\u00a0<strong>Lampus<\/strong>\u00a0e prevede tre appuntamenti: il primo \u00e8 fissato per il\u00a0<strong>28 aprile<\/strong>\u00a0presso lo\u00a0<strong>Yacht Club di Leuca<\/strong>\u00a0<strong>alle 17,00<\/strong>,\u00a0in collaborazione, oltre al Circolo ospitante, con l\u2019associazione\u00a0<strong>Salentosophia &#8211; animazione culturale.<\/strong><\/p>\n<p style=\"font-weight: 400;\">La seconda fase della rassegna prosegue il\u00a0<strong>30 aprile e il 1 maggio alle 21,00<\/strong>, ai piedi della\u00a0<strong>Torre di difesa Cinquecentesca di Salignano<\/strong>, caratteristico borgo a pochi chilometri da Leuca.\u00a0<!--more--><\/p>\n<p style=\"font-weight: 400;\">La seconda parte dell\u2019evento \u00e8 organizzata con il patrocinio e la collaborazione del\u00a0<strong>Comune di Castrignano del Capo<\/strong>\u00a0e il patrocinio\u00a0<strong>del<\/strong>\u00a0<strong>Parco Culturale Ecclesiale<\/strong>\u00a0<strong>Terre del Capo di Leuca \u2013 De Finibus Terrae\u00a0<\/strong>attraverso il marchio\u00a0<strong>Cammini di Leuca<\/strong>. Un\u00a0progetto, quest\u2019ultimo, dell&#8217;Ufficio Nazionale di Pastorale del Turismo, Sport e Tempo Libero della\u00a0<strong>Conferenza Episcopale Italiana<\/strong>\u00a0che promuove, recupera e valorizza il patrimonio liturgico, storico, artistico, architettonico, museale, ricettivo di un territorio.<\/p>\n<p style=\"font-weight: 400;\"><strong>Con questa edizione del Finibus Terrae Jazz Day, Lampus vuole inoltre farsi portavoce dei suoi partner e del &#8220;suo&#8221; pubblico per esprimere la pi\u00f9 ampia solidariet\u00e0 alla Gazzetta del Mezzogiorno (<a href=\"https:\/\/www.facebook.com\/iostoconlagazzettadelmezzogiorno\/?__tn__=K-R&amp;eid=ARC8URA4krQNzZUssyXgBgoNAp3jgN7e9nyGs_fyWjU3FKlM8cwUfTqEVCZZ7ycw-GJqopv-tkB-OQj_&amp;fref=mentions&amp;__xts__%5B0%5D=68.ARB0BR30w_rpU2kgmOtWFRS-tfS5Y7ahcdUWN7uv-XqATwNxN1MTTjwLUrVh791I5nVtiuNlu62R0Tpo3p0STFdwIoMHBZuTS-aAugk_8XZ5BqGHHqqyKlORvYt6F8O1Xl5-WUNFVxiEmbgCpsJgeknTOK3RkQ0Fr433TdVFO6DQTOQKmQT6BAqkhL0gu-Jjw1wQNfG2jlfLTwzI2YtUX0WR13CGcPeFUFON1941pwKoMfq0S4-fDNpkU6iNILs9Swr3BDcRgSHrPabvycyWsQ\" data-saferedirecturl=\"https:\/\/www.google.com\/url?q=https:\/\/www.facebook.com\/iostoconlagazzettadelmezzogiorno\/?__tn__%3DK-R%26eid%3DARC8URA4krQNzZUssyXgBgoNAp3jgN7e9nyGs_fyWjU3FKlM8cwUfTqEVCZZ7ycw-GJqopv-tkB-OQj_%26fref%3Dmentions%26__xts__%255B0%255D%3D68.ARB0BR30w_rpU2kgmOtWFRS-tfS5Y7ahcdUWN7uv-XqATwNxN1MTTjwLUrVh791I5nVtiuNlu62R0Tpo3p0STFdwIoMHBZuTS-aAugk_8XZ5BqGHHqqyKlORvYt6F8O1Xl5-WUNFVxiEmbgCpsJgeknTOK3RkQ0Fr433TdVFO6DQTOQKmQT6BAqkhL0gu-Jjw1wQNfG2jlfLTwzI2YtUX0WR13CGcPeFUFON1941pwKoMfq0S4-fDNpkU6iNILs9Swr3BDcRgSHrPabvycyWsQ&amp;source=gmail&amp;ust=1556439317084000&amp;usg=AFQjCNFFiV0I7RA3xDqPRHzuZLyRUcPaxA\">Io sto con La Gazzetta del Mezzogiorno<\/a>\u00a0) perch\u00e9 superi brillantemente questo periodo di\u00a0<em>impasse<\/em>\u00a0&#8220;subita&#8221; dalle risorse umane che la tengono valorosamente in vita in nome della libera informazione!<\/strong><\/p>\n<p style=\"font-weight: 400;\">L&#8217;UNESCO, riconosciuto il valore di questo genere musicale, ha deciso di proclamare il 30 aprile \u201cGiornata internazionale del jazz\u201d con la seguente motivazione: \u00abUno strumento di sviluppo e crescita del dialogo interculturale volto alla tolleranza e alla comprensione reciproca\u00bb. Un giudizio che vuole cogliere il potenziale di scambio, confronto e reciproco ascolto tra culture diverse insito nel jazz, una musica che supera le differenze di razza, religione, etnia o nazionalit\u00e0.<\/p>\n<p style=\"font-weight: 400;\">La proposta, partita nel 2012 dagli Stati Uniti, \u00e8 stata subito sposata con entusiasmo dal nostro Paese e da Argentina, Brasile, Ecuador, Egitto, Germania, Ungheria, India, Israele, Giappone, Messico, Filippine, Polonia, Spagna, Sri Lanka, Uganda, Tanzania e Francia. Una platea eterogenea che nel 2018 ha visto coinvolti 190 Paesi nei 7 continenti, desiderosa di ritrovarsi, per un giorno, sotto la bandiera del Jazz.<\/p>\n<p style=\"font-weight: 400;\"><strong>\u00a0<\/strong><strong>Il Capo di Leuca, trampolino di pace e dialogo<\/strong><\/p>\n<p style=\"font-weight: 400;\">Storicamente definita\u00a0<strong>De Finibus Terrae<\/strong>, Leuca\u00a0segnava l\u2019estremo limite dei\u00a0<em>Cives<\/em>\u00a0(cittadini) romani, al di l\u00e0 del quale cominciavano i\u00a0<em>Provinciales<\/em>\u00a0(i coloni). L\u2019omonima basilica \u2013 santuario, \u00e8 meta pellegrinaggio di migliaia di fedeli di ogni nazionalit\u00e0 devoti alla \u201cMadonna delle frontiere\u201d, che spalanca le braccia verso Oriente per infrangerne ogni barriera. Questa sua felice posizione geografica, gi\u00e0 densa di significato simbolico, ha convinto l\u2019Associazione\u00a0<em>Lampus<\/em>\u00a0a scegliere il Capo di Leuca quale luogo fortemente simbolico per rilanciare il messaggio dell\u2019UNESCO che riconosce al Jazz la capacit\u00e0 di favorire l\u2019incontro interculturale.<\/p>\n<p style=\"font-weight: 400;\"><strong>Parlami di Jazz<\/strong><\/p>\n<p style=\"font-weight: 400;\">La formula dell\u2019evento, sintetizzata dal sottotitolo\u00a0<strong><em>Parlami di Jazz<\/em><\/strong>, ha debuttato con successo durante il Jazz Day \u201917, ed \u00e8 stata riproposta in pi\u00f9 occasioni. Lo scopo dell\u2019iniziativa \u00e8 di agevolare la familiarizzazione con questo genere musicale, connotato da una forte vocazione interculturale, rimuovendo il luogo comune che a volte emargina il Jazz tra i generi di difficile ascolto.<\/p>\n<p style=\"font-weight: 400;\">Il \u201cformat\u201d che prevede concerti \u201cparlati\u201d in cui i musicisti, selezionati per qualit\u00e0 artistiche e doti comunicative,\u00a0interagiscono con il pubblico arricchendo la propria performance con spiegazioni, aneddoti e approfondimenti sul Jazz.<\/p>\n<p style=\"font-weight: 400;\">A questa particolarit\u00e0, si affianca l\u2019uso di un tono amichevole e informale volto ad annullare la distanza tra artisti e pubblico e la scelta dei luoghi, preferibilmente poco conosciuti, ma di forte\u00a0<em>appeal<\/em>.<\/p>\n<p style=\"font-weight: 400;\"><strong><em>Lampus<\/em><\/strong>, partendo dal Salento, ma rivolgendo lo sguardo oltre i confini pugliesi, \u00e8 impegnata nella sfida di affidare a giovani talenti il compito di rimuovere il luogo comune che il Jazz sia un genere da relegare tra quelli \u201costici\u201d all\u2019ascolto!<strong>\u00a0<\/strong><\/p>\n<p style=\"font-weight: 400;\"><strong><img loading=\"lazy\" class=\"size-medium wp-image-6628 alignleft\" src=\"https:\/\/arteeluoghi.it\/wp-content\/uploads\/2019\/04\/lampus-300x240.png\" alt=\"\" width=\"300\" height=\"240\" srcset=\"https:\/\/arteeluoghi.it\/wp-content\/uploads\/2019\/04\/lampus-300x240.png 300w, https:\/\/arteeluoghi.it\/wp-content\/uploads\/2019\/04\/lampus.png 735w\" sizes=\"(max-width: 300px) 100vw, 300px\" \/>Il programma\u00a0<\/strong>(ingresso libero fino a esaurimento posti).<\/p>\n<ul style=\"font-weight: 400;\">\n<li><strong>domenica 28 aprile<\/strong>\u00a0\u2013\u00a0<strong>Yacht Club Leuca<\/strong>,\u00a0<strong>h.17,00 \u00a0 \u00a0 \u00a0 \u00a0 \u00a0 \u00a0 \u00a0 \u00a0 \u00a0 \u00a0 \u00a0 \u00a0 \u00a0 \u00a0 \u00a0 \u00a0 \u00a0 \u00a0 \u00a0 \u00a0 \u00a0 \u00a0 \u00a0 \u00a0 \u00a0 \u00a0 \u00a0 \u00a0 \u00a0 \u00a0 \u00a0 \u00a0 \u00a0 \u00a0 \u00a0 \u00a0 \u00a0 \u00a0 \u00a0 \u00a0 \u00a0 \u00a0 \u00a0 \u00a0 \u00a0 \u00a0 \u00a0 \u00a0 \u00a0 \u00a0 \u00a0 \u00a0 \u00a0 \u00a0 \u00a0 \u00a0 \u00a0 \u00a0 \u00a0 \u00a0 \u00a0 \u00a0 \u00a0 \u00a0 \u00a0 \u00a0 \u00a0 \u00a0 \u00a0 \u00a0 \u00a0 \u00a0 \u00a0 \u00a0 \u00a0<\/strong>Il primo appuntamento della rassegna \u00e8 frutto della collaborazione nata lo scorso anno tra\u00a0<strong>Lampus<\/strong>, l\u2019associazione culturale\u00a0<strong>Salentosophia<\/strong>\u00a0e lo\u00a0<strong>Yacht Club Leuca<\/strong>\u00a0con l\u2019intento di far convergere le proprie vocazioni istituzionali incentivando l\u2019offerta culturale nel territorio del Capo di Leuca. \u00a0 \u00a0 \u00a0 \u00a0 \u00a0 \u00a0 \u00a0 \u00a0 \u00a0 \u00a0 \u00a0 \u00a0 \u00a0 \u00a0 \u00a0 \u00a0 \u00a0 \u00a0 \u00a0 \u00a0 \u00a0 \u00a0 \u00a0 \u00a0 \u00a0 \u00a0 \u00a0 \u00a0 \u00a0 \u00a0 \u00a0 \u00a0 \u00a0 \u00a0 \u00a0 \u00a0 \u00a0 \u00a0 \u00a0 \u00a0 \u00a0 \u00a0 \u00a0Sulla terrazza affacciata sul Porto peschereccio del pi\u00f9 antico sodalizio di Leuca, il programma, intitolato\u00a0<strong>Tributo a Michel Petrucciani, il genio dalle dita di cristallo<\/strong>\u00a0nel ventennale della sua scomparsa.\u00a0Un omaggio al grande pianista francese\u00a0(Orange, 28 dicembre 1962 \u2013 New York, 6 gennaio 1999), con cui il\u00a0<strong>Roberto Esposito Trio<\/strong>\u00a0(Roberto Esposito al pianoforte),\u00a0<strong>Michele Colaci<\/strong>\u00a0(contrabasso) e\u00a0<strong>Alberto Stefanizzi<\/strong>\u00a0(batteria) racconteranno in musica e parole il\u00a0percorso artistico del compositore ed esecutore di standard della tradizione jazz. La grande capacit\u00e0 espressiva ritmica e melodica hanno reso Petrucciani uno dei pianisti pi\u00f9 riconoscibili nel panorama jazz mondiale collezionando in pochi anni una ricca discografia. Si parler\u00e0 anche della forza di carattere di Michel che, afflitto da\u00a0una rara malattia congenita conosciuta anche come sindrome dalle ossa di vetro, ha saputo sprigionare, sublimandola in musica, la sua impareggiabile creativit\u00e0.<\/li>\n<li><strong>Marted\u00ec\u00a0<\/strong><strong>30 aprile<\/strong>\u00a0&#8211;\u00a0<strong>Torre di Salignano h.21,00<\/strong>: \u00a0 \u00a0 \u00a0 \u00a0 \u00a0 \u00a0 \u00a0 \u00a0 \u00a0 \u00a0 \u00a0 \u00a0 \u00a0 \u00a0 \u00a0 \u00a0 \u00a0 \u00a0 \u00a0 \u00a0 \u00a0 \u00a0 \u00a0 \u00a0 \u00a0 \u00a0 \u00a0 \u00a0 \u00a0 \u00a0 \u00a0 \u00a0 \u00a0 \u00a0 \u00a0 \u00a0 \u00a0 \u00a0 \u00a0 \u00a0 \u00a0 \u00a0 \u00a0 \u00a0 \u00a0 \u00a0 \u00a0 \u00a0 \u00a0 \u00a0 \u00a0 \u00a0 \u00a0 \u00a0 \u00a0 \u00a0 \u00a0 \u00a0 \u00a0 \u00a0 \u00a0 \u00a0 \u00a0 \u00a0 \u00a0 \u00a0 \u00a0 \u00a0 \u00a0 \u00a0 \u00a0 \u00a0 \u00a0\u00a0la serata \u00e8 dedicata a uno dei pi\u00f9 acclamati padri fondatori della Bossa Nova con il\u00a0<strong>Tributo a Jo\u00e3o Gilberto<\/strong>. Sul palco il\u00a0<strong>Pra Jo\u00e3o Quartet<\/strong>\u00a0composto da\u00a0<strong>Aldo Di Caterino<\/strong>\u00a0(flauto traverso),\u00a0<strong>Marco Giuliani<\/strong>\u00a0(chitarra e voce),\u00a0<strong>Giovanni Scasciamacchia<\/strong>\u00a0(batteria) e\u00a0<strong>Gianluca Fraccalvieri<\/strong>\u00a0(basso elettrico). Si tratta una formazione di artisti baresi nota nel panorama nazionale per l\u2019eleganza che contraddistingue il loro suono. Il racconto \u201cparlato\u201d \u00e8 affidato a\u00a0<strong>Marco Giuliani<\/strong>, voce e chitarra del gruppo oltre che accattivante divulgatore musicale. \u00a0 \u00a0 \u00a0 \u00a0 \u00a0 \u00a0 \u00a0 \u00a0 \u00a0 \u00a0 \u00a0 \u00a0 \u00a0 \u00a0 \u00a0 \u00a0 \u00a0 \u00a0 \u00a0 \u00a0 \u00a0 \u00a0 \u00a0 \u00a0 \u00a0 \u00a0 \u00a0 \u00a0 \u00a0 \u00a0 \u00a0 \u00a0 \u00a0 \u00a0 \u00a0 \u00a0 \u00a0Con\u00a0\u201c blitz&#8221; a sorpresa, interverranno sul palco i\u00a0<strong>Capitani Coraggiosi\u00a0<\/strong>(<strong>Giovanni Molinari, Francesco Scaramuzzi e Francesco Ambruosi<\/strong>): tre professionisti baresi accomunati dalla \u201cmalattia\u201d del Jazz e da un delizioso senso ironico che hanno scelto di dedicare molto del loro tempo libero alla diffusione di questo genere musicale.<\/li>\n<li><strong>Mercoled\u00ec 1 maggio\u00a0<\/strong>\u2013\u00a0<strong>Torre di Salignano h.21,00<\/strong>: \u00a0 \u00a0 \u00a0 \u00a0 \u00a0 \u00a0 \u00a0 \u00a0 \u00a0 \u00a0 \u00a0 \u00a0 \u00a0 \u00a0 \u00a0 \u00a0 \u00a0 \u00a0 \u00a0 \u00a0 \u00a0 \u00a0 \u00a0 \u00a0 \u00a0 \u00a0 \u00a0 \u00a0 \u00a0 \u00a0 \u00a0 \u00a0 \u00a0 \u00a0 \u00a0 \u00a0 \u00a0 \u00a0 \u00a0 \u00a0 \u00a0 \u00a0 \u00a0 \u00a0 \u00a0 \u00a0 \u00a0 \u00a0 \u00a0 \u00a0 \u00a0 \u00a0 \u00a0 \u00a0 \u00a0 \u00a0 \u00a0 \u00a0 \u00a0 \u00a0 \u00a0 \u00a0presentazione di\u00a0<strong>Nec\u00e9ssaire\u00a0de Voyage<\/strong>, \u00a0primo album\u00a0della\u00a0formazione\u00a0<strong>Kulu s\u00e9 mama<\/strong>\u00a0 prodotto dall&#8217;etichetta\u00a0DODICILUNE\u00a0con il sostegno di Puglia Sounds Record.\u00a0Tutti salentini i protagonisti che si esibiranno sul palco di Salignano:\u00a0<strong>Gabriele Rampino<\/strong>\u00a0(sassofono soprano e tenore),\u00a0<strong>Maurizio Bizzochetti<\/strong>\u00a0(chitarre),\u00a0<strong>Maurizio Ripa<\/strong>\u00a0(pianoforte),\u00a0<strong>Maurizio Manca<\/strong>\u00a0(basso elettrico),\u00a0<strong>Daniele Bonazzi<\/strong>\u00a0(batteria). Kulu s\u00e9 Mama, ab origine legato all&#8217;avanguardia e al panafricanismo post-coltraniano, successivamente muove verso territori non ignari di un certo suono elettrico, protofusion, ma con un linguaggio influenzato dalla modernit\u00e0 \u00a0 \u00a0 \u00a0 \u00a0 \u00a0 \u00a0 \u00a0 \u00a0 \u00a0 \u00a0 \u00a0 \u00a0 \u00a0 \u00a0 \u00a0 \u00a0 \u00a0 \u00a0 \u00a0 \u00a0 \u00a0 \u00a0 \u00a0 \u00a0 \u00a0 \u00a0 \u00a0 \u00a0 \u00a0 \u00a0 \u00a0 \u00a0\u00a0<strong>In caso di maltempo, gli appuntamenti di Salignano si svolgeranno all\u2019interno della Torre<\/strong><\/li>\n<\/ul>\n<p style=\"font-weight: 400;\"><strong>Box: la Torre di\u00a0difesa cinquecentesca di Salignano<\/strong><\/p>\n<p style=\"font-weight: 400;\">Costruita a Salignano (frazione di Castrignano del Capo) intorno al XVI secolo, ha pianta circolare con diametro di 20 metri e altezza di 15, \u00e8 una delle torri meglio conservate del Salento. Costituita da due piani, con una caditoia interna in corrispondenza della porta principale. I due piani sono collegati tra loro da una scaletta ricavata all&#8217;interno della struttura che arriva fin sopra il terrazzo. Al piano terra \u00e8 presente un camino ed una cisterna. In corrispondenza del centro della volta \u00e8 presente un orifizio che era utilizzato per le comunicazioni tra i due piani. Questa torre di seconda linea d\u00e0 perfettamente l&#8217;idea dell&#8217;architettura militare del tempo con le sue imponenti caditoie per la difesa piombante, i beccatelli e le feritoie.<\/p>\n<p>(fonte: comunicato stampa)<\/p>\n","protected":false},"excerpt":{"rendered":"<p>Giornata Internazionale del Jazz in riva al Capo di Leuca grazie alla terza edizione del\u00a0\u00a0Finibus Terrae \u2013 International Jazz Day<\/p>\n","protected":false},"author":1,"featured_media":6628,"comment_status":"open","ping_status":"open","sticky":true,"template":"","format":"standard","meta":[],"categories":[12],"tags":[632,1550,1549,792,235],"yoast_head":"<!-- This site is optimized with the Yoast SEO plugin v18.0 - https:\/\/yoast.com\/wordpress\/plugins\/seo\/ -->\n<title>Finibus Terrae, la\u00a0Giornata Internazionale del Jazz al Capo di Leuca | Arte e Luoghi<\/title>\n<meta name=\"robots\" content=\"index, follow, max-snippet:-1, max-image-preview:large, max-video-preview:-1\" \/>\n<link rel=\"canonical\" href=\"https:\/\/arteeluoghi.it\/index.php\/2019\/04\/26\/finibus-terrae-la-giornata-internazionale-del-jazz-al-capo-di-leuca\/\" \/>\n<meta property=\"og:locale\" content=\"it_IT\" \/>\n<meta property=\"og:type\" content=\"article\" \/>\n<meta property=\"og:title\" content=\"Finibus Terrae, la\u00a0Giornata Internazionale del Jazz al Capo di Leuca | Arte e Luoghi\" \/>\n<meta property=\"og:description\" content=\"Giornata Internazionale del Jazz in riva al Capo di Leuca grazie alla terza edizione del\u00a0\u00a0Finibus Terrae \u2013 International Jazz Day\" \/>\n<meta property=\"og:url\" content=\"https:\/\/arteeluoghi.it\/index.php\/2019\/04\/26\/finibus-terrae-la-giornata-internazionale-del-jazz-al-capo-di-leuca\/\" \/>\n<meta property=\"og:site_name\" content=\"Arte e Luoghi\" \/>\n<meta property=\"article:publisher\" content=\"https:\/\/www.facebook.com\/ArteELuoghi\/\" \/>\n<meta property=\"article:published_time\" content=\"2019-04-26T19:37:34+00:00\" \/>\n<meta property=\"article:modified_time\" content=\"2019-04-27T19:43:50+00:00\" \/>\n<meta property=\"og:image\" content=\"https:\/\/arteeluoghi.it\/wp-content\/uploads\/2019\/04\/lampus.png\" \/>\n\t<meta property=\"og:image:width\" content=\"735\" \/>\n\t<meta property=\"og:image:height\" content=\"587\" \/>\n\t<meta property=\"og:image:type\" content=\"image\/png\" \/>\n<meta name=\"twitter:card\" content=\"summary\" \/>\n<meta name=\"twitter:creator\" content=\"@arteeluoghi\" \/>\n<meta name=\"twitter:site\" content=\"@arteeluoghi\" \/>\n<meta name=\"twitter:label1\" content=\"Scritto da\" \/>\n\t<meta name=\"twitter:data1\" content=\"Staff\" \/>\n\t<meta name=\"twitter:label2\" content=\"Tempo di lettura stimato\" \/>\n\t<meta name=\"twitter:data2\" content=\"6 minuti\" \/>\n<script type=\"application\/ld+json\" class=\"yoast-schema-graph\">{\"@context\":\"https:\/\/schema.org\",\"@graph\":[{\"@type\":\"Organization\",\"@id\":\"https:\/\/arteeluoghi.it\/#organization\",\"name\":\"Arte e Luoghi\",\"url\":\"https:\/\/arteeluoghi.it\/\",\"sameAs\":[\"https:\/\/www.facebook.com\/ArteELuoghi\/\",\"https:\/\/www.instagram.com\/arteeluoghi\/?hl=it\",\"https:\/\/www.youtube.com\/channel\/UCuRVc4JW4-C5sg9rQB-srkw?view_as=subscriber\",\"https:\/\/twitter.com\/arteeluoghi\"],\"logo\":{\"@type\":\"ImageObject\",\"@id\":\"https:\/\/arteeluoghi.it\/#logo\",\"inLanguage\":\"it-IT\",\"url\":\"https:\/\/arteeluoghi.it\/wp-content\/uploads\/2018\/08\/logoinstagramarte.jpg\",\"contentUrl\":\"https:\/\/arteeluoghi.it\/wp-content\/uploads\/2018\/08\/logoinstagramarte.jpg\",\"width\":150,\"height\":150,\"caption\":\"Arte e Luoghi\"},\"image\":{\"@id\":\"https:\/\/arteeluoghi.it\/#logo\"}},{\"@type\":\"WebSite\",\"@id\":\"https:\/\/arteeluoghi.it\/#website\",\"url\":\"https:\/\/arteeluoghi.it\/\",\"name\":\"Arte e Luoghi\",\"description\":\"Mensile di arte, cultura, turismo e curiosit\u00e0\",\"publisher\":{\"@id\":\"https:\/\/arteeluoghi.it\/#organization\"},\"potentialAction\":[{\"@type\":\"SearchAction\",\"target\":{\"@type\":\"EntryPoint\",\"urlTemplate\":\"https:\/\/arteeluoghi.it\/?s={search_term_string}\"},\"query-input\":\"required name=search_term_string\"}],\"inLanguage\":\"it-IT\"},{\"@type\":\"ImageObject\",\"@id\":\"https:\/\/arteeluoghi.it\/index.php\/2019\/04\/26\/finibus-terrae-la-giornata-internazionale-del-jazz-al-capo-di-leuca\/#primaryimage\",\"inLanguage\":\"it-IT\",\"url\":\"https:\/\/arteeluoghi.it\/wp-content\/uploads\/2019\/04\/lampus.png\",\"contentUrl\":\"https:\/\/arteeluoghi.it\/wp-content\/uploads\/2019\/04\/lampus.png\",\"width\":735,\"height\":587},{\"@type\":\"WebPage\",\"@id\":\"https:\/\/arteeluoghi.it\/index.php\/2019\/04\/26\/finibus-terrae-la-giornata-internazionale-del-jazz-al-capo-di-leuca\/#webpage\",\"url\":\"https:\/\/arteeluoghi.it\/index.php\/2019\/04\/26\/finibus-terrae-la-giornata-internazionale-del-jazz-al-capo-di-leuca\/\",\"name\":\"Finibus Terrae, la\u00a0Giornata Internazionale del Jazz al Capo di Leuca | Arte e Luoghi\",\"isPartOf\":{\"@id\":\"https:\/\/arteeluoghi.it\/#website\"},\"primaryImageOfPage\":{\"@id\":\"https:\/\/arteeluoghi.it\/index.php\/2019\/04\/26\/finibus-terrae-la-giornata-internazionale-del-jazz-al-capo-di-leuca\/#primaryimage\"},\"datePublished\":\"2019-04-26T19:37:34+00:00\",\"dateModified\":\"2019-04-27T19:43:50+00:00\",\"breadcrumb\":{\"@id\":\"https:\/\/arteeluoghi.it\/index.php\/2019\/04\/26\/finibus-terrae-la-giornata-internazionale-del-jazz-al-capo-di-leuca\/#breadcrumb\"},\"inLanguage\":\"it-IT\",\"potentialAction\":[{\"@type\":\"ReadAction\",\"target\":[\"https:\/\/arteeluoghi.it\/index.php\/2019\/04\/26\/finibus-terrae-la-giornata-internazionale-del-jazz-al-capo-di-leuca\/\"]}]},{\"@type\":\"BreadcrumbList\",\"@id\":\"https:\/\/arteeluoghi.it\/index.php\/2019\/04\/26\/finibus-terrae-la-giornata-internazionale-del-jazz-al-capo-di-leuca\/#breadcrumb\",\"itemListElement\":[{\"@type\":\"ListItem\",\"position\":1,\"name\":\"Home\",\"item\":\"https:\/\/arteeluoghi.it\/\"},{\"@type\":\"ListItem\",\"position\":2,\"name\":\"Finibus Terrae, la\u00a0Giornata Internazionale del Jazz al Capo di Leuca\"}]},{\"@type\":\"Article\",\"@id\":\"https:\/\/arteeluoghi.it\/index.php\/2019\/04\/26\/finibus-terrae-la-giornata-internazionale-del-jazz-al-capo-di-leuca\/#article\",\"isPartOf\":{\"@id\":\"https:\/\/arteeluoghi.it\/index.php\/2019\/04\/26\/finibus-terrae-la-giornata-internazionale-del-jazz-al-capo-di-leuca\/#webpage\"},\"author\":{\"@id\":\"https:\/\/arteeluoghi.it\/#\/schema\/person\/f84e814e36e91e01448ee07eaadd41d4\"},\"headline\":\"Finibus Terrae, la\u00a0Giornata Internazionale del Jazz al Capo di Leuca\",\"datePublished\":\"2019-04-26T19:37:34+00:00\",\"dateModified\":\"2019-04-27T19:43:50+00:00\",\"mainEntityOfPage\":{\"@id\":\"https:\/\/arteeluoghi.it\/index.php\/2019\/04\/26\/finibus-terrae-la-giornata-internazionale-del-jazz-al-capo-di-leuca\/#webpage\"},\"wordCount\":1191,\"commentCount\":0,\"publisher\":{\"@id\":\"https:\/\/arteeluoghi.it\/#organization\"},\"image\":{\"@id\":\"https:\/\/arteeluoghi.it\/index.php\/2019\/04\/26\/finibus-terrae-la-giornata-internazionale-del-jazz-al-capo-di-leuca\/#primaryimage\"},\"thumbnailUrl\":\"https:\/\/arteeluoghi.it\/wp-content\/uploads\/2019\/04\/lampus.png\",\"keywords\":[\"Festival\",\"Finibus Terrae International Jazz Day Celebration\",\"jazza\",\"Lampus\",\"musica\"],\"articleSection\":[\"MUSICA\"],\"inLanguage\":\"it-IT\",\"potentialAction\":[{\"@type\":\"CommentAction\",\"name\":\"Comment\",\"target\":[\"https:\/\/arteeluoghi.it\/index.php\/2019\/04\/26\/finibus-terrae-la-giornata-internazionale-del-jazz-al-capo-di-leuca\/#respond\"]}]},{\"@type\":\"Person\",\"@id\":\"https:\/\/arteeluoghi.it\/#\/schema\/person\/f84e814e36e91e01448ee07eaadd41d4\",\"name\":\"Staff\",\"image\":{\"@type\":\"ImageObject\",\"@id\":\"https:\/\/arteeluoghi.it\/#personlogo\",\"inLanguage\":\"it-IT\",\"url\":\"https:\/\/secure.gravatar.com\/avatar\/49d2f9e46271bb04e19cebfaf141313a?s=96&d=blank&r=g\",\"contentUrl\":\"https:\/\/secure.gravatar.com\/avatar\/49d2f9e46271bb04e19cebfaf141313a?s=96&d=blank&r=g\",\"caption\":\"Staff\"}}]}<\/script>\n<!-- \/ Yoast SEO plugin. -->","yoast_head_json":{"title":"Finibus Terrae, la\u00a0Giornata Internazionale del Jazz al Capo di Leuca | Arte e Luoghi","robots":{"index":"index","follow":"follow","max-snippet":"max-snippet:-1","max-image-preview":"max-image-preview:large","max-video-preview":"max-video-preview:-1"},"canonical":"https:\/\/arteeluoghi.it\/index.php\/2019\/04\/26\/finibus-terrae-la-giornata-internazionale-del-jazz-al-capo-di-leuca\/","og_locale":"it_IT","og_type":"article","og_title":"Finibus Terrae, la\u00a0Giornata Internazionale del Jazz al Capo di Leuca | Arte e Luoghi","og_description":"Giornata Internazionale del Jazz in riva al Capo di Leuca grazie alla terza edizione del\u00a0\u00a0Finibus Terrae \u2013 International Jazz Day","og_url":"https:\/\/arteeluoghi.it\/index.php\/2019\/04\/26\/finibus-terrae-la-giornata-internazionale-del-jazz-al-capo-di-leuca\/","og_site_name":"Arte e Luoghi","article_publisher":"https:\/\/www.facebook.com\/ArteELuoghi\/","article_published_time":"2019-04-26T19:37:34+00:00","article_modified_time":"2019-04-27T19:43:50+00:00","og_image":[{"width":735,"height":587,"url":"https:\/\/arteeluoghi.it\/wp-content\/uploads\/2019\/04\/lampus.png","type":"image\/png"}],"twitter_card":"summary","twitter_creator":"@arteeluoghi","twitter_site":"@arteeluoghi","twitter_misc":{"Scritto da":"Staff","Tempo di lettura stimato":"6 minuti"},"schema":{"@context":"https:\/\/schema.org","@graph":[{"@type":"Organization","@id":"https:\/\/arteeluoghi.it\/#organization","name":"Arte e Luoghi","url":"https:\/\/arteeluoghi.it\/","sameAs":["https:\/\/www.facebook.com\/ArteELuoghi\/","https:\/\/www.instagram.com\/arteeluoghi\/?hl=it","https:\/\/www.youtube.com\/channel\/UCuRVc4JW4-C5sg9rQB-srkw?view_as=subscriber","https:\/\/twitter.com\/arteeluoghi"],"logo":{"@type":"ImageObject","@id":"https:\/\/arteeluoghi.it\/#logo","inLanguage":"it-IT","url":"https:\/\/arteeluoghi.it\/wp-content\/uploads\/2018\/08\/logoinstagramarte.jpg","contentUrl":"https:\/\/arteeluoghi.it\/wp-content\/uploads\/2018\/08\/logoinstagramarte.jpg","width":150,"height":150,"caption":"Arte e Luoghi"},"image":{"@id":"https:\/\/arteeluoghi.it\/#logo"}},{"@type":"WebSite","@id":"https:\/\/arteeluoghi.it\/#website","url":"https:\/\/arteeluoghi.it\/","name":"Arte e Luoghi","description":"Mensile di arte, cultura, turismo e curiosit\u00e0","publisher":{"@id":"https:\/\/arteeluoghi.it\/#organization"},"potentialAction":[{"@type":"SearchAction","target":{"@type":"EntryPoint","urlTemplate":"https:\/\/arteeluoghi.it\/?s={search_term_string}"},"query-input":"required name=search_term_string"}],"inLanguage":"it-IT"},{"@type":"ImageObject","@id":"https:\/\/arteeluoghi.it\/index.php\/2019\/04\/26\/finibus-terrae-la-giornata-internazionale-del-jazz-al-capo-di-leuca\/#primaryimage","inLanguage":"it-IT","url":"https:\/\/arteeluoghi.it\/wp-content\/uploads\/2019\/04\/lampus.png","contentUrl":"https:\/\/arteeluoghi.it\/wp-content\/uploads\/2019\/04\/lampus.png","width":735,"height":587},{"@type":"WebPage","@id":"https:\/\/arteeluoghi.it\/index.php\/2019\/04\/26\/finibus-terrae-la-giornata-internazionale-del-jazz-al-capo-di-leuca\/#webpage","url":"https:\/\/arteeluoghi.it\/index.php\/2019\/04\/26\/finibus-terrae-la-giornata-internazionale-del-jazz-al-capo-di-leuca\/","name":"Finibus Terrae, la\u00a0Giornata Internazionale del Jazz al Capo di Leuca | Arte e Luoghi","isPartOf":{"@id":"https:\/\/arteeluoghi.it\/#website"},"primaryImageOfPage":{"@id":"https:\/\/arteeluoghi.it\/index.php\/2019\/04\/26\/finibus-terrae-la-giornata-internazionale-del-jazz-al-capo-di-leuca\/#primaryimage"},"datePublished":"2019-04-26T19:37:34+00:00","dateModified":"2019-04-27T19:43:50+00:00","breadcrumb":{"@id":"https:\/\/arteeluoghi.it\/index.php\/2019\/04\/26\/finibus-terrae-la-giornata-internazionale-del-jazz-al-capo-di-leuca\/#breadcrumb"},"inLanguage":"it-IT","potentialAction":[{"@type":"ReadAction","target":["https:\/\/arteeluoghi.it\/index.php\/2019\/04\/26\/finibus-terrae-la-giornata-internazionale-del-jazz-al-capo-di-leuca\/"]}]},{"@type":"BreadcrumbList","@id":"https:\/\/arteeluoghi.it\/index.php\/2019\/04\/26\/finibus-terrae-la-giornata-internazionale-del-jazz-al-capo-di-leuca\/#breadcrumb","itemListElement":[{"@type":"ListItem","position":1,"name":"Home","item":"https:\/\/arteeluoghi.it\/"},{"@type":"ListItem","position":2,"name":"Finibus Terrae, la\u00a0Giornata Internazionale del Jazz al Capo di Leuca"}]},{"@type":"Article","@id":"https:\/\/arteeluoghi.it\/index.php\/2019\/04\/26\/finibus-terrae-la-giornata-internazionale-del-jazz-al-capo-di-leuca\/#article","isPartOf":{"@id":"https:\/\/arteeluoghi.it\/index.php\/2019\/04\/26\/finibus-terrae-la-giornata-internazionale-del-jazz-al-capo-di-leuca\/#webpage"},"author":{"@id":"https:\/\/arteeluoghi.it\/#\/schema\/person\/f84e814e36e91e01448ee07eaadd41d4"},"headline":"Finibus Terrae, la\u00a0Giornata Internazionale del Jazz al Capo di Leuca","datePublished":"2019-04-26T19:37:34+00:00","dateModified":"2019-04-27T19:43:50+00:00","mainEntityOfPage":{"@id":"https:\/\/arteeluoghi.it\/index.php\/2019\/04\/26\/finibus-terrae-la-giornata-internazionale-del-jazz-al-capo-di-leuca\/#webpage"},"wordCount":1191,"commentCount":0,"publisher":{"@id":"https:\/\/arteeluoghi.it\/#organization"},"image":{"@id":"https:\/\/arteeluoghi.it\/index.php\/2019\/04\/26\/finibus-terrae-la-giornata-internazionale-del-jazz-al-capo-di-leuca\/#primaryimage"},"thumbnailUrl":"https:\/\/arteeluoghi.it\/wp-content\/uploads\/2019\/04\/lampus.png","keywords":["Festival","Finibus Terrae International Jazz Day Celebration","jazza","Lampus","musica"],"articleSection":["MUSICA"],"inLanguage":"it-IT","potentialAction":[{"@type":"CommentAction","name":"Comment","target":["https:\/\/arteeluoghi.it\/index.php\/2019\/04\/26\/finibus-terrae-la-giornata-internazionale-del-jazz-al-capo-di-leuca\/#respond"]}]},{"@type":"Person","@id":"https:\/\/arteeluoghi.it\/#\/schema\/person\/f84e814e36e91e01448ee07eaadd41d4","name":"Staff","image":{"@type":"ImageObject","@id":"https:\/\/arteeluoghi.it\/#personlogo","inLanguage":"it-IT","url":"https:\/\/secure.gravatar.com\/avatar\/49d2f9e46271bb04e19cebfaf141313a?s=96&d=blank&r=g","contentUrl":"https:\/\/secure.gravatar.com\/avatar\/49d2f9e46271bb04e19cebfaf141313a?s=96&d=blank&r=g","caption":"Staff"}}]}},"_links":{"self":[{"href":"https:\/\/arteeluoghi.it\/index.php\/wp-json\/wp\/v2\/posts\/6627"}],"collection":[{"href":"https:\/\/arteeluoghi.it\/index.php\/wp-json\/wp\/v2\/posts"}],"about":[{"href":"https:\/\/arteeluoghi.it\/index.php\/wp-json\/wp\/v2\/types\/post"}],"author":[{"embeddable":true,"href":"https:\/\/arteeluoghi.it\/index.php\/wp-json\/wp\/v2\/users\/1"}],"replies":[{"embeddable":true,"href":"https:\/\/arteeluoghi.it\/index.php\/wp-json\/wp\/v2\/comments?post=6627"}],"version-history":[{"count":1,"href":"https:\/\/arteeluoghi.it\/index.php\/wp-json\/wp\/v2\/posts\/6627\/revisions"}],"predecessor-version":[{"id":6630,"href":"https:\/\/arteeluoghi.it\/index.php\/wp-json\/wp\/v2\/posts\/6627\/revisions\/6630"}],"wp:featuredmedia":[{"embeddable":true,"href":"https:\/\/arteeluoghi.it\/index.php\/wp-json\/wp\/v2\/media\/6628"}],"wp:attachment":[{"href":"https:\/\/arteeluoghi.it\/index.php\/wp-json\/wp\/v2\/media?parent=6627"}],"wp:term":[{"taxonomy":"category","embeddable":true,"href":"https:\/\/arteeluoghi.it\/index.php\/wp-json\/wp\/v2\/categories?post=6627"},{"taxonomy":"post_tag","embeddable":true,"href":"https:\/\/arteeluoghi.it\/index.php\/wp-json\/wp\/v2\/tags?post=6627"}],"curies":[{"name":"wp","href":"https:\/\/api.w.org\/{rel}","templated":true}]}}