{"id":663,"date":"2012-04-21T20:56:38","date_gmt":"2012-04-21T18:56:38","guid":{"rendered":"http:\/\/arteeluoghi.it\/index.php\/2012\/04\/21\/festival-del-cinema-europeo-gran-finale\/"},"modified":"2017-08-06T03:04:13","modified_gmt":"2017-08-06T01:04:13","slug":"festival-del-cinema-europeo-gran-finale","status":"publish","type":"post","link":"https:\/\/arteeluoghi.it\/index.php\/2012\/04\/21\/festival-del-cinema-europeo-gran-finale\/","title":{"rendered":"Festival del Cinema Europeo. Pioggia di Premi"},"content":{"rendered":"<p style=\"text-align: right;\">Pioggia di premi al Multisala Massimo per il XIII FESTIVAL DEL CINEMA EUROPEO<\/p>\n<p style=\"text-align: right;\"><strong><span style=\"font-size: small;\">Foti:&#8221; Possibile a Lecce una succursale del Centro Sperimentale di Cinematografia<\/span><\/strong><\/p>\n<p style=\"text-align: right;\"><strong><span style=\"font-size: small;\"><img src=\"\/images\/stories\/oslo august 31stdi joachim trier20112.jpg\" border=\"0\" title=\"  Oslo, August 31 St di Joachim Trier, Ulivo d'oro 2012\" style=\"margin: 21px; float: left;\" \/>L&#8217;Ulivo d&#8217;oro al film norvegese <em><strong>Oslo, August 31 St<\/strong><\/em> di <strong>Joachim Trier<\/strong><\/span><\/strong><\/p>\n<p style=\"text-align: right;\"><span style=\"font-size: small;\"><strong> <\/strong><strong>il Premio Mario Verdone ad Andrea Segre per <\/strong><em><strong>Io sono l\u00ec<\/strong><\/em><\/span><\/p>\n<p>di Antonietta Fulvio<\/p>\n<p>Solo la <em>Cenerentola<\/em> rossiniana, prodotta da Andermann, a giugno in diretta dalla Reggia di Venaria per la Rai e in onda su Rai Uno il prossimo 3 e 4 giugno, poteva tenere <strong>Carlo Verdone<\/strong> lontano da Lecce.<\/p>\n<p>\u201cPurtroppo il lavoro lirico assai complesso che sto provando a Torino mi impone di lavorare con i cantanti anche il sabato e mi impedisce cos\u00ec di tornare a Lecce al Festival del Cinema Europeo che continua a crescere di anno in anno. Sono per\u00f2 degnamente rappresentato dai miei fratelli <strong>Luca<\/strong> e <strong>Silvia<\/strong>\u201d \u2013 ha scritto l\u2019attore e regista romano in una lettera letta dalla stessa <strong>Silvia<\/strong> durante l\u2019incontro di questo pomeriggio con la stampa.<\/p>\n<p>\u201cIl prossimo anno sar\u00f2 di nuovo tra voi con immenso piacere non solo per applaudire questo Festival che acquisisce qualit\u00e0 di anno in anno ma anche per salutare con affetto la citt\u00e0 di Lecce che \u00e8 legata a me e alla mia famiglia in virt\u00f9 di questo Premio\u201d. E<strong> Luca<\/strong> <strong>Verdone <\/strong>ha \u00a0ricordato il legame affettivo che lo lega a Lecce, soggetto di un corto,<em> <\/em><span><em>Il miracolo di Sant&#8217;Oronzo<\/em>,<\/span> girato insieme a a <strong>Franco Citti,<\/strong> quasi si fosse trattato di un segno premonitore che quella citt\u00e0 che tanto lo aveva affascinato per la sua bellezza dovesse poi diventare anche un luogo di memoria con l\u2019istituzione del <strong>Premio<\/strong> <strong>Mario Verdone<\/strong>. La targa, disegnata dall\u2019orafo designer <strong>Gianni De Benedittis,<\/strong> \u00e8 stata assegnata all\u2019opera prima di <strong>Andrea Segre, Io sono l\u00ec<\/strong> (Italia, Francia), con la seguente motivazione: &#8220;Perch\u00e9 valorizza i temi dell&#8217;amore e della comprensione tra individui provenienti da culture diverse e lontane e che propone con delicata sensibilit\u00e0 umana il ritratto di due figure unite nel condividere la solitudine delle loro esistenze&#8221;.<\/p>\n<p>  <!--more-->  <\/p>\n<p>\u00a0<\/p>\n<p><img src=\"\/images\/stories\/andrea segre_iosonoli.jpg\" border=\"0\" title=\"Andrea Segre, Io sono l\u00ec, (Italia, Francia), Premio Mario Verdone 2012\" style=\"float: right; margin: 21px;\" \/>Di ottima qualit\u00e0 anche gli altri due lavori , <strong>Corpo<\/strong> <strong>Celeste<\/strong> di <strong>Alice Rohrwacher<\/strong> e <strong>Sette opere di misericordia<\/strong> di <strong>Gianluca e Massimiliano De Serio,<\/strong> opere notevoli per valore e qualit\u00e0 &#8211;\u00a0 ha rimarcato <strong>Marcello Foti,<\/strong> direttore generale del <strong>Centro Sperimentale di Cinematografia, <\/strong>sottolineando il\u00a0 lavoro analitico svolto per individuare la terna in gara. E prima della proiezione dei saggi degli allievi della Scuola Nazionale di Cinema, lo stesso <strong>Foti<\/strong> ha dichiarato che si sta valutando di concerto con <strong>l\u2019Universit\u00e0 del Salento<\/strong> la possibilit\u00e0 di aprire una succursale a Lecce con una proposta formativa di elevata specializzazione nell\u2019ambito del progetto di regionalizzazione del<strong> CSC<\/strong>. &#8220;Uno dei cardini su cui si fonda questa ipotesi &#8211; ha proseguito Foti &#8211; \u00e8 proprio il <strong>Festival del cinema europeo di Lecce<\/strong> perch\u00e9, pur essendo il CSC presente in tante manifestazioni, qui abbiamo consolidato una collaborazione molto stretta: da anni viene presentata \u00a0al festival un vetrina dei lavori dei nostri allievi, da tre anni anche \u00a0il premio <strong>Mario Verdone<\/strong> che del CSC fu direttore; inoltre questo festival d\u00e0 molta attenzione al giovane cinema. Non sono poi estranei alla scelta della localizzazione l&#8217;elevata vocazione culturale della citt\u00e0 di Lecce, il sostegno allo sviluppo del cinema \u00a0dato da sempre in questa Regione, l&#8217;attivit\u00e0 importante dell&#8217;<strong>Apulia Film Commission<\/strong>, il dato che gli allievi del <strong>CSC<\/strong> che non provengono da Roma arrivano per la maggior parte dalla Puglia. Nelle prossime settimane avremo altri incontri \u00a0anche con Enti Territoriali per poi formalizzare una vera proposta, ma gi\u00e0 da ora l&#8217;<strong>Universit\u00e0 di Lecce <\/strong>ha aderito con molto entusiasmo alla nostra ipotesi di collaborazione&#8221;. Una notizia che prima ancora dell\u2019attribuzione dei premi, conferma, se mai ce ne fosse bisogno, \u00a0la crescita e l\u2019importanza che il <strong>Festival del cinema europeo<\/strong> rappresenta per il territorio.<\/p>\n<p>Con l&#8217;omaggio\u00a0 ai due protagonisti, <strong>Sergio Castellitto<\/strong> ed <strong>Emir Kusturica<\/strong>, anche quest&#8217;edizione del Festival si \u00e8 archiviata con l&#8217;assegnazione dei numerosi premi tra gli applausi scroscianti del pubblico accorso al Multisala Massimo. La giuria internazionale, composta da <strong>Luciana Castellina, Dimitri Eipides, Nerina T. Kocjan\u010di\u010d, Labina Mitevska<\/strong> e <strong>Susanna Nicchiarelli,<\/strong> ha assegnato <strong>l\u2019Ulivo d\u2019oro<\/strong> al film norvegese <strong>Oslo, August 31 St<\/strong> di <strong>Joachim Trier<\/strong> &#8220;per il modo magistrale in cui il regista ha colto, raccontando con semplicit\u00e0 estrema la sua ultima giornata di vita, la lucidit\u00e0, l&#8217;ineluttabilit\u00e0 della scelta cui la disperazione ha indotto il protagonista&#8221;.<\/p>\n<p>&#8220;Per aver portato all&#8217;estremo le potenzialit\u00e0 del mezzo sia negli interni sia per il modo in cui ha trattato le differenze temporali, i flashback&#8221; motiva l\u2019attribuzione del premio\u00a0 per la Migliore Fotografia al film polacco <strong>Fear of falling<\/strong> di <strong>Bartek Konopka.<\/strong><\/p>\n<p><img src=\"\/images\/stories\/vacuum_concorsofce -di giorgio cugno (2011)12.jpg\" border=\"0\" title=\"Vacuum di Giorgio Cugno, 2011 Premio Speciale della Giuria, Premio FIPRESCI, Premio Cineuropa 2012\" width=\"400\" style=\"margin: 21px; float: left;\" \/>Al film spagnolo <strong>Don\u2019t be afraid<\/strong> di <strong>Montxo Armend\u00e1riz<\/strong> \u00e8 stato attribuito il Premio per la Miglior Sceneggiatura &#8220;Per aver trattato un argomento cos\u00ec scabroso senza morbosit\u00e0 sin da far risultare la violenza sessuale familiare come in effetti \u00e8, molto pi\u00f9 generalizzata di quanto<br \/> normalmente si creda&#8221;.<\/p>\n<p> Triplo riconoscimento al film italiano <strong>Vacuum<\/strong> di <strong>Giorgio Cugno<\/strong> che ha incassato il Premio Speciale della Giuria &#8220;Per aver fatto capire, con un linguaggio cinematografico rischioso e innovativo, come la normalit\u00e0 quotidiana possa nascondere l&#8217;angoscia di una depressione femminile, fino alla sospensione della coscienza&#8221; ma anche il Premio FIPRESCI. La giuria composta da <strong>Jon Asp, Bruno Torri e Eva Zaoralov\u00e1<\/strong>, lo ha scelto perch\u00e9: &#8220;Il film, nonostante le limitate disponibilit\u00e0 finanziarie, \u00e8 riuscito in questa sua opera prima, a trattare un tema difficile e delicato quale quello della depressione femminile dopo il parto, evidenziando misura e rigore espressivo, sicurezza narrativa, e valorizzando le alte capacit\u00e0 attoriali di <strong>Simonetta Ainardi<\/strong> nella parte della protagonista &#8221; . Infine &#8220;perch\u00e9 al valore dell&#8217;opera si aggiunge il fatto di essere la sua prima prova di lungometraggio&#8221; \u00e8 la motivazione con la quale \u00e8 stato decretato all\u2019esordiente\u00a0 <strong>Giorgio Cugno<\/strong> anche il Premio Cineuropa.<br \/> Ma non finisce qui. <br \/> Il Premio SNGCI (Sindacato Nazionale Giornalisti Cinematografici) al migliore attrice\/attore europeo \u00e8 stato assegnato a <strong>Olga Simonova<\/strong> per il film <strong>Bedouin<\/strong> (Russia) di <strong>Igor Voloshin<\/strong> \u201cPer l&#8217;intensit\u00e0 di un&#8217;interpretazione che rende ancora pi\u00f9 emozionante la storia di un&#8217;avventura umana\u201d. Il Premio Officine LAB al Miglior attrice\/attore non protagonista \u00e8 stato<br \/> assegnato a <strong>Rub\u00e9n Ochandiano<\/strong> per il film <strong>Don\u2019t be afraid<\/strong> (Spagna) di<br \/> <strong>Montxo Armend\u00e1riz<\/strong>.<\/p>\n<p>Infine per la sezione Puglia Show, consistenti nel Premio Nazionale del Cortometraggio e<br \/> nel Premio Augustus Color, la giuria composta da <strong>Andrea Piersanti, Ingrid Hammond e Lorenzo Procacci Leone<\/strong> li ha attribuiti entrambi a <strong>Il bando<\/strong> di <strong>Gianluca Sportelli<\/strong> (prodotto e interamente finanziato da <strong>Apulia Film Commission<\/strong> per &#8220;Progetto Memoria&#8221;) &#8220;Per lo sguardo rivolto completamente verso la passione per il cinema come<br \/> mestiere. Per la sua ironia, l\u2019originalit\u00e0 con la quale mantiene viva la memoria dei grandi personaggi del passato. Espresso attraverso una extraordinaria e divertente sintonia fra gli attori protagonisti&#8221;.<\/p>\n<p>Menzione \u00a0speciale invece per <strong>Altri giorni<\/strong> di <strong>Giovanna Delvino<\/strong> con la seguente motivazione: \u201cPer come ha espresso un\u2019idea originale e complessa attraverso la semplicit\u00e0 del racconto. Per la freschezza dei ritmi narrativi, e per il giusto equilibrio fra passato e presente attraverso lo sguardo di due generazioni. Nella speranza che questo corto maturer\u00e0 in un lungometraggio\u201d.<\/p><\/p>\n","protected":false},"excerpt":{"rendered":"<p>Pioggia di premi al Multisala Massimo per il XIII FESTIVAL DEL CINEMA EUROPEO Foti:&#8221; Possibile a Lecce una succursale del<\/p>\n","protected":false},"author":1,"featured_media":0,"comment_status":"open","ping_status":"open","sticky":false,"template":"","format":"standard","meta":[],"categories":[29],"tags":[],"yoast_head":"<!-- This site is optimized with the Yoast SEO plugin v18.0 - https:\/\/yoast.com\/wordpress\/plugins\/seo\/ -->\n<title>Festival del Cinema Europeo. Pioggia di Premi | Arte e Luoghi<\/title>\n<meta name=\"robots\" content=\"index, follow, max-snippet:-1, max-image-preview:large, max-video-preview:-1\" \/>\n<link rel=\"canonical\" href=\"https:\/\/arteeluoghi.it\/index.php\/2012\/04\/21\/festival-del-cinema-europeo-gran-finale\/\" \/>\n<meta property=\"og:locale\" content=\"it_IT\" \/>\n<meta property=\"og:type\" content=\"article\" \/>\n<meta property=\"og:title\" content=\"Festival del Cinema Europeo. Pioggia di Premi | Arte e Luoghi\" \/>\n<meta property=\"og:description\" content=\"Pioggia di premi al Multisala Massimo per il XIII FESTIVAL DEL CINEMA EUROPEO Foti:&#8221; Possibile a Lecce una succursale del\" \/>\n<meta property=\"og:url\" content=\"https:\/\/arteeluoghi.it\/index.php\/2012\/04\/21\/festival-del-cinema-europeo-gran-finale\/\" \/>\n<meta property=\"og:site_name\" content=\"Arte e Luoghi\" \/>\n<meta property=\"article:publisher\" content=\"https:\/\/www.facebook.com\/ArteELuoghi\/\" \/>\n<meta property=\"article:published_time\" content=\"2012-04-21T18:56:38+00:00\" \/>\n<meta property=\"article:modified_time\" content=\"2017-08-06T01:04:13+00:00\" \/>\n<meta property=\"og:image\" content=\"https:\/\/arteeluoghi.it\/images\/stories\/oslo%20august%2031stdi%20joachim%20trier20112.jpg\" \/>\n<meta name=\"twitter:card\" content=\"summary\" \/>\n<meta name=\"twitter:creator\" content=\"@arteeluoghi\" \/>\n<meta name=\"twitter:site\" content=\"@arteeluoghi\" \/>\n<meta name=\"twitter:label1\" content=\"Scritto da\" \/>\n\t<meta name=\"twitter:data1\" content=\"Staff\" \/>\n\t<meta name=\"twitter:label2\" content=\"Tempo di lettura stimato\" \/>\n\t<meta name=\"twitter:data2\" content=\"6 minuti\" \/>\n<script type=\"application\/ld+json\" class=\"yoast-schema-graph\">{\"@context\":\"https:\/\/schema.org\",\"@graph\":[{\"@type\":\"Organization\",\"@id\":\"https:\/\/arteeluoghi.it\/#organization\",\"name\":\"Arte e Luoghi\",\"url\":\"https:\/\/arteeluoghi.it\/\",\"sameAs\":[\"https:\/\/www.facebook.com\/ArteELuoghi\/\",\"https:\/\/www.instagram.com\/arteeluoghi\/?hl=it\",\"https:\/\/www.youtube.com\/channel\/UCuRVc4JW4-C5sg9rQB-srkw?view_as=subscriber\",\"https:\/\/twitter.com\/arteeluoghi\"],\"logo\":{\"@type\":\"ImageObject\",\"@id\":\"https:\/\/arteeluoghi.it\/#logo\",\"inLanguage\":\"it-IT\",\"url\":\"https:\/\/arteeluoghi.it\/wp-content\/uploads\/2018\/08\/logoinstagramarte.jpg\",\"contentUrl\":\"https:\/\/arteeluoghi.it\/wp-content\/uploads\/2018\/08\/logoinstagramarte.jpg\",\"width\":150,\"height\":150,\"caption\":\"Arte e Luoghi\"},\"image\":{\"@id\":\"https:\/\/arteeluoghi.it\/#logo\"}},{\"@type\":\"WebSite\",\"@id\":\"https:\/\/arteeluoghi.it\/#website\",\"url\":\"https:\/\/arteeluoghi.it\/\",\"name\":\"Arte e Luoghi\",\"description\":\"Mensile di arte, cultura, turismo e curiosit\u00e0\",\"publisher\":{\"@id\":\"https:\/\/arteeluoghi.it\/#organization\"},\"potentialAction\":[{\"@type\":\"SearchAction\",\"target\":{\"@type\":\"EntryPoint\",\"urlTemplate\":\"https:\/\/arteeluoghi.it\/?s={search_term_string}\"},\"query-input\":\"required name=search_term_string\"}],\"inLanguage\":\"it-IT\"},{\"@type\":\"ImageObject\",\"@id\":\"https:\/\/arteeluoghi.it\/index.php\/2012\/04\/21\/festival-del-cinema-europeo-gran-finale\/#primaryimage\",\"inLanguage\":\"it-IT\",\"url\":\"\/images\/stories\/oslo august 31stdi joachim trier20112.jpg\",\"contentUrl\":\"\/images\/stories\/oslo august 31stdi joachim trier20112.jpg\"},{\"@type\":\"WebPage\",\"@id\":\"https:\/\/arteeluoghi.it\/index.php\/2012\/04\/21\/festival-del-cinema-europeo-gran-finale\/#webpage\",\"url\":\"https:\/\/arteeluoghi.it\/index.php\/2012\/04\/21\/festival-del-cinema-europeo-gran-finale\/\",\"name\":\"Festival del Cinema Europeo. Pioggia di Premi | Arte e Luoghi\",\"isPartOf\":{\"@id\":\"https:\/\/arteeluoghi.it\/#website\"},\"primaryImageOfPage\":{\"@id\":\"https:\/\/arteeluoghi.it\/index.php\/2012\/04\/21\/festival-del-cinema-europeo-gran-finale\/#primaryimage\"},\"datePublished\":\"2012-04-21T18:56:38+00:00\",\"dateModified\":\"2017-08-06T01:04:13+00:00\",\"breadcrumb\":{\"@id\":\"https:\/\/arteeluoghi.it\/index.php\/2012\/04\/21\/festival-del-cinema-europeo-gran-finale\/#breadcrumb\"},\"inLanguage\":\"it-IT\",\"potentialAction\":[{\"@type\":\"ReadAction\",\"target\":[\"https:\/\/arteeluoghi.it\/index.php\/2012\/04\/21\/festival-del-cinema-europeo-gran-finale\/\"]}]},{\"@type\":\"BreadcrumbList\",\"@id\":\"https:\/\/arteeluoghi.it\/index.php\/2012\/04\/21\/festival-del-cinema-europeo-gran-finale\/#breadcrumb\",\"itemListElement\":[{\"@type\":\"ListItem\",\"position\":1,\"name\":\"Home\",\"item\":\"https:\/\/arteeluoghi.it\/\"},{\"@type\":\"ListItem\",\"position\":2,\"name\":\"Festival del Cinema Europeo. Pioggia di Premi\"}]},{\"@type\":\"Article\",\"@id\":\"https:\/\/arteeluoghi.it\/index.php\/2012\/04\/21\/festival-del-cinema-europeo-gran-finale\/#article\",\"isPartOf\":{\"@id\":\"https:\/\/arteeluoghi.it\/index.php\/2012\/04\/21\/festival-del-cinema-europeo-gran-finale\/#webpage\"},\"author\":{\"@id\":\"https:\/\/arteeluoghi.it\/#\/schema\/person\/f84e814e36e91e01448ee07eaadd41d4\"},\"headline\":\"Festival del Cinema Europeo. Pioggia di Premi\",\"datePublished\":\"2012-04-21T18:56:38+00:00\",\"dateModified\":\"2017-08-06T01:04:13+00:00\",\"mainEntityOfPage\":{\"@id\":\"https:\/\/arteeluoghi.it\/index.php\/2012\/04\/21\/festival-del-cinema-europeo-gran-finale\/#webpage\"},\"wordCount\":1179,\"commentCount\":0,\"publisher\":{\"@id\":\"https:\/\/arteeluoghi.it\/#organization\"},\"image\":{\"@id\":\"https:\/\/arteeluoghi.it\/index.php\/2012\/04\/21\/festival-del-cinema-europeo-gran-finale\/#primaryimage\"},\"thumbnailUrl\":\"\/images\/stories\/oslo august 31stdi joachim trier20112.jpg\",\"articleSection\":[\"Cinema\"],\"inLanguage\":\"it-IT\",\"potentialAction\":[{\"@type\":\"CommentAction\",\"name\":\"Comment\",\"target\":[\"https:\/\/arteeluoghi.it\/index.php\/2012\/04\/21\/festival-del-cinema-europeo-gran-finale\/#respond\"]}]},{\"@type\":\"Person\",\"@id\":\"https:\/\/arteeluoghi.it\/#\/schema\/person\/f84e814e36e91e01448ee07eaadd41d4\",\"name\":\"Staff\",\"image\":{\"@type\":\"ImageObject\",\"@id\":\"https:\/\/arteeluoghi.it\/#personlogo\",\"inLanguage\":\"it-IT\",\"url\":\"https:\/\/secure.gravatar.com\/avatar\/49d2f9e46271bb04e19cebfaf141313a?s=96&d=blank&r=g\",\"contentUrl\":\"https:\/\/secure.gravatar.com\/avatar\/49d2f9e46271bb04e19cebfaf141313a?s=96&d=blank&r=g\",\"caption\":\"Staff\"}}]}<\/script>\n<!-- \/ Yoast SEO plugin. -->","yoast_head_json":{"title":"Festival del Cinema Europeo. Pioggia di Premi | Arte e Luoghi","robots":{"index":"index","follow":"follow","max-snippet":"max-snippet:-1","max-image-preview":"max-image-preview:large","max-video-preview":"max-video-preview:-1"},"canonical":"https:\/\/arteeluoghi.it\/index.php\/2012\/04\/21\/festival-del-cinema-europeo-gran-finale\/","og_locale":"it_IT","og_type":"article","og_title":"Festival del Cinema Europeo. Pioggia di Premi | Arte e Luoghi","og_description":"Pioggia di premi al Multisala Massimo per il XIII FESTIVAL DEL CINEMA EUROPEO Foti:&#8221; Possibile a Lecce una succursale del","og_url":"https:\/\/arteeluoghi.it\/index.php\/2012\/04\/21\/festival-del-cinema-europeo-gran-finale\/","og_site_name":"Arte e Luoghi","article_publisher":"https:\/\/www.facebook.com\/ArteELuoghi\/","article_published_time":"2012-04-21T18:56:38+00:00","article_modified_time":"2017-08-06T01:04:13+00:00","og_image":[{"url":"https:\/\/arteeluoghi.it\/images\/stories\/oslo august 31stdi joachim trier20112.jpg"}],"twitter_card":"summary","twitter_creator":"@arteeluoghi","twitter_site":"@arteeluoghi","twitter_misc":{"Scritto da":"Staff","Tempo di lettura stimato":"6 minuti"},"schema":{"@context":"https:\/\/schema.org","@graph":[{"@type":"Organization","@id":"https:\/\/arteeluoghi.it\/#organization","name":"Arte e Luoghi","url":"https:\/\/arteeluoghi.it\/","sameAs":["https:\/\/www.facebook.com\/ArteELuoghi\/","https:\/\/www.instagram.com\/arteeluoghi\/?hl=it","https:\/\/www.youtube.com\/channel\/UCuRVc4JW4-C5sg9rQB-srkw?view_as=subscriber","https:\/\/twitter.com\/arteeluoghi"],"logo":{"@type":"ImageObject","@id":"https:\/\/arteeluoghi.it\/#logo","inLanguage":"it-IT","url":"https:\/\/arteeluoghi.it\/wp-content\/uploads\/2018\/08\/logoinstagramarte.jpg","contentUrl":"https:\/\/arteeluoghi.it\/wp-content\/uploads\/2018\/08\/logoinstagramarte.jpg","width":150,"height":150,"caption":"Arte e Luoghi"},"image":{"@id":"https:\/\/arteeluoghi.it\/#logo"}},{"@type":"WebSite","@id":"https:\/\/arteeluoghi.it\/#website","url":"https:\/\/arteeluoghi.it\/","name":"Arte e Luoghi","description":"Mensile di arte, cultura, turismo e curiosit\u00e0","publisher":{"@id":"https:\/\/arteeluoghi.it\/#organization"},"potentialAction":[{"@type":"SearchAction","target":{"@type":"EntryPoint","urlTemplate":"https:\/\/arteeluoghi.it\/?s={search_term_string}"},"query-input":"required name=search_term_string"}],"inLanguage":"it-IT"},{"@type":"ImageObject","@id":"https:\/\/arteeluoghi.it\/index.php\/2012\/04\/21\/festival-del-cinema-europeo-gran-finale\/#primaryimage","inLanguage":"it-IT","url":"\/images\/stories\/oslo august 31stdi joachim trier20112.jpg","contentUrl":"\/images\/stories\/oslo august 31stdi joachim trier20112.jpg"},{"@type":"WebPage","@id":"https:\/\/arteeluoghi.it\/index.php\/2012\/04\/21\/festival-del-cinema-europeo-gran-finale\/#webpage","url":"https:\/\/arteeluoghi.it\/index.php\/2012\/04\/21\/festival-del-cinema-europeo-gran-finale\/","name":"Festival del Cinema Europeo. Pioggia di Premi | Arte e Luoghi","isPartOf":{"@id":"https:\/\/arteeluoghi.it\/#website"},"primaryImageOfPage":{"@id":"https:\/\/arteeluoghi.it\/index.php\/2012\/04\/21\/festival-del-cinema-europeo-gran-finale\/#primaryimage"},"datePublished":"2012-04-21T18:56:38+00:00","dateModified":"2017-08-06T01:04:13+00:00","breadcrumb":{"@id":"https:\/\/arteeluoghi.it\/index.php\/2012\/04\/21\/festival-del-cinema-europeo-gran-finale\/#breadcrumb"},"inLanguage":"it-IT","potentialAction":[{"@type":"ReadAction","target":["https:\/\/arteeluoghi.it\/index.php\/2012\/04\/21\/festival-del-cinema-europeo-gran-finale\/"]}]},{"@type":"BreadcrumbList","@id":"https:\/\/arteeluoghi.it\/index.php\/2012\/04\/21\/festival-del-cinema-europeo-gran-finale\/#breadcrumb","itemListElement":[{"@type":"ListItem","position":1,"name":"Home","item":"https:\/\/arteeluoghi.it\/"},{"@type":"ListItem","position":2,"name":"Festival del Cinema Europeo. Pioggia di Premi"}]},{"@type":"Article","@id":"https:\/\/arteeluoghi.it\/index.php\/2012\/04\/21\/festival-del-cinema-europeo-gran-finale\/#article","isPartOf":{"@id":"https:\/\/arteeluoghi.it\/index.php\/2012\/04\/21\/festival-del-cinema-europeo-gran-finale\/#webpage"},"author":{"@id":"https:\/\/arteeluoghi.it\/#\/schema\/person\/f84e814e36e91e01448ee07eaadd41d4"},"headline":"Festival del Cinema Europeo. Pioggia di Premi","datePublished":"2012-04-21T18:56:38+00:00","dateModified":"2017-08-06T01:04:13+00:00","mainEntityOfPage":{"@id":"https:\/\/arteeluoghi.it\/index.php\/2012\/04\/21\/festival-del-cinema-europeo-gran-finale\/#webpage"},"wordCount":1179,"commentCount":0,"publisher":{"@id":"https:\/\/arteeluoghi.it\/#organization"},"image":{"@id":"https:\/\/arteeluoghi.it\/index.php\/2012\/04\/21\/festival-del-cinema-europeo-gran-finale\/#primaryimage"},"thumbnailUrl":"\/images\/stories\/oslo august 31stdi joachim trier20112.jpg","articleSection":["Cinema"],"inLanguage":"it-IT","potentialAction":[{"@type":"CommentAction","name":"Comment","target":["https:\/\/arteeluoghi.it\/index.php\/2012\/04\/21\/festival-del-cinema-europeo-gran-finale\/#respond"]}]},{"@type":"Person","@id":"https:\/\/arteeluoghi.it\/#\/schema\/person\/f84e814e36e91e01448ee07eaadd41d4","name":"Staff","image":{"@type":"ImageObject","@id":"https:\/\/arteeluoghi.it\/#personlogo","inLanguage":"it-IT","url":"https:\/\/secure.gravatar.com\/avatar\/49d2f9e46271bb04e19cebfaf141313a?s=96&d=blank&r=g","contentUrl":"https:\/\/secure.gravatar.com\/avatar\/49d2f9e46271bb04e19cebfaf141313a?s=96&d=blank&r=g","caption":"Staff"}}]}},"_links":{"self":[{"href":"https:\/\/arteeluoghi.it\/index.php\/wp-json\/wp\/v2\/posts\/663"}],"collection":[{"href":"https:\/\/arteeluoghi.it\/index.php\/wp-json\/wp\/v2\/posts"}],"about":[{"href":"https:\/\/arteeluoghi.it\/index.php\/wp-json\/wp\/v2\/types\/post"}],"author":[{"embeddable":true,"href":"https:\/\/arteeluoghi.it\/index.php\/wp-json\/wp\/v2\/users\/1"}],"replies":[{"embeddable":true,"href":"https:\/\/arteeluoghi.it\/index.php\/wp-json\/wp\/v2\/comments?post=663"}],"version-history":[{"count":1,"href":"https:\/\/arteeluoghi.it\/index.php\/wp-json\/wp\/v2\/posts\/663\/revisions"}],"predecessor-version":[{"id":2850,"href":"https:\/\/arteeluoghi.it\/index.php\/wp-json\/wp\/v2\/posts\/663\/revisions\/2850"}],"wp:attachment":[{"href":"https:\/\/arteeluoghi.it\/index.php\/wp-json\/wp\/v2\/media?parent=663"}],"wp:term":[{"taxonomy":"category","embeddable":true,"href":"https:\/\/arteeluoghi.it\/index.php\/wp-json\/wp\/v2\/categories?post=663"},{"taxonomy":"post_tag","embeddable":true,"href":"https:\/\/arteeluoghi.it\/index.php\/wp-json\/wp\/v2\/tags?post=663"}],"curies":[{"name":"wp","href":"https:\/\/api.w.org\/{rel}","templated":true}]}}