{"id":6647,"date":"2019-04-26T23:01:10","date_gmt":"2019-04-26T21:01:10","guid":{"rendered":"https:\/\/arteeluoghi.it\/?p=6647"},"modified":"2019-04-27T23:10:39","modified_gmt":"2019-04-27T21:10:39","slug":"incontri-e-appropriazioni-in-mostra-a-sassoferrato-in-un-originale-progetto-sei-coppie-di-artisti","status":"publish","type":"post","link":"https:\/\/arteeluoghi.it\/index.php\/2019\/04\/26\/incontri-e-appropriazioni-in-mostra-a-sassoferrato-in-un-originale-progetto-sei-coppie-di-artisti\/","title":{"rendered":"Incontri e appropriazioni. In mostra a Sassoferrato in un originale progetto sei coppie di artisti"},"content":{"rendered":"<blockquote><p><img loading=\"lazy\" class=\"alignnone size-medium wp-image-6648 alignleft\" src=\"https:\/\/arteeluoghi.it\/wp-content\/uploads\/2019\/04\/incontri-e-appropriazioni-300x220.jpg\" alt=\"\" width=\"300\" height=\"220\" srcset=\"https:\/\/arteeluoghi.it\/wp-content\/uploads\/2019\/04\/incontri-e-appropriazioni-300x220.jpg 300w, https:\/\/arteeluoghi.it\/wp-content\/uploads\/2019\/04\/incontri-e-appropriazioni-768x563.jpg 768w, https:\/\/arteeluoghi.it\/wp-content\/uploads\/2019\/04\/incontri-e-appropriazioni.jpg 945w\" sizes=\"(max-width: 300px) 100vw, 300px\" \/>Sei coppie di artisti espongono opere sorprendenti, generate da un progetto curatoriale che mette al centro l\u2019incontro di poetiche e modalit\u00e0 espressive nell\u2019osservanza di un processo realizzativo predefinito.<\/p><\/blockquote>\n<p>di Giuseppe Salerno<\/p>\n<p>SASSOFERRATO.\u00a0 Quando nel settembre 2009 presentai per la prima volta \u201cSopraffactions\u201d, si avvi\u00f2 un percorso incentrato sulla relazione tra artisti che negli anni ne vide coinvolti molti in varie regioni italiane.<\/p>\n<p>Fu la galleria Monty &amp; Company di Roma ad ospitare per prima le opere di Luigi Ballarin, Gerardo Di Salvatore e Lughia che realizzarono ciascuno quattro tele nel formato 100&#215;100, se le scambiarono e intervennero liberamente su di esse sino a renderle opere proprie.<!--more--><\/p>\n<p>Non lavori a quattro mani ma elaborati attinenti esclusivamente all\u2019artista che, secondo, perpetr\u00f2 su di essi vere e proprie sopraffazioni.<\/p>\n<p>Il progetto rendeva con l\u2019arte una metafora del quotidiano dove nulla si crea, tutto si trasforma e dove ogni intervento umano \u00e8 un agire sul preesistente. Cos\u00ec persino la sacralit\u00e0 di un\u2019arte intoccabile, cui da sempre l\u2019uomo ha affidato la propria aspirazione all\u2019immortalit\u00e0, fu violata da artisti che cedettero ad altri artisti le proprie opere con la coscienza che non sarebbero state pi\u00f9 proprie e non sarebbero state pi\u00f9 le stesse.<\/p>\n<p>Un agire con sofferenza, ma terapeutico, per i diciotto artisti che intervennero sull\u2019opera altrui mentre accondiscendevano a che altri intervenissero sulla propria. Un processo che nel superamento di antichi luoghi comuni volle essere un contributo alla crescita di una coscienza diversa.<\/p>\n<p>Altre \u201cSopraffactions\u201d seguirono a Fabriano, Cosenza, Salerno, Viterbo e Matera dove il progetto giunse a conclusione nel 2012 con l\u2019esposizione di 72 opere di 18 artisti.<\/p>\n<p>L\u2019esperienza di quegli anni ebbe un seguito nel giugno 2017 con \u201cDissolvenze Incrociate\u201d, avventura che prende le mosse da Villa Graziani di San Giustino per essere riproposta nel Complesso San Benedetto di Fabriano e poi a Palazzo di Primavera a Terni.<\/p>\n<p>Ventuno sono gli artisti invitati ai quali viene chiesto di scegliere un proprio partner.<\/p>\n<p>Mutuando dal cinema il meccanismo che vuole un\u2019immagine dissolversi lentamente mentre una nuova ne compare, alle ventuno coppie di artisti \u00e8 stato chiesto di produrre un tale effetto attraverso la realizzazione di quattro tele la cui sequenza potesse rendere il passaggio dalla poetica e dalle modalit\u00e0 di un artista a quelle dell\u2019altro.<\/p>\n<p>Ancora una volta un incontro tra mondi diversi che nelle due tavole centrali trovano un momento di sovrapposizione e di fusione.<\/p>\n<p>Con regole e processi prefissati in quarantadue hanno accettato di uscire dall\u2019isolamento e di muoversi all\u2019interno di costrizioni nel mentre che si faceva strada e cresceva il piacere dell\u2019interazione e del confronto.<\/p>\n<p>Quello praticato \u00e8 un percorso che, incentrato sulla relazione tra artisti, avvicina sempre pi\u00f9 l\u2019arte alla vita. Se \u00e8 vero che gli artisti hanno fatto della propria individualit\u00e0 una bandiera, \u00e8 altrettanto vero che, con maggiori o minori fortune, hanno spesso cercato nel rapporto privato a due confronto e arricchimento.\u00a0 In questa nostra esperienza d\u2019arte, cos\u00ec come nella vita, le coppie talvolta si consolidano, tal altra hanno durata breve ed ogni sorta di compatibilit\u00e0 \u00e8 possibile, tanto tra simili che tra opposti.<\/p>\n<p>\u201cIncontri e appropriazioni\u201d \u00e8 il progetto nel quale sono oggi impegnate sei coppie che, nel dare seguito a Dissolvenze Incrociate, recuperano le concettualit\u00e0 e l\u2019esperienza di Sopraffactions offrendoci risultati complessi, talvolta di non immediata lettura, che sono la migliore rappresentazione della relazione di coppia in tutta la sua articolazione.<\/p>\n<p>Alla dissolvenza originaria ciascuna coppia ne affianca una seconda e d\u00e0 inoltre vita a dieci opere (cinque per ciascun artista), divenute poi oggetto di scambio e di successivi interventi sopraffattivi.<\/p>\n<p>Consolidata la relazione ed affinate le sintonie ciascuna coppia di artisti ha interagito al proprio interno in modo progettuale affrontando, non senza talvolta trasgredire (come \u00e8 proprio dell\u2019arte) le regole assegnate, una tematica condivisa con un fare rivelatosi intriso di complicit\u00e0 e fortemente rispettoso delle libert\u00e0 individuali.<\/p>\n<p>Una preziosa, esaltante dimostrazione di civile convivenza all\u2019insegna della libert\u00e0 di pensiero e di espressione.<\/p>\n<p>&nbsp;<\/p>\n<p><strong>\u00a0incontri e appropriazioni<\/strong><\/p>\n<p>Sassoferrato, Ex Palazzo della Pretura<\/p>\n<p>Via Giuseppe Garibaldi 18<\/p>\n<p>Periodo: 27 aprile \u2013 2 giugno 2019<\/p>\n<p>Orario: sabato, domenica e festivi 15.30 \u2013 18.30<\/p>\n<p>Artisti:\u00a0 Rossella Baldecchi \/ Domenico Asmone, Toni Bellucci \/ Omero Angerame, Massimo Bardelli \/ Bruno Cristallini, Angelisa Bertoloni \/ Lauretta Barcaroli, Arnhild Kart \/ Rita Albertini, Lughia \/ Caterina Prato<\/p>\n<p>Curatore: Giuseppe Salerno<\/p>\n<p>Patrocini: Comune di Sassoferrato<\/p>\n<p>Testi in catalogo: Guido Buffoni, Giuseppe Salerno<\/p>\n<p>Inaugurazione:\u00a0\u00a0\u00a0\u00a0\u00a0\u00a0\u00a0\u00a0\u00a0\u00a0\u00a0\u00a0\u00a0\u00a0\u00a0 sabato 27 aprile ore 17.30<\/p>\n","protected":false},"excerpt":{"rendered":"<p>Sei coppie di artisti espongono opere sorprendenti, generate da un progetto curatoriale che mette al centro l\u2019incontro di poetiche e<\/p>\n","protected":false},"author":1,"featured_media":6648,"comment_status":"open","ping_status":"open","sticky":true,"template":"","format":"standard","meta":[],"categories":[27,3],"tags":[1563,1564,603,1565,1562,1560,1362,1561],"yoast_head":"<!-- This site is optimized with the Yoast SEO plugin v18.0 - https:\/\/yoast.com\/wordpress\/plugins\/seo\/ -->\n<title>Incontri e appropriazioni. In mostra a Sassoferrato in un originale progetto sei coppie di artisti | Arte e Luoghi<\/title>\n<meta name=\"robots\" content=\"index, follow, max-snippet:-1, max-image-preview:large, max-video-preview:-1\" \/>\n<link rel=\"canonical\" href=\"https:\/\/arteeluoghi.it\/index.php\/2019\/04\/26\/incontri-e-appropriazioni-in-mostra-a-sassoferrato-in-un-originale-progetto-sei-coppie-di-artisti\/\" \/>\n<meta property=\"og:locale\" content=\"it_IT\" \/>\n<meta property=\"og:type\" content=\"article\" \/>\n<meta property=\"og:title\" content=\"Incontri e appropriazioni. In mostra a Sassoferrato in un originale progetto sei coppie di artisti | Arte e Luoghi\" \/>\n<meta property=\"og:description\" content=\"Sei coppie di artisti espongono opere sorprendenti, generate da un progetto curatoriale che mette al centro l\u2019incontro di poetiche e\" \/>\n<meta property=\"og:url\" content=\"https:\/\/arteeluoghi.it\/index.php\/2019\/04\/26\/incontri-e-appropriazioni-in-mostra-a-sassoferrato-in-un-originale-progetto-sei-coppie-di-artisti\/\" \/>\n<meta property=\"og:site_name\" content=\"Arte e Luoghi\" \/>\n<meta property=\"article:publisher\" content=\"https:\/\/www.facebook.com\/ArteELuoghi\/\" \/>\n<meta property=\"article:published_time\" content=\"2019-04-26T21:01:10+00:00\" \/>\n<meta property=\"article:modified_time\" content=\"2019-04-27T21:10:39+00:00\" \/>\n<meta property=\"og:image\" content=\"https:\/\/arteeluoghi.it\/wp-content\/uploads\/2019\/04\/incontri-e-appropriazioni.jpg\" \/>\n\t<meta property=\"og:image:width\" content=\"945\" \/>\n\t<meta property=\"og:image:height\" content=\"693\" \/>\n\t<meta property=\"og:image:type\" content=\"image\/jpeg\" \/>\n<meta name=\"twitter:card\" content=\"summary\" \/>\n<meta name=\"twitter:creator\" content=\"@arteeluoghi\" \/>\n<meta name=\"twitter:site\" content=\"@arteeluoghi\" \/>\n<meta name=\"twitter:label1\" content=\"Scritto da\" \/>\n\t<meta name=\"twitter:data1\" content=\"Staff\" \/>\n\t<meta name=\"twitter:label2\" content=\"Tempo di lettura stimato\" \/>\n\t<meta name=\"twitter:data2\" content=\"4 minuti\" \/>\n<script type=\"application\/ld+json\" class=\"yoast-schema-graph\">{\"@context\":\"https:\/\/schema.org\",\"@graph\":[{\"@type\":\"Organization\",\"@id\":\"https:\/\/arteeluoghi.it\/#organization\",\"name\":\"Arte e Luoghi\",\"url\":\"https:\/\/arteeluoghi.it\/\",\"sameAs\":[\"https:\/\/www.facebook.com\/ArteELuoghi\/\",\"https:\/\/www.instagram.com\/arteeluoghi\/?hl=it\",\"https:\/\/www.youtube.com\/channel\/UCuRVc4JW4-C5sg9rQB-srkw?view_as=subscriber\",\"https:\/\/twitter.com\/arteeluoghi\"],\"logo\":{\"@type\":\"ImageObject\",\"@id\":\"https:\/\/arteeluoghi.it\/#logo\",\"inLanguage\":\"it-IT\",\"url\":\"https:\/\/arteeluoghi.it\/wp-content\/uploads\/2018\/08\/logoinstagramarte.jpg\",\"contentUrl\":\"https:\/\/arteeluoghi.it\/wp-content\/uploads\/2018\/08\/logoinstagramarte.jpg\",\"width\":150,\"height\":150,\"caption\":\"Arte e Luoghi\"},\"image\":{\"@id\":\"https:\/\/arteeluoghi.it\/#logo\"}},{\"@type\":\"WebSite\",\"@id\":\"https:\/\/arteeluoghi.it\/#website\",\"url\":\"https:\/\/arteeluoghi.it\/\",\"name\":\"Arte e Luoghi\",\"description\":\"Mensile di arte, cultura, turismo e curiosit\u00e0\",\"publisher\":{\"@id\":\"https:\/\/arteeluoghi.it\/#organization\"},\"potentialAction\":[{\"@type\":\"SearchAction\",\"target\":{\"@type\":\"EntryPoint\",\"urlTemplate\":\"https:\/\/arteeluoghi.it\/?s={search_term_string}\"},\"query-input\":\"required name=search_term_string\"}],\"inLanguage\":\"it-IT\"},{\"@type\":\"ImageObject\",\"@id\":\"https:\/\/arteeluoghi.it\/index.php\/2019\/04\/26\/incontri-e-appropriazioni-in-mostra-a-sassoferrato-in-un-originale-progetto-sei-coppie-di-artisti\/#primaryimage\",\"inLanguage\":\"it-IT\",\"url\":\"https:\/\/arteeluoghi.it\/wp-content\/uploads\/2019\/04\/incontri-e-appropriazioni.jpg\",\"contentUrl\":\"https:\/\/arteeluoghi.it\/wp-content\/uploads\/2019\/04\/incontri-e-appropriazioni.jpg\",\"width\":945,\"height\":693},{\"@type\":\"WebPage\",\"@id\":\"https:\/\/arteeluoghi.it\/index.php\/2019\/04\/26\/incontri-e-appropriazioni-in-mostra-a-sassoferrato-in-un-originale-progetto-sei-coppie-di-artisti\/#webpage\",\"url\":\"https:\/\/arteeluoghi.it\/index.php\/2019\/04\/26\/incontri-e-appropriazioni-in-mostra-a-sassoferrato-in-un-originale-progetto-sei-coppie-di-artisti\/\",\"name\":\"Incontri e appropriazioni. In mostra a Sassoferrato in un originale progetto sei coppie di artisti | Arte e Luoghi\",\"isPartOf\":{\"@id\":\"https:\/\/arteeluoghi.it\/#website\"},\"primaryImageOfPage\":{\"@id\":\"https:\/\/arteeluoghi.it\/index.php\/2019\/04\/26\/incontri-e-appropriazioni-in-mostra-a-sassoferrato-in-un-originale-progetto-sei-coppie-di-artisti\/#primaryimage\"},\"datePublished\":\"2019-04-26T21:01:10+00:00\",\"dateModified\":\"2019-04-27T21:10:39+00:00\",\"breadcrumb\":{\"@id\":\"https:\/\/arteeluoghi.it\/index.php\/2019\/04\/26\/incontri-e-appropriazioni-in-mostra-a-sassoferrato-in-un-originale-progetto-sei-coppie-di-artisti\/#breadcrumb\"},\"inLanguage\":\"it-IT\",\"potentialAction\":[{\"@type\":\"ReadAction\",\"target\":[\"https:\/\/arteeluoghi.it\/index.php\/2019\/04\/26\/incontri-e-appropriazioni-in-mostra-a-sassoferrato-in-un-originale-progetto-sei-coppie-di-artisti\/\"]}]},{\"@type\":\"BreadcrumbList\",\"@id\":\"https:\/\/arteeluoghi.it\/index.php\/2019\/04\/26\/incontri-e-appropriazioni-in-mostra-a-sassoferrato-in-un-originale-progetto-sei-coppie-di-artisti\/#breadcrumb\",\"itemListElement\":[{\"@type\":\"ListItem\",\"position\":1,\"name\":\"Home\",\"item\":\"https:\/\/arteeluoghi.it\/\"},{\"@type\":\"ListItem\",\"position\":2,\"name\":\"Incontri e appropriazioni. In mostra a Sassoferrato in un originale progetto sei coppie di artisti\"}]},{\"@type\":\"Article\",\"@id\":\"https:\/\/arteeluoghi.it\/index.php\/2019\/04\/26\/incontri-e-appropriazioni-in-mostra-a-sassoferrato-in-un-originale-progetto-sei-coppie-di-artisti\/#article\",\"isPartOf\":{\"@id\":\"https:\/\/arteeluoghi.it\/index.php\/2019\/04\/26\/incontri-e-appropriazioni-in-mostra-a-sassoferrato-in-un-originale-progetto-sei-coppie-di-artisti\/#webpage\"},\"author\":{\"@id\":\"https:\/\/arteeluoghi.it\/#\/schema\/person\/f84e814e36e91e01448ee07eaadd41d4\"},\"headline\":\"Incontri e appropriazioni. In mostra a Sassoferrato in un originale progetto sei coppie di artisti\",\"datePublished\":\"2019-04-26T21:01:10+00:00\",\"dateModified\":\"2019-04-27T21:10:39+00:00\",\"mainEntityOfPage\":{\"@id\":\"https:\/\/arteeluoghi.it\/index.php\/2019\/04\/26\/incontri-e-appropriazioni-in-mostra-a-sassoferrato-in-un-originale-progetto-sei-coppie-di-artisti\/#webpage\"},\"wordCount\":731,\"commentCount\":0,\"publisher\":{\"@id\":\"https:\/\/arteeluoghi.it\/#organization\"},\"image\":{\"@id\":\"https:\/\/arteeluoghi.it\/index.php\/2019\/04\/26\/incontri-e-appropriazioni-in-mostra-a-sassoferrato-in-un-originale-progetto-sei-coppie-di-artisti\/#primaryimage\"},\"thumbnailUrl\":\"https:\/\/arteeluoghi.it\/wp-content\/uploads\/2019\/04\/incontri-e-appropriazioni.jpg\",\"keywords\":[\"Angelisa Bertoloni \/ Lauretta Barcaroli\",\"Arnhild Kart \/ Rita Albertini\",\"Giuseppe Salerno\",\"Lughia \/ Caterina Prato\",\"Massimo Bardelli \/ Bruno Cristallini\",\"Rossella Baldecchi \/ Domenico Asmone\",\"Sassoferrato\",\"Toni Bellucci \/ Omero Angerame\"],\"articleSection\":[\"Arte\",\"Arti visive\"],\"inLanguage\":\"it-IT\",\"potentialAction\":[{\"@type\":\"CommentAction\",\"name\":\"Comment\",\"target\":[\"https:\/\/arteeluoghi.it\/index.php\/2019\/04\/26\/incontri-e-appropriazioni-in-mostra-a-sassoferrato-in-un-originale-progetto-sei-coppie-di-artisti\/#respond\"]}]},{\"@type\":\"Person\",\"@id\":\"https:\/\/arteeluoghi.it\/#\/schema\/person\/f84e814e36e91e01448ee07eaadd41d4\",\"name\":\"Staff\",\"image\":{\"@type\":\"ImageObject\",\"@id\":\"https:\/\/arteeluoghi.it\/#personlogo\",\"inLanguage\":\"it-IT\",\"url\":\"https:\/\/secure.gravatar.com\/avatar\/49d2f9e46271bb04e19cebfaf141313a?s=96&d=blank&r=g\",\"contentUrl\":\"https:\/\/secure.gravatar.com\/avatar\/49d2f9e46271bb04e19cebfaf141313a?s=96&d=blank&r=g\",\"caption\":\"Staff\"}}]}<\/script>\n<!-- \/ Yoast SEO plugin. -->","yoast_head_json":{"title":"Incontri e appropriazioni. In mostra a Sassoferrato in un originale progetto sei coppie di artisti | Arte e Luoghi","robots":{"index":"index","follow":"follow","max-snippet":"max-snippet:-1","max-image-preview":"max-image-preview:large","max-video-preview":"max-video-preview:-1"},"canonical":"https:\/\/arteeluoghi.it\/index.php\/2019\/04\/26\/incontri-e-appropriazioni-in-mostra-a-sassoferrato-in-un-originale-progetto-sei-coppie-di-artisti\/","og_locale":"it_IT","og_type":"article","og_title":"Incontri e appropriazioni. In mostra a Sassoferrato in un originale progetto sei coppie di artisti | Arte e Luoghi","og_description":"Sei coppie di artisti espongono opere sorprendenti, generate da un progetto curatoriale che mette al centro l\u2019incontro di poetiche e","og_url":"https:\/\/arteeluoghi.it\/index.php\/2019\/04\/26\/incontri-e-appropriazioni-in-mostra-a-sassoferrato-in-un-originale-progetto-sei-coppie-di-artisti\/","og_site_name":"Arte e Luoghi","article_publisher":"https:\/\/www.facebook.com\/ArteELuoghi\/","article_published_time":"2019-04-26T21:01:10+00:00","article_modified_time":"2019-04-27T21:10:39+00:00","og_image":[{"width":945,"height":693,"url":"https:\/\/arteeluoghi.it\/wp-content\/uploads\/2019\/04\/incontri-e-appropriazioni.jpg","type":"image\/jpeg"}],"twitter_card":"summary","twitter_creator":"@arteeluoghi","twitter_site":"@arteeluoghi","twitter_misc":{"Scritto da":"Staff","Tempo di lettura stimato":"4 minuti"},"schema":{"@context":"https:\/\/schema.org","@graph":[{"@type":"Organization","@id":"https:\/\/arteeluoghi.it\/#organization","name":"Arte e Luoghi","url":"https:\/\/arteeluoghi.it\/","sameAs":["https:\/\/www.facebook.com\/ArteELuoghi\/","https:\/\/www.instagram.com\/arteeluoghi\/?hl=it","https:\/\/www.youtube.com\/channel\/UCuRVc4JW4-C5sg9rQB-srkw?view_as=subscriber","https:\/\/twitter.com\/arteeluoghi"],"logo":{"@type":"ImageObject","@id":"https:\/\/arteeluoghi.it\/#logo","inLanguage":"it-IT","url":"https:\/\/arteeluoghi.it\/wp-content\/uploads\/2018\/08\/logoinstagramarte.jpg","contentUrl":"https:\/\/arteeluoghi.it\/wp-content\/uploads\/2018\/08\/logoinstagramarte.jpg","width":150,"height":150,"caption":"Arte e Luoghi"},"image":{"@id":"https:\/\/arteeluoghi.it\/#logo"}},{"@type":"WebSite","@id":"https:\/\/arteeluoghi.it\/#website","url":"https:\/\/arteeluoghi.it\/","name":"Arte e Luoghi","description":"Mensile di arte, cultura, turismo e curiosit\u00e0","publisher":{"@id":"https:\/\/arteeluoghi.it\/#organization"},"potentialAction":[{"@type":"SearchAction","target":{"@type":"EntryPoint","urlTemplate":"https:\/\/arteeluoghi.it\/?s={search_term_string}"},"query-input":"required name=search_term_string"}],"inLanguage":"it-IT"},{"@type":"ImageObject","@id":"https:\/\/arteeluoghi.it\/index.php\/2019\/04\/26\/incontri-e-appropriazioni-in-mostra-a-sassoferrato-in-un-originale-progetto-sei-coppie-di-artisti\/#primaryimage","inLanguage":"it-IT","url":"https:\/\/arteeluoghi.it\/wp-content\/uploads\/2019\/04\/incontri-e-appropriazioni.jpg","contentUrl":"https:\/\/arteeluoghi.it\/wp-content\/uploads\/2019\/04\/incontri-e-appropriazioni.jpg","width":945,"height":693},{"@type":"WebPage","@id":"https:\/\/arteeluoghi.it\/index.php\/2019\/04\/26\/incontri-e-appropriazioni-in-mostra-a-sassoferrato-in-un-originale-progetto-sei-coppie-di-artisti\/#webpage","url":"https:\/\/arteeluoghi.it\/index.php\/2019\/04\/26\/incontri-e-appropriazioni-in-mostra-a-sassoferrato-in-un-originale-progetto-sei-coppie-di-artisti\/","name":"Incontri e appropriazioni. In mostra a Sassoferrato in un originale progetto sei coppie di artisti | Arte e Luoghi","isPartOf":{"@id":"https:\/\/arteeluoghi.it\/#website"},"primaryImageOfPage":{"@id":"https:\/\/arteeluoghi.it\/index.php\/2019\/04\/26\/incontri-e-appropriazioni-in-mostra-a-sassoferrato-in-un-originale-progetto-sei-coppie-di-artisti\/#primaryimage"},"datePublished":"2019-04-26T21:01:10+00:00","dateModified":"2019-04-27T21:10:39+00:00","breadcrumb":{"@id":"https:\/\/arteeluoghi.it\/index.php\/2019\/04\/26\/incontri-e-appropriazioni-in-mostra-a-sassoferrato-in-un-originale-progetto-sei-coppie-di-artisti\/#breadcrumb"},"inLanguage":"it-IT","potentialAction":[{"@type":"ReadAction","target":["https:\/\/arteeluoghi.it\/index.php\/2019\/04\/26\/incontri-e-appropriazioni-in-mostra-a-sassoferrato-in-un-originale-progetto-sei-coppie-di-artisti\/"]}]},{"@type":"BreadcrumbList","@id":"https:\/\/arteeluoghi.it\/index.php\/2019\/04\/26\/incontri-e-appropriazioni-in-mostra-a-sassoferrato-in-un-originale-progetto-sei-coppie-di-artisti\/#breadcrumb","itemListElement":[{"@type":"ListItem","position":1,"name":"Home","item":"https:\/\/arteeluoghi.it\/"},{"@type":"ListItem","position":2,"name":"Incontri e appropriazioni. In mostra a Sassoferrato in un originale progetto sei coppie di artisti"}]},{"@type":"Article","@id":"https:\/\/arteeluoghi.it\/index.php\/2019\/04\/26\/incontri-e-appropriazioni-in-mostra-a-sassoferrato-in-un-originale-progetto-sei-coppie-di-artisti\/#article","isPartOf":{"@id":"https:\/\/arteeluoghi.it\/index.php\/2019\/04\/26\/incontri-e-appropriazioni-in-mostra-a-sassoferrato-in-un-originale-progetto-sei-coppie-di-artisti\/#webpage"},"author":{"@id":"https:\/\/arteeluoghi.it\/#\/schema\/person\/f84e814e36e91e01448ee07eaadd41d4"},"headline":"Incontri e appropriazioni. In mostra a Sassoferrato in un originale progetto sei coppie di artisti","datePublished":"2019-04-26T21:01:10+00:00","dateModified":"2019-04-27T21:10:39+00:00","mainEntityOfPage":{"@id":"https:\/\/arteeluoghi.it\/index.php\/2019\/04\/26\/incontri-e-appropriazioni-in-mostra-a-sassoferrato-in-un-originale-progetto-sei-coppie-di-artisti\/#webpage"},"wordCount":731,"commentCount":0,"publisher":{"@id":"https:\/\/arteeluoghi.it\/#organization"},"image":{"@id":"https:\/\/arteeluoghi.it\/index.php\/2019\/04\/26\/incontri-e-appropriazioni-in-mostra-a-sassoferrato-in-un-originale-progetto-sei-coppie-di-artisti\/#primaryimage"},"thumbnailUrl":"https:\/\/arteeluoghi.it\/wp-content\/uploads\/2019\/04\/incontri-e-appropriazioni.jpg","keywords":["Angelisa Bertoloni \/ Lauretta Barcaroli","Arnhild Kart \/ Rita Albertini","Giuseppe Salerno","Lughia \/ Caterina Prato","Massimo Bardelli \/ Bruno Cristallini","Rossella Baldecchi \/ Domenico Asmone","Sassoferrato","Toni Bellucci \/ Omero Angerame"],"articleSection":["Arte","Arti visive"],"inLanguage":"it-IT","potentialAction":[{"@type":"CommentAction","name":"Comment","target":["https:\/\/arteeluoghi.it\/index.php\/2019\/04\/26\/incontri-e-appropriazioni-in-mostra-a-sassoferrato-in-un-originale-progetto-sei-coppie-di-artisti\/#respond"]}]},{"@type":"Person","@id":"https:\/\/arteeluoghi.it\/#\/schema\/person\/f84e814e36e91e01448ee07eaadd41d4","name":"Staff","image":{"@type":"ImageObject","@id":"https:\/\/arteeluoghi.it\/#personlogo","inLanguage":"it-IT","url":"https:\/\/secure.gravatar.com\/avatar\/49d2f9e46271bb04e19cebfaf141313a?s=96&d=blank&r=g","contentUrl":"https:\/\/secure.gravatar.com\/avatar\/49d2f9e46271bb04e19cebfaf141313a?s=96&d=blank&r=g","caption":"Staff"}}]}},"_links":{"self":[{"href":"https:\/\/arteeluoghi.it\/index.php\/wp-json\/wp\/v2\/posts\/6647"}],"collection":[{"href":"https:\/\/arteeluoghi.it\/index.php\/wp-json\/wp\/v2\/posts"}],"about":[{"href":"https:\/\/arteeluoghi.it\/index.php\/wp-json\/wp\/v2\/types\/post"}],"author":[{"embeddable":true,"href":"https:\/\/arteeluoghi.it\/index.php\/wp-json\/wp\/v2\/users\/1"}],"replies":[{"embeddable":true,"href":"https:\/\/arteeluoghi.it\/index.php\/wp-json\/wp\/v2\/comments?post=6647"}],"version-history":[{"count":1,"href":"https:\/\/arteeluoghi.it\/index.php\/wp-json\/wp\/v2\/posts\/6647\/revisions"}],"predecessor-version":[{"id":6649,"href":"https:\/\/arteeluoghi.it\/index.php\/wp-json\/wp\/v2\/posts\/6647\/revisions\/6649"}],"wp:featuredmedia":[{"embeddable":true,"href":"https:\/\/arteeluoghi.it\/index.php\/wp-json\/wp\/v2\/media\/6648"}],"wp:attachment":[{"href":"https:\/\/arteeluoghi.it\/index.php\/wp-json\/wp\/v2\/media?parent=6647"}],"wp:term":[{"taxonomy":"category","embeddable":true,"href":"https:\/\/arteeluoghi.it\/index.php\/wp-json\/wp\/v2\/categories?post=6647"},{"taxonomy":"post_tag","embeddable":true,"href":"https:\/\/arteeluoghi.it\/index.php\/wp-json\/wp\/v2\/tags?post=6647"}],"curies":[{"name":"wp","href":"https:\/\/api.w.org\/{rel}","templated":true}]}}