{"id":6660,"date":"2019-05-01T10:00:28","date_gmt":"2019-05-01T08:00:28","guid":{"rendered":"https:\/\/arteeluoghi.it\/?p=6660"},"modified":"2019-05-04T11:33:32","modified_gmt":"2019-05-04T09:33:32","slug":"incontro-con-stefano-cambo-e-per-una-sera-la-libreria-adriatica-diventa-il-salento-cafe-noir","status":"publish","type":"post","link":"https:\/\/arteeluoghi.it\/index.php\/2019\/05\/01\/incontro-con-stefano-cambo-e-per-una-sera-la-libreria-adriatica-diventa-il-salento-cafe-noir\/","title":{"rendered":"Incontro con Stefano Camb\u00f2. E per una sera la libreria Adriatica diventa il Salento Caf\u00e9 Noir"},"content":{"rendered":"<p><img loading=\"lazy\" class=\"size-medium wp-image-6601 alignleft\" src=\"https:\/\/arteeluoghi.it\/wp-content\/uploads\/2019\/04\/Stefano-Cambo\u0300-300x285.jpg\" alt=\"\" width=\"300\" height=\"285\" srcset=\"https:\/\/arteeluoghi.it\/wp-content\/uploads\/2019\/04\/Stefano-Cambo\u0300-300x285.jpg 300w, https:\/\/arteeluoghi.it\/wp-content\/uploads\/2019\/04\/Stefano-Cambo\u0300-768x729.jpg 768w, https:\/\/arteeluoghi.it\/wp-content\/uploads\/2019\/04\/Stefano-Cambo\u0300.jpg 960w\" sizes=\"(max-width: 300px) 100vw, 300px\" \/>LECCE.\u00a0<span style=\"font-size: large;\">Per una sera, la libreria Adriatica si trasformer\u00e0 nel <b>Salento Caf\u00e9 No<\/b>ir, luogo emblematico per lo scrittore Nando il personaggio nato dalla penna di <b>Stefano Camb\u00f2<\/b> che, dopo il successo del suo primo noir &#8220;Cyrano tra delitti e misteri&#8221;, presenta al pubblico tre nuove indagini per il Nando e il Commissario Bortone nel libro intitolato appunto &#8220;<b>Salento Caf\u00e9 Noir<\/b>&#8220;, edito da <b>Il Raggio Verde<\/b>, con la bellissima immagine di copertina realizzata dall&#8217;artista <b>Francesco Zavattari<\/b>. <\/span><\/p>\n<div><span style=\"font-size: large;\">La saletta Letteraria &#8220;Mino Carbone&#8221; della storica\u00a0<b>libreria Adriatica<\/b>, a Lecce nei pressi di Porta Napoli, diretta da\u00a0<b>Daniela Mazzotta\u00a0<\/b>\u00e8 uno dei luoghi d&#8217;ambientazione del romanzo che apre le sue porte\u00a0<b>domenica<\/b> <b>5 maggio alle ore 19 <\/b>e<b> <\/b>vedr\u00e0 dialogare lo scrittore salentino con il giornalista e scrittore <b>Raffaele Polo. I<\/b>n sottofondo il jazz che tanto ama lo scrittore Nando, protagonista del libro, grazie agli accordi e alle note di <b>Davide Benegiamo<\/b> alla chitarra e <b>Luca Nicol\u00ec<\/b> all&#8217;armonica.<\/span><\/div>\n<div>L&#8217;evento \u00e8 organizzato dalla Libreria Adriatica in collaborazione con l&#8217;associazione Ali di Pandora e la casa editrice Il Raggio Verde.<\/div>\n<p><!--more--><\/p>\n<div>\n<h3>Tre le indagini per il Nando e il Commissario Bortone come recita il sottotitolo del libro. Nel primo caso, I guerrieri della notte, i due protagonisti se la vedranno con il killer dei clochards, un assassino seriale che avvelena le povere persone che vivono per strada.<\/h3>\n<p><span style=\"font-size: large;\">Nel secondo, Odysseus, il Nando dovra\u0300 invece scoprire l\u2019identita\u0300 nascosta di un artista che raffigura sui muri sbiaditi gli episodi legati al poema di Omero.<br \/>\nNell\u2019ultimo, Il caso Wagner, l\u2019omicidio di un professore universitario dentro le mura della sua casa fa riaffiorare ricordi ed emozioni legate al passato dei due protagonisti. E mentre la soluzione sembra essere connessa alla famosa \u201cCavalcata delle Valchirie\u201d, ideata dal grande compositore tedesco, una donna misteriosa irrompe sulla scena&#8230;<\/span><\/p>\n<\/div>\n<div>\n<p>Stefano Camb\u00f2 \u00e8 nato a Torino nel 1982 e vive a Muro Leccese. Laureato in Sociologia e in Scienze Filosofiche, nel 2015 ha pubblicato il thriller Kalendra, con cui ha vinto il Concorso Letterario \u201cLibri in Officina\u201d indetto dalle Officine Cantelmo di Lecce in collaborazione con la Regione Puglia. Nel 2016 ha pubblicato Cyrano tra delitti e misteri, noir ambientato nel Salento edito da Il Raggio Verde Edizioni di Lecce. Nel giugno del 2018 un suo racconto inedito, Effetto domino, \u00e8 risultato vincitore del Concorso Letterario AG Noir indetto dal Comune di Andora (provincia di Savona) in collaborazione con l\u2019Associazione Culturale c\/e Contemporary di Milano, nell\u2019ambito del prestigioso Festival nazionale dedicato interamente al Noir.<\/p>\n<p>&nbsp;<\/p>\n<p><img loading=\"lazy\" class=\"size-medium wp-image-6661 alignleft\" src=\"https:\/\/arteeluoghi.it\/wp-content\/uploads\/2019\/05\/manifesto-cambo-lecce-211x300.jpg\" alt=\"\" width=\"211\" height=\"300\" srcset=\"https:\/\/arteeluoghi.it\/wp-content\/uploads\/2019\/05\/manifesto-cambo-lecce-211x300.jpg 211w, https:\/\/arteeluoghi.it\/wp-content\/uploads\/2019\/05\/manifesto-cambo-lecce-768x1093.jpg 768w, https:\/\/arteeluoghi.it\/wp-content\/uploads\/2019\/05\/manifesto-cambo-lecce-720x1024.jpg 720w\" sizes=\"(max-width: 211px) 100vw, 211px\" \/>Seguite il libro sulla pagina<a href=\"https:\/\/www.facebook.com\/I-libri-di-Stefano-Camb%C3%B2-188161441581674\/\" target=\"_blank\" rel=\"noopener\" data-saferedirecturl=\"https:\/\/www.google.com\/url?q=https:\/\/www.facebook.com\/I-libri-di-Stefano-Camb%25C3%25B2-188161441581674\/&amp;source=gmail&amp;ust=1557042813032000&amp;usg=AFQjCNG3SzhXwgkqGxUgTgfrVhrfEr3GIw\">\u00a0fb dell\u2019Autore<\/a>\u00a0per scoprire le prossime tappe del tour<\/p>\n<p>&nbsp;<\/p>\n<\/div>\n<div><\/div>\n<div><span style=\"font-size: large;\"><b>Domenica 5 maggio ore 19<\/b><\/span><\/div>\n<div><span style=\"font-size: large;\"><b>Libreria Adriatica, Lecce<\/b><\/span><\/div>\n<div><span style=\"font-size: large;\"><b>P.zza Arco di Trionfo, 7<\/b><\/span><\/div>\n<div><span style=\"font-size: large;\"><b>Ingresso libero<\/b><\/span><\/div>\n","protected":false},"excerpt":{"rendered":"<p>LECCE.\u00a0Per una sera, la libreria Adriatica si trasformer\u00e0 nel Salento Caf\u00e9 Noir, luogo emblematico per lo scrittore Nando il personaggio<\/p>\n","protected":false},"author":1,"featured_media":6602,"comment_status":"open","ping_status":"open","sticky":true,"template":"","format":"standard","meta":[],"categories":[17],"tags":[1570,1033,268,635,1569,1571,1542,638],"yoast_head":"<!-- This site is optimized with the Yoast SEO plugin v18.0 - https:\/\/yoast.com\/wordpress\/plugins\/seo\/ -->\n<title>Incontro con Stefano Camb\u00f2. E per una sera la libreria Adriatica diventa il Salento Caf\u00e9 Noir | Arte e Luoghi<\/title>\n<meta name=\"robots\" content=\"index, follow, max-snippet:-1, max-image-preview:large, max-video-preview:-1\" \/>\n<link rel=\"canonical\" href=\"https:\/\/arteeluoghi.it\/index.php\/2019\/05\/01\/incontro-con-stefano-cambo-e-per-una-sera-la-libreria-adriatica-diventa-il-salento-cafe-noir\/\" \/>\n<meta property=\"og:locale\" content=\"it_IT\" \/>\n<meta property=\"og:type\" content=\"article\" \/>\n<meta property=\"og:title\" content=\"Incontro con Stefano Camb\u00f2. E per una sera la libreria Adriatica diventa il Salento Caf\u00e9 Noir | Arte e Luoghi\" \/>\n<meta property=\"og:description\" content=\"LECCE.\u00a0Per una sera, la libreria Adriatica si trasformer\u00e0 nel Salento Caf\u00e9 Noir, luogo emblematico per lo scrittore Nando il personaggio\" \/>\n<meta property=\"og:url\" content=\"https:\/\/arteeluoghi.it\/index.php\/2019\/05\/01\/incontro-con-stefano-cambo-e-per-una-sera-la-libreria-adriatica-diventa-il-salento-cafe-noir\/\" \/>\n<meta property=\"og:site_name\" content=\"Arte e Luoghi\" \/>\n<meta property=\"article:publisher\" content=\"https:\/\/www.facebook.com\/ArteELuoghi\/\" \/>\n<meta property=\"article:published_time\" content=\"2019-05-01T08:00:28+00:00\" \/>\n<meta property=\"article:modified_time\" content=\"2019-05-04T09:33:32+00:00\" \/>\n<meta property=\"og:image\" content=\"https:\/\/arteeluoghi.it\/wp-content\/uploads\/2019\/04\/cop-Cambo\u0300.jpg\" \/>\n\t<meta property=\"og:image:width\" content=\"680\" \/>\n\t<meta property=\"og:image:height\" content=\"960\" \/>\n\t<meta property=\"og:image:type\" content=\"image\/jpeg\" \/>\n<meta name=\"twitter:card\" content=\"summary\" \/>\n<meta name=\"twitter:creator\" content=\"@arteeluoghi\" \/>\n<meta name=\"twitter:site\" content=\"@arteeluoghi\" \/>\n<meta name=\"twitter:label1\" content=\"Scritto da\" \/>\n\t<meta name=\"twitter:data1\" content=\"Staff\" \/>\n\t<meta name=\"twitter:label2\" content=\"Tempo di lettura stimato\" \/>\n\t<meta name=\"twitter:data2\" content=\"2 minuti\" \/>\n<script type=\"application\/ld+json\" class=\"yoast-schema-graph\">{\"@context\":\"https:\/\/schema.org\",\"@graph\":[{\"@type\":\"Organization\",\"@id\":\"https:\/\/arteeluoghi.it\/#organization\",\"name\":\"Arte e Luoghi\",\"url\":\"https:\/\/arteeluoghi.it\/\",\"sameAs\":[\"https:\/\/www.facebook.com\/ArteELuoghi\/\",\"https:\/\/www.instagram.com\/arteeluoghi\/?hl=it\",\"https:\/\/www.youtube.com\/channel\/UCuRVc4JW4-C5sg9rQB-srkw?view_as=subscriber\",\"https:\/\/twitter.com\/arteeluoghi\"],\"logo\":{\"@type\":\"ImageObject\",\"@id\":\"https:\/\/arteeluoghi.it\/#logo\",\"inLanguage\":\"it-IT\",\"url\":\"https:\/\/arteeluoghi.it\/wp-content\/uploads\/2018\/08\/logoinstagramarte.jpg\",\"contentUrl\":\"https:\/\/arteeluoghi.it\/wp-content\/uploads\/2018\/08\/logoinstagramarte.jpg\",\"width\":150,\"height\":150,\"caption\":\"Arte e Luoghi\"},\"image\":{\"@id\":\"https:\/\/arteeluoghi.it\/#logo\"}},{\"@type\":\"WebSite\",\"@id\":\"https:\/\/arteeluoghi.it\/#website\",\"url\":\"https:\/\/arteeluoghi.it\/\",\"name\":\"Arte e Luoghi\",\"description\":\"Mensile di arte, cultura, turismo e curiosit\u00e0\",\"publisher\":{\"@id\":\"https:\/\/arteeluoghi.it\/#organization\"},\"potentialAction\":[{\"@type\":\"SearchAction\",\"target\":{\"@type\":\"EntryPoint\",\"urlTemplate\":\"https:\/\/arteeluoghi.it\/?s={search_term_string}\"},\"query-input\":\"required name=search_term_string\"}],\"inLanguage\":\"it-IT\"},{\"@type\":\"ImageObject\",\"@id\":\"https:\/\/arteeluoghi.it\/index.php\/2019\/05\/01\/incontro-con-stefano-cambo-e-per-una-sera-la-libreria-adriatica-diventa-il-salento-cafe-noir\/#primaryimage\",\"inLanguage\":\"it-IT\",\"url\":\"https:\/\/arteeluoghi.it\/wp-content\/uploads\/2019\/04\/cop-Cambo\u0300.jpg\",\"contentUrl\":\"https:\/\/arteeluoghi.it\/wp-content\/uploads\/2019\/04\/cop-Cambo\u0300.jpg\",\"width\":680,\"height\":960},{\"@type\":\"WebPage\",\"@id\":\"https:\/\/arteeluoghi.it\/index.php\/2019\/05\/01\/incontro-con-stefano-cambo-e-per-una-sera-la-libreria-adriatica-diventa-il-salento-cafe-noir\/#webpage\",\"url\":\"https:\/\/arteeluoghi.it\/index.php\/2019\/05\/01\/incontro-con-stefano-cambo-e-per-una-sera-la-libreria-adriatica-diventa-il-salento-cafe-noir\/\",\"name\":\"Incontro con Stefano Camb\u00f2. E per una sera la libreria Adriatica diventa il Salento Caf\u00e9 Noir | Arte e Luoghi\",\"isPartOf\":{\"@id\":\"https:\/\/arteeluoghi.it\/#website\"},\"primaryImageOfPage\":{\"@id\":\"https:\/\/arteeluoghi.it\/index.php\/2019\/05\/01\/incontro-con-stefano-cambo-e-per-una-sera-la-libreria-adriatica-diventa-il-salento-cafe-noir\/#primaryimage\"},\"datePublished\":\"2019-05-01T08:00:28+00:00\",\"dateModified\":\"2019-05-04T09:33:32+00:00\",\"breadcrumb\":{\"@id\":\"https:\/\/arteeluoghi.it\/index.php\/2019\/05\/01\/incontro-con-stefano-cambo-e-per-una-sera-la-libreria-adriatica-diventa-il-salento-cafe-noir\/#breadcrumb\"},\"inLanguage\":\"it-IT\",\"potentialAction\":[{\"@type\":\"ReadAction\",\"target\":[\"https:\/\/arteeluoghi.it\/index.php\/2019\/05\/01\/incontro-con-stefano-cambo-e-per-una-sera-la-libreria-adriatica-diventa-il-salento-cafe-noir\/\"]}]},{\"@type\":\"BreadcrumbList\",\"@id\":\"https:\/\/arteeluoghi.it\/index.php\/2019\/05\/01\/incontro-con-stefano-cambo-e-per-una-sera-la-libreria-adriatica-diventa-il-salento-cafe-noir\/#breadcrumb\",\"itemListElement\":[{\"@type\":\"ListItem\",\"position\":1,\"name\":\"Home\",\"item\":\"https:\/\/arteeluoghi.it\/\"},{\"@type\":\"ListItem\",\"position\":2,\"name\":\"Incontro con Stefano Camb\u00f2. E per una sera la libreria Adriatica diventa il Salento Caf\u00e9 Noir\"}]},{\"@type\":\"Article\",\"@id\":\"https:\/\/arteeluoghi.it\/index.php\/2019\/05\/01\/incontro-con-stefano-cambo-e-per-una-sera-la-libreria-adriatica-diventa-il-salento-cafe-noir\/#article\",\"isPartOf\":{\"@id\":\"https:\/\/arteeluoghi.it\/index.php\/2019\/05\/01\/incontro-con-stefano-cambo-e-per-una-sera-la-libreria-adriatica-diventa-il-salento-cafe-noir\/#webpage\"},\"author\":{\"@id\":\"https:\/\/arteeluoghi.it\/#\/schema\/person\/f84e814e36e91e01448ee07eaadd41d4\"},\"headline\":\"Incontro con Stefano Camb\u00f2. E per una sera la libreria Adriatica diventa il Salento Caf\u00e9 Noir\",\"datePublished\":\"2019-05-01T08:00:28+00:00\",\"dateModified\":\"2019-05-04T09:33:32+00:00\",\"mainEntityOfPage\":{\"@id\":\"https:\/\/arteeluoghi.it\/index.php\/2019\/05\/01\/incontro-con-stefano-cambo-e-per-una-sera-la-libreria-adriatica-diventa-il-salento-cafe-noir\/#webpage\"},\"wordCount\":450,\"commentCount\":0,\"publisher\":{\"@id\":\"https:\/\/arteeluoghi.it\/#organization\"},\"image\":{\"@id\":\"https:\/\/arteeluoghi.it\/index.php\/2019\/05\/01\/incontro-con-stefano-cambo-e-per-una-sera-la-libreria-adriatica-diventa-il-salento-cafe-noir\/#primaryimage\"},\"thumbnailUrl\":\"https:\/\/arteeluoghi.it\/wp-content\/uploads\/2019\/04\/cop-Cambo\u0300.jpg\",\"keywords\":[\"Davide Benegiamo\",\"Francesco Zavattari\",\"Il raggio verde edizioni\",\"Le Ali di Pandora\",\"Libreria Adriatica\",\"Luca NIcol\u00ec\",\"Salento Caf\u00e9 Noir\",\"Stefano Camb\u00f2\"],\"articleSection\":[\"LIBRI\"],\"inLanguage\":\"it-IT\",\"potentialAction\":[{\"@type\":\"CommentAction\",\"name\":\"Comment\",\"target\":[\"https:\/\/arteeluoghi.it\/index.php\/2019\/05\/01\/incontro-con-stefano-cambo-e-per-una-sera-la-libreria-adriatica-diventa-il-salento-cafe-noir\/#respond\"]}]},{\"@type\":\"Person\",\"@id\":\"https:\/\/arteeluoghi.it\/#\/schema\/person\/f84e814e36e91e01448ee07eaadd41d4\",\"name\":\"Staff\",\"image\":{\"@type\":\"ImageObject\",\"@id\":\"https:\/\/arteeluoghi.it\/#personlogo\",\"inLanguage\":\"it-IT\",\"url\":\"https:\/\/secure.gravatar.com\/avatar\/49d2f9e46271bb04e19cebfaf141313a?s=96&d=blank&r=g\",\"contentUrl\":\"https:\/\/secure.gravatar.com\/avatar\/49d2f9e46271bb04e19cebfaf141313a?s=96&d=blank&r=g\",\"caption\":\"Staff\"}}]}<\/script>\n<!-- \/ Yoast SEO plugin. -->","yoast_head_json":{"title":"Incontro con Stefano Camb\u00f2. E per una sera la libreria Adriatica diventa il Salento Caf\u00e9 Noir | Arte e Luoghi","robots":{"index":"index","follow":"follow","max-snippet":"max-snippet:-1","max-image-preview":"max-image-preview:large","max-video-preview":"max-video-preview:-1"},"canonical":"https:\/\/arteeluoghi.it\/index.php\/2019\/05\/01\/incontro-con-stefano-cambo-e-per-una-sera-la-libreria-adriatica-diventa-il-salento-cafe-noir\/","og_locale":"it_IT","og_type":"article","og_title":"Incontro con Stefano Camb\u00f2. E per una sera la libreria Adriatica diventa il Salento Caf\u00e9 Noir | Arte e Luoghi","og_description":"LECCE.\u00a0Per una sera, la libreria Adriatica si trasformer\u00e0 nel Salento Caf\u00e9 Noir, luogo emblematico per lo scrittore Nando il personaggio","og_url":"https:\/\/arteeluoghi.it\/index.php\/2019\/05\/01\/incontro-con-stefano-cambo-e-per-una-sera-la-libreria-adriatica-diventa-il-salento-cafe-noir\/","og_site_name":"Arte e Luoghi","article_publisher":"https:\/\/www.facebook.com\/ArteELuoghi\/","article_published_time":"2019-05-01T08:00:28+00:00","article_modified_time":"2019-05-04T09:33:32+00:00","og_image":[{"width":680,"height":960,"url":"https:\/\/arteeluoghi.it\/wp-content\/uploads\/2019\/04\/cop-Cambo\u0300.jpg","type":"image\/jpeg"}],"twitter_card":"summary","twitter_creator":"@arteeluoghi","twitter_site":"@arteeluoghi","twitter_misc":{"Scritto da":"Staff","Tempo di lettura stimato":"2 minuti"},"schema":{"@context":"https:\/\/schema.org","@graph":[{"@type":"Organization","@id":"https:\/\/arteeluoghi.it\/#organization","name":"Arte e Luoghi","url":"https:\/\/arteeluoghi.it\/","sameAs":["https:\/\/www.facebook.com\/ArteELuoghi\/","https:\/\/www.instagram.com\/arteeluoghi\/?hl=it","https:\/\/www.youtube.com\/channel\/UCuRVc4JW4-C5sg9rQB-srkw?view_as=subscriber","https:\/\/twitter.com\/arteeluoghi"],"logo":{"@type":"ImageObject","@id":"https:\/\/arteeluoghi.it\/#logo","inLanguage":"it-IT","url":"https:\/\/arteeluoghi.it\/wp-content\/uploads\/2018\/08\/logoinstagramarte.jpg","contentUrl":"https:\/\/arteeluoghi.it\/wp-content\/uploads\/2018\/08\/logoinstagramarte.jpg","width":150,"height":150,"caption":"Arte e Luoghi"},"image":{"@id":"https:\/\/arteeluoghi.it\/#logo"}},{"@type":"WebSite","@id":"https:\/\/arteeluoghi.it\/#website","url":"https:\/\/arteeluoghi.it\/","name":"Arte e Luoghi","description":"Mensile di arte, cultura, turismo e curiosit\u00e0","publisher":{"@id":"https:\/\/arteeluoghi.it\/#organization"},"potentialAction":[{"@type":"SearchAction","target":{"@type":"EntryPoint","urlTemplate":"https:\/\/arteeluoghi.it\/?s={search_term_string}"},"query-input":"required name=search_term_string"}],"inLanguage":"it-IT"},{"@type":"ImageObject","@id":"https:\/\/arteeluoghi.it\/index.php\/2019\/05\/01\/incontro-con-stefano-cambo-e-per-una-sera-la-libreria-adriatica-diventa-il-salento-cafe-noir\/#primaryimage","inLanguage":"it-IT","url":"https:\/\/arteeluoghi.it\/wp-content\/uploads\/2019\/04\/cop-Cambo\u0300.jpg","contentUrl":"https:\/\/arteeluoghi.it\/wp-content\/uploads\/2019\/04\/cop-Cambo\u0300.jpg","width":680,"height":960},{"@type":"WebPage","@id":"https:\/\/arteeluoghi.it\/index.php\/2019\/05\/01\/incontro-con-stefano-cambo-e-per-una-sera-la-libreria-adriatica-diventa-il-salento-cafe-noir\/#webpage","url":"https:\/\/arteeluoghi.it\/index.php\/2019\/05\/01\/incontro-con-stefano-cambo-e-per-una-sera-la-libreria-adriatica-diventa-il-salento-cafe-noir\/","name":"Incontro con Stefano Camb\u00f2. E per una sera la libreria Adriatica diventa il Salento Caf\u00e9 Noir | Arte e Luoghi","isPartOf":{"@id":"https:\/\/arteeluoghi.it\/#website"},"primaryImageOfPage":{"@id":"https:\/\/arteeluoghi.it\/index.php\/2019\/05\/01\/incontro-con-stefano-cambo-e-per-una-sera-la-libreria-adriatica-diventa-il-salento-cafe-noir\/#primaryimage"},"datePublished":"2019-05-01T08:00:28+00:00","dateModified":"2019-05-04T09:33:32+00:00","breadcrumb":{"@id":"https:\/\/arteeluoghi.it\/index.php\/2019\/05\/01\/incontro-con-stefano-cambo-e-per-una-sera-la-libreria-adriatica-diventa-il-salento-cafe-noir\/#breadcrumb"},"inLanguage":"it-IT","potentialAction":[{"@type":"ReadAction","target":["https:\/\/arteeluoghi.it\/index.php\/2019\/05\/01\/incontro-con-stefano-cambo-e-per-una-sera-la-libreria-adriatica-diventa-il-salento-cafe-noir\/"]}]},{"@type":"BreadcrumbList","@id":"https:\/\/arteeluoghi.it\/index.php\/2019\/05\/01\/incontro-con-stefano-cambo-e-per-una-sera-la-libreria-adriatica-diventa-il-salento-cafe-noir\/#breadcrumb","itemListElement":[{"@type":"ListItem","position":1,"name":"Home","item":"https:\/\/arteeluoghi.it\/"},{"@type":"ListItem","position":2,"name":"Incontro con Stefano Camb\u00f2. E per una sera la libreria Adriatica diventa il Salento Caf\u00e9 Noir"}]},{"@type":"Article","@id":"https:\/\/arteeluoghi.it\/index.php\/2019\/05\/01\/incontro-con-stefano-cambo-e-per-una-sera-la-libreria-adriatica-diventa-il-salento-cafe-noir\/#article","isPartOf":{"@id":"https:\/\/arteeluoghi.it\/index.php\/2019\/05\/01\/incontro-con-stefano-cambo-e-per-una-sera-la-libreria-adriatica-diventa-il-salento-cafe-noir\/#webpage"},"author":{"@id":"https:\/\/arteeluoghi.it\/#\/schema\/person\/f84e814e36e91e01448ee07eaadd41d4"},"headline":"Incontro con Stefano Camb\u00f2. E per una sera la libreria Adriatica diventa il Salento Caf\u00e9 Noir","datePublished":"2019-05-01T08:00:28+00:00","dateModified":"2019-05-04T09:33:32+00:00","mainEntityOfPage":{"@id":"https:\/\/arteeluoghi.it\/index.php\/2019\/05\/01\/incontro-con-stefano-cambo-e-per-una-sera-la-libreria-adriatica-diventa-il-salento-cafe-noir\/#webpage"},"wordCount":450,"commentCount":0,"publisher":{"@id":"https:\/\/arteeluoghi.it\/#organization"},"image":{"@id":"https:\/\/arteeluoghi.it\/index.php\/2019\/05\/01\/incontro-con-stefano-cambo-e-per-una-sera-la-libreria-adriatica-diventa-il-salento-cafe-noir\/#primaryimage"},"thumbnailUrl":"https:\/\/arteeluoghi.it\/wp-content\/uploads\/2019\/04\/cop-Cambo\u0300.jpg","keywords":["Davide Benegiamo","Francesco Zavattari","Il raggio verde edizioni","Le Ali di Pandora","Libreria Adriatica","Luca NIcol\u00ec","Salento Caf\u00e9 Noir","Stefano Camb\u00f2"],"articleSection":["LIBRI"],"inLanguage":"it-IT","potentialAction":[{"@type":"CommentAction","name":"Comment","target":["https:\/\/arteeluoghi.it\/index.php\/2019\/05\/01\/incontro-con-stefano-cambo-e-per-una-sera-la-libreria-adriatica-diventa-il-salento-cafe-noir\/#respond"]}]},{"@type":"Person","@id":"https:\/\/arteeluoghi.it\/#\/schema\/person\/f84e814e36e91e01448ee07eaadd41d4","name":"Staff","image":{"@type":"ImageObject","@id":"https:\/\/arteeluoghi.it\/#personlogo","inLanguage":"it-IT","url":"https:\/\/secure.gravatar.com\/avatar\/49d2f9e46271bb04e19cebfaf141313a?s=96&d=blank&r=g","contentUrl":"https:\/\/secure.gravatar.com\/avatar\/49d2f9e46271bb04e19cebfaf141313a?s=96&d=blank&r=g","caption":"Staff"}}]}},"_links":{"self":[{"href":"https:\/\/arteeluoghi.it\/index.php\/wp-json\/wp\/v2\/posts\/6660"}],"collection":[{"href":"https:\/\/arteeluoghi.it\/index.php\/wp-json\/wp\/v2\/posts"}],"about":[{"href":"https:\/\/arteeluoghi.it\/index.php\/wp-json\/wp\/v2\/types\/post"}],"author":[{"embeddable":true,"href":"https:\/\/arteeluoghi.it\/index.php\/wp-json\/wp\/v2\/users\/1"}],"replies":[{"embeddable":true,"href":"https:\/\/arteeluoghi.it\/index.php\/wp-json\/wp\/v2\/comments?post=6660"}],"version-history":[{"count":3,"href":"https:\/\/arteeluoghi.it\/index.php\/wp-json\/wp\/v2\/posts\/6660\/revisions"}],"predecessor-version":[{"id":6671,"href":"https:\/\/arteeluoghi.it\/index.php\/wp-json\/wp\/v2\/posts\/6660\/revisions\/6671"}],"wp:featuredmedia":[{"embeddable":true,"href":"https:\/\/arteeluoghi.it\/index.php\/wp-json\/wp\/v2\/media\/6602"}],"wp:attachment":[{"href":"https:\/\/arteeluoghi.it\/index.php\/wp-json\/wp\/v2\/media?parent=6660"}],"wp:term":[{"taxonomy":"category","embeddable":true,"href":"https:\/\/arteeluoghi.it\/index.php\/wp-json\/wp\/v2\/categories?post=6660"},{"taxonomy":"post_tag","embeddable":true,"href":"https:\/\/arteeluoghi.it\/index.php\/wp-json\/wp\/v2\/tags?post=6660"}],"curies":[{"name":"wp","href":"https:\/\/api.w.org\/{rel}","templated":true}]}}