{"id":668,"date":"2012-04-23T17:24:40","date_gmt":"2012-04-23T15:24:40","guid":{"rendered":"http:\/\/arteeluoghi.it\/index.php\/2012\/04\/23\/omaggio-a-gio-staiano-e-premio-dorian-gray-alla-litizzetto\/"},"modified":"2017-08-06T03:04:07","modified_gmt":"2017-08-06T01:04:07","slug":"omaggio-a-gio-staiano-e-premio-dorian-gray-alla-litizzetto","status":"publish","type":"post","link":"https:\/\/arteeluoghi.it\/index.php\/2012\/04\/23\/omaggio-a-gio-staiano-e-premio-dorian-gray-alla-litizzetto\/","title":{"rendered":"Omaggio a Gi\u00f2 Staiano e Premio Dorian Gray alla Littizzetto"},"content":{"rendered":"<p><span style=\"font-size: x-small;\"><img src=\"\/images\/stories\/stajanoparigini.jpg\" border=\"0\" title=\"Gi\u00f2 Stajano e Novella Parigini nella fontana della Barcaccia in Piazza di Spagna a Roma, fotografati da paparazzi. Anni '50.\" width=\"300\" style=\"float: left; margin: 21px;\" \/>IL TORINO GLBT FILM FESTIVAL DOMANI RICORDA<\/span><strong><span style=\"font-size: small;\"> GI\u00d2 STAJANO<\/span><\/strong><\/p>\n<p>con il documentario <strong>Il \u201cFico\u201d del regime<\/strong> di Giovanni Minerba e Ottavio Mai<\/p>\n<p><span style=\"font-size: small;\"><strong>E il <\/strong><\/span><span style=\"font-size: small;\"><strong>Premio Dorian Gray a Luciana Littizzetto<\/strong><\/span><\/p>\n<p>\u00a0<\/p>\n<p><img src=\"\/images\/stories\/llitizetto.jpg\" border=\"0\" alt=\"Luciana LIttizetto\" width=\"200\" style=\"float: right; margin: 21px;\" \/>Prosegue con successo la 27a edizione del Torino GLBT Film Festival che domani, 24 aprile, rende\u00a0 omaggio a <strong>Gi\u00f2 Stajano<\/strong> con la proiezione del documentario <strong>Il \u201cFico\u201d del regime<\/strong> di <strong>Giovanni Minerba<\/strong> e <strong>Ottavio Mai<\/strong>.<\/p>\n<p>Un tributo ad un grande personaggio e alla citt\u00e0 di Lecce, dove tra l&#8217;altro da pochi giorni si \u00e8 archiviato il <strong>Festival del Cinema Europeo<\/strong>.<\/p>\n<p>Scrittrice, pittrice e giornalista <strong>Gi\u00f2 Staiano<\/strong>, nome d&#8217;arte di <strong>Maria Gioacchina Stajano Starace Briganti di Panico, <\/strong>era nata a Sannicola l&#8217;11 dicembre 1931 ed \u00e8 scomparsa lo scorso ad Alezio.<\/p>\n<p>Il documentario, che sar\u00e0 presentato nella sezione Cinemascape, alle ore 18 presso la sala 2 del Cinema Massimo ripercorre la vita di <strong>Stajano<\/strong>, nata Gioacchino Stajano Starace, nipote del gerarca fascista Achille  Starace.Dopo aver frequentatol&#8217;Accademia d&#8217;arte a Firenze si trasferisce a Roma dove segue alcuni corsi della Facolt\u00e0 di Architettura. Nel 1956 all&#8217;edizione della Fiera d&#8217;Arte di via Margutta espone con discreto successo i suoi quadri e conosce\u00a0 De Chirico, Guttuso e Moravia. Con il racconto autobiografico &#8220;Roma Capovolta&#8221; (1959) descrive la societ\u00e0 romana e la realt\u00e0 omosessuale dell&#8217;epoca ma l&#8217;opera sequestrata per  oltraggio\u00a0 attira per\u00f2 l\u2019interesse di Fellini, che vorr\u00e0 l\u2019autore per  interpretare se stesso nel suo capolavoro &#8220;La dolce vita&#8221;.<\/p>\n<p>  <!--more-->  <\/p>\n<p>\u00a0<\/p>\n<p>Negli anni  Ottanta cambia sesso assumendo il nome di Maria Gioacchina. Nel 1992  pubblica &#8220;La mia vita scandalosa&#8221; prima di entrare a far parte, come suora  laica, presso le monache di Betania del Sacro Cuore, a Vische. Del 2007  \u00e8 la sua ultima opera, insieme a Willy Vaira, pubblicata da Manni  Editore, &#8220;Pubblici scandali e private virt\u00f9. Dalla Dolce vita al  convento&#8221;. <br \/>\u00abDecidemmo di fare questo documentario \u2013 ricorda il regista<strong> Minerba<\/strong> \u2013 intanto perch\u00e9 Gi\u00f2, a modo suo, ha dato un importante contributo alla comunit\u00e0 GLBT. Negli anni della sua attivit\u00e0 di scrittrice e giornalista, il suo lavoro-impegno ha sicuramente inciso nel pensiero e nella cultura italiana a riguardo dei temi e dei diritti della comunit\u00e0 GLBT. E poi mi faceva piacere poter condividere e rapportarmi con una persona \u201cspeciale\u201d della mia terra, il Salento!\u00bb.<\/p>\n<p>Sempre domani, ma alle ore 20 (presso la Multisala  Cinema Massimo, sala 1) sar\u00e0 consegnato il \u00ab<em>Il premio &#8220;Dorian Gray&#8221; 2012 va a Luciana Littizzetto  perch\u00e9 come  attrice ha saputo con la sua ironia ribaltare i luoghi  comuni  sull&#8217;amore, sostenendo con impegno costante la causa dei diritti  delle  persone GLBT\u00bb<\/em>.<\/p>\n<p>Sar\u00e0, dunque, l&#8217;attrice torinese dopo<strong> James Ivory<\/strong> e <strong>Lindsay Kemp<\/strong> a ricevere la statuetta in plexiglass raffigurante la silhouette di  Oscar Wilde  realizzata su disegno originale del maestro <strong>Ugo Nespolo<\/strong> (oggi  Presidente del Museo Nazionale del Cinema).<\/p>\n<p>Originaria di Bosconero (To), Luciana Litizzetto si \u00e8 diplomata in  pianoforte al conservatorio di Torino nel 1984 e si \u00e8 laureata in  Lettere nel 1990. Dopo aver insegnato per diversi anni musica in una  scuola media, mette in scena i suoi primi spettacoli di cabaret,  iniziando parallelamente l&#8217;attivit\u00e0 di doppiaggio. Nel 1993 debutta in  teatro e nel 1995 in tv. Ha lavorato con Piero Chiambretti, Bruno  Gambarotta, Aldo, Giovanni e Giacomo ed \u00e8 stata lanciata dalla  Gialappa&#8217;s Band nel 1998, in occasione dei Mondiali di Calcio in  Francia. La prima fiction cui partecipa risale al 2008 (<em>Pinocchio<\/em>). Al momento ha pubblicato 12 libri, tra cui <em>Sola come un gambo di sedano<\/em> (2001) e <em>I dolori del giovane Walter<\/em> (2010). Dal 2005 \u00e8 ospite fissa della trasmissione <em>Che tempo che fa<\/em>,  condotta da Fabio Fazio su Rai Tre. Nel 2007 \u00e8 stata insignita del  Premio &#8220;De Sica&#8221; dal Presidente della Repubblica, Giorgio Napolitano.<\/p>\n<p>(red. Arte e Luoghi)<\/p>\n<p>\u00a0<\/p>\n<p>\u00a0<\/p>\n<p>\u00a0<\/p>\n<p>\u00a0<\/p>\n<p>\u00a0<\/p>\n<p>\u00a0<\/p>\n<p>\u00a0<\/p>\n<p>Il Torino GLBT Film Festival \u2013 \u201cDa Sodoma a Hollywood\u201d nasce nel 1986 ed \u00e8 diretto da Giovanni Minerba. Dal 2005 \u00e8 amministrato dal Museo Nazionale del Cinema con il sostegno degli Assessorati alla Cultura della Provincia e della Citt\u00e0 di Torino, e con il contributo del Ministero per i Beni e le Attivit\u00e0 Culturali e della Fondazione CRT.<\/p>\n","protected":false},"excerpt":{"rendered":"<p>IL TORINO GLBT FILM FESTIVAL DOMANI RICORDA GI\u00d2 STAJANO con il documentario Il \u201cFico\u201d del regime di Giovanni Minerba e<\/p>\n","protected":false},"author":1,"featured_media":0,"comment_status":"open","ping_status":"open","sticky":false,"template":"","format":"standard","meta":[],"categories":[29],"tags":[],"yoast_head":"<!-- This site is optimized with the Yoast SEO plugin v18.0 - https:\/\/yoast.com\/wordpress\/plugins\/seo\/ -->\n<title>Omaggio a Gi\u00f2 Staiano e Premio Dorian Gray alla Littizzetto | Arte e Luoghi<\/title>\n<meta name=\"robots\" content=\"index, follow, max-snippet:-1, max-image-preview:large, max-video-preview:-1\" \/>\n<link rel=\"canonical\" href=\"https:\/\/arteeluoghi.it\/index.php\/2012\/04\/23\/omaggio-a-gio-staiano-e-premio-dorian-gray-alla-litizzetto\/\" \/>\n<meta property=\"og:locale\" content=\"it_IT\" \/>\n<meta property=\"og:type\" content=\"article\" \/>\n<meta property=\"og:title\" content=\"Omaggio a Gi\u00f2 Staiano e Premio Dorian Gray alla Littizzetto | Arte e Luoghi\" \/>\n<meta property=\"og:description\" content=\"IL TORINO GLBT FILM FESTIVAL DOMANI RICORDA GI\u00d2 STAJANO con il documentario Il \u201cFico\u201d del regime di Giovanni Minerba e\" \/>\n<meta property=\"og:url\" content=\"https:\/\/arteeluoghi.it\/index.php\/2012\/04\/23\/omaggio-a-gio-staiano-e-premio-dorian-gray-alla-litizzetto\/\" \/>\n<meta property=\"og:site_name\" content=\"Arte e Luoghi\" \/>\n<meta property=\"article:publisher\" content=\"https:\/\/www.facebook.com\/ArteELuoghi\/\" \/>\n<meta property=\"article:published_time\" content=\"2012-04-23T15:24:40+00:00\" \/>\n<meta property=\"article:modified_time\" content=\"2017-08-06T01:04:07+00:00\" \/>\n<meta property=\"og:image\" content=\"https:\/\/arteeluoghi.it\/images\/stories\/stajanoparigini.jpg\" \/>\n<meta name=\"twitter:card\" content=\"summary\" \/>\n<meta name=\"twitter:creator\" content=\"@arteeluoghi\" \/>\n<meta name=\"twitter:site\" content=\"@arteeluoghi\" \/>\n<meta name=\"twitter:label1\" content=\"Scritto da\" \/>\n\t<meta name=\"twitter:data1\" content=\"Staff\" \/>\n\t<meta name=\"twitter:label2\" content=\"Tempo di lettura stimato\" \/>\n\t<meta name=\"twitter:data2\" content=\"3 minuti\" \/>\n<script type=\"application\/ld+json\" class=\"yoast-schema-graph\">{\"@context\":\"https:\/\/schema.org\",\"@graph\":[{\"@type\":\"Organization\",\"@id\":\"https:\/\/arteeluoghi.it\/#organization\",\"name\":\"Arte e Luoghi\",\"url\":\"https:\/\/arteeluoghi.it\/\",\"sameAs\":[\"https:\/\/www.facebook.com\/ArteELuoghi\/\",\"https:\/\/www.instagram.com\/arteeluoghi\/?hl=it\",\"https:\/\/www.youtube.com\/channel\/UCuRVc4JW4-C5sg9rQB-srkw?view_as=subscriber\",\"https:\/\/twitter.com\/arteeluoghi\"],\"logo\":{\"@type\":\"ImageObject\",\"@id\":\"https:\/\/arteeluoghi.it\/#logo\",\"inLanguage\":\"it-IT\",\"url\":\"https:\/\/arteeluoghi.it\/wp-content\/uploads\/2018\/08\/logoinstagramarte.jpg\",\"contentUrl\":\"https:\/\/arteeluoghi.it\/wp-content\/uploads\/2018\/08\/logoinstagramarte.jpg\",\"width\":150,\"height\":150,\"caption\":\"Arte e Luoghi\"},\"image\":{\"@id\":\"https:\/\/arteeluoghi.it\/#logo\"}},{\"@type\":\"WebSite\",\"@id\":\"https:\/\/arteeluoghi.it\/#website\",\"url\":\"https:\/\/arteeluoghi.it\/\",\"name\":\"Arte e Luoghi\",\"description\":\"Mensile di arte, cultura, turismo e curiosit\u00e0\",\"publisher\":{\"@id\":\"https:\/\/arteeluoghi.it\/#organization\"},\"potentialAction\":[{\"@type\":\"SearchAction\",\"target\":{\"@type\":\"EntryPoint\",\"urlTemplate\":\"https:\/\/arteeluoghi.it\/?s={search_term_string}\"},\"query-input\":\"required name=search_term_string\"}],\"inLanguage\":\"it-IT\"},{\"@type\":\"ImageObject\",\"@id\":\"https:\/\/arteeluoghi.it\/index.php\/2012\/04\/23\/omaggio-a-gio-staiano-e-premio-dorian-gray-alla-litizzetto\/#primaryimage\",\"inLanguage\":\"it-IT\",\"url\":\"\/images\/stories\/stajanoparigini.jpg\",\"contentUrl\":\"\/images\/stories\/stajanoparigini.jpg\"},{\"@type\":\"WebPage\",\"@id\":\"https:\/\/arteeluoghi.it\/index.php\/2012\/04\/23\/omaggio-a-gio-staiano-e-premio-dorian-gray-alla-litizzetto\/#webpage\",\"url\":\"https:\/\/arteeluoghi.it\/index.php\/2012\/04\/23\/omaggio-a-gio-staiano-e-premio-dorian-gray-alla-litizzetto\/\",\"name\":\"Omaggio a Gi\u00f2 Staiano e Premio Dorian Gray alla Littizzetto | Arte e Luoghi\",\"isPartOf\":{\"@id\":\"https:\/\/arteeluoghi.it\/#website\"},\"primaryImageOfPage\":{\"@id\":\"https:\/\/arteeluoghi.it\/index.php\/2012\/04\/23\/omaggio-a-gio-staiano-e-premio-dorian-gray-alla-litizzetto\/#primaryimage\"},\"datePublished\":\"2012-04-23T15:24:40+00:00\",\"dateModified\":\"2017-08-06T01:04:07+00:00\",\"breadcrumb\":{\"@id\":\"https:\/\/arteeluoghi.it\/index.php\/2012\/04\/23\/omaggio-a-gio-staiano-e-premio-dorian-gray-alla-litizzetto\/#breadcrumb\"},\"inLanguage\":\"it-IT\",\"potentialAction\":[{\"@type\":\"ReadAction\",\"target\":[\"https:\/\/arteeluoghi.it\/index.php\/2012\/04\/23\/omaggio-a-gio-staiano-e-premio-dorian-gray-alla-litizzetto\/\"]}]},{\"@type\":\"BreadcrumbList\",\"@id\":\"https:\/\/arteeluoghi.it\/index.php\/2012\/04\/23\/omaggio-a-gio-staiano-e-premio-dorian-gray-alla-litizzetto\/#breadcrumb\",\"itemListElement\":[{\"@type\":\"ListItem\",\"position\":1,\"name\":\"Home\",\"item\":\"https:\/\/arteeluoghi.it\/\"},{\"@type\":\"ListItem\",\"position\":2,\"name\":\"Omaggio a Gi\u00f2 Staiano e Premio Dorian Gray alla Littizzetto\"}]},{\"@type\":\"Article\",\"@id\":\"https:\/\/arteeluoghi.it\/index.php\/2012\/04\/23\/omaggio-a-gio-staiano-e-premio-dorian-gray-alla-litizzetto\/#article\",\"isPartOf\":{\"@id\":\"https:\/\/arteeluoghi.it\/index.php\/2012\/04\/23\/omaggio-a-gio-staiano-e-premio-dorian-gray-alla-litizzetto\/#webpage\"},\"author\":{\"@id\":\"https:\/\/arteeluoghi.it\/#\/schema\/person\/f84e814e36e91e01448ee07eaadd41d4\"},\"headline\":\"Omaggio a Gi\u00f2 Staiano e Premio Dorian Gray alla Littizzetto\",\"datePublished\":\"2012-04-23T15:24:40+00:00\",\"dateModified\":\"2017-08-06T01:04:07+00:00\",\"mainEntityOfPage\":{\"@id\":\"https:\/\/arteeluoghi.it\/index.php\/2012\/04\/23\/omaggio-a-gio-staiano-e-premio-dorian-gray-alla-litizzetto\/#webpage\"},\"wordCount\":645,\"commentCount\":0,\"publisher\":{\"@id\":\"https:\/\/arteeluoghi.it\/#organization\"},\"image\":{\"@id\":\"https:\/\/arteeluoghi.it\/index.php\/2012\/04\/23\/omaggio-a-gio-staiano-e-premio-dorian-gray-alla-litizzetto\/#primaryimage\"},\"thumbnailUrl\":\"\/images\/stories\/stajanoparigini.jpg\",\"articleSection\":[\"Cinema\"],\"inLanguage\":\"it-IT\",\"potentialAction\":[{\"@type\":\"CommentAction\",\"name\":\"Comment\",\"target\":[\"https:\/\/arteeluoghi.it\/index.php\/2012\/04\/23\/omaggio-a-gio-staiano-e-premio-dorian-gray-alla-litizzetto\/#respond\"]}]},{\"@type\":\"Person\",\"@id\":\"https:\/\/arteeluoghi.it\/#\/schema\/person\/f84e814e36e91e01448ee07eaadd41d4\",\"name\":\"Staff\",\"image\":{\"@type\":\"ImageObject\",\"@id\":\"https:\/\/arteeluoghi.it\/#personlogo\",\"inLanguage\":\"it-IT\",\"url\":\"https:\/\/secure.gravatar.com\/avatar\/49d2f9e46271bb04e19cebfaf141313a?s=96&d=blank&r=g\",\"contentUrl\":\"https:\/\/secure.gravatar.com\/avatar\/49d2f9e46271bb04e19cebfaf141313a?s=96&d=blank&r=g\",\"caption\":\"Staff\"}}]}<\/script>\n<!-- \/ Yoast SEO plugin. -->","yoast_head_json":{"title":"Omaggio a Gi\u00f2 Staiano e Premio Dorian Gray alla Littizzetto | Arte e Luoghi","robots":{"index":"index","follow":"follow","max-snippet":"max-snippet:-1","max-image-preview":"max-image-preview:large","max-video-preview":"max-video-preview:-1"},"canonical":"https:\/\/arteeluoghi.it\/index.php\/2012\/04\/23\/omaggio-a-gio-staiano-e-premio-dorian-gray-alla-litizzetto\/","og_locale":"it_IT","og_type":"article","og_title":"Omaggio a Gi\u00f2 Staiano e Premio Dorian Gray alla Littizzetto | Arte e Luoghi","og_description":"IL TORINO GLBT FILM FESTIVAL DOMANI RICORDA GI\u00d2 STAJANO con il documentario Il \u201cFico\u201d del regime di Giovanni Minerba e","og_url":"https:\/\/arteeluoghi.it\/index.php\/2012\/04\/23\/omaggio-a-gio-staiano-e-premio-dorian-gray-alla-litizzetto\/","og_site_name":"Arte e Luoghi","article_publisher":"https:\/\/www.facebook.com\/ArteELuoghi\/","article_published_time":"2012-04-23T15:24:40+00:00","article_modified_time":"2017-08-06T01:04:07+00:00","og_image":[{"url":"https:\/\/arteeluoghi.it\/images\/stories\/stajanoparigini.jpg"}],"twitter_card":"summary","twitter_creator":"@arteeluoghi","twitter_site":"@arteeluoghi","twitter_misc":{"Scritto da":"Staff","Tempo di lettura stimato":"3 minuti"},"schema":{"@context":"https:\/\/schema.org","@graph":[{"@type":"Organization","@id":"https:\/\/arteeluoghi.it\/#organization","name":"Arte e Luoghi","url":"https:\/\/arteeluoghi.it\/","sameAs":["https:\/\/www.facebook.com\/ArteELuoghi\/","https:\/\/www.instagram.com\/arteeluoghi\/?hl=it","https:\/\/www.youtube.com\/channel\/UCuRVc4JW4-C5sg9rQB-srkw?view_as=subscriber","https:\/\/twitter.com\/arteeluoghi"],"logo":{"@type":"ImageObject","@id":"https:\/\/arteeluoghi.it\/#logo","inLanguage":"it-IT","url":"https:\/\/arteeluoghi.it\/wp-content\/uploads\/2018\/08\/logoinstagramarte.jpg","contentUrl":"https:\/\/arteeluoghi.it\/wp-content\/uploads\/2018\/08\/logoinstagramarte.jpg","width":150,"height":150,"caption":"Arte e Luoghi"},"image":{"@id":"https:\/\/arteeluoghi.it\/#logo"}},{"@type":"WebSite","@id":"https:\/\/arteeluoghi.it\/#website","url":"https:\/\/arteeluoghi.it\/","name":"Arte e Luoghi","description":"Mensile di arte, cultura, turismo e curiosit\u00e0","publisher":{"@id":"https:\/\/arteeluoghi.it\/#organization"},"potentialAction":[{"@type":"SearchAction","target":{"@type":"EntryPoint","urlTemplate":"https:\/\/arteeluoghi.it\/?s={search_term_string}"},"query-input":"required name=search_term_string"}],"inLanguage":"it-IT"},{"@type":"ImageObject","@id":"https:\/\/arteeluoghi.it\/index.php\/2012\/04\/23\/omaggio-a-gio-staiano-e-premio-dorian-gray-alla-litizzetto\/#primaryimage","inLanguage":"it-IT","url":"\/images\/stories\/stajanoparigini.jpg","contentUrl":"\/images\/stories\/stajanoparigini.jpg"},{"@type":"WebPage","@id":"https:\/\/arteeluoghi.it\/index.php\/2012\/04\/23\/omaggio-a-gio-staiano-e-premio-dorian-gray-alla-litizzetto\/#webpage","url":"https:\/\/arteeluoghi.it\/index.php\/2012\/04\/23\/omaggio-a-gio-staiano-e-premio-dorian-gray-alla-litizzetto\/","name":"Omaggio a Gi\u00f2 Staiano e Premio Dorian Gray alla Littizzetto | Arte e Luoghi","isPartOf":{"@id":"https:\/\/arteeluoghi.it\/#website"},"primaryImageOfPage":{"@id":"https:\/\/arteeluoghi.it\/index.php\/2012\/04\/23\/omaggio-a-gio-staiano-e-premio-dorian-gray-alla-litizzetto\/#primaryimage"},"datePublished":"2012-04-23T15:24:40+00:00","dateModified":"2017-08-06T01:04:07+00:00","breadcrumb":{"@id":"https:\/\/arteeluoghi.it\/index.php\/2012\/04\/23\/omaggio-a-gio-staiano-e-premio-dorian-gray-alla-litizzetto\/#breadcrumb"},"inLanguage":"it-IT","potentialAction":[{"@type":"ReadAction","target":["https:\/\/arteeluoghi.it\/index.php\/2012\/04\/23\/omaggio-a-gio-staiano-e-premio-dorian-gray-alla-litizzetto\/"]}]},{"@type":"BreadcrumbList","@id":"https:\/\/arteeluoghi.it\/index.php\/2012\/04\/23\/omaggio-a-gio-staiano-e-premio-dorian-gray-alla-litizzetto\/#breadcrumb","itemListElement":[{"@type":"ListItem","position":1,"name":"Home","item":"https:\/\/arteeluoghi.it\/"},{"@type":"ListItem","position":2,"name":"Omaggio a Gi\u00f2 Staiano e Premio Dorian Gray alla Littizzetto"}]},{"@type":"Article","@id":"https:\/\/arteeluoghi.it\/index.php\/2012\/04\/23\/omaggio-a-gio-staiano-e-premio-dorian-gray-alla-litizzetto\/#article","isPartOf":{"@id":"https:\/\/arteeluoghi.it\/index.php\/2012\/04\/23\/omaggio-a-gio-staiano-e-premio-dorian-gray-alla-litizzetto\/#webpage"},"author":{"@id":"https:\/\/arteeluoghi.it\/#\/schema\/person\/f84e814e36e91e01448ee07eaadd41d4"},"headline":"Omaggio a Gi\u00f2 Staiano e Premio Dorian Gray alla Littizzetto","datePublished":"2012-04-23T15:24:40+00:00","dateModified":"2017-08-06T01:04:07+00:00","mainEntityOfPage":{"@id":"https:\/\/arteeluoghi.it\/index.php\/2012\/04\/23\/omaggio-a-gio-staiano-e-premio-dorian-gray-alla-litizzetto\/#webpage"},"wordCount":645,"commentCount":0,"publisher":{"@id":"https:\/\/arteeluoghi.it\/#organization"},"image":{"@id":"https:\/\/arteeluoghi.it\/index.php\/2012\/04\/23\/omaggio-a-gio-staiano-e-premio-dorian-gray-alla-litizzetto\/#primaryimage"},"thumbnailUrl":"\/images\/stories\/stajanoparigini.jpg","articleSection":["Cinema"],"inLanguage":"it-IT","potentialAction":[{"@type":"CommentAction","name":"Comment","target":["https:\/\/arteeluoghi.it\/index.php\/2012\/04\/23\/omaggio-a-gio-staiano-e-premio-dorian-gray-alla-litizzetto\/#respond"]}]},{"@type":"Person","@id":"https:\/\/arteeluoghi.it\/#\/schema\/person\/f84e814e36e91e01448ee07eaadd41d4","name":"Staff","image":{"@type":"ImageObject","@id":"https:\/\/arteeluoghi.it\/#personlogo","inLanguage":"it-IT","url":"https:\/\/secure.gravatar.com\/avatar\/49d2f9e46271bb04e19cebfaf141313a?s=96&d=blank&r=g","contentUrl":"https:\/\/secure.gravatar.com\/avatar\/49d2f9e46271bb04e19cebfaf141313a?s=96&d=blank&r=g","caption":"Staff"}}]}},"_links":{"self":[{"href":"https:\/\/arteeluoghi.it\/index.php\/wp-json\/wp\/v2\/posts\/668"}],"collection":[{"href":"https:\/\/arteeluoghi.it\/index.php\/wp-json\/wp\/v2\/posts"}],"about":[{"href":"https:\/\/arteeluoghi.it\/index.php\/wp-json\/wp\/v2\/types\/post"}],"author":[{"embeddable":true,"href":"https:\/\/arteeluoghi.it\/index.php\/wp-json\/wp\/v2\/users\/1"}],"replies":[{"embeddable":true,"href":"https:\/\/arteeluoghi.it\/index.php\/wp-json\/wp\/v2\/comments?post=668"}],"version-history":[{"count":1,"href":"https:\/\/arteeluoghi.it\/index.php\/wp-json\/wp\/v2\/posts\/668\/revisions"}],"predecessor-version":[{"id":2849,"href":"https:\/\/arteeluoghi.it\/index.php\/wp-json\/wp\/v2\/posts\/668\/revisions\/2849"}],"wp:attachment":[{"href":"https:\/\/arteeluoghi.it\/index.php\/wp-json\/wp\/v2\/media?parent=668"}],"wp:term":[{"taxonomy":"category","embeddable":true,"href":"https:\/\/arteeluoghi.it\/index.php\/wp-json\/wp\/v2\/categories?post=668"},{"taxonomy":"post_tag","embeddable":true,"href":"https:\/\/arteeluoghi.it\/index.php\/wp-json\/wp\/v2\/tags?post=668"}],"curies":[{"name":"wp","href":"https:\/\/api.w.org\/{rel}","templated":true}]}}