{"id":671,"date":"2012-04-24T15:56:32","date_gmt":"2012-04-24T13:56:32","guid":{"rendered":"http:\/\/arteeluoghi.it\/index.php\/2012\/04\/24\/gli-eventi-della-sait-puglia\/"},"modified":"2017-08-07T01:15:57","modified_gmt":"2017-08-06T23:15:57","slug":"gli-eventi-della-sait-puglia","status":"publish","type":"post","link":"https:\/\/arteeluoghi.it\/index.php\/2012\/04\/24\/gli-eventi-della-sait-puglia\/","title":{"rendered":"Gli eventi della Sait Puglia"},"content":{"rendered":"<p><img src=\"\/images\/stories\/saturno.jpg\" border=\"0\" title=\"Saturno\" width=\"300\" style=\"margin: 21px; float: left;\" \/>LA MANIFESTAZIONE \u00e8 ORGANIZZATA DALLA SOCIETA\u2019 ASTRONOMICA ITALIANA SEZIONE PUGLIA<\/p>\n<p><span style=\"font-size: small;\"><strong>La lunga notte dedicata a Saturno<\/strong><\/span><\/p>\n<p><strong>CORSI DI ASTRONOMIA<\/strong> BITETTO, ALTAMURA, BARI<br \/><strong>SCUOLA ESTIVA DI ASTRONOMIA<\/strong> (TERZA IN ITALIA)<br \/><strong>PREMIO INTERNAZIONALE FEDERICO II E I POETI SOTTO LE STELLE<\/strong><\/p>\n<p>Riprendono le attivit\u00e0 divulgative esterne sotto il cielo stellato della Societ\u00e0 Astronomica Italiana Sezione Puglia (www.saitpuglia.it).<br \/>Sabato 5 maggio alle 20, appuntamento presso l\u2019agriturismo Solinio di Cassano Murge (www.solinio.com), Centro di Educazione Ambientale nel Parco della Murgia, per una serata astronomica dedicata all\u2019osservazione di Saturno, il suggestivo pianeta degli anelli, che viene a trovarsi in questo mese in opposizione rispetto al Sole, a circa 1.300 mln di km dalla terra ed \u00e8 nelle migliori condizioni di visibilit\u00e0 di tutto il 2012 (le stesse condizioni si ripresenteranno<br \/>tra 15 anni). Saturno \u00e8 il secondo pianeta pi\u00f9 grande del sistema solare, un gigante gassoso composto da idrogeno ed elio, il sesto in ordine di distanza dal Sole intorno al quale orbita in circa 30 anni terrestri. La sua caratteristica principale \u00e8 quella di essere circondato da un esteso e magnifico e vistosissimo sistema di anelli, piccoli oggetti ghiacciati, forse residui di un suo satellite distrutto o avanzi del materiale con cui si \u00e8 formato.<\/p>\n<p>\u00a0<\/p>\n<p>  <!--more-->  <\/p>\n<p><a href=\"http:\/\/www.saitpuglia.it\/il-bando\"><img src=\"\/images\/stories\/locandina del premio internazionale.jpg\" border=\"0\" width=\"300\" style=\"float: right; margin: 21px;\" \/><\/a>Il ciclo invece dei corsi di astronomia inizier\u00e0 a Bari luned\u00ec 14 maggio alle ore 20,00 presso la sede dell\u2019Associazione Altair (le lezioni sono gi\u00e0 cominciate mercoled\u00ec 11 aprile a Bitetto nel liceo scientifico Edoardo Amaldi e venerd\u00ec 13 nel liceo Federico II di Altamura). I corsi di astronomia, di taglio divulgativo, sono promossi da Saitpuglia in collaborazione con The Lunar Society Italia, associazione barese di divulgazione scientifica, e con il sostegno e patrocinio dell&#8217;Istituto Nazionale di Astrofisica (INAF),\u00a0 l\u2019ente principale italiano per lo studio sull\u2019universo. \u201cI corsi, alla V edizione\u201d \u2013 cos\u00ec come ha sottolineato il presidente della Sait Puglia, Paolo Minafra, \u201crappresentano un consolidato evento scientifico-divulgativo della nostra Regione, e si propongono di dare una visione panoramica sulle numerose tematiche in cui si suddivide la scienza astronomica, di fornire gli strumenti necessari all\u2019interpretazione dei meccanismi celesti e di comprendere le caratteristiche dell\u2019universo. Con l\u2019arrivo dell\u2019estate, inoltre, periodo in cui \u00e8 pi\u00f9 frequente volgere lo sguardo al cielo notturno, la partecipazione al corso di astronomia consentir\u00e0 un approccio pi\u00f9 diretto e consapevole alle meraviglie che ci offre il cielo stellato.<\/p>\n<p>Saitpuglia, inoltre, per favorire l\u2019orientamento universitario degli studenti verso le discipline scientifiche ha chiesto ai due Licei di ospitare il Corso. La risposta \u00e8 stata, a dir poco, entusiastica.<br \/>Saranno, infatti, circa 250 gli studenti che vi parteciperanno. I corsi sono aperti anche agli universitari ed ai tanti studiosi, appassionati e semplici curiosi che intendano accostarsi all\u2019astronomia\u201d.<\/p>\n<p>Alle lezioni seguiranno seminari di approfondimento tenuti da ricercatori esperti in astrochimica, cosmologia, alte energie presso i rispettivi dipartimenti universitari. Il Corso, poi, proseguir\u00e0 con le osservazioni del sole e del cielo stellato e si concluder\u00e0 con la Scuola estiva nazionale di Astronomia promossa con l\u2019Inaf e il Miur, riservata ai docenti e che si svolger\u00e0 dal 16 al 20 luglio a Solinio (alla prima edizione in Puglia \u00e8 la terza istituita in Italia dopo<br \/>quelle nate a Saltara nelle Marche e a Stilo in Calabria).<\/p>\n<p>Il Corso promuove, infine, il Premio Internazionale Federico II e i Poeti tra le stelle &#8211; IV edizione 2012, concorso letterario per coloro che \u201camano e si ispirano all\u2019astronomia\u201d (sono ancora aperte le iscrizioni fino al 30 aprile) ideato da Saitpuglia che avr\u00e0 la sua serata finale, in cui saranno assegnati i prestigiosi riconoscimenti, il prossimo 15 luglio nella magnifica cornice di Castel del Monte ad Andria.<\/p>\n<p>Chi fosse interessato a partecipare alle iniziative o saperne di pi\u00f9 sulle attivit\u00e0 della Sait pu\u00f2 visitare il sito www.saitpuglia.it o contattare il 339-2929524.<\/p>\n","protected":false},"excerpt":{"rendered":"<p>LA MANIFESTAZIONE \u00e8 ORGANIZZATA DALLA SOCIETA\u2019 ASTRONOMICA ITALIANA SEZIONE PUGLIA La lunga notte dedicata a Saturno CORSI DI ASTRONOMIA BITETTO,<\/p>\n","protected":false},"author":1,"featured_media":0,"comment_status":"open","ping_status":"open","sticky":false,"template":"","format":"standard","meta":[],"categories":[28],"tags":[],"yoast_head":"<!-- This site is optimized with the Yoast SEO plugin v18.0 - https:\/\/yoast.com\/wordpress\/plugins\/seo\/ -->\n<title>Gli eventi della Sait Puglia | Arte e Luoghi<\/title>\n<meta name=\"robots\" content=\"index, follow, max-snippet:-1, max-image-preview:large, max-video-preview:-1\" \/>\n<link rel=\"canonical\" href=\"https:\/\/arteeluoghi.it\/index.php\/2012\/04\/24\/gli-eventi-della-sait-puglia\/\" \/>\n<meta property=\"og:locale\" content=\"it_IT\" \/>\n<meta property=\"og:type\" content=\"article\" \/>\n<meta property=\"og:title\" content=\"Gli eventi della Sait Puglia | Arte e Luoghi\" \/>\n<meta property=\"og:description\" content=\"LA MANIFESTAZIONE \u00e8 ORGANIZZATA DALLA SOCIETA\u2019 ASTRONOMICA ITALIANA SEZIONE PUGLIA La lunga notte dedicata a Saturno CORSI DI ASTRONOMIA BITETTO,\" \/>\n<meta property=\"og:url\" content=\"https:\/\/arteeluoghi.it\/index.php\/2012\/04\/24\/gli-eventi-della-sait-puglia\/\" \/>\n<meta property=\"og:site_name\" content=\"Arte e Luoghi\" \/>\n<meta property=\"article:publisher\" content=\"https:\/\/www.facebook.com\/ArteELuoghi\/\" \/>\n<meta property=\"article:published_time\" content=\"2012-04-24T13:56:32+00:00\" \/>\n<meta property=\"article:modified_time\" content=\"2017-08-06T23:15:57+00:00\" \/>\n<meta property=\"og:image\" content=\"https:\/\/arteeluoghi.it\/images\/stories\/saturno.jpg\" \/>\n<meta name=\"twitter:card\" content=\"summary\" \/>\n<meta name=\"twitter:creator\" content=\"@arteeluoghi\" \/>\n<meta name=\"twitter:site\" content=\"@arteeluoghi\" \/>\n<meta name=\"twitter:label1\" content=\"Scritto da\" \/>\n\t<meta name=\"twitter:data1\" content=\"Staff\" \/>\n\t<meta name=\"twitter:label2\" content=\"Tempo di lettura stimato\" \/>\n\t<meta name=\"twitter:data2\" content=\"3 minuti\" \/>\n<script type=\"application\/ld+json\" class=\"yoast-schema-graph\">{\"@context\":\"https:\/\/schema.org\",\"@graph\":[{\"@type\":\"Organization\",\"@id\":\"https:\/\/arteeluoghi.it\/#organization\",\"name\":\"Arte e Luoghi\",\"url\":\"https:\/\/arteeluoghi.it\/\",\"sameAs\":[\"https:\/\/www.facebook.com\/ArteELuoghi\/\",\"https:\/\/www.instagram.com\/arteeluoghi\/?hl=it\",\"https:\/\/www.youtube.com\/channel\/UCuRVc4JW4-C5sg9rQB-srkw?view_as=subscriber\",\"https:\/\/twitter.com\/arteeluoghi\"],\"logo\":{\"@type\":\"ImageObject\",\"@id\":\"https:\/\/arteeluoghi.it\/#logo\",\"inLanguage\":\"it-IT\",\"url\":\"https:\/\/arteeluoghi.it\/wp-content\/uploads\/2018\/08\/logoinstagramarte.jpg\",\"contentUrl\":\"https:\/\/arteeluoghi.it\/wp-content\/uploads\/2018\/08\/logoinstagramarte.jpg\",\"width\":150,\"height\":150,\"caption\":\"Arte e Luoghi\"},\"image\":{\"@id\":\"https:\/\/arteeluoghi.it\/#logo\"}},{\"@type\":\"WebSite\",\"@id\":\"https:\/\/arteeluoghi.it\/#website\",\"url\":\"https:\/\/arteeluoghi.it\/\",\"name\":\"Arte e Luoghi\",\"description\":\"Mensile di arte, cultura, turismo e curiosit\u00e0\",\"publisher\":{\"@id\":\"https:\/\/arteeluoghi.it\/#organization\"},\"potentialAction\":[{\"@type\":\"SearchAction\",\"target\":{\"@type\":\"EntryPoint\",\"urlTemplate\":\"https:\/\/arteeluoghi.it\/?s={search_term_string}\"},\"query-input\":\"required name=search_term_string\"}],\"inLanguage\":\"it-IT\"},{\"@type\":\"ImageObject\",\"@id\":\"https:\/\/arteeluoghi.it\/index.php\/2012\/04\/24\/gli-eventi-della-sait-puglia\/#primaryimage\",\"inLanguage\":\"it-IT\",\"url\":\"\/images\/stories\/saturno.jpg\",\"contentUrl\":\"\/images\/stories\/saturno.jpg\"},{\"@type\":\"WebPage\",\"@id\":\"https:\/\/arteeluoghi.it\/index.php\/2012\/04\/24\/gli-eventi-della-sait-puglia\/#webpage\",\"url\":\"https:\/\/arteeluoghi.it\/index.php\/2012\/04\/24\/gli-eventi-della-sait-puglia\/\",\"name\":\"Gli eventi della Sait Puglia | Arte e Luoghi\",\"isPartOf\":{\"@id\":\"https:\/\/arteeluoghi.it\/#website\"},\"primaryImageOfPage\":{\"@id\":\"https:\/\/arteeluoghi.it\/index.php\/2012\/04\/24\/gli-eventi-della-sait-puglia\/#primaryimage\"},\"datePublished\":\"2012-04-24T13:56:32+00:00\",\"dateModified\":\"2017-08-06T23:15:57+00:00\",\"breadcrumb\":{\"@id\":\"https:\/\/arteeluoghi.it\/index.php\/2012\/04\/24\/gli-eventi-della-sait-puglia\/#breadcrumb\"},\"inLanguage\":\"it-IT\",\"potentialAction\":[{\"@type\":\"ReadAction\",\"target\":[\"https:\/\/arteeluoghi.it\/index.php\/2012\/04\/24\/gli-eventi-della-sait-puglia\/\"]}]},{\"@type\":\"BreadcrumbList\",\"@id\":\"https:\/\/arteeluoghi.it\/index.php\/2012\/04\/24\/gli-eventi-della-sait-puglia\/#breadcrumb\",\"itemListElement\":[{\"@type\":\"ListItem\",\"position\":1,\"name\":\"Home\",\"item\":\"https:\/\/arteeluoghi.it\/\"},{\"@type\":\"ListItem\",\"position\":2,\"name\":\"Gli eventi della Sait Puglia\"}]},{\"@type\":\"Article\",\"@id\":\"https:\/\/arteeluoghi.it\/index.php\/2012\/04\/24\/gli-eventi-della-sait-puglia\/#article\",\"isPartOf\":{\"@id\":\"https:\/\/arteeluoghi.it\/index.php\/2012\/04\/24\/gli-eventi-della-sait-puglia\/#webpage\"},\"author\":{\"@id\":\"https:\/\/arteeluoghi.it\/#\/schema\/person\/f84e814e36e91e01448ee07eaadd41d4\"},\"headline\":\"Gli eventi della Sait Puglia\",\"datePublished\":\"2012-04-24T13:56:32+00:00\",\"dateModified\":\"2017-08-06T23:15:57+00:00\",\"mainEntityOfPage\":{\"@id\":\"https:\/\/arteeluoghi.it\/index.php\/2012\/04\/24\/gli-eventi-della-sait-puglia\/#webpage\"},\"wordCount\":609,\"commentCount\":0,\"publisher\":{\"@id\":\"https:\/\/arteeluoghi.it\/#organization\"},\"image\":{\"@id\":\"https:\/\/arteeluoghi.it\/index.php\/2012\/04\/24\/gli-eventi-della-sait-puglia\/#primaryimage\"},\"thumbnailUrl\":\"\/images\/stories\/saturno.jpg\",\"articleSection\":[\"Notizie\"],\"inLanguage\":\"it-IT\",\"potentialAction\":[{\"@type\":\"CommentAction\",\"name\":\"Comment\",\"target\":[\"https:\/\/arteeluoghi.it\/index.php\/2012\/04\/24\/gli-eventi-della-sait-puglia\/#respond\"]}]},{\"@type\":\"Person\",\"@id\":\"https:\/\/arteeluoghi.it\/#\/schema\/person\/f84e814e36e91e01448ee07eaadd41d4\",\"name\":\"Staff\",\"image\":{\"@type\":\"ImageObject\",\"@id\":\"https:\/\/arteeluoghi.it\/#personlogo\",\"inLanguage\":\"it-IT\",\"url\":\"https:\/\/secure.gravatar.com\/avatar\/49d2f9e46271bb04e19cebfaf141313a?s=96&d=blank&r=g\",\"contentUrl\":\"https:\/\/secure.gravatar.com\/avatar\/49d2f9e46271bb04e19cebfaf141313a?s=96&d=blank&r=g\",\"caption\":\"Staff\"}}]}<\/script>\n<!-- \/ Yoast SEO plugin. -->","yoast_head_json":{"title":"Gli eventi della Sait Puglia | Arte e Luoghi","robots":{"index":"index","follow":"follow","max-snippet":"max-snippet:-1","max-image-preview":"max-image-preview:large","max-video-preview":"max-video-preview:-1"},"canonical":"https:\/\/arteeluoghi.it\/index.php\/2012\/04\/24\/gli-eventi-della-sait-puglia\/","og_locale":"it_IT","og_type":"article","og_title":"Gli eventi della Sait Puglia | Arte e Luoghi","og_description":"LA MANIFESTAZIONE \u00e8 ORGANIZZATA DALLA SOCIETA\u2019 ASTRONOMICA ITALIANA SEZIONE PUGLIA La lunga notte dedicata a Saturno CORSI DI ASTRONOMIA BITETTO,","og_url":"https:\/\/arteeluoghi.it\/index.php\/2012\/04\/24\/gli-eventi-della-sait-puglia\/","og_site_name":"Arte e Luoghi","article_publisher":"https:\/\/www.facebook.com\/ArteELuoghi\/","article_published_time":"2012-04-24T13:56:32+00:00","article_modified_time":"2017-08-06T23:15:57+00:00","og_image":[{"url":"https:\/\/arteeluoghi.it\/images\/stories\/saturno.jpg"}],"twitter_card":"summary","twitter_creator":"@arteeluoghi","twitter_site":"@arteeluoghi","twitter_misc":{"Scritto da":"Staff","Tempo di lettura stimato":"3 minuti"},"schema":{"@context":"https:\/\/schema.org","@graph":[{"@type":"Organization","@id":"https:\/\/arteeluoghi.it\/#organization","name":"Arte e Luoghi","url":"https:\/\/arteeluoghi.it\/","sameAs":["https:\/\/www.facebook.com\/ArteELuoghi\/","https:\/\/www.instagram.com\/arteeluoghi\/?hl=it","https:\/\/www.youtube.com\/channel\/UCuRVc4JW4-C5sg9rQB-srkw?view_as=subscriber","https:\/\/twitter.com\/arteeluoghi"],"logo":{"@type":"ImageObject","@id":"https:\/\/arteeluoghi.it\/#logo","inLanguage":"it-IT","url":"https:\/\/arteeluoghi.it\/wp-content\/uploads\/2018\/08\/logoinstagramarte.jpg","contentUrl":"https:\/\/arteeluoghi.it\/wp-content\/uploads\/2018\/08\/logoinstagramarte.jpg","width":150,"height":150,"caption":"Arte e Luoghi"},"image":{"@id":"https:\/\/arteeluoghi.it\/#logo"}},{"@type":"WebSite","@id":"https:\/\/arteeluoghi.it\/#website","url":"https:\/\/arteeluoghi.it\/","name":"Arte e Luoghi","description":"Mensile di arte, cultura, turismo e curiosit\u00e0","publisher":{"@id":"https:\/\/arteeluoghi.it\/#organization"},"potentialAction":[{"@type":"SearchAction","target":{"@type":"EntryPoint","urlTemplate":"https:\/\/arteeluoghi.it\/?s={search_term_string}"},"query-input":"required name=search_term_string"}],"inLanguage":"it-IT"},{"@type":"ImageObject","@id":"https:\/\/arteeluoghi.it\/index.php\/2012\/04\/24\/gli-eventi-della-sait-puglia\/#primaryimage","inLanguage":"it-IT","url":"\/images\/stories\/saturno.jpg","contentUrl":"\/images\/stories\/saturno.jpg"},{"@type":"WebPage","@id":"https:\/\/arteeluoghi.it\/index.php\/2012\/04\/24\/gli-eventi-della-sait-puglia\/#webpage","url":"https:\/\/arteeluoghi.it\/index.php\/2012\/04\/24\/gli-eventi-della-sait-puglia\/","name":"Gli eventi della Sait Puglia | Arte e Luoghi","isPartOf":{"@id":"https:\/\/arteeluoghi.it\/#website"},"primaryImageOfPage":{"@id":"https:\/\/arteeluoghi.it\/index.php\/2012\/04\/24\/gli-eventi-della-sait-puglia\/#primaryimage"},"datePublished":"2012-04-24T13:56:32+00:00","dateModified":"2017-08-06T23:15:57+00:00","breadcrumb":{"@id":"https:\/\/arteeluoghi.it\/index.php\/2012\/04\/24\/gli-eventi-della-sait-puglia\/#breadcrumb"},"inLanguage":"it-IT","potentialAction":[{"@type":"ReadAction","target":["https:\/\/arteeluoghi.it\/index.php\/2012\/04\/24\/gli-eventi-della-sait-puglia\/"]}]},{"@type":"BreadcrumbList","@id":"https:\/\/arteeluoghi.it\/index.php\/2012\/04\/24\/gli-eventi-della-sait-puglia\/#breadcrumb","itemListElement":[{"@type":"ListItem","position":1,"name":"Home","item":"https:\/\/arteeluoghi.it\/"},{"@type":"ListItem","position":2,"name":"Gli eventi della Sait Puglia"}]},{"@type":"Article","@id":"https:\/\/arteeluoghi.it\/index.php\/2012\/04\/24\/gli-eventi-della-sait-puglia\/#article","isPartOf":{"@id":"https:\/\/arteeluoghi.it\/index.php\/2012\/04\/24\/gli-eventi-della-sait-puglia\/#webpage"},"author":{"@id":"https:\/\/arteeluoghi.it\/#\/schema\/person\/f84e814e36e91e01448ee07eaadd41d4"},"headline":"Gli eventi della Sait Puglia","datePublished":"2012-04-24T13:56:32+00:00","dateModified":"2017-08-06T23:15:57+00:00","mainEntityOfPage":{"@id":"https:\/\/arteeluoghi.it\/index.php\/2012\/04\/24\/gli-eventi-della-sait-puglia\/#webpage"},"wordCount":609,"commentCount":0,"publisher":{"@id":"https:\/\/arteeluoghi.it\/#organization"},"image":{"@id":"https:\/\/arteeluoghi.it\/index.php\/2012\/04\/24\/gli-eventi-della-sait-puglia\/#primaryimage"},"thumbnailUrl":"\/images\/stories\/saturno.jpg","articleSection":["Notizie"],"inLanguage":"it-IT","potentialAction":[{"@type":"CommentAction","name":"Comment","target":["https:\/\/arteeluoghi.it\/index.php\/2012\/04\/24\/gli-eventi-della-sait-puglia\/#respond"]}]},{"@type":"Person","@id":"https:\/\/arteeluoghi.it\/#\/schema\/person\/f84e814e36e91e01448ee07eaadd41d4","name":"Staff","image":{"@type":"ImageObject","@id":"https:\/\/arteeluoghi.it\/#personlogo","inLanguage":"it-IT","url":"https:\/\/secure.gravatar.com\/avatar\/49d2f9e46271bb04e19cebfaf141313a?s=96&d=blank&r=g","contentUrl":"https:\/\/secure.gravatar.com\/avatar\/49d2f9e46271bb04e19cebfaf141313a?s=96&d=blank&r=g","caption":"Staff"}}]}},"_links":{"self":[{"href":"https:\/\/arteeluoghi.it\/index.php\/wp-json\/wp\/v2\/posts\/671"}],"collection":[{"href":"https:\/\/arteeluoghi.it\/index.php\/wp-json\/wp\/v2\/posts"}],"about":[{"href":"https:\/\/arteeluoghi.it\/index.php\/wp-json\/wp\/v2\/types\/post"}],"author":[{"embeddable":true,"href":"https:\/\/arteeluoghi.it\/index.php\/wp-json\/wp\/v2\/users\/1"}],"replies":[{"embeddable":true,"href":"https:\/\/arteeluoghi.it\/index.php\/wp-json\/wp\/v2\/comments?post=671"}],"version-history":[{"count":1,"href":"https:\/\/arteeluoghi.it\/index.php\/wp-json\/wp\/v2\/posts\/671\/revisions"}],"predecessor-version":[{"id":3271,"href":"https:\/\/arteeluoghi.it\/index.php\/wp-json\/wp\/v2\/posts\/671\/revisions\/3271"}],"wp:attachment":[{"href":"https:\/\/arteeluoghi.it\/index.php\/wp-json\/wp\/v2\/media?parent=671"}],"wp:term":[{"taxonomy":"category","embeddable":true,"href":"https:\/\/arteeluoghi.it\/index.php\/wp-json\/wp\/v2\/categories?post=671"},{"taxonomy":"post_tag","embeddable":true,"href":"https:\/\/arteeluoghi.it\/index.php\/wp-json\/wp\/v2\/tags?post=671"}],"curies":[{"name":"wp","href":"https:\/\/api.w.org\/{rel}","templated":true}]}}