{"id":6742,"date":"2019-06-08T11:45:50","date_gmt":"2019-06-08T09:45:50","guid":{"rendered":"https:\/\/arteeluoghi.it\/?p=6742"},"modified":"2019-06-08T11:45:50","modified_gmt":"2019-06-08T09:45:50","slug":"premio-vigna-dargento-al-via-la-settima-edizione","status":"publish","type":"post","link":"https:\/\/arteeluoghi.it\/index.php\/2019\/06\/08\/premio-vigna-dargento-al-via-la-settima-edizione\/","title":{"rendered":"Premio Vigna d&#8217;Argento. Al via la settima edizione"},"content":{"rendered":"<p><img loading=\"lazy\" class=\"size-medium wp-image-6743 alignleft\" src=\"https:\/\/arteeluoghi.it\/wp-content\/uploads\/2019\/06\/Chiara-Taigi-263x300.jpg\" alt=\"\" width=\"263\" height=\"300\" srcset=\"https:\/\/arteeluoghi.it\/wp-content\/uploads\/2019\/06\/Chiara-Taigi-263x300.jpg 263w, https:\/\/arteeluoghi.it\/wp-content\/uploads\/2019\/06\/Chiara-Taigi.jpg 667w\" sizes=\"(max-width: 263px) 100vw, 263px\" \/><\/p>\n<p style=\"text-align: left;\">LECCE:\u00a0<span style=\"font-family: Verdana;\"><b>Sabato 22 giugno\u00a0<\/b>(<i>ore 21 &#8211; ingresso 10 euro &#8211; info e prevendite 3920731600<\/i>) in\u00a0<b>Piazza Duomo<\/b>\u00a0a\u00a0<b>Lecce<\/b>\u00a0appuntamento con la cerimonia di consegna della settima edizione del &#8220;<b>Premio Vigna D&#8217;Argento<\/b>&#8220;, organizzata dall\u2019agenzia\u00a0<b>Ribalta<\/b>\u00a0con la direzione artistica di\u00a0<b>Pino Lagalle<\/b>\u00a0che condurr\u00e0 la serata con\u00a0<b>Ilia D&#8217;Arpa<\/b>. Il Premio &#8211; disegnato da\u00a0<b>Francesco Palma<\/b>\u00a0e realizzato dal maestro\u00a0<b>Ugo Malecore\u00a0<\/b>(scomparso nel 2013 all&#8217;et\u00e0 di 92 anni, dopo aver formato, nella sua bottega leccese, generazioni di artigiani) &#8211; sar\u00e0 assegnato a personalit\u00e0 dello\u00a0<b>spettacolo<\/b>, delle\u00a0<b>istituzioni<\/b>\u00a0e della\u00a0<b>societ\u00e0 civile<\/b>\u00a0che si sono distinte negli ultimi anni.<\/span>\u00a0A settembre si terr\u00e0 a Roma un&#8217;edizione speciale del\u00a0<b>Premio<\/b>, in collaborazione con l\u2019<b>Associazione Pugliesi nel Mondo<\/b>, nella sala\u00a0<b>Aldo Moro<\/b>\u00a0della\u00a0<b>Camera dei deputati<\/b>.<\/p>\n<p style=\"text-align: left;\"><span style=\"font-family: Verdana;\">Quest&#8217;anno saranno premiati il\u00a0<b>Cardinale<\/b>\u00a0<b>Salvatore De Giorgi<\/b>, il direttore del Coro della diocesi di Roma, attualmente composto da oltre 250 elementi,\u00a0<b>Monsignor<\/b>\u00a0<b>Marco Frisina<\/b>, la soprano\u00a0<b>Chiara Taigi<\/b>, l&#8217;attore\u00a0<b>Kaspar Capparon<\/b><b>i<\/b>, lo stilista\u00a0<b>Pino Cordella<\/b>, con una sfilata per festeggiare i 65 anni dell&#8217;<b>Istituto Cordella<\/b>, scuola di moda con sede a Lecce e Roma,\u00a0<b>Marco Baruffaldi<\/b>, giovane cantante rap affetto dalla sindrome di down che affronter\u00e0 con i ragazzi e le ragazze del progetto\u00a0<b>MaBasta!<\/b>\u00a0i temi del bullismo, l&#8217;ematologo\u00a0<b>Nicola Di Renzo<\/b>\u00a0(direttore del reparto di Ematologia e Trapianto di Cellule Staminali al \u201cVito Fazzi\u201d di Lecce), il presidente del Conservatorio di Musica Tito Schipa di Lecce\u00a0<b>Biagio Marzo<\/b>, l&#8217;oncologa\u00a0<b>Silvana Leo\u00a0<\/b>(coordinatrice del Collegio Italiano dei Primari Oncologi Medici Ospedalieri per la Puglia e direttrice dell\u2019Oncologia Medica del Vito Fazzi di Lecce), il cast del film\u00a0<b>A.N.I.M.A.<\/b>\u00a0(i registi Pino Ammendola e Rosario Montesanti e l&#8217;attrice con Maria Letizia Gorga) e il presidente dell&#8217;Unione Sportiva Lecce<b>Saverio Sticchi Damiani<\/b>, per celebrare il ritorno in Serie A della squadra giallorossa. Un premio alla memoria sar\u00e0 assegnato a<b>\u00a0Giuseppe Codacci Pisanelli<\/b>, docente e politico, pi\u00f9 volte deputato e ministro, primo rettore dell&#8217;Universit\u00e0 degli Studi di Lecce (ora Universit\u00e0 del Salento).<\/span><\/p>\n<p><!--more--><\/p>\n<p style=\"text-align: left;\"><span style=\"font-family: Verdana;\"><img loading=\"lazy\" class=\"alignnone size-medium wp-image-6724 alignright\" src=\"https:\/\/arteeluoghi.it\/wp-content\/uploads\/2019\/06\/Premio-Vigna-DArgento-300x300.png\" alt=\"\" width=\"300\" height=\"300\" srcset=\"https:\/\/arteeluoghi.it\/wp-content\/uploads\/2019\/06\/Premio-Vigna-DArgento-300x300.png 300w, https:\/\/arteeluoghi.it\/wp-content\/uploads\/2019\/06\/Premio-Vigna-DArgento-150x150.png 150w, https:\/\/arteeluoghi.it\/wp-content\/uploads\/2019\/06\/Premio-Vigna-DArgento-768x768.png 768w, https:\/\/arteeluoghi.it\/wp-content\/uploads\/2019\/06\/Premio-Vigna-DArgento.png 815w\" sizes=\"(max-width: 300px) 100vw, 300px\" \/>Molti gli ospiti musicali della serata:\u00a0<b>Full Project<\/b>\u00a0(gruppo finalista del programma T\u00fa S\u00ed Que Vales che si \u00e8 esibito in Stati Uniti, India, Europa, Russia, Siberia, Giappone, Cina e Marocco),\u00a0<b>Coro Polifonico San Guido<\/b>\u00a0diretto dal\u00a0<b>Maestro Valerio De Giorgi<\/b>,\u00a0<b>Elisabetta Guido<\/b>,\u00a0<b>Carla Petrachi<\/b>,\u00a0<b>Raffaella Liccardi<\/b>,\u00a0<b>Gabriele Nahi<\/b>,\u00a0<b>Tommy Miglietta<\/b>\u00a0e l&#8217;attore\/<\/span><span style=\"font-family: Verdana;\">magistrato\u00a0<b>Salvatore Cosentino<\/b>. La serata ospiter\u00e0, in anteprima, anche la presentazione del libro &#8211; scritto da\u00a0<b>Giuseppe Grecucci<\/b>,\u00a0<b>Angelo Cappello\u00a0<\/b>e\u00a0<b>Pino Lagalle<\/b>\u00a0ed edito dal\u00a0<b>Raggio Verde<\/b>\u00a0&#8211; che racconta la storia della Banda di Squinzano &#8220;<b>Ernesto e Gennaro Abbate<\/b>&#8221; che si esibir\u00e0 sul palco con alcuni brani del repertorio che ha affascinato grandi personaggi della musica e dello spettacolo come Nicola Piovani, Tito Schipa jr, Pippo Baudo, Giuliano Sangiorgi, Albano, Giovanni Allevi e molti altri. &#8220;Un particolare impegno, una costante ricerca soprattutto per rendere al meglio le immagini spesso sfuocate dei personaggi, dei documenti di un&#8217;epoca che ha visto la nascita e la progressiva crescita di un vero e proprio fenomeno culturale&#8221;, si legge nelle note di copertina. &#8220;Questa \u00e8 stata la nostra tangibile e tenace volont\u00e0, per rendere onore, sia pure soltanto nel campo editoriale, alla memoria non solo di Ernesto e Gennaro Abbate, ma a tutta la comunit\u00e0 squinzanese che ha nel cuore, ne siamo certi, la sensibile predisposizione verso la propria storia, seppure sovente trascurata. Con la banda di Squinzano, la storia non solo musicale della nostra gente, si rafforza e rinvigorisce quella geniale salentinit\u00e0 che ci piace sottolineare e proporre&#8221;.<\/span><br \/>\n<span style=\"font-family: Verdana;\">La serata &#8211; che sar\u00e0 trasmessa in diretta su\u00a0<b>Teledehon<\/b>\u00a0e in streaming su\u00a0<b>SalentoTelevision<\/b>\u00a0&#8211; \u00e8 organizzata con il patrocinio di\u00a0<b>Mibac<\/b>\u00a0e in collaborazione con\u00a0<b>Regione Puglia<\/b>,\u00a0<b>Provincia di Lecce<\/b>,\u00a0<b>Comune di Lecce<\/b>,\u00a0<b>Universit\u00e0 del Salento<\/b>,\u00a0<b>PugliaPromozione<\/b>,\u00a0<b>Siae<\/b>,\u00a0<b>Camera di Commercio di Lecce<\/b>,\u00a0<b>Cna<\/b>,\u00a0<b>Avis<\/b>,\u00a0<b>Conservatorio di musica &#8220;Tito Schipa&#8221; di Lecce<\/b>,\u00a0<b>Raggio Verde<\/b>,\u00a0<b>Laica<\/b>,<b>\u00a0Citt\u00e0 della Musica<\/b>\u00a0e il sostegno di\u00a0<b>Cml &#8211; Trasmar<\/b>,\u00a0<b>Fatano<\/b>,\u00a0<b>Bcc &#8211; Credito Cooperativo di Leverano<\/b>,\u00a0<b>La Bustaia<\/b>. Mediapartner\u00a0<b>Telerama<\/b>\u00a0e\u00a0<b>PortaLecce<\/b>.\u00a0<\/span><\/p>\n","protected":false},"excerpt":{"rendered":"<p>LECCE:\u00a0Sabato 22 giugno\u00a0(ore 21 &#8211; ingresso 10 euro &#8211; info e prevendite 3920731600) in\u00a0Piazza Duomo\u00a0a\u00a0Lecce\u00a0appuntamento con la cerimonia di consegna<\/p>\n","protected":false},"author":1,"featured_media":6744,"comment_status":"open","ping_status":"open","sticky":true,"template":"","format":"standard","meta":[],"categories":[28],"tags":[1634,1635,1126,1626,109,1117,1630,1637,1633,1625,1628,1636,1627,786,1623,1116,1629,1624,1632,1631,1118],"yoast_head":"<!-- This site is optimized with the Yoast SEO plugin v18.0 - https:\/\/yoast.com\/wordpress\/plugins\/seo\/ -->\n<title>Premio Vigna d&#039;Argento. Al via la settima edizione | Arte e Luoghi<\/title>\n<meta name=\"robots\" content=\"index, follow, max-snippet:-1, max-image-preview:large, max-video-preview:-1\" \/>\n<link rel=\"canonical\" href=\"https:\/\/arteeluoghi.it\/index.php\/2019\/06\/08\/premio-vigna-dargento-al-via-la-settima-edizione\/\" \/>\n<meta property=\"og:locale\" content=\"it_IT\" \/>\n<meta property=\"og:type\" content=\"article\" \/>\n<meta property=\"og:title\" content=\"Premio Vigna d&#039;Argento. Al via la settima edizione | Arte e Luoghi\" \/>\n<meta property=\"og:description\" content=\"LECCE:\u00a0Sabato 22 giugno\u00a0(ore 21 &#8211; ingresso 10 euro &#8211; info e prevendite 3920731600) in\u00a0Piazza Duomo\u00a0a\u00a0Lecce\u00a0appuntamento con la cerimonia di consegna\" \/>\n<meta property=\"og:url\" content=\"https:\/\/arteeluoghi.it\/index.php\/2019\/06\/08\/premio-vigna-dargento-al-via-la-settima-edizione\/\" \/>\n<meta property=\"og:site_name\" content=\"Arte e Luoghi\" \/>\n<meta property=\"article:publisher\" content=\"https:\/\/www.facebook.com\/ArteELuoghi\/\" \/>\n<meta property=\"article:published_time\" content=\"2019-06-08T09:45:50+00:00\" \/>\n<meta property=\"og:image\" content=\"https:\/\/arteeluoghi.it\/wp-content\/uploads\/2019\/06\/Kaspar-Capparoni.jpg\" \/>\n\t<meta property=\"og:image:width\" content=\"1181\" \/>\n\t<meta property=\"og:image:height\" content=\"787\" \/>\n\t<meta property=\"og:image:type\" content=\"image\/jpeg\" \/>\n<meta name=\"twitter:card\" content=\"summary\" \/>\n<meta name=\"twitter:creator\" content=\"@arteeluoghi\" \/>\n<meta name=\"twitter:site\" content=\"@arteeluoghi\" \/>\n<meta name=\"twitter:label1\" content=\"Scritto da\" \/>\n\t<meta name=\"twitter:data1\" content=\"Staff\" \/>\n\t<meta name=\"twitter:label2\" content=\"Tempo di lettura stimato\" \/>\n\t<meta name=\"twitter:data2\" content=\"3 minuti\" \/>\n<script type=\"application\/ld+json\" class=\"yoast-schema-graph\">{\"@context\":\"https:\/\/schema.org\",\"@graph\":[{\"@type\":\"Organization\",\"@id\":\"https:\/\/arteeluoghi.it\/#organization\",\"name\":\"Arte e Luoghi\",\"url\":\"https:\/\/arteeluoghi.it\/\",\"sameAs\":[\"https:\/\/www.facebook.com\/ArteELuoghi\/\",\"https:\/\/www.instagram.com\/arteeluoghi\/?hl=it\",\"https:\/\/www.youtube.com\/channel\/UCuRVc4JW4-C5sg9rQB-srkw?view_as=subscriber\",\"https:\/\/twitter.com\/arteeluoghi\"],\"logo\":{\"@type\":\"ImageObject\",\"@id\":\"https:\/\/arteeluoghi.it\/#logo\",\"inLanguage\":\"it-IT\",\"url\":\"https:\/\/arteeluoghi.it\/wp-content\/uploads\/2018\/08\/logoinstagramarte.jpg\",\"contentUrl\":\"https:\/\/arteeluoghi.it\/wp-content\/uploads\/2018\/08\/logoinstagramarte.jpg\",\"width\":150,\"height\":150,\"caption\":\"Arte e Luoghi\"},\"image\":{\"@id\":\"https:\/\/arteeluoghi.it\/#logo\"}},{\"@type\":\"WebSite\",\"@id\":\"https:\/\/arteeluoghi.it\/#website\",\"url\":\"https:\/\/arteeluoghi.it\/\",\"name\":\"Arte e Luoghi\",\"description\":\"Mensile di arte, cultura, turismo e curiosit\u00e0\",\"publisher\":{\"@id\":\"https:\/\/arteeluoghi.it\/#organization\"},\"potentialAction\":[{\"@type\":\"SearchAction\",\"target\":{\"@type\":\"EntryPoint\",\"urlTemplate\":\"https:\/\/arteeluoghi.it\/?s={search_term_string}\"},\"query-input\":\"required name=search_term_string\"}],\"inLanguage\":\"it-IT\"},{\"@type\":\"ImageObject\",\"@id\":\"https:\/\/arteeluoghi.it\/index.php\/2019\/06\/08\/premio-vigna-dargento-al-via-la-settima-edizione\/#primaryimage\",\"inLanguage\":\"it-IT\",\"url\":\"https:\/\/arteeluoghi.it\/wp-content\/uploads\/2019\/06\/Kaspar-Capparoni.jpg\",\"contentUrl\":\"https:\/\/arteeluoghi.it\/wp-content\/uploads\/2019\/06\/Kaspar-Capparoni.jpg\",\"width\":1181,\"height\":787,\"caption\":\"Foto Cosima Scavolini\/Lapresse13-06-2011 RomaSpettacoloPresentazione della fiction Rex 3Nella foto Kaspar Capparoni e il cane RexPhoto Cosima Scavolini\/Lapresse13-06-2011 RomeEntertainmentPresentation of the tv film Rex 3In the photo Kaspar Capparoni and dog Rex\"},{\"@type\":\"WebPage\",\"@id\":\"https:\/\/arteeluoghi.it\/index.php\/2019\/06\/08\/premio-vigna-dargento-al-via-la-settima-edizione\/#webpage\",\"url\":\"https:\/\/arteeluoghi.it\/index.php\/2019\/06\/08\/premio-vigna-dargento-al-via-la-settima-edizione\/\",\"name\":\"Premio Vigna d'Argento. Al via la settima edizione | Arte e Luoghi\",\"isPartOf\":{\"@id\":\"https:\/\/arteeluoghi.it\/#website\"},\"primaryImageOfPage\":{\"@id\":\"https:\/\/arteeluoghi.it\/index.php\/2019\/06\/08\/premio-vigna-dargento-al-via-la-settima-edizione\/#primaryimage\"},\"datePublished\":\"2019-06-08T09:45:50+00:00\",\"dateModified\":\"2019-06-08T09:45:50+00:00\",\"breadcrumb\":{\"@id\":\"https:\/\/arteeluoghi.it\/index.php\/2019\/06\/08\/premio-vigna-dargento-al-via-la-settima-edizione\/#breadcrumb\"},\"inLanguage\":\"it-IT\",\"potentialAction\":[{\"@type\":\"ReadAction\",\"target\":[\"https:\/\/arteeluoghi.it\/index.php\/2019\/06\/08\/premio-vigna-dargento-al-via-la-settima-edizione\/\"]}]},{\"@type\":\"BreadcrumbList\",\"@id\":\"https:\/\/arteeluoghi.it\/index.php\/2019\/06\/08\/premio-vigna-dargento-al-via-la-settima-edizione\/#breadcrumb\",\"itemListElement\":[{\"@type\":\"ListItem\",\"position\":1,\"name\":\"Home\",\"item\":\"https:\/\/arteeluoghi.it\/\"},{\"@type\":\"ListItem\",\"position\":2,\"name\":\"Premio Vigna d&#8217;Argento. Al via la settima edizione\"}]},{\"@type\":\"Article\",\"@id\":\"https:\/\/arteeluoghi.it\/index.php\/2019\/06\/08\/premio-vigna-dargento-al-via-la-settima-edizione\/#article\",\"isPartOf\":{\"@id\":\"https:\/\/arteeluoghi.it\/index.php\/2019\/06\/08\/premio-vigna-dargento-al-via-la-settima-edizione\/#webpage\"},\"author\":{\"@id\":\"https:\/\/arteeluoghi.it\/#\/schema\/person\/f84e814e36e91e01448ee07eaadd41d4\"},\"headline\":\"Premio Vigna d&#8217;Argento. Al via la settima edizione\",\"datePublished\":\"2019-06-08T09:45:50+00:00\",\"dateModified\":\"2019-06-08T09:45:50+00:00\",\"mainEntityOfPage\":{\"@id\":\"https:\/\/arteeluoghi.it\/index.php\/2019\/06\/08\/premio-vigna-dargento-al-via-la-settima-edizione\/#webpage\"},\"wordCount\":658,\"commentCount\":0,\"publisher\":{\"@id\":\"https:\/\/arteeluoghi.it\/#organization\"},\"image\":{\"@id\":\"https:\/\/arteeluoghi.it\/index.php\/2019\/06\/08\/premio-vigna-dargento-al-via-la-settima-edizione\/#primaryimage\"},\"thumbnailUrl\":\"https:\/\/arteeluoghi.it\/wp-content\/uploads\/2019\/06\/Kaspar-Capparoni.jpg\",\"keywords\":[\"Angelo Cappello\",\"Cardinale\u00a0Salvatore De Giorgi\",\"Carla Petrachi\",\"Chiara Taigi\",\"Elisabetta Guido\",\"Francesco Palma\",\"Gabriele Nahi\",\"Gennaro ed Ernesto Abbate\",\"Giuseppe Grecucci\",\"Kaspar Capparoni\",\"Maestro Valerio De Giorgi\",\"Monsignor\u00a0Marco Frisina\",\"Nicola Di Renzo\",\"Pino Cordella\",\"Pino Lagalle\",\"Premio Vigna d\u2019Argento\",\"Raffaella Liccardi\",\"Ribalta\",\"Salvatore Cosentino\",\"Tommy Miglietta\",\"Ugo Malecore\"],\"articleSection\":[\"Notizie\"],\"inLanguage\":\"it-IT\",\"potentialAction\":[{\"@type\":\"CommentAction\",\"name\":\"Comment\",\"target\":[\"https:\/\/arteeluoghi.it\/index.php\/2019\/06\/08\/premio-vigna-dargento-al-via-la-settima-edizione\/#respond\"]}]},{\"@type\":\"Person\",\"@id\":\"https:\/\/arteeluoghi.it\/#\/schema\/person\/f84e814e36e91e01448ee07eaadd41d4\",\"name\":\"Staff\",\"image\":{\"@type\":\"ImageObject\",\"@id\":\"https:\/\/arteeluoghi.it\/#personlogo\",\"inLanguage\":\"it-IT\",\"url\":\"https:\/\/secure.gravatar.com\/avatar\/49d2f9e46271bb04e19cebfaf141313a?s=96&d=blank&r=g\",\"contentUrl\":\"https:\/\/secure.gravatar.com\/avatar\/49d2f9e46271bb04e19cebfaf141313a?s=96&d=blank&r=g\",\"caption\":\"Staff\"}}]}<\/script>\n<!-- \/ Yoast SEO plugin. -->","yoast_head_json":{"title":"Premio Vigna d'Argento. Al via la settima edizione | Arte e Luoghi","robots":{"index":"index","follow":"follow","max-snippet":"max-snippet:-1","max-image-preview":"max-image-preview:large","max-video-preview":"max-video-preview:-1"},"canonical":"https:\/\/arteeluoghi.it\/index.php\/2019\/06\/08\/premio-vigna-dargento-al-via-la-settima-edizione\/","og_locale":"it_IT","og_type":"article","og_title":"Premio Vigna d'Argento. Al via la settima edizione | Arte e Luoghi","og_description":"LECCE:\u00a0Sabato 22 giugno\u00a0(ore 21 &#8211; ingresso 10 euro &#8211; info e prevendite 3920731600) in\u00a0Piazza Duomo\u00a0a\u00a0Lecce\u00a0appuntamento con la cerimonia di consegna","og_url":"https:\/\/arteeluoghi.it\/index.php\/2019\/06\/08\/premio-vigna-dargento-al-via-la-settima-edizione\/","og_site_name":"Arte e Luoghi","article_publisher":"https:\/\/www.facebook.com\/ArteELuoghi\/","article_published_time":"2019-06-08T09:45:50+00:00","og_image":[{"width":1181,"height":787,"url":"https:\/\/arteeluoghi.it\/wp-content\/uploads\/2019\/06\/Kaspar-Capparoni.jpg","type":"image\/jpeg"}],"twitter_card":"summary","twitter_creator":"@arteeluoghi","twitter_site":"@arteeluoghi","twitter_misc":{"Scritto da":"Staff","Tempo di lettura stimato":"3 minuti"},"schema":{"@context":"https:\/\/schema.org","@graph":[{"@type":"Organization","@id":"https:\/\/arteeluoghi.it\/#organization","name":"Arte e Luoghi","url":"https:\/\/arteeluoghi.it\/","sameAs":["https:\/\/www.facebook.com\/ArteELuoghi\/","https:\/\/www.instagram.com\/arteeluoghi\/?hl=it","https:\/\/www.youtube.com\/channel\/UCuRVc4JW4-C5sg9rQB-srkw?view_as=subscriber","https:\/\/twitter.com\/arteeluoghi"],"logo":{"@type":"ImageObject","@id":"https:\/\/arteeluoghi.it\/#logo","inLanguage":"it-IT","url":"https:\/\/arteeluoghi.it\/wp-content\/uploads\/2018\/08\/logoinstagramarte.jpg","contentUrl":"https:\/\/arteeluoghi.it\/wp-content\/uploads\/2018\/08\/logoinstagramarte.jpg","width":150,"height":150,"caption":"Arte e Luoghi"},"image":{"@id":"https:\/\/arteeluoghi.it\/#logo"}},{"@type":"WebSite","@id":"https:\/\/arteeluoghi.it\/#website","url":"https:\/\/arteeluoghi.it\/","name":"Arte e Luoghi","description":"Mensile di arte, cultura, turismo e curiosit\u00e0","publisher":{"@id":"https:\/\/arteeluoghi.it\/#organization"},"potentialAction":[{"@type":"SearchAction","target":{"@type":"EntryPoint","urlTemplate":"https:\/\/arteeluoghi.it\/?s={search_term_string}"},"query-input":"required name=search_term_string"}],"inLanguage":"it-IT"},{"@type":"ImageObject","@id":"https:\/\/arteeluoghi.it\/index.php\/2019\/06\/08\/premio-vigna-dargento-al-via-la-settima-edizione\/#primaryimage","inLanguage":"it-IT","url":"https:\/\/arteeluoghi.it\/wp-content\/uploads\/2019\/06\/Kaspar-Capparoni.jpg","contentUrl":"https:\/\/arteeluoghi.it\/wp-content\/uploads\/2019\/06\/Kaspar-Capparoni.jpg","width":1181,"height":787,"caption":"Foto Cosima Scavolini\/Lapresse13-06-2011 RomaSpettacoloPresentazione della fiction Rex 3Nella foto Kaspar Capparoni e il cane RexPhoto Cosima Scavolini\/Lapresse13-06-2011 RomeEntertainmentPresentation of the tv film Rex 3In the photo Kaspar Capparoni and dog Rex"},{"@type":"WebPage","@id":"https:\/\/arteeluoghi.it\/index.php\/2019\/06\/08\/premio-vigna-dargento-al-via-la-settima-edizione\/#webpage","url":"https:\/\/arteeluoghi.it\/index.php\/2019\/06\/08\/premio-vigna-dargento-al-via-la-settima-edizione\/","name":"Premio Vigna d'Argento. Al via la settima edizione | Arte e Luoghi","isPartOf":{"@id":"https:\/\/arteeluoghi.it\/#website"},"primaryImageOfPage":{"@id":"https:\/\/arteeluoghi.it\/index.php\/2019\/06\/08\/premio-vigna-dargento-al-via-la-settima-edizione\/#primaryimage"},"datePublished":"2019-06-08T09:45:50+00:00","dateModified":"2019-06-08T09:45:50+00:00","breadcrumb":{"@id":"https:\/\/arteeluoghi.it\/index.php\/2019\/06\/08\/premio-vigna-dargento-al-via-la-settima-edizione\/#breadcrumb"},"inLanguage":"it-IT","potentialAction":[{"@type":"ReadAction","target":["https:\/\/arteeluoghi.it\/index.php\/2019\/06\/08\/premio-vigna-dargento-al-via-la-settima-edizione\/"]}]},{"@type":"BreadcrumbList","@id":"https:\/\/arteeluoghi.it\/index.php\/2019\/06\/08\/premio-vigna-dargento-al-via-la-settima-edizione\/#breadcrumb","itemListElement":[{"@type":"ListItem","position":1,"name":"Home","item":"https:\/\/arteeluoghi.it\/"},{"@type":"ListItem","position":2,"name":"Premio Vigna d&#8217;Argento. Al via la settima edizione"}]},{"@type":"Article","@id":"https:\/\/arteeluoghi.it\/index.php\/2019\/06\/08\/premio-vigna-dargento-al-via-la-settima-edizione\/#article","isPartOf":{"@id":"https:\/\/arteeluoghi.it\/index.php\/2019\/06\/08\/premio-vigna-dargento-al-via-la-settima-edizione\/#webpage"},"author":{"@id":"https:\/\/arteeluoghi.it\/#\/schema\/person\/f84e814e36e91e01448ee07eaadd41d4"},"headline":"Premio Vigna d&#8217;Argento. Al via la settima edizione","datePublished":"2019-06-08T09:45:50+00:00","dateModified":"2019-06-08T09:45:50+00:00","mainEntityOfPage":{"@id":"https:\/\/arteeluoghi.it\/index.php\/2019\/06\/08\/premio-vigna-dargento-al-via-la-settima-edizione\/#webpage"},"wordCount":658,"commentCount":0,"publisher":{"@id":"https:\/\/arteeluoghi.it\/#organization"},"image":{"@id":"https:\/\/arteeluoghi.it\/index.php\/2019\/06\/08\/premio-vigna-dargento-al-via-la-settima-edizione\/#primaryimage"},"thumbnailUrl":"https:\/\/arteeluoghi.it\/wp-content\/uploads\/2019\/06\/Kaspar-Capparoni.jpg","keywords":["Angelo Cappello","Cardinale\u00a0Salvatore De Giorgi","Carla Petrachi","Chiara Taigi","Elisabetta Guido","Francesco Palma","Gabriele Nahi","Gennaro ed Ernesto Abbate","Giuseppe Grecucci","Kaspar Capparoni","Maestro Valerio De Giorgi","Monsignor\u00a0Marco Frisina","Nicola Di Renzo","Pino Cordella","Pino Lagalle","Premio Vigna d\u2019Argento","Raffaella Liccardi","Ribalta","Salvatore Cosentino","Tommy Miglietta","Ugo Malecore"],"articleSection":["Notizie"],"inLanguage":"it-IT","potentialAction":[{"@type":"CommentAction","name":"Comment","target":["https:\/\/arteeluoghi.it\/index.php\/2019\/06\/08\/premio-vigna-dargento-al-via-la-settima-edizione\/#respond"]}]},{"@type":"Person","@id":"https:\/\/arteeluoghi.it\/#\/schema\/person\/f84e814e36e91e01448ee07eaadd41d4","name":"Staff","image":{"@type":"ImageObject","@id":"https:\/\/arteeluoghi.it\/#personlogo","inLanguage":"it-IT","url":"https:\/\/secure.gravatar.com\/avatar\/49d2f9e46271bb04e19cebfaf141313a?s=96&d=blank&r=g","contentUrl":"https:\/\/secure.gravatar.com\/avatar\/49d2f9e46271bb04e19cebfaf141313a?s=96&d=blank&r=g","caption":"Staff"}}]}},"_links":{"self":[{"href":"https:\/\/arteeluoghi.it\/index.php\/wp-json\/wp\/v2\/posts\/6742"}],"collection":[{"href":"https:\/\/arteeluoghi.it\/index.php\/wp-json\/wp\/v2\/posts"}],"about":[{"href":"https:\/\/arteeluoghi.it\/index.php\/wp-json\/wp\/v2\/types\/post"}],"author":[{"embeddable":true,"href":"https:\/\/arteeluoghi.it\/index.php\/wp-json\/wp\/v2\/users\/1"}],"replies":[{"embeddable":true,"href":"https:\/\/arteeluoghi.it\/index.php\/wp-json\/wp\/v2\/comments?post=6742"}],"version-history":[{"count":1,"href":"https:\/\/arteeluoghi.it\/index.php\/wp-json\/wp\/v2\/posts\/6742\/revisions"}],"predecessor-version":[{"id":6745,"href":"https:\/\/arteeluoghi.it\/index.php\/wp-json\/wp\/v2\/posts\/6742\/revisions\/6745"}],"wp:featuredmedia":[{"embeddable":true,"href":"https:\/\/arteeluoghi.it\/index.php\/wp-json\/wp\/v2\/media\/6744"}],"wp:attachment":[{"href":"https:\/\/arteeluoghi.it\/index.php\/wp-json\/wp\/v2\/media?parent=6742"}],"wp:term":[{"taxonomy":"category","embeddable":true,"href":"https:\/\/arteeluoghi.it\/index.php\/wp-json\/wp\/v2\/categories?post=6742"},{"taxonomy":"post_tag","embeddable":true,"href":"https:\/\/arteeluoghi.it\/index.php\/wp-json\/wp\/v2\/tags?post=6742"}],"curies":[{"name":"wp","href":"https:\/\/api.w.org\/{rel}","templated":true}]}}