{"id":6787,"date":"2019-07-03T22:52:51","date_gmt":"2019-07-03T20:52:51","guid":{"rendered":"https:\/\/arteeluoghi.it\/?p=6787"},"modified":"2019-07-03T22:56:18","modified_gmt":"2019-07-03T20:56:18","slug":"il-muro-di-bartolomei-in-mostra-nellantica-saliera","status":"publish","type":"post","link":"https:\/\/arteeluoghi.it\/index.php\/2019\/07\/03\/il-muro-di-bartolomei-in-mostra-nellantica-saliera\/","title":{"rendered":"Il &#8220;Muro&#8221; di Bartolomei in mostra nell&#8217;antica saliera"},"content":{"rendered":"<p><img loading=\"lazy\" class=\"size-medium wp-image-6788 alignleft\" src=\"https:\/\/arteeluoghi.it\/wp-content\/uploads\/2019\/07\/img-20180808-202258_3_orig-246x300.jpg\" alt=\"\" width=\"246\" height=\"300\" srcset=\"https:\/\/arteeluoghi.it\/wp-content\/uploads\/2019\/07\/img-20180808-202258_3_orig-246x300.jpg 246w, https:\/\/arteeluoghi.it\/wp-content\/uploads\/2019\/07\/img-20180808-202258_3_orig.jpg 657w\" sizes=\"(max-width: 246px) 100vw, 246px\" \/> \u00a0LECCE. Giuseppe Bartolomei, l&#8217;artista che dipinge utilizzando materiali come caff\u00e8 e frutta esporr\u00e0 a Lecce la sua opera &#8220;Muro&#8221; (tecnica mista, colori a olio, caff\u00e8 acrilico e stucco) nell&#8217;ambito della mostra collettiva &#8220;Nel buio&#8221;, percorso espositivo sensoriale curato da Gina Affinito che sar\u00e0 inaugurato il 5 luglio nelle sale dell&#8217;Antica Saliera: un&#8217;esperienza sensoriale unica da vivere nella totale oscurit\u00e0 da parte dei visitatori. In questa dimensione singolare e straordinaria, l&#8217;opera materica &#8220;Muro&#8221; del pittore Bartolomei generer\u00e0 prevalentemente emozioni sensoriali.<br \/>\nIl muro rappresenta la solidit\u00e0, ci\u00f2 che \u00e8 stato costruito, i riflessi di vernice sono le nostre presenze, assolutamente transitorie. Il significato \u00e8 inequivocabile: noi passiamo ci\u00f2 che \u00e8 stato costruito resta. Ricordo la casa natale di mia madre, ricordo il muro esterno e la pergola che correva lungo il caseggiato.<\/p>\n<p>Ricordo l&#8217;ombra dei pampini e il celeste dell&#8217;acqua ramata sulla superficie grigia della parete, ricordo stuccature e rimaneggiature di vari colori. Ecco, quella era casa dei miei bisnonni. poi di mia madre.<\/p>\n<p><!--more-->Sono rimasto io. Sin da allora, poco pi\u00f9 che fanciullo, quel muro deve aver suggerito un senso di immanenza e nel contempo di transitoriet\u00e0. Ed \u00e8 questo che ho voluto riportare su tela, spiega l&#8217;artista.<\/p>\n<figure id=\"attachment_6791\" aria-describedby=\"caption-attachment-6791\" style=\"width: 689px\" class=\"wp-caption alignright\"><img loading=\"lazy\" class=\"wp-image-6791 size-full\" src=\"https:\/\/arteeluoghi.it\/wp-content\/uploads\/2019\/07\/20190702_192403.jpg\" alt=\"\" width=\"689\" height=\"897\" srcset=\"https:\/\/arteeluoghi.it\/wp-content\/uploads\/2019\/07\/20190702_192403.jpg 689w, https:\/\/arteeluoghi.it\/wp-content\/uploads\/2019\/07\/20190702_192403-230x300.jpg 230w\" sizes=\"(max-width: 689px) 100vw, 689px\" \/><figcaption id=\"caption-attachment-6791\" class=\"wp-caption-text\">Giuseppe Bartolomei, Muro, \uf0d3 2019 (credits: ufficio stampa dell&#8217;artista)<\/figcaption><\/figure>\n<p>Giuseppe Bartolomei, pittore e regista televisivo, ha iniziato a dipingere sperimentando prima il kiwi, poi \u00e8 passato al caff\u00e8, alle marmellate, unendo nel corso della sua sperimentazione artistica, i colori a olio, a tempera, lo stucco insieme ai granuli di caff\u00e8. Si tratta di una tecnica molto particolare di arte materica: l&#8217;artista utilizza elementi naturali, li sparge su tela creando un effetto astratto. Poi ritorna sulla tela imprimendo segni che danno nuovo ordine e nuovo senso e che vanno a definire e a delineare un disegno gi\u00e0 prefigurato in modo preciso nella sua mente. Giochi di colori, armonie di materie che si intersecano e si intrecciano in un nuovo modello creativo.<br \/>\n<img loading=\"lazy\" class=\"size-medium wp-image-6792 alignright\" src=\"https:\/\/arteeluoghi.it\/wp-content\/uploads\/2019\/07\/20190702_192907-200x300.jpg\" alt=\"\" width=\"200\" height=\"300\" srcset=\"https:\/\/arteeluoghi.it\/wp-content\/uploads\/2019\/07\/20190702_192907-200x300.jpg 200w, https:\/\/arteeluoghi.it\/wp-content\/uploads\/2019\/07\/20190702_192907-682x1024.jpg 682w, https:\/\/arteeluoghi.it\/wp-content\/uploads\/2019\/07\/20190702_192907.jpg 720w\" sizes=\"(max-width: 200px) 100vw, 200px\" \/>&#8220;C&#8217;\u00e8 una linea sottile che unisce la mia attivit\u00e0 professionale di regista televisivo, alle mie creazioni artistiche: la narrazione. Una alternanza veloce di immagini che raccontano storie, un flusso veloce di sequenze in grado di generare emozioni sia nel telespettatore che nello spettatore di un quadro. La pittura \u00e8 la mia narrazione personale, singolare di stati d&#8217;animo che provo in quel momento specifico, li riporto su tela con l&#8217;intensit\u00e0 che mi attraversa in quei frangenti. Ascolto queste emozioni e le plasmo dando loro una forma compiuta, le materializzo, immaginando che chi osserva un mio dipinto si ritrovi con la stessa veemenza in quelle esperienze emozionali.&#8221; Cos\u00ec l&#8217;artista Bartolomei spiega come nascono le sue opere.<\/p>\n<p>(fonte: comunicato stampa)<\/p>\n<p>&nbsp;<\/p>\n<p>&nbsp;<\/p>\n<p>&nbsp;<\/p>\n<p><a href=\"https:\/\/www.facebook.com\/events\/2404357289585109\/\">Antica Saliera Studio Gallery<\/a><\/p>\n<p>Lecce, in Via degli Antoglietta 11\/A,<\/p>\n<p>Dal 5 al 19 luglio 2019, con inaugurazione venerd\u00ec 5 luglio 2019 ore 20.00<br \/>\nLe visite guidate saranno gestite daUnione Italiana Ciechi nei giorni dispari (luned\u00ec,<br \/>\nmercoled\u00ec, venerd\u00ec) con il seguente calendario:<br \/>\nluned\u00ec 8, mercoled\u00ec 10 e venerd\u00ec 12 luglio, ore 17.00\/21.00<br \/>\nluned\u00ec 15, mercoled\u00ec 17 e venerd\u00ec 19 luglio, ore 17.00\/21.00<br \/>\nPrenotazione consigliata: antica.saliera@gmail.com &#8211; 327.3463882<\/p>\n<p>&nbsp;<\/p>\n<p>&nbsp;<\/p>\n<p>&nbsp;<\/p>\n<p>&nbsp;<\/p>\n<p>&nbsp;<\/p>\n<p>&nbsp;<\/p>\n","protected":false},"excerpt":{"rendered":"<p>\u00a0LECCE. Giuseppe Bartolomei, l&#8217;artista che dipinge utilizzando materiali come caff\u00e8 e frutta esporr\u00e0 a Lecce la sua opera &#8220;Muro&#8221; (tecnica<\/p>\n","protected":false},"author":1,"featured_media":6789,"comment_status":"open","ping_status":"open","sticky":true,"template":"","format":"standard","meta":[],"categories":[27,3],"tags":[1664,1663,1662,1665],"yoast_head":"<!-- This site is optimized with the Yoast SEO plugin v18.0 - https:\/\/yoast.com\/wordpress\/plugins\/seo\/ -->\n<title>Il &quot;Muro&quot; di Bartolomei in mostra nell&#039;antica saliera | Arte e Luoghi<\/title>\n<meta name=\"robots\" content=\"index, follow, max-snippet:-1, max-image-preview:large, max-video-preview:-1\" \/>\n<link rel=\"canonical\" href=\"https:\/\/arteeluoghi.it\/index.php\/2019\/07\/03\/il-muro-di-bartolomei-in-mostra-nellantica-saliera\/\" \/>\n<meta property=\"og:locale\" content=\"it_IT\" \/>\n<meta property=\"og:type\" content=\"article\" \/>\n<meta property=\"og:title\" content=\"Il &quot;Muro&quot; di Bartolomei in mostra nell&#039;antica saliera | Arte e Luoghi\" \/>\n<meta property=\"og:description\" content=\"\u00a0LECCE. Giuseppe Bartolomei, l&#8217;artista che dipinge utilizzando materiali come caff\u00e8 e frutta esporr\u00e0 a Lecce la sua opera &#8220;Muro&#8221; (tecnica\" \/>\n<meta property=\"og:url\" content=\"https:\/\/arteeluoghi.it\/index.php\/2019\/07\/03\/il-muro-di-bartolomei-in-mostra-nellantica-saliera\/\" \/>\n<meta property=\"og:site_name\" content=\"Arte e Luoghi\" \/>\n<meta property=\"article:publisher\" content=\"https:\/\/www.facebook.com\/ArteELuoghi\/\" \/>\n<meta property=\"article:published_time\" content=\"2019-07-03T20:52:51+00:00\" \/>\n<meta property=\"article:modified_time\" content=\"2019-07-03T20:56:18+00:00\" \/>\n<meta property=\"og:image\" content=\"https:\/\/arteeluoghi.it\/wp-content\/uploads\/2019\/07\/pano-20180725-200338_orig-1.jpg\" \/>\n\t<meta property=\"og:image:width\" content=\"1100\" \/>\n\t<meta property=\"og:image:height\" content=\"613\" \/>\n\t<meta property=\"og:image:type\" content=\"image\/jpeg\" \/>\n<meta name=\"twitter:card\" content=\"summary\" \/>\n<meta name=\"twitter:creator\" content=\"@arteeluoghi\" \/>\n<meta name=\"twitter:site\" content=\"@arteeluoghi\" \/>\n<meta name=\"twitter:label1\" content=\"Scritto da\" \/>\n\t<meta name=\"twitter:data1\" content=\"Staff\" \/>\n\t<meta name=\"twitter:label2\" content=\"Tempo di lettura stimato\" \/>\n\t<meta name=\"twitter:data2\" content=\"2 minuti\" \/>\n<script type=\"application\/ld+json\" class=\"yoast-schema-graph\">{\"@context\":\"https:\/\/schema.org\",\"@graph\":[{\"@type\":\"Organization\",\"@id\":\"https:\/\/arteeluoghi.it\/#organization\",\"name\":\"Arte e Luoghi\",\"url\":\"https:\/\/arteeluoghi.it\/\",\"sameAs\":[\"https:\/\/www.facebook.com\/ArteELuoghi\/\",\"https:\/\/www.instagram.com\/arteeluoghi\/?hl=it\",\"https:\/\/www.youtube.com\/channel\/UCuRVc4JW4-C5sg9rQB-srkw?view_as=subscriber\",\"https:\/\/twitter.com\/arteeluoghi\"],\"logo\":{\"@type\":\"ImageObject\",\"@id\":\"https:\/\/arteeluoghi.it\/#logo\",\"inLanguage\":\"it-IT\",\"url\":\"https:\/\/arteeluoghi.it\/wp-content\/uploads\/2018\/08\/logoinstagramarte.jpg\",\"contentUrl\":\"https:\/\/arteeluoghi.it\/wp-content\/uploads\/2018\/08\/logoinstagramarte.jpg\",\"width\":150,\"height\":150,\"caption\":\"Arte e Luoghi\"},\"image\":{\"@id\":\"https:\/\/arteeluoghi.it\/#logo\"}},{\"@type\":\"WebSite\",\"@id\":\"https:\/\/arteeluoghi.it\/#website\",\"url\":\"https:\/\/arteeluoghi.it\/\",\"name\":\"Arte e Luoghi\",\"description\":\"Mensile di arte, cultura, turismo e curiosit\u00e0\",\"publisher\":{\"@id\":\"https:\/\/arteeluoghi.it\/#organization\"},\"potentialAction\":[{\"@type\":\"SearchAction\",\"target\":{\"@type\":\"EntryPoint\",\"urlTemplate\":\"https:\/\/arteeluoghi.it\/?s={search_term_string}\"},\"query-input\":\"required name=search_term_string\"}],\"inLanguage\":\"it-IT\"},{\"@type\":\"ImageObject\",\"@id\":\"https:\/\/arteeluoghi.it\/index.php\/2019\/07\/03\/il-muro-di-bartolomei-in-mostra-nellantica-saliera\/#primaryimage\",\"inLanguage\":\"it-IT\",\"url\":\"https:\/\/arteeluoghi.it\/wp-content\/uploads\/2019\/07\/pano-20180725-200338_orig-1.jpg\",\"contentUrl\":\"https:\/\/arteeluoghi.it\/wp-content\/uploads\/2019\/07\/pano-20180725-200338_orig-1.jpg\",\"width\":1100,\"height\":613},{\"@type\":\"WebPage\",\"@id\":\"https:\/\/arteeluoghi.it\/index.php\/2019\/07\/03\/il-muro-di-bartolomei-in-mostra-nellantica-saliera\/#webpage\",\"url\":\"https:\/\/arteeluoghi.it\/index.php\/2019\/07\/03\/il-muro-di-bartolomei-in-mostra-nellantica-saliera\/\",\"name\":\"Il \\\"Muro\\\" di Bartolomei in mostra nell'antica saliera | Arte e Luoghi\",\"isPartOf\":{\"@id\":\"https:\/\/arteeluoghi.it\/#website\"},\"primaryImageOfPage\":{\"@id\":\"https:\/\/arteeluoghi.it\/index.php\/2019\/07\/03\/il-muro-di-bartolomei-in-mostra-nellantica-saliera\/#primaryimage\"},\"datePublished\":\"2019-07-03T20:52:51+00:00\",\"dateModified\":\"2019-07-03T20:56:18+00:00\",\"breadcrumb\":{\"@id\":\"https:\/\/arteeluoghi.it\/index.php\/2019\/07\/03\/il-muro-di-bartolomei-in-mostra-nellantica-saliera\/#breadcrumb\"},\"inLanguage\":\"it-IT\",\"potentialAction\":[{\"@type\":\"ReadAction\",\"target\":[\"https:\/\/arteeluoghi.it\/index.php\/2019\/07\/03\/il-muro-di-bartolomei-in-mostra-nellantica-saliera\/\"]}]},{\"@type\":\"BreadcrumbList\",\"@id\":\"https:\/\/arteeluoghi.it\/index.php\/2019\/07\/03\/il-muro-di-bartolomei-in-mostra-nellantica-saliera\/#breadcrumb\",\"itemListElement\":[{\"@type\":\"ListItem\",\"position\":1,\"name\":\"Home\",\"item\":\"https:\/\/arteeluoghi.it\/\"},{\"@type\":\"ListItem\",\"position\":2,\"name\":\"Il &#8220;Muro&#8221; di Bartolomei in mostra nell&#8217;antica saliera\"}]},{\"@type\":\"Article\",\"@id\":\"https:\/\/arteeluoghi.it\/index.php\/2019\/07\/03\/il-muro-di-bartolomei-in-mostra-nellantica-saliera\/#article\",\"isPartOf\":{\"@id\":\"https:\/\/arteeluoghi.it\/index.php\/2019\/07\/03\/il-muro-di-bartolomei-in-mostra-nellantica-saliera\/#webpage\"},\"author\":{\"@id\":\"https:\/\/arteeluoghi.it\/#\/schema\/person\/f84e814e36e91e01448ee07eaadd41d4\"},\"headline\":\"Il &#8220;Muro&#8221; di Bartolomei in mostra nell&#8217;antica saliera\",\"datePublished\":\"2019-07-03T20:52:51+00:00\",\"dateModified\":\"2019-07-03T20:56:18+00:00\",\"mainEntityOfPage\":{\"@id\":\"https:\/\/arteeluoghi.it\/index.php\/2019\/07\/03\/il-muro-di-bartolomei-in-mostra-nellantica-saliera\/#webpage\"},\"wordCount\":504,\"commentCount\":0,\"publisher\":{\"@id\":\"https:\/\/arteeluoghi.it\/#organization\"},\"image\":{\"@id\":\"https:\/\/arteeluoghi.it\/index.php\/2019\/07\/03\/il-muro-di-bartolomei-in-mostra-nellantica-saliera\/#primaryimage\"},\"thumbnailUrl\":\"https:\/\/arteeluoghi.it\/wp-content\/uploads\/2019\/07\/pano-20180725-200338_orig-1.jpg\",\"keywords\":[\"Antica Saliera\",\"Gina Affinito\",\"Giuseppe Bartolomei\",\"Nel buio\"],\"articleSection\":[\"Arte\",\"Arti visive\"],\"inLanguage\":\"it-IT\",\"potentialAction\":[{\"@type\":\"CommentAction\",\"name\":\"Comment\",\"target\":[\"https:\/\/arteeluoghi.it\/index.php\/2019\/07\/03\/il-muro-di-bartolomei-in-mostra-nellantica-saliera\/#respond\"]}]},{\"@type\":\"Person\",\"@id\":\"https:\/\/arteeluoghi.it\/#\/schema\/person\/f84e814e36e91e01448ee07eaadd41d4\",\"name\":\"Staff\",\"image\":{\"@type\":\"ImageObject\",\"@id\":\"https:\/\/arteeluoghi.it\/#personlogo\",\"inLanguage\":\"it-IT\",\"url\":\"https:\/\/secure.gravatar.com\/avatar\/49d2f9e46271bb04e19cebfaf141313a?s=96&d=blank&r=g\",\"contentUrl\":\"https:\/\/secure.gravatar.com\/avatar\/49d2f9e46271bb04e19cebfaf141313a?s=96&d=blank&r=g\",\"caption\":\"Staff\"}}]}<\/script>\n<!-- \/ Yoast SEO plugin. -->","yoast_head_json":{"title":"Il \"Muro\" di Bartolomei in mostra nell'antica saliera | Arte e Luoghi","robots":{"index":"index","follow":"follow","max-snippet":"max-snippet:-1","max-image-preview":"max-image-preview:large","max-video-preview":"max-video-preview:-1"},"canonical":"https:\/\/arteeluoghi.it\/index.php\/2019\/07\/03\/il-muro-di-bartolomei-in-mostra-nellantica-saliera\/","og_locale":"it_IT","og_type":"article","og_title":"Il \"Muro\" di Bartolomei in mostra nell'antica saliera | Arte e Luoghi","og_description":"\u00a0LECCE. Giuseppe Bartolomei, l&#8217;artista che dipinge utilizzando materiali come caff\u00e8 e frutta esporr\u00e0 a Lecce la sua opera &#8220;Muro&#8221; (tecnica","og_url":"https:\/\/arteeluoghi.it\/index.php\/2019\/07\/03\/il-muro-di-bartolomei-in-mostra-nellantica-saliera\/","og_site_name":"Arte e Luoghi","article_publisher":"https:\/\/www.facebook.com\/ArteELuoghi\/","article_published_time":"2019-07-03T20:52:51+00:00","article_modified_time":"2019-07-03T20:56:18+00:00","og_image":[{"width":1100,"height":613,"url":"https:\/\/arteeluoghi.it\/wp-content\/uploads\/2019\/07\/pano-20180725-200338_orig-1.jpg","type":"image\/jpeg"}],"twitter_card":"summary","twitter_creator":"@arteeluoghi","twitter_site":"@arteeluoghi","twitter_misc":{"Scritto da":"Staff","Tempo di lettura stimato":"2 minuti"},"schema":{"@context":"https:\/\/schema.org","@graph":[{"@type":"Organization","@id":"https:\/\/arteeluoghi.it\/#organization","name":"Arte e Luoghi","url":"https:\/\/arteeluoghi.it\/","sameAs":["https:\/\/www.facebook.com\/ArteELuoghi\/","https:\/\/www.instagram.com\/arteeluoghi\/?hl=it","https:\/\/www.youtube.com\/channel\/UCuRVc4JW4-C5sg9rQB-srkw?view_as=subscriber","https:\/\/twitter.com\/arteeluoghi"],"logo":{"@type":"ImageObject","@id":"https:\/\/arteeluoghi.it\/#logo","inLanguage":"it-IT","url":"https:\/\/arteeluoghi.it\/wp-content\/uploads\/2018\/08\/logoinstagramarte.jpg","contentUrl":"https:\/\/arteeluoghi.it\/wp-content\/uploads\/2018\/08\/logoinstagramarte.jpg","width":150,"height":150,"caption":"Arte e Luoghi"},"image":{"@id":"https:\/\/arteeluoghi.it\/#logo"}},{"@type":"WebSite","@id":"https:\/\/arteeluoghi.it\/#website","url":"https:\/\/arteeluoghi.it\/","name":"Arte e Luoghi","description":"Mensile di arte, cultura, turismo e curiosit\u00e0","publisher":{"@id":"https:\/\/arteeluoghi.it\/#organization"},"potentialAction":[{"@type":"SearchAction","target":{"@type":"EntryPoint","urlTemplate":"https:\/\/arteeluoghi.it\/?s={search_term_string}"},"query-input":"required name=search_term_string"}],"inLanguage":"it-IT"},{"@type":"ImageObject","@id":"https:\/\/arteeluoghi.it\/index.php\/2019\/07\/03\/il-muro-di-bartolomei-in-mostra-nellantica-saliera\/#primaryimage","inLanguage":"it-IT","url":"https:\/\/arteeluoghi.it\/wp-content\/uploads\/2019\/07\/pano-20180725-200338_orig-1.jpg","contentUrl":"https:\/\/arteeluoghi.it\/wp-content\/uploads\/2019\/07\/pano-20180725-200338_orig-1.jpg","width":1100,"height":613},{"@type":"WebPage","@id":"https:\/\/arteeluoghi.it\/index.php\/2019\/07\/03\/il-muro-di-bartolomei-in-mostra-nellantica-saliera\/#webpage","url":"https:\/\/arteeluoghi.it\/index.php\/2019\/07\/03\/il-muro-di-bartolomei-in-mostra-nellantica-saliera\/","name":"Il \"Muro\" di Bartolomei in mostra nell'antica saliera | Arte e Luoghi","isPartOf":{"@id":"https:\/\/arteeluoghi.it\/#website"},"primaryImageOfPage":{"@id":"https:\/\/arteeluoghi.it\/index.php\/2019\/07\/03\/il-muro-di-bartolomei-in-mostra-nellantica-saliera\/#primaryimage"},"datePublished":"2019-07-03T20:52:51+00:00","dateModified":"2019-07-03T20:56:18+00:00","breadcrumb":{"@id":"https:\/\/arteeluoghi.it\/index.php\/2019\/07\/03\/il-muro-di-bartolomei-in-mostra-nellantica-saliera\/#breadcrumb"},"inLanguage":"it-IT","potentialAction":[{"@type":"ReadAction","target":["https:\/\/arteeluoghi.it\/index.php\/2019\/07\/03\/il-muro-di-bartolomei-in-mostra-nellantica-saliera\/"]}]},{"@type":"BreadcrumbList","@id":"https:\/\/arteeluoghi.it\/index.php\/2019\/07\/03\/il-muro-di-bartolomei-in-mostra-nellantica-saliera\/#breadcrumb","itemListElement":[{"@type":"ListItem","position":1,"name":"Home","item":"https:\/\/arteeluoghi.it\/"},{"@type":"ListItem","position":2,"name":"Il &#8220;Muro&#8221; di Bartolomei in mostra nell&#8217;antica saliera"}]},{"@type":"Article","@id":"https:\/\/arteeluoghi.it\/index.php\/2019\/07\/03\/il-muro-di-bartolomei-in-mostra-nellantica-saliera\/#article","isPartOf":{"@id":"https:\/\/arteeluoghi.it\/index.php\/2019\/07\/03\/il-muro-di-bartolomei-in-mostra-nellantica-saliera\/#webpage"},"author":{"@id":"https:\/\/arteeluoghi.it\/#\/schema\/person\/f84e814e36e91e01448ee07eaadd41d4"},"headline":"Il &#8220;Muro&#8221; di Bartolomei in mostra nell&#8217;antica saliera","datePublished":"2019-07-03T20:52:51+00:00","dateModified":"2019-07-03T20:56:18+00:00","mainEntityOfPage":{"@id":"https:\/\/arteeluoghi.it\/index.php\/2019\/07\/03\/il-muro-di-bartolomei-in-mostra-nellantica-saliera\/#webpage"},"wordCount":504,"commentCount":0,"publisher":{"@id":"https:\/\/arteeluoghi.it\/#organization"},"image":{"@id":"https:\/\/arteeluoghi.it\/index.php\/2019\/07\/03\/il-muro-di-bartolomei-in-mostra-nellantica-saliera\/#primaryimage"},"thumbnailUrl":"https:\/\/arteeluoghi.it\/wp-content\/uploads\/2019\/07\/pano-20180725-200338_orig-1.jpg","keywords":["Antica Saliera","Gina Affinito","Giuseppe Bartolomei","Nel buio"],"articleSection":["Arte","Arti visive"],"inLanguage":"it-IT","potentialAction":[{"@type":"CommentAction","name":"Comment","target":["https:\/\/arteeluoghi.it\/index.php\/2019\/07\/03\/il-muro-di-bartolomei-in-mostra-nellantica-saliera\/#respond"]}]},{"@type":"Person","@id":"https:\/\/arteeluoghi.it\/#\/schema\/person\/f84e814e36e91e01448ee07eaadd41d4","name":"Staff","image":{"@type":"ImageObject","@id":"https:\/\/arteeluoghi.it\/#personlogo","inLanguage":"it-IT","url":"https:\/\/secure.gravatar.com\/avatar\/49d2f9e46271bb04e19cebfaf141313a?s=96&d=blank&r=g","contentUrl":"https:\/\/secure.gravatar.com\/avatar\/49d2f9e46271bb04e19cebfaf141313a?s=96&d=blank&r=g","caption":"Staff"}}]}},"_links":{"self":[{"href":"https:\/\/arteeluoghi.it\/index.php\/wp-json\/wp\/v2\/posts\/6787"}],"collection":[{"href":"https:\/\/arteeluoghi.it\/index.php\/wp-json\/wp\/v2\/posts"}],"about":[{"href":"https:\/\/arteeluoghi.it\/index.php\/wp-json\/wp\/v2\/types\/post"}],"author":[{"embeddable":true,"href":"https:\/\/arteeluoghi.it\/index.php\/wp-json\/wp\/v2\/users\/1"}],"replies":[{"embeddable":true,"href":"https:\/\/arteeluoghi.it\/index.php\/wp-json\/wp\/v2\/comments?post=6787"}],"version-history":[{"count":3,"href":"https:\/\/arteeluoghi.it\/index.php\/wp-json\/wp\/v2\/posts\/6787\/revisions"}],"predecessor-version":[{"id":6795,"href":"https:\/\/arteeluoghi.it\/index.php\/wp-json\/wp\/v2\/posts\/6787\/revisions\/6795"}],"wp:featuredmedia":[{"embeddable":true,"href":"https:\/\/arteeluoghi.it\/index.php\/wp-json\/wp\/v2\/media\/6789"}],"wp:attachment":[{"href":"https:\/\/arteeluoghi.it\/index.php\/wp-json\/wp\/v2\/media?parent=6787"}],"wp:term":[{"taxonomy":"category","embeddable":true,"href":"https:\/\/arteeluoghi.it\/index.php\/wp-json\/wp\/v2\/categories?post=6787"},{"taxonomy":"post_tag","embeddable":true,"href":"https:\/\/arteeluoghi.it\/index.php\/wp-json\/wp\/v2\/tags?post=6787"}],"curies":[{"name":"wp","href":"https:\/\/api.w.org\/{rel}","templated":true}]}}