{"id":681,"date":"2012-04-26T16:34:16","date_gmt":"2012-04-26T14:34:16","guid":{"rendered":"http:\/\/arteeluoghi.it\/index.php\/2012\/04\/26\/vivaldi-e-cage-sulle-rime-di-auden\/"},"modified":"2012-04-26T16:34:16","modified_gmt":"2012-04-26T14:34:16","slug":"vivaldi-e-cage-sulle-rime-di-auden","status":"publish","type":"post","link":"https:\/\/arteeluoghi.it\/index.php\/2012\/04\/26\/vivaldi-e-cage-sulle-rime-di-auden\/","title":{"rendered":"Vivaldi e Cage sulle rime di Auden"},"content":{"rendered":"<p><img src=\"\/images\/stories\/elena_marzano_4s.jpg\" border=\"0\" title=\"Elena Marzano\" style=\"float: left; margin: 21px;\" \/>Dopo l\u2019anteprima domenica 22 aprile 2012 al Teatro Raffaele Lembo di Canosa, lo spettacolo approda al Politeama Greco venerd\u00ec 27 aprile. Sipario alle 21<\/p>\n<p><span style=\"font-size: small;\"><strong>Le Quattro Stagioni<\/strong><\/span><\/p>\n<p>la nuova produzione firmata <strong>Balletto del Sud<\/strong> di <strong>Fredy Franzutti<\/strong><\/p>\n<p>di Antonietta Fulvio<\/p>\n<p>\u00a0<\/p>\n<p><em>Le Quattro Stagioni<\/em> di <strong>Antonio Vivaldi<\/strong>, a passo di danza, per raccontare le stagioni della vita. L\u2019alternarsi delle emozioni e il fluire ora tumultuoso ora pacato degli stati d\u2019animo comuni all\u2019uomo del Novecento che, forse, non ha ancora trovato la chiave per leggere dentro di s\u00e9.<\/p>\n<p>Per la produzione numero trenta del <strong>Balletto del Sud<\/strong>, il coreografo <strong>Fredy Franzutti<\/strong> ha immaginato di far incontrare la celebre musica di Antonio Vivaldi con le melodie di <strong>John Cage <\/strong>(di cui ricorre il centenario dalla nascita), citazioni registrate sulle quali si intrufoleranno i versi del poeta <strong>Wystan <em>Hugh <\/em>Auden<\/strong>, cui dar\u00e0 voce l\u2019attore <strong>Andrea Sirianni<\/strong> per creare un unico tessuto narrativo-musicale sulle cui note danzeranno <strong>Elena Marzano, Carlos Montalvan e Alessandro De Ceglia<\/strong>.   <!--more-->  <\/p>\n<p>Etoiles di fama internazionale, la leccese <strong>Elena Marzano<\/strong> dal 2010 \u00e8 protagonista degli spettacoli del <strong>Balletto del Sud<\/strong>, straordinarie le sue interpretazioni ne \u201cL\u2019Uccello di Fuoco\u201d, \u201cCarmen\u201d, \u201cSheherazade\u201d e &#8220;Mozart&#8221; . Con lei sul palco il brindisino <strong>Alessandro De Ceglia<\/strong> nel 2010 primo ballerino ospite del Teatro dell&#8217;Opera di Tirana nel ruolo di Escamillo in Carmen. Solista in diverse produzioni del Balletto del Sud, interpreta ruoli principali negli spettacoli &#8220;La Traviata&#8221; e &#8220;Romeo e Giulietta&#8221; ed \u00e8 interprete principale nello spettacolo Edipo Re. Nel ruolo del padre di Aurora in &#8220;La bella addormentata&#8221; ha, invece, duettato con Lindsay Kemp. Completa il trio il cubano <strong>Carlos Alberto Montalvan<\/strong> nell\u2019organico della compagnia dal 2007 con \u201cLo Schiaccianoci\u201d e danza come\u00a0protagonista nello spettacolo &#8220;La Traviata&#8221; e solista in &#8220;Carmina Burana&#8221;, &#8220;Eleonora Duse&#8221;, &#8220;Uccello di Fuoco&#8221; e nelle apparizioni televisive del Balletto.<\/p>\n<p><img src=\"\/images\/stories\/alessandro deceglia.jpg\" border=\"0\" title=\"Alessandro de Ceglia\" style=\"float: left; margin: 21px;\" \/>Maestro concertatore <strong>Stefan Biro<\/strong>, violino di spalla dell\u2019Orchestra della Fondazione Ico salir\u00e0 sul podio per dirigere un gruppo di archi che accompagner\u00e0 i movimenti coreografici che risulteranno essere una perfetta integrazione di teatro-danza. A far da scenografia, i fondali a firma dell\u2019artista <strong>Isabella Ducrot<\/strong> che trova nella materia \u2013 stoffe pregiate e non, sete, sintetici, cotone \u2013 l\u2019ispirazione per trovare la forma. \u201cSar\u00e0 una sorpresa anche per me vedere i quadri per intero, dal momento c<img src=\"\/images\/stories\/stagioni_testatina3.jpg\" border=\"0\" width=\"400\" style=\"float: right; margin: 21px; border: 0pt none;\" \/>he ho lavorato procedendo a porzioni di tessuto dipinto e arrotolato per poi andare avanti&#8230;\u201d ha rivelato l\u2019artista, entusiasta del clima di fervida partecipazione che si respira a Lecce dove, probabilmente, ritorner\u00e0 per una sua personale. Un piacevole ritorno, alcuni anni fa fu allestita una sua personale nel Castello Carlo V e si \u00e8 detta entusiasta del clima di fervida partecipazione che si respira a Lecce dove, probabilmente, ritorner\u00e0 in futuro per una nuova mostra. Nel solco della sua cifra stilistica l\u2019artista, napoletana d\u2019origine e romana d\u2019adozione, ha realizzato i quadri che legano le varie coreografie ispirandosi alle stagioni: \u201cma solo l\u2019autunno \u00a0&#8211; anticipa &#8211; ha un taglio naturalistico gli altri sono tutti improntati al rapporto colore-materia\u201d.<\/p>\n<p>Un rapporto che \u00e8 in grado di scaturire emozioni come le note e i passi di danza. Come i versi del poeta che cant\u00f2 <em>l\u2019ignoto cittadino<\/em>, l\u2019uomo qualunque che vive <em>l\u2019et\u00e0<\/em><em> <\/em><em>dell&#8217;ansia<\/em><em> <\/em><em>che<\/em><em> <\/em><em>abbiamo<\/em><em> <\/em><em>chiamato<\/em><em> <\/em><em>contemporaneit\u00e0<\/em>. Cos\u00ec il ciclo delle stagioni, con gli inevitabili cambiamenti climatici, diventa pretesto per leggere e raccontare il tempo dei sentimenti che muta anch\u2019esso, ineluttabile. La solarit\u00e0 della Primavera si fa metafora dell\u2019incontro e dell\u2019amore, il calore dell\u2019estate sottende all\u2019immobilit\u00e0 o a quel sentimento di indifferenza per le disgrazie altrui come nell&#8217;Icaro del fiammingo Pieter Bruegel \u00a0&#8211; spiega lo stesso coreografo &#8211; l&#8217;autunnale caduta delle foglie e la pioggia insistente \u00e8 il ritorno alla quotidianeit\u00e0, \u201cil rumore dei tuoni ci rinnova la paura delle persecuzioni; l&#8217;ingiallimento della natura rimanda alla consapevolezza d&#8217;appartenenza ad una societ\u00e0 incline al marcire e, spaventati dall&#8217;oscurit\u00e0 delle nubi, perch\u00e9 non vediamo dove stiamo, ci sentiamo (come scrive Auden) persi in un mondo stregato, bambini spaventati dalla notte\u201d. Il gelo invernale cala con la morte \u201c<em>Non servon pi\u00f9 le stelle: spegnetele anche tutte; imballate la luna, smontate pure il sole; svuotatemi l&#8217;oceano e sradicate il bosco; perch\u00e9 ormai pi\u00f9 nulla pu\u00f2 giovare<\/em>\u201d. Ancora una volta nelle rime di Auden il senso di smarrimento davanti al dolore pi\u00f9 grande.<\/p>\n<p>\u201cMa le stagioni delle emozioni, come le stagioni meteorologiche, \u00a0&#8211; conclude<strong> Franzutti<\/strong> &#8211; non durano per sempre e anche quelle (anche se non con una progressione regolare, continua e prevedibile) ritornano, si alternano, ci sorprendono. E dopo il gelido inverno di un terribile lutto pu\u00f2 ritornare una primavera d&#8217;amore. Scopriamo che l&#8217;alternarsi delle stagioni delle emozioni altro non \u00e8 che la Vita in una societ\u00e0 con la paradossale centralit\u00e0 riservata a chi non conta nulla \u2013 quei cittadini ignoti che il potere modella come cera, l&#8217;industria sfrutta come servi e l&#8217;arte canta come eroi\u201d.<\/p>\n<p>\u00a0<\/p>\n<hr \/>\n<p>\u00a0<\/p>\n<p>Lo spettacolo, realizzato con il sostegno del PO FESR PUGLIA 2007\/2013 ASSE IV, \u00e8 inserito nella stagione della Camerata Musicale Salentina; i biglietti si possono acquistare presso il Teatro Politeama Greco (0832.241468) o presso la sede della Camerata Musicale Salentina (0832.309901) al costo di \u20ac25,\u20ac20, \u20ac15.<\/p>\n<p>Sono previste riduzioni per gruppi, studenti e scuole di danza.<\/p>\n","protected":false},"excerpt":{"rendered":"<p>Dopo l\u2019anteprima domenica 22 aprile 2012 al Teatro Raffaele Lembo di Canosa, lo spettacolo approda al Politeama Greco venerd\u00ec 27<\/p>\n","protected":false},"author":1,"featured_media":0,"comment_status":"open","ping_status":"open","sticky":false,"template":"","format":"standard","meta":[],"categories":[15],"tags":[],"yoast_head":"<!-- This site is optimized with the Yoast SEO plugin v18.0 - https:\/\/yoast.com\/wordpress\/plugins\/seo\/ -->\n<title>Vivaldi e Cage sulle rime di Auden | Arte e Luoghi<\/title>\n<meta name=\"robots\" content=\"index, follow, max-snippet:-1, max-image-preview:large, max-video-preview:-1\" \/>\n<link rel=\"canonical\" href=\"https:\/\/arteeluoghi.it\/index.php\/2012\/04\/26\/vivaldi-e-cage-sulle-rime-di-auden\/\" \/>\n<meta property=\"og:locale\" content=\"it_IT\" \/>\n<meta property=\"og:type\" content=\"article\" \/>\n<meta property=\"og:title\" content=\"Vivaldi e Cage sulle rime di Auden | Arte e Luoghi\" \/>\n<meta property=\"og:description\" content=\"Dopo l\u2019anteprima domenica 22 aprile 2012 al Teatro Raffaele Lembo di Canosa, lo spettacolo approda al Politeama Greco venerd\u00ec 27\" \/>\n<meta property=\"og:url\" content=\"https:\/\/arteeluoghi.it\/index.php\/2012\/04\/26\/vivaldi-e-cage-sulle-rime-di-auden\/\" \/>\n<meta property=\"og:site_name\" content=\"Arte e Luoghi\" \/>\n<meta property=\"article:publisher\" content=\"https:\/\/www.facebook.com\/ArteELuoghi\/\" \/>\n<meta property=\"article:published_time\" content=\"2012-04-26T14:34:16+00:00\" \/>\n<meta property=\"og:image\" content=\"https:\/\/arteeluoghi.it\/images\/stories\/elena_marzano_4s.jpg\" \/>\n<meta name=\"twitter:card\" content=\"summary\" \/>\n<meta name=\"twitter:creator\" content=\"@arteeluoghi\" \/>\n<meta name=\"twitter:site\" content=\"@arteeluoghi\" \/>\n<meta name=\"twitter:label1\" content=\"Scritto da\" \/>\n\t<meta name=\"twitter:data1\" content=\"Staff\" \/>\n\t<meta name=\"twitter:label2\" content=\"Tempo di lettura stimato\" \/>\n\t<meta name=\"twitter:data2\" content=\"4 minuti\" \/>\n<script type=\"application\/ld+json\" class=\"yoast-schema-graph\">{\"@context\":\"https:\/\/schema.org\",\"@graph\":[{\"@type\":\"Organization\",\"@id\":\"https:\/\/arteeluoghi.it\/#organization\",\"name\":\"Arte e Luoghi\",\"url\":\"https:\/\/arteeluoghi.it\/\",\"sameAs\":[\"https:\/\/www.facebook.com\/ArteELuoghi\/\",\"https:\/\/www.instagram.com\/arteeluoghi\/?hl=it\",\"https:\/\/www.youtube.com\/channel\/UCuRVc4JW4-C5sg9rQB-srkw?view_as=subscriber\",\"https:\/\/twitter.com\/arteeluoghi\"],\"logo\":{\"@type\":\"ImageObject\",\"@id\":\"https:\/\/arteeluoghi.it\/#logo\",\"inLanguage\":\"it-IT\",\"url\":\"https:\/\/arteeluoghi.it\/wp-content\/uploads\/2018\/08\/logoinstagramarte.jpg\",\"contentUrl\":\"https:\/\/arteeluoghi.it\/wp-content\/uploads\/2018\/08\/logoinstagramarte.jpg\",\"width\":150,\"height\":150,\"caption\":\"Arte e Luoghi\"},\"image\":{\"@id\":\"https:\/\/arteeluoghi.it\/#logo\"}},{\"@type\":\"WebSite\",\"@id\":\"https:\/\/arteeluoghi.it\/#website\",\"url\":\"https:\/\/arteeluoghi.it\/\",\"name\":\"Arte e Luoghi\",\"description\":\"Mensile di arte, cultura, turismo e curiosit\u00e0\",\"publisher\":{\"@id\":\"https:\/\/arteeluoghi.it\/#organization\"},\"potentialAction\":[{\"@type\":\"SearchAction\",\"target\":{\"@type\":\"EntryPoint\",\"urlTemplate\":\"https:\/\/arteeluoghi.it\/?s={search_term_string}\"},\"query-input\":\"required name=search_term_string\"}],\"inLanguage\":\"it-IT\"},{\"@type\":\"ImageObject\",\"@id\":\"https:\/\/arteeluoghi.it\/index.php\/2012\/04\/26\/vivaldi-e-cage-sulle-rime-di-auden\/#primaryimage\",\"inLanguage\":\"it-IT\",\"url\":\"\/images\/stories\/elena_marzano_4s.jpg\",\"contentUrl\":\"\/images\/stories\/elena_marzano_4s.jpg\"},{\"@type\":\"WebPage\",\"@id\":\"https:\/\/arteeluoghi.it\/index.php\/2012\/04\/26\/vivaldi-e-cage-sulle-rime-di-auden\/#webpage\",\"url\":\"https:\/\/arteeluoghi.it\/index.php\/2012\/04\/26\/vivaldi-e-cage-sulle-rime-di-auden\/\",\"name\":\"Vivaldi e Cage sulle rime di Auden | Arte e Luoghi\",\"isPartOf\":{\"@id\":\"https:\/\/arteeluoghi.it\/#website\"},\"primaryImageOfPage\":{\"@id\":\"https:\/\/arteeluoghi.it\/index.php\/2012\/04\/26\/vivaldi-e-cage-sulle-rime-di-auden\/#primaryimage\"},\"datePublished\":\"2012-04-26T14:34:16+00:00\",\"dateModified\":\"2012-04-26T14:34:16+00:00\",\"breadcrumb\":{\"@id\":\"https:\/\/arteeluoghi.it\/index.php\/2012\/04\/26\/vivaldi-e-cage-sulle-rime-di-auden\/#breadcrumb\"},\"inLanguage\":\"it-IT\",\"potentialAction\":[{\"@type\":\"ReadAction\",\"target\":[\"https:\/\/arteeluoghi.it\/index.php\/2012\/04\/26\/vivaldi-e-cage-sulle-rime-di-auden\/\"]}]},{\"@type\":\"BreadcrumbList\",\"@id\":\"https:\/\/arteeluoghi.it\/index.php\/2012\/04\/26\/vivaldi-e-cage-sulle-rime-di-auden\/#breadcrumb\",\"itemListElement\":[{\"@type\":\"ListItem\",\"position\":1,\"name\":\"Home\",\"item\":\"https:\/\/arteeluoghi.it\/\"},{\"@type\":\"ListItem\",\"position\":2,\"name\":\"Vivaldi e Cage sulle rime di Auden\"}]},{\"@type\":\"Article\",\"@id\":\"https:\/\/arteeluoghi.it\/index.php\/2012\/04\/26\/vivaldi-e-cage-sulle-rime-di-auden\/#article\",\"isPartOf\":{\"@id\":\"https:\/\/arteeluoghi.it\/index.php\/2012\/04\/26\/vivaldi-e-cage-sulle-rime-di-auden\/#webpage\"},\"author\":{\"@id\":\"https:\/\/arteeluoghi.it\/#\/schema\/person\/f84e814e36e91e01448ee07eaadd41d4\"},\"headline\":\"Vivaldi e Cage sulle rime di Auden\",\"datePublished\":\"2012-04-26T14:34:16+00:00\",\"dateModified\":\"2012-04-26T14:34:16+00:00\",\"mainEntityOfPage\":{\"@id\":\"https:\/\/arteeluoghi.it\/index.php\/2012\/04\/26\/vivaldi-e-cage-sulle-rime-di-auden\/#webpage\"},\"wordCount\":855,\"commentCount\":0,\"publisher\":{\"@id\":\"https:\/\/arteeluoghi.it\/#organization\"},\"image\":{\"@id\":\"https:\/\/arteeluoghi.it\/index.php\/2012\/04\/26\/vivaldi-e-cage-sulle-rime-di-auden\/#primaryimage\"},\"thumbnailUrl\":\"\/images\/stories\/elena_marzano_4s.jpg\",\"articleSection\":[\"danza\"],\"inLanguage\":\"it-IT\",\"potentialAction\":[{\"@type\":\"CommentAction\",\"name\":\"Comment\",\"target\":[\"https:\/\/arteeluoghi.it\/index.php\/2012\/04\/26\/vivaldi-e-cage-sulle-rime-di-auden\/#respond\"]}]},{\"@type\":\"Person\",\"@id\":\"https:\/\/arteeluoghi.it\/#\/schema\/person\/f84e814e36e91e01448ee07eaadd41d4\",\"name\":\"Staff\",\"image\":{\"@type\":\"ImageObject\",\"@id\":\"https:\/\/arteeluoghi.it\/#personlogo\",\"inLanguage\":\"it-IT\",\"url\":\"https:\/\/secure.gravatar.com\/avatar\/49d2f9e46271bb04e19cebfaf141313a?s=96&d=blank&r=g\",\"contentUrl\":\"https:\/\/secure.gravatar.com\/avatar\/49d2f9e46271bb04e19cebfaf141313a?s=96&d=blank&r=g\",\"caption\":\"Staff\"}}]}<\/script>\n<!-- \/ Yoast SEO plugin. -->","yoast_head_json":{"title":"Vivaldi e Cage sulle rime di Auden | Arte e Luoghi","robots":{"index":"index","follow":"follow","max-snippet":"max-snippet:-1","max-image-preview":"max-image-preview:large","max-video-preview":"max-video-preview:-1"},"canonical":"https:\/\/arteeluoghi.it\/index.php\/2012\/04\/26\/vivaldi-e-cage-sulle-rime-di-auden\/","og_locale":"it_IT","og_type":"article","og_title":"Vivaldi e Cage sulle rime di Auden | Arte e Luoghi","og_description":"Dopo l\u2019anteprima domenica 22 aprile 2012 al Teatro Raffaele Lembo di Canosa, lo spettacolo approda al Politeama Greco venerd\u00ec 27","og_url":"https:\/\/arteeluoghi.it\/index.php\/2012\/04\/26\/vivaldi-e-cage-sulle-rime-di-auden\/","og_site_name":"Arte e Luoghi","article_publisher":"https:\/\/www.facebook.com\/ArteELuoghi\/","article_published_time":"2012-04-26T14:34:16+00:00","og_image":[{"url":"https:\/\/arteeluoghi.it\/images\/stories\/elena_marzano_4s.jpg"}],"twitter_card":"summary","twitter_creator":"@arteeluoghi","twitter_site":"@arteeluoghi","twitter_misc":{"Scritto da":"Staff","Tempo di lettura stimato":"4 minuti"},"schema":{"@context":"https:\/\/schema.org","@graph":[{"@type":"Organization","@id":"https:\/\/arteeluoghi.it\/#organization","name":"Arte e Luoghi","url":"https:\/\/arteeluoghi.it\/","sameAs":["https:\/\/www.facebook.com\/ArteELuoghi\/","https:\/\/www.instagram.com\/arteeluoghi\/?hl=it","https:\/\/www.youtube.com\/channel\/UCuRVc4JW4-C5sg9rQB-srkw?view_as=subscriber","https:\/\/twitter.com\/arteeluoghi"],"logo":{"@type":"ImageObject","@id":"https:\/\/arteeluoghi.it\/#logo","inLanguage":"it-IT","url":"https:\/\/arteeluoghi.it\/wp-content\/uploads\/2018\/08\/logoinstagramarte.jpg","contentUrl":"https:\/\/arteeluoghi.it\/wp-content\/uploads\/2018\/08\/logoinstagramarte.jpg","width":150,"height":150,"caption":"Arte e Luoghi"},"image":{"@id":"https:\/\/arteeluoghi.it\/#logo"}},{"@type":"WebSite","@id":"https:\/\/arteeluoghi.it\/#website","url":"https:\/\/arteeluoghi.it\/","name":"Arte e Luoghi","description":"Mensile di arte, cultura, turismo e curiosit\u00e0","publisher":{"@id":"https:\/\/arteeluoghi.it\/#organization"},"potentialAction":[{"@type":"SearchAction","target":{"@type":"EntryPoint","urlTemplate":"https:\/\/arteeluoghi.it\/?s={search_term_string}"},"query-input":"required name=search_term_string"}],"inLanguage":"it-IT"},{"@type":"ImageObject","@id":"https:\/\/arteeluoghi.it\/index.php\/2012\/04\/26\/vivaldi-e-cage-sulle-rime-di-auden\/#primaryimage","inLanguage":"it-IT","url":"\/images\/stories\/elena_marzano_4s.jpg","contentUrl":"\/images\/stories\/elena_marzano_4s.jpg"},{"@type":"WebPage","@id":"https:\/\/arteeluoghi.it\/index.php\/2012\/04\/26\/vivaldi-e-cage-sulle-rime-di-auden\/#webpage","url":"https:\/\/arteeluoghi.it\/index.php\/2012\/04\/26\/vivaldi-e-cage-sulle-rime-di-auden\/","name":"Vivaldi e Cage sulle rime di Auden | Arte e Luoghi","isPartOf":{"@id":"https:\/\/arteeluoghi.it\/#website"},"primaryImageOfPage":{"@id":"https:\/\/arteeluoghi.it\/index.php\/2012\/04\/26\/vivaldi-e-cage-sulle-rime-di-auden\/#primaryimage"},"datePublished":"2012-04-26T14:34:16+00:00","dateModified":"2012-04-26T14:34:16+00:00","breadcrumb":{"@id":"https:\/\/arteeluoghi.it\/index.php\/2012\/04\/26\/vivaldi-e-cage-sulle-rime-di-auden\/#breadcrumb"},"inLanguage":"it-IT","potentialAction":[{"@type":"ReadAction","target":["https:\/\/arteeluoghi.it\/index.php\/2012\/04\/26\/vivaldi-e-cage-sulle-rime-di-auden\/"]}]},{"@type":"BreadcrumbList","@id":"https:\/\/arteeluoghi.it\/index.php\/2012\/04\/26\/vivaldi-e-cage-sulle-rime-di-auden\/#breadcrumb","itemListElement":[{"@type":"ListItem","position":1,"name":"Home","item":"https:\/\/arteeluoghi.it\/"},{"@type":"ListItem","position":2,"name":"Vivaldi e Cage sulle rime di Auden"}]},{"@type":"Article","@id":"https:\/\/arteeluoghi.it\/index.php\/2012\/04\/26\/vivaldi-e-cage-sulle-rime-di-auden\/#article","isPartOf":{"@id":"https:\/\/arteeluoghi.it\/index.php\/2012\/04\/26\/vivaldi-e-cage-sulle-rime-di-auden\/#webpage"},"author":{"@id":"https:\/\/arteeluoghi.it\/#\/schema\/person\/f84e814e36e91e01448ee07eaadd41d4"},"headline":"Vivaldi e Cage sulle rime di Auden","datePublished":"2012-04-26T14:34:16+00:00","dateModified":"2012-04-26T14:34:16+00:00","mainEntityOfPage":{"@id":"https:\/\/arteeluoghi.it\/index.php\/2012\/04\/26\/vivaldi-e-cage-sulle-rime-di-auden\/#webpage"},"wordCount":855,"commentCount":0,"publisher":{"@id":"https:\/\/arteeluoghi.it\/#organization"},"image":{"@id":"https:\/\/arteeluoghi.it\/index.php\/2012\/04\/26\/vivaldi-e-cage-sulle-rime-di-auden\/#primaryimage"},"thumbnailUrl":"\/images\/stories\/elena_marzano_4s.jpg","articleSection":["danza"],"inLanguage":"it-IT","potentialAction":[{"@type":"CommentAction","name":"Comment","target":["https:\/\/arteeluoghi.it\/index.php\/2012\/04\/26\/vivaldi-e-cage-sulle-rime-di-auden\/#respond"]}]},{"@type":"Person","@id":"https:\/\/arteeluoghi.it\/#\/schema\/person\/f84e814e36e91e01448ee07eaadd41d4","name":"Staff","image":{"@type":"ImageObject","@id":"https:\/\/arteeluoghi.it\/#personlogo","inLanguage":"it-IT","url":"https:\/\/secure.gravatar.com\/avatar\/49d2f9e46271bb04e19cebfaf141313a?s=96&d=blank&r=g","contentUrl":"https:\/\/secure.gravatar.com\/avatar\/49d2f9e46271bb04e19cebfaf141313a?s=96&d=blank&r=g","caption":"Staff"}}]}},"_links":{"self":[{"href":"https:\/\/arteeluoghi.it\/index.php\/wp-json\/wp\/v2\/posts\/681"}],"collection":[{"href":"https:\/\/arteeluoghi.it\/index.php\/wp-json\/wp\/v2\/posts"}],"about":[{"href":"https:\/\/arteeluoghi.it\/index.php\/wp-json\/wp\/v2\/types\/post"}],"author":[{"embeddable":true,"href":"https:\/\/arteeluoghi.it\/index.php\/wp-json\/wp\/v2\/users\/1"}],"replies":[{"embeddable":true,"href":"https:\/\/arteeluoghi.it\/index.php\/wp-json\/wp\/v2\/comments?post=681"}],"version-history":[{"count":0,"href":"https:\/\/arteeluoghi.it\/index.php\/wp-json\/wp\/v2\/posts\/681\/revisions"}],"wp:attachment":[{"href":"https:\/\/arteeluoghi.it\/index.php\/wp-json\/wp\/v2\/media?parent=681"}],"wp:term":[{"taxonomy":"category","embeddable":true,"href":"https:\/\/arteeluoghi.it\/index.php\/wp-json\/wp\/v2\/categories?post=681"},{"taxonomy":"post_tag","embeddable":true,"href":"https:\/\/arteeluoghi.it\/index.php\/wp-json\/wp\/v2\/tags?post=681"}],"curies":[{"name":"wp","href":"https:\/\/api.w.org\/{rel}","templated":true}]}}