{"id":6817,"date":"2019-07-04T22:38:10","date_gmt":"2019-07-04T20:38:10","guid":{"rendered":"https:\/\/arteeluoghi.it\/?p=6817"},"modified":"2019-07-04T22:38:10","modified_gmt":"2019-07-04T20:38:10","slug":"se-ami-qualcuno-dillo-il-romanzo-di-marco-bonini","status":"publish","type":"post","link":"https:\/\/arteeluoghi.it\/index.php\/2019\/07\/04\/se-ami-qualcuno-dillo-il-romanzo-di-marco-bonini\/","title":{"rendered":"Se ami qualcuno dillo. Il romanzo di Marco Bonini"},"content":{"rendered":"<figure id=\"attachment_6811\" aria-describedby=\"caption-attachment-6811\" style=\"width: 300px\" class=\"wp-caption alignleft\"><img loading=\"lazy\" class=\"wp-image-6811 size-medium\" src=\"https:\/\/arteeluoghi.it\/wp-content\/uploads\/2019\/07\/neve1-300x200.jpg\" alt=\"\" width=\"300\" height=\"200\" srcset=\"https:\/\/arteeluoghi.it\/wp-content\/uploads\/2019\/07\/neve1-300x200.jpg 300w, https:\/\/arteeluoghi.it\/wp-content\/uploads\/2019\/07\/neve1-768x512.jpg 768w, https:\/\/arteeluoghi.it\/wp-content\/uploads\/2019\/07\/neve1.jpg 960w\" sizes=\"(max-width: 300px) 100vw, 300px\" \/><figcaption id=\"caption-attachment-6811\" class=\"wp-caption-text\">Photo Daniele Dax Paladini<\/figcaption><\/figure>\n<p><b>In un libro un viaggio tra fragilit\u00e0 e celate debolezze\u00a0<\/b><\/p>\n<p><b>di Maria Neve Arcuti<\/b><\/p>\n<p><strong>\u00a0<\/strong><\/p>\n<p>\u201cSe ami qualcuno dillo\u201d, basterebbe fermarsi al titolo di questo romanzo e mettere in atto questa esortazione per dire quanto possa risultare interessante la lettura del libro. Ma il titolo altro non \u00e8 se non un buon presupposto per abbandonarsi al viaggio. Siamo a Roma, negli anni Ottanta. E l\u00ec parte un percorso che ci conduce a passi ora lenti ora veloci ora frugando nei ricordi ora tornando nella realt\u00e0, mescolando bene ironia e riflessione, fino all\u2019estate del 2000 quando Sergio, protagonista insieme a Marco del romanzo, in seguito ad un infarto, si trova in rianimazione dove, a dirla con le parole dell\u2019autore, \u201cperde l\u2019anima per ricostituirla\u201d.<!--more--><\/p>\n<figure id=\"attachment_6818\" aria-describedby=\"caption-attachment-6818\" style=\"width: 300px\" class=\"wp-caption alignright\"><img loading=\"lazy\" class=\"wp-image-6818 size-medium\" src=\"https:\/\/arteeluoghi.it\/wp-content\/uploads\/2019\/07\/neve3-300x200.jpg\" alt=\"\" width=\"300\" height=\"200\" srcset=\"https:\/\/arteeluoghi.it\/wp-content\/uploads\/2019\/07\/neve3-300x200.jpg 300w, https:\/\/arteeluoghi.it\/wp-content\/uploads\/2019\/07\/neve3-768x512.jpg 768w, https:\/\/arteeluoghi.it\/wp-content\/uploads\/2019\/07\/neve3.jpg 960w\" sizes=\"(max-width: 300px) 100vw, 300px\" \/><figcaption id=\"caption-attachment-6818\" class=\"wp-caption-text\">Photo Daniele Dax Paladini<\/figcaption><\/figure>\n<p>Se il tema potrebbe indurvi ad uno scoramento, provate a leggerlo: lo troverete leggero e ilare, prima, per poi scoprire passaggi di una profondit\u00e0 disarmante che vi indurranno a pensare a tutte quelle volte che nella vostra vita avete fatto esattamente le stesse identiche riflessioni.<\/p>\n<p>Un viaggio tra fragilit\u00e0 e celate debolezze, difficili ammissioni e improvvise scoperte, nel tentativo di infrangere quel \u201cpatto maschilista perpetrato da millenni\u201d. \u00a0Farsi delle domande, riflettere, divincolarsi, disubbidire: tutti atteggiamenti, questi, che parlano gi\u00e0 di un concetto preciso, quello di voler cambiare le cose. Ed \u00e8 proprio questo che si propone di fare il nostro Marco, protagonista del romanzo d\u2019esordio di Marco Bonini, che vorrebbe\u00a0 a tutti i costi non reiterare un destino, quello di maschio alfa, che sembrerebbe inevitabile. O, almeno, questo gli raccontano i fatti: un nonno, prima, un padre dopo che per incarnare il maschio \u201cvero\u201d, quello che \u201cnon deve chiedere mai\u201d non hanno fatto altro che denigrare i sentimenti, generando quella tremenda frustrazione che le donne per generazioni hanno dovuto subire. E, dunque, ora toccherebbe a lui, Marco, e, chiss\u00e0, forse dopo a suo figlio. Ma il nostro protagonista ha tutte le intenzione di rompere questa catena fatta di maschi che vedono il mondo da maschi: le donne, quelle, lasciale \u201cso\u2019 solo \u2018na perdita de tempo\u201d \u2026aiutare la mamma a fare le pulizie, non si fa, \u00e8 a rischio la propria virilit\u00e0\u2026e poi un maschio che fa\u00a0 danza, che follia! Che vergogna! E se poi diventi\u2026?<\/p>\n<p>Il romanzo di Marco Bonini \u00e8 da leggere assolutamente perch\u00e9 racconta la storia di una famiglia ordinaria, di una famiglia come tante, che ha accettato tutto questo pensando che fosse giusto, evitando lo scontro, scegliendo di subire atteggiamenti e parole in religioso silenzio.<\/p>\n<p>Un romanzo come questo sarebbe stato necessario sempre, ieri, come oggi. Lo \u00e8 ancor pi\u00f9 oggi, in un mondo in cui ancora certi uomini pensano la donna come \u00a0propriet\u00e0 privata. Questo \u00e8 uno di quei libri che ti apre il cuore, che ti fa sentire bene perch\u00e9 ti racconta, con un\u2019abilit\u00e0 degna di un Marco Bonini attore, prima ancora che scrittore, come siamo davvero parte di un disegno che ci vede correre tutti insieme e nella stessa direzione. Ed \u00e8 consolante sapere che qualcuno ha il coraggio di dare voce a tutti quei pensieri e sentimenti che pi\u00f9 volte ci sono rimasti bloccati in gola, per impotenza o, peggio ancora, perch\u00e9 tanto non ne valeva la pena. \u201cSe ami qualcuno dillo\u201d fa bene al cuore, perch\u00e9 parla d\u2019amore e racconta di una rinascita. Di come, a volte, la vita conceda una seconda possibilit\u00e0. Sergio ha avuto la possibilit\u00e0 di resettare il sistema operativo. Marco ha finalmente di fronte a s\u00e9 un padre che abbraccia, bacia, danza. Un padre che ama. Che guarda la sua donna, finalmente, come si dovrebbe sempre. Che la ama senza nascondersi, che scopre la sua vitale importanza.<\/p>\n<p>Dopo aver letto il romanzo di Marco Bonini ci rimane addosso la felice sensazione che un mondo migliore sia davvero possibile se solo lo vogliamo veramente.<\/p>\n","protected":false},"excerpt":{"rendered":"<p>In un libro un viaggio tra fragilit\u00e0 e celate debolezze\u00a0 di Maria Neve Arcuti \u00a0 \u201cSe ami qualcuno dillo\u201d, basterebbe<\/p>\n","protected":false},"author":1,"featured_media":6819,"comment_status":"open","ping_status":"open","sticky":true,"template":"","format":"standard","meta":[],"categories":[52,17],"tags":[1670,1379,1672],"yoast_head":"<!-- This site is optimized with the Yoast SEO plugin v18.0 - https:\/\/yoast.com\/wordpress\/plugins\/seo\/ -->\n<title>Se ami qualcuno dillo. Il romanzo di Marco Bonini | Arte e Luoghi<\/title>\n<meta name=\"robots\" content=\"index, follow, max-snippet:-1, max-image-preview:large, max-video-preview:-1\" \/>\n<link rel=\"canonical\" href=\"https:\/\/arteeluoghi.it\/index.php\/2019\/07\/04\/se-ami-qualcuno-dillo-il-romanzo-di-marco-bonini\/\" \/>\n<meta property=\"og:locale\" content=\"it_IT\" \/>\n<meta property=\"og:type\" content=\"article\" \/>\n<meta property=\"og:title\" content=\"Se ami qualcuno dillo. Il romanzo di Marco Bonini | Arte e Luoghi\" \/>\n<meta property=\"og:description\" content=\"In un libro un viaggio tra fragilit\u00e0 e celate debolezze\u00a0 di Maria Neve Arcuti \u00a0 \u201cSe ami qualcuno dillo\u201d, basterebbe\" \/>\n<meta property=\"og:url\" content=\"https:\/\/arteeluoghi.it\/index.php\/2019\/07\/04\/se-ami-qualcuno-dillo-il-romanzo-di-marco-bonini\/\" \/>\n<meta property=\"og:site_name\" content=\"Arte e Luoghi\" \/>\n<meta property=\"article:publisher\" content=\"https:\/\/www.facebook.com\/ArteELuoghi\/\" \/>\n<meta property=\"article:published_time\" content=\"2019-07-04T20:38:10+00:00\" \/>\n<meta property=\"og:image\" content=\"https:\/\/arteeluoghi.it\/wp-content\/uploads\/2019\/07\/neve4.jpg\" \/>\n\t<meta property=\"og:image:width\" content=\"960\" \/>\n\t<meta property=\"og:image:height\" content=\"640\" \/>\n\t<meta property=\"og:image:type\" content=\"image\/jpeg\" \/>\n<meta name=\"twitter:card\" content=\"summary\" \/>\n<meta name=\"twitter:creator\" content=\"@arteeluoghi\" \/>\n<meta name=\"twitter:site\" content=\"@arteeluoghi\" \/>\n<meta name=\"twitter:label1\" content=\"Scritto da\" \/>\n\t<meta name=\"twitter:data1\" content=\"Staff\" \/>\n\t<meta name=\"twitter:label2\" content=\"Tempo di lettura stimato\" \/>\n\t<meta name=\"twitter:data2\" content=\"3 minuti\" \/>\n<script type=\"application\/ld+json\" class=\"yoast-schema-graph\">{\"@context\":\"https:\/\/schema.org\",\"@graph\":[{\"@type\":\"Organization\",\"@id\":\"https:\/\/arteeluoghi.it\/#organization\",\"name\":\"Arte e Luoghi\",\"url\":\"https:\/\/arteeluoghi.it\/\",\"sameAs\":[\"https:\/\/www.facebook.com\/ArteELuoghi\/\",\"https:\/\/www.instagram.com\/arteeluoghi\/?hl=it\",\"https:\/\/www.youtube.com\/channel\/UCuRVc4JW4-C5sg9rQB-srkw?view_as=subscriber\",\"https:\/\/twitter.com\/arteeluoghi\"],\"logo\":{\"@type\":\"ImageObject\",\"@id\":\"https:\/\/arteeluoghi.it\/#logo\",\"inLanguage\":\"it-IT\",\"url\":\"https:\/\/arteeluoghi.it\/wp-content\/uploads\/2018\/08\/logoinstagramarte.jpg\",\"contentUrl\":\"https:\/\/arteeluoghi.it\/wp-content\/uploads\/2018\/08\/logoinstagramarte.jpg\",\"width\":150,\"height\":150,\"caption\":\"Arte e Luoghi\"},\"image\":{\"@id\":\"https:\/\/arteeluoghi.it\/#logo\"}},{\"@type\":\"WebSite\",\"@id\":\"https:\/\/arteeluoghi.it\/#website\",\"url\":\"https:\/\/arteeluoghi.it\/\",\"name\":\"Arte e Luoghi\",\"description\":\"Mensile di arte, cultura, turismo e curiosit\u00e0\",\"publisher\":{\"@id\":\"https:\/\/arteeluoghi.it\/#organization\"},\"potentialAction\":[{\"@type\":\"SearchAction\",\"target\":{\"@type\":\"EntryPoint\",\"urlTemplate\":\"https:\/\/arteeluoghi.it\/?s={search_term_string}\"},\"query-input\":\"required name=search_term_string\"}],\"inLanguage\":\"it-IT\"},{\"@type\":\"ImageObject\",\"@id\":\"https:\/\/arteeluoghi.it\/index.php\/2019\/07\/04\/se-ami-qualcuno-dillo-il-romanzo-di-marco-bonini\/#primaryimage\",\"inLanguage\":\"it-IT\",\"url\":\"https:\/\/arteeluoghi.it\/wp-content\/uploads\/2019\/07\/neve4.jpg\",\"contentUrl\":\"https:\/\/arteeluoghi.it\/wp-content\/uploads\/2019\/07\/neve4.jpg\",\"width\":960,\"height\":640},{\"@type\":\"WebPage\",\"@id\":\"https:\/\/arteeluoghi.it\/index.php\/2019\/07\/04\/se-ami-qualcuno-dillo-il-romanzo-di-marco-bonini\/#webpage\",\"url\":\"https:\/\/arteeluoghi.it\/index.php\/2019\/07\/04\/se-ami-qualcuno-dillo-il-romanzo-di-marco-bonini\/\",\"name\":\"Se ami qualcuno dillo. Il romanzo di Marco Bonini | Arte e Luoghi\",\"isPartOf\":{\"@id\":\"https:\/\/arteeluoghi.it\/#website\"},\"primaryImageOfPage\":{\"@id\":\"https:\/\/arteeluoghi.it\/index.php\/2019\/07\/04\/se-ami-qualcuno-dillo-il-romanzo-di-marco-bonini\/#primaryimage\"},\"datePublished\":\"2019-07-04T20:38:10+00:00\",\"dateModified\":\"2019-07-04T20:38:10+00:00\",\"breadcrumb\":{\"@id\":\"https:\/\/arteeluoghi.it\/index.php\/2019\/07\/04\/se-ami-qualcuno-dillo-il-romanzo-di-marco-bonini\/#breadcrumb\"},\"inLanguage\":\"it-IT\",\"potentialAction\":[{\"@type\":\"ReadAction\",\"target\":[\"https:\/\/arteeluoghi.it\/index.php\/2019\/07\/04\/se-ami-qualcuno-dillo-il-romanzo-di-marco-bonini\/\"]}]},{\"@type\":\"BreadcrumbList\",\"@id\":\"https:\/\/arteeluoghi.it\/index.php\/2019\/07\/04\/se-ami-qualcuno-dillo-il-romanzo-di-marco-bonini\/#breadcrumb\",\"itemListElement\":[{\"@type\":\"ListItem\",\"position\":1,\"name\":\"Home\",\"item\":\"https:\/\/arteeluoghi.it\/\"},{\"@type\":\"ListItem\",\"position\":2,\"name\":\"Se ami qualcuno dillo. Il romanzo di Marco Bonini\"}]},{\"@type\":\"Article\",\"@id\":\"https:\/\/arteeluoghi.it\/index.php\/2019\/07\/04\/se-ami-qualcuno-dillo-il-romanzo-di-marco-bonini\/#article\",\"isPartOf\":{\"@id\":\"https:\/\/arteeluoghi.it\/index.php\/2019\/07\/04\/se-ami-qualcuno-dillo-il-romanzo-di-marco-bonini\/#webpage\"},\"author\":{\"@id\":\"https:\/\/arteeluoghi.it\/#\/schema\/person\/f84e814e36e91e01448ee07eaadd41d4\"},\"headline\":\"Se ami qualcuno dillo. Il romanzo di Marco Bonini\",\"datePublished\":\"2019-07-04T20:38:10+00:00\",\"dateModified\":\"2019-07-04T20:38:10+00:00\",\"mainEntityOfPage\":{\"@id\":\"https:\/\/arteeluoghi.it\/index.php\/2019\/07\/04\/se-ami-qualcuno-dillo-il-romanzo-di-marco-bonini\/#webpage\"},\"wordCount\":656,\"commentCount\":0,\"publisher\":{\"@id\":\"https:\/\/arteeluoghi.it\/#organization\"},\"image\":{\"@id\":\"https:\/\/arteeluoghi.it\/index.php\/2019\/07\/04\/se-ami-qualcuno-dillo-il-romanzo-di-marco-bonini\/#primaryimage\"},\"thumbnailUrl\":\"https:\/\/arteeluoghi.it\/wp-content\/uploads\/2019\/07\/neve4.jpg\",\"keywords\":[\"Marco Bonini\",\"Maria Neve Arcuti\",\"Se ami qualcuno dillo\"],\"articleSection\":[\"I luoghi della parola\",\"LIBRI\"],\"inLanguage\":\"it-IT\",\"potentialAction\":[{\"@type\":\"CommentAction\",\"name\":\"Comment\",\"target\":[\"https:\/\/arteeluoghi.it\/index.php\/2019\/07\/04\/se-ami-qualcuno-dillo-il-romanzo-di-marco-bonini\/#respond\"]}]},{\"@type\":\"Person\",\"@id\":\"https:\/\/arteeluoghi.it\/#\/schema\/person\/f84e814e36e91e01448ee07eaadd41d4\",\"name\":\"Staff\",\"image\":{\"@type\":\"ImageObject\",\"@id\":\"https:\/\/arteeluoghi.it\/#personlogo\",\"inLanguage\":\"it-IT\",\"url\":\"https:\/\/secure.gravatar.com\/avatar\/49d2f9e46271bb04e19cebfaf141313a?s=96&d=blank&r=g\",\"contentUrl\":\"https:\/\/secure.gravatar.com\/avatar\/49d2f9e46271bb04e19cebfaf141313a?s=96&d=blank&r=g\",\"caption\":\"Staff\"}}]}<\/script>\n<!-- \/ Yoast SEO plugin. -->","yoast_head_json":{"title":"Se ami qualcuno dillo. Il romanzo di Marco Bonini | Arte e Luoghi","robots":{"index":"index","follow":"follow","max-snippet":"max-snippet:-1","max-image-preview":"max-image-preview:large","max-video-preview":"max-video-preview:-1"},"canonical":"https:\/\/arteeluoghi.it\/index.php\/2019\/07\/04\/se-ami-qualcuno-dillo-il-romanzo-di-marco-bonini\/","og_locale":"it_IT","og_type":"article","og_title":"Se ami qualcuno dillo. Il romanzo di Marco Bonini | Arte e Luoghi","og_description":"In un libro un viaggio tra fragilit\u00e0 e celate debolezze\u00a0 di Maria Neve Arcuti \u00a0 \u201cSe ami qualcuno dillo\u201d, basterebbe","og_url":"https:\/\/arteeluoghi.it\/index.php\/2019\/07\/04\/se-ami-qualcuno-dillo-il-romanzo-di-marco-bonini\/","og_site_name":"Arte e Luoghi","article_publisher":"https:\/\/www.facebook.com\/ArteELuoghi\/","article_published_time":"2019-07-04T20:38:10+00:00","og_image":[{"width":960,"height":640,"url":"https:\/\/arteeluoghi.it\/wp-content\/uploads\/2019\/07\/neve4.jpg","type":"image\/jpeg"}],"twitter_card":"summary","twitter_creator":"@arteeluoghi","twitter_site":"@arteeluoghi","twitter_misc":{"Scritto da":"Staff","Tempo di lettura stimato":"3 minuti"},"schema":{"@context":"https:\/\/schema.org","@graph":[{"@type":"Organization","@id":"https:\/\/arteeluoghi.it\/#organization","name":"Arte e Luoghi","url":"https:\/\/arteeluoghi.it\/","sameAs":["https:\/\/www.facebook.com\/ArteELuoghi\/","https:\/\/www.instagram.com\/arteeluoghi\/?hl=it","https:\/\/www.youtube.com\/channel\/UCuRVc4JW4-C5sg9rQB-srkw?view_as=subscriber","https:\/\/twitter.com\/arteeluoghi"],"logo":{"@type":"ImageObject","@id":"https:\/\/arteeluoghi.it\/#logo","inLanguage":"it-IT","url":"https:\/\/arteeluoghi.it\/wp-content\/uploads\/2018\/08\/logoinstagramarte.jpg","contentUrl":"https:\/\/arteeluoghi.it\/wp-content\/uploads\/2018\/08\/logoinstagramarte.jpg","width":150,"height":150,"caption":"Arte e Luoghi"},"image":{"@id":"https:\/\/arteeluoghi.it\/#logo"}},{"@type":"WebSite","@id":"https:\/\/arteeluoghi.it\/#website","url":"https:\/\/arteeluoghi.it\/","name":"Arte e Luoghi","description":"Mensile di arte, cultura, turismo e curiosit\u00e0","publisher":{"@id":"https:\/\/arteeluoghi.it\/#organization"},"potentialAction":[{"@type":"SearchAction","target":{"@type":"EntryPoint","urlTemplate":"https:\/\/arteeluoghi.it\/?s={search_term_string}"},"query-input":"required name=search_term_string"}],"inLanguage":"it-IT"},{"@type":"ImageObject","@id":"https:\/\/arteeluoghi.it\/index.php\/2019\/07\/04\/se-ami-qualcuno-dillo-il-romanzo-di-marco-bonini\/#primaryimage","inLanguage":"it-IT","url":"https:\/\/arteeluoghi.it\/wp-content\/uploads\/2019\/07\/neve4.jpg","contentUrl":"https:\/\/arteeluoghi.it\/wp-content\/uploads\/2019\/07\/neve4.jpg","width":960,"height":640},{"@type":"WebPage","@id":"https:\/\/arteeluoghi.it\/index.php\/2019\/07\/04\/se-ami-qualcuno-dillo-il-romanzo-di-marco-bonini\/#webpage","url":"https:\/\/arteeluoghi.it\/index.php\/2019\/07\/04\/se-ami-qualcuno-dillo-il-romanzo-di-marco-bonini\/","name":"Se ami qualcuno dillo. Il romanzo di Marco Bonini | Arte e Luoghi","isPartOf":{"@id":"https:\/\/arteeluoghi.it\/#website"},"primaryImageOfPage":{"@id":"https:\/\/arteeluoghi.it\/index.php\/2019\/07\/04\/se-ami-qualcuno-dillo-il-romanzo-di-marco-bonini\/#primaryimage"},"datePublished":"2019-07-04T20:38:10+00:00","dateModified":"2019-07-04T20:38:10+00:00","breadcrumb":{"@id":"https:\/\/arteeluoghi.it\/index.php\/2019\/07\/04\/se-ami-qualcuno-dillo-il-romanzo-di-marco-bonini\/#breadcrumb"},"inLanguage":"it-IT","potentialAction":[{"@type":"ReadAction","target":["https:\/\/arteeluoghi.it\/index.php\/2019\/07\/04\/se-ami-qualcuno-dillo-il-romanzo-di-marco-bonini\/"]}]},{"@type":"BreadcrumbList","@id":"https:\/\/arteeluoghi.it\/index.php\/2019\/07\/04\/se-ami-qualcuno-dillo-il-romanzo-di-marco-bonini\/#breadcrumb","itemListElement":[{"@type":"ListItem","position":1,"name":"Home","item":"https:\/\/arteeluoghi.it\/"},{"@type":"ListItem","position":2,"name":"Se ami qualcuno dillo. Il romanzo di Marco Bonini"}]},{"@type":"Article","@id":"https:\/\/arteeluoghi.it\/index.php\/2019\/07\/04\/se-ami-qualcuno-dillo-il-romanzo-di-marco-bonini\/#article","isPartOf":{"@id":"https:\/\/arteeluoghi.it\/index.php\/2019\/07\/04\/se-ami-qualcuno-dillo-il-romanzo-di-marco-bonini\/#webpage"},"author":{"@id":"https:\/\/arteeluoghi.it\/#\/schema\/person\/f84e814e36e91e01448ee07eaadd41d4"},"headline":"Se ami qualcuno dillo. Il romanzo di Marco Bonini","datePublished":"2019-07-04T20:38:10+00:00","dateModified":"2019-07-04T20:38:10+00:00","mainEntityOfPage":{"@id":"https:\/\/arteeluoghi.it\/index.php\/2019\/07\/04\/se-ami-qualcuno-dillo-il-romanzo-di-marco-bonini\/#webpage"},"wordCount":656,"commentCount":0,"publisher":{"@id":"https:\/\/arteeluoghi.it\/#organization"},"image":{"@id":"https:\/\/arteeluoghi.it\/index.php\/2019\/07\/04\/se-ami-qualcuno-dillo-il-romanzo-di-marco-bonini\/#primaryimage"},"thumbnailUrl":"https:\/\/arteeluoghi.it\/wp-content\/uploads\/2019\/07\/neve4.jpg","keywords":["Marco Bonini","Maria Neve Arcuti","Se ami qualcuno dillo"],"articleSection":["I luoghi della parola","LIBRI"],"inLanguage":"it-IT","potentialAction":[{"@type":"CommentAction","name":"Comment","target":["https:\/\/arteeluoghi.it\/index.php\/2019\/07\/04\/se-ami-qualcuno-dillo-il-romanzo-di-marco-bonini\/#respond"]}]},{"@type":"Person","@id":"https:\/\/arteeluoghi.it\/#\/schema\/person\/f84e814e36e91e01448ee07eaadd41d4","name":"Staff","image":{"@type":"ImageObject","@id":"https:\/\/arteeluoghi.it\/#personlogo","inLanguage":"it-IT","url":"https:\/\/secure.gravatar.com\/avatar\/49d2f9e46271bb04e19cebfaf141313a?s=96&d=blank&r=g","contentUrl":"https:\/\/secure.gravatar.com\/avatar\/49d2f9e46271bb04e19cebfaf141313a?s=96&d=blank&r=g","caption":"Staff"}}]}},"_links":{"self":[{"href":"https:\/\/arteeluoghi.it\/index.php\/wp-json\/wp\/v2\/posts\/6817"}],"collection":[{"href":"https:\/\/arteeluoghi.it\/index.php\/wp-json\/wp\/v2\/posts"}],"about":[{"href":"https:\/\/arteeluoghi.it\/index.php\/wp-json\/wp\/v2\/types\/post"}],"author":[{"embeddable":true,"href":"https:\/\/arteeluoghi.it\/index.php\/wp-json\/wp\/v2\/users\/1"}],"replies":[{"embeddable":true,"href":"https:\/\/arteeluoghi.it\/index.php\/wp-json\/wp\/v2\/comments?post=6817"}],"version-history":[{"count":1,"href":"https:\/\/arteeluoghi.it\/index.php\/wp-json\/wp\/v2\/posts\/6817\/revisions"}],"predecessor-version":[{"id":6820,"href":"https:\/\/arteeluoghi.it\/index.php\/wp-json\/wp\/v2\/posts\/6817\/revisions\/6820"}],"wp:featuredmedia":[{"embeddable":true,"href":"https:\/\/arteeluoghi.it\/index.php\/wp-json\/wp\/v2\/media\/6819"}],"wp:attachment":[{"href":"https:\/\/arteeluoghi.it\/index.php\/wp-json\/wp\/v2\/media?parent=6817"}],"wp:term":[{"taxonomy":"category","embeddable":true,"href":"https:\/\/arteeluoghi.it\/index.php\/wp-json\/wp\/v2\/categories?post=6817"},{"taxonomy":"post_tag","embeddable":true,"href":"https:\/\/arteeluoghi.it\/index.php\/wp-json\/wp\/v2\/tags?post=6817"}],"curies":[{"name":"wp","href":"https:\/\/api.w.org\/{rel}","templated":true}]}}