{"id":685,"date":"2007-12-25T23:00:00","date_gmt":"2007-12-25T22:00:00","guid":{"rendered":"http:\/\/arteeluoghi.it\/index.php\/2007\/12\/25\/ricordando-fellini\/"},"modified":"2007-12-25T23:00:00","modified_gmt":"2007-12-25T22:00:00","slug":"ricordando-fellini","status":"publish","type":"post","link":"https:\/\/arteeluoghi.it\/index.php\/2007\/12\/25\/ricordando-fellini\/","title":{"rendered":"Ricordando Fellini"},"content":{"rendered":"<p>\u00a0<\/p>\n<p><img src=\"\/images\/stories\/giulietta1 fellini.jpg\" border=\"0\" title=\"Federico Fellini, Giulietta\" style=\"float: left; margin: 21px;\" \/>Un&#8217;incessante produzione cinematografica senza mai dormire<\/p>\n<p><span style=\"font-size: small;\"><strong>FELLINI ONIRICON: inconsce riprese notturne<\/strong><\/span><\/p>\n<p>Tra gli eventi della Festa del Cinema 2007<\/p>\n<p>di Patrizia Miglietta<\/p>\n<p>\u00a0<\/p>\n<p>\u00a0<\/p>\n<p>ROMA. Che fosse un regista surreale, i suoi tanti films lo rivelano senza esitazione.<br \/>Ma che l\u2019esplosione artistica prendesse forma, ancor prima, da stati onirici \u00e8 una delle scoperte pi\u00f9 intime che il grande Federico Fellini abbia potuto regalarci.<br \/>Andare oltre la visione scontata dell\u2019immagine, delle pulsazioni, delle relazioni, \u00e8 il talento distinto dell\u2019occhio attento, dello sguardo arguto e ironico di Fellini. Sincero e disinvolto nei suoi film rompe e travalica le tradizionali strutture narrative.<br \/>Ha raccontato, in modo del tutto straordinario e pregnante, inquietudini e incertezze, interpretato le oppressioni dell\u2019esistenza contemporanea, perdendosi spesso in percorsi autobiografici, legati ai ricordi dell\u2019infanzia e dell\u2019adolescenza degli ambienti riminesi.<br \/>Se la fantasia meglio si libera nei sogni, la mente geniale di Fellini non riposa nemmeno nel sonno. Consapevole dell\u2019importanza dei sogni e della loro fugace memoria, l\u2019artista, sollecitato dal suo analista Berhnard, appunta per trent\u2019anni dal 1960, le proprie \u201cfantasie\u201d notturne. Si pu\u00f2 conoscere tanti aspetti della vita pubblica e privata di un uomo, ma cosa c\u2019\u00e8 di pi\u00f9 intimo e allo stesso tempo pubblico nel riferire il proprio inconscio? Nei sogni nessuno ci giudica, non vi \u00e8 controllo, non vi sono sanzioni n\u00e9 moralismi, e soprattutto \u00e8 pi\u00f9 difficile mentire a se stessi.<br \/>Il \u201cLibro dei sogni\u201d, costituito da due volumi mastri di diverso formato in cui raffigura i sogni con disegni affrettati, segnacci e appunti sgrammaticati in circa 400 pagine, spoglia Fellini da ogni pudore.<br \/>Appunta come in un Diario dei capolavori paralleli alla pellicola, lasciandoci la libert\u00e0 di creare un gioco in cui non c\u2019\u00e8 tempo cronologico ben definito nell\u2019anteporre la creativit\u00e0 cinematografica a quella onirica, e viceversa.<br \/>Osservare i sogni raffigurati, diviene una conoscenza che a tratti imbarazza: un filo conduttore lega i sogni al mondo i n t e r i o r e dell\u2019artista, da sempre affascinato nonch\u00e9 tormentato dal Mistero e dall\u2019ignoto.  <!--more-->  <br \/>Non tutti i sogni sono piacevoli. Nelle notti da incubo costante \u00e8 la presenza della morte, del pericolo, dei disastri, con bombe che esplodono, dirigibili che si schiantano al suolo, fucilazioni naziste.<br \/>Vi sono altre notti in cui, come nella vita diurna, Federico \u00e8 perseguitato dalla figura femminile. Da un lato il sognatore apprensivo verso la figura quasi materna della moglie (Giulietta Masina) attraverso la quale cerca di avvicinarsi per comprendere la psiche femminile; dall\u2019altro sommerso dall\u2019erotismo ossessivo di donne prosperose che lo provocano in atteggiamenti ai confini della pornografia: giganti signore nude ed ingioiellate, attrici, prostitute borghesi, espliciti riferimenti sessuali.<br \/>Un mondo onirico abitato da donne che ad occhi aperti \u201crivede\u201d nel film La citt\u00e0 delle donne (1980).<br \/>Ed ancora il legame e le ansie con il mondo del lavoro, il rapporto con i produttori cinematografici, con i colleghi registi ed attori , alcuni dei quali immortala in ritratti con uno stile del tutto personale.<br \/>Cinque gli Oscar che hanno incoronato le sue pellicole e, ad oggi, i suoi sogni&#8230; \u201cTutto ci\u00f2 che possiamo fare \u00e8 tentare di raggiungere la consapevolezza che siamo parte di questo imperscrutabile mistero che \u00e8 il creato. Ubbidiamo alle sue leggi inconoscibili, ai suoi ritmi ai suoi mutamenti. Siamo misteri tra i misteri.\u201d<br \/>(Il libro dei sogni, 20 Agosto 1984)<\/p>\n","protected":false},"excerpt":{"rendered":"<p>\u00a0 Un&#8217;incessante produzione cinematografica senza mai dormire FELLINI ONIRICON: inconsce riprese notturne Tra gli eventi della Festa del Cinema 2007<\/p>\n","protected":false},"author":1,"featured_media":0,"comment_status":"open","ping_status":"open","sticky":false,"template":"","format":"standard","meta":[],"categories":[3],"tags":[],"yoast_head":"<!-- This site is optimized with the Yoast SEO plugin v18.0 - https:\/\/yoast.com\/wordpress\/plugins\/seo\/ -->\n<title>Ricordando Fellini | Arte e Luoghi<\/title>\n<meta name=\"robots\" content=\"index, follow, max-snippet:-1, max-image-preview:large, max-video-preview:-1\" \/>\n<link rel=\"canonical\" href=\"https:\/\/arteeluoghi.it\/index.php\/2007\/12\/25\/ricordando-fellini\/\" \/>\n<meta property=\"og:locale\" content=\"it_IT\" \/>\n<meta property=\"og:type\" content=\"article\" \/>\n<meta property=\"og:title\" content=\"Ricordando Fellini | Arte e Luoghi\" \/>\n<meta property=\"og:description\" content=\"\u00a0 Un&#8217;incessante produzione cinematografica senza mai dormire FELLINI ONIRICON: inconsce riprese notturne Tra gli eventi della Festa del Cinema 2007\" \/>\n<meta property=\"og:url\" content=\"https:\/\/arteeluoghi.it\/index.php\/2007\/12\/25\/ricordando-fellini\/\" \/>\n<meta property=\"og:site_name\" content=\"Arte e Luoghi\" \/>\n<meta property=\"article:publisher\" content=\"https:\/\/www.facebook.com\/ArteELuoghi\/\" \/>\n<meta property=\"article:published_time\" content=\"2007-12-25T22:00:00+00:00\" \/>\n<meta property=\"og:image\" content=\"https:\/\/arteeluoghi.it\/images\/stories\/giulietta1%20fellini.jpg\" \/>\n<meta name=\"twitter:card\" content=\"summary\" \/>\n<meta name=\"twitter:creator\" content=\"@arteeluoghi\" \/>\n<meta name=\"twitter:site\" content=\"@arteeluoghi\" \/>\n<meta name=\"twitter:label1\" content=\"Scritto da\" \/>\n\t<meta name=\"twitter:data1\" content=\"Staff\" \/>\n\t<meta name=\"twitter:label2\" content=\"Tempo di lettura stimato\" \/>\n\t<meta name=\"twitter:data2\" content=\"3 minuti\" \/>\n<script type=\"application\/ld+json\" class=\"yoast-schema-graph\">{\"@context\":\"https:\/\/schema.org\",\"@graph\":[{\"@type\":\"Organization\",\"@id\":\"https:\/\/arteeluoghi.it\/#organization\",\"name\":\"Arte e Luoghi\",\"url\":\"https:\/\/arteeluoghi.it\/\",\"sameAs\":[\"https:\/\/www.facebook.com\/ArteELuoghi\/\",\"https:\/\/www.instagram.com\/arteeluoghi\/?hl=it\",\"https:\/\/www.youtube.com\/channel\/UCuRVc4JW4-C5sg9rQB-srkw?view_as=subscriber\",\"https:\/\/twitter.com\/arteeluoghi\"],\"logo\":{\"@type\":\"ImageObject\",\"@id\":\"https:\/\/arteeluoghi.it\/#logo\",\"inLanguage\":\"it-IT\",\"url\":\"https:\/\/arteeluoghi.it\/wp-content\/uploads\/2018\/08\/logoinstagramarte.jpg\",\"contentUrl\":\"https:\/\/arteeluoghi.it\/wp-content\/uploads\/2018\/08\/logoinstagramarte.jpg\",\"width\":150,\"height\":150,\"caption\":\"Arte e Luoghi\"},\"image\":{\"@id\":\"https:\/\/arteeluoghi.it\/#logo\"}},{\"@type\":\"WebSite\",\"@id\":\"https:\/\/arteeluoghi.it\/#website\",\"url\":\"https:\/\/arteeluoghi.it\/\",\"name\":\"Arte e Luoghi\",\"description\":\"Mensile di arte, cultura, turismo e curiosit\u00e0\",\"publisher\":{\"@id\":\"https:\/\/arteeluoghi.it\/#organization\"},\"potentialAction\":[{\"@type\":\"SearchAction\",\"target\":{\"@type\":\"EntryPoint\",\"urlTemplate\":\"https:\/\/arteeluoghi.it\/?s={search_term_string}\"},\"query-input\":\"required name=search_term_string\"}],\"inLanguage\":\"it-IT\"},{\"@type\":\"ImageObject\",\"@id\":\"https:\/\/arteeluoghi.it\/index.php\/2007\/12\/25\/ricordando-fellini\/#primaryimage\",\"inLanguage\":\"it-IT\",\"url\":\"\/images\/stories\/giulietta1 fellini.jpg\",\"contentUrl\":\"\/images\/stories\/giulietta1 fellini.jpg\"},{\"@type\":\"WebPage\",\"@id\":\"https:\/\/arteeluoghi.it\/index.php\/2007\/12\/25\/ricordando-fellini\/#webpage\",\"url\":\"https:\/\/arteeluoghi.it\/index.php\/2007\/12\/25\/ricordando-fellini\/\",\"name\":\"Ricordando Fellini | Arte e Luoghi\",\"isPartOf\":{\"@id\":\"https:\/\/arteeluoghi.it\/#website\"},\"primaryImageOfPage\":{\"@id\":\"https:\/\/arteeluoghi.it\/index.php\/2007\/12\/25\/ricordando-fellini\/#primaryimage\"},\"datePublished\":\"2007-12-25T22:00:00+00:00\",\"dateModified\":\"2007-12-25T22:00:00+00:00\",\"breadcrumb\":{\"@id\":\"https:\/\/arteeluoghi.it\/index.php\/2007\/12\/25\/ricordando-fellini\/#breadcrumb\"},\"inLanguage\":\"it-IT\",\"potentialAction\":[{\"@type\":\"ReadAction\",\"target\":[\"https:\/\/arteeluoghi.it\/index.php\/2007\/12\/25\/ricordando-fellini\/\"]}]},{\"@type\":\"BreadcrumbList\",\"@id\":\"https:\/\/arteeluoghi.it\/index.php\/2007\/12\/25\/ricordando-fellini\/#breadcrumb\",\"itemListElement\":[{\"@type\":\"ListItem\",\"position\":1,\"name\":\"Home\",\"item\":\"https:\/\/arteeluoghi.it\/\"},{\"@type\":\"ListItem\",\"position\":2,\"name\":\"Ricordando Fellini\"}]},{\"@type\":\"Article\",\"@id\":\"https:\/\/arteeluoghi.it\/index.php\/2007\/12\/25\/ricordando-fellini\/#article\",\"isPartOf\":{\"@id\":\"https:\/\/arteeluoghi.it\/index.php\/2007\/12\/25\/ricordando-fellini\/#webpage\"},\"author\":{\"@id\":\"https:\/\/arteeluoghi.it\/#\/schema\/person\/f84e814e36e91e01448ee07eaadd41d4\"},\"headline\":\"Ricordando Fellini\",\"datePublished\":\"2007-12-25T22:00:00+00:00\",\"dateModified\":\"2007-12-25T22:00:00+00:00\",\"mainEntityOfPage\":{\"@id\":\"https:\/\/arteeluoghi.it\/index.php\/2007\/12\/25\/ricordando-fellini\/#webpage\"},\"wordCount\":545,\"commentCount\":0,\"publisher\":{\"@id\":\"https:\/\/arteeluoghi.it\/#organization\"},\"image\":{\"@id\":\"https:\/\/arteeluoghi.it\/index.php\/2007\/12\/25\/ricordando-fellini\/#primaryimage\"},\"thumbnailUrl\":\"\/images\/stories\/giulietta1 fellini.jpg\",\"articleSection\":[\"Arti visive\"],\"inLanguage\":\"it-IT\",\"potentialAction\":[{\"@type\":\"CommentAction\",\"name\":\"Comment\",\"target\":[\"https:\/\/arteeluoghi.it\/index.php\/2007\/12\/25\/ricordando-fellini\/#respond\"]}]},{\"@type\":\"Person\",\"@id\":\"https:\/\/arteeluoghi.it\/#\/schema\/person\/f84e814e36e91e01448ee07eaadd41d4\",\"name\":\"Staff\",\"image\":{\"@type\":\"ImageObject\",\"@id\":\"https:\/\/arteeluoghi.it\/#personlogo\",\"inLanguage\":\"it-IT\",\"url\":\"https:\/\/secure.gravatar.com\/avatar\/49d2f9e46271bb04e19cebfaf141313a?s=96&d=blank&r=g\",\"contentUrl\":\"https:\/\/secure.gravatar.com\/avatar\/49d2f9e46271bb04e19cebfaf141313a?s=96&d=blank&r=g\",\"caption\":\"Staff\"}}]}<\/script>\n<!-- \/ Yoast SEO plugin. -->","yoast_head_json":{"title":"Ricordando Fellini | Arte e Luoghi","robots":{"index":"index","follow":"follow","max-snippet":"max-snippet:-1","max-image-preview":"max-image-preview:large","max-video-preview":"max-video-preview:-1"},"canonical":"https:\/\/arteeluoghi.it\/index.php\/2007\/12\/25\/ricordando-fellini\/","og_locale":"it_IT","og_type":"article","og_title":"Ricordando Fellini | Arte e Luoghi","og_description":"\u00a0 Un&#8217;incessante produzione cinematografica senza mai dormire FELLINI ONIRICON: inconsce riprese notturne Tra gli eventi della Festa del Cinema 2007","og_url":"https:\/\/arteeluoghi.it\/index.php\/2007\/12\/25\/ricordando-fellini\/","og_site_name":"Arte e Luoghi","article_publisher":"https:\/\/www.facebook.com\/ArteELuoghi\/","article_published_time":"2007-12-25T22:00:00+00:00","og_image":[{"url":"https:\/\/arteeluoghi.it\/images\/stories\/giulietta1 fellini.jpg"}],"twitter_card":"summary","twitter_creator":"@arteeluoghi","twitter_site":"@arteeluoghi","twitter_misc":{"Scritto da":"Staff","Tempo di lettura stimato":"3 minuti"},"schema":{"@context":"https:\/\/schema.org","@graph":[{"@type":"Organization","@id":"https:\/\/arteeluoghi.it\/#organization","name":"Arte e Luoghi","url":"https:\/\/arteeluoghi.it\/","sameAs":["https:\/\/www.facebook.com\/ArteELuoghi\/","https:\/\/www.instagram.com\/arteeluoghi\/?hl=it","https:\/\/www.youtube.com\/channel\/UCuRVc4JW4-C5sg9rQB-srkw?view_as=subscriber","https:\/\/twitter.com\/arteeluoghi"],"logo":{"@type":"ImageObject","@id":"https:\/\/arteeluoghi.it\/#logo","inLanguage":"it-IT","url":"https:\/\/arteeluoghi.it\/wp-content\/uploads\/2018\/08\/logoinstagramarte.jpg","contentUrl":"https:\/\/arteeluoghi.it\/wp-content\/uploads\/2018\/08\/logoinstagramarte.jpg","width":150,"height":150,"caption":"Arte e Luoghi"},"image":{"@id":"https:\/\/arteeluoghi.it\/#logo"}},{"@type":"WebSite","@id":"https:\/\/arteeluoghi.it\/#website","url":"https:\/\/arteeluoghi.it\/","name":"Arte e Luoghi","description":"Mensile di arte, cultura, turismo e curiosit\u00e0","publisher":{"@id":"https:\/\/arteeluoghi.it\/#organization"},"potentialAction":[{"@type":"SearchAction","target":{"@type":"EntryPoint","urlTemplate":"https:\/\/arteeluoghi.it\/?s={search_term_string}"},"query-input":"required name=search_term_string"}],"inLanguage":"it-IT"},{"@type":"ImageObject","@id":"https:\/\/arteeluoghi.it\/index.php\/2007\/12\/25\/ricordando-fellini\/#primaryimage","inLanguage":"it-IT","url":"\/images\/stories\/giulietta1 fellini.jpg","contentUrl":"\/images\/stories\/giulietta1 fellini.jpg"},{"@type":"WebPage","@id":"https:\/\/arteeluoghi.it\/index.php\/2007\/12\/25\/ricordando-fellini\/#webpage","url":"https:\/\/arteeluoghi.it\/index.php\/2007\/12\/25\/ricordando-fellini\/","name":"Ricordando Fellini | Arte e Luoghi","isPartOf":{"@id":"https:\/\/arteeluoghi.it\/#website"},"primaryImageOfPage":{"@id":"https:\/\/arteeluoghi.it\/index.php\/2007\/12\/25\/ricordando-fellini\/#primaryimage"},"datePublished":"2007-12-25T22:00:00+00:00","dateModified":"2007-12-25T22:00:00+00:00","breadcrumb":{"@id":"https:\/\/arteeluoghi.it\/index.php\/2007\/12\/25\/ricordando-fellini\/#breadcrumb"},"inLanguage":"it-IT","potentialAction":[{"@type":"ReadAction","target":["https:\/\/arteeluoghi.it\/index.php\/2007\/12\/25\/ricordando-fellini\/"]}]},{"@type":"BreadcrumbList","@id":"https:\/\/arteeluoghi.it\/index.php\/2007\/12\/25\/ricordando-fellini\/#breadcrumb","itemListElement":[{"@type":"ListItem","position":1,"name":"Home","item":"https:\/\/arteeluoghi.it\/"},{"@type":"ListItem","position":2,"name":"Ricordando Fellini"}]},{"@type":"Article","@id":"https:\/\/arteeluoghi.it\/index.php\/2007\/12\/25\/ricordando-fellini\/#article","isPartOf":{"@id":"https:\/\/arteeluoghi.it\/index.php\/2007\/12\/25\/ricordando-fellini\/#webpage"},"author":{"@id":"https:\/\/arteeluoghi.it\/#\/schema\/person\/f84e814e36e91e01448ee07eaadd41d4"},"headline":"Ricordando Fellini","datePublished":"2007-12-25T22:00:00+00:00","dateModified":"2007-12-25T22:00:00+00:00","mainEntityOfPage":{"@id":"https:\/\/arteeluoghi.it\/index.php\/2007\/12\/25\/ricordando-fellini\/#webpage"},"wordCount":545,"commentCount":0,"publisher":{"@id":"https:\/\/arteeluoghi.it\/#organization"},"image":{"@id":"https:\/\/arteeluoghi.it\/index.php\/2007\/12\/25\/ricordando-fellini\/#primaryimage"},"thumbnailUrl":"\/images\/stories\/giulietta1 fellini.jpg","articleSection":["Arti visive"],"inLanguage":"it-IT","potentialAction":[{"@type":"CommentAction","name":"Comment","target":["https:\/\/arteeluoghi.it\/index.php\/2007\/12\/25\/ricordando-fellini\/#respond"]}]},{"@type":"Person","@id":"https:\/\/arteeluoghi.it\/#\/schema\/person\/f84e814e36e91e01448ee07eaadd41d4","name":"Staff","image":{"@type":"ImageObject","@id":"https:\/\/arteeluoghi.it\/#personlogo","inLanguage":"it-IT","url":"https:\/\/secure.gravatar.com\/avatar\/49d2f9e46271bb04e19cebfaf141313a?s=96&d=blank&r=g","contentUrl":"https:\/\/secure.gravatar.com\/avatar\/49d2f9e46271bb04e19cebfaf141313a?s=96&d=blank&r=g","caption":"Staff"}}]}},"_links":{"self":[{"href":"https:\/\/arteeluoghi.it\/index.php\/wp-json\/wp\/v2\/posts\/685"}],"collection":[{"href":"https:\/\/arteeluoghi.it\/index.php\/wp-json\/wp\/v2\/posts"}],"about":[{"href":"https:\/\/arteeluoghi.it\/index.php\/wp-json\/wp\/v2\/types\/post"}],"author":[{"embeddable":true,"href":"https:\/\/arteeluoghi.it\/index.php\/wp-json\/wp\/v2\/users\/1"}],"replies":[{"embeddable":true,"href":"https:\/\/arteeluoghi.it\/index.php\/wp-json\/wp\/v2\/comments?post=685"}],"version-history":[{"count":0,"href":"https:\/\/arteeluoghi.it\/index.php\/wp-json\/wp\/v2\/posts\/685\/revisions"}],"wp:attachment":[{"href":"https:\/\/arteeluoghi.it\/index.php\/wp-json\/wp\/v2\/media?parent=685"}],"wp:term":[{"taxonomy":"category","embeddable":true,"href":"https:\/\/arteeluoghi.it\/index.php\/wp-json\/wp\/v2\/categories?post=685"},{"taxonomy":"post_tag","embeddable":true,"href":"https:\/\/arteeluoghi.it\/index.php\/wp-json\/wp\/v2\/tags?post=685"}],"curies":[{"name":"wp","href":"https:\/\/api.w.org\/{rel}","templated":true}]}}