{"id":6863,"date":"2019-07-01T20:35:05","date_gmt":"2019-07-01T18:35:05","guid":{"rendered":"https:\/\/arteeluoghi.it\/?p=6863"},"modified":"2019-08-01T20:45:42","modified_gmt":"2019-08-01T18:45:42","slug":"chiara-dynys-con-enlightening-books-al-mattatoio-di-roma","status":"publish","type":"post","link":"https:\/\/arteeluoghi.it\/index.php\/2019\/07\/01\/chiara-dynys-con-enlightening-books-al-mattatoio-di-roma\/","title":{"rendered":"Chiara Dynys con Enlightening Books al Mattatoio di Roma"},"content":{"rendered":"<p><img loading=\"lazy\" class=\"alignleft wp-image-6864 size-large\" src=\"https:\/\/arteeluoghi.it\/wp-content\/uploads\/2019\/08\/South-and-South-2005-light-boxes-lenticolari-ple\u2026-20-x-45-x-13.jpg--1024x680.jpeg\" alt=\"\" width=\"800\" height=\"531\" srcset=\"https:\/\/arteeluoghi.it\/wp-content\/uploads\/2019\/08\/South-and-South-2005-light-boxes-lenticolari-ple\u2026-20-x-45-x-13.jpg--1024x680.jpeg 1024w, https:\/\/arteeluoghi.it\/wp-content\/uploads\/2019\/08\/South-and-South-2005-light-boxes-lenticolari-ple\u2026-20-x-45-x-13.jpg--300x199.jpeg 300w, https:\/\/arteeluoghi.it\/wp-content\/uploads\/2019\/08\/South-and-South-2005-light-boxes-lenticolari-ple\u2026-20-x-45-x-13.jpg--768x510.jpeg 768w, https:\/\/arteeluoghi.it\/wp-content\/uploads\/2019\/08\/South-and-South-2005-light-boxes-lenticolari-ple\u2026-20-x-45-x-13.jpg-.jpeg 2048w\" sizes=\"(max-width: 800px) 100vw, 800px\" \/>ROMA.\u00a0\u00a0Un viaggio attraverso il labile confine tra realt\u00e0 e illusione per raggiungere la luce di una conoscenza che non teme di addentrarsi anche nelle pieghe pi\u00f9 oscure dell\u2019esistenza. \u00c8 questo il percorso che invita a esplorare <strong>Chiara Dynys<\/strong> con \u201c<strong>Enlightening Books<\/strong>\u201d, la <strong>mostra curata da<\/strong> <strong>Giorgio Verzotti<\/strong> e ospitata nella suggestiva cornice del <strong>Mattatoio Roma dal 6 giugno al 4 settembre 2019<\/strong>.<\/p>\n<p>Sulla scia del successo di \u201cSabra Beauty Everywhere\u201d &#8211; progetto esposto al Museo Correr di Venezia fino al 24 novembre 2019 &#8211; Chiara Dynys presenta a Roma un lavoro composito, una rassegna che tocca trasversalmente diversi periodi della sua attivit\u00e0, da sempre contraddistinta dalla caparbia volont\u00e0 di osservare con occhi lucidi la complessit\u00e0 del mondo, segnato da disuguaglianze, ambiguit\u00e0 e delicata bellezza.<\/p>\n<p>La mostra presenta opere di diversa fattura, realizzate con molteplici tecniche e materiali, espressione dell\u2019eclettismo e della poliedricit\u00e0 dell\u2019artista. Lavori che sono accomunati tra loro dal filo rosso del concetto di trasformazione.<\/p>\n<p>\u201cLa trasformazione &#8211; spiega Chiara Dynys &#8211; \u00e8 una rinascita, un segno di vita che s\u2019impone in risposta a una crisi. \u00c8 un atto di ottimismo della volont\u00e0, capace di superare conflitti e contraddizioni che esistono dentro se stessi o tra culture diverse. La trasformazione pu\u00f2 dar vita a un terremoto sociale che genera un incontro\/scontro e getta le basi per una solida ricostruzione\u201d.<\/p>\n<p><!--more--><\/p>\n<p>Il percorso espositivo si snoda attraverso diversi ambienti del Mattatoio. Nella Galleria delle Vasche dieci opere storiche, raggruppate per assonanza semantica, propongono suggestioni su temi ricorrenti nell\u2019attivit\u00e0 dell\u2019artista. Tra questi: la molteplicit\u00e0 delle dimensioni del reale, i conflitti geopolitici e le disuguaglianze, siano esse economiche, sociali o religiose.<\/p>\n<p>&nbsp;<\/p>\n<p>Nel secondo padiglione, una grande installazione site-specific presenta un insieme di undici arazzi sui quali sono dipinte a mano morbide onde formate dai dorsi colorati di numerosi libri. Un percorso avvolgente che culmina in un antro luminoso di 7 metri composto da 400 volumi in vetro con 45 diverse sfumature di bianco. Un \u201cpozzo di luce\u201d, accessibile solo attraverso un ritaglio nel tessuto, che crea una straniante illusione prospettica come in una borrominiana reminiscenza, alterando la percezione dello spazio.<\/p>\n<p>Ospitata nell\u2019imponente struttura del Mattatoio, la mostra si pone in dialogo con l\u2019ambiente circostante senza relegarlo a mero contenitore ma instaurando con esso un dialogo armonico. Il sapiente uso degli spazi permette all\u2019artista di rimarcare con forza il messaggio al centro del suo lavoro: per quanto il cammino tra le ombre della realt\u00e0 possa essere complesso e faticoso, questo rappresenta la strada principale per raggiungere l&#8217;illuminazione della conoscenza. Un\u2019illuminazione che \u00e8 allo stesso tempo reale e metaforica. Sono d\u2019altronde proprio quei libri luminosi alla fine del percorso che elevano lo spettatore a uno stato di coscienza magica, estatica ed emozionante.<\/p>\n<p>(fonte: comunicato stampa)<\/p>\n<p>Immagini : credits_ufficio stampa_<strong>Chiara Dynys<\/strong><\/p>\n<p>&nbsp;<\/p>\n<p><strong>\u00a0<\/strong><\/p>\n<p><strong>L\u2019artista <\/strong><\/p>\n<p><strong><em>Chiara Dynys<\/em><\/strong><em>\u00a0\u00e8 un\u2019artista poliedrica, dedita sia a esperienze concettuali sia a pittura e scultura, con una produzione rilevante di interventi performativi e opere fortemente impegnate nella riflessione sociale e antropologica del nostro tempo. La sua attivit\u00e0 \u00e8 segnata da una profonda speculazione sul senso dell\u2019anomalia e del limite tra realt\u00e0 umana e scenario metafisico, di cui aspetti ricorrenti sono i temi del doppio, della duplicit\u00e0 e dello sdoppiamento. Artista di grande versatilit\u00e0, ha partecipato a numerose mostre personali e collettive in importanti musei e istituzioni culturali pubbliche e private, italiane ed estere.\u00a0<\/em><\/p>\n<p><em>\u00a0<\/em><\/p>\n<p><!--more--><\/p>\n<p>Informazioni:<\/p>\n<p>Titolo: Chiara Dynys &#8211; \u201cEnlightening Books\u201d<\/p>\n<p>Sede: Mattatoio &#8211; Piazza Orazio Giustiniani 4<br \/>\nPeriodo: 6 giugno \u2013 4 settembre 2019<\/p>\n<p>Promossa da: Roma Capitale &#8211; Assessorato alla Crescita culturale e Azienda Speciale Palaexpo<br \/>\nOrganizzata da: Azienda Speciale Palaexpo<\/p>\n<p><strong>Orario<\/strong>: Dal marted\u00ec alla domenica dalle 14.00 alle 20.00.<\/p>\n<p>Luned\u00ec chiuso.<\/p>\n<p>L&#8217;ingresso \u00e8 consentito fino a 30 minuti prima della chiusura.<\/p>\n<p>Info tel. 06 39967500 &#8211; www.mattatoioroma.it<\/p>\n<p>&nbsp;<\/p>\n<p><strong>Biglietti<\/strong><\/p>\n<p>Intero \u20ac 6,00<\/p>\n<p>Ridotto \u20ac 5,00<\/p>\n<p>Ragazzi dai 7 ai 18 anni \u20ac 4,00<\/p>\n<p>&nbsp;<\/p>\n<p><em>Per i cittadini residenti nel territorio di Roma Capitale<\/em><\/p>\n<p>Intero \u20ac 5,00<\/p>\n<p>Ridotto \u20ac 4,00<\/p>\n<p>Bambini fino a 6 anni gratuito<\/p>\n","protected":false},"excerpt":{"rendered":"<p>ROMA.\u00a0\u00a0Un viaggio attraverso il labile confine tra realt\u00e0 e illusione per raggiungere la luce di una conoscenza che non teme<\/p>\n","protected":false},"author":1,"featured_media":6865,"comment_status":"open","ping_status":"open","sticky":true,"template":"","format":"standard","meta":[],"categories":[27,3],"tags":[1698],"yoast_head":"<!-- This site is optimized with the Yoast SEO plugin v18.0 - https:\/\/yoast.com\/wordpress\/plugins\/seo\/ -->\n<title>Chiara Dynys con Enlightening Books al Mattatoio di Roma | Arte e Luoghi<\/title>\n<meta name=\"robots\" content=\"index, follow, max-snippet:-1, max-image-preview:large, max-video-preview:-1\" \/>\n<link rel=\"canonical\" href=\"https:\/\/arteeluoghi.it\/index.php\/2019\/07\/01\/chiara-dynys-con-enlightening-books-al-mattatoio-di-roma\/\" \/>\n<meta property=\"og:locale\" content=\"it_IT\" \/>\n<meta property=\"og:type\" content=\"article\" \/>\n<meta property=\"og:title\" content=\"Chiara Dynys con Enlightening Books al Mattatoio di Roma | Arte e Luoghi\" \/>\n<meta property=\"og:description\" content=\"ROMA.\u00a0\u00a0Un viaggio attraverso il labile confine tra realt\u00e0 e illusione per raggiungere la luce di una conoscenza che non teme\" \/>\n<meta property=\"og:url\" content=\"https:\/\/arteeluoghi.it\/index.php\/2019\/07\/01\/chiara-dynys-con-enlightening-books-al-mattatoio-di-roma\/\" \/>\n<meta property=\"og:site_name\" content=\"Arte e Luoghi\" \/>\n<meta property=\"article:publisher\" content=\"https:\/\/www.facebook.com\/ArteELuoghi\/\" \/>\n<meta property=\"article:published_time\" content=\"2019-07-01T18:35:05+00:00\" \/>\n<meta property=\"article:modified_time\" content=\"2019-08-01T18:45:42+00:00\" \/>\n<meta property=\"og:image\" content=\"https:\/\/arteeluoghi.it\/wp-content\/uploads\/2019\/08\/Duale-2013-stampa-lenticolare-e-plexiglass-cm-65-x-85-x-10-3.JPG--900x1024.jpeg\" \/>\n\t<meta property=\"og:image:width\" content=\"900\" \/>\n\t<meta property=\"og:image:height\" content=\"1024\" \/>\n\t<meta property=\"og:image:type\" content=\"image\/jpeg\" \/>\n<meta name=\"twitter:card\" content=\"summary\" \/>\n<meta name=\"twitter:creator\" content=\"@arteeluoghi\" \/>\n<meta name=\"twitter:site\" content=\"@arteeluoghi\" \/>\n<meta name=\"twitter:label1\" content=\"Scritto da\" \/>\n\t<meta name=\"twitter:data1\" content=\"Staff\" \/>\n\t<meta name=\"twitter:label2\" content=\"Tempo di lettura stimato\" \/>\n\t<meta name=\"twitter:data2\" content=\"3 minuti\" \/>\n<script type=\"application\/ld+json\" class=\"yoast-schema-graph\">{\"@context\":\"https:\/\/schema.org\",\"@graph\":[{\"@type\":\"Organization\",\"@id\":\"https:\/\/arteeluoghi.it\/#organization\",\"name\":\"Arte e Luoghi\",\"url\":\"https:\/\/arteeluoghi.it\/\",\"sameAs\":[\"https:\/\/www.facebook.com\/ArteELuoghi\/\",\"https:\/\/www.instagram.com\/arteeluoghi\/?hl=it\",\"https:\/\/www.youtube.com\/channel\/UCuRVc4JW4-C5sg9rQB-srkw?view_as=subscriber\",\"https:\/\/twitter.com\/arteeluoghi\"],\"logo\":{\"@type\":\"ImageObject\",\"@id\":\"https:\/\/arteeluoghi.it\/#logo\",\"inLanguage\":\"it-IT\",\"url\":\"https:\/\/arteeluoghi.it\/wp-content\/uploads\/2018\/08\/logoinstagramarte.jpg\",\"contentUrl\":\"https:\/\/arteeluoghi.it\/wp-content\/uploads\/2018\/08\/logoinstagramarte.jpg\",\"width\":150,\"height\":150,\"caption\":\"Arte e Luoghi\"},\"image\":{\"@id\":\"https:\/\/arteeluoghi.it\/#logo\"}},{\"@type\":\"WebSite\",\"@id\":\"https:\/\/arteeluoghi.it\/#website\",\"url\":\"https:\/\/arteeluoghi.it\/\",\"name\":\"Arte e Luoghi\",\"description\":\"Mensile di arte, cultura, turismo e curiosit\u00e0\",\"publisher\":{\"@id\":\"https:\/\/arteeluoghi.it\/#organization\"},\"potentialAction\":[{\"@type\":\"SearchAction\",\"target\":{\"@type\":\"EntryPoint\",\"urlTemplate\":\"https:\/\/arteeluoghi.it\/?s={search_term_string}\"},\"query-input\":\"required name=search_term_string\"}],\"inLanguage\":\"it-IT\"},{\"@type\":\"ImageObject\",\"@id\":\"https:\/\/arteeluoghi.it\/index.php\/2019\/07\/01\/chiara-dynys-con-enlightening-books-al-mattatoio-di-roma\/#primaryimage\",\"inLanguage\":\"it-IT\",\"url\":\"https:\/\/arteeluoghi.it\/wp-content\/uploads\/2019\/08\/Duale-2013-stampa-lenticolare-e-plexiglass-cm-65-x-85-x-10-3.JPG-.jpeg\",\"contentUrl\":\"https:\/\/arteeluoghi.it\/wp-content\/uploads\/2019\/08\/Duale-2013-stampa-lenticolare-e-plexiglass-cm-65-x-85-x-10-3.JPG-.jpeg\",\"width\":5496,\"height\":6255},{\"@type\":\"WebPage\",\"@id\":\"https:\/\/arteeluoghi.it\/index.php\/2019\/07\/01\/chiara-dynys-con-enlightening-books-al-mattatoio-di-roma\/#webpage\",\"url\":\"https:\/\/arteeluoghi.it\/index.php\/2019\/07\/01\/chiara-dynys-con-enlightening-books-al-mattatoio-di-roma\/\",\"name\":\"Chiara Dynys con Enlightening Books al Mattatoio di Roma | Arte e Luoghi\",\"isPartOf\":{\"@id\":\"https:\/\/arteeluoghi.it\/#website\"},\"primaryImageOfPage\":{\"@id\":\"https:\/\/arteeluoghi.it\/index.php\/2019\/07\/01\/chiara-dynys-con-enlightening-books-al-mattatoio-di-roma\/#primaryimage\"},\"datePublished\":\"2019-07-01T18:35:05+00:00\",\"dateModified\":\"2019-08-01T18:45:42+00:00\",\"breadcrumb\":{\"@id\":\"https:\/\/arteeluoghi.it\/index.php\/2019\/07\/01\/chiara-dynys-con-enlightening-books-al-mattatoio-di-roma\/#breadcrumb\"},\"inLanguage\":\"it-IT\",\"potentialAction\":[{\"@type\":\"ReadAction\",\"target\":[\"https:\/\/arteeluoghi.it\/index.php\/2019\/07\/01\/chiara-dynys-con-enlightening-books-al-mattatoio-di-roma\/\"]}]},{\"@type\":\"BreadcrumbList\",\"@id\":\"https:\/\/arteeluoghi.it\/index.php\/2019\/07\/01\/chiara-dynys-con-enlightening-books-al-mattatoio-di-roma\/#breadcrumb\",\"itemListElement\":[{\"@type\":\"ListItem\",\"position\":1,\"name\":\"Home\",\"item\":\"https:\/\/arteeluoghi.it\/\"},{\"@type\":\"ListItem\",\"position\":2,\"name\":\"Chiara Dynys con Enlightening Books al Mattatoio di Roma\"}]},{\"@type\":\"Article\",\"@id\":\"https:\/\/arteeluoghi.it\/index.php\/2019\/07\/01\/chiara-dynys-con-enlightening-books-al-mattatoio-di-roma\/#article\",\"isPartOf\":{\"@id\":\"https:\/\/arteeluoghi.it\/index.php\/2019\/07\/01\/chiara-dynys-con-enlightening-books-al-mattatoio-di-roma\/#webpage\"},\"author\":{\"@id\":\"https:\/\/arteeluoghi.it\/#\/schema\/person\/f84e814e36e91e01448ee07eaadd41d4\"},\"headline\":\"Chiara Dynys con Enlightening Books al Mattatoio di Roma\",\"datePublished\":\"2019-07-01T18:35:05+00:00\",\"dateModified\":\"2019-08-01T18:45:42+00:00\",\"mainEntityOfPage\":{\"@id\":\"https:\/\/arteeluoghi.it\/index.php\/2019\/07\/01\/chiara-dynys-con-enlightening-books-al-mattatoio-di-roma\/#webpage\"},\"wordCount\":645,\"commentCount\":0,\"publisher\":{\"@id\":\"https:\/\/arteeluoghi.it\/#organization\"},\"image\":{\"@id\":\"https:\/\/arteeluoghi.it\/index.php\/2019\/07\/01\/chiara-dynys-con-enlightening-books-al-mattatoio-di-roma\/#primaryimage\"},\"thumbnailUrl\":\"https:\/\/arteeluoghi.it\/wp-content\/uploads\/2019\/08\/Duale-2013-stampa-lenticolare-e-plexiglass-cm-65-x-85-x-10-3.JPG-.jpeg\",\"keywords\":[\"Chiara Dynys\"],\"articleSection\":[\"Arte\",\"Arti visive\"],\"inLanguage\":\"it-IT\",\"potentialAction\":[{\"@type\":\"CommentAction\",\"name\":\"Comment\",\"target\":[\"https:\/\/arteeluoghi.it\/index.php\/2019\/07\/01\/chiara-dynys-con-enlightening-books-al-mattatoio-di-roma\/#respond\"]}]},{\"@type\":\"Person\",\"@id\":\"https:\/\/arteeluoghi.it\/#\/schema\/person\/f84e814e36e91e01448ee07eaadd41d4\",\"name\":\"Staff\",\"image\":{\"@type\":\"ImageObject\",\"@id\":\"https:\/\/arteeluoghi.it\/#personlogo\",\"inLanguage\":\"it-IT\",\"url\":\"https:\/\/secure.gravatar.com\/avatar\/49d2f9e46271bb04e19cebfaf141313a?s=96&d=blank&r=g\",\"contentUrl\":\"https:\/\/secure.gravatar.com\/avatar\/49d2f9e46271bb04e19cebfaf141313a?s=96&d=blank&r=g\",\"caption\":\"Staff\"}}]}<\/script>\n<!-- \/ Yoast SEO plugin. -->","yoast_head_json":{"title":"Chiara Dynys con Enlightening Books al Mattatoio di Roma | Arte e Luoghi","robots":{"index":"index","follow":"follow","max-snippet":"max-snippet:-1","max-image-preview":"max-image-preview:large","max-video-preview":"max-video-preview:-1"},"canonical":"https:\/\/arteeluoghi.it\/index.php\/2019\/07\/01\/chiara-dynys-con-enlightening-books-al-mattatoio-di-roma\/","og_locale":"it_IT","og_type":"article","og_title":"Chiara Dynys con Enlightening Books al Mattatoio di Roma | Arte e Luoghi","og_description":"ROMA.\u00a0\u00a0Un viaggio attraverso il labile confine tra realt\u00e0 e illusione per raggiungere la luce di una conoscenza che non teme","og_url":"https:\/\/arteeluoghi.it\/index.php\/2019\/07\/01\/chiara-dynys-con-enlightening-books-al-mattatoio-di-roma\/","og_site_name":"Arte e Luoghi","article_publisher":"https:\/\/www.facebook.com\/ArteELuoghi\/","article_published_time":"2019-07-01T18:35:05+00:00","article_modified_time":"2019-08-01T18:45:42+00:00","og_image":[{"width":900,"height":1024,"url":"https:\/\/arteeluoghi.it\/wp-content\/uploads\/2019\/08\/Duale-2013-stampa-lenticolare-e-plexiglass-cm-65-x-85-x-10-3.JPG--900x1024.jpeg","type":"image\/jpeg"}],"twitter_card":"summary","twitter_creator":"@arteeluoghi","twitter_site":"@arteeluoghi","twitter_misc":{"Scritto da":"Staff","Tempo di lettura stimato":"3 minuti"},"schema":{"@context":"https:\/\/schema.org","@graph":[{"@type":"Organization","@id":"https:\/\/arteeluoghi.it\/#organization","name":"Arte e Luoghi","url":"https:\/\/arteeluoghi.it\/","sameAs":["https:\/\/www.facebook.com\/ArteELuoghi\/","https:\/\/www.instagram.com\/arteeluoghi\/?hl=it","https:\/\/www.youtube.com\/channel\/UCuRVc4JW4-C5sg9rQB-srkw?view_as=subscriber","https:\/\/twitter.com\/arteeluoghi"],"logo":{"@type":"ImageObject","@id":"https:\/\/arteeluoghi.it\/#logo","inLanguage":"it-IT","url":"https:\/\/arteeluoghi.it\/wp-content\/uploads\/2018\/08\/logoinstagramarte.jpg","contentUrl":"https:\/\/arteeluoghi.it\/wp-content\/uploads\/2018\/08\/logoinstagramarte.jpg","width":150,"height":150,"caption":"Arte e Luoghi"},"image":{"@id":"https:\/\/arteeluoghi.it\/#logo"}},{"@type":"WebSite","@id":"https:\/\/arteeluoghi.it\/#website","url":"https:\/\/arteeluoghi.it\/","name":"Arte e Luoghi","description":"Mensile di arte, cultura, turismo e curiosit\u00e0","publisher":{"@id":"https:\/\/arteeluoghi.it\/#organization"},"potentialAction":[{"@type":"SearchAction","target":{"@type":"EntryPoint","urlTemplate":"https:\/\/arteeluoghi.it\/?s={search_term_string}"},"query-input":"required name=search_term_string"}],"inLanguage":"it-IT"},{"@type":"ImageObject","@id":"https:\/\/arteeluoghi.it\/index.php\/2019\/07\/01\/chiara-dynys-con-enlightening-books-al-mattatoio-di-roma\/#primaryimage","inLanguage":"it-IT","url":"https:\/\/arteeluoghi.it\/wp-content\/uploads\/2019\/08\/Duale-2013-stampa-lenticolare-e-plexiglass-cm-65-x-85-x-10-3.JPG-.jpeg","contentUrl":"https:\/\/arteeluoghi.it\/wp-content\/uploads\/2019\/08\/Duale-2013-stampa-lenticolare-e-plexiglass-cm-65-x-85-x-10-3.JPG-.jpeg","width":5496,"height":6255},{"@type":"WebPage","@id":"https:\/\/arteeluoghi.it\/index.php\/2019\/07\/01\/chiara-dynys-con-enlightening-books-al-mattatoio-di-roma\/#webpage","url":"https:\/\/arteeluoghi.it\/index.php\/2019\/07\/01\/chiara-dynys-con-enlightening-books-al-mattatoio-di-roma\/","name":"Chiara Dynys con Enlightening Books al Mattatoio di Roma | Arte e Luoghi","isPartOf":{"@id":"https:\/\/arteeluoghi.it\/#website"},"primaryImageOfPage":{"@id":"https:\/\/arteeluoghi.it\/index.php\/2019\/07\/01\/chiara-dynys-con-enlightening-books-al-mattatoio-di-roma\/#primaryimage"},"datePublished":"2019-07-01T18:35:05+00:00","dateModified":"2019-08-01T18:45:42+00:00","breadcrumb":{"@id":"https:\/\/arteeluoghi.it\/index.php\/2019\/07\/01\/chiara-dynys-con-enlightening-books-al-mattatoio-di-roma\/#breadcrumb"},"inLanguage":"it-IT","potentialAction":[{"@type":"ReadAction","target":["https:\/\/arteeluoghi.it\/index.php\/2019\/07\/01\/chiara-dynys-con-enlightening-books-al-mattatoio-di-roma\/"]}]},{"@type":"BreadcrumbList","@id":"https:\/\/arteeluoghi.it\/index.php\/2019\/07\/01\/chiara-dynys-con-enlightening-books-al-mattatoio-di-roma\/#breadcrumb","itemListElement":[{"@type":"ListItem","position":1,"name":"Home","item":"https:\/\/arteeluoghi.it\/"},{"@type":"ListItem","position":2,"name":"Chiara Dynys con Enlightening Books al Mattatoio di Roma"}]},{"@type":"Article","@id":"https:\/\/arteeluoghi.it\/index.php\/2019\/07\/01\/chiara-dynys-con-enlightening-books-al-mattatoio-di-roma\/#article","isPartOf":{"@id":"https:\/\/arteeluoghi.it\/index.php\/2019\/07\/01\/chiara-dynys-con-enlightening-books-al-mattatoio-di-roma\/#webpage"},"author":{"@id":"https:\/\/arteeluoghi.it\/#\/schema\/person\/f84e814e36e91e01448ee07eaadd41d4"},"headline":"Chiara Dynys con Enlightening Books al Mattatoio di Roma","datePublished":"2019-07-01T18:35:05+00:00","dateModified":"2019-08-01T18:45:42+00:00","mainEntityOfPage":{"@id":"https:\/\/arteeluoghi.it\/index.php\/2019\/07\/01\/chiara-dynys-con-enlightening-books-al-mattatoio-di-roma\/#webpage"},"wordCount":645,"commentCount":0,"publisher":{"@id":"https:\/\/arteeluoghi.it\/#organization"},"image":{"@id":"https:\/\/arteeluoghi.it\/index.php\/2019\/07\/01\/chiara-dynys-con-enlightening-books-al-mattatoio-di-roma\/#primaryimage"},"thumbnailUrl":"https:\/\/arteeluoghi.it\/wp-content\/uploads\/2019\/08\/Duale-2013-stampa-lenticolare-e-plexiglass-cm-65-x-85-x-10-3.JPG-.jpeg","keywords":["Chiara Dynys"],"articleSection":["Arte","Arti visive"],"inLanguage":"it-IT","potentialAction":[{"@type":"CommentAction","name":"Comment","target":["https:\/\/arteeluoghi.it\/index.php\/2019\/07\/01\/chiara-dynys-con-enlightening-books-al-mattatoio-di-roma\/#respond"]}]},{"@type":"Person","@id":"https:\/\/arteeluoghi.it\/#\/schema\/person\/f84e814e36e91e01448ee07eaadd41d4","name":"Staff","image":{"@type":"ImageObject","@id":"https:\/\/arteeluoghi.it\/#personlogo","inLanguage":"it-IT","url":"https:\/\/secure.gravatar.com\/avatar\/49d2f9e46271bb04e19cebfaf141313a?s=96&d=blank&r=g","contentUrl":"https:\/\/secure.gravatar.com\/avatar\/49d2f9e46271bb04e19cebfaf141313a?s=96&d=blank&r=g","caption":"Staff"}}]}},"_links":{"self":[{"href":"https:\/\/arteeluoghi.it\/index.php\/wp-json\/wp\/v2\/posts\/6863"}],"collection":[{"href":"https:\/\/arteeluoghi.it\/index.php\/wp-json\/wp\/v2\/posts"}],"about":[{"href":"https:\/\/arteeluoghi.it\/index.php\/wp-json\/wp\/v2\/types\/post"}],"author":[{"embeddable":true,"href":"https:\/\/arteeluoghi.it\/index.php\/wp-json\/wp\/v2\/users\/1"}],"replies":[{"embeddable":true,"href":"https:\/\/arteeluoghi.it\/index.php\/wp-json\/wp\/v2\/comments?post=6863"}],"version-history":[{"count":1,"href":"https:\/\/arteeluoghi.it\/index.php\/wp-json\/wp\/v2\/posts\/6863\/revisions"}],"predecessor-version":[{"id":6866,"href":"https:\/\/arteeluoghi.it\/index.php\/wp-json\/wp\/v2\/posts\/6863\/revisions\/6866"}],"wp:featuredmedia":[{"embeddable":true,"href":"https:\/\/arteeluoghi.it\/index.php\/wp-json\/wp\/v2\/media\/6865"}],"wp:attachment":[{"href":"https:\/\/arteeluoghi.it\/index.php\/wp-json\/wp\/v2\/media?parent=6863"}],"wp:term":[{"taxonomy":"category","embeddable":true,"href":"https:\/\/arteeluoghi.it\/index.php\/wp-json\/wp\/v2\/categories?post=6863"},{"taxonomy":"post_tag","embeddable":true,"href":"https:\/\/arteeluoghi.it\/index.php\/wp-json\/wp\/v2\/tags?post=6863"}],"curies":[{"name":"wp","href":"https:\/\/api.w.org\/{rel}","templated":true}]}}