{"id":6907,"date":"2019-08-03T23:50:39","date_gmt":"2019-08-03T21:50:39","guid":{"rendered":"https:\/\/arteeluoghi.it\/?p=6907"},"modified":"2019-08-03T23:52:14","modified_gmt":"2019-08-03T21:52:14","slug":"6907","status":"publish","type":"post","link":"https:\/\/arteeluoghi.it\/index.php\/2019\/08\/03\/6907\/","title":{"rendered":"Alezio, sapore di storia con la ristampa del 18\u00b0 Meridiano"},"content":{"rendered":"<p><img loading=\"lazy\" class=\"size-medium wp-image-6908 alignleft\" src=\"https:\/\/arteeluoghi.it\/wp-content\/uploads\/2019\/08\/5-agosto_atlantide-225x300.jpg\" alt=\"\" width=\"225\" height=\"300\" srcset=\"https:\/\/arteeluoghi.it\/wp-content\/uploads\/2019\/08\/5-agosto_atlantide-225x300.jpg 225w, https:\/\/arteeluoghi.it\/wp-content\/uploads\/2019\/08\/5-agosto_atlantide.jpg 720w\" sizes=\"(max-width: 225px) 100vw, 225px\" \/>ALEZIO.\u00a0\u00a0<strong>Gli eventi estivi dell\u2019Associazione Atlantide di Alezio partono luned\u00ec 5 agosto con la presentazione della ristampa del \u201c<em>18\u00b0 Meridiano<\/em><\/strong>&#8220;, periodico pubblicato dal 1963 al 1966, diretto dall\u2019aletino\u00a0<strong>Antonio Maglio<\/strong>\u00a0ed edito da\u00a0<strong>Cosimo Alemanno<\/strong>.\u00a0<strong>Dalle ore 21:00 presso il Piazzale Don Gaetano Schirinzi\u00a0<\/strong>si alterneranno gli interventi del Presidente della Provincia\u00a0<strong>Stefano Minerva<\/strong>, del Sindaco di Alezio dott.<strong>Andrea Vito Barone<\/strong>, del consigliere comunale Vincenzo Romano con le testimonianze delle famiglie Maglio e Alemanno nelle figure di\u00a0<strong>Guido Maglio<\/strong>,\u00a0<strong>Daniela Alemanno<\/strong>\u00a0e\u00a0\u00a0<strong>Mauro Alemanno,\u00a0<\/strong>delgiornalista di 18\u00b0 Meridiano<strong>\u00a0dott. Antonio Imperiale\u00a0<\/strong>e dell\u2019<strong>on. Giacinto Urso,\u00a0<\/strong>presidente dell\u2019Associazione Antonio Maglio.\u00a0 Un evento significativo per l\u2019Associazione Atlantide, in questo caso investita del nobile compito di essere depositaria del proprio passato, e sentirsi cos\u00ec ancora pi\u00f9 orgogliosi dell&#8217;aletinit\u00e0 dell\u2019iniziativa.<!--more--><\/p>\n<p>L\u2019evento \u00e8 organizzato da Associazione Atlantide in collaborazione con l\u2019Associazione Antonio Maglio e con il Patrocinio del Comune di Alezio.<\/p>\n<p>&nbsp;<\/p>\n<p><strong>Mercoled\u00ec 7 agosto, dalle ore 21:00 in Piazza Vittorio Emanuele II rinasce per una notte Radio Atlantide<\/strong>, la storica radio libera aletina attiva tra il 1977 e il 1981, nata dall\u2019idea e dalla passione di Bruno Ventura, Luigi e Vincenzo Romano, che ben presto divenne un punto di riferimento per molti giovani del luogo e che \u00e8 stata fonte d\u2019ispirazione per la stessa Associazione Atlantide.<\/p>\n<p><strong>Serata Radio Atlantide<\/strong>, organizzato in collaborazione con\u00a0<strong>l&#8217;Associazione CAT Codici Avviamento Territoriale\u00a0<\/strong>di Alezio, \u00e8 quindi un omaggio a quegli anni e a quella realt\u00e0, con la conduzione di\u00a0<strong>Marcello Miggiano<\/strong>, storico conduttore di Radio Atlantide, affiancato dallo speaker di Radio Orizzonti\u00a0<strong>Max Battaglia e Stefano Massa dj<\/strong>, alla consolle per mixare alla spumeggiante partepazione dei nostri due speaker i pi\u00f9 grandi pezzi della musica anni \u201970, \u201980 \u201890 con ospiti speciali, interviste lampo, interventi dal pubblico e dediche a volont\u00e0.<\/p>\n<p>&nbsp;<\/p>\n<p><strong>Marted\u00ec 13 agosto, alle ore 21:00 a partire dal punto di ritrovo del Piazzale Don Gaetano Schirinzi, prender\u00e0 il via una passeggiata culturale per le strade del centro storico di Alezio<\/strong>\u00a0sulle pagine dell\u2019omonimo libro \u201cAlezio. Le Strade, le storie\u201d di Walter De Santis e Vincenzo Romano, pubblicato dall&#8217;Associazione Culturale Atlantide e presentato il 2 giugno scorso. La trasposizione tra le vie del paese delle pagine del libro, con un viaggio tra fotografie inedite e aneddoti per raccontare Alezio e i suoi abitanti attraverso la trasformazione della sua toponomastica. I vecchi luoghi di ritrovo, le strade e i rioni che di generazione in generazione hanno mutato nomi e conformazione, lasciando dietro di s\u00e9 storie e ricordi di vita. Ad accompagnare il percorso tra i vicoli della cittadina messapica,\u00a0<strong>Gabriella Vantaggio e le sue composizioni poetiche sul territorio<\/strong>.<\/p>\n<p>L&#8217;evento si svolger\u00e0 in collaborazione con\u00a0<strong>l&#8217;Associazione La Scatola di Latta di Botrugno<\/strong>.<\/p>\n<p>&nbsp;<\/p>\n<p>L\u2019<strong>Associazione\u00a0 Culturale Atlantide<\/strong>, neonata associazione aletina, fa suo il motto dantesco\u00a0<em>\u201cfatti non foste a viver come bruti ma per seguir virtute e canoscenza<\/em>\u201d e si prefigge l\u2019obiettivo di promuovere e sostenere eventi e realt\u00e0 del territorio volti a una sempre pi\u00f9 capillare diffusione della cultura. L\u2019Associazione Atlantide \u00e8 impegnata sul territorio e ha gi\u00e0 all\u2019attivo il convegno \u201c<em>Moro Martire Laico<\/em>\u201d, la prima edizione della rassegna \u201c<em>Il Caff\u00e8 Letterario di Atlantide<\/em>\u201d, \u201c<em>Nel sole, nel vento, nel sorriso e nel pianto<\/em>\u201d, evento a sostegno delle\u00a0donne, \u201c<em>Ricordando Don Tonino Bello<\/em>\u201d in ricordo del vescovo buono di Alessano, e \u201c<em>La mafia uccide, il silenzio pure<\/em>\u201d, evento dedicato a tutte le vittime di mafia con la partecipazione di Giovanni Impastato e le figlie di Renata Fonte. L\u2019Associazione ha inoltre pubblicato il libro \u201c<em>Alezio. Le strade, le storie<\/em>\u201d di Walter De Santis e Vincenzo Romano.<\/p>\n<p><strong>\u00a0<\/strong><\/p>\n<p><a href=\"https:\/\/www.facebook.com\/associazioneculturaleatlantide\"><strong>Associazione Culturale Atlantide<\/strong>\u00a0<\/a><\/p>\n<p>(fonte: comunicato stampa)<\/p>\n","protected":false},"excerpt":{"rendered":"<p>ALEZIO.\u00a0\u00a0Gli eventi estivi dell\u2019Associazione Atlantide di Alezio partono luned\u00ec 5 agosto con la presentazione della ristampa del \u201c18\u00b0 Meridiano&#8220;, periodico<\/p>\n","protected":false},"author":1,"featured_media":6909,"comment_status":"open","ping_status":"open","sticky":true,"template":"","format":"standard","meta":[],"categories":[52,28],"tags":[1724,1726,1725],"yoast_head":"<!-- This site is optimized with the Yoast SEO plugin v18.0 - https:\/\/yoast.com\/wordpress\/plugins\/seo\/ -->\n<title>Alezio, sapore di storia con la ristampa del 18\u00b0 Meridiano | Arte e Luoghi<\/title>\n<meta name=\"robots\" content=\"index, follow, max-snippet:-1, max-image-preview:large, max-video-preview:-1\" \/>\n<link rel=\"canonical\" href=\"https:\/\/arteeluoghi.it\/index.php\/2019\/08\/03\/6907\/\" \/>\n<meta property=\"og:locale\" content=\"it_IT\" \/>\n<meta property=\"og:type\" content=\"article\" \/>\n<meta property=\"og:title\" content=\"Alezio, sapore di storia con la ristampa del 18\u00b0 Meridiano | Arte e Luoghi\" \/>\n<meta property=\"og:description\" content=\"ALEZIO.\u00a0\u00a0Gli eventi estivi dell\u2019Associazione Atlantide di Alezio partono luned\u00ec 5 agosto con la presentazione della ristampa del \u201c18\u00b0 Meridiano&#8220;, periodico\" \/>\n<meta property=\"og:url\" content=\"https:\/\/arteeluoghi.it\/index.php\/2019\/08\/03\/6907\/\" \/>\n<meta property=\"og:site_name\" content=\"Arte e Luoghi\" \/>\n<meta property=\"article:publisher\" content=\"https:\/\/www.facebook.com\/ArteELuoghi\/\" \/>\n<meta property=\"article:published_time\" content=\"2019-08-03T21:50:39+00:00\" \/>\n<meta property=\"article:modified_time\" content=\"2019-08-03T21:52:14+00:00\" \/>\n<meta property=\"og:image\" content=\"https:\/\/arteeluoghi.it\/wp-content\/uploads\/2019\/08\/alezio_lestrade_lestorie_copertina.jpg\" \/>\n\t<meta property=\"og:image:width\" content=\"584\" \/>\n\t<meta property=\"og:image:height\" content=\"884\" \/>\n\t<meta property=\"og:image:type\" content=\"image\/jpeg\" \/>\n<meta name=\"twitter:card\" content=\"summary\" \/>\n<meta name=\"twitter:creator\" content=\"@arteeluoghi\" \/>\n<meta name=\"twitter:site\" content=\"@arteeluoghi\" \/>\n<meta name=\"twitter:label1\" content=\"Scritto da\" \/>\n\t<meta name=\"twitter:data1\" content=\"Staff\" \/>\n\t<meta name=\"twitter:label2\" content=\"Tempo di lettura stimato\" \/>\n\t<meta name=\"twitter:data2\" content=\"3 minuti\" \/>\n<script type=\"application\/ld+json\" class=\"yoast-schema-graph\">{\"@context\":\"https:\/\/schema.org\",\"@graph\":[{\"@type\":\"Organization\",\"@id\":\"https:\/\/arteeluoghi.it\/#organization\",\"name\":\"Arte e Luoghi\",\"url\":\"https:\/\/arteeluoghi.it\/\",\"sameAs\":[\"https:\/\/www.facebook.com\/ArteELuoghi\/\",\"https:\/\/www.instagram.com\/arteeluoghi\/?hl=it\",\"https:\/\/www.youtube.com\/channel\/UCuRVc4JW4-C5sg9rQB-srkw?view_as=subscriber\",\"https:\/\/twitter.com\/arteeluoghi\"],\"logo\":{\"@type\":\"ImageObject\",\"@id\":\"https:\/\/arteeluoghi.it\/#logo\",\"inLanguage\":\"it-IT\",\"url\":\"https:\/\/arteeluoghi.it\/wp-content\/uploads\/2018\/08\/logoinstagramarte.jpg\",\"contentUrl\":\"https:\/\/arteeluoghi.it\/wp-content\/uploads\/2018\/08\/logoinstagramarte.jpg\",\"width\":150,\"height\":150,\"caption\":\"Arte e Luoghi\"},\"image\":{\"@id\":\"https:\/\/arteeluoghi.it\/#logo\"}},{\"@type\":\"WebSite\",\"@id\":\"https:\/\/arteeluoghi.it\/#website\",\"url\":\"https:\/\/arteeluoghi.it\/\",\"name\":\"Arte e Luoghi\",\"description\":\"Mensile di arte, cultura, turismo e curiosit\u00e0\",\"publisher\":{\"@id\":\"https:\/\/arteeluoghi.it\/#organization\"},\"potentialAction\":[{\"@type\":\"SearchAction\",\"target\":{\"@type\":\"EntryPoint\",\"urlTemplate\":\"https:\/\/arteeluoghi.it\/?s={search_term_string}\"},\"query-input\":\"required name=search_term_string\"}],\"inLanguage\":\"it-IT\"},{\"@type\":\"ImageObject\",\"@id\":\"https:\/\/arteeluoghi.it\/index.php\/2019\/08\/03\/6907\/#primaryimage\",\"inLanguage\":\"it-IT\",\"url\":\"https:\/\/arteeluoghi.it\/wp-content\/uploads\/2019\/08\/alezio_lestrade_lestorie_copertina.jpg\",\"contentUrl\":\"https:\/\/arteeluoghi.it\/wp-content\/uploads\/2019\/08\/alezio_lestrade_lestorie_copertina.jpg\",\"width\":584,\"height\":884},{\"@type\":\"WebPage\",\"@id\":\"https:\/\/arteeluoghi.it\/index.php\/2019\/08\/03\/6907\/#webpage\",\"url\":\"https:\/\/arteeluoghi.it\/index.php\/2019\/08\/03\/6907\/\",\"name\":\"Alezio, sapore di storia con la ristampa del 18\u00b0 Meridiano | Arte e Luoghi\",\"isPartOf\":{\"@id\":\"https:\/\/arteeluoghi.it\/#website\"},\"primaryImageOfPage\":{\"@id\":\"https:\/\/arteeluoghi.it\/index.php\/2019\/08\/03\/6907\/#primaryimage\"},\"datePublished\":\"2019-08-03T21:50:39+00:00\",\"dateModified\":\"2019-08-03T21:52:14+00:00\",\"breadcrumb\":{\"@id\":\"https:\/\/arteeluoghi.it\/index.php\/2019\/08\/03\/6907\/#breadcrumb\"},\"inLanguage\":\"it-IT\",\"potentialAction\":[{\"@type\":\"ReadAction\",\"target\":[\"https:\/\/arteeluoghi.it\/index.php\/2019\/08\/03\/6907\/\"]}]},{\"@type\":\"BreadcrumbList\",\"@id\":\"https:\/\/arteeluoghi.it\/index.php\/2019\/08\/03\/6907\/#breadcrumb\",\"itemListElement\":[{\"@type\":\"ListItem\",\"position\":1,\"name\":\"Home\",\"item\":\"https:\/\/arteeluoghi.it\/\"},{\"@type\":\"ListItem\",\"position\":2,\"name\":\"Alezio, sapore di storia con la ristampa del 18\u00b0 Meridiano\"}]},{\"@type\":\"Article\",\"@id\":\"https:\/\/arteeluoghi.it\/index.php\/2019\/08\/03\/6907\/#article\",\"isPartOf\":{\"@id\":\"https:\/\/arteeluoghi.it\/index.php\/2019\/08\/03\/6907\/#webpage\"},\"author\":{\"@id\":\"https:\/\/arteeluoghi.it\/#\/schema\/person\/f84e814e36e91e01448ee07eaadd41d4\"},\"headline\":\"Alezio, sapore di storia con la ristampa del 18\u00b0 Meridiano\",\"datePublished\":\"2019-08-03T21:50:39+00:00\",\"dateModified\":\"2019-08-03T21:52:14+00:00\",\"mainEntityOfPage\":{\"@id\":\"https:\/\/arteeluoghi.it\/index.php\/2019\/08\/03\/6907\/#webpage\"},\"wordCount\":598,\"commentCount\":0,\"publisher\":{\"@id\":\"https:\/\/arteeluoghi.it\/#organization\"},\"image\":{\"@id\":\"https:\/\/arteeluoghi.it\/index.php\/2019\/08\/03\/6907\/#primaryimage\"},\"thumbnailUrl\":\"https:\/\/arteeluoghi.it\/wp-content\/uploads\/2019\/08\/alezio_lestrade_lestorie_copertina.jpg\",\"keywords\":[\"Alezio\",\"Antonio Maglio\",\"associazione Atlantide\"],\"articleSection\":[\"I luoghi della parola\",\"Notizie\"],\"inLanguage\":\"it-IT\",\"potentialAction\":[{\"@type\":\"CommentAction\",\"name\":\"Comment\",\"target\":[\"https:\/\/arteeluoghi.it\/index.php\/2019\/08\/03\/6907\/#respond\"]}]},{\"@type\":\"Person\",\"@id\":\"https:\/\/arteeluoghi.it\/#\/schema\/person\/f84e814e36e91e01448ee07eaadd41d4\",\"name\":\"Staff\",\"image\":{\"@type\":\"ImageObject\",\"@id\":\"https:\/\/arteeluoghi.it\/#personlogo\",\"inLanguage\":\"it-IT\",\"url\":\"https:\/\/secure.gravatar.com\/avatar\/49d2f9e46271bb04e19cebfaf141313a?s=96&d=blank&r=g\",\"contentUrl\":\"https:\/\/secure.gravatar.com\/avatar\/49d2f9e46271bb04e19cebfaf141313a?s=96&d=blank&r=g\",\"caption\":\"Staff\"}}]}<\/script>\n<!-- \/ Yoast SEO plugin. -->","yoast_head_json":{"title":"Alezio, sapore di storia con la ristampa del 18\u00b0 Meridiano | Arte e Luoghi","robots":{"index":"index","follow":"follow","max-snippet":"max-snippet:-1","max-image-preview":"max-image-preview:large","max-video-preview":"max-video-preview:-1"},"canonical":"https:\/\/arteeluoghi.it\/index.php\/2019\/08\/03\/6907\/","og_locale":"it_IT","og_type":"article","og_title":"Alezio, sapore di storia con la ristampa del 18\u00b0 Meridiano | Arte e Luoghi","og_description":"ALEZIO.\u00a0\u00a0Gli eventi estivi dell\u2019Associazione Atlantide di Alezio partono luned\u00ec 5 agosto con la presentazione della ristampa del \u201c18\u00b0 Meridiano&#8220;, periodico","og_url":"https:\/\/arteeluoghi.it\/index.php\/2019\/08\/03\/6907\/","og_site_name":"Arte e Luoghi","article_publisher":"https:\/\/www.facebook.com\/ArteELuoghi\/","article_published_time":"2019-08-03T21:50:39+00:00","article_modified_time":"2019-08-03T21:52:14+00:00","og_image":[{"width":584,"height":884,"url":"https:\/\/arteeluoghi.it\/wp-content\/uploads\/2019\/08\/alezio_lestrade_lestorie_copertina.jpg","type":"image\/jpeg"}],"twitter_card":"summary","twitter_creator":"@arteeluoghi","twitter_site":"@arteeluoghi","twitter_misc":{"Scritto da":"Staff","Tempo di lettura stimato":"3 minuti"},"schema":{"@context":"https:\/\/schema.org","@graph":[{"@type":"Organization","@id":"https:\/\/arteeluoghi.it\/#organization","name":"Arte e Luoghi","url":"https:\/\/arteeluoghi.it\/","sameAs":["https:\/\/www.facebook.com\/ArteELuoghi\/","https:\/\/www.instagram.com\/arteeluoghi\/?hl=it","https:\/\/www.youtube.com\/channel\/UCuRVc4JW4-C5sg9rQB-srkw?view_as=subscriber","https:\/\/twitter.com\/arteeluoghi"],"logo":{"@type":"ImageObject","@id":"https:\/\/arteeluoghi.it\/#logo","inLanguage":"it-IT","url":"https:\/\/arteeluoghi.it\/wp-content\/uploads\/2018\/08\/logoinstagramarte.jpg","contentUrl":"https:\/\/arteeluoghi.it\/wp-content\/uploads\/2018\/08\/logoinstagramarte.jpg","width":150,"height":150,"caption":"Arte e Luoghi"},"image":{"@id":"https:\/\/arteeluoghi.it\/#logo"}},{"@type":"WebSite","@id":"https:\/\/arteeluoghi.it\/#website","url":"https:\/\/arteeluoghi.it\/","name":"Arte e Luoghi","description":"Mensile di arte, cultura, turismo e curiosit\u00e0","publisher":{"@id":"https:\/\/arteeluoghi.it\/#organization"},"potentialAction":[{"@type":"SearchAction","target":{"@type":"EntryPoint","urlTemplate":"https:\/\/arteeluoghi.it\/?s={search_term_string}"},"query-input":"required name=search_term_string"}],"inLanguage":"it-IT"},{"@type":"ImageObject","@id":"https:\/\/arteeluoghi.it\/index.php\/2019\/08\/03\/6907\/#primaryimage","inLanguage":"it-IT","url":"https:\/\/arteeluoghi.it\/wp-content\/uploads\/2019\/08\/alezio_lestrade_lestorie_copertina.jpg","contentUrl":"https:\/\/arteeluoghi.it\/wp-content\/uploads\/2019\/08\/alezio_lestrade_lestorie_copertina.jpg","width":584,"height":884},{"@type":"WebPage","@id":"https:\/\/arteeluoghi.it\/index.php\/2019\/08\/03\/6907\/#webpage","url":"https:\/\/arteeluoghi.it\/index.php\/2019\/08\/03\/6907\/","name":"Alezio, sapore di storia con la ristampa del 18\u00b0 Meridiano | Arte e Luoghi","isPartOf":{"@id":"https:\/\/arteeluoghi.it\/#website"},"primaryImageOfPage":{"@id":"https:\/\/arteeluoghi.it\/index.php\/2019\/08\/03\/6907\/#primaryimage"},"datePublished":"2019-08-03T21:50:39+00:00","dateModified":"2019-08-03T21:52:14+00:00","breadcrumb":{"@id":"https:\/\/arteeluoghi.it\/index.php\/2019\/08\/03\/6907\/#breadcrumb"},"inLanguage":"it-IT","potentialAction":[{"@type":"ReadAction","target":["https:\/\/arteeluoghi.it\/index.php\/2019\/08\/03\/6907\/"]}]},{"@type":"BreadcrumbList","@id":"https:\/\/arteeluoghi.it\/index.php\/2019\/08\/03\/6907\/#breadcrumb","itemListElement":[{"@type":"ListItem","position":1,"name":"Home","item":"https:\/\/arteeluoghi.it\/"},{"@type":"ListItem","position":2,"name":"Alezio, sapore di storia con la ristampa del 18\u00b0 Meridiano"}]},{"@type":"Article","@id":"https:\/\/arteeluoghi.it\/index.php\/2019\/08\/03\/6907\/#article","isPartOf":{"@id":"https:\/\/arteeluoghi.it\/index.php\/2019\/08\/03\/6907\/#webpage"},"author":{"@id":"https:\/\/arteeluoghi.it\/#\/schema\/person\/f84e814e36e91e01448ee07eaadd41d4"},"headline":"Alezio, sapore di storia con la ristampa del 18\u00b0 Meridiano","datePublished":"2019-08-03T21:50:39+00:00","dateModified":"2019-08-03T21:52:14+00:00","mainEntityOfPage":{"@id":"https:\/\/arteeluoghi.it\/index.php\/2019\/08\/03\/6907\/#webpage"},"wordCount":598,"commentCount":0,"publisher":{"@id":"https:\/\/arteeluoghi.it\/#organization"},"image":{"@id":"https:\/\/arteeluoghi.it\/index.php\/2019\/08\/03\/6907\/#primaryimage"},"thumbnailUrl":"https:\/\/arteeluoghi.it\/wp-content\/uploads\/2019\/08\/alezio_lestrade_lestorie_copertina.jpg","keywords":["Alezio","Antonio Maglio","associazione Atlantide"],"articleSection":["I luoghi della parola","Notizie"],"inLanguage":"it-IT","potentialAction":[{"@type":"CommentAction","name":"Comment","target":["https:\/\/arteeluoghi.it\/index.php\/2019\/08\/03\/6907\/#respond"]}]},{"@type":"Person","@id":"https:\/\/arteeluoghi.it\/#\/schema\/person\/f84e814e36e91e01448ee07eaadd41d4","name":"Staff","image":{"@type":"ImageObject","@id":"https:\/\/arteeluoghi.it\/#personlogo","inLanguage":"it-IT","url":"https:\/\/secure.gravatar.com\/avatar\/49d2f9e46271bb04e19cebfaf141313a?s=96&d=blank&r=g","contentUrl":"https:\/\/secure.gravatar.com\/avatar\/49d2f9e46271bb04e19cebfaf141313a?s=96&d=blank&r=g","caption":"Staff"}}]}},"_links":{"self":[{"href":"https:\/\/arteeluoghi.it\/index.php\/wp-json\/wp\/v2\/posts\/6907"}],"collection":[{"href":"https:\/\/arteeluoghi.it\/index.php\/wp-json\/wp\/v2\/posts"}],"about":[{"href":"https:\/\/arteeluoghi.it\/index.php\/wp-json\/wp\/v2\/types\/post"}],"author":[{"embeddable":true,"href":"https:\/\/arteeluoghi.it\/index.php\/wp-json\/wp\/v2\/users\/1"}],"replies":[{"embeddable":true,"href":"https:\/\/arteeluoghi.it\/index.php\/wp-json\/wp\/v2\/comments?post=6907"}],"version-history":[{"count":3,"href":"https:\/\/arteeluoghi.it\/index.php\/wp-json\/wp\/v2\/posts\/6907\/revisions"}],"predecessor-version":[{"id":6912,"href":"https:\/\/arteeluoghi.it\/index.php\/wp-json\/wp\/v2\/posts\/6907\/revisions\/6912"}],"wp:featuredmedia":[{"embeddable":true,"href":"https:\/\/arteeluoghi.it\/index.php\/wp-json\/wp\/v2\/media\/6909"}],"wp:attachment":[{"href":"https:\/\/arteeluoghi.it\/index.php\/wp-json\/wp\/v2\/media?parent=6907"}],"wp:term":[{"taxonomy":"category","embeddable":true,"href":"https:\/\/arteeluoghi.it\/index.php\/wp-json\/wp\/v2\/categories?post=6907"},{"taxonomy":"post_tag","embeddable":true,"href":"https:\/\/arteeluoghi.it\/index.php\/wp-json\/wp\/v2\/tags?post=6907"}],"curies":[{"name":"wp","href":"https:\/\/api.w.org\/{rel}","templated":true}]}}