{"id":6952,"date":"2019-08-08T17:35:06","date_gmt":"2019-08-08T15:35:06","guid":{"rendered":"https:\/\/arteeluoghi.it\/?p=6952"},"modified":"2019-08-29T17:57:41","modified_gmt":"2019-08-29T15:57:41","slug":"6952","status":"publish","type":"post","link":"https:\/\/arteeluoghi.it\/index.php\/2019\/08\/08\/6952\/","title":{"rendered":"Itinerario Danza. In scena il Balletto del Sud"},"content":{"rendered":"<p><img loading=\"lazy\" class=\"size-medium wp-image-6953 alignleft\" src=\"https:\/\/arteeluoghi.it\/wp-content\/uploads\/2019\/08\/SerataRomantica2-300x200.jpg\" alt=\"\" width=\"300\" height=\"200\" srcset=\"https:\/\/arteeluoghi.it\/wp-content\/uploads\/2019\/08\/SerataRomantica2-300x200.jpg 300w, https:\/\/arteeluoghi.it\/wp-content\/uploads\/2019\/08\/SerataRomantica2-768x512.jpg 768w, https:\/\/arteeluoghi.it\/wp-content\/uploads\/2019\/08\/SerataRomantica2-1024x683.jpg 1024w\" sizes=\"(max-width: 300px) 100vw, 300px\" \/>LECCE. Si inaugura\u00a0<strong><u>gioved\u00ec 8 agosto<\/u><\/strong>(<strong><u>inizio alle 21.30, ingresso a pagamento<\/u><\/strong>), all&#8217;<strong>ex Chiostro dei Teatini di Lecce<\/strong>, la stagione 2019 di\u00a0<strong>Itinerario Danza<\/strong>, storica rassegna a cura del Balletto del Sud che si pone l&#8217;obiettivo di portare la grande danza nei centri storici del Salento e della Puglia.<\/p>\n<p>Il primo titolo in programma \u00e8 un classico di grande successo della compagnia diretta dal\u00a0<strong>coreografo leccese Fredy Franzutti<\/strong>,\u00a0<strong>\u201cLa bella addormentata\u201d<\/strong>, che, raggiungendo le 130 repliche, terminer\u00e0 il suo viaggio nei teatri di tutta Italia a dicembre al Bellini di Napoli, in omaggio allo scrittore campano Giambattista Basile. Alla sua favola \u201cSole, luna e talia\u201d si \u00e8 ispirato il francese Charles Perrault per il racconto \u201cLa belle au bois dormant\u201d, che, a sua volta, ispir\u00f2 l\u2019omonima coreografia di Marius Petipa.\u00a0<!--more--><\/p>\n<p>Nella sua versione, Franzutti, per\u00f2, riprende l\u2019ambientazione nel Sud Italia di Basile arricchendola con una precisa connotazione di carattere storico e folklorico, ovvero la sostituzione della puntura con il fuso con il morso della tarantola salentina. La Principessa Aurora diventa, quindi, una fresca ragazza mediterranea a cui una vecchia maga predice un atroce destino. Sar\u00e0 la magia della zingarella Lilla e il bacio d&#8217;amore di un principe-antropologo sulle orme della leggenda a destare la fanciulla dal suo sonno centenario.<\/p>\n<p>Una drammaturgia, un\u2019ambientazione e una coreografia che sono valse al coreografo commenti entusiastici della critica e il favore dei pubblici delle citt\u00e0 toccate dalla tourn\u00e9e.<\/p>\n<p>Chi, quindi, vuole lasciarsi incantare per la prima volta o vedere lo spettacolo ancora un\u2019ultima volta, non ha che da partecipare alla serata ai Teatini, che segna anche il debutto con la compagnia salentina di Matias Iaconianni (nel ruolo di Ernesto, l\u2019antropologo). Ballerino argentino con esperienze solistiche e principali di livello internazionale, \u00e8 diplomato alla Hamburg Ballet School e danza nella prestigiosa compagnia Hamburg Ballet diretta da John Neumeier. Come solista e primo ballerino lavora in diverse compagini in Europa ed in Argentina.<\/p>\n<p>Con il Balletto del Sud sar\u00e0 protagonista quest\u2019estate in \u201cLa bella addormentata\u201d e \u201cSerata Romantica\u201d. Oltre a lui, danzeranno venerd\u00ec sera Nuria Salado Fust\u00e9 (Aurora), Carolina Sangalli (Jargavan, la fata dei lill\u00e0), Alessandro De Ceglia (Roberto, il padre di Aurora), Beatrice Bartolomei (Silvia, la madre di Aurora), Alice Leoncini (la principessa Fiorina) e Alexander Yakovlev (l&#8217;uccellino azzurro). Il ruolo &#8220;en travesti&#8221; della strega Carabosse (personaggio creato da Franzutti per Lindsay Kemp e alla cui memoria lo spettacolo \u00e8 dedicato) \u00e8 interpretato dall&#8217;attore Andrea Sirianni.<\/p>\n<p>La prima settimana di \u201cItinerario Danza\u201d si completa\u00a0<strong><u>sabato 10 agosto<\/u><\/strong>\u00a0(<strong><u>inizio ore 21.30<\/u><\/strong>,<strong><u>ingresso gratuito<\/u><\/strong>), al Fossato del Castello di Corigliano d&#8217;Otranto, dove il Balletto del Sud porta in scena\u00a0<strong>&#8220;Serata Romantica&#8221;<\/strong>, uno spettacolo di danza, musica e poesia con musiche di Chopin, Adam, Schneitzh\u00f6ffer, Brahms, Verdi e le poesie di Giacomo Leopardi. Le pi\u00f9 belle pagine del repertorio ballettistico romantico (Giselle, La Sylphide, la Bayadere, Les Sylphides) intervallate dai brani di Chopin e le rime del poeta di Recanati ritenuto il maggior poeta dell&#8217;Ottocento italiano e una delle pi\u00f9 importanti figure della letteratura mondiale. Proprio quest&#8217;anno si celebrano i 200 anni dalla composizione della sua lirica pi\u00f9 famosa, &#8220;L&#8217;infinito&#8221;.<\/p>\n<p><strong><u>Domenica 11 agosto<\/u><\/strong>,\u00a0<strong><u>ore 21.30<\/u><\/strong>(ingresso per invito e gratuito), in Piazza Castello nel comune di Acquarica-Presicce, si terr\u00e0 il\u00a0<strong>Premio Giunco<\/strong>, giunto alla sua terza edizione e organizzato dall&#8217;associazione Fili di Giunco. Fredy Franzutti \u00e8 il direttore artistico di uno spettacolo celebrativo e creativo dedicato alla particolare attivit\u00e0 artigianale della zona: l&#8217;intreccio del giunco palustre. Conduce la serata Alessandro Cecchi Paone. Tanti gli artisti ospiti, mentre il nome del vincitore del Premio sar\u00e0 ufficializzato quella sera stessa.<\/p>\n<p>&nbsp;<\/p>\n<p><em>Costo dei biglietti per \u201cLa bella addormentata\u201d ai Teatini:\u00a0<\/em><\/p>\n<p><em>Intero 1 settore 20 euro<\/em><\/p>\n<p><em>Ridotto 1 settore 15 euro<\/em><\/p>\n<p><em>Intero 2 settore 15 euro<\/em><\/p>\n<p><em>Ridotto 2 settore 10 euro\u00a0<\/em><\/p>\n<p>(fonte: comunicato stampa)<\/p>\n","protected":false},"excerpt":{"rendered":"<p>LECCE. Si inaugura\u00a0gioved\u00ec 8 agosto(inizio alle 21.30, ingresso a pagamento), all&#8217;ex Chiostro dei Teatini di Lecce, la stagione 2019 di\u00a0Itinerario<\/p>\n","protected":false},"author":1,"featured_media":6953,"comment_status":"open","ping_status":"open","sticky":true,"template":"","format":"standard","meta":[],"categories":[15],"tags":[894,900,134],"yoast_head":"<!-- This site is optimized with the Yoast SEO plugin v18.0 - https:\/\/yoast.com\/wordpress\/plugins\/seo\/ -->\n<title>Itinerario Danza. In scena il Balletto del Sud | Arte e Luoghi<\/title>\n<meta name=\"robots\" content=\"index, follow, max-snippet:-1, max-image-preview:large, max-video-preview:-1\" \/>\n<link rel=\"canonical\" href=\"https:\/\/arteeluoghi.it\/index.php\/2019\/08\/08\/6952\/\" \/>\n<meta property=\"og:locale\" content=\"it_IT\" \/>\n<meta property=\"og:type\" content=\"article\" \/>\n<meta property=\"og:title\" content=\"Itinerario Danza. In scena il Balletto del Sud | Arte e Luoghi\" \/>\n<meta property=\"og:description\" content=\"LECCE. Si inaugura\u00a0gioved\u00ec 8 agosto(inizio alle 21.30, ingresso a pagamento), all&#8217;ex Chiostro dei Teatini di Lecce, la stagione 2019 di\u00a0Itinerario\" \/>\n<meta property=\"og:url\" content=\"https:\/\/arteeluoghi.it\/index.php\/2019\/08\/08\/6952\/\" \/>\n<meta property=\"og:site_name\" content=\"Arte e Luoghi\" \/>\n<meta property=\"article:publisher\" content=\"https:\/\/www.facebook.com\/ArteELuoghi\/\" \/>\n<meta property=\"article:published_time\" content=\"2019-08-08T15:35:06+00:00\" \/>\n<meta property=\"article:modified_time\" content=\"2019-08-29T15:57:41+00:00\" \/>\n<meta property=\"og:image\" content=\"https:\/\/arteeluoghi.it\/wp-content\/uploads\/2019\/08\/SerataRomantica2.jpg\" \/>\n\t<meta property=\"og:image:width\" content=\"3597\" \/>\n\t<meta property=\"og:image:height\" content=\"2398\" \/>\n\t<meta property=\"og:image:type\" content=\"image\/jpeg\" \/>\n<meta name=\"twitter:card\" content=\"summary\" \/>\n<meta name=\"twitter:creator\" content=\"@arteeluoghi\" \/>\n<meta name=\"twitter:site\" content=\"@arteeluoghi\" \/>\n<meta name=\"twitter:label1\" content=\"Scritto da\" \/>\n\t<meta name=\"twitter:data1\" content=\"Staff\" \/>\n\t<meta name=\"twitter:label2\" content=\"Tempo di lettura stimato\" \/>\n\t<meta name=\"twitter:data2\" content=\"3 minuti\" \/>\n<script type=\"application\/ld+json\" class=\"yoast-schema-graph\">{\"@context\":\"https:\/\/schema.org\",\"@graph\":[{\"@type\":\"Organization\",\"@id\":\"https:\/\/arteeluoghi.it\/#organization\",\"name\":\"Arte e Luoghi\",\"url\":\"https:\/\/arteeluoghi.it\/\",\"sameAs\":[\"https:\/\/www.facebook.com\/ArteELuoghi\/\",\"https:\/\/www.instagram.com\/arteeluoghi\/?hl=it\",\"https:\/\/www.youtube.com\/channel\/UCuRVc4JW4-C5sg9rQB-srkw?view_as=subscriber\",\"https:\/\/twitter.com\/arteeluoghi\"],\"logo\":{\"@type\":\"ImageObject\",\"@id\":\"https:\/\/arteeluoghi.it\/#logo\",\"inLanguage\":\"it-IT\",\"url\":\"https:\/\/arteeluoghi.it\/wp-content\/uploads\/2018\/08\/logoinstagramarte.jpg\",\"contentUrl\":\"https:\/\/arteeluoghi.it\/wp-content\/uploads\/2018\/08\/logoinstagramarte.jpg\",\"width\":150,\"height\":150,\"caption\":\"Arte e Luoghi\"},\"image\":{\"@id\":\"https:\/\/arteeluoghi.it\/#logo\"}},{\"@type\":\"WebSite\",\"@id\":\"https:\/\/arteeluoghi.it\/#website\",\"url\":\"https:\/\/arteeluoghi.it\/\",\"name\":\"Arte e Luoghi\",\"description\":\"Mensile di arte, cultura, turismo e curiosit\u00e0\",\"publisher\":{\"@id\":\"https:\/\/arteeluoghi.it\/#organization\"},\"potentialAction\":[{\"@type\":\"SearchAction\",\"target\":{\"@type\":\"EntryPoint\",\"urlTemplate\":\"https:\/\/arteeluoghi.it\/?s={search_term_string}\"},\"query-input\":\"required name=search_term_string\"}],\"inLanguage\":\"it-IT\"},{\"@type\":\"ImageObject\",\"@id\":\"https:\/\/arteeluoghi.it\/index.php\/2019\/08\/08\/6952\/#primaryimage\",\"inLanguage\":\"it-IT\",\"url\":\"https:\/\/arteeluoghi.it\/wp-content\/uploads\/2019\/08\/SerataRomantica2.jpg\",\"contentUrl\":\"https:\/\/arteeluoghi.it\/wp-content\/uploads\/2019\/08\/SerataRomantica2.jpg\",\"width\":3597,\"height\":2398},{\"@type\":\"WebPage\",\"@id\":\"https:\/\/arteeluoghi.it\/index.php\/2019\/08\/08\/6952\/#webpage\",\"url\":\"https:\/\/arteeluoghi.it\/index.php\/2019\/08\/08\/6952\/\",\"name\":\"Itinerario Danza. In scena il Balletto del Sud | Arte e Luoghi\",\"isPartOf\":{\"@id\":\"https:\/\/arteeluoghi.it\/#website\"},\"primaryImageOfPage\":{\"@id\":\"https:\/\/arteeluoghi.it\/index.php\/2019\/08\/08\/6952\/#primaryimage\"},\"datePublished\":\"2019-08-08T15:35:06+00:00\",\"dateModified\":\"2019-08-29T15:57:41+00:00\",\"breadcrumb\":{\"@id\":\"https:\/\/arteeluoghi.it\/index.php\/2019\/08\/08\/6952\/#breadcrumb\"},\"inLanguage\":\"it-IT\",\"potentialAction\":[{\"@type\":\"ReadAction\",\"target\":[\"https:\/\/arteeluoghi.it\/index.php\/2019\/08\/08\/6952\/\"]}]},{\"@type\":\"BreadcrumbList\",\"@id\":\"https:\/\/arteeluoghi.it\/index.php\/2019\/08\/08\/6952\/#breadcrumb\",\"itemListElement\":[{\"@type\":\"ListItem\",\"position\":1,\"name\":\"Home\",\"item\":\"https:\/\/arteeluoghi.it\/\"},{\"@type\":\"ListItem\",\"position\":2,\"name\":\"Itinerario Danza. In scena il Balletto del Sud\"}]},{\"@type\":\"Article\",\"@id\":\"https:\/\/arteeluoghi.it\/index.php\/2019\/08\/08\/6952\/#article\",\"isPartOf\":{\"@id\":\"https:\/\/arteeluoghi.it\/index.php\/2019\/08\/08\/6952\/#webpage\"},\"author\":{\"@id\":\"https:\/\/arteeluoghi.it\/#\/schema\/person\/f84e814e36e91e01448ee07eaadd41d4\"},\"headline\":\"Itinerario Danza. In scena il Balletto del Sud\",\"datePublished\":\"2019-08-08T15:35:06+00:00\",\"dateModified\":\"2019-08-29T15:57:41+00:00\",\"mainEntityOfPage\":{\"@id\":\"https:\/\/arteeluoghi.it\/index.php\/2019\/08\/08\/6952\/#webpage\"},\"wordCount\":616,\"commentCount\":0,\"publisher\":{\"@id\":\"https:\/\/arteeluoghi.it\/#organization\"},\"image\":{\"@id\":\"https:\/\/arteeluoghi.it\/index.php\/2019\/08\/08\/6952\/#primaryimage\"},\"thumbnailUrl\":\"https:\/\/arteeluoghi.it\/wp-content\/uploads\/2019\/08\/SerataRomantica2.jpg\",\"keywords\":[\"Balletto del Sud\",\"Fredy Franzutti\",\"Lecce\"],\"articleSection\":[\"danza\"],\"inLanguage\":\"it-IT\",\"potentialAction\":[{\"@type\":\"CommentAction\",\"name\":\"Comment\",\"target\":[\"https:\/\/arteeluoghi.it\/index.php\/2019\/08\/08\/6952\/#respond\"]}]},{\"@type\":\"Person\",\"@id\":\"https:\/\/arteeluoghi.it\/#\/schema\/person\/f84e814e36e91e01448ee07eaadd41d4\",\"name\":\"Staff\",\"image\":{\"@type\":\"ImageObject\",\"@id\":\"https:\/\/arteeluoghi.it\/#personlogo\",\"inLanguage\":\"it-IT\",\"url\":\"https:\/\/secure.gravatar.com\/avatar\/49d2f9e46271bb04e19cebfaf141313a?s=96&d=blank&r=g\",\"contentUrl\":\"https:\/\/secure.gravatar.com\/avatar\/49d2f9e46271bb04e19cebfaf141313a?s=96&d=blank&r=g\",\"caption\":\"Staff\"}}]}<\/script>\n<!-- \/ Yoast SEO plugin. -->","yoast_head_json":{"title":"Itinerario Danza. In scena il Balletto del Sud | Arte e Luoghi","robots":{"index":"index","follow":"follow","max-snippet":"max-snippet:-1","max-image-preview":"max-image-preview:large","max-video-preview":"max-video-preview:-1"},"canonical":"https:\/\/arteeluoghi.it\/index.php\/2019\/08\/08\/6952\/","og_locale":"it_IT","og_type":"article","og_title":"Itinerario Danza. In scena il Balletto del Sud | Arte e Luoghi","og_description":"LECCE. Si inaugura\u00a0gioved\u00ec 8 agosto(inizio alle 21.30, ingresso a pagamento), all&#8217;ex Chiostro dei Teatini di Lecce, la stagione 2019 di\u00a0Itinerario","og_url":"https:\/\/arteeluoghi.it\/index.php\/2019\/08\/08\/6952\/","og_site_name":"Arte e Luoghi","article_publisher":"https:\/\/www.facebook.com\/ArteELuoghi\/","article_published_time":"2019-08-08T15:35:06+00:00","article_modified_time":"2019-08-29T15:57:41+00:00","og_image":[{"width":3597,"height":2398,"url":"https:\/\/arteeluoghi.it\/wp-content\/uploads\/2019\/08\/SerataRomantica2.jpg","type":"image\/jpeg"}],"twitter_card":"summary","twitter_creator":"@arteeluoghi","twitter_site":"@arteeluoghi","twitter_misc":{"Scritto da":"Staff","Tempo di lettura stimato":"3 minuti"},"schema":{"@context":"https:\/\/schema.org","@graph":[{"@type":"Organization","@id":"https:\/\/arteeluoghi.it\/#organization","name":"Arte e Luoghi","url":"https:\/\/arteeluoghi.it\/","sameAs":["https:\/\/www.facebook.com\/ArteELuoghi\/","https:\/\/www.instagram.com\/arteeluoghi\/?hl=it","https:\/\/www.youtube.com\/channel\/UCuRVc4JW4-C5sg9rQB-srkw?view_as=subscriber","https:\/\/twitter.com\/arteeluoghi"],"logo":{"@type":"ImageObject","@id":"https:\/\/arteeluoghi.it\/#logo","inLanguage":"it-IT","url":"https:\/\/arteeluoghi.it\/wp-content\/uploads\/2018\/08\/logoinstagramarte.jpg","contentUrl":"https:\/\/arteeluoghi.it\/wp-content\/uploads\/2018\/08\/logoinstagramarte.jpg","width":150,"height":150,"caption":"Arte e Luoghi"},"image":{"@id":"https:\/\/arteeluoghi.it\/#logo"}},{"@type":"WebSite","@id":"https:\/\/arteeluoghi.it\/#website","url":"https:\/\/arteeluoghi.it\/","name":"Arte e Luoghi","description":"Mensile di arte, cultura, turismo e curiosit\u00e0","publisher":{"@id":"https:\/\/arteeluoghi.it\/#organization"},"potentialAction":[{"@type":"SearchAction","target":{"@type":"EntryPoint","urlTemplate":"https:\/\/arteeluoghi.it\/?s={search_term_string}"},"query-input":"required name=search_term_string"}],"inLanguage":"it-IT"},{"@type":"ImageObject","@id":"https:\/\/arteeluoghi.it\/index.php\/2019\/08\/08\/6952\/#primaryimage","inLanguage":"it-IT","url":"https:\/\/arteeluoghi.it\/wp-content\/uploads\/2019\/08\/SerataRomantica2.jpg","contentUrl":"https:\/\/arteeluoghi.it\/wp-content\/uploads\/2019\/08\/SerataRomantica2.jpg","width":3597,"height":2398},{"@type":"WebPage","@id":"https:\/\/arteeluoghi.it\/index.php\/2019\/08\/08\/6952\/#webpage","url":"https:\/\/arteeluoghi.it\/index.php\/2019\/08\/08\/6952\/","name":"Itinerario Danza. In scena il Balletto del Sud | Arte e Luoghi","isPartOf":{"@id":"https:\/\/arteeluoghi.it\/#website"},"primaryImageOfPage":{"@id":"https:\/\/arteeluoghi.it\/index.php\/2019\/08\/08\/6952\/#primaryimage"},"datePublished":"2019-08-08T15:35:06+00:00","dateModified":"2019-08-29T15:57:41+00:00","breadcrumb":{"@id":"https:\/\/arteeluoghi.it\/index.php\/2019\/08\/08\/6952\/#breadcrumb"},"inLanguage":"it-IT","potentialAction":[{"@type":"ReadAction","target":["https:\/\/arteeluoghi.it\/index.php\/2019\/08\/08\/6952\/"]}]},{"@type":"BreadcrumbList","@id":"https:\/\/arteeluoghi.it\/index.php\/2019\/08\/08\/6952\/#breadcrumb","itemListElement":[{"@type":"ListItem","position":1,"name":"Home","item":"https:\/\/arteeluoghi.it\/"},{"@type":"ListItem","position":2,"name":"Itinerario Danza. In scena il Balletto del Sud"}]},{"@type":"Article","@id":"https:\/\/arteeluoghi.it\/index.php\/2019\/08\/08\/6952\/#article","isPartOf":{"@id":"https:\/\/arteeluoghi.it\/index.php\/2019\/08\/08\/6952\/#webpage"},"author":{"@id":"https:\/\/arteeluoghi.it\/#\/schema\/person\/f84e814e36e91e01448ee07eaadd41d4"},"headline":"Itinerario Danza. In scena il Balletto del Sud","datePublished":"2019-08-08T15:35:06+00:00","dateModified":"2019-08-29T15:57:41+00:00","mainEntityOfPage":{"@id":"https:\/\/arteeluoghi.it\/index.php\/2019\/08\/08\/6952\/#webpage"},"wordCount":616,"commentCount":0,"publisher":{"@id":"https:\/\/arteeluoghi.it\/#organization"},"image":{"@id":"https:\/\/arteeluoghi.it\/index.php\/2019\/08\/08\/6952\/#primaryimage"},"thumbnailUrl":"https:\/\/arteeluoghi.it\/wp-content\/uploads\/2019\/08\/SerataRomantica2.jpg","keywords":["Balletto del Sud","Fredy Franzutti","Lecce"],"articleSection":["danza"],"inLanguage":"it-IT","potentialAction":[{"@type":"CommentAction","name":"Comment","target":["https:\/\/arteeluoghi.it\/index.php\/2019\/08\/08\/6952\/#respond"]}]},{"@type":"Person","@id":"https:\/\/arteeluoghi.it\/#\/schema\/person\/f84e814e36e91e01448ee07eaadd41d4","name":"Staff","image":{"@type":"ImageObject","@id":"https:\/\/arteeluoghi.it\/#personlogo","inLanguage":"it-IT","url":"https:\/\/secure.gravatar.com\/avatar\/49d2f9e46271bb04e19cebfaf141313a?s=96&d=blank&r=g","contentUrl":"https:\/\/secure.gravatar.com\/avatar\/49d2f9e46271bb04e19cebfaf141313a?s=96&d=blank&r=g","caption":"Staff"}}]}},"_links":{"self":[{"href":"https:\/\/arteeluoghi.it\/index.php\/wp-json\/wp\/v2\/posts\/6952"}],"collection":[{"href":"https:\/\/arteeluoghi.it\/index.php\/wp-json\/wp\/v2\/posts"}],"about":[{"href":"https:\/\/arteeluoghi.it\/index.php\/wp-json\/wp\/v2\/types\/post"}],"author":[{"embeddable":true,"href":"https:\/\/arteeluoghi.it\/index.php\/wp-json\/wp\/v2\/users\/1"}],"replies":[{"embeddable":true,"href":"https:\/\/arteeluoghi.it\/index.php\/wp-json\/wp\/v2\/comments?post=6952"}],"version-history":[{"count":2,"href":"https:\/\/arteeluoghi.it\/index.php\/wp-json\/wp\/v2\/posts\/6952\/revisions"}],"predecessor-version":[{"id":6955,"href":"https:\/\/arteeluoghi.it\/index.php\/wp-json\/wp\/v2\/posts\/6952\/revisions\/6955"}],"wp:featuredmedia":[{"embeddable":true,"href":"https:\/\/arteeluoghi.it\/index.php\/wp-json\/wp\/v2\/media\/6953"}],"wp:attachment":[{"href":"https:\/\/arteeluoghi.it\/index.php\/wp-json\/wp\/v2\/media?parent=6952"}],"wp:term":[{"taxonomy":"category","embeddable":true,"href":"https:\/\/arteeluoghi.it\/index.php\/wp-json\/wp\/v2\/categories?post=6952"},{"taxonomy":"post_tag","embeddable":true,"href":"https:\/\/arteeluoghi.it\/index.php\/wp-json\/wp\/v2\/tags?post=6952"}],"curies":[{"name":"wp","href":"https:\/\/api.w.org\/{rel}","templated":true}]}}