{"id":7,"date":"2006-10-06T21:27:49","date_gmt":"2006-10-06T19:27:49","guid":{"rendered":"http:\/\/arteeluoghi.it\/index.php\/2006\/10\/06\/noi-siamo-volontari\/"},"modified":"2017-08-07T00:38:05","modified_gmt":"2017-08-06T22:38:05","slug":"noi-siamo-volontari","status":"publish","type":"post","link":"https:\/\/arteeluoghi.it\/index.php\/2006\/10\/06\/noi-siamo-volontari\/","title":{"rendered":"BRUNO CATTANI. MEMORIE"},"content":{"rendered":"<p>BRUNO CATTANI<br \/>Memorie<\/p>\n<p>17 luglio \u2013 26 settembre 2010<\/p>\n<p>CASTELNOVO NE\u2019 MONTI<br \/>Palazzo Ducale, via Roma, 12\/B<br \/>Teatro Bismantova \u2013 Foyer \u2013 via Roma 75<\/p>\n<p>Le immagini di Bruno Cattani saranno le protagoniste della mostra Memorie, promossa dall\u2019Assessorato alla Cultura del Comune di Castelnovo ne\u2019 Monti e allestita dal 17 luglio al 26 settembre 2010 nel Palazzo ducale di Castelnovo ne\u2019 Monti (RE) e nel foyer del Teatro Bismantova.<br \/>L\u2019esposizione, curata da Sandro Parmiggiani, organizzata dal Comune di Correggio, dalla Provincia di Reggio Emilia e da Palazzo Magnani di Reggio Emilia, con il contributo della Fondazione Pietro Manodori e di Coopservice, presenta circa 90 fotografie dell\u2019artista reggiano che documentano un percorso di ricerca iniziato cinque anni fa e incentrato sul tema della memoria collettiva.<\/p>\n<p>  <!--more-->  <\/p>\n<p> La serie delle \u201cMemorie\u201d si \u00e8 sviluppata a partire dal 2004 quando il  Comune di Reggio Emilia commission\u00f2, ad alcuni fotografi del territorio,  un lavoro legato a questo argomento.<br \/> Le fotografie di Cattani evocano ricordi che provengono dal passato,  dalla storia di ogni persona. I soggetti immortalati nei suoi scatti,  siano essi strade deserte o popolate soltanto da una panchina o da un  bambino che gioca in mezzo alle foglie, altalene e giochi che si  mischiano a nebbiosi paesaggi padani e ad interni spogli di fabbriche  abbandonate, vecchie foto ingiallite, immagini di giocattoli di legno,  hanno il potere di rendere vive e attuali queste reminiscenze  ricostruendo, attraverso il dettaglio, piccoli frammenti di vicende  private che non cadono mai nella banalit\u00e0.<br \/> Come afferma lo stesso Bruno Cattani \u201cda sempre la memoria \u00e8 il sottile  fil rouge che lega indissolubilmente il mio lavoro. A tutti \u00e8 capitato  di ritornare in luoghi dove abbiamo passato la nostra vita e che ci  richiamano la storia come se fosse incisa sulla pietra: la malinconia di  momenti che non rivivremo pi\u00f9, il rimpianto del passato che si  trasforma in sottile piacere, l\u2019immagine impallidita, solo accennata,  che riemerge ad un tratto tra le pagine di un libro sfogliato. Ricercare  e fotografare questi luoghi significa recuperarli dal passato  salvandoli dall\u2019oblio\u201d.<\/p>\n<p> Accompagna la mostra, un catalogo Allemandi, con testi di Sandro  Parmiggiani, Robert Poujade, Francesca Baboni, Stefano Taddei,  Piergiorgio Paterlini, Mauro Bonaretti e Claudio Feruglio.<\/p>\n<p> L\u2019iniziativa prevede una sezione, ospitata all\u2019interno del Foyer del  Teatro Bismantova, composta da 30 fotografie, dedicate alla tematica  dell\u2019eros nella statuaria e che si collega idealmente a quella della  memoria.<br \/> In \u201cEros\u201d Cattani si confronta trasversalmente con il tema del corpo  proponendo immagini di statue la cui epoca di realizzazione spazia dalla  scultura classica fino alle soglie della modernit\u00e0. Figure, frammenti  di corpi, intrecci di membra emergono dall\u2019ombra come sorpresi da tagli  di luce ora morbidi ora drammatici, e galleggiano in una sorta di limbo,  sospese sul piano di una ricercata ambiguit\u00e0 tra corpo scolpito e corpo  reale. Modelli, volti, gesti che hanno attraversato i secoli rivivono  ora di un nuovo senso, di una rinnovata sensualit\u00e0. Queste stampe velate  gi\u00e0 da una patina di antico offrono allo sguardo non una materia inerte  fermata nell\u2019eternit\u00e0 di un gesto, non il precario destino di un  manufatto artistico, ma forme che lo sguardo di Cattani rende di nuovo  protagoniste di una carnale vitalit\u00e0.\u00a0 \u00a0<\/p>\n<p> La mostra si inaugura sabato 17 luglio, alle ore 18, e rimarr\u00e0 aperta  fino al 26 settembre.<br \/> Gli orari di apertura sono i seguenti: &#8211; a Palazzo ducale, dal 17 luglio  al 31 agosto, tutti i giorni, ore 16 -19. Ferragosto chiuso. Dal 1 al  26 settembre, sabato e domenica, ore 16 \u2013 19; &#8211; al Foyer del Teatro  Bismantova, negli orari di spettacolo e proiezione.<\/p>\n<p> Luned\u00ec 26 luglio alle ore 21 \u00e8 inoltre previsto un  incontro-conversazione con Bruno Cattani e Sandro Parmiggiani (gi\u00e0  curatore delle attivit\u00e0 espositive di Palazzo Magnani), Mauro Bonaretti e  Claudio Feruglio che si terr\u00e0 a Palazzo ducale, nella stessa sede della  mostra. \u00a0<\/p>\n<p> BRUNO CATTANI. MEMORIE<\/p>\n<p> Castelnovo ne\u2019 Monti (RE) &#8211; Palazzo Ducale, via Roma 12\/B.<br \/> &#8211; Teatro Bismantova, Foyer, via Roma 75.<br \/> 17 luglio \u2013 26 settembre 2010<br \/> Inaugurazione: sabato 17 luglio &#8211; ore 18<br \/> Orari: &#8211; Palazzo ducale: dal 17 luglio al 31 agosto, tutti i giorni, ore  16 -19. Ferragosto chiuso. Dal 1 al 26 settembre, sabato e domenica,  ore 16 \u2013 19.<br \/> &#8211; Foyer del Teatro Bismantova: negli orari di spettacolo e proiezione.<br \/> Ingresso gratuito.<\/p>\n<p>(fonte comunicato stampa)<\/p>\n","protected":false},"excerpt":{"rendered":"<p>BRUNO CATTANIMemorie 17 luglio \u2013 26 settembre 2010 CASTELNOVO NE\u2019 MONTIPalazzo Ducale, via Roma, 12\/BTeatro Bismantova \u2013 Foyer \u2013 via<\/p>\n","protected":false},"author":1,"featured_media":0,"comment_status":"open","ping_status":"open","sticky":false,"template":"","format":"standard","meta":[],"categories":[27],"tags":[],"yoast_head":"<!-- This site is optimized with the Yoast SEO plugin v18.0 - https:\/\/yoast.com\/wordpress\/plugins\/seo\/ -->\n<title>BRUNO CATTANI. MEMORIE | Arte e Luoghi<\/title>\n<meta name=\"robots\" content=\"index, follow, max-snippet:-1, max-image-preview:large, max-video-preview:-1\" \/>\n<link rel=\"canonical\" href=\"https:\/\/arteeluoghi.it\/index.php\/2006\/10\/06\/noi-siamo-volontari\/\" \/>\n<meta property=\"og:locale\" content=\"it_IT\" \/>\n<meta property=\"og:type\" content=\"article\" \/>\n<meta property=\"og:title\" content=\"BRUNO CATTANI. MEMORIE | Arte e Luoghi\" \/>\n<meta property=\"og:description\" content=\"BRUNO CATTANIMemorie 17 luglio \u2013 26 settembre 2010 CASTELNOVO NE\u2019 MONTIPalazzo Ducale, via Roma, 12\/BTeatro Bismantova \u2013 Foyer \u2013 via\" \/>\n<meta property=\"og:url\" content=\"https:\/\/arteeluoghi.it\/index.php\/2006\/10\/06\/noi-siamo-volontari\/\" \/>\n<meta property=\"og:site_name\" content=\"Arte e Luoghi\" \/>\n<meta property=\"article:publisher\" content=\"https:\/\/www.facebook.com\/ArteELuoghi\/\" \/>\n<meta property=\"article:published_time\" content=\"2006-10-06T19:27:49+00:00\" \/>\n<meta property=\"article:modified_time\" content=\"2017-08-06T22:38:05+00:00\" \/>\n<meta name=\"twitter:card\" content=\"summary\" \/>\n<meta name=\"twitter:creator\" content=\"@arteeluoghi\" \/>\n<meta name=\"twitter:site\" content=\"@arteeluoghi\" \/>\n<meta name=\"twitter:label1\" content=\"Scritto da\" \/>\n\t<meta name=\"twitter:data1\" content=\"Staff\" \/>\n\t<meta name=\"twitter:label2\" content=\"Tempo di lettura stimato\" \/>\n\t<meta name=\"twitter:data2\" content=\"3 minuti\" \/>\n<script type=\"application\/ld+json\" class=\"yoast-schema-graph\">{\"@context\":\"https:\/\/schema.org\",\"@graph\":[{\"@type\":\"Organization\",\"@id\":\"https:\/\/arteeluoghi.it\/#organization\",\"name\":\"Arte e Luoghi\",\"url\":\"https:\/\/arteeluoghi.it\/\",\"sameAs\":[\"https:\/\/www.facebook.com\/ArteELuoghi\/\",\"https:\/\/www.instagram.com\/arteeluoghi\/?hl=it\",\"https:\/\/www.youtube.com\/channel\/UCuRVc4JW4-C5sg9rQB-srkw?view_as=subscriber\",\"https:\/\/twitter.com\/arteeluoghi\"],\"logo\":{\"@type\":\"ImageObject\",\"@id\":\"https:\/\/arteeluoghi.it\/#logo\",\"inLanguage\":\"it-IT\",\"url\":\"https:\/\/arteeluoghi.it\/wp-content\/uploads\/2018\/08\/logoinstagramarte.jpg\",\"contentUrl\":\"https:\/\/arteeluoghi.it\/wp-content\/uploads\/2018\/08\/logoinstagramarte.jpg\",\"width\":150,\"height\":150,\"caption\":\"Arte e Luoghi\"},\"image\":{\"@id\":\"https:\/\/arteeluoghi.it\/#logo\"}},{\"@type\":\"WebSite\",\"@id\":\"https:\/\/arteeluoghi.it\/#website\",\"url\":\"https:\/\/arteeluoghi.it\/\",\"name\":\"Arte e Luoghi\",\"description\":\"Mensile di arte, cultura, turismo e curiosit\u00e0\",\"publisher\":{\"@id\":\"https:\/\/arteeluoghi.it\/#organization\"},\"potentialAction\":[{\"@type\":\"SearchAction\",\"target\":{\"@type\":\"EntryPoint\",\"urlTemplate\":\"https:\/\/arteeluoghi.it\/?s={search_term_string}\"},\"query-input\":\"required name=search_term_string\"}],\"inLanguage\":\"it-IT\"},{\"@type\":\"WebPage\",\"@id\":\"https:\/\/arteeluoghi.it\/index.php\/2006\/10\/06\/noi-siamo-volontari\/#webpage\",\"url\":\"https:\/\/arteeluoghi.it\/index.php\/2006\/10\/06\/noi-siamo-volontari\/\",\"name\":\"BRUNO CATTANI. MEMORIE | Arte e Luoghi\",\"isPartOf\":{\"@id\":\"https:\/\/arteeluoghi.it\/#website\"},\"datePublished\":\"2006-10-06T19:27:49+00:00\",\"dateModified\":\"2017-08-06T22:38:05+00:00\",\"breadcrumb\":{\"@id\":\"https:\/\/arteeluoghi.it\/index.php\/2006\/10\/06\/noi-siamo-volontari\/#breadcrumb\"},\"inLanguage\":\"it-IT\",\"potentialAction\":[{\"@type\":\"ReadAction\",\"target\":[\"https:\/\/arteeluoghi.it\/index.php\/2006\/10\/06\/noi-siamo-volontari\/\"]}]},{\"@type\":\"BreadcrumbList\",\"@id\":\"https:\/\/arteeluoghi.it\/index.php\/2006\/10\/06\/noi-siamo-volontari\/#breadcrumb\",\"itemListElement\":[{\"@type\":\"ListItem\",\"position\":1,\"name\":\"Home\",\"item\":\"https:\/\/arteeluoghi.it\/\"},{\"@type\":\"ListItem\",\"position\":2,\"name\":\"BRUNO CATTANI. MEMORIE\"}]},{\"@type\":\"Article\",\"@id\":\"https:\/\/arteeluoghi.it\/index.php\/2006\/10\/06\/noi-siamo-volontari\/#article\",\"isPartOf\":{\"@id\":\"https:\/\/arteeluoghi.it\/index.php\/2006\/10\/06\/noi-siamo-volontari\/#webpage\"},\"author\":{\"@id\":\"https:\/\/arteeluoghi.it\/#\/schema\/person\/f84e814e36e91e01448ee07eaadd41d4\"},\"headline\":\"BRUNO CATTANI. MEMORIE\",\"datePublished\":\"2006-10-06T19:27:49+00:00\",\"dateModified\":\"2017-08-06T22:38:05+00:00\",\"mainEntityOfPage\":{\"@id\":\"https:\/\/arteeluoghi.it\/index.php\/2006\/10\/06\/noi-siamo-volontari\/#webpage\"},\"wordCount\":671,\"commentCount\":0,\"publisher\":{\"@id\":\"https:\/\/arteeluoghi.it\/#organization\"},\"articleSection\":[\"Arte\"],\"inLanguage\":\"it-IT\",\"potentialAction\":[{\"@type\":\"CommentAction\",\"name\":\"Comment\",\"target\":[\"https:\/\/arteeluoghi.it\/index.php\/2006\/10\/06\/noi-siamo-volontari\/#respond\"]}]},{\"@type\":\"Person\",\"@id\":\"https:\/\/arteeluoghi.it\/#\/schema\/person\/f84e814e36e91e01448ee07eaadd41d4\",\"name\":\"Staff\",\"image\":{\"@type\":\"ImageObject\",\"@id\":\"https:\/\/arteeluoghi.it\/#personlogo\",\"inLanguage\":\"it-IT\",\"url\":\"https:\/\/secure.gravatar.com\/avatar\/49d2f9e46271bb04e19cebfaf141313a?s=96&d=blank&r=g\",\"contentUrl\":\"https:\/\/secure.gravatar.com\/avatar\/49d2f9e46271bb04e19cebfaf141313a?s=96&d=blank&r=g\",\"caption\":\"Staff\"}}]}<\/script>\n<!-- \/ Yoast SEO plugin. -->","yoast_head_json":{"title":"BRUNO CATTANI. MEMORIE | Arte e Luoghi","robots":{"index":"index","follow":"follow","max-snippet":"max-snippet:-1","max-image-preview":"max-image-preview:large","max-video-preview":"max-video-preview:-1"},"canonical":"https:\/\/arteeluoghi.it\/index.php\/2006\/10\/06\/noi-siamo-volontari\/","og_locale":"it_IT","og_type":"article","og_title":"BRUNO CATTANI. MEMORIE | Arte e Luoghi","og_description":"BRUNO CATTANIMemorie 17 luglio \u2013 26 settembre 2010 CASTELNOVO NE\u2019 MONTIPalazzo Ducale, via Roma, 12\/BTeatro Bismantova \u2013 Foyer \u2013 via","og_url":"https:\/\/arteeluoghi.it\/index.php\/2006\/10\/06\/noi-siamo-volontari\/","og_site_name":"Arte e Luoghi","article_publisher":"https:\/\/www.facebook.com\/ArteELuoghi\/","article_published_time":"2006-10-06T19:27:49+00:00","article_modified_time":"2017-08-06T22:38:05+00:00","twitter_card":"summary","twitter_creator":"@arteeluoghi","twitter_site":"@arteeluoghi","twitter_misc":{"Scritto da":"Staff","Tempo di lettura stimato":"3 minuti"},"schema":{"@context":"https:\/\/schema.org","@graph":[{"@type":"Organization","@id":"https:\/\/arteeluoghi.it\/#organization","name":"Arte e Luoghi","url":"https:\/\/arteeluoghi.it\/","sameAs":["https:\/\/www.facebook.com\/ArteELuoghi\/","https:\/\/www.instagram.com\/arteeluoghi\/?hl=it","https:\/\/www.youtube.com\/channel\/UCuRVc4JW4-C5sg9rQB-srkw?view_as=subscriber","https:\/\/twitter.com\/arteeluoghi"],"logo":{"@type":"ImageObject","@id":"https:\/\/arteeluoghi.it\/#logo","inLanguage":"it-IT","url":"https:\/\/arteeluoghi.it\/wp-content\/uploads\/2018\/08\/logoinstagramarte.jpg","contentUrl":"https:\/\/arteeluoghi.it\/wp-content\/uploads\/2018\/08\/logoinstagramarte.jpg","width":150,"height":150,"caption":"Arte e Luoghi"},"image":{"@id":"https:\/\/arteeluoghi.it\/#logo"}},{"@type":"WebSite","@id":"https:\/\/arteeluoghi.it\/#website","url":"https:\/\/arteeluoghi.it\/","name":"Arte e Luoghi","description":"Mensile di arte, cultura, turismo e curiosit\u00e0","publisher":{"@id":"https:\/\/arteeluoghi.it\/#organization"},"potentialAction":[{"@type":"SearchAction","target":{"@type":"EntryPoint","urlTemplate":"https:\/\/arteeluoghi.it\/?s={search_term_string}"},"query-input":"required name=search_term_string"}],"inLanguage":"it-IT"},{"@type":"WebPage","@id":"https:\/\/arteeluoghi.it\/index.php\/2006\/10\/06\/noi-siamo-volontari\/#webpage","url":"https:\/\/arteeluoghi.it\/index.php\/2006\/10\/06\/noi-siamo-volontari\/","name":"BRUNO CATTANI. MEMORIE | Arte e Luoghi","isPartOf":{"@id":"https:\/\/arteeluoghi.it\/#website"},"datePublished":"2006-10-06T19:27:49+00:00","dateModified":"2017-08-06T22:38:05+00:00","breadcrumb":{"@id":"https:\/\/arteeluoghi.it\/index.php\/2006\/10\/06\/noi-siamo-volontari\/#breadcrumb"},"inLanguage":"it-IT","potentialAction":[{"@type":"ReadAction","target":["https:\/\/arteeluoghi.it\/index.php\/2006\/10\/06\/noi-siamo-volontari\/"]}]},{"@type":"BreadcrumbList","@id":"https:\/\/arteeluoghi.it\/index.php\/2006\/10\/06\/noi-siamo-volontari\/#breadcrumb","itemListElement":[{"@type":"ListItem","position":1,"name":"Home","item":"https:\/\/arteeluoghi.it\/"},{"@type":"ListItem","position":2,"name":"BRUNO CATTANI. MEMORIE"}]},{"@type":"Article","@id":"https:\/\/arteeluoghi.it\/index.php\/2006\/10\/06\/noi-siamo-volontari\/#article","isPartOf":{"@id":"https:\/\/arteeluoghi.it\/index.php\/2006\/10\/06\/noi-siamo-volontari\/#webpage"},"author":{"@id":"https:\/\/arteeluoghi.it\/#\/schema\/person\/f84e814e36e91e01448ee07eaadd41d4"},"headline":"BRUNO CATTANI. MEMORIE","datePublished":"2006-10-06T19:27:49+00:00","dateModified":"2017-08-06T22:38:05+00:00","mainEntityOfPage":{"@id":"https:\/\/arteeluoghi.it\/index.php\/2006\/10\/06\/noi-siamo-volontari\/#webpage"},"wordCount":671,"commentCount":0,"publisher":{"@id":"https:\/\/arteeluoghi.it\/#organization"},"articleSection":["Arte"],"inLanguage":"it-IT","potentialAction":[{"@type":"CommentAction","name":"Comment","target":["https:\/\/arteeluoghi.it\/index.php\/2006\/10\/06\/noi-siamo-volontari\/#respond"]}]},{"@type":"Person","@id":"https:\/\/arteeluoghi.it\/#\/schema\/person\/f84e814e36e91e01448ee07eaadd41d4","name":"Staff","image":{"@type":"ImageObject","@id":"https:\/\/arteeluoghi.it\/#personlogo","inLanguage":"it-IT","url":"https:\/\/secure.gravatar.com\/avatar\/49d2f9e46271bb04e19cebfaf141313a?s=96&d=blank&r=g","contentUrl":"https:\/\/secure.gravatar.com\/avatar\/49d2f9e46271bb04e19cebfaf141313a?s=96&d=blank&r=g","caption":"Staff"}}]}},"_links":{"self":[{"href":"https:\/\/arteeluoghi.it\/index.php\/wp-json\/wp\/v2\/posts\/7"}],"collection":[{"href":"https:\/\/arteeluoghi.it\/index.php\/wp-json\/wp\/v2\/posts"}],"about":[{"href":"https:\/\/arteeluoghi.it\/index.php\/wp-json\/wp\/v2\/types\/post"}],"author":[{"embeddable":true,"href":"https:\/\/arteeluoghi.it\/index.php\/wp-json\/wp\/v2\/users\/1"}],"replies":[{"embeddable":true,"href":"https:\/\/arteeluoghi.it\/index.php\/wp-json\/wp\/v2\/comments?post=7"}],"version-history":[{"count":1,"href":"https:\/\/arteeluoghi.it\/index.php\/wp-json\/wp\/v2\/posts\/7\/revisions"}],"predecessor-version":[{"id":3195,"href":"https:\/\/arteeluoghi.it\/index.php\/wp-json\/wp\/v2\/posts\/7\/revisions\/3195"}],"wp:attachment":[{"href":"https:\/\/arteeluoghi.it\/index.php\/wp-json\/wp\/v2\/media?parent=7"}],"wp:term":[{"taxonomy":"category","embeddable":true,"href":"https:\/\/arteeluoghi.it\/index.php\/wp-json\/wp\/v2\/categories?post=7"},{"taxonomy":"post_tag","embeddable":true,"href":"https:\/\/arteeluoghi.it\/index.php\/wp-json\/wp\/v2\/tags?post=7"}],"curies":[{"name":"wp","href":"https:\/\/api.w.org\/{rel}","templated":true}]}}