{"id":701,"date":"2012-05-04T23:00:00","date_gmt":"2012-05-04T21:00:00","guid":{"rendered":"http:\/\/arteeluoghi.it\/index.php\/2012\/05\/04\/villa-gregoriana\/"},"modified":"2012-05-04T23:00:00","modified_gmt":"2012-05-04T21:00:00","slug":"villa-gregoriana","status":"publish","type":"post","link":"https:\/\/arteeluoghi.it\/index.php\/2012\/05\/04\/villa-gregoriana\/","title":{"rendered":"Villa gregoriana"},"content":{"rendered":"<p><em><img src=\"\/images\/stories\/villa gregoriana.jpg\" border=\"0\" style=\"float: left; margin: 21px;\" \/><\/em><\/p>\n<p>\u00a0<\/p>\n<p><em>Dal 15 aprile al 27 maggio visite guidate e performance teatrali all&#8217;interno di un tra i p<br \/><\/em><\/p>\n<p><strong><span style=\"font-size: small;\">Villa gregoriana, location d&#8217;eccezione per il teatro<\/span><\/strong><\/p>\n<p>\u00a0<\/p>\n<p>\u00a0<\/p>\n<p>Metti una mattina a teatro. Ma un teatro all&#8217;aperto per riscoprire un monumento davvero speciale: Villa Gregoriana. Un intrigante percorso tra storia, suggestioni e curiosit\u00e0, sorprender\u00e0 il pubblico e lo render\u00e0 partecipe di un bellissimo spettacolo teatrale:\u00a0 passeggiando per Villa Gregoriana si potranno incontrare intriganti personaggi a cui verr\u00e0 affidato il racconto di aneddoti, avventure e disavventure di un passato pi\u00f9 o meno remoto.<\/p>\n<p>E cos\u00ec, appena entrati nel parco, presso i ruderi di Manlio Vopisco una popolana di met\u00e0 Ottocento e il poeta Giuseppe Gioacchino Belli rievocheranno le gesta di Gregorio XVI a Tivoli e a Roma, alternando giudizi favorevoli a critiche velenose. Proseguendo verso la zona di Ponte Lupo saranno rievocate le atmosfere del Grand Tour; qui un noto viaggiatore danese torner\u00e0 dal passato e accompagner\u00e0 il pubblico fino al Ninfeo presso il traforo di Miollis dove, accompagnato da musica suadente, racconter\u00e0 le emozioni e l&#8217;incanto provati durante la sua prima visita in questo splendido luogo.<\/p>\n<p>Inoltre, alle ore 11.00 \u00a0sar\u00e0 possibile, su prenotazione, usufruire di una speciale visita guidata che include &#8211; oltre a una dettagliata spiegazione della storia del parco &#8211; anche l&#8217;interessante percorso tra le postazioni teatrali animate per l&#8217;occasione dagli attori \u00a0della \u00a0Compagnia Teatro Reale.<\/p>\n<p>\u00a0<\/p>\n<p>  <!--more-->  <\/p>\n<p><\/p>\n<p>\u00a0<\/p>\n<p>\u00a0<\/p>\n<hr \/>\n<p>Costi:<\/p>\n<p>Biglietto evento<\/p>\n<p>Adulti \u20ac7<\/p>\n<p>Ridotto Bambini e Scuole \u20ac4,50<\/p>\n<p>Pacchetto Famiglia \u20ac15<\/p>\n<p>Ridotto Gruppi \u20ac6<\/p>\n<p>Residenti \u20ac4,50<\/p>\n<p>Iscritti FAI \u20ac2<\/p>\n<p>\u00a0<\/p>\n<p>Orari:<\/p>\n<p>Dalle ore 11.00 alle ore 13.30<\/p>\n<p>Come arrivare:\u00a0 \t\t\tAutostrada dei Parchi A24 &#8211; Uscita Tivoli o Castel Madama. In treno da Roma Stazione Tiburtina, fermata Tivoli.<\/p>\n<p>(fonte: comunicato stampa)<\/p>\n","protected":false},"excerpt":{"rendered":"<p>\u00a0 Dal 15 aprile al 27 maggio visite guidate e performance teatrali all&#8217;interno di un tra i p Villa gregoriana,<\/p>\n","protected":false},"author":1,"featured_media":0,"comment_status":"open","ping_status":"open","sticky":false,"template":"","format":"standard","meta":[],"categories":[23],"tags":[],"yoast_head":"<!-- This site is optimized with the Yoast SEO plugin v18.0 - https:\/\/yoast.com\/wordpress\/plugins\/seo\/ -->\n<title>Villa gregoriana | Arte e Luoghi<\/title>\n<meta name=\"robots\" content=\"index, follow, max-snippet:-1, max-image-preview:large, max-video-preview:-1\" \/>\n<link rel=\"canonical\" href=\"https:\/\/arteeluoghi.it\/index.php\/2012\/05\/04\/villa-gregoriana\/\" \/>\n<meta property=\"og:locale\" content=\"it_IT\" \/>\n<meta property=\"og:type\" content=\"article\" \/>\n<meta property=\"og:title\" content=\"Villa gregoriana | Arte e Luoghi\" \/>\n<meta property=\"og:description\" content=\"\u00a0 Dal 15 aprile al 27 maggio visite guidate e performance teatrali all&#8217;interno di un tra i p Villa gregoriana,\" \/>\n<meta property=\"og:url\" content=\"https:\/\/arteeluoghi.it\/index.php\/2012\/05\/04\/villa-gregoriana\/\" \/>\n<meta property=\"og:site_name\" content=\"Arte e Luoghi\" \/>\n<meta property=\"article:publisher\" content=\"https:\/\/www.facebook.com\/ArteELuoghi\/\" \/>\n<meta property=\"article:published_time\" content=\"2012-05-04T21:00:00+00:00\" \/>\n<meta property=\"og:image\" content=\"https:\/\/arteeluoghi.it\/images\/stories\/villa%20gregoriana.jpg\" \/>\n<meta name=\"twitter:card\" content=\"summary\" \/>\n<meta name=\"twitter:creator\" content=\"@arteeluoghi\" \/>\n<meta name=\"twitter:site\" content=\"@arteeluoghi\" \/>\n<meta name=\"twitter:label1\" content=\"Scritto da\" \/>\n\t<meta name=\"twitter:data1\" content=\"Staff\" \/>\n\t<meta name=\"twitter:label2\" content=\"Tempo di lettura stimato\" \/>\n\t<meta name=\"twitter:data2\" content=\"1 minuto\" \/>\n<script type=\"application\/ld+json\" class=\"yoast-schema-graph\">{\"@context\":\"https:\/\/schema.org\",\"@graph\":[{\"@type\":\"Organization\",\"@id\":\"https:\/\/arteeluoghi.it\/#organization\",\"name\":\"Arte e Luoghi\",\"url\":\"https:\/\/arteeluoghi.it\/\",\"sameAs\":[\"https:\/\/www.facebook.com\/ArteELuoghi\/\",\"https:\/\/www.instagram.com\/arteeluoghi\/?hl=it\",\"https:\/\/www.youtube.com\/channel\/UCuRVc4JW4-C5sg9rQB-srkw?view_as=subscriber\",\"https:\/\/twitter.com\/arteeluoghi\"],\"logo\":{\"@type\":\"ImageObject\",\"@id\":\"https:\/\/arteeluoghi.it\/#logo\",\"inLanguage\":\"it-IT\",\"url\":\"https:\/\/arteeluoghi.it\/wp-content\/uploads\/2018\/08\/logoinstagramarte.jpg\",\"contentUrl\":\"https:\/\/arteeluoghi.it\/wp-content\/uploads\/2018\/08\/logoinstagramarte.jpg\",\"width\":150,\"height\":150,\"caption\":\"Arte e Luoghi\"},\"image\":{\"@id\":\"https:\/\/arteeluoghi.it\/#logo\"}},{\"@type\":\"WebSite\",\"@id\":\"https:\/\/arteeluoghi.it\/#website\",\"url\":\"https:\/\/arteeluoghi.it\/\",\"name\":\"Arte e Luoghi\",\"description\":\"Mensile di arte, cultura, turismo e curiosit\u00e0\",\"publisher\":{\"@id\":\"https:\/\/arteeluoghi.it\/#organization\"},\"potentialAction\":[{\"@type\":\"SearchAction\",\"target\":{\"@type\":\"EntryPoint\",\"urlTemplate\":\"https:\/\/arteeluoghi.it\/?s={search_term_string}\"},\"query-input\":\"required name=search_term_string\"}],\"inLanguage\":\"it-IT\"},{\"@type\":\"ImageObject\",\"@id\":\"https:\/\/arteeluoghi.it\/index.php\/2012\/05\/04\/villa-gregoriana\/#primaryimage\",\"inLanguage\":\"it-IT\",\"url\":\"\/images\/stories\/villa gregoriana.jpg\",\"contentUrl\":\"\/images\/stories\/villa gregoriana.jpg\"},{\"@type\":\"WebPage\",\"@id\":\"https:\/\/arteeluoghi.it\/index.php\/2012\/05\/04\/villa-gregoriana\/#webpage\",\"url\":\"https:\/\/arteeluoghi.it\/index.php\/2012\/05\/04\/villa-gregoriana\/\",\"name\":\"Villa gregoriana | Arte e Luoghi\",\"isPartOf\":{\"@id\":\"https:\/\/arteeluoghi.it\/#website\"},\"primaryImageOfPage\":{\"@id\":\"https:\/\/arteeluoghi.it\/index.php\/2012\/05\/04\/villa-gregoriana\/#primaryimage\"},\"datePublished\":\"2012-05-04T21:00:00+00:00\",\"dateModified\":\"2012-05-04T21:00:00+00:00\",\"breadcrumb\":{\"@id\":\"https:\/\/arteeluoghi.it\/index.php\/2012\/05\/04\/villa-gregoriana\/#breadcrumb\"},\"inLanguage\":\"it-IT\",\"potentialAction\":[{\"@type\":\"ReadAction\",\"target\":[\"https:\/\/arteeluoghi.it\/index.php\/2012\/05\/04\/villa-gregoriana\/\"]}]},{\"@type\":\"BreadcrumbList\",\"@id\":\"https:\/\/arteeluoghi.it\/index.php\/2012\/05\/04\/villa-gregoriana\/#breadcrumb\",\"itemListElement\":[{\"@type\":\"ListItem\",\"position\":1,\"name\":\"Home\",\"item\":\"https:\/\/arteeluoghi.it\/\"},{\"@type\":\"ListItem\",\"position\":2,\"name\":\"Villa gregoriana\"}]},{\"@type\":\"Article\",\"@id\":\"https:\/\/arteeluoghi.it\/index.php\/2012\/05\/04\/villa-gregoriana\/#article\",\"isPartOf\":{\"@id\":\"https:\/\/arteeluoghi.it\/index.php\/2012\/05\/04\/villa-gregoriana\/#webpage\"},\"author\":{\"@id\":\"https:\/\/arteeluoghi.it\/#\/schema\/person\/f84e814e36e91e01448ee07eaadd41d4\"},\"headline\":\"Villa gregoriana\",\"datePublished\":\"2012-05-04T21:00:00+00:00\",\"dateModified\":\"2012-05-04T21:00:00+00:00\",\"mainEntityOfPage\":{\"@id\":\"https:\/\/arteeluoghi.it\/index.php\/2012\/05\/04\/villa-gregoriana\/#webpage\"},\"wordCount\":267,\"commentCount\":0,\"publisher\":{\"@id\":\"https:\/\/arteeluoghi.it\/#organization\"},\"image\":{\"@id\":\"https:\/\/arteeluoghi.it\/index.php\/2012\/05\/04\/villa-gregoriana\/#primaryimage\"},\"thumbnailUrl\":\"\/images\/stories\/villa gregoriana.jpg\",\"articleSection\":[\"escursioni\"],\"inLanguage\":\"it-IT\",\"potentialAction\":[{\"@type\":\"CommentAction\",\"name\":\"Comment\",\"target\":[\"https:\/\/arteeluoghi.it\/index.php\/2012\/05\/04\/villa-gregoriana\/#respond\"]}]},{\"@type\":\"Person\",\"@id\":\"https:\/\/arteeluoghi.it\/#\/schema\/person\/f84e814e36e91e01448ee07eaadd41d4\",\"name\":\"Staff\",\"image\":{\"@type\":\"ImageObject\",\"@id\":\"https:\/\/arteeluoghi.it\/#personlogo\",\"inLanguage\":\"it-IT\",\"url\":\"https:\/\/secure.gravatar.com\/avatar\/49d2f9e46271bb04e19cebfaf141313a?s=96&d=blank&r=g\",\"contentUrl\":\"https:\/\/secure.gravatar.com\/avatar\/49d2f9e46271bb04e19cebfaf141313a?s=96&d=blank&r=g\",\"caption\":\"Staff\"}}]}<\/script>\n<!-- \/ Yoast SEO plugin. -->","yoast_head_json":{"title":"Villa gregoriana | Arte e Luoghi","robots":{"index":"index","follow":"follow","max-snippet":"max-snippet:-1","max-image-preview":"max-image-preview:large","max-video-preview":"max-video-preview:-1"},"canonical":"https:\/\/arteeluoghi.it\/index.php\/2012\/05\/04\/villa-gregoriana\/","og_locale":"it_IT","og_type":"article","og_title":"Villa gregoriana | Arte e Luoghi","og_description":"\u00a0 Dal 15 aprile al 27 maggio visite guidate e performance teatrali all&#8217;interno di un tra i p Villa gregoriana,","og_url":"https:\/\/arteeluoghi.it\/index.php\/2012\/05\/04\/villa-gregoriana\/","og_site_name":"Arte e Luoghi","article_publisher":"https:\/\/www.facebook.com\/ArteELuoghi\/","article_published_time":"2012-05-04T21:00:00+00:00","og_image":[{"url":"https:\/\/arteeluoghi.it\/images\/stories\/villa gregoriana.jpg"}],"twitter_card":"summary","twitter_creator":"@arteeluoghi","twitter_site":"@arteeluoghi","twitter_misc":{"Scritto da":"Staff","Tempo di lettura stimato":"1 minuto"},"schema":{"@context":"https:\/\/schema.org","@graph":[{"@type":"Organization","@id":"https:\/\/arteeluoghi.it\/#organization","name":"Arte e Luoghi","url":"https:\/\/arteeluoghi.it\/","sameAs":["https:\/\/www.facebook.com\/ArteELuoghi\/","https:\/\/www.instagram.com\/arteeluoghi\/?hl=it","https:\/\/www.youtube.com\/channel\/UCuRVc4JW4-C5sg9rQB-srkw?view_as=subscriber","https:\/\/twitter.com\/arteeluoghi"],"logo":{"@type":"ImageObject","@id":"https:\/\/arteeluoghi.it\/#logo","inLanguage":"it-IT","url":"https:\/\/arteeluoghi.it\/wp-content\/uploads\/2018\/08\/logoinstagramarte.jpg","contentUrl":"https:\/\/arteeluoghi.it\/wp-content\/uploads\/2018\/08\/logoinstagramarte.jpg","width":150,"height":150,"caption":"Arte e Luoghi"},"image":{"@id":"https:\/\/arteeluoghi.it\/#logo"}},{"@type":"WebSite","@id":"https:\/\/arteeluoghi.it\/#website","url":"https:\/\/arteeluoghi.it\/","name":"Arte e Luoghi","description":"Mensile di arte, cultura, turismo e curiosit\u00e0","publisher":{"@id":"https:\/\/arteeluoghi.it\/#organization"},"potentialAction":[{"@type":"SearchAction","target":{"@type":"EntryPoint","urlTemplate":"https:\/\/arteeluoghi.it\/?s={search_term_string}"},"query-input":"required name=search_term_string"}],"inLanguage":"it-IT"},{"@type":"ImageObject","@id":"https:\/\/arteeluoghi.it\/index.php\/2012\/05\/04\/villa-gregoriana\/#primaryimage","inLanguage":"it-IT","url":"\/images\/stories\/villa gregoriana.jpg","contentUrl":"\/images\/stories\/villa gregoriana.jpg"},{"@type":"WebPage","@id":"https:\/\/arteeluoghi.it\/index.php\/2012\/05\/04\/villa-gregoriana\/#webpage","url":"https:\/\/arteeluoghi.it\/index.php\/2012\/05\/04\/villa-gregoriana\/","name":"Villa gregoriana | Arte e Luoghi","isPartOf":{"@id":"https:\/\/arteeluoghi.it\/#website"},"primaryImageOfPage":{"@id":"https:\/\/arteeluoghi.it\/index.php\/2012\/05\/04\/villa-gregoriana\/#primaryimage"},"datePublished":"2012-05-04T21:00:00+00:00","dateModified":"2012-05-04T21:00:00+00:00","breadcrumb":{"@id":"https:\/\/arteeluoghi.it\/index.php\/2012\/05\/04\/villa-gregoriana\/#breadcrumb"},"inLanguage":"it-IT","potentialAction":[{"@type":"ReadAction","target":["https:\/\/arteeluoghi.it\/index.php\/2012\/05\/04\/villa-gregoriana\/"]}]},{"@type":"BreadcrumbList","@id":"https:\/\/arteeluoghi.it\/index.php\/2012\/05\/04\/villa-gregoriana\/#breadcrumb","itemListElement":[{"@type":"ListItem","position":1,"name":"Home","item":"https:\/\/arteeluoghi.it\/"},{"@type":"ListItem","position":2,"name":"Villa gregoriana"}]},{"@type":"Article","@id":"https:\/\/arteeluoghi.it\/index.php\/2012\/05\/04\/villa-gregoriana\/#article","isPartOf":{"@id":"https:\/\/arteeluoghi.it\/index.php\/2012\/05\/04\/villa-gregoriana\/#webpage"},"author":{"@id":"https:\/\/arteeluoghi.it\/#\/schema\/person\/f84e814e36e91e01448ee07eaadd41d4"},"headline":"Villa gregoriana","datePublished":"2012-05-04T21:00:00+00:00","dateModified":"2012-05-04T21:00:00+00:00","mainEntityOfPage":{"@id":"https:\/\/arteeluoghi.it\/index.php\/2012\/05\/04\/villa-gregoriana\/#webpage"},"wordCount":267,"commentCount":0,"publisher":{"@id":"https:\/\/arteeluoghi.it\/#organization"},"image":{"@id":"https:\/\/arteeluoghi.it\/index.php\/2012\/05\/04\/villa-gregoriana\/#primaryimage"},"thumbnailUrl":"\/images\/stories\/villa gregoriana.jpg","articleSection":["escursioni"],"inLanguage":"it-IT","potentialAction":[{"@type":"CommentAction","name":"Comment","target":["https:\/\/arteeluoghi.it\/index.php\/2012\/05\/04\/villa-gregoriana\/#respond"]}]},{"@type":"Person","@id":"https:\/\/arteeluoghi.it\/#\/schema\/person\/f84e814e36e91e01448ee07eaadd41d4","name":"Staff","image":{"@type":"ImageObject","@id":"https:\/\/arteeluoghi.it\/#personlogo","inLanguage":"it-IT","url":"https:\/\/secure.gravatar.com\/avatar\/49d2f9e46271bb04e19cebfaf141313a?s=96&d=blank&r=g","contentUrl":"https:\/\/secure.gravatar.com\/avatar\/49d2f9e46271bb04e19cebfaf141313a?s=96&d=blank&r=g","caption":"Staff"}}]}},"_links":{"self":[{"href":"https:\/\/arteeluoghi.it\/index.php\/wp-json\/wp\/v2\/posts\/701"}],"collection":[{"href":"https:\/\/arteeluoghi.it\/index.php\/wp-json\/wp\/v2\/posts"}],"about":[{"href":"https:\/\/arteeluoghi.it\/index.php\/wp-json\/wp\/v2\/types\/post"}],"author":[{"embeddable":true,"href":"https:\/\/arteeluoghi.it\/index.php\/wp-json\/wp\/v2\/users\/1"}],"replies":[{"embeddable":true,"href":"https:\/\/arteeluoghi.it\/index.php\/wp-json\/wp\/v2\/comments?post=701"}],"version-history":[{"count":0,"href":"https:\/\/arteeluoghi.it\/index.php\/wp-json\/wp\/v2\/posts\/701\/revisions"}],"wp:attachment":[{"href":"https:\/\/arteeluoghi.it\/index.php\/wp-json\/wp\/v2\/media?parent=701"}],"wp:term":[{"taxonomy":"category","embeddable":true,"href":"https:\/\/arteeluoghi.it\/index.php\/wp-json\/wp\/v2\/categories?post=701"},{"taxonomy":"post_tag","embeddable":true,"href":"https:\/\/arteeluoghi.it\/index.php\/wp-json\/wp\/v2\/tags?post=701"}],"curies":[{"name":"wp","href":"https:\/\/api.w.org\/{rel}","templated":true}]}}