{"id":7083,"date":"2019-11-06T00:38:59","date_gmt":"2019-11-05T23:38:59","guid":{"rendered":"https:\/\/arteeluoghi.it\/?p=7083"},"modified":"2019-11-06T00:38:59","modified_gmt":"2019-11-05T23:38:59","slug":"diario-di-una-piccola-vrenzola-di-sofia-de-curtis-presentazione-al-teatro-bellini","status":"publish","type":"post","link":"https:\/\/arteeluoghi.it\/index.php\/2019\/11\/06\/diario-di-una-piccola-vrenzola-di-sofia-de-curtis-presentazione-al-teatro-bellini\/","title":{"rendered":"Diario di una piccola vrenzola di Sofia De Curtis. Presentazione al Teatro Bellini"},"content":{"rendered":"<p><img loading=\"lazy\" class=\"alignleft wp-image-7084 size-thumbnail\" src=\"https:\/\/arteeluoghi.it\/wp-content\/uploads\/2019\/11\/Diario-di-una-piccola-vrenzola-150x150.jpg\" alt=\"\" width=\"150\" height=\"150\" \/>NAPOLI. Anteprima nazionale per\u00a0\u201cDiario di una piccola vrenzola\u201d di <strong>Sofia de Curtis <\/strong>mercoled\u00ec 6 novembre, ore 18, nel foyer del Teatro Bellini (via Conte di Ruvo, 14 &#8211; Napoli). La presentazione organizzata da\u00a0Homo Scrivens, in collaborazione con lo spazio libri Laterzagor\u00e0, vedr\u00e0 dialogare l&#8217;autrice con gli scrittori Pino Imperatore ed Edgardo Bellini. Moderer\u00e0 l&#8217;incontro Paquito Catanzaro mentre le letture saranno a cura di Sara Bucataru.<\/p>\n<p>Protagonista del libro \u00e8\u00a0Ilary Caccavella, \u201cvrenzola\u201d quattordicenne napoletana, che vive in un quartiere popolare la sua vita da adolescente, fatta di primi amori travagliati, uscite con le amiche e le immancabili discussioni in famiglia.<!--more--><\/p>\n<p>Ilary, per\u00f2, \u00e8 una vrenzola atipica, perch\u00e9 ne utilizza il linguaggio, ma allo stesso tempo non vuole omologarsi alle sue coetanee, decisa a costruirsi un futuro andando all\u2019Istituto \u201cAbbegghiero\u201d per coronare il sogno di diventare una \u201cMasta Scef\u201d. In un diario segreto confida le proprie emozioni, una vera e propria cura dall\u2019effetto catartico, o come dice lei, dall\u2019\u201ceffetto catarro\u201d.<\/p>\n<p><strong>Sofia De Curtis<\/strong>, nella vita Sabrina Cozzolino (Napoli 1970), insegnante prima di scuola dell\u2019infanzia, poi alla primaria, ha collaborato con <em>Il Tempo<\/em>, <em>Il Giornale di Napoli<\/em>, <em>Napolipi\u00f9<\/em>, e scrive per il quotidiano online <em>Identit\u00e0 Insorgenti<\/em>. Il racconto umoristico inedito <em>Il diario di una piccola vrenzola<\/em> ha avuto la Menzione Speciale del \u201cPremio Massimo Troisi\u201d 2018.<\/p>\n<p>Attraverso la Pagina Facebook \u201cDiario di una piccola vrenzola\u201d \u00e8 stata lanciata una campagna, rivolta ai lettori,\u00a0 per trovare ragazze desiderose di cimentarsi nella lettura di un brano del libro e, per una sera, calarsi nei panni della \u201cvrenzola\u201d per dar vita alle pagine della storia durante la prima presentazione.Il Concorso \u00e8 stato vinto dalla giovane attrice napoletana Federica Pirone che durante la presentazione \u201creciter\u00e0\u201d alcuni brani del libro.<\/p>\n<p><em>\u00abPrima di leggere questo libro\u00a0 &#8211;<\/em> anticipa lo scrittore Pino Imperatore &#8211;<em> procuratevi un vocabolario di Vrenzolese, la lingua pi\u00f9 comica del mondo, e mettetevi comodi: Ilary Caccavella vi far\u00e0 schiattare dalle risate. Dalla prima all\u2019ultima pagina\u00bb.<\/em><\/p>\n<p><em>\u00a0<\/em><\/p>\n<p><strong>\u00a0<\/strong><\/p>\n<p><b>\u00a0<\/b><\/p>\n","protected":false},"excerpt":{"rendered":"<p>NAPOLI. Anteprima nazionale per\u00a0\u201cDiario di una piccola vrenzola\u201d di Sofia de Curtis mercoled\u00ec 6 novembre, ore 18, nel foyer del<\/p>\n","protected":false},"author":1,"featured_media":7084,"comment_status":"open","ping_status":"open","sticky":true,"template":"","format":"standard","meta":[],"categories":[17],"tags":[781,1797,1798,1796,1799],"yoast_head":"<!-- This site is optimized with the Yoast SEO plugin v18.0 - https:\/\/yoast.com\/wordpress\/plugins\/seo\/ -->\n<title>Diario di una piccola vrenzola di Sofia De Curtis. Presentazione al Teatro Bellini | Arte e Luoghi<\/title>\n<meta name=\"description\" content=\"Anteprima nazionale per\u00a0\u201cDiario di una piccola vrenzola\u201d di Sofia de Curtis mercoled\u00ec 6 novembre, ore 18, nel foyer del Teatro Bellini\" \/>\n<meta name=\"robots\" content=\"index, follow, max-snippet:-1, max-image-preview:large, max-video-preview:-1\" \/>\n<link rel=\"canonical\" href=\"https:\/\/arteeluoghi.it\/index.php\/2019\/11\/06\/diario-di-una-piccola-vrenzola-di-sofia-de-curtis-presentazione-al-teatro-bellini\/\" \/>\n<meta property=\"og:locale\" content=\"it_IT\" \/>\n<meta property=\"og:type\" content=\"article\" \/>\n<meta property=\"og:title\" content=\"Diario di una piccola vrenzola di Sofia De Curtis. Presentazione al Teatro Bellini | Arte e Luoghi\" \/>\n<meta property=\"og:description\" content=\"Anteprima nazionale per\u00a0\u201cDiario di una piccola vrenzola\u201d di Sofia de Curtis mercoled\u00ec 6 novembre, ore 18, nel foyer del Teatro Bellini\" \/>\n<meta property=\"og:url\" content=\"https:\/\/arteeluoghi.it\/index.php\/2019\/11\/06\/diario-di-una-piccola-vrenzola-di-sofia-de-curtis-presentazione-al-teatro-bellini\/\" \/>\n<meta property=\"og:site_name\" content=\"Arte e Luoghi\" \/>\n<meta property=\"article:publisher\" content=\"https:\/\/www.facebook.com\/ArteELuoghi\/\" \/>\n<meta property=\"article:published_time\" content=\"2019-11-05T23:38:59+00:00\" \/>\n<meta property=\"og:image\" content=\"https:\/\/arteeluoghi.it\/wp-content\/uploads\/2019\/11\/Diario-di-una-piccola-vrenzola.jpg\" \/>\n\t<meta property=\"og:image:width\" content=\"341\" \/>\n\t<meta property=\"og:image:height\" content=\"499\" \/>\n\t<meta property=\"og:image:type\" content=\"image\/jpeg\" \/>\n<meta name=\"twitter:card\" content=\"summary\" \/>\n<meta name=\"twitter:creator\" content=\"@arteeluoghi\" \/>\n<meta name=\"twitter:site\" content=\"@arteeluoghi\" \/>\n<meta name=\"twitter:label1\" content=\"Scritto da\" \/>\n\t<meta name=\"twitter:data1\" content=\"Staff\" \/>\n\t<meta name=\"twitter:label2\" content=\"Tempo di lettura stimato\" \/>\n\t<meta name=\"twitter:data2\" content=\"2 minuti\" \/>\n<script type=\"application\/ld+json\" class=\"yoast-schema-graph\">{\"@context\":\"https:\/\/schema.org\",\"@graph\":[{\"@type\":\"Organization\",\"@id\":\"https:\/\/arteeluoghi.it\/#organization\",\"name\":\"Arte e Luoghi\",\"url\":\"https:\/\/arteeluoghi.it\/\",\"sameAs\":[\"https:\/\/www.facebook.com\/ArteELuoghi\/\",\"https:\/\/www.instagram.com\/arteeluoghi\/?hl=it\",\"https:\/\/www.youtube.com\/channel\/UCuRVc4JW4-C5sg9rQB-srkw?view_as=subscriber\",\"https:\/\/twitter.com\/arteeluoghi\"],\"logo\":{\"@type\":\"ImageObject\",\"@id\":\"https:\/\/arteeluoghi.it\/#logo\",\"inLanguage\":\"it-IT\",\"url\":\"https:\/\/arteeluoghi.it\/wp-content\/uploads\/2018\/08\/logoinstagramarte.jpg\",\"contentUrl\":\"https:\/\/arteeluoghi.it\/wp-content\/uploads\/2018\/08\/logoinstagramarte.jpg\",\"width\":150,\"height\":150,\"caption\":\"Arte e Luoghi\"},\"image\":{\"@id\":\"https:\/\/arteeluoghi.it\/#logo\"}},{\"@type\":\"WebSite\",\"@id\":\"https:\/\/arteeluoghi.it\/#website\",\"url\":\"https:\/\/arteeluoghi.it\/\",\"name\":\"Arte e Luoghi\",\"description\":\"Mensile di arte, cultura, turismo e curiosit\u00e0\",\"publisher\":{\"@id\":\"https:\/\/arteeluoghi.it\/#organization\"},\"potentialAction\":[{\"@type\":\"SearchAction\",\"target\":{\"@type\":\"EntryPoint\",\"urlTemplate\":\"https:\/\/arteeluoghi.it\/?s={search_term_string}\"},\"query-input\":\"required name=search_term_string\"}],\"inLanguage\":\"it-IT\"},{\"@type\":\"ImageObject\",\"@id\":\"https:\/\/arteeluoghi.it\/index.php\/2019\/11\/06\/diario-di-una-piccola-vrenzola-di-sofia-de-curtis-presentazione-al-teatro-bellini\/#primaryimage\",\"inLanguage\":\"it-IT\",\"url\":\"https:\/\/arteeluoghi.it\/wp-content\/uploads\/2019\/11\/Diario-di-una-piccola-vrenzola.jpg\",\"contentUrl\":\"https:\/\/arteeluoghi.it\/wp-content\/uploads\/2019\/11\/Diario-di-una-piccola-vrenzola.jpg\",\"width\":341,\"height\":499},{\"@type\":\"WebPage\",\"@id\":\"https:\/\/arteeluoghi.it\/index.php\/2019\/11\/06\/diario-di-una-piccola-vrenzola-di-sofia-de-curtis-presentazione-al-teatro-bellini\/#webpage\",\"url\":\"https:\/\/arteeluoghi.it\/index.php\/2019\/11\/06\/diario-di-una-piccola-vrenzola-di-sofia-de-curtis-presentazione-al-teatro-bellini\/\",\"name\":\"Diario di una piccola vrenzola di Sofia De Curtis. Presentazione al Teatro Bellini | Arte e Luoghi\",\"isPartOf\":{\"@id\":\"https:\/\/arteeluoghi.it\/#website\"},\"primaryImageOfPage\":{\"@id\":\"https:\/\/arteeluoghi.it\/index.php\/2019\/11\/06\/diario-di-una-piccola-vrenzola-di-sofia-de-curtis-presentazione-al-teatro-bellini\/#primaryimage\"},\"datePublished\":\"2019-11-05T23:38:59+00:00\",\"dateModified\":\"2019-11-05T23:38:59+00:00\",\"description\":\"Anteprima nazionale per\u00a0\u201cDiario di una piccola vrenzola\u201d di Sofia de Curtis mercoled\u00ec 6 novembre, ore 18, nel foyer del Teatro Bellini\",\"breadcrumb\":{\"@id\":\"https:\/\/arteeluoghi.it\/index.php\/2019\/11\/06\/diario-di-una-piccola-vrenzola-di-sofia-de-curtis-presentazione-al-teatro-bellini\/#breadcrumb\"},\"inLanguage\":\"it-IT\",\"potentialAction\":[{\"@type\":\"ReadAction\",\"target\":[\"https:\/\/arteeluoghi.it\/index.php\/2019\/11\/06\/diario-di-una-piccola-vrenzola-di-sofia-de-curtis-presentazione-al-teatro-bellini\/\"]}]},{\"@type\":\"BreadcrumbList\",\"@id\":\"https:\/\/arteeluoghi.it\/index.php\/2019\/11\/06\/diario-di-una-piccola-vrenzola-di-sofia-de-curtis-presentazione-al-teatro-bellini\/#breadcrumb\",\"itemListElement\":[{\"@type\":\"ListItem\",\"position\":1,\"name\":\"Home\",\"item\":\"https:\/\/arteeluoghi.it\/\"},{\"@type\":\"ListItem\",\"position\":2,\"name\":\"Diario di una piccola vrenzola di Sofia De Curtis. Presentazione al Teatro Bellini\"}]},{\"@type\":\"Article\",\"@id\":\"https:\/\/arteeluoghi.it\/index.php\/2019\/11\/06\/diario-di-una-piccola-vrenzola-di-sofia-de-curtis-presentazione-al-teatro-bellini\/#article\",\"isPartOf\":{\"@id\":\"https:\/\/arteeluoghi.it\/index.php\/2019\/11\/06\/diario-di-una-piccola-vrenzola-di-sofia-de-curtis-presentazione-al-teatro-bellini\/#webpage\"},\"author\":{\"@id\":\"https:\/\/arteeluoghi.it\/#\/schema\/person\/f84e814e36e91e01448ee07eaadd41d4\"},\"headline\":\"Diario di una piccola vrenzola di Sofia De Curtis. Presentazione al Teatro Bellini\",\"datePublished\":\"2019-11-05T23:38:59+00:00\",\"dateModified\":\"2019-11-05T23:38:59+00:00\",\"mainEntityOfPage\":{\"@id\":\"https:\/\/arteeluoghi.it\/index.php\/2019\/11\/06\/diario-di-una-piccola-vrenzola-di-sofia-de-curtis-presentazione-al-teatro-bellini\/#webpage\"},\"wordCount\":332,\"commentCount\":0,\"publisher\":{\"@id\":\"https:\/\/arteeluoghi.it\/#organization\"},\"image\":{\"@id\":\"https:\/\/arteeluoghi.it\/index.php\/2019\/11\/06\/diario-di-una-piccola-vrenzola-di-sofia-de-curtis-presentazione-al-teatro-bellini\/#primaryimage\"},\"thumbnailUrl\":\"https:\/\/arteeluoghi.it\/wp-content\/uploads\/2019\/11\/Diario-di-una-piccola-vrenzola.jpg\",\"keywords\":[\"Biblioteca di Napoli\",\"Diario di una piccola vrenzola\",\"Pino Imperatore\",\"Sofia de Curtis\",\"Teatro Bellini\"],\"articleSection\":[\"LIBRI\"],\"inLanguage\":\"it-IT\",\"potentialAction\":[{\"@type\":\"CommentAction\",\"name\":\"Comment\",\"target\":[\"https:\/\/arteeluoghi.it\/index.php\/2019\/11\/06\/diario-di-una-piccola-vrenzola-di-sofia-de-curtis-presentazione-al-teatro-bellini\/#respond\"]}]},{\"@type\":\"Person\",\"@id\":\"https:\/\/arteeluoghi.it\/#\/schema\/person\/f84e814e36e91e01448ee07eaadd41d4\",\"name\":\"Staff\",\"image\":{\"@type\":\"ImageObject\",\"@id\":\"https:\/\/arteeluoghi.it\/#personlogo\",\"inLanguage\":\"it-IT\",\"url\":\"https:\/\/secure.gravatar.com\/avatar\/49d2f9e46271bb04e19cebfaf141313a?s=96&d=blank&r=g\",\"contentUrl\":\"https:\/\/secure.gravatar.com\/avatar\/49d2f9e46271bb04e19cebfaf141313a?s=96&d=blank&r=g\",\"caption\":\"Staff\"}}]}<\/script>\n<!-- \/ Yoast SEO plugin. -->","yoast_head_json":{"title":"Diario di una piccola vrenzola di Sofia De Curtis. Presentazione al Teatro Bellini | Arte e Luoghi","description":"Anteprima nazionale per\u00a0\u201cDiario di una piccola vrenzola\u201d di Sofia de Curtis mercoled\u00ec 6 novembre, ore 18, nel foyer del Teatro Bellini","robots":{"index":"index","follow":"follow","max-snippet":"max-snippet:-1","max-image-preview":"max-image-preview:large","max-video-preview":"max-video-preview:-1"},"canonical":"https:\/\/arteeluoghi.it\/index.php\/2019\/11\/06\/diario-di-una-piccola-vrenzola-di-sofia-de-curtis-presentazione-al-teatro-bellini\/","og_locale":"it_IT","og_type":"article","og_title":"Diario di una piccola vrenzola di Sofia De Curtis. Presentazione al Teatro Bellini | Arte e Luoghi","og_description":"Anteprima nazionale per\u00a0\u201cDiario di una piccola vrenzola\u201d di Sofia de Curtis mercoled\u00ec 6 novembre, ore 18, nel foyer del Teatro Bellini","og_url":"https:\/\/arteeluoghi.it\/index.php\/2019\/11\/06\/diario-di-una-piccola-vrenzola-di-sofia-de-curtis-presentazione-al-teatro-bellini\/","og_site_name":"Arte e Luoghi","article_publisher":"https:\/\/www.facebook.com\/ArteELuoghi\/","article_published_time":"2019-11-05T23:38:59+00:00","og_image":[{"width":341,"height":499,"url":"https:\/\/arteeluoghi.it\/wp-content\/uploads\/2019\/11\/Diario-di-una-piccola-vrenzola.jpg","type":"image\/jpeg"}],"twitter_card":"summary","twitter_creator":"@arteeluoghi","twitter_site":"@arteeluoghi","twitter_misc":{"Scritto da":"Staff","Tempo di lettura stimato":"2 minuti"},"schema":{"@context":"https:\/\/schema.org","@graph":[{"@type":"Organization","@id":"https:\/\/arteeluoghi.it\/#organization","name":"Arte e Luoghi","url":"https:\/\/arteeluoghi.it\/","sameAs":["https:\/\/www.facebook.com\/ArteELuoghi\/","https:\/\/www.instagram.com\/arteeluoghi\/?hl=it","https:\/\/www.youtube.com\/channel\/UCuRVc4JW4-C5sg9rQB-srkw?view_as=subscriber","https:\/\/twitter.com\/arteeluoghi"],"logo":{"@type":"ImageObject","@id":"https:\/\/arteeluoghi.it\/#logo","inLanguage":"it-IT","url":"https:\/\/arteeluoghi.it\/wp-content\/uploads\/2018\/08\/logoinstagramarte.jpg","contentUrl":"https:\/\/arteeluoghi.it\/wp-content\/uploads\/2018\/08\/logoinstagramarte.jpg","width":150,"height":150,"caption":"Arte e Luoghi"},"image":{"@id":"https:\/\/arteeluoghi.it\/#logo"}},{"@type":"WebSite","@id":"https:\/\/arteeluoghi.it\/#website","url":"https:\/\/arteeluoghi.it\/","name":"Arte e Luoghi","description":"Mensile di arte, cultura, turismo e curiosit\u00e0","publisher":{"@id":"https:\/\/arteeluoghi.it\/#organization"},"potentialAction":[{"@type":"SearchAction","target":{"@type":"EntryPoint","urlTemplate":"https:\/\/arteeluoghi.it\/?s={search_term_string}"},"query-input":"required name=search_term_string"}],"inLanguage":"it-IT"},{"@type":"ImageObject","@id":"https:\/\/arteeluoghi.it\/index.php\/2019\/11\/06\/diario-di-una-piccola-vrenzola-di-sofia-de-curtis-presentazione-al-teatro-bellini\/#primaryimage","inLanguage":"it-IT","url":"https:\/\/arteeluoghi.it\/wp-content\/uploads\/2019\/11\/Diario-di-una-piccola-vrenzola.jpg","contentUrl":"https:\/\/arteeluoghi.it\/wp-content\/uploads\/2019\/11\/Diario-di-una-piccola-vrenzola.jpg","width":341,"height":499},{"@type":"WebPage","@id":"https:\/\/arteeluoghi.it\/index.php\/2019\/11\/06\/diario-di-una-piccola-vrenzola-di-sofia-de-curtis-presentazione-al-teatro-bellini\/#webpage","url":"https:\/\/arteeluoghi.it\/index.php\/2019\/11\/06\/diario-di-una-piccola-vrenzola-di-sofia-de-curtis-presentazione-al-teatro-bellini\/","name":"Diario di una piccola vrenzola di Sofia De Curtis. Presentazione al Teatro Bellini | Arte e Luoghi","isPartOf":{"@id":"https:\/\/arteeluoghi.it\/#website"},"primaryImageOfPage":{"@id":"https:\/\/arteeluoghi.it\/index.php\/2019\/11\/06\/diario-di-una-piccola-vrenzola-di-sofia-de-curtis-presentazione-al-teatro-bellini\/#primaryimage"},"datePublished":"2019-11-05T23:38:59+00:00","dateModified":"2019-11-05T23:38:59+00:00","description":"Anteprima nazionale per\u00a0\u201cDiario di una piccola vrenzola\u201d di Sofia de Curtis mercoled\u00ec 6 novembre, ore 18, nel foyer del Teatro Bellini","breadcrumb":{"@id":"https:\/\/arteeluoghi.it\/index.php\/2019\/11\/06\/diario-di-una-piccola-vrenzola-di-sofia-de-curtis-presentazione-al-teatro-bellini\/#breadcrumb"},"inLanguage":"it-IT","potentialAction":[{"@type":"ReadAction","target":["https:\/\/arteeluoghi.it\/index.php\/2019\/11\/06\/diario-di-una-piccola-vrenzola-di-sofia-de-curtis-presentazione-al-teatro-bellini\/"]}]},{"@type":"BreadcrumbList","@id":"https:\/\/arteeluoghi.it\/index.php\/2019\/11\/06\/diario-di-una-piccola-vrenzola-di-sofia-de-curtis-presentazione-al-teatro-bellini\/#breadcrumb","itemListElement":[{"@type":"ListItem","position":1,"name":"Home","item":"https:\/\/arteeluoghi.it\/"},{"@type":"ListItem","position":2,"name":"Diario di una piccola vrenzola di Sofia De Curtis. Presentazione al Teatro Bellini"}]},{"@type":"Article","@id":"https:\/\/arteeluoghi.it\/index.php\/2019\/11\/06\/diario-di-una-piccola-vrenzola-di-sofia-de-curtis-presentazione-al-teatro-bellini\/#article","isPartOf":{"@id":"https:\/\/arteeluoghi.it\/index.php\/2019\/11\/06\/diario-di-una-piccola-vrenzola-di-sofia-de-curtis-presentazione-al-teatro-bellini\/#webpage"},"author":{"@id":"https:\/\/arteeluoghi.it\/#\/schema\/person\/f84e814e36e91e01448ee07eaadd41d4"},"headline":"Diario di una piccola vrenzola di Sofia De Curtis. Presentazione al Teatro Bellini","datePublished":"2019-11-05T23:38:59+00:00","dateModified":"2019-11-05T23:38:59+00:00","mainEntityOfPage":{"@id":"https:\/\/arteeluoghi.it\/index.php\/2019\/11\/06\/diario-di-una-piccola-vrenzola-di-sofia-de-curtis-presentazione-al-teatro-bellini\/#webpage"},"wordCount":332,"commentCount":0,"publisher":{"@id":"https:\/\/arteeluoghi.it\/#organization"},"image":{"@id":"https:\/\/arteeluoghi.it\/index.php\/2019\/11\/06\/diario-di-una-piccola-vrenzola-di-sofia-de-curtis-presentazione-al-teatro-bellini\/#primaryimage"},"thumbnailUrl":"https:\/\/arteeluoghi.it\/wp-content\/uploads\/2019\/11\/Diario-di-una-piccola-vrenzola.jpg","keywords":["Biblioteca di Napoli","Diario di una piccola vrenzola","Pino Imperatore","Sofia de Curtis","Teatro Bellini"],"articleSection":["LIBRI"],"inLanguage":"it-IT","potentialAction":[{"@type":"CommentAction","name":"Comment","target":["https:\/\/arteeluoghi.it\/index.php\/2019\/11\/06\/diario-di-una-piccola-vrenzola-di-sofia-de-curtis-presentazione-al-teatro-bellini\/#respond"]}]},{"@type":"Person","@id":"https:\/\/arteeluoghi.it\/#\/schema\/person\/f84e814e36e91e01448ee07eaadd41d4","name":"Staff","image":{"@type":"ImageObject","@id":"https:\/\/arteeluoghi.it\/#personlogo","inLanguage":"it-IT","url":"https:\/\/secure.gravatar.com\/avatar\/49d2f9e46271bb04e19cebfaf141313a?s=96&d=blank&r=g","contentUrl":"https:\/\/secure.gravatar.com\/avatar\/49d2f9e46271bb04e19cebfaf141313a?s=96&d=blank&r=g","caption":"Staff"}}]}},"_links":{"self":[{"href":"https:\/\/arteeluoghi.it\/index.php\/wp-json\/wp\/v2\/posts\/7083"}],"collection":[{"href":"https:\/\/arteeluoghi.it\/index.php\/wp-json\/wp\/v2\/posts"}],"about":[{"href":"https:\/\/arteeluoghi.it\/index.php\/wp-json\/wp\/v2\/types\/post"}],"author":[{"embeddable":true,"href":"https:\/\/arteeluoghi.it\/index.php\/wp-json\/wp\/v2\/users\/1"}],"replies":[{"embeddable":true,"href":"https:\/\/arteeluoghi.it\/index.php\/wp-json\/wp\/v2\/comments?post=7083"}],"version-history":[{"count":1,"href":"https:\/\/arteeluoghi.it\/index.php\/wp-json\/wp\/v2\/posts\/7083\/revisions"}],"predecessor-version":[{"id":7085,"href":"https:\/\/arteeluoghi.it\/index.php\/wp-json\/wp\/v2\/posts\/7083\/revisions\/7085"}],"wp:featuredmedia":[{"embeddable":true,"href":"https:\/\/arteeluoghi.it\/index.php\/wp-json\/wp\/v2\/media\/7084"}],"wp:attachment":[{"href":"https:\/\/arteeluoghi.it\/index.php\/wp-json\/wp\/v2\/media?parent=7083"}],"wp:term":[{"taxonomy":"category","embeddable":true,"href":"https:\/\/arteeluoghi.it\/index.php\/wp-json\/wp\/v2\/categories?post=7083"},{"taxonomy":"post_tag","embeddable":true,"href":"https:\/\/arteeluoghi.it\/index.php\/wp-json\/wp\/v2\/tags?post=7083"}],"curies":[{"name":"wp","href":"https:\/\/api.w.org\/{rel}","templated":true}]}}