{"id":7133,"date":"2019-11-26T21:57:40","date_gmt":"2019-11-26T20:57:40","guid":{"rendered":"https:\/\/arteeluoghi.it\/?p=7133"},"modified":"2019-11-26T23:03:07","modified_gmt":"2019-11-26T22:03:07","slug":"leccearredo","status":"publish","type":"post","link":"https:\/\/arteeluoghi.it\/index.php\/2019\/11\/26\/leccearredo\/","title":{"rendered":"LecceArredo"},"content":{"rendered":"\n<p>L&#8217;abitazione si declina in arredo, architettura d&#8217;interni, design, progettazione, impiantistica, sicurezza, sistemi di illuminazione, tessile, rivestimenti, pavimenti, infissi e&nbsp;da quest&#8217;anno si fa in due&nbsp;per la 29esima edizione di LecceArredo.<\/p>\n\n\n\n<!--more-->\n\n\n\n<p>Il Salone Nazionale dell&#8217;Arredamento promosso dalla EmmePlus di Maurizio e Mauro Nardelli ritorna a scaldare l&#8217;inverno leccese con la grande novit\u00e0 che consiste in un doppio fine settimana per visitare l&#8217;esposizione presso Lecce Fiere.<\/p>\n\n\n\n<figure class=\"wp-block-image\"><img loading=\"lazy\" width=\"960\" height=\"480\" src=\"https:\/\/arteeluoghi.it\/wp-content\/uploads\/2019\/11\/Copertina-fb.jpg\" alt=\"\" class=\"wp-image-7136\" srcset=\"https:\/\/arteeluoghi.it\/wp-content\/uploads\/2019\/11\/Copertina-fb.jpg 960w, https:\/\/arteeluoghi.it\/wp-content\/uploads\/2019\/11\/Copertina-fb-300x150.jpg 300w, https:\/\/arteeluoghi.it\/wp-content\/uploads\/2019\/11\/Copertina-fb-768x384.jpg 768w\" sizes=\"(max-width: 960px) 100vw, 960px\" \/><\/figure>\n\n\n\n<p>Dal 29 al 1\u00b0 dicembre e dal 6 all&#8217;8 dicembre, LecceArredo si propone ancora una volta come una vetrina prestigiosa per le aziende del territorio e non, produttori, rivenditori e designer, e come un vero e proprio punto di riferimento&nbsp;per chi vuole arredare la propria casa&nbsp;seguendo&nbsp;le ultime tendenze e scoprendo le anticipazioni del settore.<\/p>\n\n\n\n<p>L&#8217;evento fieristico diventa ancor pi\u00f9 di richiamo con l&#8217;aggiunta di due giorni e ben 150 aziende che esporranno le proprie novit\u00e0 e innovazioni al suo interno con la sorpresa della prima edizione di &#8220;Salento Cucine&#8221;,&nbsp;uno spazio interamente dedicato al mondo cucina con i marchi pi\u00f9 importanti e i modelli di punta.<\/p>\n\n\n\n<p>Anche quest&#8217;anno si potr\u00e0 scaricare dal sito&nbsp;<a href=\"http:\/\/www.leccearredo.it\/\" target=\"_blank\" rel=\"noreferrer noopener\">www.leccearredo.it<\/a>&nbsp;il biglietto omaggio valido per i primi due venerd\u00ec, il 29 novembre e il 6 dicembre, che avr\u00e0 validit\u00e0 di ingresso ridotto per le restanti giornate.<\/p>\n\n\n\n<p>Nel corso dei due fine settimana, poi,&nbsp;all&#8217;interno dello spazio espositivo, si terranno eventi formativi e informativi rivolti ai professionisti e aperti al pubblico,&nbsp;ma anche momenti di intrattenimento e svago.<br>LecceArredo si presenta anche quest&#8217;anno, ad un anno dalla cifra tonda, come un evento di inconfondibile qualit\u00e0, maturato nel tempo di edizione in edizione e cresciuto al fianco di aziende dall&#8217;indiscutibile valore e anche quest&#8217;anno punta all&#8217;eccellenza per dare al territorio una manifestazione di alto livello.<\/p>\n\n\n\n<p>LecceArredo vi aspetta dal 29 novembre al 1\u00b0 dicembre e dal 6 dicembre all&#8217;8 dicembre.  (fonte: comunicato stampa)<\/p>\n\n\n\n<p>Di seguito gli orari di apertura:<br><\/p>\n\n\n\n<p><em>Venerdi 29 Novembre dalle 16:00 alle 21:00<\/em><\/p>\n\n\n\n<p><em>Sabato 30 Novembre dalle 16:00 alle 21:00<\/em><\/p>\n\n\n\n<p><em>Domenica 1 Dicembre dalle 10:00 alle 13:00 e dalle 16:00 alle 21:00<\/em><\/p>\n\n\n\n<p><em>Venerdi 6 Dicembre dalle 16:00 alle 21:00<\/em><\/p>\n\n\n\n<p><em>Sabato 7 Dicembre dalle 16:00 alle 21:00<\/em><\/p>\n\n\n\n<p><em>Domenica 8 Dicembre dalle 10:00 alle 13:00 e dalle 16:00 alle 21:00<\/em><\/p>\n","protected":false},"excerpt":{"rendered":"<p>LecceArredo il salone per produttori, rivenditori e design per la casa<\/p>\n","protected":false},"author":1,"featured_media":7134,"comment_status":"open","ping_status":"open","sticky":false,"template":"","format":"standard","meta":[],"categories":[28],"tags":[1302,1582,1824],"yoast_head":"<!-- This site is optimized with the Yoast SEO plugin v18.0 - https:\/\/yoast.com\/wordpress\/plugins\/seo\/ -->\n<title>LecceArredo | Arte e Luoghi<\/title>\n<meta name=\"description\" content=\"Dal 29 al 1\u00b0 dicembre e dal 6 all&#039;8 dicembre, LecceArredo si propone ancora una volta come una vetrina prestigiosa per le aziende del territorio e non, produttori, rivenditori e designer, e come un vero e proprio punto di riferimento per chi vuole arredare la propria casa eguendo le ultime tendenze e scoprendo le anticipazioni del settore. #LecceArredo\" \/>\n<meta name=\"robots\" content=\"index, follow, max-snippet:-1, max-image-preview:large, max-video-preview:-1\" \/>\n<link rel=\"canonical\" href=\"https:\/\/arteeluoghi.it\/index.php\/2019\/11\/26\/leccearredo\/\" \/>\n<meta property=\"og:locale\" content=\"it_IT\" \/>\n<meta property=\"og:type\" content=\"article\" \/>\n<meta property=\"og:title\" content=\"LecceArredo | Arte e Luoghi\" \/>\n<meta property=\"og:description\" content=\"Dal 29 al 1\u00b0 dicembre e dal 6 all&#039;8 dicembre, LecceArredo si propone ancora una volta come una vetrina prestigiosa per le aziende del territorio e non, produttori, rivenditori e designer, e come un vero e proprio punto di riferimento per chi vuole arredare la propria casa eguendo le ultime tendenze e scoprendo le anticipazioni del settore. #LecceArredo\" \/>\n<meta property=\"og:url\" content=\"https:\/\/arteeluoghi.it\/index.php\/2019\/11\/26\/leccearredo\/\" \/>\n<meta property=\"og:site_name\" content=\"Arte e Luoghi\" \/>\n<meta property=\"article:publisher\" content=\"https:\/\/www.facebook.com\/ArteELuoghi\/\" \/>\n<meta property=\"article:published_time\" content=\"2019-11-26T20:57:40+00:00\" \/>\n<meta property=\"article:modified_time\" content=\"2019-11-26T22:03:07+00:00\" \/>\n<meta property=\"og:image\" content=\"https:\/\/arteeluoghi.it\/wp-content\/uploads\/2019\/11\/lecce-arredo_167.jpg\" \/>\n\t<meta property=\"og:image:width\" content=\"1500\" \/>\n\t<meta property=\"og:image:height\" content=\"1000\" \/>\n\t<meta property=\"og:image:type\" content=\"image\/jpeg\" \/>\n<meta name=\"twitter:card\" content=\"summary\" \/>\n<meta name=\"twitter:creator\" content=\"@arteeluoghi\" \/>\n<meta name=\"twitter:site\" content=\"@arteeluoghi\" \/>\n<meta name=\"twitter:label1\" content=\"Scritto da\" \/>\n\t<meta name=\"twitter:data1\" content=\"Staff\" \/>\n\t<meta name=\"twitter:label2\" content=\"Tempo di lettura stimato\" \/>\n\t<meta name=\"twitter:data2\" content=\"2 minuti\" \/>\n<script type=\"application\/ld+json\" class=\"yoast-schema-graph\">{\"@context\":\"https:\/\/schema.org\",\"@graph\":[{\"@type\":\"Organization\",\"@id\":\"https:\/\/arteeluoghi.it\/#organization\",\"name\":\"Arte e Luoghi\",\"url\":\"https:\/\/arteeluoghi.it\/\",\"sameAs\":[\"https:\/\/www.facebook.com\/ArteELuoghi\/\",\"https:\/\/www.instagram.com\/arteeluoghi\/?hl=it\",\"https:\/\/www.youtube.com\/channel\/UCuRVc4JW4-C5sg9rQB-srkw?view_as=subscriber\",\"https:\/\/twitter.com\/arteeluoghi\"],\"logo\":{\"@type\":\"ImageObject\",\"@id\":\"https:\/\/arteeluoghi.it\/#logo\",\"inLanguage\":\"it-IT\",\"url\":\"https:\/\/arteeluoghi.it\/wp-content\/uploads\/2018\/08\/logoinstagramarte.jpg\",\"contentUrl\":\"https:\/\/arteeluoghi.it\/wp-content\/uploads\/2018\/08\/logoinstagramarte.jpg\",\"width\":150,\"height\":150,\"caption\":\"Arte e Luoghi\"},\"image\":{\"@id\":\"https:\/\/arteeluoghi.it\/#logo\"}},{\"@type\":\"WebSite\",\"@id\":\"https:\/\/arteeluoghi.it\/#website\",\"url\":\"https:\/\/arteeluoghi.it\/\",\"name\":\"Arte e Luoghi\",\"description\":\"Mensile di arte, cultura, turismo e curiosit\u00e0\",\"publisher\":{\"@id\":\"https:\/\/arteeluoghi.it\/#organization\"},\"potentialAction\":[{\"@type\":\"SearchAction\",\"target\":{\"@type\":\"EntryPoint\",\"urlTemplate\":\"https:\/\/arteeluoghi.it\/?s={search_term_string}\"},\"query-input\":\"required name=search_term_string\"}],\"inLanguage\":\"it-IT\"},{\"@type\":\"ImageObject\",\"@id\":\"https:\/\/arteeluoghi.it\/index.php\/2019\/11\/26\/leccearredo\/#primaryimage\",\"inLanguage\":\"it-IT\",\"url\":\"https:\/\/arteeluoghi.it\/wp-content\/uploads\/2019\/11\/lecce-arredo_167.jpg\",\"contentUrl\":\"https:\/\/arteeluoghi.it\/wp-content\/uploads\/2019\/11\/lecce-arredo_167.jpg\",\"width\":1500,\"height\":1000},{\"@type\":\"WebPage\",\"@id\":\"https:\/\/arteeluoghi.it\/index.php\/2019\/11\/26\/leccearredo\/#webpage\",\"url\":\"https:\/\/arteeluoghi.it\/index.php\/2019\/11\/26\/leccearredo\/\",\"name\":\"LecceArredo | Arte e Luoghi\",\"isPartOf\":{\"@id\":\"https:\/\/arteeluoghi.it\/#website\"},\"primaryImageOfPage\":{\"@id\":\"https:\/\/arteeluoghi.it\/index.php\/2019\/11\/26\/leccearredo\/#primaryimage\"},\"datePublished\":\"2019-11-26T20:57:40+00:00\",\"dateModified\":\"2019-11-26T22:03:07+00:00\",\"description\":\"Dal 29 al 1\u00b0 dicembre e dal 6 all'8 dicembre, LecceArredo si propone ancora una volta come una vetrina prestigiosa per le aziende del territorio e non, produttori, rivenditori e designer, e come un vero e proprio punto di riferimento per chi vuole arredare la propria casa eguendo le ultime tendenze e scoprendo le anticipazioni del settore. #LecceArredo\",\"breadcrumb\":{\"@id\":\"https:\/\/arteeluoghi.it\/index.php\/2019\/11\/26\/leccearredo\/#breadcrumb\"},\"inLanguage\":\"it-IT\",\"potentialAction\":[{\"@type\":\"ReadAction\",\"target\":[\"https:\/\/arteeluoghi.it\/index.php\/2019\/11\/26\/leccearredo\/\"]}]},{\"@type\":\"BreadcrumbList\",\"@id\":\"https:\/\/arteeluoghi.it\/index.php\/2019\/11\/26\/leccearredo\/#breadcrumb\",\"itemListElement\":[{\"@type\":\"ListItem\",\"position\":1,\"name\":\"Home\",\"item\":\"https:\/\/arteeluoghi.it\/\"},{\"@type\":\"ListItem\",\"position\":2,\"name\":\"LecceArredo\"}]},{\"@type\":\"Article\",\"@id\":\"https:\/\/arteeluoghi.it\/index.php\/2019\/11\/26\/leccearredo\/#article\",\"isPartOf\":{\"@id\":\"https:\/\/arteeluoghi.it\/index.php\/2019\/11\/26\/leccearredo\/#webpage\"},\"author\":{\"@id\":\"https:\/\/arteeluoghi.it\/#\/schema\/person\/f84e814e36e91e01448ee07eaadd41d4\"},\"headline\":\"LecceArredo\",\"datePublished\":\"2019-11-26T20:57:40+00:00\",\"dateModified\":\"2019-11-26T22:03:07+00:00\",\"mainEntityOfPage\":{\"@id\":\"https:\/\/arteeluoghi.it\/index.php\/2019\/11\/26\/leccearredo\/#webpage\"},\"wordCount\":343,\"commentCount\":0,\"publisher\":{\"@id\":\"https:\/\/arteeluoghi.it\/#organization\"},\"image\":{\"@id\":\"https:\/\/arteeluoghi.it\/index.php\/2019\/11\/26\/leccearredo\/#primaryimage\"},\"thumbnailUrl\":\"https:\/\/arteeluoghi.it\/wp-content\/uploads\/2019\/11\/lecce-arredo_167.jpg\",\"keywords\":[\"casa\",\"design\",\"LecceArredo\"],\"articleSection\":[\"Notizie\"],\"inLanguage\":\"it-IT\",\"potentialAction\":[{\"@type\":\"CommentAction\",\"name\":\"Comment\",\"target\":[\"https:\/\/arteeluoghi.it\/index.php\/2019\/11\/26\/leccearredo\/#respond\"]}]},{\"@type\":\"Person\",\"@id\":\"https:\/\/arteeluoghi.it\/#\/schema\/person\/f84e814e36e91e01448ee07eaadd41d4\",\"name\":\"Staff\",\"image\":{\"@type\":\"ImageObject\",\"@id\":\"https:\/\/arteeluoghi.it\/#personlogo\",\"inLanguage\":\"it-IT\",\"url\":\"https:\/\/secure.gravatar.com\/avatar\/49d2f9e46271bb04e19cebfaf141313a?s=96&d=blank&r=g\",\"contentUrl\":\"https:\/\/secure.gravatar.com\/avatar\/49d2f9e46271bb04e19cebfaf141313a?s=96&d=blank&r=g\",\"caption\":\"Staff\"}}]}<\/script>\n<!-- \/ Yoast SEO plugin. -->","yoast_head_json":{"title":"LecceArredo | Arte e Luoghi","description":"Dal 29 al 1\u00b0 dicembre e dal 6 all'8 dicembre, LecceArredo si propone ancora una volta come una vetrina prestigiosa per le aziende del territorio e non, produttori, rivenditori e designer, e come un vero e proprio punto di riferimento per chi vuole arredare la propria casa eguendo le ultime tendenze e scoprendo le anticipazioni del settore. #LecceArredo","robots":{"index":"index","follow":"follow","max-snippet":"max-snippet:-1","max-image-preview":"max-image-preview:large","max-video-preview":"max-video-preview:-1"},"canonical":"https:\/\/arteeluoghi.it\/index.php\/2019\/11\/26\/leccearredo\/","og_locale":"it_IT","og_type":"article","og_title":"LecceArredo | Arte e Luoghi","og_description":"Dal 29 al 1\u00b0 dicembre e dal 6 all'8 dicembre, LecceArredo si propone ancora una volta come una vetrina prestigiosa per le aziende del territorio e non, produttori, rivenditori e designer, e come un vero e proprio punto di riferimento per chi vuole arredare la propria casa eguendo le ultime tendenze e scoprendo le anticipazioni del settore. #LecceArredo","og_url":"https:\/\/arteeluoghi.it\/index.php\/2019\/11\/26\/leccearredo\/","og_site_name":"Arte e Luoghi","article_publisher":"https:\/\/www.facebook.com\/ArteELuoghi\/","article_published_time":"2019-11-26T20:57:40+00:00","article_modified_time":"2019-11-26T22:03:07+00:00","og_image":[{"width":1500,"height":1000,"url":"https:\/\/arteeluoghi.it\/wp-content\/uploads\/2019\/11\/lecce-arredo_167.jpg","type":"image\/jpeg"}],"twitter_card":"summary","twitter_creator":"@arteeluoghi","twitter_site":"@arteeluoghi","twitter_misc":{"Scritto da":"Staff","Tempo di lettura stimato":"2 minuti"},"schema":{"@context":"https:\/\/schema.org","@graph":[{"@type":"Organization","@id":"https:\/\/arteeluoghi.it\/#organization","name":"Arte e Luoghi","url":"https:\/\/arteeluoghi.it\/","sameAs":["https:\/\/www.facebook.com\/ArteELuoghi\/","https:\/\/www.instagram.com\/arteeluoghi\/?hl=it","https:\/\/www.youtube.com\/channel\/UCuRVc4JW4-C5sg9rQB-srkw?view_as=subscriber","https:\/\/twitter.com\/arteeluoghi"],"logo":{"@type":"ImageObject","@id":"https:\/\/arteeluoghi.it\/#logo","inLanguage":"it-IT","url":"https:\/\/arteeluoghi.it\/wp-content\/uploads\/2018\/08\/logoinstagramarte.jpg","contentUrl":"https:\/\/arteeluoghi.it\/wp-content\/uploads\/2018\/08\/logoinstagramarte.jpg","width":150,"height":150,"caption":"Arte e Luoghi"},"image":{"@id":"https:\/\/arteeluoghi.it\/#logo"}},{"@type":"WebSite","@id":"https:\/\/arteeluoghi.it\/#website","url":"https:\/\/arteeluoghi.it\/","name":"Arte e Luoghi","description":"Mensile di arte, cultura, turismo e curiosit\u00e0","publisher":{"@id":"https:\/\/arteeluoghi.it\/#organization"},"potentialAction":[{"@type":"SearchAction","target":{"@type":"EntryPoint","urlTemplate":"https:\/\/arteeluoghi.it\/?s={search_term_string}"},"query-input":"required name=search_term_string"}],"inLanguage":"it-IT"},{"@type":"ImageObject","@id":"https:\/\/arteeluoghi.it\/index.php\/2019\/11\/26\/leccearredo\/#primaryimage","inLanguage":"it-IT","url":"https:\/\/arteeluoghi.it\/wp-content\/uploads\/2019\/11\/lecce-arredo_167.jpg","contentUrl":"https:\/\/arteeluoghi.it\/wp-content\/uploads\/2019\/11\/lecce-arredo_167.jpg","width":1500,"height":1000},{"@type":"WebPage","@id":"https:\/\/arteeluoghi.it\/index.php\/2019\/11\/26\/leccearredo\/#webpage","url":"https:\/\/arteeluoghi.it\/index.php\/2019\/11\/26\/leccearredo\/","name":"LecceArredo | Arte e Luoghi","isPartOf":{"@id":"https:\/\/arteeluoghi.it\/#website"},"primaryImageOfPage":{"@id":"https:\/\/arteeluoghi.it\/index.php\/2019\/11\/26\/leccearredo\/#primaryimage"},"datePublished":"2019-11-26T20:57:40+00:00","dateModified":"2019-11-26T22:03:07+00:00","description":"Dal 29 al 1\u00b0 dicembre e dal 6 all'8 dicembre, LecceArredo si propone ancora una volta come una vetrina prestigiosa per le aziende del territorio e non, produttori, rivenditori e designer, e come un vero e proprio punto di riferimento per chi vuole arredare la propria casa eguendo le ultime tendenze e scoprendo le anticipazioni del settore. #LecceArredo","breadcrumb":{"@id":"https:\/\/arteeluoghi.it\/index.php\/2019\/11\/26\/leccearredo\/#breadcrumb"},"inLanguage":"it-IT","potentialAction":[{"@type":"ReadAction","target":["https:\/\/arteeluoghi.it\/index.php\/2019\/11\/26\/leccearredo\/"]}]},{"@type":"BreadcrumbList","@id":"https:\/\/arteeluoghi.it\/index.php\/2019\/11\/26\/leccearredo\/#breadcrumb","itemListElement":[{"@type":"ListItem","position":1,"name":"Home","item":"https:\/\/arteeluoghi.it\/"},{"@type":"ListItem","position":2,"name":"LecceArredo"}]},{"@type":"Article","@id":"https:\/\/arteeluoghi.it\/index.php\/2019\/11\/26\/leccearredo\/#article","isPartOf":{"@id":"https:\/\/arteeluoghi.it\/index.php\/2019\/11\/26\/leccearredo\/#webpage"},"author":{"@id":"https:\/\/arteeluoghi.it\/#\/schema\/person\/f84e814e36e91e01448ee07eaadd41d4"},"headline":"LecceArredo","datePublished":"2019-11-26T20:57:40+00:00","dateModified":"2019-11-26T22:03:07+00:00","mainEntityOfPage":{"@id":"https:\/\/arteeluoghi.it\/index.php\/2019\/11\/26\/leccearredo\/#webpage"},"wordCount":343,"commentCount":0,"publisher":{"@id":"https:\/\/arteeluoghi.it\/#organization"},"image":{"@id":"https:\/\/arteeluoghi.it\/index.php\/2019\/11\/26\/leccearredo\/#primaryimage"},"thumbnailUrl":"https:\/\/arteeluoghi.it\/wp-content\/uploads\/2019\/11\/lecce-arredo_167.jpg","keywords":["casa","design","LecceArredo"],"articleSection":["Notizie"],"inLanguage":"it-IT","potentialAction":[{"@type":"CommentAction","name":"Comment","target":["https:\/\/arteeluoghi.it\/index.php\/2019\/11\/26\/leccearredo\/#respond"]}]},{"@type":"Person","@id":"https:\/\/arteeluoghi.it\/#\/schema\/person\/f84e814e36e91e01448ee07eaadd41d4","name":"Staff","image":{"@type":"ImageObject","@id":"https:\/\/arteeluoghi.it\/#personlogo","inLanguage":"it-IT","url":"https:\/\/secure.gravatar.com\/avatar\/49d2f9e46271bb04e19cebfaf141313a?s=96&d=blank&r=g","contentUrl":"https:\/\/secure.gravatar.com\/avatar\/49d2f9e46271bb04e19cebfaf141313a?s=96&d=blank&r=g","caption":"Staff"}}]}},"_links":{"self":[{"href":"https:\/\/arteeluoghi.it\/index.php\/wp-json\/wp\/v2\/posts\/7133"}],"collection":[{"href":"https:\/\/arteeluoghi.it\/index.php\/wp-json\/wp\/v2\/posts"}],"about":[{"href":"https:\/\/arteeluoghi.it\/index.php\/wp-json\/wp\/v2\/types\/post"}],"author":[{"embeddable":true,"href":"https:\/\/arteeluoghi.it\/index.php\/wp-json\/wp\/v2\/users\/1"}],"replies":[{"embeddable":true,"href":"https:\/\/arteeluoghi.it\/index.php\/wp-json\/wp\/v2\/comments?post=7133"}],"version-history":[{"count":2,"href":"https:\/\/arteeluoghi.it\/index.php\/wp-json\/wp\/v2\/posts\/7133\/revisions"}],"predecessor-version":[{"id":7137,"href":"https:\/\/arteeluoghi.it\/index.php\/wp-json\/wp\/v2\/posts\/7133\/revisions\/7137"}],"wp:featuredmedia":[{"embeddable":true,"href":"https:\/\/arteeluoghi.it\/index.php\/wp-json\/wp\/v2\/media\/7134"}],"wp:attachment":[{"href":"https:\/\/arteeluoghi.it\/index.php\/wp-json\/wp\/v2\/media?parent=7133"}],"wp:term":[{"taxonomy":"category","embeddable":true,"href":"https:\/\/arteeluoghi.it\/index.php\/wp-json\/wp\/v2\/categories?post=7133"},{"taxonomy":"post_tag","embeddable":true,"href":"https:\/\/arteeluoghi.it\/index.php\/wp-json\/wp\/v2\/tags?post=7133"}],"curies":[{"name":"wp","href":"https:\/\/api.w.org\/{rel}","templated":true}]}}