{"id":7165,"date":"2019-12-01T16:17:20","date_gmt":"2019-12-01T15:17:20","guid":{"rendered":"https:\/\/arteeluoghi.it\/?p=7165"},"modified":"2019-12-01T16:17:24","modified_gmt":"2019-12-01T15:17:24","slug":"diversita-e-ricchezza","status":"publish","type":"post","link":"https:\/\/arteeluoghi.it\/index.php\/2019\/12\/01\/diversita-e-ricchezza\/","title":{"rendered":"Diversit\u00e0 \u00e8 ricchezza"},"content":{"rendered":"\n<p><strong><em>Il sostegno \u00e8 come una ragnatela, Se il ragno non tesse e non interseca i fili nella maniera adeguata, la ragnatela alla fine risulter\u00e0 inutile al suo scopo naturale.<\/em><\/strong><\/p>\n\n\n\n<p>L&#8217;assunto a firma di\u00a0<strong>Michela Del Tinto<\/strong>\u00a0racchiude il senso della IV edizione dell&#8217;iniziativa &#8220;&#8221;<strong>Nel levigatissimo mondo degli uguali la diversit\u00e0 \u00e8 ricchezza. Importanza del sostegno&#8221;<\/strong>\u00a0 \u00a0che si terr\u00e0\u00a0<strong>domenica 1 dicembre ore 17\u00a0<\/strong>presso il\u00a0<strong>Centro polifunzionale di Lecce in via San Massimiliano Kolbe<\/strong>,\u00a0 in\u00a0\u00a0occasione della\u00a0<strong>Giornata Internazionale delle persone con disabilit\u00e0<\/strong>\u00a0(3 dicembre) organizzata dall&#8217;associazione<strong>\u00a0Le Ali di Pandora<\/strong>\u00a0e la casa editrice\u00a0<strong>Il Raggio Verde<\/strong>.\u00a0Lo spirito della serata \u00e8 quello di mettere insieme pi\u00f9 voci nel segno dell&#8217;inclusione pi\u00f9 autentica, esplorando il mondo del sostegno, cercando risposte che possano essere informative e formative, partendo dall&#8217;assioma che il primo sostegno per le persone con disabilit\u00e0 \u00e8 la Famiglia.\u00a0<\/p>\n\n\n\n<!--more-->\n\n\n\n<p>Nel corso della serata si alterneranno le testimonianze di quanti &#8211; genitori, operatori culturali, docenti di sostegno &#8211; sono a contatto ogni giorno con persone diversamente abili e possono esporre problematiche e criticit\u00e0 che vanno superate con l&#8217;impegno e la partecipazione . Il sostegno \u00e8 fondamentale per migliorare la qualit\u00e0 della vita delle persone disabili per le quali \u00e8 possibile oltre che doveroso costruire un futuro migliore.<\/p>\n\n\n\n<p>Scrive Michela Del Tinto: \u201cLa disabilit\u00e0 non \u00e8 un incidente, ma \u00e8 una realt\u00e0 che pu\u00f2 capitare a chiunque, nessuno escluso. La disabilit\u00e0 non assorbe e non cambia solo le vite a cui si riferisce direttamente, ma modifica anche l\u2019andamento delle esistenze di chi gravita intorno alle persone direttamente coinvolte nella disabilit\u00e0. Se si desidera percorrere questi sentieri nel modo migliore \u00e8 necessario studiare perch\u00e9 la conoscenza \u00e8 la fonte primaria per essere consapevoli di quello che si sta vivendo e per imparare le tecniche giuste per affrontarlo e gestirlo.\u00a0\u00c8\u00a0necessario essere e diventare un sostegno valido.Occorre individuare e collaborare intelligentemente e operosamente con il sostegno istituzionale:<br>Sostegno nell&#8217;ambito dell\u2019Istruzione, della Sanit\u00e0 e il sostegno legale per conoscere e far rispettare i diritti della persona .<br>Il sostegno \u00e8 come una ragnatela, se il ragno non tesse e non interseca i fili nella maniera adeguata, la ragnatela alla fine risulter\u00e0 inutile al suo scopo naturale.<br>Allo stesso modo, per sostenere il raggiungimento delle autonomie \u00e8 necessario che tutti i \u201cfili\u201d del sostegno debbano essere in grado di supportare chi ha bisogno di appoggio.<br>Ma se la famiglia, gli insegnanti di sostegno, gli operatori sanitari non collaborano nel modo giusto, ma creano una sinergia ostile, inoperosa e altalenante, e se la legge non tutela i diritti di chi vive una realt\u00e0, per diversi motivi gi\u00e0 invalidante, colui che dev&#8217;essere sostenuto non solo verr\u00e0 ulteriormente ostacolato nella sua crescita quotidiana, ma verr\u00e0 intralciato pesantemente nella sua evoluzione personale.&#8221;<\/p>\n\n\n\n<p><strong>nsieme a pi\u00f9 voci<\/strong><strong>Domenica 1 dicembre ore 17.00<\/strong><strong>presso Le Ali di Pandora<\/strong><br><strong>Via San Massimiliano Kolbe Centro Polifunzionale Lecce<\/strong><\/p>\n\n\n\n<p><\/p>\n","protected":false},"excerpt":{"rendered":"<p>Il sostegno \u00e8 come una ragnatela, Se il ragno non tesse e non interseca i fili nella maniera adeguata, la<\/p>\n","protected":false},"author":1,"featured_media":7113,"comment_status":"open","ping_status":"open","sticky":true,"template":"","format":"standard","meta":[],"categories":[52,28],"tags":[1845,1842,1355,268,1843,134,1844],"yoast_head":"<!-- This site is optimized with the Yoast SEO plugin v18.0 - https:\/\/yoast.com\/wordpress\/plugins\/seo\/ -->\n<title>Diversit\u00e0 \u00e8 ricchezza | Arte e Luoghi<\/title>\n<meta name=\"description\" content=\"Diversit\u00e0 \u00e8 Ricchezza quarta edizione a Lecce presso il Centro Polifunzionale San Massimialiano KolbeLo spirito della serata \u00e8 quello di mettere insieme pi\u00f9 voci nel segno dell&#039;inclusione pi\u00f9 autentica, esplorando il mondo del sostegno, cercando risposte che possano essere informative e formative, partendo dall&#039;assioma che il primo sostegno per le persone con disabilit\u00e0 \u00e8 la Famiglia.\" \/>\n<meta name=\"robots\" content=\"index, follow, max-snippet:-1, max-image-preview:large, max-video-preview:-1\" \/>\n<link rel=\"canonical\" href=\"https:\/\/arteeluoghi.it\/index.php\/2019\/12\/01\/diversita-e-ricchezza\/\" \/>\n<meta property=\"og:locale\" content=\"it_IT\" \/>\n<meta property=\"og:type\" content=\"article\" \/>\n<meta property=\"og:title\" content=\"Diversit\u00e0 \u00e8 ricchezza | Arte e Luoghi\" \/>\n<meta property=\"og:description\" content=\"Diversit\u00e0 \u00e8 Ricchezza quarta edizione a Lecce presso il Centro Polifunzionale San Massimialiano KolbeLo spirito della serata \u00e8 quello di mettere insieme pi\u00f9 voci nel segno dell&#039;inclusione pi\u00f9 autentica, esplorando il mondo del sostegno, cercando risposte che possano essere informative e formative, partendo dall&#039;assioma che il primo sostegno per le persone con disabilit\u00e0 \u00e8 la Famiglia.\" \/>\n<meta property=\"og:url\" content=\"https:\/\/arteeluoghi.it\/index.php\/2019\/12\/01\/diversita-e-ricchezza\/\" \/>\n<meta property=\"og:site_name\" content=\"Arte e Luoghi\" \/>\n<meta property=\"article:publisher\" content=\"https:\/\/www.facebook.com\/ArteELuoghi\/\" \/>\n<meta property=\"article:published_time\" content=\"2019-12-01T15:17:20+00:00\" \/>\n<meta property=\"article:modified_time\" content=\"2019-12-01T15:17:24+00:00\" \/>\n<meta property=\"og:image\" content=\"https:\/\/arteeluoghi.it\/wp-content\/uploads\/2019\/11\/manifesto-diversitariericchezza4edizione.jpg\" \/>\n\t<meta property=\"og:image:width\" content=\"2124\" \/>\n\t<meta property=\"og:image:height\" content=\"3022\" \/>\n\t<meta property=\"og:image:type\" content=\"image\/jpeg\" \/>\n<meta name=\"twitter:card\" content=\"summary\" \/>\n<meta name=\"twitter:creator\" content=\"@arteeluoghi\" \/>\n<meta name=\"twitter:site\" content=\"@arteeluoghi\" \/>\n<meta name=\"twitter:label1\" content=\"Scritto da\" \/>\n\t<meta name=\"twitter:data1\" content=\"Staff\" \/>\n\t<meta name=\"twitter:label2\" content=\"Tempo di lettura stimato\" \/>\n\t<meta name=\"twitter:data2\" content=\"2 minuti\" \/>\n<script type=\"application\/ld+json\" class=\"yoast-schema-graph\">{\"@context\":\"https:\/\/schema.org\",\"@graph\":[{\"@type\":\"Organization\",\"@id\":\"https:\/\/arteeluoghi.it\/#organization\",\"name\":\"Arte e Luoghi\",\"url\":\"https:\/\/arteeluoghi.it\/\",\"sameAs\":[\"https:\/\/www.facebook.com\/ArteELuoghi\/\",\"https:\/\/www.instagram.com\/arteeluoghi\/?hl=it\",\"https:\/\/www.youtube.com\/channel\/UCuRVc4JW4-C5sg9rQB-srkw?view_as=subscriber\",\"https:\/\/twitter.com\/arteeluoghi\"],\"logo\":{\"@type\":\"ImageObject\",\"@id\":\"https:\/\/arteeluoghi.it\/#logo\",\"inLanguage\":\"it-IT\",\"url\":\"https:\/\/arteeluoghi.it\/wp-content\/uploads\/2018\/08\/logoinstagramarte.jpg\",\"contentUrl\":\"https:\/\/arteeluoghi.it\/wp-content\/uploads\/2018\/08\/logoinstagramarte.jpg\",\"width\":150,\"height\":150,\"caption\":\"Arte e Luoghi\"},\"image\":{\"@id\":\"https:\/\/arteeluoghi.it\/#logo\"}},{\"@type\":\"WebSite\",\"@id\":\"https:\/\/arteeluoghi.it\/#website\",\"url\":\"https:\/\/arteeluoghi.it\/\",\"name\":\"Arte e Luoghi\",\"description\":\"Mensile di arte, cultura, turismo e curiosit\u00e0\",\"publisher\":{\"@id\":\"https:\/\/arteeluoghi.it\/#organization\"},\"potentialAction\":[{\"@type\":\"SearchAction\",\"target\":{\"@type\":\"EntryPoint\",\"urlTemplate\":\"https:\/\/arteeluoghi.it\/?s={search_term_string}\"},\"query-input\":\"required name=search_term_string\"}],\"inLanguage\":\"it-IT\"},{\"@type\":\"ImageObject\",\"@id\":\"https:\/\/arteeluoghi.it\/index.php\/2019\/12\/01\/diversita-e-ricchezza\/#primaryimage\",\"inLanguage\":\"it-IT\",\"url\":\"https:\/\/arteeluoghi.it\/wp-content\/uploads\/2019\/11\/manifesto-diversitariericchezza4edizione.jpg\",\"contentUrl\":\"https:\/\/arteeluoghi.it\/wp-content\/uploads\/2019\/11\/manifesto-diversitariericchezza4edizione.jpg\",\"width\":2124,\"height\":3022},{\"@type\":\"WebPage\",\"@id\":\"https:\/\/arteeluoghi.it\/index.php\/2019\/12\/01\/diversita-e-ricchezza\/#webpage\",\"url\":\"https:\/\/arteeluoghi.it\/index.php\/2019\/12\/01\/diversita-e-ricchezza\/\",\"name\":\"Diversit\u00e0 \u00e8 ricchezza | Arte e Luoghi\",\"isPartOf\":{\"@id\":\"https:\/\/arteeluoghi.it\/#website\"},\"primaryImageOfPage\":{\"@id\":\"https:\/\/arteeluoghi.it\/index.php\/2019\/12\/01\/diversita-e-ricchezza\/#primaryimage\"},\"datePublished\":\"2019-12-01T15:17:20+00:00\",\"dateModified\":\"2019-12-01T15:17:24+00:00\",\"description\":\"Diversit\u00e0 \u00e8 Ricchezza quarta edizione a Lecce presso il Centro Polifunzionale San Massimialiano KolbeLo spirito della serata \u00e8 quello di mettere insieme pi\u00f9 voci nel segno dell'inclusione pi\u00f9 autentica, esplorando il mondo del sostegno, cercando risposte che possano essere informative e formative, partendo dall'assioma che il primo sostegno per le persone con disabilit\u00e0 \u00e8 la Famiglia.\",\"breadcrumb\":{\"@id\":\"https:\/\/arteeluoghi.it\/index.php\/2019\/12\/01\/diversita-e-ricchezza\/#breadcrumb\"},\"inLanguage\":\"it-IT\",\"potentialAction\":[{\"@type\":\"ReadAction\",\"target\":[\"https:\/\/arteeluoghi.it\/index.php\/2019\/12\/01\/diversita-e-ricchezza\/\"]}]},{\"@type\":\"BreadcrumbList\",\"@id\":\"https:\/\/arteeluoghi.it\/index.php\/2019\/12\/01\/diversita-e-ricchezza\/#breadcrumb\",\"itemListElement\":[{\"@type\":\"ListItem\",\"position\":1,\"name\":\"Home\",\"item\":\"https:\/\/arteeluoghi.it\/\"},{\"@type\":\"ListItem\",\"position\":2,\"name\":\"Diversit\u00e0 \u00e8 ricchezza\"}]},{\"@type\":\"Article\",\"@id\":\"https:\/\/arteeluoghi.it\/index.php\/2019\/12\/01\/diversita-e-ricchezza\/#article\",\"isPartOf\":{\"@id\":\"https:\/\/arteeluoghi.it\/index.php\/2019\/12\/01\/diversita-e-ricchezza\/#webpage\"},\"author\":{\"@id\":\"https:\/\/arteeluoghi.it\/#\/schema\/person\/f84e814e36e91e01448ee07eaadd41d4\"},\"headline\":\"Diversit\u00e0 \u00e8 ricchezza\",\"datePublished\":\"2019-12-01T15:17:20+00:00\",\"dateModified\":\"2019-12-01T15:17:24+00:00\",\"mainEntityOfPage\":{\"@id\":\"https:\/\/arteeluoghi.it\/index.php\/2019\/12\/01\/diversita-e-ricchezza\/#webpage\"},\"wordCount\":459,\"commentCount\":0,\"publisher\":{\"@id\":\"https:\/\/arteeluoghi.it\/#organization\"},\"image\":{\"@id\":\"https:\/\/arteeluoghi.it\/index.php\/2019\/12\/01\/diversita-e-ricchezza\/#primaryimage\"},\"thumbnailUrl\":\"https:\/\/arteeluoghi.it\/wp-content\/uploads\/2019\/11\/manifesto-diversitariericchezza4edizione.jpg\",\"keywords\":[\"Ali di Pandora\",\"disabilit\u00e0\",\"Diversit\u00e0\",\"Il raggio verde edizioni\",\"inclusione\",\"Lecce\",\"sostegno\"],\"articleSection\":[\"I luoghi della parola\",\"Notizie\"],\"inLanguage\":\"it-IT\",\"potentialAction\":[{\"@type\":\"CommentAction\",\"name\":\"Comment\",\"target\":[\"https:\/\/arteeluoghi.it\/index.php\/2019\/12\/01\/diversita-e-ricchezza\/#respond\"]}]},{\"@type\":\"Person\",\"@id\":\"https:\/\/arteeluoghi.it\/#\/schema\/person\/f84e814e36e91e01448ee07eaadd41d4\",\"name\":\"Staff\",\"image\":{\"@type\":\"ImageObject\",\"@id\":\"https:\/\/arteeluoghi.it\/#personlogo\",\"inLanguage\":\"it-IT\",\"url\":\"https:\/\/secure.gravatar.com\/avatar\/49d2f9e46271bb04e19cebfaf141313a?s=96&d=blank&r=g\",\"contentUrl\":\"https:\/\/secure.gravatar.com\/avatar\/49d2f9e46271bb04e19cebfaf141313a?s=96&d=blank&r=g\",\"caption\":\"Staff\"}}]}<\/script>\n<!-- \/ Yoast SEO plugin. -->","yoast_head_json":{"title":"Diversit\u00e0 \u00e8 ricchezza | Arte e Luoghi","description":"Diversit\u00e0 \u00e8 Ricchezza quarta edizione a Lecce presso il Centro Polifunzionale San Massimialiano KolbeLo spirito della serata \u00e8 quello di mettere insieme pi\u00f9 voci nel segno dell'inclusione pi\u00f9 autentica, esplorando il mondo del sostegno, cercando risposte che possano essere informative e formative, partendo dall'assioma che il primo sostegno per le persone con disabilit\u00e0 \u00e8 la Famiglia.","robots":{"index":"index","follow":"follow","max-snippet":"max-snippet:-1","max-image-preview":"max-image-preview:large","max-video-preview":"max-video-preview:-1"},"canonical":"https:\/\/arteeluoghi.it\/index.php\/2019\/12\/01\/diversita-e-ricchezza\/","og_locale":"it_IT","og_type":"article","og_title":"Diversit\u00e0 \u00e8 ricchezza | Arte e Luoghi","og_description":"Diversit\u00e0 \u00e8 Ricchezza quarta edizione a Lecce presso il Centro Polifunzionale San Massimialiano KolbeLo spirito della serata \u00e8 quello di mettere insieme pi\u00f9 voci nel segno dell'inclusione pi\u00f9 autentica, esplorando il mondo del sostegno, cercando risposte che possano essere informative e formative, partendo dall'assioma che il primo sostegno per le persone con disabilit\u00e0 \u00e8 la Famiglia.","og_url":"https:\/\/arteeluoghi.it\/index.php\/2019\/12\/01\/diversita-e-ricchezza\/","og_site_name":"Arte e Luoghi","article_publisher":"https:\/\/www.facebook.com\/ArteELuoghi\/","article_published_time":"2019-12-01T15:17:20+00:00","article_modified_time":"2019-12-01T15:17:24+00:00","og_image":[{"width":2124,"height":3022,"url":"https:\/\/arteeluoghi.it\/wp-content\/uploads\/2019\/11\/manifesto-diversitariericchezza4edizione.jpg","type":"image\/jpeg"}],"twitter_card":"summary","twitter_creator":"@arteeluoghi","twitter_site":"@arteeluoghi","twitter_misc":{"Scritto da":"Staff","Tempo di lettura stimato":"2 minuti"},"schema":{"@context":"https:\/\/schema.org","@graph":[{"@type":"Organization","@id":"https:\/\/arteeluoghi.it\/#organization","name":"Arte e Luoghi","url":"https:\/\/arteeluoghi.it\/","sameAs":["https:\/\/www.facebook.com\/ArteELuoghi\/","https:\/\/www.instagram.com\/arteeluoghi\/?hl=it","https:\/\/www.youtube.com\/channel\/UCuRVc4JW4-C5sg9rQB-srkw?view_as=subscriber","https:\/\/twitter.com\/arteeluoghi"],"logo":{"@type":"ImageObject","@id":"https:\/\/arteeluoghi.it\/#logo","inLanguage":"it-IT","url":"https:\/\/arteeluoghi.it\/wp-content\/uploads\/2018\/08\/logoinstagramarte.jpg","contentUrl":"https:\/\/arteeluoghi.it\/wp-content\/uploads\/2018\/08\/logoinstagramarte.jpg","width":150,"height":150,"caption":"Arte e Luoghi"},"image":{"@id":"https:\/\/arteeluoghi.it\/#logo"}},{"@type":"WebSite","@id":"https:\/\/arteeluoghi.it\/#website","url":"https:\/\/arteeluoghi.it\/","name":"Arte e Luoghi","description":"Mensile di arte, cultura, turismo e curiosit\u00e0","publisher":{"@id":"https:\/\/arteeluoghi.it\/#organization"},"potentialAction":[{"@type":"SearchAction","target":{"@type":"EntryPoint","urlTemplate":"https:\/\/arteeluoghi.it\/?s={search_term_string}"},"query-input":"required name=search_term_string"}],"inLanguage":"it-IT"},{"@type":"ImageObject","@id":"https:\/\/arteeluoghi.it\/index.php\/2019\/12\/01\/diversita-e-ricchezza\/#primaryimage","inLanguage":"it-IT","url":"https:\/\/arteeluoghi.it\/wp-content\/uploads\/2019\/11\/manifesto-diversitariericchezza4edizione.jpg","contentUrl":"https:\/\/arteeluoghi.it\/wp-content\/uploads\/2019\/11\/manifesto-diversitariericchezza4edizione.jpg","width":2124,"height":3022},{"@type":"WebPage","@id":"https:\/\/arteeluoghi.it\/index.php\/2019\/12\/01\/diversita-e-ricchezza\/#webpage","url":"https:\/\/arteeluoghi.it\/index.php\/2019\/12\/01\/diversita-e-ricchezza\/","name":"Diversit\u00e0 \u00e8 ricchezza | Arte e Luoghi","isPartOf":{"@id":"https:\/\/arteeluoghi.it\/#website"},"primaryImageOfPage":{"@id":"https:\/\/arteeluoghi.it\/index.php\/2019\/12\/01\/diversita-e-ricchezza\/#primaryimage"},"datePublished":"2019-12-01T15:17:20+00:00","dateModified":"2019-12-01T15:17:24+00:00","description":"Diversit\u00e0 \u00e8 Ricchezza quarta edizione a Lecce presso il Centro Polifunzionale San Massimialiano KolbeLo spirito della serata \u00e8 quello di mettere insieme pi\u00f9 voci nel segno dell'inclusione pi\u00f9 autentica, esplorando il mondo del sostegno, cercando risposte che possano essere informative e formative, partendo dall'assioma che il primo sostegno per le persone con disabilit\u00e0 \u00e8 la Famiglia.","breadcrumb":{"@id":"https:\/\/arteeluoghi.it\/index.php\/2019\/12\/01\/diversita-e-ricchezza\/#breadcrumb"},"inLanguage":"it-IT","potentialAction":[{"@type":"ReadAction","target":["https:\/\/arteeluoghi.it\/index.php\/2019\/12\/01\/diversita-e-ricchezza\/"]}]},{"@type":"BreadcrumbList","@id":"https:\/\/arteeluoghi.it\/index.php\/2019\/12\/01\/diversita-e-ricchezza\/#breadcrumb","itemListElement":[{"@type":"ListItem","position":1,"name":"Home","item":"https:\/\/arteeluoghi.it\/"},{"@type":"ListItem","position":2,"name":"Diversit\u00e0 \u00e8 ricchezza"}]},{"@type":"Article","@id":"https:\/\/arteeluoghi.it\/index.php\/2019\/12\/01\/diversita-e-ricchezza\/#article","isPartOf":{"@id":"https:\/\/arteeluoghi.it\/index.php\/2019\/12\/01\/diversita-e-ricchezza\/#webpage"},"author":{"@id":"https:\/\/arteeluoghi.it\/#\/schema\/person\/f84e814e36e91e01448ee07eaadd41d4"},"headline":"Diversit\u00e0 \u00e8 ricchezza","datePublished":"2019-12-01T15:17:20+00:00","dateModified":"2019-12-01T15:17:24+00:00","mainEntityOfPage":{"@id":"https:\/\/arteeluoghi.it\/index.php\/2019\/12\/01\/diversita-e-ricchezza\/#webpage"},"wordCount":459,"commentCount":0,"publisher":{"@id":"https:\/\/arteeluoghi.it\/#organization"},"image":{"@id":"https:\/\/arteeluoghi.it\/index.php\/2019\/12\/01\/diversita-e-ricchezza\/#primaryimage"},"thumbnailUrl":"https:\/\/arteeluoghi.it\/wp-content\/uploads\/2019\/11\/manifesto-diversitariericchezza4edizione.jpg","keywords":["Ali di Pandora","disabilit\u00e0","Diversit\u00e0","Il raggio verde edizioni","inclusione","Lecce","sostegno"],"articleSection":["I luoghi della parola","Notizie"],"inLanguage":"it-IT","potentialAction":[{"@type":"CommentAction","name":"Comment","target":["https:\/\/arteeluoghi.it\/index.php\/2019\/12\/01\/diversita-e-ricchezza\/#respond"]}]},{"@type":"Person","@id":"https:\/\/arteeluoghi.it\/#\/schema\/person\/f84e814e36e91e01448ee07eaadd41d4","name":"Staff","image":{"@type":"ImageObject","@id":"https:\/\/arteeluoghi.it\/#personlogo","inLanguage":"it-IT","url":"https:\/\/secure.gravatar.com\/avatar\/49d2f9e46271bb04e19cebfaf141313a?s=96&d=blank&r=g","contentUrl":"https:\/\/secure.gravatar.com\/avatar\/49d2f9e46271bb04e19cebfaf141313a?s=96&d=blank&r=g","caption":"Staff"}}]}},"_links":{"self":[{"href":"https:\/\/arteeluoghi.it\/index.php\/wp-json\/wp\/v2\/posts\/7165"}],"collection":[{"href":"https:\/\/arteeluoghi.it\/index.php\/wp-json\/wp\/v2\/posts"}],"about":[{"href":"https:\/\/arteeluoghi.it\/index.php\/wp-json\/wp\/v2\/types\/post"}],"author":[{"embeddable":true,"href":"https:\/\/arteeluoghi.it\/index.php\/wp-json\/wp\/v2\/users\/1"}],"replies":[{"embeddable":true,"href":"https:\/\/arteeluoghi.it\/index.php\/wp-json\/wp\/v2\/comments?post=7165"}],"version-history":[{"count":1,"href":"https:\/\/arteeluoghi.it\/index.php\/wp-json\/wp\/v2\/posts\/7165\/revisions"}],"predecessor-version":[{"id":7166,"href":"https:\/\/arteeluoghi.it\/index.php\/wp-json\/wp\/v2\/posts\/7165\/revisions\/7166"}],"wp:featuredmedia":[{"embeddable":true,"href":"https:\/\/arteeluoghi.it\/index.php\/wp-json\/wp\/v2\/media\/7113"}],"wp:attachment":[{"href":"https:\/\/arteeluoghi.it\/index.php\/wp-json\/wp\/v2\/media?parent=7165"}],"wp:term":[{"taxonomy":"category","embeddable":true,"href":"https:\/\/arteeluoghi.it\/index.php\/wp-json\/wp\/v2\/categories?post=7165"},{"taxonomy":"post_tag","embeddable":true,"href":"https:\/\/arteeluoghi.it\/index.php\/wp-json\/wp\/v2\/tags?post=7165"}],"curies":[{"name":"wp","href":"https:\/\/api.w.org\/{rel}","templated":true}]}}