{"id":7223,"date":"2019-12-06T19:04:58","date_gmt":"2019-12-06T18:04:58","guid":{"rendered":"https:\/\/arteeluoghi.it\/?p=7223"},"modified":"2019-12-07T19:14:49","modified_gmt":"2019-12-07T18:14:49","slug":"emozioni-e-dopamina-convegno-e-mostra","status":"publish","type":"post","link":"https:\/\/arteeluoghi.it\/index.php\/2019\/12\/06\/emozioni-e-dopamina-convegno-e-mostra\/","title":{"rendered":"Emozioni e Dopamina convegno e mostra"},"content":{"rendered":"\n<p>di Francesco Sticchi&nbsp;<\/p>\n\n\n\n<p>MAGLIE\u2008(LECCE). Con un doppio evento (conferenza &#8220;EMOZIONI I\u00b0 parte \u2013 la RICERCA&#8221; e la personale d&#8217;arte &#8220;DOPAMINA&#8221; di Pierluca Cetera) a partire dal 6 dicembre 2019 la FANS (Fondazione per l\u2019arte e le neuroscienze F. Sticchi) di MAGLIE (LE) prosegue le attivit\u00e0 di comunicazione  delle neuroscienze, approfondendo il settore della mente emotiva, con i suoi intensi sentimenti che originano dalle attivit\u00e0 inferiori del cervello (il sistema limbico), organizzato in modo tale che gli stati affettivi prevalgano in ogni momento, inducendo l\u2019apparato cognitivo a seguirli. I sentimenti ci consentono di \u201cporre mente al corpo\u201d, rappresentano in un certo qual modo l\u2019accompagnamento musicale della nostra vita, ci\u00f2 che A. Damasio chiama &#8220;il marcatore somatico&#8221;. Nulla assomiglia agli affetti, le parole non possono descriverli esattamente, come dice Jaak Panksepp, non si pu\u00f2 spiegare come ci si sente ad essere arrabbiati, spaventati, bramosi, affettuosi, soli, giocosi o eccitati, se non indirettamente attraverso metafore; in quanto gli affetti scaturiscono dalle antiche capacit\u00e0 prelinguistiche del nostro cervello. <\/p>\n\n\n\n<figure class=\"wp-block-image\"><img loading=\"lazy\" width=\"664\" height=\"1024\" src=\"https:\/\/arteeluoghi.it\/wp-content\/uploads\/2019\/12\/1-LOCANDINA-1-664x1024.jpg\" alt=\"\" class=\"wp-image-7224\" srcset=\"https:\/\/arteeluoghi.it\/wp-content\/uploads\/2019\/12\/1-LOCANDINA-1-664x1024.jpg 664w, https:\/\/arteeluoghi.it\/wp-content\/uploads\/2019\/12\/1-LOCANDINA-1-195x300.jpg 195w, https:\/\/arteeluoghi.it\/wp-content\/uploads\/2019\/12\/1-LOCANDINA-1-768x1184.jpg 768w, https:\/\/arteeluoghi.it\/wp-content\/uploads\/2019\/12\/1-LOCANDINA-1.jpg 1890w\" sizes=\"(max-width: 664px) 100vw, 664px\" \/><\/figure>\n\n\n\n<p><br> L&#8217;evento del 6 dicembre \u00e8 il primo di 7 incontri (ed altrettante mostre d&#8217;arte) che analizzano i 7 sistemi cardine delle emozioni: Ricerca, Paura, Collera, Desiderio sessuale, Cura, Panico\/sofferenza, Gioco, con le loro rispettive sfumature secondarie.<br> Come gi\u00e0 detto, si inizia con il sistema della ricerca, sistema multiuso gestito dalla dopamina che concede la bramosia  anticipatoria del desiderio, dell\u2019euforia e della ricerca di ogni cosa (questo sistema neuronale consente agli animali, compreso l\u2019uomo,  di cercare, trovare ed acquisire tutte le risorse necessarie per la sopravvivenza e fa sentire bene in modo speciale, per esempio fa sperimentare soddisfazione in attesa di un pasto gustoso, fornisce cio\u00e8 quel genere di anticipazione eccitata ed euforica che si presenta nell\u2019attesa di mangiare quel pasto).<br> Accompagna la prima tappa di questo percorso la personale d&#8217;arte \u201cDOPAMINA\u201d di Pierluca Cetera, in grado di scandagliare le pi\u00f9 svariate sfumature emozionali  dell\u2019essere umano.<\/p>\n\n\n\n<figure class=\"wp-block-image\"><img loading=\"lazy\" width=\"1024\" height=\"733\" src=\"https:\/\/arteeluoghi.it\/wp-content\/uploads\/2019\/12\/3-Pensiero-stupendo-1-1024x733.jpg\" alt=\"\" class=\"wp-image-7227\" srcset=\"https:\/\/arteeluoghi.it\/wp-content\/uploads\/2019\/12\/3-Pensiero-stupendo-1-1024x733.jpg 1024w, https:\/\/arteeluoghi.it\/wp-content\/uploads\/2019\/12\/3-Pensiero-stupendo-1-300x215.jpg 300w, https:\/\/arteeluoghi.it\/wp-content\/uploads\/2019\/12\/3-Pensiero-stupendo-1-768x550.jpg 768w\" sizes=\"(max-width: 1024px) 100vw, 1024px\" \/><\/figure>\n\n\n\n<p><br> Tutta l\u2019arte di Pierluca Cetera racconta paesaggi interiori, familiari e sociali di vita quotidiana ed attualit\u00e0 in cui l\u2019essere umano viene scrutato fin nella pi\u00f9 intima dimensione dell\u2019esistenza. Persone di vasta umanit\u00e0 sospese nella propria vita giornaliera che si lasciano trasportare, quasi, in un gioco di stati motivazionali che influenzano il comportamento finalizzato ed agito da affetti e sentimenti; persone in bilico tra il vivere ed il divenire del vivere, quasi stupefatte dalle proprie possibilit\u00e0 cognitive, emotive e comportamentali e pronte a rincorrere i propri stati emotivi, vivendo pienamente la tensione dell\u2019ambiguit\u00e0 dei comportamenti umani.<br> \u201cSiamo della stessa sostanza dei sogni e la nostra breve vita \u00e8 circondata da un sonno\u201d, dice Shakespeare in \u201c The Tempest\u201d atto IV, scena I.<br> Cos\u00ec i personaggi di Cetera  sembrano quasi sospesi in un sogno ed emergono dalla dimensione dello stato di riposo del cervello, il \u201cdefault mode network\u201d delle neuroscienze, l&#8217;attivit\u00e0 cerebrale di quando non si \u00e8 impegnati in un compito specifico, altrimenti nota come  \u201cmondo interiore del cervello\u201d.<br> Sappiamo che la mente \u00e8 essenzialmente il corpo vissuto, radicato  ed incorporato nell\u2019ambiente esterno; e questa relazione mondo-cervello \u00e8 sostenuta proprio dai nostri affetti e dai nostri sentimenti emotivi che mantengono l\u2019identit\u00e0 di ciascuno nel tempo.<br> Sebbene il corpo cambi  continuamente, ciascuno resta comunque sempre la stessa persona nella propria esperienza cosciente; ed \u00e8 grazie all\u2019attivit\u00e0  cerebrale che si \u00e8 nel proprio \u201cTempo del Mondo\u201d e si pu\u00f2 sperimentare la continuit\u00e0 del proprio SE\u2019 e della propria Identit\u00e0.<br> Cos\u00ec l&#8217;opera di Pierluca Cetera scorre, talora violenta ed inattesa, talora lineare e morbida, nel tempo del mondo attraversando tutte le sfaccettature sia dell&#8217;anatomia, della fisiologia e della meccanica del corpo umano (con l&#8217;intenzione di oltrepassare le potenzialit\u00e0 espressive consuete) sia dello stesso vivere umano, focalizzando, ed esorcizzando al contempo,  le contraddizioni ed ossessioni quotidiane che gli sono connaturate.<br> I personaggi dell&#8217;artista sono pronti alla ricerca di una percezione emotiva, oppure sono sospesi nel tempo, in spazi mentali della memoria, alla ricerca della motivazione del loro agire, talvolta in ozio e vagabondaggio, in  attesa della scintilla della creativit\u00e0 e del cambiamento. Il lavoro di Cetera \u00e8 ancora pi\u00f9 convincente perch\u00e9 nelle sue opere i protagonisti sono persone, alter ego o avatar dello stesso artista, dei suoi parenti e conoscenti o nomi che appartengono al background storico, geografico e sociale della storia umana antica, moderna e contemporanea.<br> \u00c8 proprio degli esseri umani il poter pensare e comprendere le proprie emozioni nella coscienza riflessiva; cos\u00ec pure i personaggi di Cetera, soggiogati dagli stimoli fisiologici o artificiali che producono motivazione e ricompensa e che originano il rilascio della dopamina, appaiono soffermarsi a riflettere e comprendere i loro affetti, comportamenti, stati cognitivi, movimenti, apprendimenti  e finalit\u00e0, pronti a seguirli sotto l\u2019azione della straordinaria dopamina. <br> L&#8217;appuntamento dunque \u00e8 presso la Fansinaptico a MAGLIE  (Lecce) in via Thaon de Revel  25 per le Serate di Arte e Neuroscienze, con la conferenza &#8220;EMOZIONI I\u00b0 parte \u2013 la RICERCA&#8221; e la personale d&#8217;arte &#8220;DOPAMINA&#8221; di Pierluca Cetera ogni sera dal 6 al 15 dicembre 2019, dalle 19,00 alle 22,00 (la conferenza sar\u00e0 replicata ogni giorno alle 19.30) e, dal 15 al 30 dicembre per visitare, solo su appuntamento, la mostra di Pierluca CETERA.<\/p>\n","protected":false},"excerpt":{"rendered":"<p>di Francesco Sticchi&nbsp; MAGLIE\u2008(LECCE). Con un doppio evento (conferenza &#8220;EMOZIONI I\u00b0 parte \u2013 la RICERCA&#8221; e la personale d&#8217;arte &#8220;DOPAMINA&#8221;<\/p>\n","protected":false},"author":1,"featured_media":7225,"comment_status":"open","ping_status":"open","sticky":false,"template":"","format":"standard","meta":[],"categories":[27,4,52],"tags":[],"yoast_head":"<!-- This site is optimized with the Yoast SEO plugin v18.0 - https:\/\/yoast.com\/wordpress\/plugins\/seo\/ -->\n<title>Emozioni e Dopamina convegno e mostra | Arte e Luoghi<\/title>\n<meta name=\"description\" content=\"Alla Fansinaptico a MAGLIE (Lecce) al via le serate di Arte e Neuroscienze, con la conferenza &quot;EMOZIONI I\u00b0 parte \u2013 la RICERCA&quot; e la personale d&#039;arte &quot;DOPAMINA&quot; di Pierluca Cetera\" \/>\n<meta name=\"robots\" content=\"index, follow, max-snippet:-1, max-image-preview:large, max-video-preview:-1\" \/>\n<link rel=\"canonical\" href=\"https:\/\/arteeluoghi.it\/index.php\/2019\/12\/06\/emozioni-e-dopamina-convegno-e-mostra\/\" \/>\n<meta property=\"og:locale\" content=\"it_IT\" \/>\n<meta property=\"og:type\" content=\"article\" \/>\n<meta property=\"og:title\" content=\"Emozioni e Dopamina convegno e mostra | Arte e Luoghi\" \/>\n<meta property=\"og:description\" content=\"Alla Fansinaptico a MAGLIE (Lecce) al via le serate di Arte e Neuroscienze, con la conferenza &quot;EMOZIONI I\u00b0 parte \u2013 la RICERCA&quot; e la personale d&#039;arte &quot;DOPAMINA&quot; di Pierluca Cetera\" \/>\n<meta property=\"og:url\" content=\"https:\/\/arteeluoghi.it\/index.php\/2019\/12\/06\/emozioni-e-dopamina-convegno-e-mostra\/\" \/>\n<meta property=\"og:site_name\" content=\"Arte e Luoghi\" \/>\n<meta property=\"article:publisher\" content=\"https:\/\/www.facebook.com\/ArteELuoghi\/\" \/>\n<meta property=\"article:published_time\" content=\"2019-12-06T18:04:58+00:00\" \/>\n<meta property=\"article:modified_time\" content=\"2019-12-07T18:14:49+00:00\" \/>\n<meta property=\"og:image\" content=\"https:\/\/arteeluoghi.it\/wp-content\/uploads\/2019\/12\/2-LANTI-PASTO-1.jpg\" \/>\n\t<meta property=\"og:image:width\" content=\"1535\" \/>\n\t<meta property=\"og:image:height\" content=\"768\" \/>\n\t<meta property=\"og:image:type\" content=\"image\/jpeg\" \/>\n<meta name=\"twitter:card\" content=\"summary\" \/>\n<meta name=\"twitter:creator\" content=\"@arteeluoghi\" \/>\n<meta name=\"twitter:site\" content=\"@arteeluoghi\" \/>\n<meta name=\"twitter:label1\" content=\"Scritto da\" \/>\n\t<meta name=\"twitter:data1\" content=\"Staff\" \/>\n\t<meta name=\"twitter:label2\" content=\"Tempo di lettura stimato\" \/>\n\t<meta name=\"twitter:data2\" content=\"4 minuti\" \/>\n<script type=\"application\/ld+json\" class=\"yoast-schema-graph\">{\"@context\":\"https:\/\/schema.org\",\"@graph\":[{\"@type\":\"Organization\",\"@id\":\"https:\/\/arteeluoghi.it\/#organization\",\"name\":\"Arte e Luoghi\",\"url\":\"https:\/\/arteeluoghi.it\/\",\"sameAs\":[\"https:\/\/www.facebook.com\/ArteELuoghi\/\",\"https:\/\/www.instagram.com\/arteeluoghi\/?hl=it\",\"https:\/\/www.youtube.com\/channel\/UCuRVc4JW4-C5sg9rQB-srkw?view_as=subscriber\",\"https:\/\/twitter.com\/arteeluoghi\"],\"logo\":{\"@type\":\"ImageObject\",\"@id\":\"https:\/\/arteeluoghi.it\/#logo\",\"inLanguage\":\"it-IT\",\"url\":\"https:\/\/arteeluoghi.it\/wp-content\/uploads\/2018\/08\/logoinstagramarte.jpg\",\"contentUrl\":\"https:\/\/arteeluoghi.it\/wp-content\/uploads\/2018\/08\/logoinstagramarte.jpg\",\"width\":150,\"height\":150,\"caption\":\"Arte e Luoghi\"},\"image\":{\"@id\":\"https:\/\/arteeluoghi.it\/#logo\"}},{\"@type\":\"WebSite\",\"@id\":\"https:\/\/arteeluoghi.it\/#website\",\"url\":\"https:\/\/arteeluoghi.it\/\",\"name\":\"Arte e Luoghi\",\"description\":\"Mensile di arte, cultura, turismo e curiosit\u00e0\",\"publisher\":{\"@id\":\"https:\/\/arteeluoghi.it\/#organization\"},\"potentialAction\":[{\"@type\":\"SearchAction\",\"target\":{\"@type\":\"EntryPoint\",\"urlTemplate\":\"https:\/\/arteeluoghi.it\/?s={search_term_string}\"},\"query-input\":\"required name=search_term_string\"}],\"inLanguage\":\"it-IT\"},{\"@type\":\"ImageObject\",\"@id\":\"https:\/\/arteeluoghi.it\/index.php\/2019\/12\/06\/emozioni-e-dopamina-convegno-e-mostra\/#primaryimage\",\"inLanguage\":\"it-IT\",\"url\":\"https:\/\/arteeluoghi.it\/wp-content\/uploads\/2019\/12\/2-LANTI-PASTO-1.jpg\",\"contentUrl\":\"https:\/\/arteeluoghi.it\/wp-content\/uploads\/2019\/12\/2-LANTI-PASTO-1.jpg\",\"width\":1535,\"height\":768,\"caption\":\"Pierluca Cetera, L'antipasto, 2019\"},{\"@type\":\"WebPage\",\"@id\":\"https:\/\/arteeluoghi.it\/index.php\/2019\/12\/06\/emozioni-e-dopamina-convegno-e-mostra\/#webpage\",\"url\":\"https:\/\/arteeluoghi.it\/index.php\/2019\/12\/06\/emozioni-e-dopamina-convegno-e-mostra\/\",\"name\":\"Emozioni e Dopamina convegno e mostra | Arte e Luoghi\",\"isPartOf\":{\"@id\":\"https:\/\/arteeluoghi.it\/#website\"},\"primaryImageOfPage\":{\"@id\":\"https:\/\/arteeluoghi.it\/index.php\/2019\/12\/06\/emozioni-e-dopamina-convegno-e-mostra\/#primaryimage\"},\"datePublished\":\"2019-12-06T18:04:58+00:00\",\"dateModified\":\"2019-12-07T18:14:49+00:00\",\"description\":\"Alla Fansinaptico a MAGLIE (Lecce) al via le serate di Arte e Neuroscienze, con la conferenza \\\"EMOZIONI I\u00b0 parte \u2013 la RICERCA\\\" e la personale d'arte \\\"DOPAMINA\\\" di Pierluca Cetera\",\"breadcrumb\":{\"@id\":\"https:\/\/arteeluoghi.it\/index.php\/2019\/12\/06\/emozioni-e-dopamina-convegno-e-mostra\/#breadcrumb\"},\"inLanguage\":\"it-IT\",\"potentialAction\":[{\"@type\":\"ReadAction\",\"target\":[\"https:\/\/arteeluoghi.it\/index.php\/2019\/12\/06\/emozioni-e-dopamina-convegno-e-mostra\/\"]}]},{\"@type\":\"BreadcrumbList\",\"@id\":\"https:\/\/arteeluoghi.it\/index.php\/2019\/12\/06\/emozioni-e-dopamina-convegno-e-mostra\/#breadcrumb\",\"itemListElement\":[{\"@type\":\"ListItem\",\"position\":1,\"name\":\"Home\",\"item\":\"https:\/\/arteeluoghi.it\/\"},{\"@type\":\"ListItem\",\"position\":2,\"name\":\"Emozioni e Dopamina convegno e mostra\"}]},{\"@type\":\"Article\",\"@id\":\"https:\/\/arteeluoghi.it\/index.php\/2019\/12\/06\/emozioni-e-dopamina-convegno-e-mostra\/#article\",\"isPartOf\":{\"@id\":\"https:\/\/arteeluoghi.it\/index.php\/2019\/12\/06\/emozioni-e-dopamina-convegno-e-mostra\/#webpage\"},\"author\":{\"@id\":\"https:\/\/arteeluoghi.it\/#\/schema\/person\/f84e814e36e91e01448ee07eaadd41d4\"},\"headline\":\"Emozioni e Dopamina convegno e mostra\",\"datePublished\":\"2019-12-06T18:04:58+00:00\",\"dateModified\":\"2019-12-07T18:14:49+00:00\",\"mainEntityOfPage\":{\"@id\":\"https:\/\/arteeluoghi.it\/index.php\/2019\/12\/06\/emozioni-e-dopamina-convegno-e-mostra\/#webpage\"},\"wordCount\":836,\"commentCount\":0,\"publisher\":{\"@id\":\"https:\/\/arteeluoghi.it\/#organization\"},\"image\":{\"@id\":\"https:\/\/arteeluoghi.it\/index.php\/2019\/12\/06\/emozioni-e-dopamina-convegno-e-mostra\/#primaryimage\"},\"thumbnailUrl\":\"https:\/\/arteeluoghi.it\/wp-content\/uploads\/2019\/12\/2-LANTI-PASTO-1.jpg\",\"articleSection\":[\"Arte\",\"I luoghi dell'Arte\",\"I luoghi della parola\"],\"inLanguage\":\"it-IT\",\"potentialAction\":[{\"@type\":\"CommentAction\",\"name\":\"Comment\",\"target\":[\"https:\/\/arteeluoghi.it\/index.php\/2019\/12\/06\/emozioni-e-dopamina-convegno-e-mostra\/#respond\"]}]},{\"@type\":\"Person\",\"@id\":\"https:\/\/arteeluoghi.it\/#\/schema\/person\/f84e814e36e91e01448ee07eaadd41d4\",\"name\":\"Staff\",\"image\":{\"@type\":\"ImageObject\",\"@id\":\"https:\/\/arteeluoghi.it\/#personlogo\",\"inLanguage\":\"it-IT\",\"url\":\"https:\/\/secure.gravatar.com\/avatar\/49d2f9e46271bb04e19cebfaf141313a?s=96&d=blank&r=g\",\"contentUrl\":\"https:\/\/secure.gravatar.com\/avatar\/49d2f9e46271bb04e19cebfaf141313a?s=96&d=blank&r=g\",\"caption\":\"Staff\"}}]}<\/script>\n<!-- \/ Yoast SEO plugin. -->","yoast_head_json":{"title":"Emozioni e Dopamina convegno e mostra | Arte e Luoghi","description":"Alla Fansinaptico a MAGLIE (Lecce) al via le serate di Arte e Neuroscienze, con la conferenza \"EMOZIONI I\u00b0 parte \u2013 la RICERCA\" e la personale d'arte \"DOPAMINA\" di Pierluca Cetera","robots":{"index":"index","follow":"follow","max-snippet":"max-snippet:-1","max-image-preview":"max-image-preview:large","max-video-preview":"max-video-preview:-1"},"canonical":"https:\/\/arteeluoghi.it\/index.php\/2019\/12\/06\/emozioni-e-dopamina-convegno-e-mostra\/","og_locale":"it_IT","og_type":"article","og_title":"Emozioni e Dopamina convegno e mostra | Arte e Luoghi","og_description":"Alla Fansinaptico a MAGLIE (Lecce) al via le serate di Arte e Neuroscienze, con la conferenza \"EMOZIONI I\u00b0 parte \u2013 la RICERCA\" e la personale d'arte \"DOPAMINA\" di Pierluca Cetera","og_url":"https:\/\/arteeluoghi.it\/index.php\/2019\/12\/06\/emozioni-e-dopamina-convegno-e-mostra\/","og_site_name":"Arte e Luoghi","article_publisher":"https:\/\/www.facebook.com\/ArteELuoghi\/","article_published_time":"2019-12-06T18:04:58+00:00","article_modified_time":"2019-12-07T18:14:49+00:00","og_image":[{"width":1535,"height":768,"url":"https:\/\/arteeluoghi.it\/wp-content\/uploads\/2019\/12\/2-LANTI-PASTO-1.jpg","type":"image\/jpeg"}],"twitter_card":"summary","twitter_creator":"@arteeluoghi","twitter_site":"@arteeluoghi","twitter_misc":{"Scritto da":"Staff","Tempo di lettura stimato":"4 minuti"},"schema":{"@context":"https:\/\/schema.org","@graph":[{"@type":"Organization","@id":"https:\/\/arteeluoghi.it\/#organization","name":"Arte e Luoghi","url":"https:\/\/arteeluoghi.it\/","sameAs":["https:\/\/www.facebook.com\/ArteELuoghi\/","https:\/\/www.instagram.com\/arteeluoghi\/?hl=it","https:\/\/www.youtube.com\/channel\/UCuRVc4JW4-C5sg9rQB-srkw?view_as=subscriber","https:\/\/twitter.com\/arteeluoghi"],"logo":{"@type":"ImageObject","@id":"https:\/\/arteeluoghi.it\/#logo","inLanguage":"it-IT","url":"https:\/\/arteeluoghi.it\/wp-content\/uploads\/2018\/08\/logoinstagramarte.jpg","contentUrl":"https:\/\/arteeluoghi.it\/wp-content\/uploads\/2018\/08\/logoinstagramarte.jpg","width":150,"height":150,"caption":"Arte e Luoghi"},"image":{"@id":"https:\/\/arteeluoghi.it\/#logo"}},{"@type":"WebSite","@id":"https:\/\/arteeluoghi.it\/#website","url":"https:\/\/arteeluoghi.it\/","name":"Arte e Luoghi","description":"Mensile di arte, cultura, turismo e curiosit\u00e0","publisher":{"@id":"https:\/\/arteeluoghi.it\/#organization"},"potentialAction":[{"@type":"SearchAction","target":{"@type":"EntryPoint","urlTemplate":"https:\/\/arteeluoghi.it\/?s={search_term_string}"},"query-input":"required name=search_term_string"}],"inLanguage":"it-IT"},{"@type":"ImageObject","@id":"https:\/\/arteeluoghi.it\/index.php\/2019\/12\/06\/emozioni-e-dopamina-convegno-e-mostra\/#primaryimage","inLanguage":"it-IT","url":"https:\/\/arteeluoghi.it\/wp-content\/uploads\/2019\/12\/2-LANTI-PASTO-1.jpg","contentUrl":"https:\/\/arteeluoghi.it\/wp-content\/uploads\/2019\/12\/2-LANTI-PASTO-1.jpg","width":1535,"height":768,"caption":"Pierluca Cetera, L'antipasto, 2019"},{"@type":"WebPage","@id":"https:\/\/arteeluoghi.it\/index.php\/2019\/12\/06\/emozioni-e-dopamina-convegno-e-mostra\/#webpage","url":"https:\/\/arteeluoghi.it\/index.php\/2019\/12\/06\/emozioni-e-dopamina-convegno-e-mostra\/","name":"Emozioni e Dopamina convegno e mostra | Arte e Luoghi","isPartOf":{"@id":"https:\/\/arteeluoghi.it\/#website"},"primaryImageOfPage":{"@id":"https:\/\/arteeluoghi.it\/index.php\/2019\/12\/06\/emozioni-e-dopamina-convegno-e-mostra\/#primaryimage"},"datePublished":"2019-12-06T18:04:58+00:00","dateModified":"2019-12-07T18:14:49+00:00","description":"Alla Fansinaptico a MAGLIE (Lecce) al via le serate di Arte e Neuroscienze, con la conferenza \"EMOZIONI I\u00b0 parte \u2013 la RICERCA\" e la personale d'arte \"DOPAMINA\" di Pierluca Cetera","breadcrumb":{"@id":"https:\/\/arteeluoghi.it\/index.php\/2019\/12\/06\/emozioni-e-dopamina-convegno-e-mostra\/#breadcrumb"},"inLanguage":"it-IT","potentialAction":[{"@type":"ReadAction","target":["https:\/\/arteeluoghi.it\/index.php\/2019\/12\/06\/emozioni-e-dopamina-convegno-e-mostra\/"]}]},{"@type":"BreadcrumbList","@id":"https:\/\/arteeluoghi.it\/index.php\/2019\/12\/06\/emozioni-e-dopamina-convegno-e-mostra\/#breadcrumb","itemListElement":[{"@type":"ListItem","position":1,"name":"Home","item":"https:\/\/arteeluoghi.it\/"},{"@type":"ListItem","position":2,"name":"Emozioni e Dopamina convegno e mostra"}]},{"@type":"Article","@id":"https:\/\/arteeluoghi.it\/index.php\/2019\/12\/06\/emozioni-e-dopamina-convegno-e-mostra\/#article","isPartOf":{"@id":"https:\/\/arteeluoghi.it\/index.php\/2019\/12\/06\/emozioni-e-dopamina-convegno-e-mostra\/#webpage"},"author":{"@id":"https:\/\/arteeluoghi.it\/#\/schema\/person\/f84e814e36e91e01448ee07eaadd41d4"},"headline":"Emozioni e Dopamina convegno e mostra","datePublished":"2019-12-06T18:04:58+00:00","dateModified":"2019-12-07T18:14:49+00:00","mainEntityOfPage":{"@id":"https:\/\/arteeluoghi.it\/index.php\/2019\/12\/06\/emozioni-e-dopamina-convegno-e-mostra\/#webpage"},"wordCount":836,"commentCount":0,"publisher":{"@id":"https:\/\/arteeluoghi.it\/#organization"},"image":{"@id":"https:\/\/arteeluoghi.it\/index.php\/2019\/12\/06\/emozioni-e-dopamina-convegno-e-mostra\/#primaryimage"},"thumbnailUrl":"https:\/\/arteeluoghi.it\/wp-content\/uploads\/2019\/12\/2-LANTI-PASTO-1.jpg","articleSection":["Arte","I luoghi dell'Arte","I luoghi della parola"],"inLanguage":"it-IT","potentialAction":[{"@type":"CommentAction","name":"Comment","target":["https:\/\/arteeluoghi.it\/index.php\/2019\/12\/06\/emozioni-e-dopamina-convegno-e-mostra\/#respond"]}]},{"@type":"Person","@id":"https:\/\/arteeluoghi.it\/#\/schema\/person\/f84e814e36e91e01448ee07eaadd41d4","name":"Staff","image":{"@type":"ImageObject","@id":"https:\/\/arteeluoghi.it\/#personlogo","inLanguage":"it-IT","url":"https:\/\/secure.gravatar.com\/avatar\/49d2f9e46271bb04e19cebfaf141313a?s=96&d=blank&r=g","contentUrl":"https:\/\/secure.gravatar.com\/avatar\/49d2f9e46271bb04e19cebfaf141313a?s=96&d=blank&r=g","caption":"Staff"}}]}},"_links":{"self":[{"href":"https:\/\/arteeluoghi.it\/index.php\/wp-json\/wp\/v2\/posts\/7223"}],"collection":[{"href":"https:\/\/arteeluoghi.it\/index.php\/wp-json\/wp\/v2\/posts"}],"about":[{"href":"https:\/\/arteeluoghi.it\/index.php\/wp-json\/wp\/v2\/types\/post"}],"author":[{"embeddable":true,"href":"https:\/\/arteeluoghi.it\/index.php\/wp-json\/wp\/v2\/users\/1"}],"replies":[{"embeddable":true,"href":"https:\/\/arteeluoghi.it\/index.php\/wp-json\/wp\/v2\/comments?post=7223"}],"version-history":[{"count":3,"href":"https:\/\/arteeluoghi.it\/index.php\/wp-json\/wp\/v2\/posts\/7223\/revisions"}],"predecessor-version":[{"id":7229,"href":"https:\/\/arteeluoghi.it\/index.php\/wp-json\/wp\/v2\/posts\/7223\/revisions\/7229"}],"wp:featuredmedia":[{"embeddable":true,"href":"https:\/\/arteeluoghi.it\/index.php\/wp-json\/wp\/v2\/media\/7225"}],"wp:attachment":[{"href":"https:\/\/arteeluoghi.it\/index.php\/wp-json\/wp\/v2\/media?parent=7223"}],"wp:term":[{"taxonomy":"category","embeddable":true,"href":"https:\/\/arteeluoghi.it\/index.php\/wp-json\/wp\/v2\/categories?post=7223"},{"taxonomy":"post_tag","embeddable":true,"href":"https:\/\/arteeluoghi.it\/index.php\/wp-json\/wp\/v2\/tags?post=7223"}],"curies":[{"name":"wp","href":"https:\/\/api.w.org\/{rel}","templated":true}]}}