{"id":738,"date":"2012-05-19T15:23:13","date_gmt":"2012-05-19T13:23:13","guid":{"rendered":"http:\/\/arteeluoghi.it\/index.php\/2012\/05\/19\/attentato-a-brindisi\/"},"modified":"2017-08-07T00:04:21","modified_gmt":"2017-08-06T22:04:21","slug":"attentato-a-brindisi","status":"publish","type":"post","link":"https:\/\/arteeluoghi.it\/index.php\/2012\/05\/19\/attentato-a-brindisi\/","title":{"rendered":"Attentato a Brindisi"},"content":{"rendered":"<p>\u00a0<\/p>\n<p><img src=\"\/images\/stories\/brindisireportattentato1.jpg\" border=\"0\" title=\"foto tratte dal sito www.brindisireport.it\" width=\"300\" style=\"float: left; margin: 21px; border: 0pt none;\" \/>Questa mattina esplosione davanti all&#8217;Istituto Professionale &#8220;Francesca Morvillo Falcone&#8221;<\/p>\n<p>Una sedicenne perde la vita. Italia in\u00a0 lutto, sospesa la Notte dei Musei<\/p>\n<p><span style=\"font-size: small;\"><strong>Il giorno dell&#8217;orrore e del dolore<\/strong><\/span><\/p>\n<p>di Antonietta Fulvio<\/p>\n<p>\u00a0<\/p>\n<p>Quaderni aperti sull\u2019asfalto. Pagine sfogliate dal vento che sa di morte e di orrore. Rabbia e dolore. Brindisi 19 maggio 2012, ore 7.45: un\u2019esplosione, poi il caos, la paura, il dolore. Immenso quanto assurdo. Le prime immagini, su Brindisi report.it, danno il senso della gravit\u00e0 di quanto accaduto. Morire a sedici anni andando a scuola. Non c\u2019\u00e8 tragedia e nefandezza pi\u00f9 grande. L\u2019attentato a Brindisi ha scosso non solo la citt\u00e0 pugliese ma il Paese intero. Mentre le notizie si accavallano e le indagini sono in corso, una cosa appare chiara. Le mani assassine di chi ha posizionato le bombole di gas nel cassonetto dei rifiuti, addossato alle mura della scuola, voleva uccidere. L\u2019obiettivo: gli studenti dell\u2019Istituto professionale\u00a0 per i Servizi sociali, Moda, Turismo, per lo pi\u00f9 ragazze pendolari che dalla provincia ogni giorno arrivano per dar una forma ai loro sogni, al loro futuro. Per Melissa Bassi non sar\u00e0 pi\u00f9 cos\u00ec.\u00a0 Forse solo per caso si \u00e8 evitata una strage, e il primo pensiero va\u00a0 alla ragazza che oggi ha perso la vita, a Veronica Capodieci che \u00e8 in condizioni gravissime, a tutti gli altri feriti, alle loro famiglie.<\/p>\n<p>Perch\u00e9 colpire una scuola? \u00c8 il primo dei tanti interrogativi che oggi ci si pone, sbigottiti davanti ad un fatto cos\u00ec grave, inaudito\u00a0 e \u201canomalo\u201d come ha dichiarato il ministro Anna Maria Cancellieri.<\/p>\n<p>  <!--more-->  <\/p>\n<p>\u00a0<\/p>\n<p><img src=\"\/images\/stories\/brindisireport attentato.jpg\" border=\"0\" title=\"foto tratte dal sito www.brindisireport.it\" width=\"300\" style=\"float: right; margin: 21px; border: 0pt none;\" \/>Una scuola, bisogna ricordarlo, che incarna il simbolo della lotta alla legalit\u00e0, intitolata non a caso a Francesca Morvillo, moglie di Giovanni Falcone entrambi uccisi dalla mafia nella strage di Capaci vent\u2019anni fa. A pochi giorni da quel triste anniversario, l\u2019attentato alla scuola brindisina rigetta il Paese intero nel terrore. Perch\u00e9 al di l\u00e0 della matrice, che saranno gli investigatori a chiarire, \u00e8 un attentato che attacca il cuore del futuro del nostro Paese: i giovani e il cambiamento che essi rappresentano. E\u2019 un attacco alla cultura con l\u2019intento di demolire la fiducia nelle istituzioni e nella legalit\u00e0. Ma su quell\u2019agor\u00e0 virtuale che \u00e8 la rete ci si sta mobilitando da ogni angolo del paese: da piazza Vittoria a Brindisi in primis, oggi gli italiani scenderanno in piazza per dire no alla mafia, no a chi semina morte e terrore.<\/p>\n<p>Stanotte doveva essere la lunga notte dei Musei aperti, la notte nel segno della cultura e dell\u2019arte, l\u2019elogio della bellezza e della vita. \u201cCon il sofferto silenzio dei luoghi di cultura, si manifester\u00e0, oltre che la condanna di ogni gesto di violenza, la sincera partecipazione al dolore della famiglia della vittima, di tutte le persone coinvolte nell\u2019attentato, di tutta la citt\u00e0 di Brindisi\u201d \u00e8 la nota che giunge dal ministro del MIBAC, Lorenzo Ornaghi, che ha revocato la Notte dei Musei aperti.<\/p>\n<p>Oggi \u00e8 un giorno di lutto per l\u2019intero Paese, i Musei resteranno chiusi, le bandiere saranno ammainate per tre giorni, alle finestre esponiamo un drappo bianco. Oggi pi\u00f9 che mai vengono in mente le parole del magistrato Nino Caponnetto \u00a0<em>La mafia teme pi\u00f9 la scuola della giustizia. L&#8217;istruzione toglie erba sotto i piedi della cultura mafiosa (1994).<\/em><\/p>\n<p>Ieri Giovanni Falcone avrebbe compiuto settantatr\u00e9 anni. Mercoled\u00ec saranno vent\u2019anni dalla strage di Capaci. E il 19 luglio saranno vent\u2019anni dalla strage di via D\u2019Amelio, dove perse la vita, insieme alla sua scorta, il giudice Paolo Borsellino. Oggi, la sorella Rita, commentando l\u2019attentato ha\u00a0 dichiarato \u201cQualunque sia la matrice delle bombe di Brindisi, \u00e8 stato colpito il cuore della lotta per la legalit\u00e0, la scuola\u201d.<\/p>\n<p>E, dunque, i giovani e la possibilit\u00e0 di guardare con occhi nuovi al futuro del Paese che sta attraversando un momento tra i pi\u00f9 delicati e difficili della sua storia. Ma il Paese ha voglia di reagire e ancora una volta la rete diventa strumento di aggregazione, di sensibilizzazione. Si moltiplicano le iniziative e i sit-in nei luoghi simbolo della lotta alla mafia come l\u2019appuntamento a Palermo questo pomeriggio davanti all&#8217;Albero Falcone, meta simbolo della memoria e dell&#8217;impegno antimafia \u00a0e la fiaccolata alle 20 davanti alla scuola intitolata a Giovanni Falcone. E a seguire Napoli, Roma, Milano, Palermo, Firenze, Palermo, Perugia, Ancona, Pescara, Trapani, Fano, Catania, Brescia, Sassari, Genova, Molfetta, Vicenza, San\u00a0 Benedetto del Tronto, Capaci&#8230;<\/p>\n<p>Intanto si scende in piazza, tutti. Per restare uniti, nel dolore come nella lotta. E in attesa di risposte. Di vedere assicurati alla giustizia i responsabili e, che per questi folli assassini ci sia una pena certa, la pi\u00f9 dura possibile, senza sconti.<\/p>\n<p>\u00a0<\/p>\n<p>(Fonte delle foto:\u00a0 www.brindisireport.it &#8211; Giornale quotidiano online di Brindisi e provincia)<\/p>\n<p>Per le notizie in tempo reale: <a href=\"http:\/\/www.facebook.com\/pages\/BrindisiReportit\/129694710394849\" target=\"_blank\">BrindisiReport su Facebook<\/a><br \/> Per eventuali video: <a href=\"http:\/\/www.youtube.com\/brindisireport\" target=\"_blank\">BrindisiReport su YouTube<\/a><\/p>\n<p><em> <\/em><\/p>\n<p><em> <\/em><\/p>\n<p><em> <\/em><\/p>\n<p><em> <\/em><em> <\/em><\/p>\n<p>\u00a0<\/p>\n<hr \/>\n<p>\u00a0<\/p>\n<p>Elenco delle iniziative inprogramma oggi nelle citt\u00e0 italiane<\/p>\n<p>Brindisi ore 18 piazza Vittoria<\/p>\n<p> Milano piazza San Fedele ore 1<span>7<\/p>\n<p> Roma 18.30 davanti al Pantheon<\/p>\n<p> Napoli palazzo San Giacomo ore 18.30<\/p>\n<p> Palermo all\u2019Albero di Falcone (via Notarbartolo) ore 16 e poi ore 20 presidio davanti la scuola Giovanni Falcone<\/p>\n<p> Catania davanti prefettura ore 17<\/p>\n<p> Verona \u2013 Sit-in in Piazza dei Signori (Piazza Dante) ore 18.00<\/p>\n<p> Perugia \u2013 Piazza IV Novembre \u2013 ore 18.00<\/p>\n<p> Firenze presso Biblioteca Nazionale ore 20<\/p>\n<p> Napoli,  Palazzo San Giacomo<\/p>\n<p> Brescia, ore 19 piazza della Loggia<\/p>\n<p> Sassari alle 18 in piazza Castello<\/p>\n<p> Padova ore 19 davanti al Comune<\/p>\n<p> Genova ore 17 Piazza De Ferrari<\/p>\n<p> Ancona  ore 18.00 Piazza Salvo D\u2019Acquisto<\/p>\n<p> Fano (pu) ore 21,00 piazza xx Settembre<\/p>\n<p> Pescara ore 17,30 presidio in Piazza Sacro Cuore, dalle 21,00 in Piazza Salotto<\/p>\n<p> Forte dei Marmi ore 15 in piazza falcone e borsellino<\/p>\n<p> Trapani alle 22, davanti Palazzo Cavarretta<\/p>\n<p> Molfetta, altezza Liceo Classico, appuntamento con sit-in alle 19.00<\/p>\n<p> San Benedetto del Tronto, ore 19, di fronte al Comune<\/p>\n<p> Capaci ore alla casetta \u201cNo mafia\u201d<\/p>\n<p> Macerata ore 19, piazza della Libert\u00e0<\/p>\n<p> Pavia 17,30 presidio in piazza della Vittoria<\/p>\n<p> Parma ore 18:30 in piazza Garibaldi<\/p>\n<p> Vicenza, 16.30 davanti al palazzo del comune, vestiti di bianco<\/p>\n<p> Terlizzi (Bari) ore 19:00 piazza Cavour<\/span><\/p>\n","protected":false},"excerpt":{"rendered":"<p>\u00a0 Questa mattina esplosione davanti all&#8217;Istituto Professionale &#8220;Francesca Morvillo Falcone&#8221; Una sedicenne perde la vita. Italia in\u00a0 lutto, sospesa la<\/p>\n","protected":false},"author":1,"featured_media":0,"comment_status":"open","ping_status":"open","sticky":false,"template":"","format":"standard","meta":[],"categories":[28],"tags":[],"yoast_head":"<!-- This site is optimized with the Yoast SEO plugin v18.0 - https:\/\/yoast.com\/wordpress\/plugins\/seo\/ -->\n<title>Attentato a Brindisi | Arte e Luoghi<\/title>\n<meta name=\"robots\" content=\"index, follow, max-snippet:-1, max-image-preview:large, max-video-preview:-1\" \/>\n<link rel=\"canonical\" href=\"https:\/\/arteeluoghi.it\/index.php\/2012\/05\/19\/attentato-a-brindisi\/\" \/>\n<meta property=\"og:locale\" content=\"it_IT\" \/>\n<meta property=\"og:type\" content=\"article\" \/>\n<meta property=\"og:title\" content=\"Attentato a Brindisi | Arte e Luoghi\" \/>\n<meta property=\"og:description\" content=\"\u00a0 Questa mattina esplosione davanti all&#8217;Istituto Professionale &#8220;Francesca Morvillo Falcone&#8221; Una sedicenne perde la vita. Italia in\u00a0 lutto, sospesa la\" \/>\n<meta property=\"og:url\" content=\"https:\/\/arteeluoghi.it\/index.php\/2012\/05\/19\/attentato-a-brindisi\/\" \/>\n<meta property=\"og:site_name\" content=\"Arte e Luoghi\" \/>\n<meta property=\"article:publisher\" content=\"https:\/\/www.facebook.com\/ArteELuoghi\/\" \/>\n<meta property=\"article:published_time\" content=\"2012-05-19T13:23:13+00:00\" \/>\n<meta property=\"article:modified_time\" content=\"2017-08-06T22:04:21+00:00\" \/>\n<meta property=\"og:image\" content=\"https:\/\/arteeluoghi.it\/images\/stories\/brindisireportattentato1.jpg\" \/>\n<meta name=\"twitter:card\" content=\"summary\" \/>\n<meta name=\"twitter:creator\" content=\"@arteeluoghi\" \/>\n<meta name=\"twitter:site\" content=\"@arteeluoghi\" \/>\n<meta name=\"twitter:label1\" content=\"Scritto da\" \/>\n\t<meta name=\"twitter:data1\" content=\"Staff\" \/>\n\t<meta name=\"twitter:label2\" content=\"Tempo di lettura stimato\" \/>\n\t<meta name=\"twitter:data2\" content=\"5 minuti\" \/>\n<script type=\"application\/ld+json\" class=\"yoast-schema-graph\">{\"@context\":\"https:\/\/schema.org\",\"@graph\":[{\"@type\":\"Organization\",\"@id\":\"https:\/\/arteeluoghi.it\/#organization\",\"name\":\"Arte e Luoghi\",\"url\":\"https:\/\/arteeluoghi.it\/\",\"sameAs\":[\"https:\/\/www.facebook.com\/ArteELuoghi\/\",\"https:\/\/www.instagram.com\/arteeluoghi\/?hl=it\",\"https:\/\/www.youtube.com\/channel\/UCuRVc4JW4-C5sg9rQB-srkw?view_as=subscriber\",\"https:\/\/twitter.com\/arteeluoghi\"],\"logo\":{\"@type\":\"ImageObject\",\"@id\":\"https:\/\/arteeluoghi.it\/#logo\",\"inLanguage\":\"it-IT\",\"url\":\"https:\/\/arteeluoghi.it\/wp-content\/uploads\/2018\/08\/logoinstagramarte.jpg\",\"contentUrl\":\"https:\/\/arteeluoghi.it\/wp-content\/uploads\/2018\/08\/logoinstagramarte.jpg\",\"width\":150,\"height\":150,\"caption\":\"Arte e Luoghi\"},\"image\":{\"@id\":\"https:\/\/arteeluoghi.it\/#logo\"}},{\"@type\":\"WebSite\",\"@id\":\"https:\/\/arteeluoghi.it\/#website\",\"url\":\"https:\/\/arteeluoghi.it\/\",\"name\":\"Arte e Luoghi\",\"description\":\"Mensile di arte, cultura, turismo e curiosit\u00e0\",\"publisher\":{\"@id\":\"https:\/\/arteeluoghi.it\/#organization\"},\"potentialAction\":[{\"@type\":\"SearchAction\",\"target\":{\"@type\":\"EntryPoint\",\"urlTemplate\":\"https:\/\/arteeluoghi.it\/?s={search_term_string}\"},\"query-input\":\"required name=search_term_string\"}],\"inLanguage\":\"it-IT\"},{\"@type\":\"ImageObject\",\"@id\":\"https:\/\/arteeluoghi.it\/index.php\/2012\/05\/19\/attentato-a-brindisi\/#primaryimage\",\"inLanguage\":\"it-IT\",\"url\":\"\/images\/stories\/brindisireportattentato1.jpg\",\"contentUrl\":\"\/images\/stories\/brindisireportattentato1.jpg\"},{\"@type\":\"WebPage\",\"@id\":\"https:\/\/arteeluoghi.it\/index.php\/2012\/05\/19\/attentato-a-brindisi\/#webpage\",\"url\":\"https:\/\/arteeluoghi.it\/index.php\/2012\/05\/19\/attentato-a-brindisi\/\",\"name\":\"Attentato a Brindisi | Arte e Luoghi\",\"isPartOf\":{\"@id\":\"https:\/\/arteeluoghi.it\/#website\"},\"primaryImageOfPage\":{\"@id\":\"https:\/\/arteeluoghi.it\/index.php\/2012\/05\/19\/attentato-a-brindisi\/#primaryimage\"},\"datePublished\":\"2012-05-19T13:23:13+00:00\",\"dateModified\":\"2017-08-06T22:04:21+00:00\",\"breadcrumb\":{\"@id\":\"https:\/\/arteeluoghi.it\/index.php\/2012\/05\/19\/attentato-a-brindisi\/#breadcrumb\"},\"inLanguage\":\"it-IT\",\"potentialAction\":[{\"@type\":\"ReadAction\",\"target\":[\"https:\/\/arteeluoghi.it\/index.php\/2012\/05\/19\/attentato-a-brindisi\/\"]}]},{\"@type\":\"BreadcrumbList\",\"@id\":\"https:\/\/arteeluoghi.it\/index.php\/2012\/05\/19\/attentato-a-brindisi\/#breadcrumb\",\"itemListElement\":[{\"@type\":\"ListItem\",\"position\":1,\"name\":\"Home\",\"item\":\"https:\/\/arteeluoghi.it\/\"},{\"@type\":\"ListItem\",\"position\":2,\"name\":\"Attentato a Brindisi\"}]},{\"@type\":\"Article\",\"@id\":\"https:\/\/arteeluoghi.it\/index.php\/2012\/05\/19\/attentato-a-brindisi\/#article\",\"isPartOf\":{\"@id\":\"https:\/\/arteeluoghi.it\/index.php\/2012\/05\/19\/attentato-a-brindisi\/#webpage\"},\"author\":{\"@id\":\"https:\/\/arteeluoghi.it\/#\/schema\/person\/f84e814e36e91e01448ee07eaadd41d4\"},\"headline\":\"Attentato a Brindisi\",\"datePublished\":\"2012-05-19T13:23:13+00:00\",\"dateModified\":\"2017-08-06T22:04:21+00:00\",\"mainEntityOfPage\":{\"@id\":\"https:\/\/arteeluoghi.it\/index.php\/2012\/05\/19\/attentato-a-brindisi\/#webpage\"},\"wordCount\":974,\"commentCount\":0,\"publisher\":{\"@id\":\"https:\/\/arteeluoghi.it\/#organization\"},\"image\":{\"@id\":\"https:\/\/arteeluoghi.it\/index.php\/2012\/05\/19\/attentato-a-brindisi\/#primaryimage\"},\"thumbnailUrl\":\"\/images\/stories\/brindisireportattentato1.jpg\",\"articleSection\":[\"Notizie\"],\"inLanguage\":\"it-IT\",\"potentialAction\":[{\"@type\":\"CommentAction\",\"name\":\"Comment\",\"target\":[\"https:\/\/arteeluoghi.it\/index.php\/2012\/05\/19\/attentato-a-brindisi\/#respond\"]}]},{\"@type\":\"Person\",\"@id\":\"https:\/\/arteeluoghi.it\/#\/schema\/person\/f84e814e36e91e01448ee07eaadd41d4\",\"name\":\"Staff\",\"image\":{\"@type\":\"ImageObject\",\"@id\":\"https:\/\/arteeluoghi.it\/#personlogo\",\"inLanguage\":\"it-IT\",\"url\":\"https:\/\/secure.gravatar.com\/avatar\/49d2f9e46271bb04e19cebfaf141313a?s=96&d=blank&r=g\",\"contentUrl\":\"https:\/\/secure.gravatar.com\/avatar\/49d2f9e46271bb04e19cebfaf141313a?s=96&d=blank&r=g\",\"caption\":\"Staff\"}}]}<\/script>\n<!-- \/ Yoast SEO plugin. -->","yoast_head_json":{"title":"Attentato a Brindisi | Arte e Luoghi","robots":{"index":"index","follow":"follow","max-snippet":"max-snippet:-1","max-image-preview":"max-image-preview:large","max-video-preview":"max-video-preview:-1"},"canonical":"https:\/\/arteeluoghi.it\/index.php\/2012\/05\/19\/attentato-a-brindisi\/","og_locale":"it_IT","og_type":"article","og_title":"Attentato a Brindisi | Arte e Luoghi","og_description":"\u00a0 Questa mattina esplosione davanti all&#8217;Istituto Professionale &#8220;Francesca Morvillo Falcone&#8221; Una sedicenne perde la vita. Italia in\u00a0 lutto, sospesa la","og_url":"https:\/\/arteeluoghi.it\/index.php\/2012\/05\/19\/attentato-a-brindisi\/","og_site_name":"Arte e Luoghi","article_publisher":"https:\/\/www.facebook.com\/ArteELuoghi\/","article_published_time":"2012-05-19T13:23:13+00:00","article_modified_time":"2017-08-06T22:04:21+00:00","og_image":[{"url":"https:\/\/arteeluoghi.it\/images\/stories\/brindisireportattentato1.jpg"}],"twitter_card":"summary","twitter_creator":"@arteeluoghi","twitter_site":"@arteeluoghi","twitter_misc":{"Scritto da":"Staff","Tempo di lettura stimato":"5 minuti"},"schema":{"@context":"https:\/\/schema.org","@graph":[{"@type":"Organization","@id":"https:\/\/arteeluoghi.it\/#organization","name":"Arte e Luoghi","url":"https:\/\/arteeluoghi.it\/","sameAs":["https:\/\/www.facebook.com\/ArteELuoghi\/","https:\/\/www.instagram.com\/arteeluoghi\/?hl=it","https:\/\/www.youtube.com\/channel\/UCuRVc4JW4-C5sg9rQB-srkw?view_as=subscriber","https:\/\/twitter.com\/arteeluoghi"],"logo":{"@type":"ImageObject","@id":"https:\/\/arteeluoghi.it\/#logo","inLanguage":"it-IT","url":"https:\/\/arteeluoghi.it\/wp-content\/uploads\/2018\/08\/logoinstagramarte.jpg","contentUrl":"https:\/\/arteeluoghi.it\/wp-content\/uploads\/2018\/08\/logoinstagramarte.jpg","width":150,"height":150,"caption":"Arte e Luoghi"},"image":{"@id":"https:\/\/arteeluoghi.it\/#logo"}},{"@type":"WebSite","@id":"https:\/\/arteeluoghi.it\/#website","url":"https:\/\/arteeluoghi.it\/","name":"Arte e Luoghi","description":"Mensile di arte, cultura, turismo e curiosit\u00e0","publisher":{"@id":"https:\/\/arteeluoghi.it\/#organization"},"potentialAction":[{"@type":"SearchAction","target":{"@type":"EntryPoint","urlTemplate":"https:\/\/arteeluoghi.it\/?s={search_term_string}"},"query-input":"required name=search_term_string"}],"inLanguage":"it-IT"},{"@type":"ImageObject","@id":"https:\/\/arteeluoghi.it\/index.php\/2012\/05\/19\/attentato-a-brindisi\/#primaryimage","inLanguage":"it-IT","url":"\/images\/stories\/brindisireportattentato1.jpg","contentUrl":"\/images\/stories\/brindisireportattentato1.jpg"},{"@type":"WebPage","@id":"https:\/\/arteeluoghi.it\/index.php\/2012\/05\/19\/attentato-a-brindisi\/#webpage","url":"https:\/\/arteeluoghi.it\/index.php\/2012\/05\/19\/attentato-a-brindisi\/","name":"Attentato a Brindisi | Arte e Luoghi","isPartOf":{"@id":"https:\/\/arteeluoghi.it\/#website"},"primaryImageOfPage":{"@id":"https:\/\/arteeluoghi.it\/index.php\/2012\/05\/19\/attentato-a-brindisi\/#primaryimage"},"datePublished":"2012-05-19T13:23:13+00:00","dateModified":"2017-08-06T22:04:21+00:00","breadcrumb":{"@id":"https:\/\/arteeluoghi.it\/index.php\/2012\/05\/19\/attentato-a-brindisi\/#breadcrumb"},"inLanguage":"it-IT","potentialAction":[{"@type":"ReadAction","target":["https:\/\/arteeluoghi.it\/index.php\/2012\/05\/19\/attentato-a-brindisi\/"]}]},{"@type":"BreadcrumbList","@id":"https:\/\/arteeluoghi.it\/index.php\/2012\/05\/19\/attentato-a-brindisi\/#breadcrumb","itemListElement":[{"@type":"ListItem","position":1,"name":"Home","item":"https:\/\/arteeluoghi.it\/"},{"@type":"ListItem","position":2,"name":"Attentato a Brindisi"}]},{"@type":"Article","@id":"https:\/\/arteeluoghi.it\/index.php\/2012\/05\/19\/attentato-a-brindisi\/#article","isPartOf":{"@id":"https:\/\/arteeluoghi.it\/index.php\/2012\/05\/19\/attentato-a-brindisi\/#webpage"},"author":{"@id":"https:\/\/arteeluoghi.it\/#\/schema\/person\/f84e814e36e91e01448ee07eaadd41d4"},"headline":"Attentato a Brindisi","datePublished":"2012-05-19T13:23:13+00:00","dateModified":"2017-08-06T22:04:21+00:00","mainEntityOfPage":{"@id":"https:\/\/arteeluoghi.it\/index.php\/2012\/05\/19\/attentato-a-brindisi\/#webpage"},"wordCount":974,"commentCount":0,"publisher":{"@id":"https:\/\/arteeluoghi.it\/#organization"},"image":{"@id":"https:\/\/arteeluoghi.it\/index.php\/2012\/05\/19\/attentato-a-brindisi\/#primaryimage"},"thumbnailUrl":"\/images\/stories\/brindisireportattentato1.jpg","articleSection":["Notizie"],"inLanguage":"it-IT","potentialAction":[{"@type":"CommentAction","name":"Comment","target":["https:\/\/arteeluoghi.it\/index.php\/2012\/05\/19\/attentato-a-brindisi\/#respond"]}]},{"@type":"Person","@id":"https:\/\/arteeluoghi.it\/#\/schema\/person\/f84e814e36e91e01448ee07eaadd41d4","name":"Staff","image":{"@type":"ImageObject","@id":"https:\/\/arteeluoghi.it\/#personlogo","inLanguage":"it-IT","url":"https:\/\/secure.gravatar.com\/avatar\/49d2f9e46271bb04e19cebfaf141313a?s=96&d=blank&r=g","contentUrl":"https:\/\/secure.gravatar.com\/avatar\/49d2f9e46271bb04e19cebfaf141313a?s=96&d=blank&r=g","caption":"Staff"}}]}},"_links":{"self":[{"href":"https:\/\/arteeluoghi.it\/index.php\/wp-json\/wp\/v2\/posts\/738"}],"collection":[{"href":"https:\/\/arteeluoghi.it\/index.php\/wp-json\/wp\/v2\/posts"}],"about":[{"href":"https:\/\/arteeluoghi.it\/index.php\/wp-json\/wp\/v2\/types\/post"}],"author":[{"embeddable":true,"href":"https:\/\/arteeluoghi.it\/index.php\/wp-json\/wp\/v2\/users\/1"}],"replies":[{"embeddable":true,"href":"https:\/\/arteeluoghi.it\/index.php\/wp-json\/wp\/v2\/comments?post=738"}],"version-history":[{"count":1,"href":"https:\/\/arteeluoghi.it\/index.php\/wp-json\/wp\/v2\/posts\/738\/revisions"}],"predecessor-version":[{"id":3138,"href":"https:\/\/arteeluoghi.it\/index.php\/wp-json\/wp\/v2\/posts\/738\/revisions\/3138"}],"wp:attachment":[{"href":"https:\/\/arteeluoghi.it\/index.php\/wp-json\/wp\/v2\/media?parent=738"}],"wp:term":[{"taxonomy":"category","embeddable":true,"href":"https:\/\/arteeluoghi.it\/index.php\/wp-json\/wp\/v2\/categories?post=738"},{"taxonomy":"post_tag","embeddable":true,"href":"https:\/\/arteeluoghi.it\/index.php\/wp-json\/wp\/v2\/tags?post=738"}],"curies":[{"name":"wp","href":"https:\/\/api.w.org\/{rel}","templated":true}]}}