{"id":7459,"date":"2020-01-27T21:04:34","date_gmt":"2020-01-27T20:04:34","guid":{"rendered":"https:\/\/arteeluoghi.it\/?p=7459"},"modified":"2020-01-28T21:05:57","modified_gmt":"2020-01-28T20:05:57","slug":"internato-159534-il-libro-nicola-santoro-e-il-valore-della-memoria","status":"publish","type":"post","link":"https:\/\/arteeluoghi.it\/index.php\/2020\/01\/27\/internato-159534-il-libro-nicola-santoro-e-il-valore-della-memoria\/","title":{"rendered":"Internato 159534. Il libro Nicola Santoro e il valore della memoria"},"content":{"rendered":"\n<p>LECCE. Nella ricorrenza del Giorno della Memoria, \u00e8 stato presentata in mattinata,\u00a0 a Palazzo Adorno, a Lecce, la seconda edizione di \u201cInternato 159534\u201d, edito da Il Raggio Verde, volume che raccoglie la testimonianza ed i ricordi di Nicola Santoro, militare salentino internato nel campo di lavoro nazista di Treuenbrietzen, in Germania, oltre al diario di Fernando Simeone, un suo amico internato nello stesso campo e scomparso nel 2010.<\/p>\n\n\n\n<!--more-->\n\n\n\n<ul class=\"wp-block-gallery columns-3 is-cropped\"><li class=\"blocks-gallery-item\"><figure><img loading=\"lazy\" width=\"1024\" height=\"768\" src=\"https:\/\/arteeluoghi.it\/wp-content\/uploads\/2020\/01\/Nicola-Santoro_internato_Provincia.2-1024x768.jpg\" alt=\"\" data-id=\"7460\" data-link=\"https:\/\/arteeluoghi.it\/?attachment_id=7460\" class=\"wp-image-7460\" srcset=\"https:\/\/arteeluoghi.it\/wp-content\/uploads\/2020\/01\/Nicola-Santoro_internato_Provincia.2-1024x768.jpg 1024w, https:\/\/arteeluoghi.it\/wp-content\/uploads\/2020\/01\/Nicola-Santoro_internato_Provincia.2-300x225.jpg 300w, https:\/\/arteeluoghi.it\/wp-content\/uploads\/2020\/01\/Nicola-Santoro_internato_Provincia.2-768x576.jpg 768w, https:\/\/arteeluoghi.it\/wp-content\/uploads\/2020\/01\/Nicola-Santoro_internato_Provincia.2.jpg 1600w\" sizes=\"(max-width: 1024px) 100vw, 1024px\" \/><\/figure><\/li><li class=\"blocks-gallery-item\"><figure><img loading=\"lazy\" width=\"768\" height=\"1024\" src=\"https:\/\/arteeluoghi.it\/wp-content\/uploads\/2020\/01\/Nicola-Santoro_internato_Provincia.3-768x1024.jpg\" alt=\"\" data-id=\"7461\" data-link=\"https:\/\/arteeluoghi.it\/?attachment_id=7461\" class=\"wp-image-7461\" srcset=\"https:\/\/arteeluoghi.it\/wp-content\/uploads\/2020\/01\/Nicola-Santoro_internato_Provincia.3-768x1024.jpg 768w, https:\/\/arteeluoghi.it\/wp-content\/uploads\/2020\/01\/Nicola-Santoro_internato_Provincia.3-225x300.jpg 225w, https:\/\/arteeluoghi.it\/wp-content\/uploads\/2020\/01\/Nicola-Santoro_internato_Provincia.3.jpg 1200w\" sizes=\"(max-width: 768px) 100vw, 768px\" \/><\/figure><\/li><li class=\"blocks-gallery-item\"><figure><img loading=\"lazy\" width=\"1024\" height=\"768\" src=\"https:\/\/arteeluoghi.it\/wp-content\/uploads\/2020\/01\/Nicola-Santoro_internato_Provincia.4-1024x768.jpg\" alt=\"\" data-id=\"7462\" data-link=\"https:\/\/arteeluoghi.it\/?attachment_id=7462\" class=\"wp-image-7462\" srcset=\"https:\/\/arteeluoghi.it\/wp-content\/uploads\/2020\/01\/Nicola-Santoro_internato_Provincia.4-1024x768.jpg 1024w, https:\/\/arteeluoghi.it\/wp-content\/uploads\/2020\/01\/Nicola-Santoro_internato_Provincia.4-300x225.jpg 300w, https:\/\/arteeluoghi.it\/wp-content\/uploads\/2020\/01\/Nicola-Santoro_internato_Provincia.4-768x576.jpg 768w, https:\/\/arteeluoghi.it\/wp-content\/uploads\/2020\/01\/Nicola-Santoro_internato_Provincia.4.jpg 1600w\" sizes=\"(max-width: 1024px) 100vw, 1024px\" \/><\/figure><\/li><li class=\"blocks-gallery-item\"><figure><img loading=\"lazy\" width=\"1024\" height=\"768\" src=\"https:\/\/arteeluoghi.it\/wp-content\/uploads\/2020\/01\/Nicola-Santoro_internato_Provincia.5-1024x768.jpg\" alt=\"\" data-id=\"7463\" data-link=\"https:\/\/arteeluoghi.it\/?attachment_id=7463\" class=\"wp-image-7463\" srcset=\"https:\/\/arteeluoghi.it\/wp-content\/uploads\/2020\/01\/Nicola-Santoro_internato_Provincia.5-1024x768.jpg 1024w, https:\/\/arteeluoghi.it\/wp-content\/uploads\/2020\/01\/Nicola-Santoro_internato_Provincia.5-300x225.jpg 300w, https:\/\/arteeluoghi.it\/wp-content\/uploads\/2020\/01\/Nicola-Santoro_internato_Provincia.5-768x576.jpg 768w, https:\/\/arteeluoghi.it\/wp-content\/uploads\/2020\/01\/Nicola-Santoro_internato_Provincia.5.jpg 1600w\" sizes=\"(max-width: 1024px) 100vw, 1024px\" \/><\/figure><\/li><li class=\"blocks-gallery-item\"><figure><img loading=\"lazy\" width=\"1024\" height=\"768\" src=\"https:\/\/arteeluoghi.it\/wp-content\/uploads\/2020\/01\/Nicola-Santoro_internato_Provincia.6-1024x768.jpg\" alt=\"\" data-id=\"7464\" data-link=\"https:\/\/arteeluoghi.it\/?attachment_id=7464\" class=\"wp-image-7464\" srcset=\"https:\/\/arteeluoghi.it\/wp-content\/uploads\/2020\/01\/Nicola-Santoro_internato_Provincia.6-1024x768.jpg 1024w, https:\/\/arteeluoghi.it\/wp-content\/uploads\/2020\/01\/Nicola-Santoro_internato_Provincia.6-300x225.jpg 300w, https:\/\/arteeluoghi.it\/wp-content\/uploads\/2020\/01\/Nicola-Santoro_internato_Provincia.6-768x576.jpg 768w, https:\/\/arteeluoghi.it\/wp-content\/uploads\/2020\/01\/Nicola-Santoro_internato_Provincia.6.jpg 1600w\" sizes=\"(max-width: 1024px) 100vw, 1024px\" \/><\/figure><\/li><li class=\"blocks-gallery-item\"><figure><img loading=\"lazy\" width=\"1024\" height=\"768\" src=\"https:\/\/arteeluoghi.it\/wp-content\/uploads\/2020\/01\/Nicola-Santoro_internato_Provincia-1024x768.jpg\" alt=\"\" data-id=\"7465\" data-link=\"https:\/\/arteeluoghi.it\/?attachment_id=7465\" class=\"wp-image-7465\" srcset=\"https:\/\/arteeluoghi.it\/wp-content\/uploads\/2020\/01\/Nicola-Santoro_internato_Provincia-1024x768.jpg 1024w, https:\/\/arteeluoghi.it\/wp-content\/uploads\/2020\/01\/Nicola-Santoro_internato_Provincia-300x225.jpg 300w, https:\/\/arteeluoghi.it\/wp-content\/uploads\/2020\/01\/Nicola-Santoro_internato_Provincia-768x576.jpg 768w, https:\/\/arteeluoghi.it\/wp-content\/uploads\/2020\/01\/Nicola-Santoro_internato_Provincia.jpg 1600w\" sizes=\"(max-width: 1024px) 100vw, 1024px\" \/><\/figure><\/li><\/ul>\n\n\n\n<p>Sono intervenuti Andrea Romano, capo di gabinetto della Provincia di Lecce, Antonio\nMelcore, sindaco di Cursi, Loredana\nDi Cuonzo, che ha curato la prefazione, Antonietta\nFulvio, per la casa editrice \u201cIl Raggio Verde\u201d, l\u2019autore e protagonista\ndel libro il 96 enne Nicola Santoro, eccezionale e\nlucido testimone degli orrori della guerra, accompagnato dal figlio Edoardo\nSantoro, ex primo cittadino del Comune di Cursi.<\/p>\n\n\n\n<ul class=\"wp-block-gallery columns-0 is-cropped\"><\/ul>\n\n\n\n<p>&nbsp; \u201cPresentiamo un\nlibro bellissimo, che racconta uno spaccato della vita di un nostro grande\nsalentino e con esso la storia degli internati. Si parla tanto di public\nhistory. Attraverso la storia personale di chi \u00e8 stato coinvolto direttamente,\ncome il nostro Nicola Santoro, riusciamo a capire quanto la storia non sia qualcosa\nlontano da noi, ma qualcosa di molto vicino. E\u2019 un grande onore e una grande\nresponsabilit\u00e0 quella di cogliere dal suo sacrificio, dal suo sforzo, tutti gli\ninsegnamenti necessari per determinare le condizioni che rendano impossibile il\nripetersi di una storia cos\u00ec triste\u201d, ha evidenziato\nil capo di gabinetto Andrea Romano.<\/p>\n\n\n\n<p><strong>&nbsp;<\/strong><strong>Santoro<\/strong>, classe 1924,\n\u00e8 nato e vive a <strong>Cursi<\/strong>. Secondo di sette figli, a 19 anni venne arruolato\nnel giugno del 1943 con l\u2019incarico di marconista del Genio militare, presso la\ncaserma di Udine. Fatto prigioniero dopo l\u20198 settembre del \u201843, trascorse due\nanni nel campo di lavoro di Treuenbrietzen. Venne liberato dall\u2019Armata Russa il\n21 aprile del 1945 e giunse a Cursi dopo aver percorso 2.600 chilometri a\npiedi, il 10 luglio del \u201845.<\/p>\n\n\n\n<p>&nbsp; Il sindaco di Cursi Antonio\nMelcore ha affermato: \u201cEssere il sindaco della comunit\u00e0 in cui vive Nicola \u00e8 per\nme motivo di grande orgoglio. Siamo fortunati, quindi, noi che possiamo\nascoltare Nicolino, ascoltare la voce di chi queste tragedie le ha vissute\nsulla propria pelle, provare quelle emozioni che nessun documentario e nessun\nfilm ci possono trasmettere\u201d. <\/p>\n\n\n\n<p>Furono 600mila\ni soldati italiani che non accettarono di continuare a combattere al fianco dei\ntedeschi e, per questo, furono tutti avviati al lavoro coatto e allo sterminio.\nFu un dettaglio burocratico, una definizione che in pratica li ridusse in\nschiavit\u00f9: Hitler dispose che i prigionieri di guerra italiani non godessero\ndello status che li avrebbe posti sotto la protezione della Convenzione di\nGinevra, ma venissero invece etichettati come <strong>I.M.I., Militari Italiani\nInternati<\/strong>, cio\u00e8 manovalanza a basso costo e senza possibilit\u00e0 di ottenere i\nsussidi della Croce Rossa Internazionale. Tutti aspetti ripercorsi in\ndettaglio, nel corso della conferenza stampa odierna, da <strong>Edoardo Santoro. <\/strong><\/p>\n\n\n\n<p>Con la\ncostituzione della Repubblica di Sal\u00f2, agli I.M.I. fu offerta la possibilit\u00e0 di\naderire e di rientrare cos\u00ec in Italia. La maggior parte di essi, come Nicola\nSantoro, rifiut\u00f2 e rimase nei campi nazisti. Ancora non \u00e8 stato possibile\naccertare il numero effettivo di chi non sopravvisse alla inumana condizione\ndei campi, alla fame, agli stenti, alle malattie, al duro lavoro della\nprigionia. <\/p>\n\n\n\n<p>159534 \u00e8 il\nnumero che fece perdere a \u201cNicolino\u201d la dignit\u00e0 di uomo e a farlo sentire solo\nun \u201cdimenticato\u201d.<\/p>\n\n\n\n<p>La dirigente scolastica del Liceo Classico \u201cPalmieri\u201d di\nLecce Loredana\nDi Cuonzo, che ha curato la prefazione del volume,\nha dichiarato: \u201cAl Palmieri c\u2019\u00e8 stata la prima testimonianza in assoluto\ndell\u2019internato n.159534. Nicolino \u00e8 uno straordinario attrattore. Il suo\nracconto \u00e8 stato come un\u2019illuminazione per tanti ragazzi che, ancora una volta,\nsono la testimonianza di quanto sia importante formare\u201d.<\/p>\n\n\n\n<p>&nbsp; Antonietta\nFulvio della casa editrice Il Raggio verde, nell\u2019annunciare che\nil volume\ndiventer\u00e0 presto anche un ebook, ha evidenziato: \u201cIl\ntitolo di questo libro Internato 159534 vuole porre proprio l\u2019attenzione,\nfocalizzarla su questo: noi non siamo numeri. Noi siamo persone. Nicola\nSantoro, con la sua testimonianza, con il suo girovagare di scuola in scuola,\nd\u00e0 l\u2019opportunit\u00e0 di riflettere ad ognuno di noi\u201d.<\/p>\n\n\n\n<p>A chiudere l\u2019incontro con i giornalisti le parole lucide e forti di Nicola Santoro che ha ammonito: \u201c Odiate tutte le dittature, odiate tutti i dittatori\u201d. <\/p>\n\n\n\n<p>(fonte: comunicato stampa)<\/p>\n","protected":false},"excerpt":{"rendered":"<p>LECCE. Nella ricorrenza del Giorno della Memoria, \u00e8 stato presentata in mattinata,\u00a0 a Palazzo Adorno, a Lecce, la seconda edizione<\/p>\n","protected":false},"author":1,"featured_media":7461,"comment_status":"open","ping_status":"open","sticky":true,"template":"","format":"standard","meta":[],"categories":[17,28],"tags":[1981,1984,1482,1980,1481,1983,1982],"yoast_head":"<!-- This site is optimized with the Yoast SEO plugin v18.0 - https:\/\/yoast.com\/wordpress\/plugins\/seo\/ -->\n<title>Internato 159534. Il libro Nicola Santoro e il valore della memoria | Arte e Luoghi<\/title>\n<meta name=\"description\" content=\"Con la costituzione della Repubblica di Sal\u00f2, agli I.M.I. fu offerta la possibilit\u00e0 di aderire e di rientrare cos\u00ec in Italia. La maggior parte di essi, come Nicola Santoro, rifiut\u00f2 e rimase nei campi nazisti. Ancora non \u00e8 stato possibile accertare il numero effettivo di chi non sopravvisse alla inumana condizione dei campi, alla fame, agli stenti, alle malattie, al duro lavoro della prigionia.\" \/>\n<meta name=\"robots\" content=\"index, follow, max-snippet:-1, max-image-preview:large, max-video-preview:-1\" \/>\n<link rel=\"canonical\" href=\"https:\/\/arteeluoghi.it\/index.php\/2020\/01\/27\/internato-159534-il-libro-nicola-santoro-e-il-valore-della-memoria\/\" \/>\n<meta property=\"og:locale\" content=\"it_IT\" \/>\n<meta property=\"og:type\" content=\"article\" \/>\n<meta property=\"og:title\" content=\"Internato 159534. Il libro Nicola Santoro e il valore della memoria | Arte e Luoghi\" \/>\n<meta property=\"og:description\" content=\"Con la costituzione della Repubblica di Sal\u00f2, agli I.M.I. fu offerta la possibilit\u00e0 di aderire e di rientrare cos\u00ec in Italia. La maggior parte di essi, come Nicola Santoro, rifiut\u00f2 e rimase nei campi nazisti. Ancora non \u00e8 stato possibile accertare il numero effettivo di chi non sopravvisse alla inumana condizione dei campi, alla fame, agli stenti, alle malattie, al duro lavoro della prigionia.\" \/>\n<meta property=\"og:url\" content=\"https:\/\/arteeluoghi.it\/index.php\/2020\/01\/27\/internato-159534-il-libro-nicola-santoro-e-il-valore-della-memoria\/\" \/>\n<meta property=\"og:site_name\" content=\"Arte e Luoghi\" \/>\n<meta property=\"article:publisher\" content=\"https:\/\/www.facebook.com\/ArteELuoghi\/\" \/>\n<meta property=\"article:published_time\" content=\"2020-01-27T20:04:34+00:00\" \/>\n<meta property=\"article:modified_time\" content=\"2020-01-28T20:05:57+00:00\" \/>\n<meta property=\"og:image\" content=\"https:\/\/arteeluoghi.it\/wp-content\/uploads\/2020\/01\/Nicola-Santoro_internato_Provincia.3.jpg\" \/>\n\t<meta property=\"og:image:width\" content=\"1200\" \/>\n\t<meta property=\"og:image:height\" content=\"1600\" \/>\n\t<meta property=\"og:image:type\" content=\"image\/jpeg\" \/>\n<meta name=\"twitter:card\" content=\"summary\" \/>\n<meta name=\"twitter:creator\" content=\"@arteeluoghi\" \/>\n<meta name=\"twitter:site\" content=\"@arteeluoghi\" \/>\n<meta name=\"twitter:label1\" content=\"Scritto da\" \/>\n\t<meta name=\"twitter:data1\" content=\"Staff\" \/>\n\t<meta name=\"twitter:label2\" content=\"Tempo di lettura stimato\" \/>\n\t<meta name=\"twitter:data2\" content=\"3 minuti\" \/>\n<script type=\"application\/ld+json\" class=\"yoast-schema-graph\">{\"@context\":\"https:\/\/schema.org\",\"@graph\":[{\"@type\":\"Organization\",\"@id\":\"https:\/\/arteeluoghi.it\/#organization\",\"name\":\"Arte e Luoghi\",\"url\":\"https:\/\/arteeluoghi.it\/\",\"sameAs\":[\"https:\/\/www.facebook.com\/ArteELuoghi\/\",\"https:\/\/www.instagram.com\/arteeluoghi\/?hl=it\",\"https:\/\/www.youtube.com\/channel\/UCuRVc4JW4-C5sg9rQB-srkw?view_as=subscriber\",\"https:\/\/twitter.com\/arteeluoghi\"],\"logo\":{\"@type\":\"ImageObject\",\"@id\":\"https:\/\/arteeluoghi.it\/#logo\",\"inLanguage\":\"it-IT\",\"url\":\"https:\/\/arteeluoghi.it\/wp-content\/uploads\/2018\/08\/logoinstagramarte.jpg\",\"contentUrl\":\"https:\/\/arteeluoghi.it\/wp-content\/uploads\/2018\/08\/logoinstagramarte.jpg\",\"width\":150,\"height\":150,\"caption\":\"Arte e Luoghi\"},\"image\":{\"@id\":\"https:\/\/arteeluoghi.it\/#logo\"}},{\"@type\":\"WebSite\",\"@id\":\"https:\/\/arteeluoghi.it\/#website\",\"url\":\"https:\/\/arteeluoghi.it\/\",\"name\":\"Arte e Luoghi\",\"description\":\"Mensile di arte, cultura, turismo e curiosit\u00e0\",\"publisher\":{\"@id\":\"https:\/\/arteeluoghi.it\/#organization\"},\"potentialAction\":[{\"@type\":\"SearchAction\",\"target\":{\"@type\":\"EntryPoint\",\"urlTemplate\":\"https:\/\/arteeluoghi.it\/?s={search_term_string}\"},\"query-input\":\"required name=search_term_string\"}],\"inLanguage\":\"it-IT\"},{\"@type\":\"ImageObject\",\"@id\":\"https:\/\/arteeluoghi.it\/index.php\/2020\/01\/27\/internato-159534-il-libro-nicola-santoro-e-il-valore-della-memoria\/#primaryimage\",\"inLanguage\":\"it-IT\",\"url\":\"https:\/\/arteeluoghi.it\/wp-content\/uploads\/2020\/01\/Nicola-Santoro_internato_Provincia.3.jpg\",\"contentUrl\":\"https:\/\/arteeluoghi.it\/wp-content\/uploads\/2020\/01\/Nicola-Santoro_internato_Provincia.3.jpg\",\"width\":1200,\"height\":1600},{\"@type\":\"WebPage\",\"@id\":\"https:\/\/arteeluoghi.it\/index.php\/2020\/01\/27\/internato-159534-il-libro-nicola-santoro-e-il-valore-della-memoria\/#webpage\",\"url\":\"https:\/\/arteeluoghi.it\/index.php\/2020\/01\/27\/internato-159534-il-libro-nicola-santoro-e-il-valore-della-memoria\/\",\"name\":\"Internato 159534. Il libro Nicola Santoro e il valore della memoria | Arte e Luoghi\",\"isPartOf\":{\"@id\":\"https:\/\/arteeluoghi.it\/#website\"},\"primaryImageOfPage\":{\"@id\":\"https:\/\/arteeluoghi.it\/index.php\/2020\/01\/27\/internato-159534-il-libro-nicola-santoro-e-il-valore-della-memoria\/#primaryimage\"},\"datePublished\":\"2020-01-27T20:04:34+00:00\",\"dateModified\":\"2020-01-28T20:05:57+00:00\",\"description\":\"Con la costituzione della Repubblica di Sal\u00f2, agli I.M.I. fu offerta la possibilit\u00e0 di aderire e di rientrare cos\u00ec in Italia. La maggior parte di essi, come Nicola Santoro, rifiut\u00f2 e rimase nei campi nazisti. Ancora non \u00e8 stato possibile accertare il numero effettivo di chi non sopravvisse alla inumana condizione dei campi, alla fame, agli stenti, alle malattie, al duro lavoro della prigionia.\",\"breadcrumb\":{\"@id\":\"https:\/\/arteeluoghi.it\/index.php\/2020\/01\/27\/internato-159534-il-libro-nicola-santoro-e-il-valore-della-memoria\/#breadcrumb\"},\"inLanguage\":\"it-IT\",\"potentialAction\":[{\"@type\":\"ReadAction\",\"target\":[\"https:\/\/arteeluoghi.it\/index.php\/2020\/01\/27\/internato-159534-il-libro-nicola-santoro-e-il-valore-della-memoria\/\"]}]},{\"@type\":\"BreadcrumbList\",\"@id\":\"https:\/\/arteeluoghi.it\/index.php\/2020\/01\/27\/internato-159534-il-libro-nicola-santoro-e-il-valore-della-memoria\/#breadcrumb\",\"itemListElement\":[{\"@type\":\"ListItem\",\"position\":1,\"name\":\"Home\",\"item\":\"https:\/\/arteeluoghi.it\/\"},{\"@type\":\"ListItem\",\"position\":2,\"name\":\"Internato 159534. Il libro Nicola Santoro e il valore della memoria\"}]},{\"@type\":\"Article\",\"@id\":\"https:\/\/arteeluoghi.it\/index.php\/2020\/01\/27\/internato-159534-il-libro-nicola-santoro-e-il-valore-della-memoria\/#article\",\"isPartOf\":{\"@id\":\"https:\/\/arteeluoghi.it\/index.php\/2020\/01\/27\/internato-159534-il-libro-nicola-santoro-e-il-valore-della-memoria\/#webpage\"},\"author\":{\"@id\":\"https:\/\/arteeluoghi.it\/#\/schema\/person\/f84e814e36e91e01448ee07eaadd41d4\"},\"headline\":\"Internato 159534. Il libro Nicola Santoro e il valore della memoria\",\"datePublished\":\"2020-01-27T20:04:34+00:00\",\"dateModified\":\"2020-01-28T20:05:57+00:00\",\"mainEntityOfPage\":{\"@id\":\"https:\/\/arteeluoghi.it\/index.php\/2020\/01\/27\/internato-159534-il-libro-nicola-santoro-e-il-valore-della-memoria\/#webpage\"},\"wordCount\":707,\"commentCount\":0,\"publisher\":{\"@id\":\"https:\/\/arteeluoghi.it\/#organization\"},\"image\":{\"@id\":\"https:\/\/arteeluoghi.it\/index.php\/2020\/01\/27\/internato-159534-il-libro-nicola-santoro-e-il-valore-della-memoria\/#primaryimage\"},\"thumbnailUrl\":\"https:\/\/arteeluoghi.it\/wp-content\/uploads\/2020\/01\/Nicola-Santoro_internato_Provincia.3.jpg\",\"keywords\":[\"dittatura\",\"Germania\",\"IMI\",\"Internato 159534\",\"Nicola Santoro\",\"Repubblica di Sal\u00f2\",\"shoah\"],\"articleSection\":[\"LIBRI\",\"Notizie\"],\"inLanguage\":\"it-IT\",\"potentialAction\":[{\"@type\":\"CommentAction\",\"name\":\"Comment\",\"target\":[\"https:\/\/arteeluoghi.it\/index.php\/2020\/01\/27\/internato-159534-il-libro-nicola-santoro-e-il-valore-della-memoria\/#respond\"]}]},{\"@type\":\"Person\",\"@id\":\"https:\/\/arteeluoghi.it\/#\/schema\/person\/f84e814e36e91e01448ee07eaadd41d4\",\"name\":\"Staff\",\"image\":{\"@type\":\"ImageObject\",\"@id\":\"https:\/\/arteeluoghi.it\/#personlogo\",\"inLanguage\":\"it-IT\",\"url\":\"https:\/\/secure.gravatar.com\/avatar\/49d2f9e46271bb04e19cebfaf141313a?s=96&d=blank&r=g\",\"contentUrl\":\"https:\/\/secure.gravatar.com\/avatar\/49d2f9e46271bb04e19cebfaf141313a?s=96&d=blank&r=g\",\"caption\":\"Staff\"}}]}<\/script>\n<!-- \/ Yoast SEO plugin. -->","yoast_head_json":{"title":"Internato 159534. Il libro Nicola Santoro e il valore della memoria | Arte e Luoghi","description":"Con la costituzione della Repubblica di Sal\u00f2, agli I.M.I. fu offerta la possibilit\u00e0 di aderire e di rientrare cos\u00ec in Italia. La maggior parte di essi, come Nicola Santoro, rifiut\u00f2 e rimase nei campi nazisti. Ancora non \u00e8 stato possibile accertare il numero effettivo di chi non sopravvisse alla inumana condizione dei campi, alla fame, agli stenti, alle malattie, al duro lavoro della prigionia.","robots":{"index":"index","follow":"follow","max-snippet":"max-snippet:-1","max-image-preview":"max-image-preview:large","max-video-preview":"max-video-preview:-1"},"canonical":"https:\/\/arteeluoghi.it\/index.php\/2020\/01\/27\/internato-159534-il-libro-nicola-santoro-e-il-valore-della-memoria\/","og_locale":"it_IT","og_type":"article","og_title":"Internato 159534. Il libro Nicola Santoro e il valore della memoria | Arte e Luoghi","og_description":"Con la costituzione della Repubblica di Sal\u00f2, agli I.M.I. fu offerta la possibilit\u00e0 di aderire e di rientrare cos\u00ec in Italia. La maggior parte di essi, come Nicola Santoro, rifiut\u00f2 e rimase nei campi nazisti. Ancora non \u00e8 stato possibile accertare il numero effettivo di chi non sopravvisse alla inumana condizione dei campi, alla fame, agli stenti, alle malattie, al duro lavoro della prigionia.","og_url":"https:\/\/arteeluoghi.it\/index.php\/2020\/01\/27\/internato-159534-il-libro-nicola-santoro-e-il-valore-della-memoria\/","og_site_name":"Arte e Luoghi","article_publisher":"https:\/\/www.facebook.com\/ArteELuoghi\/","article_published_time":"2020-01-27T20:04:34+00:00","article_modified_time":"2020-01-28T20:05:57+00:00","og_image":[{"width":1200,"height":1600,"url":"https:\/\/arteeluoghi.it\/wp-content\/uploads\/2020\/01\/Nicola-Santoro_internato_Provincia.3.jpg","type":"image\/jpeg"}],"twitter_card":"summary","twitter_creator":"@arteeluoghi","twitter_site":"@arteeluoghi","twitter_misc":{"Scritto da":"Staff","Tempo di lettura stimato":"3 minuti"},"schema":{"@context":"https:\/\/schema.org","@graph":[{"@type":"Organization","@id":"https:\/\/arteeluoghi.it\/#organization","name":"Arte e Luoghi","url":"https:\/\/arteeluoghi.it\/","sameAs":["https:\/\/www.facebook.com\/ArteELuoghi\/","https:\/\/www.instagram.com\/arteeluoghi\/?hl=it","https:\/\/www.youtube.com\/channel\/UCuRVc4JW4-C5sg9rQB-srkw?view_as=subscriber","https:\/\/twitter.com\/arteeluoghi"],"logo":{"@type":"ImageObject","@id":"https:\/\/arteeluoghi.it\/#logo","inLanguage":"it-IT","url":"https:\/\/arteeluoghi.it\/wp-content\/uploads\/2018\/08\/logoinstagramarte.jpg","contentUrl":"https:\/\/arteeluoghi.it\/wp-content\/uploads\/2018\/08\/logoinstagramarte.jpg","width":150,"height":150,"caption":"Arte e Luoghi"},"image":{"@id":"https:\/\/arteeluoghi.it\/#logo"}},{"@type":"WebSite","@id":"https:\/\/arteeluoghi.it\/#website","url":"https:\/\/arteeluoghi.it\/","name":"Arte e Luoghi","description":"Mensile di arte, cultura, turismo e curiosit\u00e0","publisher":{"@id":"https:\/\/arteeluoghi.it\/#organization"},"potentialAction":[{"@type":"SearchAction","target":{"@type":"EntryPoint","urlTemplate":"https:\/\/arteeluoghi.it\/?s={search_term_string}"},"query-input":"required name=search_term_string"}],"inLanguage":"it-IT"},{"@type":"ImageObject","@id":"https:\/\/arteeluoghi.it\/index.php\/2020\/01\/27\/internato-159534-il-libro-nicola-santoro-e-il-valore-della-memoria\/#primaryimage","inLanguage":"it-IT","url":"https:\/\/arteeluoghi.it\/wp-content\/uploads\/2020\/01\/Nicola-Santoro_internato_Provincia.3.jpg","contentUrl":"https:\/\/arteeluoghi.it\/wp-content\/uploads\/2020\/01\/Nicola-Santoro_internato_Provincia.3.jpg","width":1200,"height":1600},{"@type":"WebPage","@id":"https:\/\/arteeluoghi.it\/index.php\/2020\/01\/27\/internato-159534-il-libro-nicola-santoro-e-il-valore-della-memoria\/#webpage","url":"https:\/\/arteeluoghi.it\/index.php\/2020\/01\/27\/internato-159534-il-libro-nicola-santoro-e-il-valore-della-memoria\/","name":"Internato 159534. Il libro Nicola Santoro e il valore della memoria | Arte e Luoghi","isPartOf":{"@id":"https:\/\/arteeluoghi.it\/#website"},"primaryImageOfPage":{"@id":"https:\/\/arteeluoghi.it\/index.php\/2020\/01\/27\/internato-159534-il-libro-nicola-santoro-e-il-valore-della-memoria\/#primaryimage"},"datePublished":"2020-01-27T20:04:34+00:00","dateModified":"2020-01-28T20:05:57+00:00","description":"Con la costituzione della Repubblica di Sal\u00f2, agli I.M.I. fu offerta la possibilit\u00e0 di aderire e di rientrare cos\u00ec in Italia. La maggior parte di essi, come Nicola Santoro, rifiut\u00f2 e rimase nei campi nazisti. Ancora non \u00e8 stato possibile accertare il numero effettivo di chi non sopravvisse alla inumana condizione dei campi, alla fame, agli stenti, alle malattie, al duro lavoro della prigionia.","breadcrumb":{"@id":"https:\/\/arteeluoghi.it\/index.php\/2020\/01\/27\/internato-159534-il-libro-nicola-santoro-e-il-valore-della-memoria\/#breadcrumb"},"inLanguage":"it-IT","potentialAction":[{"@type":"ReadAction","target":["https:\/\/arteeluoghi.it\/index.php\/2020\/01\/27\/internato-159534-il-libro-nicola-santoro-e-il-valore-della-memoria\/"]}]},{"@type":"BreadcrumbList","@id":"https:\/\/arteeluoghi.it\/index.php\/2020\/01\/27\/internato-159534-il-libro-nicola-santoro-e-il-valore-della-memoria\/#breadcrumb","itemListElement":[{"@type":"ListItem","position":1,"name":"Home","item":"https:\/\/arteeluoghi.it\/"},{"@type":"ListItem","position":2,"name":"Internato 159534. Il libro Nicola Santoro e il valore della memoria"}]},{"@type":"Article","@id":"https:\/\/arteeluoghi.it\/index.php\/2020\/01\/27\/internato-159534-il-libro-nicola-santoro-e-il-valore-della-memoria\/#article","isPartOf":{"@id":"https:\/\/arteeluoghi.it\/index.php\/2020\/01\/27\/internato-159534-il-libro-nicola-santoro-e-il-valore-della-memoria\/#webpage"},"author":{"@id":"https:\/\/arteeluoghi.it\/#\/schema\/person\/f84e814e36e91e01448ee07eaadd41d4"},"headline":"Internato 159534. Il libro Nicola Santoro e il valore della memoria","datePublished":"2020-01-27T20:04:34+00:00","dateModified":"2020-01-28T20:05:57+00:00","mainEntityOfPage":{"@id":"https:\/\/arteeluoghi.it\/index.php\/2020\/01\/27\/internato-159534-il-libro-nicola-santoro-e-il-valore-della-memoria\/#webpage"},"wordCount":707,"commentCount":0,"publisher":{"@id":"https:\/\/arteeluoghi.it\/#organization"},"image":{"@id":"https:\/\/arteeluoghi.it\/index.php\/2020\/01\/27\/internato-159534-il-libro-nicola-santoro-e-il-valore-della-memoria\/#primaryimage"},"thumbnailUrl":"https:\/\/arteeluoghi.it\/wp-content\/uploads\/2020\/01\/Nicola-Santoro_internato_Provincia.3.jpg","keywords":["dittatura","Germania","IMI","Internato 159534","Nicola Santoro","Repubblica di Sal\u00f2","shoah"],"articleSection":["LIBRI","Notizie"],"inLanguage":"it-IT","potentialAction":[{"@type":"CommentAction","name":"Comment","target":["https:\/\/arteeluoghi.it\/index.php\/2020\/01\/27\/internato-159534-il-libro-nicola-santoro-e-il-valore-della-memoria\/#respond"]}]},{"@type":"Person","@id":"https:\/\/arteeluoghi.it\/#\/schema\/person\/f84e814e36e91e01448ee07eaadd41d4","name":"Staff","image":{"@type":"ImageObject","@id":"https:\/\/arteeluoghi.it\/#personlogo","inLanguage":"it-IT","url":"https:\/\/secure.gravatar.com\/avatar\/49d2f9e46271bb04e19cebfaf141313a?s=96&d=blank&r=g","contentUrl":"https:\/\/secure.gravatar.com\/avatar\/49d2f9e46271bb04e19cebfaf141313a?s=96&d=blank&r=g","caption":"Staff"}}]}},"_links":{"self":[{"href":"https:\/\/arteeluoghi.it\/index.php\/wp-json\/wp\/v2\/posts\/7459"}],"collection":[{"href":"https:\/\/arteeluoghi.it\/index.php\/wp-json\/wp\/v2\/posts"}],"about":[{"href":"https:\/\/arteeluoghi.it\/index.php\/wp-json\/wp\/v2\/types\/post"}],"author":[{"embeddable":true,"href":"https:\/\/arteeluoghi.it\/index.php\/wp-json\/wp\/v2\/users\/1"}],"replies":[{"embeddable":true,"href":"https:\/\/arteeluoghi.it\/index.php\/wp-json\/wp\/v2\/comments?post=7459"}],"version-history":[{"count":1,"href":"https:\/\/arteeluoghi.it\/index.php\/wp-json\/wp\/v2\/posts\/7459\/revisions"}],"predecessor-version":[{"id":7466,"href":"https:\/\/arteeluoghi.it\/index.php\/wp-json\/wp\/v2\/posts\/7459\/revisions\/7466"}],"wp:featuredmedia":[{"embeddable":true,"href":"https:\/\/arteeluoghi.it\/index.php\/wp-json\/wp\/v2\/media\/7461"}],"wp:attachment":[{"href":"https:\/\/arteeluoghi.it\/index.php\/wp-json\/wp\/v2\/media?parent=7459"}],"wp:term":[{"taxonomy":"category","embeddable":true,"href":"https:\/\/arteeluoghi.it\/index.php\/wp-json\/wp\/v2\/categories?post=7459"},{"taxonomy":"post_tag","embeddable":true,"href":"https:\/\/arteeluoghi.it\/index.php\/wp-json\/wp\/v2\/tags?post=7459"}],"curies":[{"name":"wp","href":"https:\/\/api.w.org\/{rel}","templated":true}]}}