{"id":746,"date":"2012-05-24T17:54:57","date_gmt":"2012-05-24T15:54:57","guid":{"rendered":"http:\/\/arteeluoghi.it\/index.php\/2012\/05\/24\/dibattito-al-museo-nazionale-della-scienza\/"},"modified":"2017-08-07T00:04:10","modified_gmt":"2017-08-06T22:04:10","slug":"dibattito-al-museo-nazionale-della-scienza","status":"publish","type":"post","link":"https:\/\/arteeluoghi.it\/index.php\/2012\/05\/24\/dibattito-al-museo-nazionale-della-scienza\/","title":{"rendered":"Dibattito al Museo Nazionale della Scienza"},"content":{"rendered":"<p><img src=\"\/images\/stories\/pieroangela.jpg\" border=\"0\" title=\"Piero Angela\" width=\"200\" style=\"float: left; margin: 21px;\" \/><\/p>\n<p>\u00a0<\/p>\n<p>Luned\u00ec 28 maggio all&#8217;Auditorium del Museo Nazionale della Scienza e della Tecnologia<\/p>\n<p>\u00a0<\/p>\n<p><span style=\"font-size: small;\"><strong>A COSA SERVE LA POLITICA: LE SCELTE PER SALVARE L\u2019ITALIA<br \/>TRA EDUCAZIONE E MERITOCRAZIA<\/strong><\/span><\/p>\n<p>Un\u2019occasione unica per intervenire al dibattito fra <strong>Piero Angela, Roger Abravanel e Fiorenzo Galli<\/strong> su come costruire il nostro futuro<\/p>\n<p>Il Museo Nazionale della Scienza e della Tecnologia, in collaborazione con Garzanti Libri e Mondadori, offre un\u2019occasione unica per assistere e intervenire al dibattito tra Piero Angela, Roger Abravanel e Fiorenzo Galli sui fattori di crescita che la politica dovrebbe stimolare nella societ\u00e0 italiana, per uscire dalla crisi.<br \/>Mai come in questi ultimi mesi gli italiani si sentono contemporaneamente sull\u2019orlo del baratro e a un punto di svolta. Dopo un certo tempo passato a illuderci che la grande crisi mondiale non ci riguardasse, ci siamo resi conto che non solo ci riguarda, ma che non passa da sola. Non basta resistere, occorre fare qualcosa, cambiare qualcosa, anche nel profondo, altrimenti forse la crisi non passer\u00e0.<\/p>\n<p>\u00a0<\/p>\n<p>  <!--more-->  Durante la serata si affronter\u00e0 il tema dal punto di vista di tre esperienze diverse unite da un filo rosso: l\u2019educazione. Infatti i tre protagonisti del dibattito sono tutte persone che stanno dedicando la vita a far crescere quel tipo di cultura che pu\u00f2 aiutare a farci uscire dalla crisi.<\/p>\n<p>Intervengono:<br \/>Fiorenzo Galli, Direttore Generale Museo Nazionale della Scienza e della Tecnologia<br \/>Piero Angela, Giornalista e autore televisivo di Superquark<br \/>Roger Abravanel, Consulente aziendale e Saggista<\/p>\n<p>Modera:<br \/>Barbara Gallavotti, Giornalista scientifica<\/p>\n<hr \/>\n<p>Luned\u00ec 28 maggio ore 18.00<br \/> Auditorium<br \/> Museo Nazionale della Scienza e della Tecnologia<br \/> Via San Vittore 21, Milano<br \/> Ingresso libero fino ad esaurimento posti con prenotazione <br \/>Prenotazione a:\u00a0 segreteria@museoscienza.it\u00a0 &#8211;\u00a0\u00a0 T 02 48555402 \u2013 305<\/p>\n<p>PIERO ANGELA<br \/>\u00e8 autore di innumerevoli programmi televisivi dedicati alla scienza, alla storia e all&#8217;economia, fra i quali &#8220;Quark&#8221; e &#8220;Superquark&#8221;. Ha scritto moltissimi libri tradotti in varie lingue sugli argomenti pi\u00f9 diversi: dalla biologia alla psicologia, dalla fisica agli sviluppi tecnologici, dai sistemi complessi all&#8217;evoluzione umana, dall&#8217;astrofisica ai problemi ambientali, fino ai suoi ultimi bestseller Ti amer\u00f2 per sempre (Mondadori, 2005), Energia &#8211; La sfida del secolo (Mondadori, 2006) e Perch\u00e9 dobbiamo fare pi\u00f9 figli (Mondadori, 2008). Per la sua attivit\u00e0 gli sono state conferite nove lauree honoris causa.<\/p>\n<p>ROGER ABRAVANEL<br \/>Laureato in ingegneria al Politecnico di Milano, Master in Business Administration all&#8217;INSEAD di Fontainebleau, ha lavorato per trentaquattro anni in McKinsey come consulente di aziende italiane e multinazionali in Europa, America ed Estremo Oriente. Attualmente \u00e8 consigliere di amministrazione di varie aziende e advisor di fondi Private Equity in Italia e all&#8217;estero oltre che membro del Board e Presidente del Comitato strategico dell\u2019IIT, Istituto Italiano di tecnologia.<br \/>Editorialista del Corriere della Sera, ne cura il blog \u00abmeritocrazia\u00bb sul sito internet del quotidiano.<br \/>Nel 2008 pubblica il suo primo saggio Meritocrazia, che diventa un best seller e nel 2010 Regole con Luca D\u2019Agnese. Esce in questi giorni l\u2019ultimo saggio Cresci o Esci scritto ancora a quattro mani con Luca D\u2019Agnese. Tutti saggi pubblicati con Garzanti Libri.<\/p>\n<p>FIORENZO GALLI<br \/>Fiorenzo Galli \u00e8 laureato in Politica Economica e Finanziaria all&#8217;Universit\u00e0 degli Studi di Milano, \u00e8 Direttore Generale del Museo Nazionale della Scienza e della Tecnologia Leonardo da Vinci dal 2001.<br \/>Ha un passato ventennale di imprenditore nel settore elettromeccanico.<br \/>Ha ricoperto incarichi in Confindustria e in Assolombarda ed \u00e8 oggi componente della Giunta e del Collegio dei Probiviri.<br \/>\u00c8 Professore di Museologia e Conservazione dei beni Museali presso l&#8217;Universit\u00e0 degli Studi di Milano e tiene corsi e Master in altre Universit\u00e0.<br \/>\u00c8 componente del Kuratorium del Deutsches Museum di Monaco di Baviera e di numerosi comitati scientifici.<\/p>\n<p>BARBARA GALLAVOTTI<br \/>Giornalista scientifica, autore di Superquark (RAI 1) e Ulisse (RAI 3), consulente di E Se Domani (RAI 3). Collabora con diverse testate fra cui La Stampa ed \u00e8 nella redazione del programma di scienza Moebius, trasmesso su Radio24. Co-direttore della scuola internazionale di giornalismo e comunicazione della Scienza che si tiene presso il Centro Ettore Majorana ad Erice. \u00c8 stata docente di comunicazione della scienza presso l\u2019Universit\u00e0 di Roma Tre e direttore supplente del master in comunicazione della scienza dell\u2019Universit\u00e0 di Roma Tor Vergata. Ha diretto \u201cLazio, terra di scienza\u201d, il festival della scienza del Lazio. \u00c8 stata responsabile dell\u2019Ufficio Comunicazione dell\u2019Istituto Nazionale di Fisica Nucleare. Ha scritto nove libri di divulgazione scientifica per ragazzi tradotti in numerose lingue.<\/p>\n<p>\u00a0<\/p>\n<p>(fonte: comunicato stampa)<\/p>\n","protected":false},"excerpt":{"rendered":"<p>\u00a0 Luned\u00ec 28 maggio all&#8217;Auditorium del Museo Nazionale della Scienza e della Tecnologia \u00a0 A COSA SERVE LA POLITICA: LE<\/p>\n","protected":false},"author":1,"featured_media":0,"comment_status":"open","ping_status":"open","sticky":false,"template":"","format":"standard","meta":[],"categories":[28],"tags":[],"yoast_head":"<!-- This site is optimized with the Yoast SEO plugin v18.0 - https:\/\/yoast.com\/wordpress\/plugins\/seo\/ -->\n<title>Dibattito al Museo Nazionale della Scienza | Arte e Luoghi<\/title>\n<meta name=\"robots\" content=\"index, follow, max-snippet:-1, max-image-preview:large, max-video-preview:-1\" \/>\n<link rel=\"canonical\" href=\"https:\/\/arteeluoghi.it\/index.php\/2012\/05\/24\/dibattito-al-museo-nazionale-della-scienza\/\" \/>\n<meta property=\"og:locale\" content=\"it_IT\" \/>\n<meta property=\"og:type\" content=\"article\" \/>\n<meta property=\"og:title\" content=\"Dibattito al Museo Nazionale della Scienza | Arte e Luoghi\" \/>\n<meta property=\"og:description\" content=\"\u00a0 Luned\u00ec 28 maggio all&#8217;Auditorium del Museo Nazionale della Scienza e della Tecnologia \u00a0 A COSA SERVE LA POLITICA: LE\" \/>\n<meta property=\"og:url\" content=\"https:\/\/arteeluoghi.it\/index.php\/2012\/05\/24\/dibattito-al-museo-nazionale-della-scienza\/\" \/>\n<meta property=\"og:site_name\" content=\"Arte e Luoghi\" \/>\n<meta property=\"article:publisher\" content=\"https:\/\/www.facebook.com\/ArteELuoghi\/\" \/>\n<meta property=\"article:published_time\" content=\"2012-05-24T15:54:57+00:00\" \/>\n<meta property=\"article:modified_time\" content=\"2017-08-06T22:04:10+00:00\" \/>\n<meta property=\"og:image\" content=\"https:\/\/arteeluoghi.it\/images\/stories\/pieroangela.jpg\" \/>\n<meta name=\"twitter:card\" content=\"summary\" \/>\n<meta name=\"twitter:creator\" content=\"@arteeluoghi\" \/>\n<meta name=\"twitter:site\" content=\"@arteeluoghi\" \/>\n<meta name=\"twitter:label1\" content=\"Scritto da\" \/>\n\t<meta name=\"twitter:data1\" content=\"Staff\" \/>\n\t<meta name=\"twitter:label2\" content=\"Tempo di lettura stimato\" \/>\n\t<meta name=\"twitter:data2\" content=\"3 minuti\" \/>\n<script type=\"application\/ld+json\" class=\"yoast-schema-graph\">{\"@context\":\"https:\/\/schema.org\",\"@graph\":[{\"@type\":\"Organization\",\"@id\":\"https:\/\/arteeluoghi.it\/#organization\",\"name\":\"Arte e Luoghi\",\"url\":\"https:\/\/arteeluoghi.it\/\",\"sameAs\":[\"https:\/\/www.facebook.com\/ArteELuoghi\/\",\"https:\/\/www.instagram.com\/arteeluoghi\/?hl=it\",\"https:\/\/www.youtube.com\/channel\/UCuRVc4JW4-C5sg9rQB-srkw?view_as=subscriber\",\"https:\/\/twitter.com\/arteeluoghi\"],\"logo\":{\"@type\":\"ImageObject\",\"@id\":\"https:\/\/arteeluoghi.it\/#logo\",\"inLanguage\":\"it-IT\",\"url\":\"https:\/\/arteeluoghi.it\/wp-content\/uploads\/2018\/08\/logoinstagramarte.jpg\",\"contentUrl\":\"https:\/\/arteeluoghi.it\/wp-content\/uploads\/2018\/08\/logoinstagramarte.jpg\",\"width\":150,\"height\":150,\"caption\":\"Arte e Luoghi\"},\"image\":{\"@id\":\"https:\/\/arteeluoghi.it\/#logo\"}},{\"@type\":\"WebSite\",\"@id\":\"https:\/\/arteeluoghi.it\/#website\",\"url\":\"https:\/\/arteeluoghi.it\/\",\"name\":\"Arte e Luoghi\",\"description\":\"Mensile di arte, cultura, turismo e curiosit\u00e0\",\"publisher\":{\"@id\":\"https:\/\/arteeluoghi.it\/#organization\"},\"potentialAction\":[{\"@type\":\"SearchAction\",\"target\":{\"@type\":\"EntryPoint\",\"urlTemplate\":\"https:\/\/arteeluoghi.it\/?s={search_term_string}\"},\"query-input\":\"required name=search_term_string\"}],\"inLanguage\":\"it-IT\"},{\"@type\":\"ImageObject\",\"@id\":\"https:\/\/arteeluoghi.it\/index.php\/2012\/05\/24\/dibattito-al-museo-nazionale-della-scienza\/#primaryimage\",\"inLanguage\":\"it-IT\",\"url\":\"\/images\/stories\/pieroangela.jpg\",\"contentUrl\":\"\/images\/stories\/pieroangela.jpg\"},{\"@type\":\"WebPage\",\"@id\":\"https:\/\/arteeluoghi.it\/index.php\/2012\/05\/24\/dibattito-al-museo-nazionale-della-scienza\/#webpage\",\"url\":\"https:\/\/arteeluoghi.it\/index.php\/2012\/05\/24\/dibattito-al-museo-nazionale-della-scienza\/\",\"name\":\"Dibattito al Museo Nazionale della Scienza | Arte e Luoghi\",\"isPartOf\":{\"@id\":\"https:\/\/arteeluoghi.it\/#website\"},\"primaryImageOfPage\":{\"@id\":\"https:\/\/arteeluoghi.it\/index.php\/2012\/05\/24\/dibattito-al-museo-nazionale-della-scienza\/#primaryimage\"},\"datePublished\":\"2012-05-24T15:54:57+00:00\",\"dateModified\":\"2017-08-06T22:04:10+00:00\",\"breadcrumb\":{\"@id\":\"https:\/\/arteeluoghi.it\/index.php\/2012\/05\/24\/dibattito-al-museo-nazionale-della-scienza\/#breadcrumb\"},\"inLanguage\":\"it-IT\",\"potentialAction\":[{\"@type\":\"ReadAction\",\"target\":[\"https:\/\/arteeluoghi.it\/index.php\/2012\/05\/24\/dibattito-al-museo-nazionale-della-scienza\/\"]}]},{\"@type\":\"BreadcrumbList\",\"@id\":\"https:\/\/arteeluoghi.it\/index.php\/2012\/05\/24\/dibattito-al-museo-nazionale-della-scienza\/#breadcrumb\",\"itemListElement\":[{\"@type\":\"ListItem\",\"position\":1,\"name\":\"Home\",\"item\":\"https:\/\/arteeluoghi.it\/\"},{\"@type\":\"ListItem\",\"position\":2,\"name\":\"Dibattito al Museo Nazionale della Scienza\"}]},{\"@type\":\"Article\",\"@id\":\"https:\/\/arteeluoghi.it\/index.php\/2012\/05\/24\/dibattito-al-museo-nazionale-della-scienza\/#article\",\"isPartOf\":{\"@id\":\"https:\/\/arteeluoghi.it\/index.php\/2012\/05\/24\/dibattito-al-museo-nazionale-della-scienza\/#webpage\"},\"author\":{\"@id\":\"https:\/\/arteeluoghi.it\/#\/schema\/person\/f84e814e36e91e01448ee07eaadd41d4\"},\"headline\":\"Dibattito al Museo Nazionale della Scienza\",\"datePublished\":\"2012-05-24T15:54:57+00:00\",\"dateModified\":\"2017-08-06T22:04:10+00:00\",\"mainEntityOfPage\":{\"@id\":\"https:\/\/arteeluoghi.it\/index.php\/2012\/05\/24\/dibattito-al-museo-nazionale-della-scienza\/#webpage\"},\"wordCount\":705,\"commentCount\":0,\"publisher\":{\"@id\":\"https:\/\/arteeluoghi.it\/#organization\"},\"image\":{\"@id\":\"https:\/\/arteeluoghi.it\/index.php\/2012\/05\/24\/dibattito-al-museo-nazionale-della-scienza\/#primaryimage\"},\"thumbnailUrl\":\"\/images\/stories\/pieroangela.jpg\",\"articleSection\":[\"Notizie\"],\"inLanguage\":\"it-IT\",\"potentialAction\":[{\"@type\":\"CommentAction\",\"name\":\"Comment\",\"target\":[\"https:\/\/arteeluoghi.it\/index.php\/2012\/05\/24\/dibattito-al-museo-nazionale-della-scienza\/#respond\"]}]},{\"@type\":\"Person\",\"@id\":\"https:\/\/arteeluoghi.it\/#\/schema\/person\/f84e814e36e91e01448ee07eaadd41d4\",\"name\":\"Staff\",\"image\":{\"@type\":\"ImageObject\",\"@id\":\"https:\/\/arteeluoghi.it\/#personlogo\",\"inLanguage\":\"it-IT\",\"url\":\"https:\/\/secure.gravatar.com\/avatar\/49d2f9e46271bb04e19cebfaf141313a?s=96&d=blank&r=g\",\"contentUrl\":\"https:\/\/secure.gravatar.com\/avatar\/49d2f9e46271bb04e19cebfaf141313a?s=96&d=blank&r=g\",\"caption\":\"Staff\"}}]}<\/script>\n<!-- \/ Yoast SEO plugin. -->","yoast_head_json":{"title":"Dibattito al Museo Nazionale della Scienza | Arte e Luoghi","robots":{"index":"index","follow":"follow","max-snippet":"max-snippet:-1","max-image-preview":"max-image-preview:large","max-video-preview":"max-video-preview:-1"},"canonical":"https:\/\/arteeluoghi.it\/index.php\/2012\/05\/24\/dibattito-al-museo-nazionale-della-scienza\/","og_locale":"it_IT","og_type":"article","og_title":"Dibattito al Museo Nazionale della Scienza | Arte e Luoghi","og_description":"\u00a0 Luned\u00ec 28 maggio all&#8217;Auditorium del Museo Nazionale della Scienza e della Tecnologia \u00a0 A COSA SERVE LA POLITICA: LE","og_url":"https:\/\/arteeluoghi.it\/index.php\/2012\/05\/24\/dibattito-al-museo-nazionale-della-scienza\/","og_site_name":"Arte e Luoghi","article_publisher":"https:\/\/www.facebook.com\/ArteELuoghi\/","article_published_time":"2012-05-24T15:54:57+00:00","article_modified_time":"2017-08-06T22:04:10+00:00","og_image":[{"url":"https:\/\/arteeluoghi.it\/images\/stories\/pieroangela.jpg"}],"twitter_card":"summary","twitter_creator":"@arteeluoghi","twitter_site":"@arteeluoghi","twitter_misc":{"Scritto da":"Staff","Tempo di lettura stimato":"3 minuti"},"schema":{"@context":"https:\/\/schema.org","@graph":[{"@type":"Organization","@id":"https:\/\/arteeluoghi.it\/#organization","name":"Arte e Luoghi","url":"https:\/\/arteeluoghi.it\/","sameAs":["https:\/\/www.facebook.com\/ArteELuoghi\/","https:\/\/www.instagram.com\/arteeluoghi\/?hl=it","https:\/\/www.youtube.com\/channel\/UCuRVc4JW4-C5sg9rQB-srkw?view_as=subscriber","https:\/\/twitter.com\/arteeluoghi"],"logo":{"@type":"ImageObject","@id":"https:\/\/arteeluoghi.it\/#logo","inLanguage":"it-IT","url":"https:\/\/arteeluoghi.it\/wp-content\/uploads\/2018\/08\/logoinstagramarte.jpg","contentUrl":"https:\/\/arteeluoghi.it\/wp-content\/uploads\/2018\/08\/logoinstagramarte.jpg","width":150,"height":150,"caption":"Arte e Luoghi"},"image":{"@id":"https:\/\/arteeluoghi.it\/#logo"}},{"@type":"WebSite","@id":"https:\/\/arteeluoghi.it\/#website","url":"https:\/\/arteeluoghi.it\/","name":"Arte e Luoghi","description":"Mensile di arte, cultura, turismo e curiosit\u00e0","publisher":{"@id":"https:\/\/arteeluoghi.it\/#organization"},"potentialAction":[{"@type":"SearchAction","target":{"@type":"EntryPoint","urlTemplate":"https:\/\/arteeluoghi.it\/?s={search_term_string}"},"query-input":"required name=search_term_string"}],"inLanguage":"it-IT"},{"@type":"ImageObject","@id":"https:\/\/arteeluoghi.it\/index.php\/2012\/05\/24\/dibattito-al-museo-nazionale-della-scienza\/#primaryimage","inLanguage":"it-IT","url":"\/images\/stories\/pieroangela.jpg","contentUrl":"\/images\/stories\/pieroangela.jpg"},{"@type":"WebPage","@id":"https:\/\/arteeluoghi.it\/index.php\/2012\/05\/24\/dibattito-al-museo-nazionale-della-scienza\/#webpage","url":"https:\/\/arteeluoghi.it\/index.php\/2012\/05\/24\/dibattito-al-museo-nazionale-della-scienza\/","name":"Dibattito al Museo Nazionale della Scienza | Arte e Luoghi","isPartOf":{"@id":"https:\/\/arteeluoghi.it\/#website"},"primaryImageOfPage":{"@id":"https:\/\/arteeluoghi.it\/index.php\/2012\/05\/24\/dibattito-al-museo-nazionale-della-scienza\/#primaryimage"},"datePublished":"2012-05-24T15:54:57+00:00","dateModified":"2017-08-06T22:04:10+00:00","breadcrumb":{"@id":"https:\/\/arteeluoghi.it\/index.php\/2012\/05\/24\/dibattito-al-museo-nazionale-della-scienza\/#breadcrumb"},"inLanguage":"it-IT","potentialAction":[{"@type":"ReadAction","target":["https:\/\/arteeluoghi.it\/index.php\/2012\/05\/24\/dibattito-al-museo-nazionale-della-scienza\/"]}]},{"@type":"BreadcrumbList","@id":"https:\/\/arteeluoghi.it\/index.php\/2012\/05\/24\/dibattito-al-museo-nazionale-della-scienza\/#breadcrumb","itemListElement":[{"@type":"ListItem","position":1,"name":"Home","item":"https:\/\/arteeluoghi.it\/"},{"@type":"ListItem","position":2,"name":"Dibattito al Museo Nazionale della Scienza"}]},{"@type":"Article","@id":"https:\/\/arteeluoghi.it\/index.php\/2012\/05\/24\/dibattito-al-museo-nazionale-della-scienza\/#article","isPartOf":{"@id":"https:\/\/arteeluoghi.it\/index.php\/2012\/05\/24\/dibattito-al-museo-nazionale-della-scienza\/#webpage"},"author":{"@id":"https:\/\/arteeluoghi.it\/#\/schema\/person\/f84e814e36e91e01448ee07eaadd41d4"},"headline":"Dibattito al Museo Nazionale della Scienza","datePublished":"2012-05-24T15:54:57+00:00","dateModified":"2017-08-06T22:04:10+00:00","mainEntityOfPage":{"@id":"https:\/\/arteeluoghi.it\/index.php\/2012\/05\/24\/dibattito-al-museo-nazionale-della-scienza\/#webpage"},"wordCount":705,"commentCount":0,"publisher":{"@id":"https:\/\/arteeluoghi.it\/#organization"},"image":{"@id":"https:\/\/arteeluoghi.it\/index.php\/2012\/05\/24\/dibattito-al-museo-nazionale-della-scienza\/#primaryimage"},"thumbnailUrl":"\/images\/stories\/pieroangela.jpg","articleSection":["Notizie"],"inLanguage":"it-IT","potentialAction":[{"@type":"CommentAction","name":"Comment","target":["https:\/\/arteeluoghi.it\/index.php\/2012\/05\/24\/dibattito-al-museo-nazionale-della-scienza\/#respond"]}]},{"@type":"Person","@id":"https:\/\/arteeluoghi.it\/#\/schema\/person\/f84e814e36e91e01448ee07eaadd41d4","name":"Staff","image":{"@type":"ImageObject","@id":"https:\/\/arteeluoghi.it\/#personlogo","inLanguage":"it-IT","url":"https:\/\/secure.gravatar.com\/avatar\/49d2f9e46271bb04e19cebfaf141313a?s=96&d=blank&r=g","contentUrl":"https:\/\/secure.gravatar.com\/avatar\/49d2f9e46271bb04e19cebfaf141313a?s=96&d=blank&r=g","caption":"Staff"}}]}},"_links":{"self":[{"href":"https:\/\/arteeluoghi.it\/index.php\/wp-json\/wp\/v2\/posts\/746"}],"collection":[{"href":"https:\/\/arteeluoghi.it\/index.php\/wp-json\/wp\/v2\/posts"}],"about":[{"href":"https:\/\/arteeluoghi.it\/index.php\/wp-json\/wp\/v2\/types\/post"}],"author":[{"embeddable":true,"href":"https:\/\/arteeluoghi.it\/index.php\/wp-json\/wp\/v2\/users\/1"}],"replies":[{"embeddable":true,"href":"https:\/\/arteeluoghi.it\/index.php\/wp-json\/wp\/v2\/comments?post=746"}],"version-history":[{"count":1,"href":"https:\/\/arteeluoghi.it\/index.php\/wp-json\/wp\/v2\/posts\/746\/revisions"}],"predecessor-version":[{"id":3137,"href":"https:\/\/arteeluoghi.it\/index.php\/wp-json\/wp\/v2\/posts\/746\/revisions\/3137"}],"wp:attachment":[{"href":"https:\/\/arteeluoghi.it\/index.php\/wp-json\/wp\/v2\/media?parent=746"}],"wp:term":[{"taxonomy":"category","embeddable":true,"href":"https:\/\/arteeluoghi.it\/index.php\/wp-json\/wp\/v2\/categories?post=746"},{"taxonomy":"post_tag","embeddable":true,"href":"https:\/\/arteeluoghi.it\/index.php\/wp-json\/wp\/v2\/tags?post=746"}],"curies":[{"name":"wp","href":"https:\/\/api.w.org\/{rel}","templated":true}]}}