{"id":748,"date":"2012-05-25T21:02:46","date_gmt":"2012-05-25T19:02:46","guid":{"rendered":"http:\/\/arteeluoghi.it\/index.php\/2012\/05\/25\/a-film-memoir\/"},"modified":"2017-08-06T03:03:49","modified_gmt":"2017-08-06T01:03:49","slug":"a-film-memoir","status":"publish","type":"post","link":"https:\/\/arteeluoghi.it\/index.php\/2012\/05\/25\/a-film-memoir\/","title":{"rendered":"A Film Memoir"},"content":{"rendered":"<h1><span style=\"font-size: small;\"><img src=\"\/images\/stories\/roman-polanski.jpg\" border=\"0\" title=\"Roman Polanski\" style=\"float: left; margin: 21px;\" \/>Roman Polanski: A Film Memoir. Dentro la vita di un uomo<\/span><\/h1>\n<p><span style=\"font-size: x-small;\">di <strong>Patrizia Miglietta<\/strong><\/span><\/p>\n<p>\u00a0<\/p>\n<p style=\"text-align: left;\">\u00a0<\/p>\n<p style=\"text-align: left;\">Un destino, una vittima, un regista, una  vita. Sono i punti cardini attraverso cui l\u2019asse portante della  biografia di un protagonista e di un uomo oscilla senza mai cedere.<em> A Film Memoir<\/em> di <strong>Laurent Bouzereau<\/strong> \u00e8 un documentario-intervista, una testimonianza  sul grande regista <strong>Roman Polanski<\/strong>, l\u2019autore di capolavori come<em> Il pianista<\/em>,  con cui nel 2002 vinse l\u2019Oscar e la Palma d\u2019Oro al Festival di Cannes;  il film pi\u00f9 intenso sull\u2019abominio nazista che la storia del cinema abbia  mai prodotto: una verit\u00e0, una crudezza e freddezza delle immagini che  fanno rabbrividire sino al disgusto.<\/p>\n<p style=\"text-align: left;\">Siamo fuori dalla messa in scena e dalla  scenografia, siamo al di l\u00e0 dell\u2019esperienza immersiva degli attori. Un  film ci commuove, ci scuote l\u2019anima, ma tutto \u00e8 sempre filtrato  dall\u2019interpretazione, dalla mediazione cinematografica. Qui \u00e8 la  testimonianza che tocca l\u2019anima nel pi\u00f9 profondo, perch\u00e9 questa volta <strong> Roman Polanski<\/strong> ha messo davanti se stesso, raccontando al suo vecchio  amico e compagno di lavoro <strong>Andrew Braunsberg<\/strong>, produttore  cinematografico, tutto ci\u00f2 che \u00e8 stata la sua infanzia, i frammenti di  scene un po\u2019 sbiadite non perch\u00e9 dimenticate, ma perch\u00e9 vissute con gli  occhi di un bambino che non comprende il motivo degli spostamenti  repentini della sua famiglia, che si stupisce nel dover dimostrare di  essere ebreo portando obbligatoriamente una fascia al braccio. E poi la  sopravvivenza nel ghetto, la fame e la morte, il rapporto con la  famiglia e l\u2019amico d\u2019infanzia e ancora tanta morte. Polanski continua a  raccontare in lacrime il dolore e l\u2019assurdit\u00e0 di tanta sofferenza: pi\u00f9  di ogni altra sofferenza, la morte della madre deportata e poi uccisa  dai nazisti, mentre era in stato di gravidanza, crea un trauma che si  ripercuote nella vita privata e nelle scelte amorose del regista.<\/p>\n<p>  <!--more-->  <\/p>\n<p>\u00a0<\/p>\n<p style=\"text-align: left;\">Quando il successo arriva con i primi film,  Polanski \u00e8 un regista pi\u00f9 forte perch\u00e9 ha realizzato un sogno. In amore  un disastro, il primo matrimonio con <strong>Barbara Lass<\/strong> dura poco pi\u00f9 di due  anni. Nel 1968 si innamora e sposa l\u2019attrice<strong> Sharon Tate<\/strong>. Ma tragedia  chiama tragedia nell\u2019esistenza di quest\u2019uomo. Tate all\u2019ottavo mese di  gravidanza, insieme ad altri amici, nel 1969, viene uccisa dalla  famigerata famiglia Manson. Ogni felicit\u00e0 nella vita di Polanski sembra  trascinarsi una maledizione. Oltre il vuoto della perdita della moglie,  su di lui ricade l\u2019infamia dell\u2019opinione pubblica che addirittura lo  sospetta per l\u2019omicidio. Superer\u00e0 anche questo dramma, anni dopo sposer\u00e0  la bellissima <strong>Emmanuelle Seigner<\/strong>, tutt\u2019ora sua moglie, protagonista in  diversi suoi film tra cui <em>Frantic<\/em> (1988) e <em>Luna di fiele<\/em> (1992).<\/p>\n<p style=\"text-align: left;\">Un\u2019alternanza di vita e di morte, di  distruzione e ricostruzione, come una continua sfida, la volont\u00e0 di  produrre, di creare lo aiuta ad andare avanti: <em>Il coltello nell\u2019acqua<\/em> (1962), <em>Repulsion<\/em> (1965) , <em>Cul-de-sac<\/em> (1966), <em>Tess<\/em> (1979), <em>Luna di fiele<\/em> (1992), <em>Per favore non mordermi sul collo!<\/em> (1967), <em>Rosemary\u2019s baby<\/em> (1968), <em>Macbeth<\/em> (1971), ogni pellicola di Polanski \u00e8 un capolavoro, un passo della sua  vita. E\u2019 stanco il maestro quando racconta della nota vicenda di  violenza sessuale a danno di una ragazza di quattordici anni che ha  macchiato per sempre la sua vita, un fatto per cui ha scontato la pena  col carcere, ma di cui ancora trascina i segni dei sensi di colpa.  Raccontarsi al grande pubblico in prima persona, liberarsi da scene  orribili dei ricordi ancora troppo vivi nel suo cuore, forse, <em>A Film Memoir<\/em> \u00e8 il film pi\u00f9 intimo sulla vita di un maestro del cinema.<\/p>\n<p style=\"text-align: left;\">(fonte: articolo pubblicato su <a href=\"http:\/\/www.cinemonitor.it\">Cinemonitor Osservatorio Cinema<\/a> 18 maggio 2012)<\/p>\n","protected":false},"excerpt":{"rendered":"<p>Roman Polanski: A Film Memoir. Dentro la vita di un uomo di Patrizia Miglietta \u00a0 \u00a0 Un destino, una vittima,<\/p>\n","protected":false},"author":1,"featured_media":0,"comment_status":"open","ping_status":"open","sticky":false,"template":"","format":"standard","meta":[],"categories":[29],"tags":[],"yoast_head":"<!-- This site is optimized with the Yoast SEO plugin v18.0 - https:\/\/yoast.com\/wordpress\/plugins\/seo\/ -->\n<title>A Film Memoir | Arte e Luoghi<\/title>\n<meta name=\"robots\" content=\"index, follow, max-snippet:-1, max-image-preview:large, max-video-preview:-1\" \/>\n<link rel=\"canonical\" href=\"https:\/\/arteeluoghi.it\/index.php\/2012\/05\/25\/a-film-memoir\/\" \/>\n<meta property=\"og:locale\" content=\"it_IT\" \/>\n<meta property=\"og:type\" content=\"article\" \/>\n<meta property=\"og:title\" content=\"A Film Memoir | Arte e Luoghi\" \/>\n<meta property=\"og:description\" content=\"Roman Polanski: A Film Memoir. Dentro la vita di un uomo di Patrizia Miglietta \u00a0 \u00a0 Un destino, una vittima,\" \/>\n<meta property=\"og:url\" content=\"https:\/\/arteeluoghi.it\/index.php\/2012\/05\/25\/a-film-memoir\/\" \/>\n<meta property=\"og:site_name\" content=\"Arte e Luoghi\" \/>\n<meta property=\"article:publisher\" content=\"https:\/\/www.facebook.com\/ArteELuoghi\/\" \/>\n<meta property=\"article:published_time\" content=\"2012-05-25T19:02:46+00:00\" \/>\n<meta property=\"article:modified_time\" content=\"2017-08-06T01:03:49+00:00\" \/>\n<meta property=\"og:image\" content=\"https:\/\/arteeluoghi.it\/images\/stories\/roman-polanski.jpg\" \/>\n<meta name=\"twitter:card\" content=\"summary\" \/>\n<meta name=\"twitter:creator\" content=\"@arteeluoghi\" \/>\n<meta name=\"twitter:site\" content=\"@arteeluoghi\" \/>\n<meta name=\"twitter:label1\" content=\"Scritto da\" \/>\n\t<meta name=\"twitter:data1\" content=\"Staff\" \/>\n\t<meta name=\"twitter:label2\" content=\"Tempo di lettura stimato\" \/>\n\t<meta name=\"twitter:data2\" content=\"3 minuti\" \/>\n<script type=\"application\/ld+json\" class=\"yoast-schema-graph\">{\"@context\":\"https:\/\/schema.org\",\"@graph\":[{\"@type\":\"Organization\",\"@id\":\"https:\/\/arteeluoghi.it\/#organization\",\"name\":\"Arte e Luoghi\",\"url\":\"https:\/\/arteeluoghi.it\/\",\"sameAs\":[\"https:\/\/www.facebook.com\/ArteELuoghi\/\",\"https:\/\/www.instagram.com\/arteeluoghi\/?hl=it\",\"https:\/\/www.youtube.com\/channel\/UCuRVc4JW4-C5sg9rQB-srkw?view_as=subscriber\",\"https:\/\/twitter.com\/arteeluoghi\"],\"logo\":{\"@type\":\"ImageObject\",\"@id\":\"https:\/\/arteeluoghi.it\/#logo\",\"inLanguage\":\"it-IT\",\"url\":\"https:\/\/arteeluoghi.it\/wp-content\/uploads\/2018\/08\/logoinstagramarte.jpg\",\"contentUrl\":\"https:\/\/arteeluoghi.it\/wp-content\/uploads\/2018\/08\/logoinstagramarte.jpg\",\"width\":150,\"height\":150,\"caption\":\"Arte e Luoghi\"},\"image\":{\"@id\":\"https:\/\/arteeluoghi.it\/#logo\"}},{\"@type\":\"WebSite\",\"@id\":\"https:\/\/arteeluoghi.it\/#website\",\"url\":\"https:\/\/arteeluoghi.it\/\",\"name\":\"Arte e Luoghi\",\"description\":\"Mensile di arte, cultura, turismo e curiosit\u00e0\",\"publisher\":{\"@id\":\"https:\/\/arteeluoghi.it\/#organization\"},\"potentialAction\":[{\"@type\":\"SearchAction\",\"target\":{\"@type\":\"EntryPoint\",\"urlTemplate\":\"https:\/\/arteeluoghi.it\/?s={search_term_string}\"},\"query-input\":\"required name=search_term_string\"}],\"inLanguage\":\"it-IT\"},{\"@type\":\"ImageObject\",\"@id\":\"https:\/\/arteeluoghi.it\/index.php\/2012\/05\/25\/a-film-memoir\/#primaryimage\",\"inLanguage\":\"it-IT\",\"url\":\"\/images\/stories\/roman-polanski.jpg\",\"contentUrl\":\"\/images\/stories\/roman-polanski.jpg\"},{\"@type\":\"WebPage\",\"@id\":\"https:\/\/arteeluoghi.it\/index.php\/2012\/05\/25\/a-film-memoir\/#webpage\",\"url\":\"https:\/\/arteeluoghi.it\/index.php\/2012\/05\/25\/a-film-memoir\/\",\"name\":\"A Film Memoir | Arte e Luoghi\",\"isPartOf\":{\"@id\":\"https:\/\/arteeluoghi.it\/#website\"},\"primaryImageOfPage\":{\"@id\":\"https:\/\/arteeluoghi.it\/index.php\/2012\/05\/25\/a-film-memoir\/#primaryimage\"},\"datePublished\":\"2012-05-25T19:02:46+00:00\",\"dateModified\":\"2017-08-06T01:03:49+00:00\",\"breadcrumb\":{\"@id\":\"https:\/\/arteeluoghi.it\/index.php\/2012\/05\/25\/a-film-memoir\/#breadcrumb\"},\"inLanguage\":\"it-IT\",\"potentialAction\":[{\"@type\":\"ReadAction\",\"target\":[\"https:\/\/arteeluoghi.it\/index.php\/2012\/05\/25\/a-film-memoir\/\"]}]},{\"@type\":\"BreadcrumbList\",\"@id\":\"https:\/\/arteeluoghi.it\/index.php\/2012\/05\/25\/a-film-memoir\/#breadcrumb\",\"itemListElement\":[{\"@type\":\"ListItem\",\"position\":1,\"name\":\"Home\",\"item\":\"https:\/\/arteeluoghi.it\/\"},{\"@type\":\"ListItem\",\"position\":2,\"name\":\"A Film Memoir\"}]},{\"@type\":\"Article\",\"@id\":\"https:\/\/arteeluoghi.it\/index.php\/2012\/05\/25\/a-film-memoir\/#article\",\"isPartOf\":{\"@id\":\"https:\/\/arteeluoghi.it\/index.php\/2012\/05\/25\/a-film-memoir\/#webpage\"},\"author\":{\"@id\":\"https:\/\/arteeluoghi.it\/#\/schema\/person\/f84e814e36e91e01448ee07eaadd41d4\"},\"headline\":\"A Film Memoir\",\"datePublished\":\"2012-05-25T19:02:46+00:00\",\"dateModified\":\"2017-08-06T01:03:49+00:00\",\"mainEntityOfPage\":{\"@id\":\"https:\/\/arteeluoghi.it\/index.php\/2012\/05\/25\/a-film-memoir\/#webpage\"},\"wordCount\":585,\"commentCount\":0,\"publisher\":{\"@id\":\"https:\/\/arteeluoghi.it\/#organization\"},\"image\":{\"@id\":\"https:\/\/arteeluoghi.it\/index.php\/2012\/05\/25\/a-film-memoir\/#primaryimage\"},\"thumbnailUrl\":\"\/images\/stories\/roman-polanski.jpg\",\"articleSection\":[\"Cinema\"],\"inLanguage\":\"it-IT\",\"potentialAction\":[{\"@type\":\"CommentAction\",\"name\":\"Comment\",\"target\":[\"https:\/\/arteeluoghi.it\/index.php\/2012\/05\/25\/a-film-memoir\/#respond\"]}]},{\"@type\":\"Person\",\"@id\":\"https:\/\/arteeluoghi.it\/#\/schema\/person\/f84e814e36e91e01448ee07eaadd41d4\",\"name\":\"Staff\",\"image\":{\"@type\":\"ImageObject\",\"@id\":\"https:\/\/arteeluoghi.it\/#personlogo\",\"inLanguage\":\"it-IT\",\"url\":\"https:\/\/secure.gravatar.com\/avatar\/49d2f9e46271bb04e19cebfaf141313a?s=96&d=blank&r=g\",\"contentUrl\":\"https:\/\/secure.gravatar.com\/avatar\/49d2f9e46271bb04e19cebfaf141313a?s=96&d=blank&r=g\",\"caption\":\"Staff\"}}]}<\/script>\n<!-- \/ Yoast SEO plugin. -->","yoast_head_json":{"title":"A Film Memoir | Arte e Luoghi","robots":{"index":"index","follow":"follow","max-snippet":"max-snippet:-1","max-image-preview":"max-image-preview:large","max-video-preview":"max-video-preview:-1"},"canonical":"https:\/\/arteeluoghi.it\/index.php\/2012\/05\/25\/a-film-memoir\/","og_locale":"it_IT","og_type":"article","og_title":"A Film Memoir | Arte e Luoghi","og_description":"Roman Polanski: A Film Memoir. Dentro la vita di un uomo di Patrizia Miglietta \u00a0 \u00a0 Un destino, una vittima,","og_url":"https:\/\/arteeluoghi.it\/index.php\/2012\/05\/25\/a-film-memoir\/","og_site_name":"Arte e Luoghi","article_publisher":"https:\/\/www.facebook.com\/ArteELuoghi\/","article_published_time":"2012-05-25T19:02:46+00:00","article_modified_time":"2017-08-06T01:03:49+00:00","og_image":[{"url":"https:\/\/arteeluoghi.it\/images\/stories\/roman-polanski.jpg"}],"twitter_card":"summary","twitter_creator":"@arteeluoghi","twitter_site":"@arteeluoghi","twitter_misc":{"Scritto da":"Staff","Tempo di lettura stimato":"3 minuti"},"schema":{"@context":"https:\/\/schema.org","@graph":[{"@type":"Organization","@id":"https:\/\/arteeluoghi.it\/#organization","name":"Arte e Luoghi","url":"https:\/\/arteeluoghi.it\/","sameAs":["https:\/\/www.facebook.com\/ArteELuoghi\/","https:\/\/www.instagram.com\/arteeluoghi\/?hl=it","https:\/\/www.youtube.com\/channel\/UCuRVc4JW4-C5sg9rQB-srkw?view_as=subscriber","https:\/\/twitter.com\/arteeluoghi"],"logo":{"@type":"ImageObject","@id":"https:\/\/arteeluoghi.it\/#logo","inLanguage":"it-IT","url":"https:\/\/arteeluoghi.it\/wp-content\/uploads\/2018\/08\/logoinstagramarte.jpg","contentUrl":"https:\/\/arteeluoghi.it\/wp-content\/uploads\/2018\/08\/logoinstagramarte.jpg","width":150,"height":150,"caption":"Arte e Luoghi"},"image":{"@id":"https:\/\/arteeluoghi.it\/#logo"}},{"@type":"WebSite","@id":"https:\/\/arteeluoghi.it\/#website","url":"https:\/\/arteeluoghi.it\/","name":"Arte e Luoghi","description":"Mensile di arte, cultura, turismo e curiosit\u00e0","publisher":{"@id":"https:\/\/arteeluoghi.it\/#organization"},"potentialAction":[{"@type":"SearchAction","target":{"@type":"EntryPoint","urlTemplate":"https:\/\/arteeluoghi.it\/?s={search_term_string}"},"query-input":"required name=search_term_string"}],"inLanguage":"it-IT"},{"@type":"ImageObject","@id":"https:\/\/arteeluoghi.it\/index.php\/2012\/05\/25\/a-film-memoir\/#primaryimage","inLanguage":"it-IT","url":"\/images\/stories\/roman-polanski.jpg","contentUrl":"\/images\/stories\/roman-polanski.jpg"},{"@type":"WebPage","@id":"https:\/\/arteeluoghi.it\/index.php\/2012\/05\/25\/a-film-memoir\/#webpage","url":"https:\/\/arteeluoghi.it\/index.php\/2012\/05\/25\/a-film-memoir\/","name":"A Film Memoir | Arte e Luoghi","isPartOf":{"@id":"https:\/\/arteeluoghi.it\/#website"},"primaryImageOfPage":{"@id":"https:\/\/arteeluoghi.it\/index.php\/2012\/05\/25\/a-film-memoir\/#primaryimage"},"datePublished":"2012-05-25T19:02:46+00:00","dateModified":"2017-08-06T01:03:49+00:00","breadcrumb":{"@id":"https:\/\/arteeluoghi.it\/index.php\/2012\/05\/25\/a-film-memoir\/#breadcrumb"},"inLanguage":"it-IT","potentialAction":[{"@type":"ReadAction","target":["https:\/\/arteeluoghi.it\/index.php\/2012\/05\/25\/a-film-memoir\/"]}]},{"@type":"BreadcrumbList","@id":"https:\/\/arteeluoghi.it\/index.php\/2012\/05\/25\/a-film-memoir\/#breadcrumb","itemListElement":[{"@type":"ListItem","position":1,"name":"Home","item":"https:\/\/arteeluoghi.it\/"},{"@type":"ListItem","position":2,"name":"A Film Memoir"}]},{"@type":"Article","@id":"https:\/\/arteeluoghi.it\/index.php\/2012\/05\/25\/a-film-memoir\/#article","isPartOf":{"@id":"https:\/\/arteeluoghi.it\/index.php\/2012\/05\/25\/a-film-memoir\/#webpage"},"author":{"@id":"https:\/\/arteeluoghi.it\/#\/schema\/person\/f84e814e36e91e01448ee07eaadd41d4"},"headline":"A Film Memoir","datePublished":"2012-05-25T19:02:46+00:00","dateModified":"2017-08-06T01:03:49+00:00","mainEntityOfPage":{"@id":"https:\/\/arteeluoghi.it\/index.php\/2012\/05\/25\/a-film-memoir\/#webpage"},"wordCount":585,"commentCount":0,"publisher":{"@id":"https:\/\/arteeluoghi.it\/#organization"},"image":{"@id":"https:\/\/arteeluoghi.it\/index.php\/2012\/05\/25\/a-film-memoir\/#primaryimage"},"thumbnailUrl":"\/images\/stories\/roman-polanski.jpg","articleSection":["Cinema"],"inLanguage":"it-IT","potentialAction":[{"@type":"CommentAction","name":"Comment","target":["https:\/\/arteeluoghi.it\/index.php\/2012\/05\/25\/a-film-memoir\/#respond"]}]},{"@type":"Person","@id":"https:\/\/arteeluoghi.it\/#\/schema\/person\/f84e814e36e91e01448ee07eaadd41d4","name":"Staff","image":{"@type":"ImageObject","@id":"https:\/\/arteeluoghi.it\/#personlogo","inLanguage":"it-IT","url":"https:\/\/secure.gravatar.com\/avatar\/49d2f9e46271bb04e19cebfaf141313a?s=96&d=blank&r=g","contentUrl":"https:\/\/secure.gravatar.com\/avatar\/49d2f9e46271bb04e19cebfaf141313a?s=96&d=blank&r=g","caption":"Staff"}}]}},"_links":{"self":[{"href":"https:\/\/arteeluoghi.it\/index.php\/wp-json\/wp\/v2\/posts\/748"}],"collection":[{"href":"https:\/\/arteeluoghi.it\/index.php\/wp-json\/wp\/v2\/posts"}],"about":[{"href":"https:\/\/arteeluoghi.it\/index.php\/wp-json\/wp\/v2\/types\/post"}],"author":[{"embeddable":true,"href":"https:\/\/arteeluoghi.it\/index.php\/wp-json\/wp\/v2\/users\/1"}],"replies":[{"embeddable":true,"href":"https:\/\/arteeluoghi.it\/index.php\/wp-json\/wp\/v2\/comments?post=748"}],"version-history":[{"count":1,"href":"https:\/\/arteeluoghi.it\/index.php\/wp-json\/wp\/v2\/posts\/748\/revisions"}],"predecessor-version":[{"id":2847,"href":"https:\/\/arteeluoghi.it\/index.php\/wp-json\/wp\/v2\/posts\/748\/revisions\/2847"}],"wp:attachment":[{"href":"https:\/\/arteeluoghi.it\/index.php\/wp-json\/wp\/v2\/media?parent=748"}],"wp:term":[{"taxonomy":"category","embeddable":true,"href":"https:\/\/arteeluoghi.it\/index.php\/wp-json\/wp\/v2\/categories?post=748"},{"taxonomy":"post_tag","embeddable":true,"href":"https:\/\/arteeluoghi.it\/index.php\/wp-json\/wp\/v2\/tags?post=748"}],"curies":[{"name":"wp","href":"https:\/\/api.w.org\/{rel}","templated":true}]}}