{"id":75,"date":"2010-11-07T14:39:40","date_gmt":"2010-11-07T13:39:40","guid":{"rendered":"http:\/\/arteeluoghi.it\/index.php\/2010\/11\/07\/de-giovanni\/"},"modified":"2018-01-04T21:44:35","modified_gmt":"2018-01-04T20:44:35","slug":"de-giovanni","status":"publish","type":"post","link":"https:\/\/arteeluoghi.it\/index.php\/2010\/11\/07\/de-giovanni\/","title":{"rendered":"Dipingendo (in jeans) la Sardegna"},"content":{"rendered":"<p>LUIGI DE GIOVANNI<\/p>\n<p>Dipingendo (in jeans) la Sardegna<\/p>\n<p>Luigi De Giovanni alla Bacheca di Cagliari: l&#8217;anima di un ex sessantottino racconta la  selvaggia Barbagia di Seulo e la fine dell&#8217;utopia<\/p>\n<p>di <strong>MAURO MANUNZA<\/strong><\/p>\n<p>\u00a0<\/p>\n<p>Dal raffinato barocco del Salento al naturale espressionismo della Barbagia di Seulo il passo non \u00e8 breve. Soprattutto per Luigi  De Giovanni, pittore che ama i ricchi ornati della sua terra natale, che dipinge preferibilmente i selvaggi angoli del centro Sardegna e che si rifiuta di salire in aereo: ragion per cui, i periodici trasferimenti tra le dolci alture pugliesi e i ripidi tacchi del meridione barbaricino si trasformano in avventura comunque irrinunciabile.<\/p>\n<p>Da quanti anni sia diventato sardo, l&#8217;artista neppure si ricorda. La doppia cittadinanza \u00e8 sua misura di vita, esattamente come la sovrapposizione dell&#8217;esprimersi artistico. Nato popista, si \u00e8 via via inoltrato nelle trasparenze dell&#8217;atmosfera naturale, superando poi le strutture formali per evocare immagini e sensazioni attraverso coloratissime aggregazioni astratte. Si direbbe un tormentato percorso accademico-spirituale, una coerente maturazione di ricerca, se non fosse che tanto pendolarismo pittorico si rivela infine di natura circolare. Tutto infatti continua a convivere, replicandosi senza ripensamenti n\u00e9 abbandoni: i jeans incollati, le geometrie disarticolate, i colori cupi e il segno rabbioso, le rappresentazioni idealizzate, le allegrie cromatiche di fiori, gli alberi primaverili, gli inni alla natura, la disgregazione di equilibri cromatici, le macchie informi che negano la figura. Nato anarchico, De Giovanni se ne andr\u00e0 testardamente anarchico.<\/p>\n<p>Le apparenti contraddizioni di un artista cos\u00ec particolare sono ora in mostra alla Bacheca di Cagliari. La parte preponderante dell&#8217;allestimento (tutte opere di quest&#8217;anno, esposte sino alla fine di dicembre) \u00e8 un omaggio alla spettacolare natura seulese: paesaggi ricchi di fitta vegetazione, grovigli di rami e foglie, vallate incorniciate da creste inaccessibili, pareti che precipitano nel verde, improvvisi bagliori di torrenti e cascate, rocce, antichi lecci, ciliegi in fiore, robusti noci, ombre e luci, frastagliati orizzonti che fra cielo e terra si combattono con delicate sfumature e violente tonalit\u00e0. Chi va per trekking lungo le andalas di quel paradiso quasi inesplorato pu\u00f2 riconoscere scorci di Perdabila, Taccor\u00ec, Perdaxinonpesada; e Genn &#8216;e Serra, dov&#8217;\u00e8 la casa di Giorgio e Maria, il nido d&#8217;infanzia di Federica che \u00e8 moglie del pittore.<\/p>\n<p>Luigi e Federica vivono a Cagliari, ma dividono l&#8217;anno spostandosi tra Specchia, Seulo, il capoluogo sardo e i luoghi di allestimento delle mostre. Paesaggi verdi, alberi e cieli nascono barbaricini, mentre i fiori sono \u201cnature vive\u201d che si fanno ritrarre nella citt\u00e0 vecchia, rione Villanova. I fiori di De Giovanni sono una continua esplosione di colori vibranti e rifrazioni solari; e sono anche un bignamino di correnti artistiche, offrendo passi che variano dal naturalismo all&#8217;impressionismo, dall&#8217;espressionismo all&#8217;astrattismo, a seconda dell&#8217;occasionale tensione dell&#8217;autore.<\/p>\n<p>Tensione mai attenuata, sebbene delusa nel correre degli anni. De Giovanni era convinto sessantottino e tale un po&#8217; \u00e8 rimasto nel profondo. I suoi progetti di scenografia teatrale, quattro decenni fa, sono scuri. L&#8217;adesione al pop lo converte alla pittoscultura, perci\u00f2 strappa pantaloni jeans e li trasforma in quadri materici visionari, animati di colori cupi e di parole che gridano malumore sociale: morte, distruzione, sos, caos, aiuto! Le sue \u201curla nel buio\u201d denunciano la caduta delle speranze, la fine dell&#8217;utopia. Tanti giovani hanno urlato assieme a lui, poi la rabbia si \u00e8 attenuata, l&#8217;epopea della contestazione si \u00e8 disciolta nei mille rivoli della rassegnazione, dell&#8217;ottimismo, dell&#8217;adeguamento e dell&#8217;opportunit\u00e0. Anche De Giovanni \u00e8 cresciuto incontrando svolte positive, ma non ha abbandonato la protesta: ecco i jeans lacerati, incollati al telaio, spennellati e accomunati da due costanti: l&#8217;ossessiva scritta \u201c68\u201d e una selva di scale a pioli. Sono le scale dell&#8217;arrampicamento sociale di chi, secondo lui, ha \u201ctradito\u201d quella spinta giovanile. Per\u00f2, a distanza di tanti anni, anche le scale dipinte da De Giovanni sono inserite in ambiente di soffice luce, forse segnale di chiarimento.<\/p>\n<p><strong>(fonte: pubblicato su L&#8217;Unione Sarda, 13 dicembre 2010)<br \/><\/strong><\/p>\n<p><strong> <\/strong><\/p>\n<p><strong> <\/strong><\/p>\n","protected":false},"excerpt":{"rendered":"<p>LUIGI DE GIOVANNI Dipingendo (in jeans) la Sardegna Luigi De Giovanni alla Bacheca di Cagliari: l&#8217;anima di un ex sessantottino<\/p>\n","protected":false},"author":1,"featured_media":0,"comment_status":"open","ping_status":"open","sticky":false,"template":"","format":"standard","meta":[],"categories":[27],"tags":[],"yoast_head":"<!-- This site is optimized with the Yoast SEO plugin v18.0 - https:\/\/yoast.com\/wordpress\/plugins\/seo\/ -->\n<title>Dipingendo (in jeans) la Sardegna | Arte e Luoghi<\/title>\n<meta name=\"robots\" content=\"index, follow, max-snippet:-1, max-image-preview:large, max-video-preview:-1\" \/>\n<link rel=\"canonical\" href=\"https:\/\/arteeluoghi.it\/index.php\/2010\/11\/07\/de-giovanni\/\" \/>\n<meta property=\"og:locale\" content=\"it_IT\" \/>\n<meta property=\"og:type\" content=\"article\" \/>\n<meta property=\"og:title\" content=\"Dipingendo (in jeans) la Sardegna | Arte e Luoghi\" \/>\n<meta property=\"og:description\" content=\"LUIGI DE GIOVANNI Dipingendo (in jeans) la Sardegna Luigi De Giovanni alla Bacheca di Cagliari: l&#8217;anima di un ex sessantottino\" \/>\n<meta property=\"og:url\" content=\"https:\/\/arteeluoghi.it\/index.php\/2010\/11\/07\/de-giovanni\/\" \/>\n<meta property=\"og:site_name\" content=\"Arte e Luoghi\" \/>\n<meta property=\"article:publisher\" content=\"https:\/\/www.facebook.com\/ArteELuoghi\/\" \/>\n<meta property=\"article:published_time\" content=\"2010-11-07T13:39:40+00:00\" \/>\n<meta property=\"article:modified_time\" content=\"2018-01-04T20:44:35+00:00\" \/>\n<meta name=\"twitter:card\" content=\"summary\" \/>\n<meta name=\"twitter:creator\" content=\"@arteeluoghi\" \/>\n<meta name=\"twitter:site\" content=\"@arteeluoghi\" \/>\n<meta name=\"twitter:label1\" content=\"Scritto da\" \/>\n\t<meta name=\"twitter:data1\" content=\"Staff\" \/>\n\t<meta name=\"twitter:label2\" content=\"Tempo di lettura stimato\" \/>\n\t<meta name=\"twitter:data2\" content=\"3 minuti\" \/>\n<script type=\"application\/ld+json\" class=\"yoast-schema-graph\">{\"@context\":\"https:\/\/schema.org\",\"@graph\":[{\"@type\":\"Organization\",\"@id\":\"https:\/\/arteeluoghi.it\/#organization\",\"name\":\"Arte e Luoghi\",\"url\":\"https:\/\/arteeluoghi.it\/\",\"sameAs\":[\"https:\/\/www.facebook.com\/ArteELuoghi\/\",\"https:\/\/www.instagram.com\/arteeluoghi\/?hl=it\",\"https:\/\/www.youtube.com\/channel\/UCuRVc4JW4-C5sg9rQB-srkw?view_as=subscriber\",\"https:\/\/twitter.com\/arteeluoghi\"],\"logo\":{\"@type\":\"ImageObject\",\"@id\":\"https:\/\/arteeluoghi.it\/#logo\",\"inLanguage\":\"it-IT\",\"url\":\"https:\/\/arteeluoghi.it\/wp-content\/uploads\/2018\/08\/logoinstagramarte.jpg\",\"contentUrl\":\"https:\/\/arteeluoghi.it\/wp-content\/uploads\/2018\/08\/logoinstagramarte.jpg\",\"width\":150,\"height\":150,\"caption\":\"Arte e Luoghi\"},\"image\":{\"@id\":\"https:\/\/arteeluoghi.it\/#logo\"}},{\"@type\":\"WebSite\",\"@id\":\"https:\/\/arteeluoghi.it\/#website\",\"url\":\"https:\/\/arteeluoghi.it\/\",\"name\":\"Arte e Luoghi\",\"description\":\"Mensile di arte, cultura, turismo e curiosit\u00e0\",\"publisher\":{\"@id\":\"https:\/\/arteeluoghi.it\/#organization\"},\"potentialAction\":[{\"@type\":\"SearchAction\",\"target\":{\"@type\":\"EntryPoint\",\"urlTemplate\":\"https:\/\/arteeluoghi.it\/?s={search_term_string}\"},\"query-input\":\"required name=search_term_string\"}],\"inLanguage\":\"it-IT\"},{\"@type\":\"WebPage\",\"@id\":\"https:\/\/arteeluoghi.it\/index.php\/2010\/11\/07\/de-giovanni\/#webpage\",\"url\":\"https:\/\/arteeluoghi.it\/index.php\/2010\/11\/07\/de-giovanni\/\",\"name\":\"Dipingendo (in jeans) la Sardegna | Arte e Luoghi\",\"isPartOf\":{\"@id\":\"https:\/\/arteeluoghi.it\/#website\"},\"datePublished\":\"2010-11-07T13:39:40+00:00\",\"dateModified\":\"2018-01-04T20:44:35+00:00\",\"breadcrumb\":{\"@id\":\"https:\/\/arteeluoghi.it\/index.php\/2010\/11\/07\/de-giovanni\/#breadcrumb\"},\"inLanguage\":\"it-IT\",\"potentialAction\":[{\"@type\":\"ReadAction\",\"target\":[\"https:\/\/arteeluoghi.it\/index.php\/2010\/11\/07\/de-giovanni\/\"]}]},{\"@type\":\"BreadcrumbList\",\"@id\":\"https:\/\/arteeluoghi.it\/index.php\/2010\/11\/07\/de-giovanni\/#breadcrumb\",\"itemListElement\":[{\"@type\":\"ListItem\",\"position\":1,\"name\":\"Home\",\"item\":\"https:\/\/arteeluoghi.it\/\"},{\"@type\":\"ListItem\",\"position\":2,\"name\":\"Dipingendo (in jeans) la Sardegna\"}]},{\"@type\":\"Article\",\"@id\":\"https:\/\/arteeluoghi.it\/index.php\/2010\/11\/07\/de-giovanni\/#article\",\"isPartOf\":{\"@id\":\"https:\/\/arteeluoghi.it\/index.php\/2010\/11\/07\/de-giovanni\/#webpage\"},\"author\":{\"@id\":\"https:\/\/arteeluoghi.it\/#\/schema\/person\/f84e814e36e91e01448ee07eaadd41d4\"},\"headline\":\"Dipingendo (in jeans) la Sardegna\",\"datePublished\":\"2010-11-07T13:39:40+00:00\",\"dateModified\":\"2018-01-04T20:44:35+00:00\",\"mainEntityOfPage\":{\"@id\":\"https:\/\/arteeluoghi.it\/index.php\/2010\/11\/07\/de-giovanni\/#webpage\"},\"wordCount\":633,\"commentCount\":0,\"publisher\":{\"@id\":\"https:\/\/arteeluoghi.it\/#organization\"},\"articleSection\":[\"Arte\"],\"inLanguage\":\"it-IT\",\"potentialAction\":[{\"@type\":\"CommentAction\",\"name\":\"Comment\",\"target\":[\"https:\/\/arteeluoghi.it\/index.php\/2010\/11\/07\/de-giovanni\/#respond\"]}]},{\"@type\":\"Person\",\"@id\":\"https:\/\/arteeluoghi.it\/#\/schema\/person\/f84e814e36e91e01448ee07eaadd41d4\",\"name\":\"Staff\",\"image\":{\"@type\":\"ImageObject\",\"@id\":\"https:\/\/arteeluoghi.it\/#personlogo\",\"inLanguage\":\"it-IT\",\"url\":\"https:\/\/secure.gravatar.com\/avatar\/49d2f9e46271bb04e19cebfaf141313a?s=96&d=blank&r=g\",\"contentUrl\":\"https:\/\/secure.gravatar.com\/avatar\/49d2f9e46271bb04e19cebfaf141313a?s=96&d=blank&r=g\",\"caption\":\"Staff\"}}]}<\/script>\n<!-- \/ Yoast SEO plugin. -->","yoast_head_json":{"title":"Dipingendo (in jeans) la Sardegna | Arte e Luoghi","robots":{"index":"index","follow":"follow","max-snippet":"max-snippet:-1","max-image-preview":"max-image-preview:large","max-video-preview":"max-video-preview:-1"},"canonical":"https:\/\/arteeluoghi.it\/index.php\/2010\/11\/07\/de-giovanni\/","og_locale":"it_IT","og_type":"article","og_title":"Dipingendo (in jeans) la Sardegna | Arte e Luoghi","og_description":"LUIGI DE GIOVANNI Dipingendo (in jeans) la Sardegna Luigi De Giovanni alla Bacheca di Cagliari: l&#8217;anima di un ex sessantottino","og_url":"https:\/\/arteeluoghi.it\/index.php\/2010\/11\/07\/de-giovanni\/","og_site_name":"Arte e Luoghi","article_publisher":"https:\/\/www.facebook.com\/ArteELuoghi\/","article_published_time":"2010-11-07T13:39:40+00:00","article_modified_time":"2018-01-04T20:44:35+00:00","twitter_card":"summary","twitter_creator":"@arteeluoghi","twitter_site":"@arteeluoghi","twitter_misc":{"Scritto da":"Staff","Tempo di lettura stimato":"3 minuti"},"schema":{"@context":"https:\/\/schema.org","@graph":[{"@type":"Organization","@id":"https:\/\/arteeluoghi.it\/#organization","name":"Arte e Luoghi","url":"https:\/\/arteeluoghi.it\/","sameAs":["https:\/\/www.facebook.com\/ArteELuoghi\/","https:\/\/www.instagram.com\/arteeluoghi\/?hl=it","https:\/\/www.youtube.com\/channel\/UCuRVc4JW4-C5sg9rQB-srkw?view_as=subscriber","https:\/\/twitter.com\/arteeluoghi"],"logo":{"@type":"ImageObject","@id":"https:\/\/arteeluoghi.it\/#logo","inLanguage":"it-IT","url":"https:\/\/arteeluoghi.it\/wp-content\/uploads\/2018\/08\/logoinstagramarte.jpg","contentUrl":"https:\/\/arteeluoghi.it\/wp-content\/uploads\/2018\/08\/logoinstagramarte.jpg","width":150,"height":150,"caption":"Arte e Luoghi"},"image":{"@id":"https:\/\/arteeluoghi.it\/#logo"}},{"@type":"WebSite","@id":"https:\/\/arteeluoghi.it\/#website","url":"https:\/\/arteeluoghi.it\/","name":"Arte e Luoghi","description":"Mensile di arte, cultura, turismo e curiosit\u00e0","publisher":{"@id":"https:\/\/arteeluoghi.it\/#organization"},"potentialAction":[{"@type":"SearchAction","target":{"@type":"EntryPoint","urlTemplate":"https:\/\/arteeluoghi.it\/?s={search_term_string}"},"query-input":"required name=search_term_string"}],"inLanguage":"it-IT"},{"@type":"WebPage","@id":"https:\/\/arteeluoghi.it\/index.php\/2010\/11\/07\/de-giovanni\/#webpage","url":"https:\/\/arteeluoghi.it\/index.php\/2010\/11\/07\/de-giovanni\/","name":"Dipingendo (in jeans) la Sardegna | Arte e Luoghi","isPartOf":{"@id":"https:\/\/arteeluoghi.it\/#website"},"datePublished":"2010-11-07T13:39:40+00:00","dateModified":"2018-01-04T20:44:35+00:00","breadcrumb":{"@id":"https:\/\/arteeluoghi.it\/index.php\/2010\/11\/07\/de-giovanni\/#breadcrumb"},"inLanguage":"it-IT","potentialAction":[{"@type":"ReadAction","target":["https:\/\/arteeluoghi.it\/index.php\/2010\/11\/07\/de-giovanni\/"]}]},{"@type":"BreadcrumbList","@id":"https:\/\/arteeluoghi.it\/index.php\/2010\/11\/07\/de-giovanni\/#breadcrumb","itemListElement":[{"@type":"ListItem","position":1,"name":"Home","item":"https:\/\/arteeluoghi.it\/"},{"@type":"ListItem","position":2,"name":"Dipingendo (in jeans) la Sardegna"}]},{"@type":"Article","@id":"https:\/\/arteeluoghi.it\/index.php\/2010\/11\/07\/de-giovanni\/#article","isPartOf":{"@id":"https:\/\/arteeluoghi.it\/index.php\/2010\/11\/07\/de-giovanni\/#webpage"},"author":{"@id":"https:\/\/arteeluoghi.it\/#\/schema\/person\/f84e814e36e91e01448ee07eaadd41d4"},"headline":"Dipingendo (in jeans) la Sardegna","datePublished":"2010-11-07T13:39:40+00:00","dateModified":"2018-01-04T20:44:35+00:00","mainEntityOfPage":{"@id":"https:\/\/arteeluoghi.it\/index.php\/2010\/11\/07\/de-giovanni\/#webpage"},"wordCount":633,"commentCount":0,"publisher":{"@id":"https:\/\/arteeluoghi.it\/#organization"},"articleSection":["Arte"],"inLanguage":"it-IT","potentialAction":[{"@type":"CommentAction","name":"Comment","target":["https:\/\/arteeluoghi.it\/index.php\/2010\/11\/07\/de-giovanni\/#respond"]}]},{"@type":"Person","@id":"https:\/\/arteeluoghi.it\/#\/schema\/person\/f84e814e36e91e01448ee07eaadd41d4","name":"Staff","image":{"@type":"ImageObject","@id":"https:\/\/arteeluoghi.it\/#personlogo","inLanguage":"it-IT","url":"https:\/\/secure.gravatar.com\/avatar\/49d2f9e46271bb04e19cebfaf141313a?s=96&d=blank&r=g","contentUrl":"https:\/\/secure.gravatar.com\/avatar\/49d2f9e46271bb04e19cebfaf141313a?s=96&d=blank&r=g","caption":"Staff"}}]}},"_links":{"self":[{"href":"https:\/\/arteeluoghi.it\/index.php\/wp-json\/wp\/v2\/posts\/75"}],"collection":[{"href":"https:\/\/arteeluoghi.it\/index.php\/wp-json\/wp\/v2\/posts"}],"about":[{"href":"https:\/\/arteeluoghi.it\/index.php\/wp-json\/wp\/v2\/types\/post"}],"author":[{"embeddable":true,"href":"https:\/\/arteeluoghi.it\/index.php\/wp-json\/wp\/v2\/users\/1"}],"replies":[{"embeddable":true,"href":"https:\/\/arteeluoghi.it\/index.php\/wp-json\/wp\/v2\/comments?post=75"}],"version-history":[{"count":1,"href":"https:\/\/arteeluoghi.it\/index.php\/wp-json\/wp\/v2\/posts\/75\/revisions"}],"predecessor-version":[{"id":4510,"href":"https:\/\/arteeluoghi.it\/index.php\/wp-json\/wp\/v2\/posts\/75\/revisions\/4510"}],"wp:attachment":[{"href":"https:\/\/arteeluoghi.it\/index.php\/wp-json\/wp\/v2\/media?parent=75"}],"wp:term":[{"taxonomy":"category","embeddable":true,"href":"https:\/\/arteeluoghi.it\/index.php\/wp-json\/wp\/v2\/categories?post=75"},{"taxonomy":"post_tag","embeddable":true,"href":"https:\/\/arteeluoghi.it\/index.php\/wp-json\/wp\/v2\/tags?post=75"}],"curies":[{"name":"wp","href":"https:\/\/api.w.org\/{rel}","templated":true}]}}