{"id":750,"date":"2012-05-17T23:00:00","date_gmt":"2012-05-17T21:00:00","guid":{"rendered":"http:\/\/arteeluoghi.it\/index.php\/2012\/05\/17\/viaggio-nella-terra-del-perdono\/"},"modified":"2017-08-14T04:06:13","modified_gmt":"2017-08-14T02:06:13","slug":"viaggio-nella-terra-del-perdono","status":"publish","type":"post","link":"https:\/\/arteeluoghi.it\/index.php\/2012\/05\/17\/viaggio-nella-terra-del-perdono\/","title":{"rendered":"Viaggio nella terra del Perdono"},"content":{"rendered":"<p><img src=\"\/images\/stories\/locandinaabruzzo.jpg\" border=\"0\" title=\"locandina del convegno\" width=\"150\" style=\"margin: 21px; float: left;\" \/><\/p>\n<p>\u00a0<\/p>\n<p>Dal 22 al 27 maggio nei luoghi d&#8217;Abruzzo il convegno itinerante promosso dall&#8217;associazione\u00a0 Pantarei presieduta dalla scrittrice Maria Grazia Lopardi<\/p>\n<p>\u201c<strong>Un perdono mancato nella storia? La vicenda dei Templari ed ipotesi sulla loro distruzione<br \/> Il Cammino del Perdono dall\u2019eremo del Morrone a S. Maria di Collemaggio sui passi di Celestino V<\/strong><\/p>\n<p>\u00a0<\/p>\n<p>di Antonietta Fulvio<\/p>\n<p>\u00a0<\/p>\n<p>Il nome \u201cPanta rei\u201d di eraclitea memoria, ma inteso come evoluzione della coscienza umana, racchiude gli obiettivi dell\u2019associazione di promozione culturale fondata e presieduta dalla scrittrice Maria Grazia Lopardi.<\/p>\n<p>Nata nel giugno del 2001, l\u2019associazione organizza conferenze, seminari, pubblicazioni.<\/p>\n<p>Nella citt\u00e0 di Celestino V e luogo della perdonanza, Panta rei persevera nel suo intento principale \u201cportare il mondo ad un salto di coscienza, con il rispetto della vita dell\u2019intero pianeta\u201d. Un salto di coscienza che fonda le sue basi nella tolleranza che pu\u00f2 nascere solo dalla conoscenza e da ciascun individuo capace di discernere, senza chiudersi al nuovo e, partendo dalla propria interiorit\u00e0: in fondo, non si pu\u00f2 star bene con gli altri se non si sta bene prima di tutto con se stessi. N\u00e9 si pu\u00f2 pensare alla pace in Medio Oriente se non sappiamo realizzarla in noi e tra noi\u00a0 si legge nella home page di wwwcollemagico.it, sito di riferimento della stessa associazione che in questi giorni si fa promotore di un convegno estremamente interessante patrocinato dalla Regione Abruzzo, Presidenza del Consiglio e Comune de L\u2019Aquila, in collaborazione con \u00a0Conacreis Abruzzo e il Gruppo Archeologico Superequano di Castelvecchio Subequo. Si tratta dell\u2019ottava edizione del Convegno itinerante, intitolato \u201c<strong>Un perdono mancato nella storia? La vicenda dei Templari ed ipotesi sulla loro distruzione Il Cammino del Perdono dall\u2019eremo del Morrone a S. Maria di Collemaggio sui passi di Celestino V\u201d. <\/strong>Un itinerario tra i luoghi d\u2019Abruzzo, terra di spirito e di memoria come testimonia un rito antico<strong>, <\/strong>la Perdonanza Celestiniana, il Dono che nel 1294 papa <strong>Celestino V<\/strong> volle fare agli aquilani e al mondo intero, facendo ottenere l&#8217;indulgenza a tutti coloro che, pentiti, passassero per la <strong>Porta Santa <\/strong>della <strong>Cattedrale di Collemaggio<\/strong>. Ma l\u2019Abruzzo non \u00e8 solo la terra di Pietro da Morrone, 192\u00ba papa della Chiesa cattolica, che prefer\u00ec abdicare al soglio pontificio. L\u2019Abruzzo \u00e8 anche terra che rivela la presenza misteriosa dei Templari e nel primo giorno del convegno, il 22 maggio nella sala convegni della Carispaq alle 17,30, sar\u00e0 la stessa la scrittrice, Maria Grazia Lopardi, a parlare de \u201cIl processo ai Templari: assoluzione o condanna?\u201d.<\/p>\n<p>  <!--more-->  <\/p>\n<p>A seguire l\u2019intervento dell\u2019ingegnere e ricercatore Maurizio Volpi che affronter\u00e0 il tema del <em>Templarismo nella tradizione iniziatica<\/em>. Il 23 maggio sar\u00e0 all\u2019insegna della scoperta dei luoghi \u201cPercorso a piedi per Sulmona\u201d con la visita guidata alla Badia di Santo Spirito con Anna Colangelo e Franco de Vitis, funzionari delle Soprintendenze B.A.P. e B.S.A.E. d\u2019Abruzzo. Nel pomeriggio,(17,30, Anna Rita Glisendi storico dell\u2019arte (Soprintendenza B.S.A.E. d\u2019Abruzzo) guider\u00e0 i partecipanti nelle sale del Museo Diocesano di Arte Sacra. Ancora un itinerario Sulmona \u2013 Castelvecchio Subequo anche il 24 maggio con tappa al Museo Archeologico di Corfinio con Letizia Brunetti direttore del Museo(ore 12,30). Alle 18,30, invece breve visita alla Chiesa di S. Francesco di Castelvecchio Subequo con Emiliano Splendore Presidente Associazione Gruppo Archeologico Superequano, Vittorio Bianchi e Giuseppe Cera. La giornata si concluder\u00e0 con l\u2019inaugurazione della XIX mostra dei Pittori Peligni\u00a0 allestita nei locali del chiostro della stessa Chiesa.<\/p>\n<p>Il giorno seguente, 25 maggio, l\u2019itinerario si snoder\u00e0 da Castelvecchio Subequo a Fontecchio dove nel pomeriggio alle 17 Alessio Di Giulio presidente Associazione Pico Fonticulano condurr\u00e0 i partecipanti nel centro storico della citt\u00e0. Dopo una breve visita al Centro del Capriolo a partire dalle 18,30 si terr\u00e0 la conferenza sul tema \u201cSimboli araldici celestiniani\u201d tenuta da Giuseppe Cera. Sabato\u00a0 26 maggio da Fontecchio ci si sposta alla volta di S. Spirito d\u2019Ocre dopo una breve visita all\u2019ex monastero cistercense di S. Spirito d\u2019Ocre (XIII d.C.) nella sala convegni dello stesso Monastero si parler\u00e0 di \u201cPresenze templari nell\u2019Aquilano: documenti e ipotesi\u201d; Giovanni Pelosini, docente ricercatore e scrittore, illustrer\u00e0 Ipotesi di trasmissione della conoscenza templare attraverso i Tarocchi\u201d; Carlo Di Stanislao, medico e presidente dell\u2019Associazione medica per lo studio dell\u2019Agopuntura, terr\u00e0 una relazione dal titolo \u201cla via del guerriero nella tradizione dei Templari\u201d. \u201cIpotesi sul motivo della distruzione dei Templari\u201d sar\u00e0 invece l\u2019intervento del giornalista e scrittore Adriano Forgione.<\/p>\n<p>Domenica 27 maggio il percorso si conclude da S. Spirito a L\u2019Aquila. Nei pressi della basilica di S.Maria di Collemaggio sar\u00e0 la stessa Lopardi a svelarne i simboli reconditi e con Maria Rita Acone, presidente Archeoclub de L\u2019Aquila ci si addentrer\u00e0 per quanto \u00e8 possibile tra le vie della citt\u00e0, atrocemente ferita e deturpata dal sisma del 6 aprile 2009. L\u2019associazione Pantarei, che gi\u00e0 tanto si \u00e8 attivata nei momenti d\u2019emergenza, continua l\u2019opera di sostegno anche con la raccolta fondi attivata per\u00a0 il\u00a0 restauro della Basilica di Collemaggio. Al 4 ottobre 2010 l\u2019associazione ha raccolto ben trentamila euro, l\u2019otto maggio dello scorso anno, a conclusione del &#8220;Cammino del Perdono\u201d, sono stati messi a disposizione del <strong>Vice Commissario dott. Marchetti<\/strong> le prime donazioni (tutte visibili nella pagina dedicata nel sito www.collemagico.it) di Euro 27000<\/p>\n<p>per la sistemazione di una parte del pavimento della Basilica e la cappella di Celestino V.<\/p>\n<p>Inoltre, Maria Grazia Lopardi ha destinato i diritti di autore del libro \u201cNotre dame di Collemaggio\u201d alla ricostruzione della Basilica. E anche nel caso in cui la Basilica venisse interamente adottata il ricavato sar\u00e0 comunque destinato ad opere d\u2019arte (per esempio l\u2019organo della Basilica o il patrimonio statuario) o ad altro monumento danneggiato dal sisma o centro culturale al servizio delle Associazioni della citt\u00e0.<\/p>\n<hr \/>\n<p> Maria Grazia Lopardi<\/p>\n<p>Nata a L\u2019Aquila, dove vive con la famiglia ed esercita la professione di Avvocato dello Stato quale Avvocato Distrettuale, Maria Grazia Lopardi con\u00a0 le sue conoscenze e intuizioni ha svelato il messaggio simbolico affidato alla Basilica di Collemaggio<strong> <\/strong>ed ai suoi giochi solari, nonch\u00e9 il mistero del Quadrato magico del Sator, straordinario Codice cosmico racchiudente le leggi del creato. Relatrice in numerosi convegni e trasmissioni televisive, tra le sue pubblicazioni si ricorda Il Quadrato magico del Sator,\u00a0 (2006) e\u00a0 Architettura sacra medievale (2009) per i tipi Edizioni Mediterranee\u00a0 e con le Edizioni Arkeios i volumi Notre Dame di Collemaggio (2009 II ed.)\u00a0 e Celestino V e il tesoro dei Templari (2010)\u00a0 che sar\u00e0 presentato a Lecce\u00a0 il prossimo ottobre.<\/p>\n<p>\u00a0<\/p>\n<p>www.collemagico.it<\/p>\n","protected":false},"excerpt":{"rendered":"<p>\u00a0 Dal 22 al 27 maggio nei luoghi d&#8217;Abruzzo il convegno itinerante promosso dall&#8217;associazione\u00a0 Pantarei presieduta dalla scrittrice Maria Grazia<\/p>\n","protected":false},"author":1,"featured_media":0,"comment_status":"open","ping_status":"open","sticky":false,"template":"","format":"standard","meta":[],"categories":[30],"tags":[],"yoast_head":"<!-- This site is optimized with the Yoast SEO plugin v18.0 - https:\/\/yoast.com\/wordpress\/plugins\/seo\/ -->\n<title>Viaggio nella terra del Perdono | Arte e Luoghi<\/title>\n<meta name=\"robots\" content=\"index, follow, max-snippet:-1, max-image-preview:large, max-video-preview:-1\" \/>\n<link rel=\"canonical\" href=\"https:\/\/arteeluoghi.it\/index.php\/2012\/05\/17\/viaggio-nella-terra-del-perdono\/\" \/>\n<meta property=\"og:locale\" content=\"it_IT\" \/>\n<meta property=\"og:type\" content=\"article\" \/>\n<meta property=\"og:title\" content=\"Viaggio nella terra del Perdono | Arte e Luoghi\" \/>\n<meta property=\"og:description\" content=\"\u00a0 Dal 22 al 27 maggio nei luoghi d&#8217;Abruzzo il convegno itinerante promosso dall&#8217;associazione\u00a0 Pantarei presieduta dalla scrittrice Maria Grazia\" \/>\n<meta property=\"og:url\" content=\"https:\/\/arteeluoghi.it\/index.php\/2012\/05\/17\/viaggio-nella-terra-del-perdono\/\" \/>\n<meta property=\"og:site_name\" content=\"Arte e Luoghi\" \/>\n<meta property=\"article:publisher\" content=\"https:\/\/www.facebook.com\/ArteELuoghi\/\" \/>\n<meta property=\"article:published_time\" content=\"2012-05-17T21:00:00+00:00\" \/>\n<meta property=\"article:modified_time\" content=\"2017-08-14T02:06:13+00:00\" \/>\n<meta property=\"og:image\" content=\"https:\/\/arteeluoghi.it\/images\/stories\/locandinaabruzzo.jpg\" \/>\n<meta name=\"twitter:card\" content=\"summary\" \/>\n<meta name=\"twitter:creator\" content=\"@arteeluoghi\" \/>\n<meta name=\"twitter:site\" content=\"@arteeluoghi\" \/>\n<meta name=\"twitter:label1\" content=\"Scritto da\" \/>\n\t<meta name=\"twitter:data1\" content=\"Staff\" \/>\n\t<meta name=\"twitter:label2\" content=\"Tempo di lettura stimato\" \/>\n\t<meta name=\"twitter:data2\" content=\"5 minuti\" \/>\n<script type=\"application\/ld+json\" class=\"yoast-schema-graph\">{\"@context\":\"https:\/\/schema.org\",\"@graph\":[{\"@type\":\"Organization\",\"@id\":\"https:\/\/arteeluoghi.it\/#organization\",\"name\":\"Arte e Luoghi\",\"url\":\"https:\/\/arteeluoghi.it\/\",\"sameAs\":[\"https:\/\/www.facebook.com\/ArteELuoghi\/\",\"https:\/\/www.instagram.com\/arteeluoghi\/?hl=it\",\"https:\/\/www.youtube.com\/channel\/UCuRVc4JW4-C5sg9rQB-srkw?view_as=subscriber\",\"https:\/\/twitter.com\/arteeluoghi\"],\"logo\":{\"@type\":\"ImageObject\",\"@id\":\"https:\/\/arteeluoghi.it\/#logo\",\"inLanguage\":\"it-IT\",\"url\":\"https:\/\/arteeluoghi.it\/wp-content\/uploads\/2018\/08\/logoinstagramarte.jpg\",\"contentUrl\":\"https:\/\/arteeluoghi.it\/wp-content\/uploads\/2018\/08\/logoinstagramarte.jpg\",\"width\":150,\"height\":150,\"caption\":\"Arte e Luoghi\"},\"image\":{\"@id\":\"https:\/\/arteeluoghi.it\/#logo\"}},{\"@type\":\"WebSite\",\"@id\":\"https:\/\/arteeluoghi.it\/#website\",\"url\":\"https:\/\/arteeluoghi.it\/\",\"name\":\"Arte e Luoghi\",\"description\":\"Mensile di arte, cultura, turismo e curiosit\u00e0\",\"publisher\":{\"@id\":\"https:\/\/arteeluoghi.it\/#organization\"},\"potentialAction\":[{\"@type\":\"SearchAction\",\"target\":{\"@type\":\"EntryPoint\",\"urlTemplate\":\"https:\/\/arteeluoghi.it\/?s={search_term_string}\"},\"query-input\":\"required name=search_term_string\"}],\"inLanguage\":\"it-IT\"},{\"@type\":\"ImageObject\",\"@id\":\"https:\/\/arteeluoghi.it\/index.php\/2012\/05\/17\/viaggio-nella-terra-del-perdono\/#primaryimage\",\"inLanguage\":\"it-IT\",\"url\":\"\/images\/stories\/locandinaabruzzo.jpg\",\"contentUrl\":\"\/images\/stories\/locandinaabruzzo.jpg\"},{\"@type\":\"WebPage\",\"@id\":\"https:\/\/arteeluoghi.it\/index.php\/2012\/05\/17\/viaggio-nella-terra-del-perdono\/#webpage\",\"url\":\"https:\/\/arteeluoghi.it\/index.php\/2012\/05\/17\/viaggio-nella-terra-del-perdono\/\",\"name\":\"Viaggio nella terra del Perdono | Arte e Luoghi\",\"isPartOf\":{\"@id\":\"https:\/\/arteeluoghi.it\/#website\"},\"primaryImageOfPage\":{\"@id\":\"https:\/\/arteeluoghi.it\/index.php\/2012\/05\/17\/viaggio-nella-terra-del-perdono\/#primaryimage\"},\"datePublished\":\"2012-05-17T21:00:00+00:00\",\"dateModified\":\"2017-08-14T02:06:13+00:00\",\"breadcrumb\":{\"@id\":\"https:\/\/arteeluoghi.it\/index.php\/2012\/05\/17\/viaggio-nella-terra-del-perdono\/#breadcrumb\"},\"inLanguage\":\"it-IT\",\"potentialAction\":[{\"@type\":\"ReadAction\",\"target\":[\"https:\/\/arteeluoghi.it\/index.php\/2012\/05\/17\/viaggio-nella-terra-del-perdono\/\"]}]},{\"@type\":\"BreadcrumbList\",\"@id\":\"https:\/\/arteeluoghi.it\/index.php\/2012\/05\/17\/viaggio-nella-terra-del-perdono\/#breadcrumb\",\"itemListElement\":[{\"@type\":\"ListItem\",\"position\":1,\"name\":\"Home\",\"item\":\"https:\/\/arteeluoghi.it\/\"},{\"@type\":\"ListItem\",\"position\":2,\"name\":\"Viaggio nella terra del Perdono\"}]},{\"@type\":\"Article\",\"@id\":\"https:\/\/arteeluoghi.it\/index.php\/2012\/05\/17\/viaggio-nella-terra-del-perdono\/#article\",\"isPartOf\":{\"@id\":\"https:\/\/arteeluoghi.it\/index.php\/2012\/05\/17\/viaggio-nella-terra-del-perdono\/#webpage\"},\"author\":{\"@id\":\"https:\/\/arteeluoghi.it\/#\/schema\/person\/f84e814e36e91e01448ee07eaadd41d4\"},\"headline\":\"Viaggio nella terra del Perdono\",\"datePublished\":\"2012-05-17T21:00:00+00:00\",\"dateModified\":\"2017-08-14T02:06:13+00:00\",\"mainEntityOfPage\":{\"@id\":\"https:\/\/arteeluoghi.it\/index.php\/2012\/05\/17\/viaggio-nella-terra-del-perdono\/#webpage\"},\"wordCount\":1069,\"commentCount\":0,\"publisher\":{\"@id\":\"https:\/\/arteeluoghi.it\/#organization\"},\"image\":{\"@id\":\"https:\/\/arteeluoghi.it\/index.php\/2012\/05\/17\/viaggio-nella-terra-del-perdono\/#primaryimage\"},\"thumbnailUrl\":\"\/images\/stories\/locandinaabruzzo.jpg\",\"articleSection\":[\"Turismo | geografica-mente\"],\"inLanguage\":\"it-IT\",\"potentialAction\":[{\"@type\":\"CommentAction\",\"name\":\"Comment\",\"target\":[\"https:\/\/arteeluoghi.it\/index.php\/2012\/05\/17\/viaggio-nella-terra-del-perdono\/#respond\"]}]},{\"@type\":\"Person\",\"@id\":\"https:\/\/arteeluoghi.it\/#\/schema\/person\/f84e814e36e91e01448ee07eaadd41d4\",\"name\":\"Staff\",\"image\":{\"@type\":\"ImageObject\",\"@id\":\"https:\/\/arteeluoghi.it\/#personlogo\",\"inLanguage\":\"it-IT\",\"url\":\"https:\/\/secure.gravatar.com\/avatar\/49d2f9e46271bb04e19cebfaf141313a?s=96&d=blank&r=g\",\"contentUrl\":\"https:\/\/secure.gravatar.com\/avatar\/49d2f9e46271bb04e19cebfaf141313a?s=96&d=blank&r=g\",\"caption\":\"Staff\"}}]}<\/script>\n<!-- \/ Yoast SEO plugin. -->","yoast_head_json":{"title":"Viaggio nella terra del Perdono | Arte e Luoghi","robots":{"index":"index","follow":"follow","max-snippet":"max-snippet:-1","max-image-preview":"max-image-preview:large","max-video-preview":"max-video-preview:-1"},"canonical":"https:\/\/arteeluoghi.it\/index.php\/2012\/05\/17\/viaggio-nella-terra-del-perdono\/","og_locale":"it_IT","og_type":"article","og_title":"Viaggio nella terra del Perdono | Arte e Luoghi","og_description":"\u00a0 Dal 22 al 27 maggio nei luoghi d&#8217;Abruzzo il convegno itinerante promosso dall&#8217;associazione\u00a0 Pantarei presieduta dalla scrittrice Maria Grazia","og_url":"https:\/\/arteeluoghi.it\/index.php\/2012\/05\/17\/viaggio-nella-terra-del-perdono\/","og_site_name":"Arte e Luoghi","article_publisher":"https:\/\/www.facebook.com\/ArteELuoghi\/","article_published_time":"2012-05-17T21:00:00+00:00","article_modified_time":"2017-08-14T02:06:13+00:00","og_image":[{"url":"https:\/\/arteeluoghi.it\/images\/stories\/locandinaabruzzo.jpg"}],"twitter_card":"summary","twitter_creator":"@arteeluoghi","twitter_site":"@arteeluoghi","twitter_misc":{"Scritto da":"Staff","Tempo di lettura stimato":"5 minuti"},"schema":{"@context":"https:\/\/schema.org","@graph":[{"@type":"Organization","@id":"https:\/\/arteeluoghi.it\/#organization","name":"Arte e Luoghi","url":"https:\/\/arteeluoghi.it\/","sameAs":["https:\/\/www.facebook.com\/ArteELuoghi\/","https:\/\/www.instagram.com\/arteeluoghi\/?hl=it","https:\/\/www.youtube.com\/channel\/UCuRVc4JW4-C5sg9rQB-srkw?view_as=subscriber","https:\/\/twitter.com\/arteeluoghi"],"logo":{"@type":"ImageObject","@id":"https:\/\/arteeluoghi.it\/#logo","inLanguage":"it-IT","url":"https:\/\/arteeluoghi.it\/wp-content\/uploads\/2018\/08\/logoinstagramarte.jpg","contentUrl":"https:\/\/arteeluoghi.it\/wp-content\/uploads\/2018\/08\/logoinstagramarte.jpg","width":150,"height":150,"caption":"Arte e Luoghi"},"image":{"@id":"https:\/\/arteeluoghi.it\/#logo"}},{"@type":"WebSite","@id":"https:\/\/arteeluoghi.it\/#website","url":"https:\/\/arteeluoghi.it\/","name":"Arte e Luoghi","description":"Mensile di arte, cultura, turismo e curiosit\u00e0","publisher":{"@id":"https:\/\/arteeluoghi.it\/#organization"},"potentialAction":[{"@type":"SearchAction","target":{"@type":"EntryPoint","urlTemplate":"https:\/\/arteeluoghi.it\/?s={search_term_string}"},"query-input":"required name=search_term_string"}],"inLanguage":"it-IT"},{"@type":"ImageObject","@id":"https:\/\/arteeluoghi.it\/index.php\/2012\/05\/17\/viaggio-nella-terra-del-perdono\/#primaryimage","inLanguage":"it-IT","url":"\/images\/stories\/locandinaabruzzo.jpg","contentUrl":"\/images\/stories\/locandinaabruzzo.jpg"},{"@type":"WebPage","@id":"https:\/\/arteeluoghi.it\/index.php\/2012\/05\/17\/viaggio-nella-terra-del-perdono\/#webpage","url":"https:\/\/arteeluoghi.it\/index.php\/2012\/05\/17\/viaggio-nella-terra-del-perdono\/","name":"Viaggio nella terra del Perdono | Arte e Luoghi","isPartOf":{"@id":"https:\/\/arteeluoghi.it\/#website"},"primaryImageOfPage":{"@id":"https:\/\/arteeluoghi.it\/index.php\/2012\/05\/17\/viaggio-nella-terra-del-perdono\/#primaryimage"},"datePublished":"2012-05-17T21:00:00+00:00","dateModified":"2017-08-14T02:06:13+00:00","breadcrumb":{"@id":"https:\/\/arteeluoghi.it\/index.php\/2012\/05\/17\/viaggio-nella-terra-del-perdono\/#breadcrumb"},"inLanguage":"it-IT","potentialAction":[{"@type":"ReadAction","target":["https:\/\/arteeluoghi.it\/index.php\/2012\/05\/17\/viaggio-nella-terra-del-perdono\/"]}]},{"@type":"BreadcrumbList","@id":"https:\/\/arteeluoghi.it\/index.php\/2012\/05\/17\/viaggio-nella-terra-del-perdono\/#breadcrumb","itemListElement":[{"@type":"ListItem","position":1,"name":"Home","item":"https:\/\/arteeluoghi.it\/"},{"@type":"ListItem","position":2,"name":"Viaggio nella terra del Perdono"}]},{"@type":"Article","@id":"https:\/\/arteeluoghi.it\/index.php\/2012\/05\/17\/viaggio-nella-terra-del-perdono\/#article","isPartOf":{"@id":"https:\/\/arteeluoghi.it\/index.php\/2012\/05\/17\/viaggio-nella-terra-del-perdono\/#webpage"},"author":{"@id":"https:\/\/arteeluoghi.it\/#\/schema\/person\/f84e814e36e91e01448ee07eaadd41d4"},"headline":"Viaggio nella terra del Perdono","datePublished":"2012-05-17T21:00:00+00:00","dateModified":"2017-08-14T02:06:13+00:00","mainEntityOfPage":{"@id":"https:\/\/arteeluoghi.it\/index.php\/2012\/05\/17\/viaggio-nella-terra-del-perdono\/#webpage"},"wordCount":1069,"commentCount":0,"publisher":{"@id":"https:\/\/arteeluoghi.it\/#organization"},"image":{"@id":"https:\/\/arteeluoghi.it\/index.php\/2012\/05\/17\/viaggio-nella-terra-del-perdono\/#primaryimage"},"thumbnailUrl":"\/images\/stories\/locandinaabruzzo.jpg","articleSection":["Turismo | geografica-mente"],"inLanguage":"it-IT","potentialAction":[{"@type":"CommentAction","name":"Comment","target":["https:\/\/arteeluoghi.it\/index.php\/2012\/05\/17\/viaggio-nella-terra-del-perdono\/#respond"]}]},{"@type":"Person","@id":"https:\/\/arteeluoghi.it\/#\/schema\/person\/f84e814e36e91e01448ee07eaadd41d4","name":"Staff","image":{"@type":"ImageObject","@id":"https:\/\/arteeluoghi.it\/#personlogo","inLanguage":"it-IT","url":"https:\/\/secure.gravatar.com\/avatar\/49d2f9e46271bb04e19cebfaf141313a?s=96&d=blank&r=g","contentUrl":"https:\/\/secure.gravatar.com\/avatar\/49d2f9e46271bb04e19cebfaf141313a?s=96&d=blank&r=g","caption":"Staff"}}]}},"_links":{"self":[{"href":"https:\/\/arteeluoghi.it\/index.php\/wp-json\/wp\/v2\/posts\/750"}],"collection":[{"href":"https:\/\/arteeluoghi.it\/index.php\/wp-json\/wp\/v2\/posts"}],"about":[{"href":"https:\/\/arteeluoghi.it\/index.php\/wp-json\/wp\/v2\/types\/post"}],"author":[{"embeddable":true,"href":"https:\/\/arteeluoghi.it\/index.php\/wp-json\/wp\/v2\/users\/1"}],"replies":[{"embeddable":true,"href":"https:\/\/arteeluoghi.it\/index.php\/wp-json\/wp\/v2\/comments?post=750"}],"version-history":[{"count":1,"href":"https:\/\/arteeluoghi.it\/index.php\/wp-json\/wp\/v2\/posts\/750\/revisions"}],"predecessor-version":[{"id":3274,"href":"https:\/\/arteeluoghi.it\/index.php\/wp-json\/wp\/v2\/posts\/750\/revisions\/3274"}],"wp:attachment":[{"href":"https:\/\/arteeluoghi.it\/index.php\/wp-json\/wp\/v2\/media?parent=750"}],"wp:term":[{"taxonomy":"category","embeddable":true,"href":"https:\/\/arteeluoghi.it\/index.php\/wp-json\/wp\/v2\/categories?post=750"},{"taxonomy":"post_tag","embeddable":true,"href":"https:\/\/arteeluoghi.it\/index.php\/wp-json\/wp\/v2\/tags?post=750"}],"curies":[{"name":"wp","href":"https:\/\/api.w.org\/{rel}","templated":true}]}}