{"id":7545,"date":"2020-03-10T23:24:05","date_gmt":"2020-03-10T22:24:05","guid":{"rendered":"https:\/\/arteeluoghi.it\/?p=7545"},"modified":"2020-03-11T00:01:48","modified_gmt":"2020-03-10T23:01:48","slug":"francesco-zavattari-restiamolegati","status":"publish","type":"post","link":"https:\/\/arteeluoghi.it\/index.php\/2020\/03\/10\/francesco-zavattari-restiamolegati\/","title":{"rendered":"Francesco Zavattari #restiamolegati"},"content":{"rendered":"\n<p>#restiamolegati <\/p>\n\n\n\n<p>L&#8217;arte contro l&#8217;alienazione.<\/p>\n\n\n\n<p> On line il progetto dell\u2019artista Francesco Zavattari.  I social possono fare molto per fare rete nella pi\u00f9 bella  accezione del termine  e creare condivisione per  guardare avanti con ottimismo e non sentirsi soli in questo momento cos\u00ec drammatico e complesso del nostro Paese .<\/p>\n\n\n\n<figure class=\"wp-block-embed-youtube wp-block-embed is-type-video is-provider-youtube wp-embed-aspect-16-9 wp-has-aspect-ratio\"><div class=\"wp-block-embed__wrapper\">\n<iframe loading=\"lazy\" title=\"francesco zavattari restiamolegati\" width=\"800\" height=\"450\" src=\"https:\/\/www.youtube.com\/embed\/mJ6kfoNewXU?feature=oembed\" frameborder=\"0\" allow=\"accelerometer; autoplay; encrypted-media; gyroscope; picture-in-picture\" allowfullscreen><\/iframe>\n<\/div><\/figure>\n\n\n\n<p>https:\/\/www.facebook.com\/zavattari\/videos\/2524032741168004 #restiamolegati #zavattari #poliedrorestaora <\/p>\n\n\n\n<p>In quello che \u00e8 probabilmente il momento di massima alienazione fisica dell&#8217;epoca moderna, in cui ci \u00e8 richiesto (giustamente e per fortuna) di limitare al massimo la vicinanza fra persona e persona, mi sono domandato quale sia il mio ruolo di artista e comunicatore in tutto questo. La mia installazione pi\u00f9 celebre \u00e8 Poliedro, i cui fili hanno legato moltissime persone in differenti paesi del mondo. Legami, appunto, questo \u00e8 il concetto: centinaia di metri di fili di lana tesi ovunque per connettere spazi, persone, idee, pensieri e ambizioni.<\/p>\n\n\n\n<p>In questi giorni realizzare in pratica qualcosa del genere sarebbe impossibile. Non solo: molti degli appuntamenti che mi vedevano protagonista all&#8217;estero nei prossimi mesi sono gi\u00e0 stati cancellati con grossi danni ancora da calcolare precisamente.<br>Se solitamente il mio essere italiano \u00e8 un plus che mi fa brillare per stile e riconoscimento internazionale, oggi \u00e8 il marchio di una paura che sale nei nostri confronti da parte di chi ci guarda dall&#8217;esterno.<\/p>\n\n\n\n<p>Cos\u00ec ho pensato di realizzare un&#8217;installazione digitale, una versione virtuale di Poliedro per legare i volti di coloro che vorranno farne parte. Una serie di mosaici per unire persone che non necessariamente si conoscono ma che oggi condividono molto pi\u00f9 di quanto non immaginino.<br>Per questo progetto richiedo volti esclusivamente di persone che vivono nel territorio italiano ormai interamente dichiarato &#8220;Zona protetta&#8221;. Non per una forma di individualismo patriottico, ma perch\u00e9 se agli occhi del mondo adesso siamo il cuore del problema, agli occhi del mondo mostriamo anche di essere in grado di restare uniti.<\/p>\n\n\n\n<p>L&#8217;idea \u00e8 bastata sui due concetti principe di Poliedro: &#8220;restare&#8221; e &#8220;legarsi&#8221;, dal loro insieme nasce l&#8217;hashtag&nbsp;<a href=\"https:\/\/www.facebook.com\/hashtag\/restiamolegati?source=feed_text&amp;epa=HASHTAG&amp;__xts__%5B0%5D=68.ARBQNls3vE6E-WFlubEUXKqrZBgyqF2Ils3a98X3PyxEbGfeO2P4CAMcJmfiXfgrYguHCUzz_buaigXozY_hExJIfqio8yodtarnNnObcc9pzkXMMWLQEvVIiYQc6SOsxm7gAd0062FDTR5W_cA2XS0XL2SYkFBisY7LbhaUxzZ1fi_9lOFv7k_PkaheWSXiIF5rrFwQZ7ctmlYOShrYpyYG8gxSLl1QyVqowmK5IEC4WAeN5k5bPtqL0D-MN-wGSKRLr1Q_KtoCykh2NSyp5CH6kseEevSdfAPAutsJecEP1IvWIsBnD9bVnUL6FuFV8DEhsYMMwyZbtdk3GkjmcqEWvQ&amp;__tn__=%2ANK-R\">#restiamolegati<\/a>.<\/p>\n\n\n\n<p>Per coloro che vogliono partecipare a questo progetto chiedo semplicemente di inviare un proprio selfie, in qualche modo accompagnato dall&#8217;hashtag. Una foto a testa che potete inviare nella messaggistica privata di questa stessa pagina.<\/p>\n\n\n\n<p>Ecco un primo esempio realizzato grazie alla collaborazione di alcuni amici che subito hanno risposto alla mia richiesta. Grazie di cuore a tutti loro!<\/p>\n\n\n\n<p>Ognuno di voi sar\u00e0 parte di mosaici digitali che realizzer\u00f2 io stesso e magari, chiss\u00e0, alla fine di questo momento cos\u00ec difficile, ne trarremo materiale per una vera mostra in cui trovarci tutti insieme e abbracciarci durante un grande vernissage.<\/p>\n\n\n\n<p>Invitate i vostri amici, le vostre persone e chiunque vogliate. Al contrario di quanto avviene negli spazi fisici in questi giorni, qui pi\u00f9 siamo e meglio \u00e8.<\/p>\n\n\n\n<p>Si ringraziano l&#8217;artista Francesco Zavattari e  lo Studio Matita Nera per la concessione del video. Buona visione e aderite numerosi al progetto #restiamolegati #arteeluoghi<\/p>\n","protected":false},"excerpt":{"rendered":"<p>#restiamolegati L&#8217;arte contro l&#8217;alienazione. On line il progetto dell\u2019artista Francesco Zavattari. I social possono fare molto per fare rete nella<\/p>\n","protected":false},"author":1,"featured_media":7547,"comment_status":"open","ping_status":"open","sticky":true,"template":"","format":"standard","meta":[],"categories":[27,242],"tags":[2027,2028,234,408,2024,1033,2029],"yoast_head":"<!-- This site is optimized with the Yoast SEO plugin v18.0 - https:\/\/yoast.com\/wordpress\/plugins\/seo\/ -->\n<title>Francesco Zavattari #restiamolegati | Arte e Luoghi<\/title>\n<meta name=\"robots\" content=\"index, follow, max-snippet:-1, max-image-preview:large, max-video-preview:-1\" \/>\n<link rel=\"canonical\" href=\"https:\/\/arteeluoghi.it\/index.php\/2020\/03\/10\/francesco-zavattari-restiamolegati\/\" \/>\n<meta property=\"og:locale\" content=\"it_IT\" \/>\n<meta property=\"og:type\" content=\"article\" \/>\n<meta property=\"og:title\" content=\"Francesco Zavattari #restiamolegati | Arte e Luoghi\" \/>\n<meta property=\"og:description\" content=\"#restiamolegati L&#8217;arte contro l&#8217;alienazione. On line il progetto dell\u2019artista Francesco Zavattari. I social possono fare molto per fare rete nella\" \/>\n<meta property=\"og:url\" content=\"https:\/\/arteeluoghi.it\/index.php\/2020\/03\/10\/francesco-zavattari-restiamolegati\/\" \/>\n<meta property=\"og:site_name\" content=\"Arte e Luoghi\" \/>\n<meta property=\"article:publisher\" content=\"https:\/\/www.facebook.com\/ArteELuoghi\/\" \/>\n<meta property=\"article:published_time\" content=\"2020-03-10T22:24:05+00:00\" \/>\n<meta property=\"article:modified_time\" content=\"2020-03-10T23:01:48+00:00\" \/>\n<meta property=\"og:image\" content=\"https:\/\/arteeluoghi.it\/wp-content\/uploads\/2020\/03\/collage-franc.jpg\" \/>\n\t<meta property=\"og:image:width\" content=\"640\" \/>\n\t<meta property=\"og:image:height\" content=\"960\" \/>\n\t<meta property=\"og:image:type\" content=\"image\/jpeg\" \/>\n<meta name=\"twitter:card\" content=\"summary\" \/>\n<meta name=\"twitter:creator\" content=\"@arteeluoghi\" \/>\n<meta name=\"twitter:site\" content=\"@arteeluoghi\" \/>\n<meta name=\"twitter:label1\" content=\"Scritto da\" \/>\n\t<meta name=\"twitter:data1\" content=\"Staff\" \/>\n\t<meta name=\"twitter:label2\" content=\"Tempo di lettura stimato\" \/>\n\t<meta name=\"twitter:data2\" content=\"2 minuti\" \/>\n<script type=\"application\/ld+json\" class=\"yoast-schema-graph\">{\"@context\":\"https:\/\/schema.org\",\"@graph\":[{\"@type\":\"Organization\",\"@id\":\"https:\/\/arteeluoghi.it\/#organization\",\"name\":\"Arte e Luoghi\",\"url\":\"https:\/\/arteeluoghi.it\/\",\"sameAs\":[\"https:\/\/www.facebook.com\/ArteELuoghi\/\",\"https:\/\/www.instagram.com\/arteeluoghi\/?hl=it\",\"https:\/\/www.youtube.com\/channel\/UCuRVc4JW4-C5sg9rQB-srkw?view_as=subscriber\",\"https:\/\/twitter.com\/arteeluoghi\"],\"logo\":{\"@type\":\"ImageObject\",\"@id\":\"https:\/\/arteeluoghi.it\/#logo\",\"inLanguage\":\"it-IT\",\"url\":\"https:\/\/arteeluoghi.it\/wp-content\/uploads\/2018\/08\/logoinstagramarte.jpg\",\"contentUrl\":\"https:\/\/arteeluoghi.it\/wp-content\/uploads\/2018\/08\/logoinstagramarte.jpg\",\"width\":150,\"height\":150,\"caption\":\"Arte e Luoghi\"},\"image\":{\"@id\":\"https:\/\/arteeluoghi.it\/#logo\"}},{\"@type\":\"WebSite\",\"@id\":\"https:\/\/arteeluoghi.it\/#website\",\"url\":\"https:\/\/arteeluoghi.it\/\",\"name\":\"Arte e Luoghi\",\"description\":\"Mensile di arte, cultura, turismo e curiosit\u00e0\",\"publisher\":{\"@id\":\"https:\/\/arteeluoghi.it\/#organization\"},\"potentialAction\":[{\"@type\":\"SearchAction\",\"target\":{\"@type\":\"EntryPoint\",\"urlTemplate\":\"https:\/\/arteeluoghi.it\/?s={search_term_string}\"},\"query-input\":\"required name=search_term_string\"}],\"inLanguage\":\"it-IT\"},{\"@type\":\"ImageObject\",\"@id\":\"https:\/\/arteeluoghi.it\/index.php\/2020\/03\/10\/francesco-zavattari-restiamolegati\/#primaryimage\",\"inLanguage\":\"it-IT\",\"url\":\"https:\/\/arteeluoghi.it\/wp-content\/uploads\/2020\/03\/collage-franc.jpg\",\"contentUrl\":\"https:\/\/arteeluoghi.it\/wp-content\/uploads\/2020\/03\/collage-franc.jpg\",\"width\":640,\"height\":960},{\"@type\":\"WebPage\",\"@id\":\"https:\/\/arteeluoghi.it\/index.php\/2020\/03\/10\/francesco-zavattari-restiamolegati\/#webpage\",\"url\":\"https:\/\/arteeluoghi.it\/index.php\/2020\/03\/10\/francesco-zavattari-restiamolegati\/\",\"name\":\"Francesco Zavattari #restiamolegati | Arte e Luoghi\",\"isPartOf\":{\"@id\":\"https:\/\/arteeluoghi.it\/#website\"},\"primaryImageOfPage\":{\"@id\":\"https:\/\/arteeluoghi.it\/index.php\/2020\/03\/10\/francesco-zavattari-restiamolegati\/#primaryimage\"},\"datePublished\":\"2020-03-10T22:24:05+00:00\",\"dateModified\":\"2020-03-10T23:01:48+00:00\",\"breadcrumb\":{\"@id\":\"https:\/\/arteeluoghi.it\/index.php\/2020\/03\/10\/francesco-zavattari-restiamolegati\/#breadcrumb\"},\"inLanguage\":\"it-IT\",\"potentialAction\":[{\"@type\":\"ReadAction\",\"target\":[\"https:\/\/arteeluoghi.it\/index.php\/2020\/03\/10\/francesco-zavattari-restiamolegati\/\"]}]},{\"@type\":\"BreadcrumbList\",\"@id\":\"https:\/\/arteeluoghi.it\/index.php\/2020\/03\/10\/francesco-zavattari-restiamolegati\/#breadcrumb\",\"itemListElement\":[{\"@type\":\"ListItem\",\"position\":1,\"name\":\"Home\",\"item\":\"https:\/\/arteeluoghi.it\/\"},{\"@type\":\"ListItem\",\"position\":2,\"name\":\"Francesco Zavattari #restiamolegati\"}]},{\"@type\":\"Article\",\"@id\":\"https:\/\/arteeluoghi.it\/index.php\/2020\/03\/10\/francesco-zavattari-restiamolegati\/#article\",\"isPartOf\":{\"@id\":\"https:\/\/arteeluoghi.it\/index.php\/2020\/03\/10\/francesco-zavattari-restiamolegati\/#webpage\"},\"author\":{\"@id\":\"https:\/\/arteeluoghi.it\/#\/schema\/person\/f84e814e36e91e01448ee07eaadd41d4\"},\"headline\":\"Francesco Zavattari #restiamolegati\",\"datePublished\":\"2020-03-10T22:24:05+00:00\",\"dateModified\":\"2020-03-10T23:01:48+00:00\",\"mainEntityOfPage\":{\"@id\":\"https:\/\/arteeluoghi.it\/index.php\/2020\/03\/10\/francesco-zavattari-restiamolegati\/#webpage\"},\"wordCount\":481,\"commentCount\":0,\"publisher\":{\"@id\":\"https:\/\/arteeluoghi.it\/#organization\"},\"image\":{\"@id\":\"https:\/\/arteeluoghi.it\/index.php\/2020\/03\/10\/francesco-zavattari-restiamolegati\/#primaryimage\"},\"thumbnailUrl\":\"https:\/\/arteeluoghi.it\/wp-content\/uploads\/2020\/03\/collage-franc.jpg\",\"keywords\":[\"#restiamolegati\",\"alienazione\",\"arte\",\"Bellezza\",\"coronavirus\",\"Francesco Zavattari\",\"isolamento\"],\"articleSection\":[\"Arte\",\"Arte e Luoghi in 16:9\"],\"inLanguage\":\"it-IT\",\"potentialAction\":[{\"@type\":\"CommentAction\",\"name\":\"Comment\",\"target\":[\"https:\/\/arteeluoghi.it\/index.php\/2020\/03\/10\/francesco-zavattari-restiamolegati\/#respond\"]}]},{\"@type\":\"Person\",\"@id\":\"https:\/\/arteeluoghi.it\/#\/schema\/person\/f84e814e36e91e01448ee07eaadd41d4\",\"name\":\"Staff\",\"image\":{\"@type\":\"ImageObject\",\"@id\":\"https:\/\/arteeluoghi.it\/#personlogo\",\"inLanguage\":\"it-IT\",\"url\":\"https:\/\/secure.gravatar.com\/avatar\/49d2f9e46271bb04e19cebfaf141313a?s=96&d=blank&r=g\",\"contentUrl\":\"https:\/\/secure.gravatar.com\/avatar\/49d2f9e46271bb04e19cebfaf141313a?s=96&d=blank&r=g\",\"caption\":\"Staff\"}}]}<\/script>\n<!-- \/ Yoast SEO plugin. -->","yoast_head_json":{"title":"Francesco Zavattari #restiamolegati | Arte e Luoghi","robots":{"index":"index","follow":"follow","max-snippet":"max-snippet:-1","max-image-preview":"max-image-preview:large","max-video-preview":"max-video-preview:-1"},"canonical":"https:\/\/arteeluoghi.it\/index.php\/2020\/03\/10\/francesco-zavattari-restiamolegati\/","og_locale":"it_IT","og_type":"article","og_title":"Francesco Zavattari #restiamolegati | Arte e Luoghi","og_description":"#restiamolegati L&#8217;arte contro l&#8217;alienazione. On line il progetto dell\u2019artista Francesco Zavattari. I social possono fare molto per fare rete nella","og_url":"https:\/\/arteeluoghi.it\/index.php\/2020\/03\/10\/francesco-zavattari-restiamolegati\/","og_site_name":"Arte e Luoghi","article_publisher":"https:\/\/www.facebook.com\/ArteELuoghi\/","article_published_time":"2020-03-10T22:24:05+00:00","article_modified_time":"2020-03-10T23:01:48+00:00","og_image":[{"width":640,"height":960,"url":"https:\/\/arteeluoghi.it\/wp-content\/uploads\/2020\/03\/collage-franc.jpg","type":"image\/jpeg"}],"twitter_card":"summary","twitter_creator":"@arteeluoghi","twitter_site":"@arteeluoghi","twitter_misc":{"Scritto da":"Staff","Tempo di lettura stimato":"2 minuti"},"schema":{"@context":"https:\/\/schema.org","@graph":[{"@type":"Organization","@id":"https:\/\/arteeluoghi.it\/#organization","name":"Arte e Luoghi","url":"https:\/\/arteeluoghi.it\/","sameAs":["https:\/\/www.facebook.com\/ArteELuoghi\/","https:\/\/www.instagram.com\/arteeluoghi\/?hl=it","https:\/\/www.youtube.com\/channel\/UCuRVc4JW4-C5sg9rQB-srkw?view_as=subscriber","https:\/\/twitter.com\/arteeluoghi"],"logo":{"@type":"ImageObject","@id":"https:\/\/arteeluoghi.it\/#logo","inLanguage":"it-IT","url":"https:\/\/arteeluoghi.it\/wp-content\/uploads\/2018\/08\/logoinstagramarte.jpg","contentUrl":"https:\/\/arteeluoghi.it\/wp-content\/uploads\/2018\/08\/logoinstagramarte.jpg","width":150,"height":150,"caption":"Arte e Luoghi"},"image":{"@id":"https:\/\/arteeluoghi.it\/#logo"}},{"@type":"WebSite","@id":"https:\/\/arteeluoghi.it\/#website","url":"https:\/\/arteeluoghi.it\/","name":"Arte e Luoghi","description":"Mensile di arte, cultura, turismo e curiosit\u00e0","publisher":{"@id":"https:\/\/arteeluoghi.it\/#organization"},"potentialAction":[{"@type":"SearchAction","target":{"@type":"EntryPoint","urlTemplate":"https:\/\/arteeluoghi.it\/?s={search_term_string}"},"query-input":"required name=search_term_string"}],"inLanguage":"it-IT"},{"@type":"ImageObject","@id":"https:\/\/arteeluoghi.it\/index.php\/2020\/03\/10\/francesco-zavattari-restiamolegati\/#primaryimage","inLanguage":"it-IT","url":"https:\/\/arteeluoghi.it\/wp-content\/uploads\/2020\/03\/collage-franc.jpg","contentUrl":"https:\/\/arteeluoghi.it\/wp-content\/uploads\/2020\/03\/collage-franc.jpg","width":640,"height":960},{"@type":"WebPage","@id":"https:\/\/arteeluoghi.it\/index.php\/2020\/03\/10\/francesco-zavattari-restiamolegati\/#webpage","url":"https:\/\/arteeluoghi.it\/index.php\/2020\/03\/10\/francesco-zavattari-restiamolegati\/","name":"Francesco Zavattari #restiamolegati | Arte e Luoghi","isPartOf":{"@id":"https:\/\/arteeluoghi.it\/#website"},"primaryImageOfPage":{"@id":"https:\/\/arteeluoghi.it\/index.php\/2020\/03\/10\/francesco-zavattari-restiamolegati\/#primaryimage"},"datePublished":"2020-03-10T22:24:05+00:00","dateModified":"2020-03-10T23:01:48+00:00","breadcrumb":{"@id":"https:\/\/arteeluoghi.it\/index.php\/2020\/03\/10\/francesco-zavattari-restiamolegati\/#breadcrumb"},"inLanguage":"it-IT","potentialAction":[{"@type":"ReadAction","target":["https:\/\/arteeluoghi.it\/index.php\/2020\/03\/10\/francesco-zavattari-restiamolegati\/"]}]},{"@type":"BreadcrumbList","@id":"https:\/\/arteeluoghi.it\/index.php\/2020\/03\/10\/francesco-zavattari-restiamolegati\/#breadcrumb","itemListElement":[{"@type":"ListItem","position":1,"name":"Home","item":"https:\/\/arteeluoghi.it\/"},{"@type":"ListItem","position":2,"name":"Francesco Zavattari #restiamolegati"}]},{"@type":"Article","@id":"https:\/\/arteeluoghi.it\/index.php\/2020\/03\/10\/francesco-zavattari-restiamolegati\/#article","isPartOf":{"@id":"https:\/\/arteeluoghi.it\/index.php\/2020\/03\/10\/francesco-zavattari-restiamolegati\/#webpage"},"author":{"@id":"https:\/\/arteeluoghi.it\/#\/schema\/person\/f84e814e36e91e01448ee07eaadd41d4"},"headline":"Francesco Zavattari #restiamolegati","datePublished":"2020-03-10T22:24:05+00:00","dateModified":"2020-03-10T23:01:48+00:00","mainEntityOfPage":{"@id":"https:\/\/arteeluoghi.it\/index.php\/2020\/03\/10\/francesco-zavattari-restiamolegati\/#webpage"},"wordCount":481,"commentCount":0,"publisher":{"@id":"https:\/\/arteeluoghi.it\/#organization"},"image":{"@id":"https:\/\/arteeluoghi.it\/index.php\/2020\/03\/10\/francesco-zavattari-restiamolegati\/#primaryimage"},"thumbnailUrl":"https:\/\/arteeluoghi.it\/wp-content\/uploads\/2020\/03\/collage-franc.jpg","keywords":["#restiamolegati","alienazione","arte","Bellezza","coronavirus","Francesco Zavattari","isolamento"],"articleSection":["Arte","Arte e Luoghi in 16:9"],"inLanguage":"it-IT","potentialAction":[{"@type":"CommentAction","name":"Comment","target":["https:\/\/arteeluoghi.it\/index.php\/2020\/03\/10\/francesco-zavattari-restiamolegati\/#respond"]}]},{"@type":"Person","@id":"https:\/\/arteeluoghi.it\/#\/schema\/person\/f84e814e36e91e01448ee07eaadd41d4","name":"Staff","image":{"@type":"ImageObject","@id":"https:\/\/arteeluoghi.it\/#personlogo","inLanguage":"it-IT","url":"https:\/\/secure.gravatar.com\/avatar\/49d2f9e46271bb04e19cebfaf141313a?s=96&d=blank&r=g","contentUrl":"https:\/\/secure.gravatar.com\/avatar\/49d2f9e46271bb04e19cebfaf141313a?s=96&d=blank&r=g","caption":"Staff"}}]}},"_links":{"self":[{"href":"https:\/\/arteeluoghi.it\/index.php\/wp-json\/wp\/v2\/posts\/7545"}],"collection":[{"href":"https:\/\/arteeluoghi.it\/index.php\/wp-json\/wp\/v2\/posts"}],"about":[{"href":"https:\/\/arteeluoghi.it\/index.php\/wp-json\/wp\/v2\/types\/post"}],"author":[{"embeddable":true,"href":"https:\/\/arteeluoghi.it\/index.php\/wp-json\/wp\/v2\/users\/1"}],"replies":[{"embeddable":true,"href":"https:\/\/arteeluoghi.it\/index.php\/wp-json\/wp\/v2\/comments?post=7545"}],"version-history":[{"count":2,"href":"https:\/\/arteeluoghi.it\/index.php\/wp-json\/wp\/v2\/posts\/7545\/revisions"}],"predecessor-version":[{"id":7548,"href":"https:\/\/arteeluoghi.it\/index.php\/wp-json\/wp\/v2\/posts\/7545\/revisions\/7548"}],"wp:featuredmedia":[{"embeddable":true,"href":"https:\/\/arteeluoghi.it\/index.php\/wp-json\/wp\/v2\/media\/7547"}],"wp:attachment":[{"href":"https:\/\/arteeluoghi.it\/index.php\/wp-json\/wp\/v2\/media?parent=7545"}],"wp:term":[{"taxonomy":"category","embeddable":true,"href":"https:\/\/arteeluoghi.it\/index.php\/wp-json\/wp\/v2\/categories?post=7545"},{"taxonomy":"post_tag","embeddable":true,"href":"https:\/\/arteeluoghi.it\/index.php\/wp-json\/wp\/v2\/tags?post=7545"}],"curies":[{"name":"wp","href":"https:\/\/api.w.org\/{rel}","templated":true}]}}