{"id":7573,"date":"2020-03-19T21:39:45","date_gmt":"2020-03-19T20:39:45","guid":{"rendered":"https:\/\/arteeluoghi.it\/?p=7573"},"modified":"2020-03-19T21:39:47","modified_gmt":"2020-03-19T20:39:47","slug":"dedicata-al-sommo-poeta-ogni-25-marzo-arriva-il-dantedi","status":"publish","type":"post","link":"https:\/\/arteeluoghi.it\/index.php\/2020\/03\/19\/dedicata-al-sommo-poeta-ogni-25-marzo-arriva-il-dantedi\/","title":{"rendered":"Dedicata al Sommo Poeta ogni 25 marzo arriva il Danted\u00ec"},"content":{"rendered":"\n<blockquote class=\"wp-block-quote\"><p><\/p><cite><em>Nel mezzo del cammin di nostra vita<br> mi ritrovai per una selva oscura,<br> ch\u00e9 la diritta via era smarrita.<br> Ahi quanto a dir qual era \u00e8 cosa dura<br> esta selva selvaggia e aspra e forte<br> che nel pensier rinova la paura!<\/em><br>(Dante Alighieri, Canto I, Inferno, Divina Commedia)<\/cite><\/blockquote>\n\n\n\n<p>di Antonietta Fulvio<\/p>\n\n\n\n<p>8 Marzo 2020. Ci sono eventi che sfuggono al nostro controllo e che mai avremmo potuto immaginare. Cos\u00ec succede che  credevamo di essere padroni del nostro tempo e invece ci ritroviamo ad assaporare con ansia il tempo dell\u2019attesa. Attesa in primis che si interrompa il contagio della pandemia da Coronavirus che sta mettendo in ginocchio il nostro Paese e il resto del mondo. In questo momento cos\u00ec carico di tensione e di angoscia per il nostro futuro non dobbiamo mollare per\u00f2 la presa e osservare con estremo rigore le indicazioni che ci sono state date, cercando di dare un nuovo senso a questo tempo che si \u00e8 improvvisamente dilatato tra le mura domestiche, frenando bruscamente il ritmo spasmodico cui eravamo abituati. E allora riprendiamocele le ore, queste giornate  sospese per rinnovare il nostro stile di vita e riflettere sull\u2019importanza di ci\u00f2 che abbiamo momentaneamente perso per poterlo poi assaporare con maggiore consapevolezza nel futuro.  Di colpo la nostra vita \u00e8 cambiata profondamente ma dobbiamo continuare a trasmettere nonostante tutto positivit\u00e0, cultura e arte! <\/p>\n\n\n\n<ul class=\"wp-block-gallery columns-1 is-cropped\"><li class=\"blocks-gallery-item\"><figure><img loading=\"lazy\" width=\"1000\" height=\"500\" src=\"https:\/\/arteeluoghi.it\/wp-content\/uploads\/2020\/03\/casa.jpg\" alt=\"\" data-id=\"7574\" data-link=\"https:\/\/arteeluoghi.it\/?attachment_id=7574\" class=\"wp-image-7574\" srcset=\"https:\/\/arteeluoghi.it\/wp-content\/uploads\/2020\/03\/casa.jpg 1000w, https:\/\/arteeluoghi.it\/wp-content\/uploads\/2020\/03\/casa-300x150.jpg 300w, https:\/\/arteeluoghi.it\/wp-content\/uploads\/2020\/03\/casa-768x384.jpg 768w\" sizes=\"(max-width: 1000px) 100vw, 1000px\" \/><\/figure><\/li><\/ul>\n\n\n\n<p>In questo la tecnologia ci aiuta e possiamo continuare a restare uniti, a nutrirci di bellezza e sono convinta che questo malefico virus alla fine ci avr\u00e0 tolto molto ma ci lascer\u00e0 una lezione straordinaria e forse impareremo a pensare in modo diverso e non daremo tutto per scontato\u2026 Un abbraccio, un caff\u00e8 tra amici, una stretta di mano oggi ci sembrano gesti di un mondo lontano\u2026 e percepiamo tutto il peso della solitudine ma recupereremo, impareremo a soppesare il valore dei gesti semplici che sono il sale della vita, s\u00ec recupereremo l&#8217;umanit\u00e0 che forse stavamo perdendo per sempre\u2026 Ricominciamo a dialogare e a guardarci negli occhi, anche se a distanza, e colmiamo oggi queste distanze riempiamole di pensieri positivi, di sogni e di speranze che forse avevamo accantonato in un angolo chiss\u00e0 dove  persi dietro i monitor o gli schermi dei nostri smartphone. E utilizziamo la rete per fare rete per contagiarci l\u2019uno l\u2019altro la gioia di vivere e il senso di appartenenza. Come sta accadendo in queste ore che ci vedono riaprire finestre e balconi e cantare tutti insieme per vincere la paura e sentirci meno soli e disorientati. E allora ripartiamo dalla nostra identit\u00e0 culturale con il celebrare il padre della nostra amata lingua italiana, Dante Alighieri, il sommo Poeta che a partire da quest\u2019anno sar\u00e0 ricordato nel Danted\u00ec. Un\u2019idea nata da un corsivo del giornalista e scrittore Paolo Di Stefano, pubblicato sul Corriere della Sera il 24 aprile 2019, in cui proponeva che Dante Alighieri avesse una sua Giornata sul calendario. La data stabilita \u00e8 quella presumibilmente dell\u2019inizio del viaggio  dantesco negli inferi. Ma non sar\u00e0 l\u20198 aprile come eravamo abituati a ritenere secondo la ricostruzione dello storico letterario Natalino Sapegno che collocava il viaggio tra l\u20198 e 15 aprile del 1300 anno giubilare istituito da Bonifacio VIII. Si  \u00e8 optato invece per il 25 marzo considerando cio\u00e8 il giorno in cui sarebbe stato concepito il Cristo.<\/p>\n\n\n\n<p><br> <\/p>\n\n\n\n<ul class=\"wp-block-gallery columns-2 is-cropped\"><li class=\"blocks-gallery-item\"><figure><img loading=\"lazy\" width=\"784\" height=\"1024\" src=\"https:\/\/arteeluoghi.it\/wp-content\/uploads\/2020\/03\/gustavedore_divinacommedia_inferno-784x1024.jpeg\" alt=\"\" data-id=\"7577\" data-link=\"https:\/\/arteeluoghi.it\/?attachment_id=7577\" class=\"wp-image-7577\" srcset=\"https:\/\/arteeluoghi.it\/wp-content\/uploads\/2020\/03\/gustavedore_divinacommedia_inferno-784x1024.jpeg 784w, https:\/\/arteeluoghi.it\/wp-content\/uploads\/2020\/03\/gustavedore_divinacommedia_inferno-230x300.jpeg 230w, https:\/\/arteeluoghi.it\/wp-content\/uploads\/2020\/03\/gustavedore_divinacommedia_inferno-768x1004.jpeg 768w\" sizes=\"(max-width: 784px) 100vw, 784px\" \/><\/figure><\/li><li class=\"blocks-gallery-item\"><figure><img loading=\"lazy\" width=\"1024\" height=\"841\" src=\"https:\/\/arteeluoghi.it\/wp-content\/uploads\/2020\/03\/gustavedoredivinacommediainferno2-1024x841.jpeg\" alt=\"\" data-id=\"7578\" data-link=\"https:\/\/arteeluoghi.it\/?attachment_id=7578\" class=\"wp-image-7578\" srcset=\"https:\/\/arteeluoghi.it\/wp-content\/uploads\/2020\/03\/gustavedoredivinacommediainferno2-1024x841.jpeg 1024w, https:\/\/arteeluoghi.it\/wp-content\/uploads\/2020\/03\/gustavedoredivinacommediainferno2-300x246.jpeg 300w, https:\/\/arteeluoghi.it\/wp-content\/uploads\/2020\/03\/gustavedoredivinacommediainferno2-768x631.jpeg 768w\" sizes=\"(max-width: 1024px) 100vw, 1024px\" \/><\/figure><\/li><\/ul>\n\n\n\n<p>Una giornata che, al di l\u00e0 dell\u2019inizio delle celebrazioni in vista dei 700 anni dalla morte di Dante avvenuta il  14 settembre 1321, rester\u00e0 una data per ricordare in Italia e nel mondo il genio dell\u2019autore della \u201cCommedia\u201d che Boccaccio ribattezz\u00f2 \u201cDivina\u201d. L\u2019aggettivo perfettamente aderente alla materia trattata &#8211; il viaggio nei tre regni ultraterreni  per riportare l\u2019umanit\u00e0 sulla retta via del bene e della verit\u00e0 &#8211;  comparve per la prima volta nell\u2019edizione del 1555 curata da Ludovico Dolce e stampata da Gabriele Giolito de&#8217; Ferrari di cui conosciamo il volto grazie al ritratto eseguito da Tiziano (foto a lato). <br> Il Comitato istituito ad hoc sta gi\u00e0 elaborando una serie di iniziative che vedranno un forte coinvolgimento delle scuole, degli studenti e delle istituzioni culturali. \u00abA un anno dalle celebrazioni dei 700 anni dalla morte di Dante &#8211; ha spiegato il ministro Dario Franceschini &#8211;  sono gi\u00e0 tanti i progetti al vaglio del Comitato per le celebrazioni presieduto dal prof. Carlo Ossola. Dante &#8211; ha concluso &#8211; ricorda molte cose che ci tengono insieme: Dante \u00e8 l&#8217;unit\u00e0 del Paese, Dante \u00e8 la lingua italiana, Dante \u00e8 l&#8217;idea stessa di Italia\u00bb. <br> La Commedia, scritta da Dante in terzine incatenate di versi endecasillabi, in lingua volgare fiorentina, tra il 1304 e il 1321 \u00e8, come la defin\u00ec il critico letterario statunitense Harold Bloom, scomparso lo scorso 14 ottobre, \u00abla pi\u00f9 grande opera scritta in lingua italiana e uno dei maggiori capolavori della letteratura mondiale\u00bb. <br> Basta pensare alle espressioni dantesche  che sono entrate a far parte del linguaggio comune &#8211; galeotto fu il libro e chi lo scrisse, \u2026Non ragioniam di loro, ma guarda e passa, Senza infamia e senza lode, il Bel paese, il gran rifiuto, con l\u2019animo si vince ogni battaglia; scegliere fior da fiore; tremar per ogni vena; il fiero pasto &#8211; per citarne alcune alle quale si aggiungono i tanti neologismi inventati dal Sommo &#8211; inurbarsi, indiarsi, ingemmarsi, internarsi &#8211; che arricchiscono il nostro idioma che deriva da quello della Divina Commedia. Quando Dante scrisse il poema,  durante l&#8217;esilio (forse a partire dal 1304 o dal 1307) scelse  la lingua volgare fiorentina ma utilizz\u00f2 anche  voci dialettali provenienti da altri luoghi della Toscana e da altre regioni d\u2019Italia, dal Nord al Sud,  oltre che moltissime parole provenienti dal latino. Il risultato fu un poema didascalico allegorico straordinario per contenuti, con variazioni di stile e utilizzo di figure retoriche e che anche a livello linguistico rappresentava dunque l\u2019umanit\u00e0 del suo tempo.  Un capolavoro letterario universalmente riconosciuto e che i secoli non hanno sbiadito ma che continua ad essere oggetto di studio, di letture &#8211; da Vittorio Gassman, Carmelo Bene, Vittorio Sermonti, Roberto Benigni &#8211; e di traduzioni. Secondo  la rassegna \u201cDante nel mondo\u201d, realizzata dal comune di Ravenna nel 2016, si contano ben 58 traduzioni integrali della Commedia in lingue europee, asiatiche, africane e sudamericane.<br> Riornando alla giornata nazionale dedicata a Dante Alighieri, il Danted\u00ec ha raccolto l\u2019adesione di intellettuali e studiosi e di prestigiose istituzioni culturali dall\u2019 Accademia della Crusca, alla Societ\u00e0 Dantesca, alla Societ\u00e0 Dante Alighieri, all\u2019 Associazione degli Italianisti alla Societ\u00e0 italiana per lo studio del pensiero medievale. Gi\u00e0 pronto il logo delle celebrazioni e soprattutto il Comitato Nazionale, presieduto dal filologo Carlo Ossola  che ha avviato i suoi lavori e ha raccolto le numerose proposte di progetto che associazioni, enti locali, musei, istituti e realt\u00e0 culturali intendono promuovere per ricordare questa importante ricorrenza che &#8211; parola del ministro &#8211; \u00absar\u00e0 anche grande occasione per diffondere e difendere nel mondo la lingua italiana, anche grazie allo straordinario lavoro dei nostri istituti di cultura che anno dopo anno raccolgono sempre pi\u00f9 iscritti ai corsi di italiano\u00bb.<br> Anche Poste Italiane offrir\u00e0 il suo contributo  per sostenere la memoria e l\u2019opera del sommo poeta in tutta Italia aiutando i piccoli comuni a restaurare effigi e monumenti danteschi inaugurando cos\u00ec una positiva collaborazione tra pubblico e privato.<br> \u00abDante Alighieri &#8211; ha dichiarato Del Fante amministratore delegato di Poste italiane &#8211; \u00e8 probabilmente la figura culturale pi\u00f9 importante per la storia del nostro Paese ed esprime ancor oggi, e probabilmente lo far\u00e0 in futuro per l\u2019intera Europa, un baluardo culturale che non ha pari. Dunque non potevamo non cogliere l\u2019occasione, sollecitata dal Ministro Franceschini, di collaborare alle iniziative che il nostro Paese metter\u00e0 in campo per ricordare la memoria e la rilevanza, oggi ancor pi\u00f9 che mai attuale, di Dante\u00bb.<br> Per meglio contribuire al successo delle celebrazioni in programma nel 2021, Poste Italiane ha selezionato dunque settanta piccoli Comuni, che a diverso titolo sono collegati alle vicende artistiche e alla vita dell\u2019Alighieri, tra quanti hanno richiesto un sostegno per poter realizzare iniziative specifiche, possiedono opere, sono citati nelle vicende della Divina Commedia, o sono legati alla vita avventurosa del poeta. Intanto vi segnaliamo, nell\u2019ambito dei luoghi nella rete il sito dedicato al Museo Casa di Dante situato a  Firenze in via Santa Margherita. Collegandosi all\u2019indirizzo www.museocasadidante.it \u00e8 possibile conoscere virtualmente il Museo, gi\u00e0 chiuso per lavori oltre che per effetto del decreto presidenziale dell\u20198 marzo scorso. <\/p>\n\n\n\n<p><br> Navigando nelle varie sezioni del portale si scopre che esso si articola su tre piani ognuno dei quali affronta una tematica diversa che illustra, attraverso un percorso espositivo, la vita privata del Sommo Poeta, la sua attivit\u00e0 politica, il suo esilio, fornendo inoltre informazioni sulla Firenze medievale. Vi consigliamo anche la visione dell\u2019originale  cortometraggio scritto da Stefano Massini sul canale youtube del Museo.<br> L\u2019edificio in cui esso \u00e8 collocato non \u00e8 per\u00f2 quello trecentesco dove nacque il Poeta poich\u00e9 andato distrutto. Nel primo decennio del Novecento l\u2019attuale edificio fu ricostruito nel luogo in cui \u00absecondo una memoria popolare tramandatasi nei secoli ha sempre indicato il gruppo di case nei pressi della Torre della Castagna come \u201ccase di Dante\u201d\u00bb. <\/p>\n\n\n\n<ul class=\"wp-block-gallery columns-2 is-cropped\"><li class=\"blocks-gallery-item\"><figure><img loading=\"lazy\" width=\"1024\" height=\"683\" src=\"https:\/\/arteeluoghi.it\/wp-content\/uploads\/2020\/03\/lapide-dantesca-2-1024x683.jpg\" alt=\"\" data-id=\"7575\" data-link=\"https:\/\/arteeluoghi.it\/?attachment_id=7575\" class=\"wp-image-7575\" srcset=\"https:\/\/arteeluoghi.it\/wp-content\/uploads\/2020\/03\/lapide-dantesca-2-1024x683.jpg 1024w, https:\/\/arteeluoghi.it\/wp-content\/uploads\/2020\/03\/lapide-dantesca-2-300x200.jpg 300w, https:\/\/arteeluoghi.it\/wp-content\/uploads\/2020\/03\/lapide-dantesca-2-768x512.jpg 768w, https:\/\/arteeluoghi.it\/wp-content\/uploads\/2020\/03\/lapide-dantesca-2.jpg 1200w\" sizes=\"(max-width: 1024px) 100vw, 1024px\" \/><\/figure><\/li><li class=\"blocks-gallery-item\"><figure><img loading=\"lazy\" width=\"1024\" height=\"683\" src=\"https:\/\/arteeluoghi.it\/wp-content\/uploads\/2020\/03\/lapide-dantesca-1024x683.jpg\" alt=\"\" data-id=\"7576\" data-link=\"https:\/\/arteeluoghi.it\/?attachment_id=7576\" class=\"wp-image-7576\" srcset=\"https:\/\/arteeluoghi.it\/wp-content\/uploads\/2020\/03\/lapide-dantesca-1024x683.jpg 1024w, https:\/\/arteeluoghi.it\/wp-content\/uploads\/2020\/03\/lapide-dantesca-300x200.jpg 300w, https:\/\/arteeluoghi.it\/wp-content\/uploads\/2020\/03\/lapide-dantesca-768x512.jpg 768w, https:\/\/arteeluoghi.it\/wp-content\/uploads\/2020\/03\/lapide-dantesca.jpg 1200w\" sizes=\"(max-width: 1024px) 100vw, 1024px\" \/><\/figure><\/li><\/ul>\n\n\n\n<figure class=\"wp-block-image\"><img loading=\"lazy\" width=\"1024\" height=\"768\" src=\"https:\/\/arteeluoghi.it\/wp-content\/uploads\/2020\/03\/Casa_di_dante_01-1-1024x768.jpeg\" alt=\"\" class=\"wp-image-7581\" srcset=\"https:\/\/arteeluoghi.it\/wp-content\/uploads\/2020\/03\/Casa_di_dante_01-1.jpeg 1024w, https:\/\/arteeluoghi.it\/wp-content\/uploads\/2020\/03\/Casa_di_dante_01-1-300x225.jpeg 300w, https:\/\/arteeluoghi.it\/wp-content\/uploads\/2020\/03\/Casa_di_dante_01-1-768x576.jpeg 768w\" sizes=\"(max-width: 1024px) 100vw, 1024px\" \/><figcaption>Prospetto del Museo Casa di Dante<\/figcaption><\/figure>\n\n\n\n<p><br> La nascita dell\u2019istituzione museale si deve nel 1960 quando in previsione del settimo centenario dantesco, l\u2019Unione Fiorentina ottenne la concessione di istituirlo nella casa di Dante, all\u2019epoca occupata da uffici comunali. Progett\u00f2 e allest\u00ec dunque gli spazi museali che aprirono al pubblico nel maggio 1965 grazie al contributo di alcuni Enti benemeriti e di personalit\u00e0 di spicco del mondo della cultura tra cui l\u2019insigne dantista Francesco Mazzoni. Prendeva vita cos\u00ec un luogo della memoria per continuare a divulgare  Dante, poeta linguista, teorico politico e filosofo e le sue opere letterarie. L\u2019apertura del museo fu garantita dalla collaborazione tra Comune di Firenze e Unione Fiorentina fino al 1990 anno in cui fu necessario chiudere la struttura per alcuni lavori di restauro. Riaperto nel maggio 1994 un ulteriore ristrutturazione e l\u2019abbattimento delle barriere architettoniche rese necessaria la chiusura dal 2002 al 2005  anni in cui il materiale espositivo venne conservato in un deposito che fu per\u00f2 distrutto da un incendio. Si dovette pertanto progettare un nuovo museo seguendo i criteri della moderna museologia e puntando sull\u2019aspetto storico-didattico e grazie alla sinergia ancora una volta tra Unione Fiorentina, Enti e privati, il museo riapr\u00ec nuovamente il 27 settembre 2005. <br> Passata l\u2019attuale emergenza, il museo riaprir\u00e0 e continuer\u00e0 la sua missione di divulgazione dell\u2019opera dantesca proprio come sar\u00e0 destinato a fare, lo ricordiamo, ogni 25 marzo, il Danted\u00ec come suggerisce il neologismo coniato con il linguista Francesco Sabatini. <\/p>\n","protected":false},"excerpt":{"rendered":"<p>Nel mezzo del cammin di nostra vita mi ritrovai per una selva oscura, ch\u00e9 la diritta via era smarrita. Ahi<\/p>\n","protected":false},"author":1,"featured_media":7551,"comment_status":"open","ping_status":"open","sticky":true,"template":"","format":"standard","meta":[],"categories":[40],"tags":[],"yoast_head":"<!-- This site is optimized with the Yoast SEO plugin v18.0 - https:\/\/yoast.com\/wordpress\/plugins\/seo\/ -->\n<title>Dedicata al Sommo Poeta ogni 25 marzo arriva il Danted\u00ec | Arte e Luoghi<\/title>\n<meta name=\"robots\" content=\"index, follow, max-snippet:-1, max-image-preview:large, max-video-preview:-1\" \/>\n<link rel=\"canonical\" href=\"https:\/\/arteeluoghi.it\/index.php\/2020\/03\/19\/dedicata-al-sommo-poeta-ogni-25-marzo-arriva-il-dantedi\/\" \/>\n<meta property=\"og:locale\" content=\"it_IT\" \/>\n<meta property=\"og:type\" content=\"article\" \/>\n<meta property=\"og:title\" content=\"Dedicata al Sommo Poeta ogni 25 marzo arriva il Danted\u00ec | Arte e Luoghi\" \/>\n<meta property=\"og:description\" content=\"Nel mezzo del cammin di nostra vita mi ritrovai per una selva oscura, ch\u00e9 la diritta via era smarrita. Ahi\" \/>\n<meta property=\"og:url\" content=\"https:\/\/arteeluoghi.it\/index.php\/2020\/03\/19\/dedicata-al-sommo-poeta-ogni-25-marzo-arriva-il-dantedi\/\" \/>\n<meta property=\"og:site_name\" content=\"Arte e Luoghi\" \/>\n<meta property=\"article:publisher\" content=\"https:\/\/www.facebook.com\/ArteELuoghi\/\" \/>\n<meta property=\"article:published_time\" content=\"2020-03-19T20:39:45+00:00\" \/>\n<meta property=\"article:modified_time\" content=\"2020-03-19T20:39:47+00:00\" \/>\n<meta property=\"og:image\" content=\"https:\/\/arteeluoghi.it\/wp-content\/uploads\/2020\/03\/primamarzo.jpg\" \/>\n\t<meta property=\"og:image:width\" content=\"628\" \/>\n\t<meta property=\"og:image:height\" content=\"807\" \/>\n\t<meta property=\"og:image:type\" content=\"image\/jpeg\" \/>\n<meta name=\"twitter:card\" content=\"summary\" \/>\n<meta name=\"twitter:creator\" content=\"@arteeluoghi\" \/>\n<meta name=\"twitter:site\" content=\"@arteeluoghi\" \/>\n<meta name=\"twitter:label1\" content=\"Scritto da\" \/>\n\t<meta name=\"twitter:data1\" content=\"Staff\" \/>\n\t<meta name=\"twitter:label2\" content=\"Tempo di lettura stimato\" \/>\n\t<meta name=\"twitter:data2\" content=\"9 minuti\" \/>\n<script type=\"application\/ld+json\" class=\"yoast-schema-graph\">{\"@context\":\"https:\/\/schema.org\",\"@graph\":[{\"@type\":\"Organization\",\"@id\":\"https:\/\/arteeluoghi.it\/#organization\",\"name\":\"Arte e Luoghi\",\"url\":\"https:\/\/arteeluoghi.it\/\",\"sameAs\":[\"https:\/\/www.facebook.com\/ArteELuoghi\/\",\"https:\/\/www.instagram.com\/arteeluoghi\/?hl=it\",\"https:\/\/www.youtube.com\/channel\/UCuRVc4JW4-C5sg9rQB-srkw?view_as=subscriber\",\"https:\/\/twitter.com\/arteeluoghi\"],\"logo\":{\"@type\":\"ImageObject\",\"@id\":\"https:\/\/arteeluoghi.it\/#logo\",\"inLanguage\":\"it-IT\",\"url\":\"https:\/\/arteeluoghi.it\/wp-content\/uploads\/2018\/08\/logoinstagramarte.jpg\",\"contentUrl\":\"https:\/\/arteeluoghi.it\/wp-content\/uploads\/2018\/08\/logoinstagramarte.jpg\",\"width\":150,\"height\":150,\"caption\":\"Arte e Luoghi\"},\"image\":{\"@id\":\"https:\/\/arteeluoghi.it\/#logo\"}},{\"@type\":\"WebSite\",\"@id\":\"https:\/\/arteeluoghi.it\/#website\",\"url\":\"https:\/\/arteeluoghi.it\/\",\"name\":\"Arte e Luoghi\",\"description\":\"Mensile di arte, cultura, turismo e curiosit\u00e0\",\"publisher\":{\"@id\":\"https:\/\/arteeluoghi.it\/#organization\"},\"potentialAction\":[{\"@type\":\"SearchAction\",\"target\":{\"@type\":\"EntryPoint\",\"urlTemplate\":\"https:\/\/arteeluoghi.it\/?s={search_term_string}\"},\"query-input\":\"required name=search_term_string\"}],\"inLanguage\":\"it-IT\"},{\"@type\":\"ImageObject\",\"@id\":\"https:\/\/arteeluoghi.it\/index.php\/2020\/03\/19\/dedicata-al-sommo-poeta-ogni-25-marzo-arriva-il-dantedi\/#primaryimage\",\"inLanguage\":\"it-IT\",\"url\":\"https:\/\/arteeluoghi.it\/wp-content\/uploads\/2020\/03\/primamarzo.jpg\",\"contentUrl\":\"https:\/\/arteeluoghi.it\/wp-content\/uploads\/2020\/03\/primamarzo.jpg\",\"width\":628,\"height\":807},{\"@type\":\"WebPage\",\"@id\":\"https:\/\/arteeluoghi.it\/index.php\/2020\/03\/19\/dedicata-al-sommo-poeta-ogni-25-marzo-arriva-il-dantedi\/#webpage\",\"url\":\"https:\/\/arteeluoghi.it\/index.php\/2020\/03\/19\/dedicata-al-sommo-poeta-ogni-25-marzo-arriva-il-dantedi\/\",\"name\":\"Dedicata al Sommo Poeta ogni 25 marzo arriva il Danted\u00ec | Arte e Luoghi\",\"isPartOf\":{\"@id\":\"https:\/\/arteeluoghi.it\/#website\"},\"primaryImageOfPage\":{\"@id\":\"https:\/\/arteeluoghi.it\/index.php\/2020\/03\/19\/dedicata-al-sommo-poeta-ogni-25-marzo-arriva-il-dantedi\/#primaryimage\"},\"datePublished\":\"2020-03-19T20:39:45+00:00\",\"dateModified\":\"2020-03-19T20:39:47+00:00\",\"breadcrumb\":{\"@id\":\"https:\/\/arteeluoghi.it\/index.php\/2020\/03\/19\/dedicata-al-sommo-poeta-ogni-25-marzo-arriva-il-dantedi\/#breadcrumb\"},\"inLanguage\":\"it-IT\",\"potentialAction\":[{\"@type\":\"ReadAction\",\"target\":[\"https:\/\/arteeluoghi.it\/index.php\/2020\/03\/19\/dedicata-al-sommo-poeta-ogni-25-marzo-arriva-il-dantedi\/\"]}]},{\"@type\":\"BreadcrumbList\",\"@id\":\"https:\/\/arteeluoghi.it\/index.php\/2020\/03\/19\/dedicata-al-sommo-poeta-ogni-25-marzo-arriva-il-dantedi\/#breadcrumb\",\"itemListElement\":[{\"@type\":\"ListItem\",\"position\":1,\"name\":\"Home\",\"item\":\"https:\/\/arteeluoghi.it\/\"},{\"@type\":\"ListItem\",\"position\":2,\"name\":\"Dedicata al Sommo Poeta ogni 25 marzo arriva il Danted\u00ec\"}]},{\"@type\":\"Article\",\"@id\":\"https:\/\/arteeluoghi.it\/index.php\/2020\/03\/19\/dedicata-al-sommo-poeta-ogni-25-marzo-arriva-il-dantedi\/#article\",\"isPartOf\":{\"@id\":\"https:\/\/arteeluoghi.it\/index.php\/2020\/03\/19\/dedicata-al-sommo-poeta-ogni-25-marzo-arriva-il-dantedi\/#webpage\"},\"author\":{\"@id\":\"https:\/\/arteeluoghi.it\/#\/schema\/person\/f84e814e36e91e01448ee07eaadd41d4\"},\"headline\":\"Dedicata al Sommo Poeta ogni 25 marzo arriva il Danted\u00ec\",\"datePublished\":\"2020-03-19T20:39:45+00:00\",\"dateModified\":\"2020-03-19T20:39:47+00:00\",\"mainEntityOfPage\":{\"@id\":\"https:\/\/arteeluoghi.it\/index.php\/2020\/03\/19\/dedicata-al-sommo-poeta-ogni-25-marzo-arriva-il-dantedi\/#webpage\"},\"wordCount\":1740,\"commentCount\":0,\"publisher\":{\"@id\":\"https:\/\/arteeluoghi.it\/#organization\"},\"image\":{\"@id\":\"https:\/\/arteeluoghi.it\/index.php\/2020\/03\/19\/dedicata-al-sommo-poeta-ogni-25-marzo-arriva-il-dantedi\/#primaryimage\"},\"thumbnailUrl\":\"https:\/\/arteeluoghi.it\/wp-content\/uploads\/2020\/03\/primamarzo.jpg\",\"articleSection\":[\"primapagina\"],\"inLanguage\":\"it-IT\",\"potentialAction\":[{\"@type\":\"CommentAction\",\"name\":\"Comment\",\"target\":[\"https:\/\/arteeluoghi.it\/index.php\/2020\/03\/19\/dedicata-al-sommo-poeta-ogni-25-marzo-arriva-il-dantedi\/#respond\"]}]},{\"@type\":\"Person\",\"@id\":\"https:\/\/arteeluoghi.it\/#\/schema\/person\/f84e814e36e91e01448ee07eaadd41d4\",\"name\":\"Staff\",\"image\":{\"@type\":\"ImageObject\",\"@id\":\"https:\/\/arteeluoghi.it\/#personlogo\",\"inLanguage\":\"it-IT\",\"url\":\"https:\/\/secure.gravatar.com\/avatar\/49d2f9e46271bb04e19cebfaf141313a?s=96&d=blank&r=g\",\"contentUrl\":\"https:\/\/secure.gravatar.com\/avatar\/49d2f9e46271bb04e19cebfaf141313a?s=96&d=blank&r=g\",\"caption\":\"Staff\"}}]}<\/script>\n<!-- \/ Yoast SEO plugin. -->","yoast_head_json":{"title":"Dedicata al Sommo Poeta ogni 25 marzo arriva il Danted\u00ec | Arte e Luoghi","robots":{"index":"index","follow":"follow","max-snippet":"max-snippet:-1","max-image-preview":"max-image-preview:large","max-video-preview":"max-video-preview:-1"},"canonical":"https:\/\/arteeluoghi.it\/index.php\/2020\/03\/19\/dedicata-al-sommo-poeta-ogni-25-marzo-arriva-il-dantedi\/","og_locale":"it_IT","og_type":"article","og_title":"Dedicata al Sommo Poeta ogni 25 marzo arriva il Danted\u00ec | Arte e Luoghi","og_description":"Nel mezzo del cammin di nostra vita mi ritrovai per una selva oscura, ch\u00e9 la diritta via era smarrita. Ahi","og_url":"https:\/\/arteeluoghi.it\/index.php\/2020\/03\/19\/dedicata-al-sommo-poeta-ogni-25-marzo-arriva-il-dantedi\/","og_site_name":"Arte e Luoghi","article_publisher":"https:\/\/www.facebook.com\/ArteELuoghi\/","article_published_time":"2020-03-19T20:39:45+00:00","article_modified_time":"2020-03-19T20:39:47+00:00","og_image":[{"width":628,"height":807,"url":"https:\/\/arteeluoghi.it\/wp-content\/uploads\/2020\/03\/primamarzo.jpg","type":"image\/jpeg"}],"twitter_card":"summary","twitter_creator":"@arteeluoghi","twitter_site":"@arteeluoghi","twitter_misc":{"Scritto da":"Staff","Tempo di lettura stimato":"9 minuti"},"schema":{"@context":"https:\/\/schema.org","@graph":[{"@type":"Organization","@id":"https:\/\/arteeluoghi.it\/#organization","name":"Arte e Luoghi","url":"https:\/\/arteeluoghi.it\/","sameAs":["https:\/\/www.facebook.com\/ArteELuoghi\/","https:\/\/www.instagram.com\/arteeluoghi\/?hl=it","https:\/\/www.youtube.com\/channel\/UCuRVc4JW4-C5sg9rQB-srkw?view_as=subscriber","https:\/\/twitter.com\/arteeluoghi"],"logo":{"@type":"ImageObject","@id":"https:\/\/arteeluoghi.it\/#logo","inLanguage":"it-IT","url":"https:\/\/arteeluoghi.it\/wp-content\/uploads\/2018\/08\/logoinstagramarte.jpg","contentUrl":"https:\/\/arteeluoghi.it\/wp-content\/uploads\/2018\/08\/logoinstagramarte.jpg","width":150,"height":150,"caption":"Arte e Luoghi"},"image":{"@id":"https:\/\/arteeluoghi.it\/#logo"}},{"@type":"WebSite","@id":"https:\/\/arteeluoghi.it\/#website","url":"https:\/\/arteeluoghi.it\/","name":"Arte e Luoghi","description":"Mensile di arte, cultura, turismo e curiosit\u00e0","publisher":{"@id":"https:\/\/arteeluoghi.it\/#organization"},"potentialAction":[{"@type":"SearchAction","target":{"@type":"EntryPoint","urlTemplate":"https:\/\/arteeluoghi.it\/?s={search_term_string}"},"query-input":"required name=search_term_string"}],"inLanguage":"it-IT"},{"@type":"ImageObject","@id":"https:\/\/arteeluoghi.it\/index.php\/2020\/03\/19\/dedicata-al-sommo-poeta-ogni-25-marzo-arriva-il-dantedi\/#primaryimage","inLanguage":"it-IT","url":"https:\/\/arteeluoghi.it\/wp-content\/uploads\/2020\/03\/primamarzo.jpg","contentUrl":"https:\/\/arteeluoghi.it\/wp-content\/uploads\/2020\/03\/primamarzo.jpg","width":628,"height":807},{"@type":"WebPage","@id":"https:\/\/arteeluoghi.it\/index.php\/2020\/03\/19\/dedicata-al-sommo-poeta-ogni-25-marzo-arriva-il-dantedi\/#webpage","url":"https:\/\/arteeluoghi.it\/index.php\/2020\/03\/19\/dedicata-al-sommo-poeta-ogni-25-marzo-arriva-il-dantedi\/","name":"Dedicata al Sommo Poeta ogni 25 marzo arriva il Danted\u00ec | Arte e Luoghi","isPartOf":{"@id":"https:\/\/arteeluoghi.it\/#website"},"primaryImageOfPage":{"@id":"https:\/\/arteeluoghi.it\/index.php\/2020\/03\/19\/dedicata-al-sommo-poeta-ogni-25-marzo-arriva-il-dantedi\/#primaryimage"},"datePublished":"2020-03-19T20:39:45+00:00","dateModified":"2020-03-19T20:39:47+00:00","breadcrumb":{"@id":"https:\/\/arteeluoghi.it\/index.php\/2020\/03\/19\/dedicata-al-sommo-poeta-ogni-25-marzo-arriva-il-dantedi\/#breadcrumb"},"inLanguage":"it-IT","potentialAction":[{"@type":"ReadAction","target":["https:\/\/arteeluoghi.it\/index.php\/2020\/03\/19\/dedicata-al-sommo-poeta-ogni-25-marzo-arriva-il-dantedi\/"]}]},{"@type":"BreadcrumbList","@id":"https:\/\/arteeluoghi.it\/index.php\/2020\/03\/19\/dedicata-al-sommo-poeta-ogni-25-marzo-arriva-il-dantedi\/#breadcrumb","itemListElement":[{"@type":"ListItem","position":1,"name":"Home","item":"https:\/\/arteeluoghi.it\/"},{"@type":"ListItem","position":2,"name":"Dedicata al Sommo Poeta ogni 25 marzo arriva il Danted\u00ec"}]},{"@type":"Article","@id":"https:\/\/arteeluoghi.it\/index.php\/2020\/03\/19\/dedicata-al-sommo-poeta-ogni-25-marzo-arriva-il-dantedi\/#article","isPartOf":{"@id":"https:\/\/arteeluoghi.it\/index.php\/2020\/03\/19\/dedicata-al-sommo-poeta-ogni-25-marzo-arriva-il-dantedi\/#webpage"},"author":{"@id":"https:\/\/arteeluoghi.it\/#\/schema\/person\/f84e814e36e91e01448ee07eaadd41d4"},"headline":"Dedicata al Sommo Poeta ogni 25 marzo arriva il Danted\u00ec","datePublished":"2020-03-19T20:39:45+00:00","dateModified":"2020-03-19T20:39:47+00:00","mainEntityOfPage":{"@id":"https:\/\/arteeluoghi.it\/index.php\/2020\/03\/19\/dedicata-al-sommo-poeta-ogni-25-marzo-arriva-il-dantedi\/#webpage"},"wordCount":1740,"commentCount":0,"publisher":{"@id":"https:\/\/arteeluoghi.it\/#organization"},"image":{"@id":"https:\/\/arteeluoghi.it\/index.php\/2020\/03\/19\/dedicata-al-sommo-poeta-ogni-25-marzo-arriva-il-dantedi\/#primaryimage"},"thumbnailUrl":"https:\/\/arteeluoghi.it\/wp-content\/uploads\/2020\/03\/primamarzo.jpg","articleSection":["primapagina"],"inLanguage":"it-IT","potentialAction":[{"@type":"CommentAction","name":"Comment","target":["https:\/\/arteeluoghi.it\/index.php\/2020\/03\/19\/dedicata-al-sommo-poeta-ogni-25-marzo-arriva-il-dantedi\/#respond"]}]},{"@type":"Person","@id":"https:\/\/arteeluoghi.it\/#\/schema\/person\/f84e814e36e91e01448ee07eaadd41d4","name":"Staff","image":{"@type":"ImageObject","@id":"https:\/\/arteeluoghi.it\/#personlogo","inLanguage":"it-IT","url":"https:\/\/secure.gravatar.com\/avatar\/49d2f9e46271bb04e19cebfaf141313a?s=96&d=blank&r=g","contentUrl":"https:\/\/secure.gravatar.com\/avatar\/49d2f9e46271bb04e19cebfaf141313a?s=96&d=blank&r=g","caption":"Staff"}}]}},"_links":{"self":[{"href":"https:\/\/arteeluoghi.it\/index.php\/wp-json\/wp\/v2\/posts\/7573"}],"collection":[{"href":"https:\/\/arteeluoghi.it\/index.php\/wp-json\/wp\/v2\/posts"}],"about":[{"href":"https:\/\/arteeluoghi.it\/index.php\/wp-json\/wp\/v2\/types\/post"}],"author":[{"embeddable":true,"href":"https:\/\/arteeluoghi.it\/index.php\/wp-json\/wp\/v2\/users\/1"}],"replies":[{"embeddable":true,"href":"https:\/\/arteeluoghi.it\/index.php\/wp-json\/wp\/v2\/comments?post=7573"}],"version-history":[{"count":6,"href":"https:\/\/arteeluoghi.it\/index.php\/wp-json\/wp\/v2\/posts\/7573\/revisions"}],"predecessor-version":[{"id":7587,"href":"https:\/\/arteeluoghi.it\/index.php\/wp-json\/wp\/v2\/posts\/7573\/revisions\/7587"}],"wp:featuredmedia":[{"embeddable":true,"href":"https:\/\/arteeluoghi.it\/index.php\/wp-json\/wp\/v2\/media\/7551"}],"wp:attachment":[{"href":"https:\/\/arteeluoghi.it\/index.php\/wp-json\/wp\/v2\/media?parent=7573"}],"wp:term":[{"taxonomy":"category","embeddable":true,"href":"https:\/\/arteeluoghi.it\/index.php\/wp-json\/wp\/v2\/categories?post=7573"},{"taxonomy":"post_tag","embeddable":true,"href":"https:\/\/arteeluoghi.it\/index.php\/wp-json\/wp\/v2\/tags?post=7573"}],"curies":[{"name":"wp","href":"https:\/\/api.w.org\/{rel}","templated":true}]}}