{"id":758,"date":"2012-06-04T10:07:36","date_gmt":"2012-06-04T08:07:36","guid":{"rendered":"http:\/\/arteeluoghi.it\/index.php\/2012\/06\/04\/latte\/"},"modified":"2017-08-07T00:03:36","modified_gmt":"2017-08-06T22:03:36","slug":"latte","status":"publish","type":"post","link":"https:\/\/arteeluoghi.it\/index.php\/2012\/06\/04\/latte\/","title":{"rendered":"in un mare di latte"},"content":{"rendered":"<p><span style=\"color: #888888;\"><span style=\"font-size: x-large;\"><span style=\"font-size: xx-large;\">Cecit\u00e0<\/span>.<\/span><\/span><\/p>\n<p><span style=\"font-size: medium;\">Storia in un giorno di <strong>acqua e anice<\/strong>.<\/span><\/p>\n<p style=\"text-align: right;\">di Francesco Pasca<\/p>\n<p><img loading=\"lazy\" src=\"https:\/\/www.francescopasca.it\/images\/stories\/iltempo.jpg\" border=\"0\" width=\"515\" height=\"361\" style=\"float: right; border: 3px solid black; margin: 21px;\" \/><\/p>\n<p style=\"text-align: justify;\"><span style=\"color: #ff0000;\"><span style=\"font-size: large;\">M<\/span><\/span>i  hanno parlato di faglie che \u201cscorrono\u201d e di \u201ccontinenti\u201d che si  accavallano. Mi hanno detto della \u201cPangea\u201d di ci\u00f2 che prima era unito e  poi dell\u2019allontanamento da un s\u00e9, da qualcosa che ha deciso di prendere  le distanze, acquisire le differenze, staccarsi dall\u2019anonima  configurazione di un tutto e diventare invece il pi\u00f9 di tanto. Mi hanno  edotto sul nucleo che \u00e8 fuoco, che il fuoco trasforma e che l\u2019aria  ossida i metalli, che l\u2019acqua \u00e8 anche fuoco e porta con s\u00e9 le parti di  un tutto e che tanti altri elementi generati si ricombinano con altri  ancora non per solo sommarsi ma per aggiungersi ai tanti. Mi hanno detto  che si scontrano non solo le faglie ma anche ci\u00f2 che \u00e8 infinitamente  pi\u00f9 piccolo e se violentemente costretto a collidere quest\u2019ultimo nello  scontrasi genera la formula dell\u2019 E=mc<sup>2<\/sup>. Ho letto di altre  formule che attendono a nuove energie. Ho fatto meraviglia delle mie  visioni e delle mie illusioni conoscendo non solo nelle favole la Fata  Morgana. Mi hanno \u201cconvinto\u201d che esistono guerre e mezzi intelligenti  per attuarle e rassicurato della loro potenza e sicurezza chirurgica.  Non ho saputo sorridere alla \u201cintelligenza\u201d di chi mi sottoponeva  l\u2019imbecillit\u00e0. Ho viaggiato sulla palla di cannone insieme al Barone di  Munchausen e il mio gemello sulla terra si \u00e8 nel frattempo invecchiato.<\/p>\n<p>  <!--more-->  <\/p>\n<p>Ho letto di sconvolgimenti, di civilt\u00e0 probabilmente vissute e di  altre che hanno spento la loro esistenza nell\u2019inspiegabile. Mi hanno  anche detto di un me uomo e di come questo si sia trasformato e  diversificato e, nell\u2019altrettanto, si \u00e8 unito nella trasfigurazione, nel  volere l\u2019apparizione di un Cristo nello splendore delle tante sembianze  divine sui tanti monti \u201cTabor\u201d, sui tanti luoghi della Terra, nelle  diverse religiosit\u00e0. Da tutto quanto ho appreso e un poco conosco. Ma,  per me, \u00e8 tutto iniziato come nel passo tratto dall\u2019ultimo libro di  Saramago, \u201cCecit\u00e0\u201d.<\/p>\n<p>\u00a0<\/p>\n<p style=\"text-align: justify;\">Ho letto:\u00ab<em>C&#8217;era un vecchio con una  benda nera su un occhio, un ragazzino che sembrava strabico [&#8230;] una  giovane dagli occhiali scuri, altre due persone senza alcun segno  visibile, ma nessun cieco, i ciechi non vanno dall&#8217;oculista<\/em>\u00bb.<\/p>\n<p style=\"text-align: justify;\">In questa certezza, io per\u00f2 ero \u201ccieco\u201d,  e, da \u201cnon\u201d cieco, sono andato dall\u2019oculista, per vedere quanto mi era  divenuto impossibile minimizzare nei dettagli. In me, il viziato e il  beneficiato dal dono della vista e dall\u2019uso della luce che ne fa il  colore \u00e8 stato indispensabile. Ho io stesso programmato e altri ancora  hanno programmato e assecondato quell\u2019evento e, in una normale  successione di cause ed effetti tutto questo mi \u00e8 apparso scontato.  Nell\u2019attesa di terminare quanto leggevo di Saramago ho ascoltato i fatti  del giorno, dell\u2019improvviso tremore, del respiro pi\u00f9 forte ottemperato  dalla nostra Terra che aveva deciso di sputare il suo respiro  sull\u2019Emilia, l\u00ec dove tutto dimorava tranquillo. Ho pensato alle tante  conclusioni improvvise di un evento, alla continua prova cui \u00e8  sottoposto l\u2019uomo nella sua millenaria esistenza. Ho pensato  all\u2019accaduto e all\u2019accadere, anche alla straordinaria necessit\u00e0 a  continuare, di attendere il nuovo da sopportare o mitigare. In  quell\u2019ascolto e in quel che da me preteso ho pensato di misurare in  colpe quanta sia stata la misura da ascrivere alla mancata sorveglianza  del proprio s\u00e9. Nella mia collocazione geografica mi sono affidato alle  probabilit\u00e0 e sono ritornato inesorabilmente all\u2019improbabile di quanto  andavo a quantificare. Il tremore della Terra \u00e8 stato anche il mio  tremore e sono stato portato a comprendere del cosa pu\u00f2 essere il buio e  la luce, cosa pu\u00f2 celare la \u201cCecit\u00e0\u201d di Saramago o la visione descritta  nel finire da Dante nell\u2019ultimo verso del suo Inferno e del tempo in  secondi di un respiro della nostra Terra. Quando si conoscono i luoghi  sei pi\u00f9 presente e t\u2019affanni a capire il perch\u00e9. Quando si percorrono  coi ricordi le strade che sono state solide e solidali sotto i tuoi  piedi non immagini la sabbia nascosta sotto i piedi degli altri e di ci\u00f2  che \u00e8 stato tuo per un breve tempo. Le sensazioni degli altri mai  avresti pensato che avrebbero aderito tenacemente alla tua paura, cos\u00ec  come lo erano e lo sono i tuoi ricordi. Da svagato raccoglitore di  strade hai assaporato i dislivelli e le impronte lasciate prima di te da  altri e tutti, oggi, sono nell\u2019inconsapevole di quel tremore. Ma di  cosa parla \u201cCecit\u00e0\u201d di Jos\u00e9 Saramago?<\/p>\n<p style=\"text-align: justify;\">Mi \u00e8 piaciuto leggerlo e voglio  descriverlo attraverso un\u2019ancor pi\u00f9 sottile metafora, quella della  nostra cecit\u00e0 che s\u2019affanna a parlarci e ci porta, per questo, per mano  femminile diventando buona moglie. Noi ci trasformiamo in \u201cmedici\u201d,  siamo la popolazione dagli occhiali scuri, siamo i bambini e i vecchi.  Ognuno di noi crede di dover ricorrere all\u2019inspiegabile e assecondare: <strong>\u00ab<\/strong><em>Fra  i ciechi c&#8217;era una donna che dava l&#8217;impressione di trovarsi  contemporaneamente dappertutto, aiutando a caricare, comportandosi come  se guidasse gli uomini, cosa evidentemente impossibile per una cieca, e  pi\u00f9 di una volta, o per caso o di proposito, si gir\u00f2 verso l&#8217;ala dei  contagiati <\/em>\u00bb(Saramago). Infatti, per questo continuo ed ascolto le  notizie e i quanti si avvicendano a spiegare dell\u2019oggi. Ma, a me occorre  fingere di essere vittima delle nostre stesse epidemie. Per questo sto  parlando di Saramago e penso a cosa pu\u00f2 accadere ad un vecchio con una  benda nera sull\u2019occhio sinistro se transita nell\u2019incorrotto senso  dell\u2019imprevedibile. Per un giorno l\u2019ho provata questa sensazione: <em>\u00ab\u00c8<\/em> <em>come essere immersi in un mare di latte ad occhi aperti\u00bb(Saramago)<\/em>.  Per questo vi dir\u00f2 la stessa cosa. Per questo, Io, da cieco, sono stato  nello stesso autentico inferno. Ho ascoltato e non veduto la  televisione, sono cieco ma \u201cSento\u201d, &#8220;Sentir\u00f2&#8221; di sciacalli che  approfittano del buio altrui. \u201cSentir\u00f2\u201d, \u201cSento\u201d come si perde il  rispetto e ascolter\u00f2 le ansie: \u00ab<em>\u00c8<\/em> <em>una vecchia abitudine dell&#8217;umanit\u00e0, passare accanto ai morti e non vederli [\u2026] Il mondo \u00e8 pieno di ciechi vivi&#8221;\u00bb.(Saramago)<\/em> Ho percorso il budello obbligato della &#8220;natural burella&#8221;. Nel \u201cnatural\u201d  ho trovato l\u2019esito del ritornare a vedere, a sperare, a ripercorrere,  iniziando dagli antipodi il mio passato e tornando a camminare dopo  l\u2019essermi staccato dall\u2019imbriglio della selva oscura e dal cipiglio  luciferino di chi vuole farmi retrocedere. Per me \u00e8 stata curiosit\u00e0  l\u2019attraversare un cunicolo gi\u00e0 percorso da un fiume. Mi \u00e8 stato  possibile collegare il centro della terra dove penso sia collocato, in  quel freddo bollente, Lucifero. Sono stato nella quarta zona e la testa  di Lucifero si mostrava con tre facce, tre venti e tre colori diversi,  il rosso, il giallo e il nero. Sono stato Giuda, Bruto e il Cassio.  (Dante) Sono stato l\u00ec, maciullato da quell\u2019eternit\u00e0. Sono anche sulla  cresta gelata del Cocito. Sono stato anche nel buio altrui e non occorre  vedere se \u00e8 fiume o ruscello ci\u00f2 che ci scorre davanti, lo sappiamo  riconoscere dal suono e sappiamo che \u00e8 anche il Let\u00e8, quello del X libro  della Repubblica di Platone. Sono cos\u00ec disceso nell&#8217;oltretomba per un  giorno, per conoscere i misteri della reincarnazione e per capire com\u2019\u00e8  fatta la zolla di terra che calpesto, che calpestiamo, che trema.<\/p>\n<p style=\"text-align: justify;\">A me, a te, all\u2019iniziato, tocca giungere  l\u00ec per entrare nel nuovo e non devi bere l&#8217;acqua che induce all&#8217;oblio  ma farne tesoro con l\u2019udito pi\u00f9 che con la vista. \u00c8 la rimembranza  perch\u00e9 non vi \u00e8 ancora luce. Tutto quanto tu odi \u00e8 ci\u00f2 che sgorga e si  porta appresso il tuo s\u00e9. \u00c8 quanto di te \u00e8 restato imbrigliato nei peli  di Lucifero e nei tuoi ricordi di purgatorio. Sei con me tra le\u00a0 colpe e  i mali del mondo. Tutto scorre verso il Cocito nel freddo ch\u2019\u00e8 caldo. E  l\u00ec che accade l\u2019imprevisto, ed \u00e8 come il buio e la stessa luce. Avverti  quella casualit\u00e0 repentina ed \u00e8 luce che pu\u00f2 accecare, distruggere i  miei e i tuoi contorni e\u00a0 minimizzare i dettagli del tuo processo  d\u2019apprendimento. Quell\u2019accadere \u00e8 anche il nero col suo buio ed \u00e8 ci\u00f2  che ti far\u00e0 assumere la capacit\u00e0 del nulla, ti far\u00e0 spegnere la capacit\u00e0  del tuo reagire. Anche se la mia e tua Terra ha tremato: \u00ab<em>Secondo me non siamo diventati ciechi, secondo me lo siamo, Ciechi che vedono, Ciechi che, pur vedendo, non vedono.<\/em>\u00bb(Saramago)In questi giorni ho rischiato di diventare cieco, ma credo di esserlo sempre stato.<\/p>\n<p style=\"text-align: justify;\"><em>\u00ab\u00c8<\/em> <em>come essere immersi in un mare di latte ad occhi aperti\u00bb<\/em>(Saramago).<\/p>\n","protected":false},"excerpt":{"rendered":"<p>Cecit\u00e0. Storia in un giorno di acqua e anice. di Francesco Pasca Mi hanno parlato di faglie che \u201cscorrono\u201d e<\/p>\n","protected":false},"author":1,"featured_media":0,"comment_status":"open","ping_status":"open","sticky":false,"template":"","format":"standard","meta":[],"categories":[28],"tags":[],"yoast_head":"<!-- This site is optimized with the Yoast SEO plugin v18.0 - https:\/\/yoast.com\/wordpress\/plugins\/seo\/ -->\n<title>in un mare di latte | Arte e Luoghi<\/title>\n<meta name=\"robots\" content=\"index, follow, max-snippet:-1, max-image-preview:large, max-video-preview:-1\" \/>\n<link rel=\"canonical\" href=\"https:\/\/arteeluoghi.it\/index.php\/2012\/06\/04\/latte\/\" \/>\n<meta property=\"og:locale\" content=\"it_IT\" \/>\n<meta property=\"og:type\" content=\"article\" \/>\n<meta property=\"og:title\" content=\"in un mare di latte | Arte e Luoghi\" \/>\n<meta property=\"og:description\" content=\"Cecit\u00e0. Storia in un giorno di acqua e anice. di Francesco Pasca Mi hanno parlato di faglie che \u201cscorrono\u201d e\" \/>\n<meta property=\"og:url\" content=\"https:\/\/arteeluoghi.it\/index.php\/2012\/06\/04\/latte\/\" \/>\n<meta property=\"og:site_name\" content=\"Arte e Luoghi\" \/>\n<meta property=\"article:publisher\" content=\"https:\/\/www.facebook.com\/ArteELuoghi\/\" \/>\n<meta property=\"article:published_time\" content=\"2012-06-04T08:07:36+00:00\" \/>\n<meta property=\"article:modified_time\" content=\"2017-08-06T22:03:36+00:00\" \/>\n<meta property=\"og:image\" content=\"http:\/\/www.francescopasca.it\/images\/stories\/iltempo.jpg\" \/>\n<meta name=\"twitter:card\" content=\"summary\" \/>\n<meta name=\"twitter:creator\" content=\"@arteeluoghi\" \/>\n<meta name=\"twitter:site\" content=\"@arteeluoghi\" \/>\n<meta name=\"twitter:label1\" content=\"Scritto da\" \/>\n\t<meta name=\"twitter:data1\" content=\"Staff\" \/>\n\t<meta name=\"twitter:label2\" content=\"Tempo di lettura stimato\" \/>\n\t<meta name=\"twitter:data2\" content=\"7 minuti\" \/>\n<script type=\"application\/ld+json\" class=\"yoast-schema-graph\">{\"@context\":\"https:\/\/schema.org\",\"@graph\":[{\"@type\":\"Organization\",\"@id\":\"https:\/\/arteeluoghi.it\/#organization\",\"name\":\"Arte e Luoghi\",\"url\":\"https:\/\/arteeluoghi.it\/\",\"sameAs\":[\"https:\/\/www.facebook.com\/ArteELuoghi\/\",\"https:\/\/www.instagram.com\/arteeluoghi\/?hl=it\",\"https:\/\/www.youtube.com\/channel\/UCuRVc4JW4-C5sg9rQB-srkw?view_as=subscriber\",\"https:\/\/twitter.com\/arteeluoghi\"],\"logo\":{\"@type\":\"ImageObject\",\"@id\":\"https:\/\/arteeluoghi.it\/#logo\",\"inLanguage\":\"it-IT\",\"url\":\"https:\/\/arteeluoghi.it\/wp-content\/uploads\/2018\/08\/logoinstagramarte.jpg\",\"contentUrl\":\"https:\/\/arteeluoghi.it\/wp-content\/uploads\/2018\/08\/logoinstagramarte.jpg\",\"width\":150,\"height\":150,\"caption\":\"Arte e Luoghi\"},\"image\":{\"@id\":\"https:\/\/arteeluoghi.it\/#logo\"}},{\"@type\":\"WebSite\",\"@id\":\"https:\/\/arteeluoghi.it\/#website\",\"url\":\"https:\/\/arteeluoghi.it\/\",\"name\":\"Arte e Luoghi\",\"description\":\"Mensile di arte, cultura, turismo e curiosit\u00e0\",\"publisher\":{\"@id\":\"https:\/\/arteeluoghi.it\/#organization\"},\"potentialAction\":[{\"@type\":\"SearchAction\",\"target\":{\"@type\":\"EntryPoint\",\"urlTemplate\":\"https:\/\/arteeluoghi.it\/?s={search_term_string}\"},\"query-input\":\"required name=search_term_string\"}],\"inLanguage\":\"it-IT\"},{\"@type\":\"ImageObject\",\"@id\":\"https:\/\/arteeluoghi.it\/index.php\/2012\/06\/04\/latte\/#primaryimage\",\"inLanguage\":\"it-IT\",\"url\":\"http:\/\/www.francescopasca.it\/images\/stories\/iltempo.jpg\",\"contentUrl\":\"http:\/\/www.francescopasca.it\/images\/stories\/iltempo.jpg\"},{\"@type\":\"WebPage\",\"@id\":\"https:\/\/arteeluoghi.it\/index.php\/2012\/06\/04\/latte\/#webpage\",\"url\":\"https:\/\/arteeluoghi.it\/index.php\/2012\/06\/04\/latte\/\",\"name\":\"in un mare di latte | Arte e Luoghi\",\"isPartOf\":{\"@id\":\"https:\/\/arteeluoghi.it\/#website\"},\"primaryImageOfPage\":{\"@id\":\"https:\/\/arteeluoghi.it\/index.php\/2012\/06\/04\/latte\/#primaryimage\"},\"datePublished\":\"2012-06-04T08:07:36+00:00\",\"dateModified\":\"2017-08-06T22:03:36+00:00\",\"breadcrumb\":{\"@id\":\"https:\/\/arteeluoghi.it\/index.php\/2012\/06\/04\/latte\/#breadcrumb\"},\"inLanguage\":\"it-IT\",\"potentialAction\":[{\"@type\":\"ReadAction\",\"target\":[\"https:\/\/arteeluoghi.it\/index.php\/2012\/06\/04\/latte\/\"]}]},{\"@type\":\"BreadcrumbList\",\"@id\":\"https:\/\/arteeluoghi.it\/index.php\/2012\/06\/04\/latte\/#breadcrumb\",\"itemListElement\":[{\"@type\":\"ListItem\",\"position\":1,\"name\":\"Home\",\"item\":\"https:\/\/arteeluoghi.it\/\"},{\"@type\":\"ListItem\",\"position\":2,\"name\":\"in un mare di latte\"}]},{\"@type\":\"Article\",\"@id\":\"https:\/\/arteeluoghi.it\/index.php\/2012\/06\/04\/latte\/#article\",\"isPartOf\":{\"@id\":\"https:\/\/arteeluoghi.it\/index.php\/2012\/06\/04\/latte\/#webpage\"},\"author\":{\"@id\":\"https:\/\/arteeluoghi.it\/#\/schema\/person\/f84e814e36e91e01448ee07eaadd41d4\"},\"headline\":\"in un mare di latte\",\"datePublished\":\"2012-06-04T08:07:36+00:00\",\"dateModified\":\"2017-08-06T22:03:36+00:00\",\"mainEntityOfPage\":{\"@id\":\"https:\/\/arteeluoghi.it\/index.php\/2012\/06\/04\/latte\/#webpage\"},\"wordCount\":1394,\"commentCount\":0,\"publisher\":{\"@id\":\"https:\/\/arteeluoghi.it\/#organization\"},\"image\":{\"@id\":\"https:\/\/arteeluoghi.it\/index.php\/2012\/06\/04\/latte\/#primaryimage\"},\"thumbnailUrl\":\"http:\/\/www.francescopasca.it\/images\/stories\/iltempo.jpg\",\"articleSection\":[\"Notizie\"],\"inLanguage\":\"it-IT\",\"potentialAction\":[{\"@type\":\"CommentAction\",\"name\":\"Comment\",\"target\":[\"https:\/\/arteeluoghi.it\/index.php\/2012\/06\/04\/latte\/#respond\"]}]},{\"@type\":\"Person\",\"@id\":\"https:\/\/arteeluoghi.it\/#\/schema\/person\/f84e814e36e91e01448ee07eaadd41d4\",\"name\":\"Staff\",\"image\":{\"@type\":\"ImageObject\",\"@id\":\"https:\/\/arteeluoghi.it\/#personlogo\",\"inLanguage\":\"it-IT\",\"url\":\"https:\/\/secure.gravatar.com\/avatar\/49d2f9e46271bb04e19cebfaf141313a?s=96&d=blank&r=g\",\"contentUrl\":\"https:\/\/secure.gravatar.com\/avatar\/49d2f9e46271bb04e19cebfaf141313a?s=96&d=blank&r=g\",\"caption\":\"Staff\"}}]}<\/script>\n<!-- \/ Yoast SEO plugin. -->","yoast_head_json":{"title":"in un mare di latte | Arte e Luoghi","robots":{"index":"index","follow":"follow","max-snippet":"max-snippet:-1","max-image-preview":"max-image-preview:large","max-video-preview":"max-video-preview:-1"},"canonical":"https:\/\/arteeluoghi.it\/index.php\/2012\/06\/04\/latte\/","og_locale":"it_IT","og_type":"article","og_title":"in un mare di latte | Arte e Luoghi","og_description":"Cecit\u00e0. Storia in un giorno di acqua e anice. di Francesco Pasca Mi hanno parlato di faglie che \u201cscorrono\u201d e","og_url":"https:\/\/arteeluoghi.it\/index.php\/2012\/06\/04\/latte\/","og_site_name":"Arte e Luoghi","article_publisher":"https:\/\/www.facebook.com\/ArteELuoghi\/","article_published_time":"2012-06-04T08:07:36+00:00","article_modified_time":"2017-08-06T22:03:36+00:00","og_image":[{"url":"http:\/\/www.francescopasca.it\/images\/stories\/iltempo.jpg"}],"twitter_card":"summary","twitter_creator":"@arteeluoghi","twitter_site":"@arteeluoghi","twitter_misc":{"Scritto da":"Staff","Tempo di lettura stimato":"7 minuti"},"schema":{"@context":"https:\/\/schema.org","@graph":[{"@type":"Organization","@id":"https:\/\/arteeluoghi.it\/#organization","name":"Arte e Luoghi","url":"https:\/\/arteeluoghi.it\/","sameAs":["https:\/\/www.facebook.com\/ArteELuoghi\/","https:\/\/www.instagram.com\/arteeluoghi\/?hl=it","https:\/\/www.youtube.com\/channel\/UCuRVc4JW4-C5sg9rQB-srkw?view_as=subscriber","https:\/\/twitter.com\/arteeluoghi"],"logo":{"@type":"ImageObject","@id":"https:\/\/arteeluoghi.it\/#logo","inLanguage":"it-IT","url":"https:\/\/arteeluoghi.it\/wp-content\/uploads\/2018\/08\/logoinstagramarte.jpg","contentUrl":"https:\/\/arteeluoghi.it\/wp-content\/uploads\/2018\/08\/logoinstagramarte.jpg","width":150,"height":150,"caption":"Arte e Luoghi"},"image":{"@id":"https:\/\/arteeluoghi.it\/#logo"}},{"@type":"WebSite","@id":"https:\/\/arteeluoghi.it\/#website","url":"https:\/\/arteeluoghi.it\/","name":"Arte e Luoghi","description":"Mensile di arte, cultura, turismo e curiosit\u00e0","publisher":{"@id":"https:\/\/arteeluoghi.it\/#organization"},"potentialAction":[{"@type":"SearchAction","target":{"@type":"EntryPoint","urlTemplate":"https:\/\/arteeluoghi.it\/?s={search_term_string}"},"query-input":"required name=search_term_string"}],"inLanguage":"it-IT"},{"@type":"ImageObject","@id":"https:\/\/arteeluoghi.it\/index.php\/2012\/06\/04\/latte\/#primaryimage","inLanguage":"it-IT","url":"http:\/\/www.francescopasca.it\/images\/stories\/iltempo.jpg","contentUrl":"http:\/\/www.francescopasca.it\/images\/stories\/iltempo.jpg"},{"@type":"WebPage","@id":"https:\/\/arteeluoghi.it\/index.php\/2012\/06\/04\/latte\/#webpage","url":"https:\/\/arteeluoghi.it\/index.php\/2012\/06\/04\/latte\/","name":"in un mare di latte | Arte e Luoghi","isPartOf":{"@id":"https:\/\/arteeluoghi.it\/#website"},"primaryImageOfPage":{"@id":"https:\/\/arteeluoghi.it\/index.php\/2012\/06\/04\/latte\/#primaryimage"},"datePublished":"2012-06-04T08:07:36+00:00","dateModified":"2017-08-06T22:03:36+00:00","breadcrumb":{"@id":"https:\/\/arteeluoghi.it\/index.php\/2012\/06\/04\/latte\/#breadcrumb"},"inLanguage":"it-IT","potentialAction":[{"@type":"ReadAction","target":["https:\/\/arteeluoghi.it\/index.php\/2012\/06\/04\/latte\/"]}]},{"@type":"BreadcrumbList","@id":"https:\/\/arteeluoghi.it\/index.php\/2012\/06\/04\/latte\/#breadcrumb","itemListElement":[{"@type":"ListItem","position":1,"name":"Home","item":"https:\/\/arteeluoghi.it\/"},{"@type":"ListItem","position":2,"name":"in un mare di latte"}]},{"@type":"Article","@id":"https:\/\/arteeluoghi.it\/index.php\/2012\/06\/04\/latte\/#article","isPartOf":{"@id":"https:\/\/arteeluoghi.it\/index.php\/2012\/06\/04\/latte\/#webpage"},"author":{"@id":"https:\/\/arteeluoghi.it\/#\/schema\/person\/f84e814e36e91e01448ee07eaadd41d4"},"headline":"in un mare di latte","datePublished":"2012-06-04T08:07:36+00:00","dateModified":"2017-08-06T22:03:36+00:00","mainEntityOfPage":{"@id":"https:\/\/arteeluoghi.it\/index.php\/2012\/06\/04\/latte\/#webpage"},"wordCount":1394,"commentCount":0,"publisher":{"@id":"https:\/\/arteeluoghi.it\/#organization"},"image":{"@id":"https:\/\/arteeluoghi.it\/index.php\/2012\/06\/04\/latte\/#primaryimage"},"thumbnailUrl":"http:\/\/www.francescopasca.it\/images\/stories\/iltempo.jpg","articleSection":["Notizie"],"inLanguage":"it-IT","potentialAction":[{"@type":"CommentAction","name":"Comment","target":["https:\/\/arteeluoghi.it\/index.php\/2012\/06\/04\/latte\/#respond"]}]},{"@type":"Person","@id":"https:\/\/arteeluoghi.it\/#\/schema\/person\/f84e814e36e91e01448ee07eaadd41d4","name":"Staff","image":{"@type":"ImageObject","@id":"https:\/\/arteeluoghi.it\/#personlogo","inLanguage":"it-IT","url":"https:\/\/secure.gravatar.com\/avatar\/49d2f9e46271bb04e19cebfaf141313a?s=96&d=blank&r=g","contentUrl":"https:\/\/secure.gravatar.com\/avatar\/49d2f9e46271bb04e19cebfaf141313a?s=96&d=blank&r=g","caption":"Staff"}}]}},"_links":{"self":[{"href":"https:\/\/arteeluoghi.it\/index.php\/wp-json\/wp\/v2\/posts\/758"}],"collection":[{"href":"https:\/\/arteeluoghi.it\/index.php\/wp-json\/wp\/v2\/posts"}],"about":[{"href":"https:\/\/arteeluoghi.it\/index.php\/wp-json\/wp\/v2\/types\/post"}],"author":[{"embeddable":true,"href":"https:\/\/arteeluoghi.it\/index.php\/wp-json\/wp\/v2\/users\/1"}],"replies":[{"embeddable":true,"href":"https:\/\/arteeluoghi.it\/index.php\/wp-json\/wp\/v2\/comments?post=758"}],"version-history":[{"count":1,"href":"https:\/\/arteeluoghi.it\/index.php\/wp-json\/wp\/v2\/posts\/758\/revisions"}],"predecessor-version":[{"id":3134,"href":"https:\/\/arteeluoghi.it\/index.php\/wp-json\/wp\/v2\/posts\/758\/revisions\/3134"}],"wp:attachment":[{"href":"https:\/\/arteeluoghi.it\/index.php\/wp-json\/wp\/v2\/media?parent=758"}],"wp:term":[{"taxonomy":"category","embeddable":true,"href":"https:\/\/arteeluoghi.it\/index.php\/wp-json\/wp\/v2\/categories?post=758"},{"taxonomy":"post_tag","embeddable":true,"href":"https:\/\/arteeluoghi.it\/index.php\/wp-json\/wp\/v2\/tags?post=758"}],"curies":[{"name":"wp","href":"https:\/\/api.w.org\/{rel}","templated":true}]}}