{"id":764,"date":"2012-06-07T19:43:45","date_gmt":"2012-06-07T17:43:45","guid":{"rendered":"http:\/\/arteeluoghi.it\/index.php\/2012\/06\/07\/vivere-lecce-giovani\/"},"modified":"2012-06-07T19:43:45","modified_gmt":"2012-06-07T17:43:45","slug":"vivere-lecce-giovani","status":"publish","type":"post","link":"https:\/\/arteeluoghi.it\/index.php\/2012\/06\/07\/vivere-lecce-giovani\/","title":{"rendered":"Vivere Lecce Giovani"},"content":{"rendered":"<p><img src=\"\/images\/stories\/portale-ingresso-castello-carlo-v.jpg\" border=\"0\" title=\"Castello Carlo V, Lecce (particolare - af)\" width=\"300\" style=\"margin: 21px; float: left;\" \/><\/p>\n<p>\u00a0<\/p>\n<p>\u00a0<\/p>\n<p>Dall&#8217; 8 al 16 giugno nelle sale del Castello Carlo V di Lecce<\/p>\n<p><strong><em>\u201cPerch\u00e9 Vivere Lecce\u201d, concorso fotografico<\/em><\/strong><\/p>\n<p>\u00a0<\/p>\n<p>\u00a0<\/p>\n<p>\u00a0<\/p>\n<p>\u00a0<\/p>\n<p>Una mostra per valorizzare il territorio, un concorso per accrescere la partecipazione dei giovani alla vita culturale della citt\u00e0 raccontata attraverso i loro sguardi. Questo in sintesi il filo conduttore del concorso &#8220;Perch\u00e8 vivere Lecce&#8221; che suggella anche una prima significativa attivit\u00e0 del<em>l\u2019Associazione Vivere Lecce Giovani.<\/em><\/p>\n<p>Nata nel dicembre 2011 su iniziativa di un gruppo eterogeneo di ragazzi legati dalla voglia di crescita civile e culturale della citt\u00e0 di Lecce e Provincia, l&#8217;associazione \u00e8 apolitica e non ha scopo di lucro e riprende lo spirito e le finalit\u00e0 della consolidata Vivere Lecce, attiva sul territorio dal 1991, rappresentandone la sezione giovanile.<\/p>\n<p>L\u2019obiettivo di Vivere Lecce Giovani \u00e8 diventare un punto di riferimento per coloro che avvertono il bisogno di partecipare alla valorizzazione del territorio attraverso la partecipazione attiva ed integrativa delle risorse umane, artistiche ed economiche. L\u2019associazione intende promuovere manifestazioni artistiche, seminari, convegni, momenti d\u2019incontro e discussione, attivit\u00e0 formative e laboratoriali, attivit\u00e0 informative e ludiche.<\/p>\n<p>\u00a0<\/p>\n<p>\u00a0<\/p>\n<p>La prima iniziativa promossa dall\u2019Associazione \u00e8 il concorso fotografico &#8220;Perch\u00e8 Vivere Lecce&#8221; tra gli intenti: esaltare il patrimonio artistico, l\u2019atmosfera e le tradizioni che rendono Lecce una citt\u00e0 unica nel suo genere nonostante l\u2019annuale dossier de \u201cIl Sole 24 Ore\u201d sulla qualit\u00e0 della vita abbia relegato Lecce ottantacinquesima sul totale delle 103 province italiane. Lecce risulta essere la prima citt\u00e0 del sud Italia in cui i turisti gradirebbero tornare e vivere ritenendo il capoluogo salentino non inferiore a nessun altro per fascino patrimonio culturale, ospitalit\u00e0 e amore per l\u2019arte. Partendo da questo assunto si \u00e8 chiesto ai fotografi &#8211; come da regolamento &#8211;\u00a0 di far emergere con sguardo soggettivo e non convenzionale le ragioni che inducono i giovani leccesi a credere ancora in un futuro nella loro terra e i viaggiatori invece a volerne fare ritorno.<\/p>\n<p>  <!--more-->  <\/p>\n<p>Il 20 maggio si \u00e8 chiusa la fase preliminare che ha visto una selezione telematica dei partecipanti: ben 26 i concorrenti, oltre 100 visite giornaliere per un totale partecipativo che supera il migliaio di utenti. Le\u00a0 20 foto pi\u00f9 votate (gentilmente stampate dallo studio fotografico \u201cFotograficamente\u201d) saranno sottoposte al giudizio insindacabile di una giuria di professionisti (Pierluigi Bolognini, fotografo; Studio Fotograficamente; Alessandra De Donatis, Resp. FotoScuola Lecce) che\u00a0\u00a0 decreter\u00e0\u00a0 i\u00a0 vincitori.<\/p>\n<p>\u00a0<\/p>\n<p>Grazie alla collaborazione dell\u2019ufficio Cultura e Spettacolo del Comune di Lecce domani, 8 giugno alle 19:00, vernissage\u00a0 alla presenza del Sindaco Paolo Perrone mentre si dovr\u00e0 attendere\u00a0 il 16 giugno per conoscere i primi due classificati che saranno premiati insieme alla foto pi\u00f9 votata sul web \u201cFontana dell\u2019armonia\u201d di Andrea Lala<\/p>\n<p>\u00a0<\/p>\n<p>La mostra sar\u00e0 accessibile ogni giorno dalle 09:00 alle 13:00 e dalle 17:00 alle 21:00.<\/p>\n<p><em> <\/em><\/p>\n<p><em>(red. Arte e Luoghi)<\/em><\/p>\n<p style=\"text-align: left;\"> <em><a href=\"http:\/\/www.vivereleccegiovani.it\">www.vivereleccegiovani.it<\/a> <\/em><\/p>\n","protected":false},"excerpt":{"rendered":"<p>\u00a0 \u00a0 Dall&#8217; 8 al 16 giugno nelle sale del Castello Carlo V di Lecce \u201cPerch\u00e9 Vivere Lecce\u201d, concorso fotografico<\/p>\n","protected":false},"author":1,"featured_media":0,"comment_status":"open","ping_status":"open","sticky":false,"template":"","format":"standard","meta":[],"categories":[3],"tags":[],"yoast_head":"<!-- This site is optimized with the Yoast SEO plugin v18.0 - https:\/\/yoast.com\/wordpress\/plugins\/seo\/ -->\n<title>Vivere Lecce Giovani | Arte e Luoghi<\/title>\n<meta name=\"robots\" content=\"index, follow, max-snippet:-1, max-image-preview:large, max-video-preview:-1\" \/>\n<link rel=\"canonical\" href=\"https:\/\/arteeluoghi.it\/index.php\/2012\/06\/07\/vivere-lecce-giovani\/\" \/>\n<meta property=\"og:locale\" content=\"it_IT\" \/>\n<meta property=\"og:type\" content=\"article\" \/>\n<meta property=\"og:title\" content=\"Vivere Lecce Giovani | Arte e Luoghi\" \/>\n<meta property=\"og:description\" content=\"\u00a0 \u00a0 Dall&#8217; 8 al 16 giugno nelle sale del Castello Carlo V di Lecce \u201cPerch\u00e9 Vivere Lecce\u201d, concorso fotografico\" \/>\n<meta property=\"og:url\" content=\"https:\/\/arteeluoghi.it\/index.php\/2012\/06\/07\/vivere-lecce-giovani\/\" \/>\n<meta property=\"og:site_name\" content=\"Arte e Luoghi\" \/>\n<meta property=\"article:publisher\" content=\"https:\/\/www.facebook.com\/ArteELuoghi\/\" \/>\n<meta property=\"article:published_time\" content=\"2012-06-07T17:43:45+00:00\" \/>\n<meta property=\"og:image\" content=\"https:\/\/arteeluoghi.it\/images\/stories\/portale-ingresso-castello-carlo-v.jpg\" \/>\n<meta name=\"twitter:card\" content=\"summary\" \/>\n<meta name=\"twitter:creator\" content=\"@arteeluoghi\" \/>\n<meta name=\"twitter:site\" content=\"@arteeluoghi\" \/>\n<meta name=\"twitter:label1\" content=\"Scritto da\" \/>\n\t<meta name=\"twitter:data1\" content=\"Staff\" \/>\n\t<meta name=\"twitter:label2\" content=\"Tempo di lettura stimato\" \/>\n\t<meta name=\"twitter:data2\" content=\"2 minuti\" \/>\n<script type=\"application\/ld+json\" class=\"yoast-schema-graph\">{\"@context\":\"https:\/\/schema.org\",\"@graph\":[{\"@type\":\"Organization\",\"@id\":\"https:\/\/arteeluoghi.it\/#organization\",\"name\":\"Arte e Luoghi\",\"url\":\"https:\/\/arteeluoghi.it\/\",\"sameAs\":[\"https:\/\/www.facebook.com\/ArteELuoghi\/\",\"https:\/\/www.instagram.com\/arteeluoghi\/?hl=it\",\"https:\/\/www.youtube.com\/channel\/UCuRVc4JW4-C5sg9rQB-srkw?view_as=subscriber\",\"https:\/\/twitter.com\/arteeluoghi\"],\"logo\":{\"@type\":\"ImageObject\",\"@id\":\"https:\/\/arteeluoghi.it\/#logo\",\"inLanguage\":\"it-IT\",\"url\":\"https:\/\/arteeluoghi.it\/wp-content\/uploads\/2018\/08\/logoinstagramarte.jpg\",\"contentUrl\":\"https:\/\/arteeluoghi.it\/wp-content\/uploads\/2018\/08\/logoinstagramarte.jpg\",\"width\":150,\"height\":150,\"caption\":\"Arte e Luoghi\"},\"image\":{\"@id\":\"https:\/\/arteeluoghi.it\/#logo\"}},{\"@type\":\"WebSite\",\"@id\":\"https:\/\/arteeluoghi.it\/#website\",\"url\":\"https:\/\/arteeluoghi.it\/\",\"name\":\"Arte e Luoghi\",\"description\":\"Mensile di arte, cultura, turismo e curiosit\u00e0\",\"publisher\":{\"@id\":\"https:\/\/arteeluoghi.it\/#organization\"},\"potentialAction\":[{\"@type\":\"SearchAction\",\"target\":{\"@type\":\"EntryPoint\",\"urlTemplate\":\"https:\/\/arteeluoghi.it\/?s={search_term_string}\"},\"query-input\":\"required name=search_term_string\"}],\"inLanguage\":\"it-IT\"},{\"@type\":\"ImageObject\",\"@id\":\"https:\/\/arteeluoghi.it\/index.php\/2012\/06\/07\/vivere-lecce-giovani\/#primaryimage\",\"inLanguage\":\"it-IT\",\"url\":\"\/images\/stories\/portale-ingresso-castello-carlo-v.jpg\",\"contentUrl\":\"\/images\/stories\/portale-ingresso-castello-carlo-v.jpg\"},{\"@type\":\"WebPage\",\"@id\":\"https:\/\/arteeluoghi.it\/index.php\/2012\/06\/07\/vivere-lecce-giovani\/#webpage\",\"url\":\"https:\/\/arteeluoghi.it\/index.php\/2012\/06\/07\/vivere-lecce-giovani\/\",\"name\":\"Vivere Lecce Giovani | Arte e Luoghi\",\"isPartOf\":{\"@id\":\"https:\/\/arteeluoghi.it\/#website\"},\"primaryImageOfPage\":{\"@id\":\"https:\/\/arteeluoghi.it\/index.php\/2012\/06\/07\/vivere-lecce-giovani\/#primaryimage\"},\"datePublished\":\"2012-06-07T17:43:45+00:00\",\"dateModified\":\"2012-06-07T17:43:45+00:00\",\"breadcrumb\":{\"@id\":\"https:\/\/arteeluoghi.it\/index.php\/2012\/06\/07\/vivere-lecce-giovani\/#breadcrumb\"},\"inLanguage\":\"it-IT\",\"potentialAction\":[{\"@type\":\"ReadAction\",\"target\":[\"https:\/\/arteeluoghi.it\/index.php\/2012\/06\/07\/vivere-lecce-giovani\/\"]}]},{\"@type\":\"BreadcrumbList\",\"@id\":\"https:\/\/arteeluoghi.it\/index.php\/2012\/06\/07\/vivere-lecce-giovani\/#breadcrumb\",\"itemListElement\":[{\"@type\":\"ListItem\",\"position\":1,\"name\":\"Home\",\"item\":\"https:\/\/arteeluoghi.it\/\"},{\"@type\":\"ListItem\",\"position\":2,\"name\":\"Vivere Lecce Giovani\"}]},{\"@type\":\"Article\",\"@id\":\"https:\/\/arteeluoghi.it\/index.php\/2012\/06\/07\/vivere-lecce-giovani\/#article\",\"isPartOf\":{\"@id\":\"https:\/\/arteeluoghi.it\/index.php\/2012\/06\/07\/vivere-lecce-giovani\/#webpage\"},\"author\":{\"@id\":\"https:\/\/arteeluoghi.it\/#\/schema\/person\/f84e814e36e91e01448ee07eaadd41d4\"},\"headline\":\"Vivere Lecce Giovani\",\"datePublished\":\"2012-06-07T17:43:45+00:00\",\"dateModified\":\"2012-06-07T17:43:45+00:00\",\"mainEntityOfPage\":{\"@id\":\"https:\/\/arteeluoghi.it\/index.php\/2012\/06\/07\/vivere-lecce-giovani\/#webpage\"},\"wordCount\":444,\"commentCount\":0,\"publisher\":{\"@id\":\"https:\/\/arteeluoghi.it\/#organization\"},\"image\":{\"@id\":\"https:\/\/arteeluoghi.it\/index.php\/2012\/06\/07\/vivere-lecce-giovani\/#primaryimage\"},\"thumbnailUrl\":\"\/images\/stories\/portale-ingresso-castello-carlo-v.jpg\",\"articleSection\":[\"Arti visive\"],\"inLanguage\":\"it-IT\",\"potentialAction\":[{\"@type\":\"CommentAction\",\"name\":\"Comment\",\"target\":[\"https:\/\/arteeluoghi.it\/index.php\/2012\/06\/07\/vivere-lecce-giovani\/#respond\"]}]},{\"@type\":\"Person\",\"@id\":\"https:\/\/arteeluoghi.it\/#\/schema\/person\/f84e814e36e91e01448ee07eaadd41d4\",\"name\":\"Staff\",\"image\":{\"@type\":\"ImageObject\",\"@id\":\"https:\/\/arteeluoghi.it\/#personlogo\",\"inLanguage\":\"it-IT\",\"url\":\"https:\/\/secure.gravatar.com\/avatar\/49d2f9e46271bb04e19cebfaf141313a?s=96&d=blank&r=g\",\"contentUrl\":\"https:\/\/secure.gravatar.com\/avatar\/49d2f9e46271bb04e19cebfaf141313a?s=96&d=blank&r=g\",\"caption\":\"Staff\"}}]}<\/script>\n<!-- \/ Yoast SEO plugin. -->","yoast_head_json":{"title":"Vivere Lecce Giovani | Arte e Luoghi","robots":{"index":"index","follow":"follow","max-snippet":"max-snippet:-1","max-image-preview":"max-image-preview:large","max-video-preview":"max-video-preview:-1"},"canonical":"https:\/\/arteeluoghi.it\/index.php\/2012\/06\/07\/vivere-lecce-giovani\/","og_locale":"it_IT","og_type":"article","og_title":"Vivere Lecce Giovani | Arte e Luoghi","og_description":"\u00a0 \u00a0 Dall&#8217; 8 al 16 giugno nelle sale del Castello Carlo V di Lecce \u201cPerch\u00e9 Vivere Lecce\u201d, concorso fotografico","og_url":"https:\/\/arteeluoghi.it\/index.php\/2012\/06\/07\/vivere-lecce-giovani\/","og_site_name":"Arte e Luoghi","article_publisher":"https:\/\/www.facebook.com\/ArteELuoghi\/","article_published_time":"2012-06-07T17:43:45+00:00","og_image":[{"url":"https:\/\/arteeluoghi.it\/images\/stories\/portale-ingresso-castello-carlo-v.jpg"}],"twitter_card":"summary","twitter_creator":"@arteeluoghi","twitter_site":"@arteeluoghi","twitter_misc":{"Scritto da":"Staff","Tempo di lettura stimato":"2 minuti"},"schema":{"@context":"https:\/\/schema.org","@graph":[{"@type":"Organization","@id":"https:\/\/arteeluoghi.it\/#organization","name":"Arte e Luoghi","url":"https:\/\/arteeluoghi.it\/","sameAs":["https:\/\/www.facebook.com\/ArteELuoghi\/","https:\/\/www.instagram.com\/arteeluoghi\/?hl=it","https:\/\/www.youtube.com\/channel\/UCuRVc4JW4-C5sg9rQB-srkw?view_as=subscriber","https:\/\/twitter.com\/arteeluoghi"],"logo":{"@type":"ImageObject","@id":"https:\/\/arteeluoghi.it\/#logo","inLanguage":"it-IT","url":"https:\/\/arteeluoghi.it\/wp-content\/uploads\/2018\/08\/logoinstagramarte.jpg","contentUrl":"https:\/\/arteeluoghi.it\/wp-content\/uploads\/2018\/08\/logoinstagramarte.jpg","width":150,"height":150,"caption":"Arte e Luoghi"},"image":{"@id":"https:\/\/arteeluoghi.it\/#logo"}},{"@type":"WebSite","@id":"https:\/\/arteeluoghi.it\/#website","url":"https:\/\/arteeluoghi.it\/","name":"Arte e Luoghi","description":"Mensile di arte, cultura, turismo e curiosit\u00e0","publisher":{"@id":"https:\/\/arteeluoghi.it\/#organization"},"potentialAction":[{"@type":"SearchAction","target":{"@type":"EntryPoint","urlTemplate":"https:\/\/arteeluoghi.it\/?s={search_term_string}"},"query-input":"required name=search_term_string"}],"inLanguage":"it-IT"},{"@type":"ImageObject","@id":"https:\/\/arteeluoghi.it\/index.php\/2012\/06\/07\/vivere-lecce-giovani\/#primaryimage","inLanguage":"it-IT","url":"\/images\/stories\/portale-ingresso-castello-carlo-v.jpg","contentUrl":"\/images\/stories\/portale-ingresso-castello-carlo-v.jpg"},{"@type":"WebPage","@id":"https:\/\/arteeluoghi.it\/index.php\/2012\/06\/07\/vivere-lecce-giovani\/#webpage","url":"https:\/\/arteeluoghi.it\/index.php\/2012\/06\/07\/vivere-lecce-giovani\/","name":"Vivere Lecce Giovani | Arte e Luoghi","isPartOf":{"@id":"https:\/\/arteeluoghi.it\/#website"},"primaryImageOfPage":{"@id":"https:\/\/arteeluoghi.it\/index.php\/2012\/06\/07\/vivere-lecce-giovani\/#primaryimage"},"datePublished":"2012-06-07T17:43:45+00:00","dateModified":"2012-06-07T17:43:45+00:00","breadcrumb":{"@id":"https:\/\/arteeluoghi.it\/index.php\/2012\/06\/07\/vivere-lecce-giovani\/#breadcrumb"},"inLanguage":"it-IT","potentialAction":[{"@type":"ReadAction","target":["https:\/\/arteeluoghi.it\/index.php\/2012\/06\/07\/vivere-lecce-giovani\/"]}]},{"@type":"BreadcrumbList","@id":"https:\/\/arteeluoghi.it\/index.php\/2012\/06\/07\/vivere-lecce-giovani\/#breadcrumb","itemListElement":[{"@type":"ListItem","position":1,"name":"Home","item":"https:\/\/arteeluoghi.it\/"},{"@type":"ListItem","position":2,"name":"Vivere Lecce Giovani"}]},{"@type":"Article","@id":"https:\/\/arteeluoghi.it\/index.php\/2012\/06\/07\/vivere-lecce-giovani\/#article","isPartOf":{"@id":"https:\/\/arteeluoghi.it\/index.php\/2012\/06\/07\/vivere-lecce-giovani\/#webpage"},"author":{"@id":"https:\/\/arteeluoghi.it\/#\/schema\/person\/f84e814e36e91e01448ee07eaadd41d4"},"headline":"Vivere Lecce Giovani","datePublished":"2012-06-07T17:43:45+00:00","dateModified":"2012-06-07T17:43:45+00:00","mainEntityOfPage":{"@id":"https:\/\/arteeluoghi.it\/index.php\/2012\/06\/07\/vivere-lecce-giovani\/#webpage"},"wordCount":444,"commentCount":0,"publisher":{"@id":"https:\/\/arteeluoghi.it\/#organization"},"image":{"@id":"https:\/\/arteeluoghi.it\/index.php\/2012\/06\/07\/vivere-lecce-giovani\/#primaryimage"},"thumbnailUrl":"\/images\/stories\/portale-ingresso-castello-carlo-v.jpg","articleSection":["Arti visive"],"inLanguage":"it-IT","potentialAction":[{"@type":"CommentAction","name":"Comment","target":["https:\/\/arteeluoghi.it\/index.php\/2012\/06\/07\/vivere-lecce-giovani\/#respond"]}]},{"@type":"Person","@id":"https:\/\/arteeluoghi.it\/#\/schema\/person\/f84e814e36e91e01448ee07eaadd41d4","name":"Staff","image":{"@type":"ImageObject","@id":"https:\/\/arteeluoghi.it\/#personlogo","inLanguage":"it-IT","url":"https:\/\/secure.gravatar.com\/avatar\/49d2f9e46271bb04e19cebfaf141313a?s=96&d=blank&r=g","contentUrl":"https:\/\/secure.gravatar.com\/avatar\/49d2f9e46271bb04e19cebfaf141313a?s=96&d=blank&r=g","caption":"Staff"}}]}},"_links":{"self":[{"href":"https:\/\/arteeluoghi.it\/index.php\/wp-json\/wp\/v2\/posts\/764"}],"collection":[{"href":"https:\/\/arteeluoghi.it\/index.php\/wp-json\/wp\/v2\/posts"}],"about":[{"href":"https:\/\/arteeluoghi.it\/index.php\/wp-json\/wp\/v2\/types\/post"}],"author":[{"embeddable":true,"href":"https:\/\/arteeluoghi.it\/index.php\/wp-json\/wp\/v2\/users\/1"}],"replies":[{"embeddable":true,"href":"https:\/\/arteeluoghi.it\/index.php\/wp-json\/wp\/v2\/comments?post=764"}],"version-history":[{"count":0,"href":"https:\/\/arteeluoghi.it\/index.php\/wp-json\/wp\/v2\/posts\/764\/revisions"}],"wp:attachment":[{"href":"https:\/\/arteeluoghi.it\/index.php\/wp-json\/wp\/v2\/media?parent=764"}],"wp:term":[{"taxonomy":"category","embeddable":true,"href":"https:\/\/arteeluoghi.it\/index.php\/wp-json\/wp\/v2\/categories?post=764"},{"taxonomy":"post_tag","embeddable":true,"href":"https:\/\/arteeluoghi.it\/index.php\/wp-json\/wp\/v2\/tags?post=764"}],"curies":[{"name":"wp","href":"https:\/\/api.w.org\/{rel}","templated":true}]}}