{"id":7672,"date":"2020-03-21T20:17:28","date_gmt":"2020-03-21T19:17:28","guid":{"rendered":"https:\/\/arteeluoghi.it\/?p=7672"},"modified":"2020-03-21T20:17:30","modified_gmt":"2020-03-21T19:17:30","slug":"il-mare-e-e-la-meta","status":"publish","type":"post","link":"https:\/\/arteeluoghi.it\/index.php\/2020\/03\/21\/il-mare-e-e-la-meta\/","title":{"rendered":"Il mare \u00e8\/e la meta"},"content":{"rendered":"\n<blockquote class=\"wp-block-quote\"><p>Lo scrittore Antonio Liaci incontra virtualmente il suo pubblico sul suo profilo fb. Le presentazione al tempo del Coronavirus<\/p><cite>an.fu.<br><br><\/cite><\/blockquote>\n\n\n\n<figure class=\"wp-block-embed-youtube wp-block-embed is-type-video is-provider-youtube wp-embed-aspect-4-3 wp-has-aspect-ratio\"><div class=\"wp-block-embed__wrapper\">\n<iframe loading=\"lazy\" title=\"Il mare \u00e8\/ e la meta di Antonio Liaci\" width=\"800\" height=\"600\" src=\"https:\/\/www.youtube.com\/embed\/DE-PApB8rUU?feature=oembed\" frameborder=\"0\" allow=\"accelerometer; autoplay; encrypted-media; gyroscope; picture-in-picture\" allowfullscreen><\/iframe>\n<\/div><\/figure>\n\n\n\n<p>Secondo un vecchio adagio la necessit\u00e0 aguzza l&#8217;ingegno. Cos\u00ec in tempi di quarantena ci si incontra &#8211; per fortuna &#8211; sul web e gli autori dialogano con il pubblico virtualmente grazie ai social media. Cos\u00ec avvengono le presentazione al tempo del Coronavirus e la diretta dello scrittore Antonio Liaci, oggi su fb, ce lo conferma. <\/p>\n\n\n\n<!--more-->\n\n\n\n<p>E con un nuovo modo di approcciarsi alle pagine del libro, ai contenuti che l&#8217;autore ha voluto comunicare ci si confronta e si continua a fare cultura. Per fortuna. E i vari canali social, spesso demonizzati, mostrano in questo caso l&#8217;aspetto migliore che consente alle persone di poter interagire anche se fisicamente distanti e  dopotutto \u00e8 bello ritrovarsi anche cos\u00ec restando ognuno a casa propria per fermare la crescita del  virus.  #restiamoacasa e cogliamo l&#8217;opportunit\u00e0 di questo tempo dilatato per allargare i nostri orizzonti, pur restando a casa, grazie alla lettura perch\u00e9 come scriveva la grande poetessa americana, Emily Dickison, che ci piace ricordare nella giornata mondiale della poesia:  <\/p>\n\n\n\n<p> <\/p>\n\n\n\n<blockquote class=\"wp-block-quote\"><p><em><strong>Non c\u2019\u00e8 nessun vascello che, come un libro,<br>possa portarci in paesi lontani,<br>n\u00e9 corsiere che al galoppo superi<br>le pagine di una poesia.<br>E\u2019 questo un viaggio anche per il pi\u00f9 povero,<br>che non paga nulla;<br>tanto semplice \u00e8 la carrozza<br>che trasporta l\u2019anima umana.<\/strong><\/em><\/p><\/blockquote>\n\n\n\n<p>  <br>Per chi volesse scoprirlo Il mare \u00e8\/e la meta \u00e8 due libri in uno. Due storie accattivanti con il mare come unico denominatore e da oggi anche in formato ebook.<\/p>\n\n\n\n<p>Due libri in uno, si diceva, perch\u00e9 basta capovolgere il volume per poter iniziare a leggere un\u2019altra storia legata alla prima non nella trama ma appunto nel mare quinta scenografica per le vicende de Il furto dell\u2019auto , un giallo ambientato a Gallipoli, e come elemento catartico nel racconto \u201cVision of Johanna\u201d&nbsp; dove i due protagonisti, Luca e Johanna, si incontrano sul traghetto che attraversa il Canale della Manica. Ma non sveliamo nulla se non &nbsp;come scrive il giornalista Raffaele Polo nella prefazione: \u201cI testi, sono molto ben gestiti, facili da leggere e di indubbio interesse. E lo scrittore diventa un amico perch\u00e9 si capisce che condividiamo molte delle scelte letterarie spontanee che si instaurano tra chi legge e chi ha scritto\u2026 ma dovrei spiegare perch\u00e9 questa singolare scelta di abbinare due racconti diversi in un\u2019unica edizione, facendo storcere sicuramente il naso ai tradizionalisti che vogliono il libro composto da pagine che si leggono in un solo senso, con inizio e fine, copertina e risguardi come si \u00e8 sempre fatto.<\/p>\n\n\n\n<p>Con Liaci eravamo difronte al dilemma: pubblicare le due storie separatamente oppure assieme? ma in quest\u2019ultimo caso, come fare per esprimere al meglio l\u2019idea dell\u2019Autore, esplicitata dal titolo, che si legge cos\u00ec: Il mare e la meta oppure Il mare \u00e8 la meta. Cos\u00ec, grazie soprattutto all\u2019estro pittorico ed illustrativo del bravo Cesare Piscopo, \u00e8 venuto fuori questa realizzazione che ha un po\u2019 il fascino del Yin e Yang. Che altro? Fate cos\u00ec, chiudete il libro, rigiratelo e ci leggiamo dall\u2019altra parte.\u201d<\/p>\n\n\n\n<p>E in copertina, nel solco del concept della casa editrice, l\u2019immagine di un\u2019opera d\u2019arte : il mare cos\u00ec meravigliosamente dipinto dall\u2019artista Cesare Piscopo.<\/p>\n\n\n\n<p>Note biografiche<\/p>\n\n\n\n<p>Nato a Gallipoli nell\u2019ottobre 1984 Antonio Liaci a quindici anni si trasferisce con la famiglia in provincia di Vicenza. Il distacco forzato dalla terra nat\u00eca crea una lacerazione che solo l\u2019espressione artistica, in parole e musica, possono ricucire. Fonda con il fratello Nico un gruppo musicale ma la passione letteraria lo porta poi a Roma dove si trasferisce e prendono forma i primi esperimenti letterari.<\/p>\n\n\n\n<p>Si iscrive alla Facolt\u00e0 di Studi Orientali de La Sapienza, scrive sul giornale bilingue (cinese e italiano)\u201dIt\u2019s China\u201d e fa la spola tra la Germania, la Lettonia e la capitale, completando gli studi come fuorisede e&nbsp; con 110 e lode. Dopo aver lavorato come insegnante di lingua italiana a Riga,&nbsp; approda a Pechino. Di ritorno in Lettonia insegna lingua e cultura cinese applicata alla diplomazia presso l\u2019universit\u00e0 Riga Graduate School of Law. Vince una borsa di studio dell\u2019Istituto Confucio e si laurea a pieni voti in didattica della lingua cinese agli stranieri presso la South China Normal University.<\/p>\n\n\n\n<p>Residente a Canton, oggi Antonio Liaci \u00e8 un imprenditore e consulente nel settore delle importazioni dall\u2019Asia. Attualmente vive con la sua famiglia nella megalopoli del sud della Cina.<\/p>\n","protected":false},"excerpt":{"rendered":"<p>Lo scrittore Antonio Liaci incontra virtualmente il suo pubblico sul suo profilo fb. Le presentazione al tempo del Coronavirus an.fu.<\/p>\n","protected":false},"author":1,"featured_media":7480,"comment_status":"open","ping_status":"open","sticky":true,"template":"","format":"standard","meta":[],"categories":[52,17,1],"tags":[1995,1996,268],"yoast_head":"<!-- This site is optimized with the Yoast SEO plugin v18.0 - https:\/\/yoast.com\/wordpress\/plugins\/seo\/ -->\n<title>Il mare \u00e8\/e la meta | Arte e Luoghi<\/title>\n<meta name=\"robots\" content=\"index, follow, max-snippet:-1, max-image-preview:large, max-video-preview:-1\" \/>\n<link rel=\"canonical\" href=\"https:\/\/arteeluoghi.it\/index.php\/2020\/03\/21\/il-mare-e-e-la-meta\/\" \/>\n<meta property=\"og:locale\" content=\"it_IT\" \/>\n<meta property=\"og:type\" content=\"article\" \/>\n<meta property=\"og:title\" content=\"Il mare \u00e8\/e la meta | Arte e Luoghi\" \/>\n<meta property=\"og:description\" content=\"Lo scrittore Antonio Liaci incontra virtualmente il suo pubblico sul suo profilo fb. Le presentazione al tempo del Coronavirus an.fu.\" \/>\n<meta property=\"og:url\" content=\"https:\/\/arteeluoghi.it\/index.php\/2020\/03\/21\/il-mare-e-e-la-meta\/\" \/>\n<meta property=\"og:site_name\" content=\"Arte e Luoghi\" \/>\n<meta property=\"article:publisher\" content=\"https:\/\/www.facebook.com\/ArteELuoghi\/\" \/>\n<meta property=\"article:published_time\" content=\"2020-03-21T19:17:28+00:00\" \/>\n<meta property=\"article:modified_time\" content=\"2020-03-21T19:17:30+00:00\" \/>\n<meta property=\"og:image\" content=\"https:\/\/arteeluoghi.it\/wp-content\/uploads\/2020\/01\/cop-Antonio_Liaci_ilmarestampa19gen.jpg\" \/>\n\t<meta property=\"og:image:width\" content=\"1798\" \/>\n\t<meta property=\"og:image:height\" content=\"2493\" \/>\n\t<meta property=\"og:image:type\" content=\"image\/jpeg\" \/>\n<meta name=\"twitter:card\" content=\"summary\" \/>\n<meta name=\"twitter:creator\" content=\"@arteeluoghi\" \/>\n<meta name=\"twitter:site\" content=\"@arteeluoghi\" \/>\n<meta name=\"twitter:label1\" content=\"Scritto da\" \/>\n\t<meta name=\"twitter:data1\" content=\"Staff\" \/>\n\t<meta name=\"twitter:label2\" content=\"Tempo di lettura stimato\" \/>\n\t<meta name=\"twitter:data2\" content=\"4 minuti\" \/>\n<script type=\"application\/ld+json\" class=\"yoast-schema-graph\">{\"@context\":\"https:\/\/schema.org\",\"@graph\":[{\"@type\":\"Organization\",\"@id\":\"https:\/\/arteeluoghi.it\/#organization\",\"name\":\"Arte e Luoghi\",\"url\":\"https:\/\/arteeluoghi.it\/\",\"sameAs\":[\"https:\/\/www.facebook.com\/ArteELuoghi\/\",\"https:\/\/www.instagram.com\/arteeluoghi\/?hl=it\",\"https:\/\/www.youtube.com\/channel\/UCuRVc4JW4-C5sg9rQB-srkw?view_as=subscriber\",\"https:\/\/twitter.com\/arteeluoghi\"],\"logo\":{\"@type\":\"ImageObject\",\"@id\":\"https:\/\/arteeluoghi.it\/#logo\",\"inLanguage\":\"it-IT\",\"url\":\"https:\/\/arteeluoghi.it\/wp-content\/uploads\/2018\/08\/logoinstagramarte.jpg\",\"contentUrl\":\"https:\/\/arteeluoghi.it\/wp-content\/uploads\/2018\/08\/logoinstagramarte.jpg\",\"width\":150,\"height\":150,\"caption\":\"Arte e Luoghi\"},\"image\":{\"@id\":\"https:\/\/arteeluoghi.it\/#logo\"}},{\"@type\":\"WebSite\",\"@id\":\"https:\/\/arteeluoghi.it\/#website\",\"url\":\"https:\/\/arteeluoghi.it\/\",\"name\":\"Arte e Luoghi\",\"description\":\"Mensile di arte, cultura, turismo e curiosit\u00e0\",\"publisher\":{\"@id\":\"https:\/\/arteeluoghi.it\/#organization\"},\"potentialAction\":[{\"@type\":\"SearchAction\",\"target\":{\"@type\":\"EntryPoint\",\"urlTemplate\":\"https:\/\/arteeluoghi.it\/?s={search_term_string}\"},\"query-input\":\"required name=search_term_string\"}],\"inLanguage\":\"it-IT\"},{\"@type\":\"ImageObject\",\"@id\":\"https:\/\/arteeluoghi.it\/index.php\/2020\/03\/21\/il-mare-e-e-la-meta\/#primaryimage\",\"inLanguage\":\"it-IT\",\"url\":\"https:\/\/arteeluoghi.it\/wp-content\/uploads\/2020\/01\/cop-Antonio_Liaci_ilmarestampa19gen.jpg\",\"contentUrl\":\"https:\/\/arteeluoghi.it\/wp-content\/uploads\/2020\/01\/cop-Antonio_Liaci_ilmarestampa19gen.jpg\",\"width\":1798,\"height\":2493},{\"@type\":\"WebPage\",\"@id\":\"https:\/\/arteeluoghi.it\/index.php\/2020\/03\/21\/il-mare-e-e-la-meta\/#webpage\",\"url\":\"https:\/\/arteeluoghi.it\/index.php\/2020\/03\/21\/il-mare-e-e-la-meta\/\",\"name\":\"Il mare \u00e8\/e la meta | Arte e Luoghi\",\"isPartOf\":{\"@id\":\"https:\/\/arteeluoghi.it\/#website\"},\"primaryImageOfPage\":{\"@id\":\"https:\/\/arteeluoghi.it\/index.php\/2020\/03\/21\/il-mare-e-e-la-meta\/#primaryimage\"},\"datePublished\":\"2020-03-21T19:17:28+00:00\",\"dateModified\":\"2020-03-21T19:17:30+00:00\",\"breadcrumb\":{\"@id\":\"https:\/\/arteeluoghi.it\/index.php\/2020\/03\/21\/il-mare-e-e-la-meta\/#breadcrumb\"},\"inLanguage\":\"it-IT\",\"potentialAction\":[{\"@type\":\"ReadAction\",\"target\":[\"https:\/\/arteeluoghi.it\/index.php\/2020\/03\/21\/il-mare-e-e-la-meta\/\"]}]},{\"@type\":\"BreadcrumbList\",\"@id\":\"https:\/\/arteeluoghi.it\/index.php\/2020\/03\/21\/il-mare-e-e-la-meta\/#breadcrumb\",\"itemListElement\":[{\"@type\":\"ListItem\",\"position\":1,\"name\":\"Home\",\"item\":\"https:\/\/arteeluoghi.it\/\"},{\"@type\":\"ListItem\",\"position\":2,\"name\":\"Il mare \u00e8\/e la meta\"}]},{\"@type\":\"Article\",\"@id\":\"https:\/\/arteeluoghi.it\/index.php\/2020\/03\/21\/il-mare-e-e-la-meta\/#article\",\"isPartOf\":{\"@id\":\"https:\/\/arteeluoghi.it\/index.php\/2020\/03\/21\/il-mare-e-e-la-meta\/#webpage\"},\"author\":{\"@id\":\"https:\/\/arteeluoghi.it\/#\/schema\/person\/f84e814e36e91e01448ee07eaadd41d4\"},\"headline\":\"Il mare \u00e8\/e la meta\",\"datePublished\":\"2020-03-21T19:17:28+00:00\",\"dateModified\":\"2020-03-21T19:17:30+00:00\",\"mainEntityOfPage\":{\"@id\":\"https:\/\/arteeluoghi.it\/index.php\/2020\/03\/21\/il-mare-e-e-la-meta\/#webpage\"},\"wordCount\":750,\"commentCount\":0,\"publisher\":{\"@id\":\"https:\/\/arteeluoghi.it\/#organization\"},\"image\":{\"@id\":\"https:\/\/arteeluoghi.it\/index.php\/2020\/03\/21\/il-mare-e-e-la-meta\/#primaryimage\"},\"thumbnailUrl\":\"https:\/\/arteeluoghi.it\/wp-content\/uploads\/2020\/01\/cop-Antonio_Liaci_ilmarestampa19gen.jpg\",\"keywords\":[\"Antonio Liaci\",\"Il mare \u00e8 la meta\",\"Il raggio verde edizioni\"],\"articleSection\":[\"I luoghi della parola\",\"LIBRI\"],\"inLanguage\":\"it-IT\",\"potentialAction\":[{\"@type\":\"CommentAction\",\"name\":\"Comment\",\"target\":[\"https:\/\/arteeluoghi.it\/index.php\/2020\/03\/21\/il-mare-e-e-la-meta\/#respond\"]}]},{\"@type\":\"Person\",\"@id\":\"https:\/\/arteeluoghi.it\/#\/schema\/person\/f84e814e36e91e01448ee07eaadd41d4\",\"name\":\"Staff\",\"image\":{\"@type\":\"ImageObject\",\"@id\":\"https:\/\/arteeluoghi.it\/#personlogo\",\"inLanguage\":\"it-IT\",\"url\":\"https:\/\/secure.gravatar.com\/avatar\/49d2f9e46271bb04e19cebfaf141313a?s=96&d=blank&r=g\",\"contentUrl\":\"https:\/\/secure.gravatar.com\/avatar\/49d2f9e46271bb04e19cebfaf141313a?s=96&d=blank&r=g\",\"caption\":\"Staff\"}}]}<\/script>\n<!-- \/ Yoast SEO plugin. -->","yoast_head_json":{"title":"Il mare \u00e8\/e la meta | Arte e Luoghi","robots":{"index":"index","follow":"follow","max-snippet":"max-snippet:-1","max-image-preview":"max-image-preview:large","max-video-preview":"max-video-preview:-1"},"canonical":"https:\/\/arteeluoghi.it\/index.php\/2020\/03\/21\/il-mare-e-e-la-meta\/","og_locale":"it_IT","og_type":"article","og_title":"Il mare \u00e8\/e la meta | Arte e Luoghi","og_description":"Lo scrittore Antonio Liaci incontra virtualmente il suo pubblico sul suo profilo fb. Le presentazione al tempo del Coronavirus an.fu.","og_url":"https:\/\/arteeluoghi.it\/index.php\/2020\/03\/21\/il-mare-e-e-la-meta\/","og_site_name":"Arte e Luoghi","article_publisher":"https:\/\/www.facebook.com\/ArteELuoghi\/","article_published_time":"2020-03-21T19:17:28+00:00","article_modified_time":"2020-03-21T19:17:30+00:00","og_image":[{"width":1798,"height":2493,"url":"https:\/\/arteeluoghi.it\/wp-content\/uploads\/2020\/01\/cop-Antonio_Liaci_ilmarestampa19gen.jpg","type":"image\/jpeg"}],"twitter_card":"summary","twitter_creator":"@arteeluoghi","twitter_site":"@arteeluoghi","twitter_misc":{"Scritto da":"Staff","Tempo di lettura stimato":"4 minuti"},"schema":{"@context":"https:\/\/schema.org","@graph":[{"@type":"Organization","@id":"https:\/\/arteeluoghi.it\/#organization","name":"Arte e Luoghi","url":"https:\/\/arteeluoghi.it\/","sameAs":["https:\/\/www.facebook.com\/ArteELuoghi\/","https:\/\/www.instagram.com\/arteeluoghi\/?hl=it","https:\/\/www.youtube.com\/channel\/UCuRVc4JW4-C5sg9rQB-srkw?view_as=subscriber","https:\/\/twitter.com\/arteeluoghi"],"logo":{"@type":"ImageObject","@id":"https:\/\/arteeluoghi.it\/#logo","inLanguage":"it-IT","url":"https:\/\/arteeluoghi.it\/wp-content\/uploads\/2018\/08\/logoinstagramarte.jpg","contentUrl":"https:\/\/arteeluoghi.it\/wp-content\/uploads\/2018\/08\/logoinstagramarte.jpg","width":150,"height":150,"caption":"Arte e Luoghi"},"image":{"@id":"https:\/\/arteeluoghi.it\/#logo"}},{"@type":"WebSite","@id":"https:\/\/arteeluoghi.it\/#website","url":"https:\/\/arteeluoghi.it\/","name":"Arte e Luoghi","description":"Mensile di arte, cultura, turismo e curiosit\u00e0","publisher":{"@id":"https:\/\/arteeluoghi.it\/#organization"},"potentialAction":[{"@type":"SearchAction","target":{"@type":"EntryPoint","urlTemplate":"https:\/\/arteeluoghi.it\/?s={search_term_string}"},"query-input":"required name=search_term_string"}],"inLanguage":"it-IT"},{"@type":"ImageObject","@id":"https:\/\/arteeluoghi.it\/index.php\/2020\/03\/21\/il-mare-e-e-la-meta\/#primaryimage","inLanguage":"it-IT","url":"https:\/\/arteeluoghi.it\/wp-content\/uploads\/2020\/01\/cop-Antonio_Liaci_ilmarestampa19gen.jpg","contentUrl":"https:\/\/arteeluoghi.it\/wp-content\/uploads\/2020\/01\/cop-Antonio_Liaci_ilmarestampa19gen.jpg","width":1798,"height":2493},{"@type":"WebPage","@id":"https:\/\/arteeluoghi.it\/index.php\/2020\/03\/21\/il-mare-e-e-la-meta\/#webpage","url":"https:\/\/arteeluoghi.it\/index.php\/2020\/03\/21\/il-mare-e-e-la-meta\/","name":"Il mare \u00e8\/e la meta | Arte e Luoghi","isPartOf":{"@id":"https:\/\/arteeluoghi.it\/#website"},"primaryImageOfPage":{"@id":"https:\/\/arteeluoghi.it\/index.php\/2020\/03\/21\/il-mare-e-e-la-meta\/#primaryimage"},"datePublished":"2020-03-21T19:17:28+00:00","dateModified":"2020-03-21T19:17:30+00:00","breadcrumb":{"@id":"https:\/\/arteeluoghi.it\/index.php\/2020\/03\/21\/il-mare-e-e-la-meta\/#breadcrumb"},"inLanguage":"it-IT","potentialAction":[{"@type":"ReadAction","target":["https:\/\/arteeluoghi.it\/index.php\/2020\/03\/21\/il-mare-e-e-la-meta\/"]}]},{"@type":"BreadcrumbList","@id":"https:\/\/arteeluoghi.it\/index.php\/2020\/03\/21\/il-mare-e-e-la-meta\/#breadcrumb","itemListElement":[{"@type":"ListItem","position":1,"name":"Home","item":"https:\/\/arteeluoghi.it\/"},{"@type":"ListItem","position":2,"name":"Il mare \u00e8\/e la meta"}]},{"@type":"Article","@id":"https:\/\/arteeluoghi.it\/index.php\/2020\/03\/21\/il-mare-e-e-la-meta\/#article","isPartOf":{"@id":"https:\/\/arteeluoghi.it\/index.php\/2020\/03\/21\/il-mare-e-e-la-meta\/#webpage"},"author":{"@id":"https:\/\/arteeluoghi.it\/#\/schema\/person\/f84e814e36e91e01448ee07eaadd41d4"},"headline":"Il mare \u00e8\/e la meta","datePublished":"2020-03-21T19:17:28+00:00","dateModified":"2020-03-21T19:17:30+00:00","mainEntityOfPage":{"@id":"https:\/\/arteeluoghi.it\/index.php\/2020\/03\/21\/il-mare-e-e-la-meta\/#webpage"},"wordCount":750,"commentCount":0,"publisher":{"@id":"https:\/\/arteeluoghi.it\/#organization"},"image":{"@id":"https:\/\/arteeluoghi.it\/index.php\/2020\/03\/21\/il-mare-e-e-la-meta\/#primaryimage"},"thumbnailUrl":"https:\/\/arteeluoghi.it\/wp-content\/uploads\/2020\/01\/cop-Antonio_Liaci_ilmarestampa19gen.jpg","keywords":["Antonio Liaci","Il mare \u00e8 la meta","Il raggio verde edizioni"],"articleSection":["I luoghi della parola","LIBRI"],"inLanguage":"it-IT","potentialAction":[{"@type":"CommentAction","name":"Comment","target":["https:\/\/arteeluoghi.it\/index.php\/2020\/03\/21\/il-mare-e-e-la-meta\/#respond"]}]},{"@type":"Person","@id":"https:\/\/arteeluoghi.it\/#\/schema\/person\/f84e814e36e91e01448ee07eaadd41d4","name":"Staff","image":{"@type":"ImageObject","@id":"https:\/\/arteeluoghi.it\/#personlogo","inLanguage":"it-IT","url":"https:\/\/secure.gravatar.com\/avatar\/49d2f9e46271bb04e19cebfaf141313a?s=96&d=blank&r=g","contentUrl":"https:\/\/secure.gravatar.com\/avatar\/49d2f9e46271bb04e19cebfaf141313a?s=96&d=blank&r=g","caption":"Staff"}}]}},"_links":{"self":[{"href":"https:\/\/arteeluoghi.it\/index.php\/wp-json\/wp\/v2\/posts\/7672"}],"collection":[{"href":"https:\/\/arteeluoghi.it\/index.php\/wp-json\/wp\/v2\/posts"}],"about":[{"href":"https:\/\/arteeluoghi.it\/index.php\/wp-json\/wp\/v2\/types\/post"}],"author":[{"embeddable":true,"href":"https:\/\/arteeluoghi.it\/index.php\/wp-json\/wp\/v2\/users\/1"}],"replies":[{"embeddable":true,"href":"https:\/\/arteeluoghi.it\/index.php\/wp-json\/wp\/v2\/comments?post=7672"}],"version-history":[{"count":2,"href":"https:\/\/arteeluoghi.it\/index.php\/wp-json\/wp\/v2\/posts\/7672\/revisions"}],"predecessor-version":[{"id":7675,"href":"https:\/\/arteeluoghi.it\/index.php\/wp-json\/wp\/v2\/posts\/7672\/revisions\/7675"}],"wp:featuredmedia":[{"embeddable":true,"href":"https:\/\/arteeluoghi.it\/index.php\/wp-json\/wp\/v2\/media\/7480"}],"wp:attachment":[{"href":"https:\/\/arteeluoghi.it\/index.php\/wp-json\/wp\/v2\/media?parent=7672"}],"wp:term":[{"taxonomy":"category","embeddable":true,"href":"https:\/\/arteeluoghi.it\/index.php\/wp-json\/wp\/v2\/categories?post=7672"},{"taxonomy":"post_tag","embeddable":true,"href":"https:\/\/arteeluoghi.it\/index.php\/wp-json\/wp\/v2\/tags?post=7672"}],"curies":[{"name":"wp","href":"https:\/\/api.w.org\/{rel}","templated":true}]}}