{"id":7676,"date":"2020-02-21T21:01:50","date_gmt":"2020-02-21T20:01:50","guid":{"rendered":"https:\/\/arteeluoghi.it\/?p=7676"},"modified":"2020-03-21T21:25:09","modified_gmt":"2020-03-21T20:25:09","slug":"il-sancta-sanctorum-di-ettore-aldo-del-vigo","status":"publish","type":"post","link":"https:\/\/arteeluoghi.it\/index.php\/2020\/02\/21\/il-sancta-sanctorum-di-ettore-aldo-del-vigo\/","title":{"rendered":"Il Sancta Sanctorum  di Ettore Aldo Del Vigo"},"content":{"rendered":"\n<blockquote class=\"wp-block-quote\"><p>Un viaggio tra i luoghi e nonluoghi fisici ed emozionali dell&#8217;arte <br> contemporanea<br> \u00abAlcuni luoghi sono un enigma. Altri una spiegazione\u00bb <br> Fabrizio Caramagna<\/p><cite>di Dario Ferreri<\/cite><\/blockquote>\n\n\n\n<p>\u00c8 nell&#8217;immaginario collettivo della tradizione cristiana l&#8217;episodio dei Vangeli che narra la breve e splendente apparizione di Ges\u00f9 Cristo, con Mos\u00e8 ed Elia, ai discepoli Pietro, Giacomo e Giovanni sul monte Tabor  \u2026 &#8220;si trasfigur\u00f2 davanti a loro, e la sua faccia splendette come il sole e le sue vesti diventarono bianche come la neve&#8221; \u2026. l&#8217;impatto emotivo ed emozionale di tale immagine, traslata nella dimensione del surrealismo visionario ed abbracciata dagli oscuri  abissi del subconscio ed inconscio, si ritrova, potente, nelle recenti opere della serie Sancta Sanctorum di Ettore Aldo del Vigo, &#8220;uno gnostico perfettamente conscio di non essere ancora a conoscenza di esserlo&#8221;.<\/p>\n\n\n\n<ul class=\"wp-block-gallery columns-3 is-cropped\"><li class=\"blocks-gallery-item\"><figure><img loading=\"lazy\" width=\"699\" height=\"960\" src=\"https:\/\/arteeluoghi.it\/wp-content\/uploads\/2020\/03\/5-Aenigma.jpg\" alt=\"\" data-id=\"7680\" data-link=\"https:\/\/arteeluoghi.it\/index.php\/2020\/02\/21\/il-sancta-sanctorum-di-ettore-aldo-del-vigo\/5-aenigma\/\" class=\"wp-image-7680\" srcset=\"https:\/\/arteeluoghi.it\/wp-content\/uploads\/2020\/03\/5-Aenigma.jpg 699w, https:\/\/arteeluoghi.it\/wp-content\/uploads\/2020\/03\/5-Aenigma-218x300.jpg 218w\" sizes=\"(max-width: 699px) 100vw, 699px\" \/><\/figure><\/li><li class=\"blocks-gallery-item\"><figure><img loading=\"lazy\" width=\"746\" height=\"960\" src=\"https:\/\/arteeluoghi.it\/wp-content\/uploads\/2020\/03\/4-La-visione-di-Giuda.jpg\" alt=\"\" data-id=\"7679\" data-link=\"https:\/\/arteeluoghi.it\/index.php\/2020\/02\/21\/il-sancta-sanctorum-di-ettore-aldo-del-vigo\/4-la-visione-di-giuda\/\" class=\"wp-image-7679\" srcset=\"https:\/\/arteeluoghi.it\/wp-content\/uploads\/2020\/03\/4-La-visione-di-Giuda.jpg 746w, https:\/\/arteeluoghi.it\/wp-content\/uploads\/2020\/03\/4-La-visione-di-Giuda-233x300.jpg 233w\" sizes=\"(max-width: 746px) 100vw, 746px\" \/><\/figure><\/li><li class=\"blocks-gallery-item\"><figure><img loading=\"lazy\" width=\"1024\" height=\"716\" src=\"https:\/\/arteeluoghi.it\/wp-content\/uploads\/2020\/03\/3-Apoteosi-trasfigurazionale-di-Natanaele-1024x716.jpg\" alt=\"\" data-id=\"7678\" data-link=\"https:\/\/arteeluoghi.it\/index.php\/2020\/02\/21\/il-sancta-sanctorum-di-ettore-aldo-del-vigo\/3-apoteosi-trasfigurazionale-di-natanaele\/\" class=\"wp-image-7678\" srcset=\"https:\/\/arteeluoghi.it\/wp-content\/uploads\/2020\/03\/3-Apoteosi-trasfigurazionale-di-Natanaele-1024x716.jpg 1024w, https:\/\/arteeluoghi.it\/wp-content\/uploads\/2020\/03\/3-Apoteosi-trasfigurazionale-di-Natanaele-300x210.jpg 300w, https:\/\/arteeluoghi.it\/wp-content\/uploads\/2020\/03\/3-Apoteosi-trasfigurazionale-di-Natanaele-768x537.jpg 768w, https:\/\/arteeluoghi.it\/wp-content\/uploads\/2020\/03\/3-Apoteosi-trasfigurazionale-di-Natanaele-130x90.jpg 130w, https:\/\/arteeluoghi.it\/wp-content\/uploads\/2020\/03\/3-Apoteosi-trasfigurazionale-di-Natanaele.jpg 2028w\" sizes=\"(max-width: 1024px) 100vw, 1024px\" \/><\/figure><\/li><\/ul>\n\n\n\n<p><br> Nato nel 1952 a Basilea in Svizzera, Ettore Aldo Del Vigo sin dall\u2019infanzia si dedica al disegno, attirato in particolar modo dal Surrealismo che definisce \u201cPura essenza della verit\u00e0 interiore\u201d. All\u2019et\u00e0 di soli 12 anni esegue il suo primo dipinto monocromo \u201cAutoritratto Anziano\u201d sulla base di scritti personali relativi alla scrittura automatica. Consegue nel 1969 il diploma in grafica editoriale presso una tipografia locale ove ha modo di conoscere Max Ernst in occasione della pubblicazione del catalogo di una sua personale a Basilea. Nel 1976 si trasferisce in Sardegna a Sassari ed entra in contatto con vari artisti locali; dopo aver partecipato a numerosi concorsi e collettive d\u2019arte, allestisce con successo nel 1979 la sua prima personale. Nel 1990 gli viene commissionata la decorazione della sede dell\u2019INA, nel 2000 esegue una serie di dipinti per la Chiesa di San Paolo Apostolo a Sassari tra cui la Pala dell&#8217;Altare e sempre nel 2000 entra a far parte del movimento \u201cVisionary Artmovement\u201d di Otto Rapp, in seguito di \u201cInternational Surrealism Now\u201d di Santiago Ribeiro da cui scaturiscono una serie di mostre itineranti in Portogallo. Nel 2004 esegue una serie di dipinti per la Sala Ricevimenti dell\u2019Ambasciata di Londra. Del 2015 la nomina a direttore artistico della \u201cTianXing international Art Association\u201d in Cina. Nel 2016 fonda il \u201cMovimento Surrealista Contemporaneo\u201d ed entra a far parte della ArtBank con sede in Cina. Numerose sue opere sono presenti in collezioni private e pubbliche sia in Italia che all\u2019estero. Attualmente vive e lavora a Sassari.<br> La raffinata escatologia di Ettore Aldo del Vigo trascende il mondo fisico, dando forma attraverso le sue  opere ad una visione pi\u00f9 ampia della conoscenza. <br> In una recente intervista su Cagliariartmagazine l&#8217;artista ha ribadito che &#8220;dobbiamo innanzitutto capire che il Surrealismo non \u00e8 una scuola artistica, n\u00e9 un movimento estetico, ma una filosofia di vita che si esprime attraverso l\u2019 arte, la poesia, la cinematografia. Il Surrealismo racchiude tematiche quali amore, sogno, follia e liberazione, concetti fondamentali correlati tra loro, che hanno come solo scopo arrivare alla \u201c Conoscenza \u201c. Nell\u2019uomo \u00e8 insita una distinzione tra l\u2019amore e la conoscenza, mentre nella ricerca sur-realista questa polarit\u00e0 superata \u00e8 unificata, affermando non che la conoscenza trovi la sua esaltazione nell\u2019amore, ma al contrario che l\u2019 Amore ( cosa individuale ), trova la sua sublimazione nella conoscenza pura dell\u2019 essere, ed \u00e8 attraverso il sogno e la follia descritta cos\u00ec magistralmente da Jung come la nostra parte in \u201cOmbra\u201d che il Surrealismo si avvale di questi mezzi per individuare e combattere la \u201c razionalit\u00e0 \u201c insita in ognuno di noi, ma oppressa dal Sistema che attraverso determinate trappole tende ad annullare la non razionalit\u00e0 dell\u2019 individuo a proprio favore. E\u2019 solo attraverso la \u201c Propria Conoscenza \u201c che si arriver\u00e0 alla Liberazione dell\u2019 essere da tutte le convenzioni sociali.&#8221;<br> Epigoni di ispirazione dell&#8217;artista, sin dalla giovane et\u00e0, sono Caravaggio, Bocklin, Max Ernest, Hans Ruedi Giger, ecc. <br> Per quanto attiene alla poetica dei suoi ultimi  lavori appare utile ricordare quanto dallo stesso artista riportato nell&#8217;intervista citata prima: &#8220;nel 2010 dipinsi il mio terzo autoritratto \u201c Lo strano caso del dottor Jekyll e mister Hyde \u201c in cui viene spiegato il dualismo tra Ettore Aldo Del Vigo uomo ed Ettore Aldo Del Vigo artista, il Buio e la Luce. L\u2019uno Materia, l\u2019altro Spirito, in contrasto tra loro, ma due principi complementari ed inscindibili. E\u2019 il principio dell\u2019integrazione degli opposti. Solo attraverso il Buio, la Luce prende forma. Solo attraverso il Male, il Bene viene esaltato cos\u00ec come maschile e femminile. Solo attraverso l\u2019esperienza del Buio e della Paura si arriva a partorire. L\u2019uno ha bisogno dell\u2019altro per arrivare alla Conoscenza e alla Luce e ci\u00f2 si percepisce attraverso la mia ultima ricerca artistica denominata \u201c Sancta Sanctorum.&#8221;<\/p>\n\n\n\n<p><br> Sancta sanctorum \u00e8 una nota locuzione latina il cui significato \u00e8 \u201cil santo dei santi\u201d, l\u2019espressione \u00e8 presente varie volte nell\u2019Antico Testamento nel quale indica la parte pi\u00f9 interna del tempio di Gerusalemme ove, in origine, veniva custodita la preziosissima arca dell\u2019alleanza; successivamente la locuzione ha assunto vari altri significati; sempre restando nell\u2019ambito religioso, indicando sia la parte delle chiese cristiane prossima all\u2019altare maggiore oppure al tabernacolo sia la cappella privata del papa; tuttavia l\u2019accezione pi\u00f9 nota di sancta sanctorum \u00e8 quella di \u201cluogo esclusivo, particolarmente riservato, al quale soltanto una persona o pochissimi altri possono accedere\u201d in quanto vi si trovano cose di notevolissimo valore o importanza. <br> Fortunatamente, da un lato le recenti mostre in cui queste opere dell&#8217;artista sono state in parte esibite (&#8220;Sancta sanctorum&#8221; presso la Pinacoteca Contini di Oristano, &#8220;Il sogno di Circe&#8221; presso l&#8217;Arca degli Esposti di Palermo, &#8221; Venezia contemporanea. Luci e colori dell\u2019arte&#8221; presso Palazzo Albrizzi Capello di Venezia,  &#8220;Biennale internazionale Torino-Roma&#8221; presso il  Museo Miit a Torino, &#8220;Tra sogno e realt\u00e0&#8221; presso la Cancelleria del Vaticano, ecc), dall&#8217;altro, le grandi vetrine dei social media, permettono oggi a tutti di accedere in questo moderno Sancta Sanctorum senza tempo che ha dato modo all&#8217;artista di  intraprende un viaggio interiore alla ricerca ed al recupero dei pezzi mancanti del suo puzzle interiore.<br> Il tema della trasfigurazione delle opere di Del Vigo  ci mette di fronte alle paure pi\u00f9 recondite, ma anche alle credenze pi\u00f9 ancestrali, ricordandoci la caducit\u00e0 della vita e, per chi crede, il potere consolatorio della fede. La tecnica del disegno con  carboncino grafite e polvere di grafite e poi della pittura ad acrilico e dell&#8217;aerografo sono padroneggiate con eccellente maestria sulle tele, per l&#8217;artista semplice materia che lascia per\u00f2 impresso il suo pensiero individuale, scaturito, come i soggetti che popolano il suo mondo,  da una sorta di delirio, melius estasi totale, direttamente dal subconscio.<br> L&#8217;impatto visivo ed emozionale dinanzi a questi suoi recenti lavori \u00e8 grande e merita di essere vissuto: \u00e8 un viaggio oltre la carne alla ricerca di verit\u00e0 profonde e passaggi spirituali,  una rigenerante e catartica deflagrazione di corpi dove la morte, per\u00f2, non esiste.<br> Per saperne di pi\u00f9 e seguire l&#8217;artista : https:\/\/www.facebook.com\/ettorealdo.delvigo.5; https:\/\/www.instagram.com\/ettorealdodelvigo\/<\/p>\n\n\n\n<p><\/p>\n\n\n\n<p>Arte e Luoghi | febbraio 2020<\/p>\n\n\n\n<figure class=\"wp-block-embed-issuu wp-block-embed is-type-rich is-provider-issuu\"><div class=\"wp-block-embed__wrapper\">\n<div data-url=\"https:\/\/issuu.com\/arteeluoghi\/docs\/arteeluoghi_febbraio2020okis\/72\" style=\"width: 800px; height: 514px;\" class=\"issuuembed\"><\/div><script type=\"text\/javascript\" src=\"\/\/e.issuu.com\/embed.js\" async=\"true\"><\/script>\n<\/div><\/figure>\n\n\n\n<!--more-->\n","protected":false},"excerpt":{"rendered":"<p>Un viaggio tra i luoghi e nonluoghi fisici ed emozionali dell&#8217;arte contemporanea \u00abAlcuni luoghi sono un enigma. Altri una spiegazione\u00bb<\/p>\n","protected":false},"author":1,"featured_media":7678,"comment_status":"open","ping_status":"open","sticky":true,"template":"","format":"standard","meta":[],"categories":[27,3,36],"tags":[],"yoast_head":"<!-- This site is optimized with the Yoast SEO plugin v18.0 - https:\/\/yoast.com\/wordpress\/plugins\/seo\/ -->\n<title>Il Sancta Sanctorum di Ettore Aldo Del Vigo | Arte e Luoghi<\/title>\n<meta name=\"robots\" content=\"index, follow, max-snippet:-1, max-image-preview:large, max-video-preview:-1\" \/>\n<link rel=\"canonical\" href=\"https:\/\/arteeluoghi.it\/index.php\/2020\/02\/21\/il-sancta-sanctorum-di-ettore-aldo-del-vigo\/\" \/>\n<meta property=\"og:locale\" content=\"it_IT\" \/>\n<meta property=\"og:type\" content=\"article\" \/>\n<meta property=\"og:title\" content=\"Il Sancta Sanctorum di Ettore Aldo Del Vigo | Arte e Luoghi\" \/>\n<meta property=\"og:description\" content=\"Un viaggio tra i luoghi e nonluoghi fisici ed emozionali dell&#8217;arte contemporanea \u00abAlcuni luoghi sono un enigma. Altri una spiegazione\u00bb\" \/>\n<meta property=\"og:url\" content=\"https:\/\/arteeluoghi.it\/index.php\/2020\/02\/21\/il-sancta-sanctorum-di-ettore-aldo-del-vigo\/\" \/>\n<meta property=\"og:site_name\" content=\"Arte e Luoghi\" \/>\n<meta property=\"article:publisher\" content=\"https:\/\/www.facebook.com\/ArteELuoghi\/\" \/>\n<meta property=\"article:published_time\" content=\"2020-02-21T20:01:50+00:00\" \/>\n<meta property=\"article:modified_time\" content=\"2020-03-21T20:25:09+00:00\" \/>\n<meta property=\"og:image\" content=\"https:\/\/arteeluoghi.it\/wp-content\/uploads\/2020\/03\/3-Apoteosi-trasfigurazionale-di-Natanaele.jpg\" \/>\n\t<meta property=\"og:image:width\" content=\"2028\" \/>\n\t<meta property=\"og:image:height\" content=\"1418\" \/>\n\t<meta property=\"og:image:type\" content=\"image\/jpeg\" \/>\n<meta name=\"twitter:card\" content=\"summary\" \/>\n<meta name=\"twitter:creator\" content=\"@arteeluoghi\" \/>\n<meta name=\"twitter:site\" content=\"@arteeluoghi\" \/>\n<meta name=\"twitter:label1\" content=\"Scritto da\" \/>\n\t<meta name=\"twitter:data1\" content=\"Staff\" \/>\n\t<meta name=\"twitter:label2\" content=\"Tempo di lettura stimato\" \/>\n\t<meta name=\"twitter:data2\" content=\"6 minuti\" \/>\n<script type=\"application\/ld+json\" class=\"yoast-schema-graph\">{\"@context\":\"https:\/\/schema.org\",\"@graph\":[{\"@type\":\"Organization\",\"@id\":\"https:\/\/arteeluoghi.it\/#organization\",\"name\":\"Arte e Luoghi\",\"url\":\"https:\/\/arteeluoghi.it\/\",\"sameAs\":[\"https:\/\/www.facebook.com\/ArteELuoghi\/\",\"https:\/\/www.instagram.com\/arteeluoghi\/?hl=it\",\"https:\/\/www.youtube.com\/channel\/UCuRVc4JW4-C5sg9rQB-srkw?view_as=subscriber\",\"https:\/\/twitter.com\/arteeluoghi\"],\"logo\":{\"@type\":\"ImageObject\",\"@id\":\"https:\/\/arteeluoghi.it\/#logo\",\"inLanguage\":\"it-IT\",\"url\":\"https:\/\/arteeluoghi.it\/wp-content\/uploads\/2018\/08\/logoinstagramarte.jpg\",\"contentUrl\":\"https:\/\/arteeluoghi.it\/wp-content\/uploads\/2018\/08\/logoinstagramarte.jpg\",\"width\":150,\"height\":150,\"caption\":\"Arte e Luoghi\"},\"image\":{\"@id\":\"https:\/\/arteeluoghi.it\/#logo\"}},{\"@type\":\"WebSite\",\"@id\":\"https:\/\/arteeluoghi.it\/#website\",\"url\":\"https:\/\/arteeluoghi.it\/\",\"name\":\"Arte e Luoghi\",\"description\":\"Mensile di arte, cultura, turismo e curiosit\u00e0\",\"publisher\":{\"@id\":\"https:\/\/arteeluoghi.it\/#organization\"},\"potentialAction\":[{\"@type\":\"SearchAction\",\"target\":{\"@type\":\"EntryPoint\",\"urlTemplate\":\"https:\/\/arteeluoghi.it\/?s={search_term_string}\"},\"query-input\":\"required name=search_term_string\"}],\"inLanguage\":\"it-IT\"},{\"@type\":\"ImageObject\",\"@id\":\"https:\/\/arteeluoghi.it\/index.php\/2020\/02\/21\/il-sancta-sanctorum-di-ettore-aldo-del-vigo\/#primaryimage\",\"inLanguage\":\"it-IT\",\"url\":\"https:\/\/arteeluoghi.it\/wp-content\/uploads\/2020\/03\/3-Apoteosi-trasfigurazionale-di-Natanaele.jpg\",\"contentUrl\":\"https:\/\/arteeluoghi.it\/wp-content\/uploads\/2020\/03\/3-Apoteosi-trasfigurazionale-di-Natanaele.jpg\",\"width\":2028,\"height\":1418},{\"@type\":\"WebPage\",\"@id\":\"https:\/\/arteeluoghi.it\/index.php\/2020\/02\/21\/il-sancta-sanctorum-di-ettore-aldo-del-vigo\/#webpage\",\"url\":\"https:\/\/arteeluoghi.it\/index.php\/2020\/02\/21\/il-sancta-sanctorum-di-ettore-aldo-del-vigo\/\",\"name\":\"Il Sancta Sanctorum di Ettore Aldo Del Vigo | Arte e Luoghi\",\"isPartOf\":{\"@id\":\"https:\/\/arteeluoghi.it\/#website\"},\"primaryImageOfPage\":{\"@id\":\"https:\/\/arteeluoghi.it\/index.php\/2020\/02\/21\/il-sancta-sanctorum-di-ettore-aldo-del-vigo\/#primaryimage\"},\"datePublished\":\"2020-02-21T20:01:50+00:00\",\"dateModified\":\"2020-03-21T20:25:09+00:00\",\"breadcrumb\":{\"@id\":\"https:\/\/arteeluoghi.it\/index.php\/2020\/02\/21\/il-sancta-sanctorum-di-ettore-aldo-del-vigo\/#breadcrumb\"},\"inLanguage\":\"it-IT\",\"potentialAction\":[{\"@type\":\"ReadAction\",\"target\":[\"https:\/\/arteeluoghi.it\/index.php\/2020\/02\/21\/il-sancta-sanctorum-di-ettore-aldo-del-vigo\/\"]}]},{\"@type\":\"BreadcrumbList\",\"@id\":\"https:\/\/arteeluoghi.it\/index.php\/2020\/02\/21\/il-sancta-sanctorum-di-ettore-aldo-del-vigo\/#breadcrumb\",\"itemListElement\":[{\"@type\":\"ListItem\",\"position\":1,\"name\":\"Home\",\"item\":\"https:\/\/arteeluoghi.it\/\"},{\"@type\":\"ListItem\",\"position\":2,\"name\":\"Il Sancta Sanctorum di Ettore Aldo Del Vigo\"}]},{\"@type\":\"Article\",\"@id\":\"https:\/\/arteeluoghi.it\/index.php\/2020\/02\/21\/il-sancta-sanctorum-di-ettore-aldo-del-vigo\/#article\",\"isPartOf\":{\"@id\":\"https:\/\/arteeluoghi.it\/index.php\/2020\/02\/21\/il-sancta-sanctorum-di-ettore-aldo-del-vigo\/#webpage\"},\"author\":{\"@id\":\"https:\/\/arteeluoghi.it\/#\/schema\/person\/f84e814e36e91e01448ee07eaadd41d4\"},\"headline\":\"Il Sancta Sanctorum di Ettore Aldo Del Vigo\",\"datePublished\":\"2020-02-21T20:01:50+00:00\",\"dateModified\":\"2020-03-21T20:25:09+00:00\",\"mainEntityOfPage\":{\"@id\":\"https:\/\/arteeluoghi.it\/index.php\/2020\/02\/21\/il-sancta-sanctorum-di-ettore-aldo-del-vigo\/#webpage\"},\"wordCount\":1130,\"commentCount\":0,\"publisher\":{\"@id\":\"https:\/\/arteeluoghi.it\/#organization\"},\"image\":{\"@id\":\"https:\/\/arteeluoghi.it\/index.php\/2020\/02\/21\/il-sancta-sanctorum-di-ettore-aldo-del-vigo\/#primaryimage\"},\"thumbnailUrl\":\"https:\/\/arteeluoghi.it\/wp-content\/uploads\/2020\/03\/3-Apoteosi-trasfigurazionale-di-Natanaele.jpg\",\"articleSection\":[\"Arte\",\"Arti visive\",\"CuriosAr(t)e\"],\"inLanguage\":\"it-IT\",\"potentialAction\":[{\"@type\":\"CommentAction\",\"name\":\"Comment\",\"target\":[\"https:\/\/arteeluoghi.it\/index.php\/2020\/02\/21\/il-sancta-sanctorum-di-ettore-aldo-del-vigo\/#respond\"]}]},{\"@type\":\"Person\",\"@id\":\"https:\/\/arteeluoghi.it\/#\/schema\/person\/f84e814e36e91e01448ee07eaadd41d4\",\"name\":\"Staff\",\"image\":{\"@type\":\"ImageObject\",\"@id\":\"https:\/\/arteeluoghi.it\/#personlogo\",\"inLanguage\":\"it-IT\",\"url\":\"https:\/\/secure.gravatar.com\/avatar\/49d2f9e46271bb04e19cebfaf141313a?s=96&d=blank&r=g\",\"contentUrl\":\"https:\/\/secure.gravatar.com\/avatar\/49d2f9e46271bb04e19cebfaf141313a?s=96&d=blank&r=g\",\"caption\":\"Staff\"}}]}<\/script>\n<!-- \/ Yoast SEO plugin. -->","yoast_head_json":{"title":"Il Sancta Sanctorum di Ettore Aldo Del Vigo | Arte e Luoghi","robots":{"index":"index","follow":"follow","max-snippet":"max-snippet:-1","max-image-preview":"max-image-preview:large","max-video-preview":"max-video-preview:-1"},"canonical":"https:\/\/arteeluoghi.it\/index.php\/2020\/02\/21\/il-sancta-sanctorum-di-ettore-aldo-del-vigo\/","og_locale":"it_IT","og_type":"article","og_title":"Il Sancta Sanctorum di Ettore Aldo Del Vigo | Arte e Luoghi","og_description":"Un viaggio tra i luoghi e nonluoghi fisici ed emozionali dell&#8217;arte contemporanea \u00abAlcuni luoghi sono un enigma. Altri una spiegazione\u00bb","og_url":"https:\/\/arteeluoghi.it\/index.php\/2020\/02\/21\/il-sancta-sanctorum-di-ettore-aldo-del-vigo\/","og_site_name":"Arte e Luoghi","article_publisher":"https:\/\/www.facebook.com\/ArteELuoghi\/","article_published_time":"2020-02-21T20:01:50+00:00","article_modified_time":"2020-03-21T20:25:09+00:00","og_image":[{"width":2028,"height":1418,"url":"https:\/\/arteeluoghi.it\/wp-content\/uploads\/2020\/03\/3-Apoteosi-trasfigurazionale-di-Natanaele.jpg","type":"image\/jpeg"}],"twitter_card":"summary","twitter_creator":"@arteeluoghi","twitter_site":"@arteeluoghi","twitter_misc":{"Scritto da":"Staff","Tempo di lettura stimato":"6 minuti"},"schema":{"@context":"https:\/\/schema.org","@graph":[{"@type":"Organization","@id":"https:\/\/arteeluoghi.it\/#organization","name":"Arte e Luoghi","url":"https:\/\/arteeluoghi.it\/","sameAs":["https:\/\/www.facebook.com\/ArteELuoghi\/","https:\/\/www.instagram.com\/arteeluoghi\/?hl=it","https:\/\/www.youtube.com\/channel\/UCuRVc4JW4-C5sg9rQB-srkw?view_as=subscriber","https:\/\/twitter.com\/arteeluoghi"],"logo":{"@type":"ImageObject","@id":"https:\/\/arteeluoghi.it\/#logo","inLanguage":"it-IT","url":"https:\/\/arteeluoghi.it\/wp-content\/uploads\/2018\/08\/logoinstagramarte.jpg","contentUrl":"https:\/\/arteeluoghi.it\/wp-content\/uploads\/2018\/08\/logoinstagramarte.jpg","width":150,"height":150,"caption":"Arte e Luoghi"},"image":{"@id":"https:\/\/arteeluoghi.it\/#logo"}},{"@type":"WebSite","@id":"https:\/\/arteeluoghi.it\/#website","url":"https:\/\/arteeluoghi.it\/","name":"Arte e Luoghi","description":"Mensile di arte, cultura, turismo e curiosit\u00e0","publisher":{"@id":"https:\/\/arteeluoghi.it\/#organization"},"potentialAction":[{"@type":"SearchAction","target":{"@type":"EntryPoint","urlTemplate":"https:\/\/arteeluoghi.it\/?s={search_term_string}"},"query-input":"required name=search_term_string"}],"inLanguage":"it-IT"},{"@type":"ImageObject","@id":"https:\/\/arteeluoghi.it\/index.php\/2020\/02\/21\/il-sancta-sanctorum-di-ettore-aldo-del-vigo\/#primaryimage","inLanguage":"it-IT","url":"https:\/\/arteeluoghi.it\/wp-content\/uploads\/2020\/03\/3-Apoteosi-trasfigurazionale-di-Natanaele.jpg","contentUrl":"https:\/\/arteeluoghi.it\/wp-content\/uploads\/2020\/03\/3-Apoteosi-trasfigurazionale-di-Natanaele.jpg","width":2028,"height":1418},{"@type":"WebPage","@id":"https:\/\/arteeluoghi.it\/index.php\/2020\/02\/21\/il-sancta-sanctorum-di-ettore-aldo-del-vigo\/#webpage","url":"https:\/\/arteeluoghi.it\/index.php\/2020\/02\/21\/il-sancta-sanctorum-di-ettore-aldo-del-vigo\/","name":"Il Sancta Sanctorum di Ettore Aldo Del Vigo | Arte e Luoghi","isPartOf":{"@id":"https:\/\/arteeluoghi.it\/#website"},"primaryImageOfPage":{"@id":"https:\/\/arteeluoghi.it\/index.php\/2020\/02\/21\/il-sancta-sanctorum-di-ettore-aldo-del-vigo\/#primaryimage"},"datePublished":"2020-02-21T20:01:50+00:00","dateModified":"2020-03-21T20:25:09+00:00","breadcrumb":{"@id":"https:\/\/arteeluoghi.it\/index.php\/2020\/02\/21\/il-sancta-sanctorum-di-ettore-aldo-del-vigo\/#breadcrumb"},"inLanguage":"it-IT","potentialAction":[{"@type":"ReadAction","target":["https:\/\/arteeluoghi.it\/index.php\/2020\/02\/21\/il-sancta-sanctorum-di-ettore-aldo-del-vigo\/"]}]},{"@type":"BreadcrumbList","@id":"https:\/\/arteeluoghi.it\/index.php\/2020\/02\/21\/il-sancta-sanctorum-di-ettore-aldo-del-vigo\/#breadcrumb","itemListElement":[{"@type":"ListItem","position":1,"name":"Home","item":"https:\/\/arteeluoghi.it\/"},{"@type":"ListItem","position":2,"name":"Il Sancta Sanctorum di Ettore Aldo Del Vigo"}]},{"@type":"Article","@id":"https:\/\/arteeluoghi.it\/index.php\/2020\/02\/21\/il-sancta-sanctorum-di-ettore-aldo-del-vigo\/#article","isPartOf":{"@id":"https:\/\/arteeluoghi.it\/index.php\/2020\/02\/21\/il-sancta-sanctorum-di-ettore-aldo-del-vigo\/#webpage"},"author":{"@id":"https:\/\/arteeluoghi.it\/#\/schema\/person\/f84e814e36e91e01448ee07eaadd41d4"},"headline":"Il Sancta Sanctorum di Ettore Aldo Del Vigo","datePublished":"2020-02-21T20:01:50+00:00","dateModified":"2020-03-21T20:25:09+00:00","mainEntityOfPage":{"@id":"https:\/\/arteeluoghi.it\/index.php\/2020\/02\/21\/il-sancta-sanctorum-di-ettore-aldo-del-vigo\/#webpage"},"wordCount":1130,"commentCount":0,"publisher":{"@id":"https:\/\/arteeluoghi.it\/#organization"},"image":{"@id":"https:\/\/arteeluoghi.it\/index.php\/2020\/02\/21\/il-sancta-sanctorum-di-ettore-aldo-del-vigo\/#primaryimage"},"thumbnailUrl":"https:\/\/arteeluoghi.it\/wp-content\/uploads\/2020\/03\/3-Apoteosi-trasfigurazionale-di-Natanaele.jpg","articleSection":["Arte","Arti visive","CuriosAr(t)e"],"inLanguage":"it-IT","potentialAction":[{"@type":"CommentAction","name":"Comment","target":["https:\/\/arteeluoghi.it\/index.php\/2020\/02\/21\/il-sancta-sanctorum-di-ettore-aldo-del-vigo\/#respond"]}]},{"@type":"Person","@id":"https:\/\/arteeluoghi.it\/#\/schema\/person\/f84e814e36e91e01448ee07eaadd41d4","name":"Staff","image":{"@type":"ImageObject","@id":"https:\/\/arteeluoghi.it\/#personlogo","inLanguage":"it-IT","url":"https:\/\/secure.gravatar.com\/avatar\/49d2f9e46271bb04e19cebfaf141313a?s=96&d=blank&r=g","contentUrl":"https:\/\/secure.gravatar.com\/avatar\/49d2f9e46271bb04e19cebfaf141313a?s=96&d=blank&r=g","caption":"Staff"}}]}},"_links":{"self":[{"href":"https:\/\/arteeluoghi.it\/index.php\/wp-json\/wp\/v2\/posts\/7676"}],"collection":[{"href":"https:\/\/arteeluoghi.it\/index.php\/wp-json\/wp\/v2\/posts"}],"about":[{"href":"https:\/\/arteeluoghi.it\/index.php\/wp-json\/wp\/v2\/types\/post"}],"author":[{"embeddable":true,"href":"https:\/\/arteeluoghi.it\/index.php\/wp-json\/wp\/v2\/users\/1"}],"replies":[{"embeddable":true,"href":"https:\/\/arteeluoghi.it\/index.php\/wp-json\/wp\/v2\/comments?post=7676"}],"version-history":[{"count":2,"href":"https:\/\/arteeluoghi.it\/index.php\/wp-json\/wp\/v2\/posts\/7676\/revisions"}],"predecessor-version":[{"id":7682,"href":"https:\/\/arteeluoghi.it\/index.php\/wp-json\/wp\/v2\/posts\/7676\/revisions\/7682"}],"wp:featuredmedia":[{"embeddable":true,"href":"https:\/\/arteeluoghi.it\/index.php\/wp-json\/wp\/v2\/media\/7678"}],"wp:attachment":[{"href":"https:\/\/arteeluoghi.it\/index.php\/wp-json\/wp\/v2\/media?parent=7676"}],"wp:term":[{"taxonomy":"category","embeddable":true,"href":"https:\/\/arteeluoghi.it\/index.php\/wp-json\/wp\/v2\/categories?post=7676"},{"taxonomy":"post_tag","embeddable":true,"href":"https:\/\/arteeluoghi.it\/index.php\/wp-json\/wp\/v2\/tags?post=7676"}],"curies":[{"name":"wp","href":"https:\/\/api.w.org\/{rel}","templated":true}]}}