{"id":769,"date":"2012-06-11T14:56:34","date_gmt":"2012-06-11T12:56:34","guid":{"rendered":"http:\/\/arteeluoghi.it\/index.php\/2012\/06\/11\/informazione-precaria\/"},"modified":"2017-08-07T00:03:14","modified_gmt":"2017-08-06T22:03:14","slug":"informazione-precaria","status":"publish","type":"post","link":"https:\/\/arteeluoghi.it\/index.php\/2012\/06\/11\/informazione-precaria\/","title":{"rendered":"Informazione precaria"},"content":{"rendered":"<p><img src=\"\/images\/stories\/info.jpg\" border=\"0\" width=\"200\" style=\"margin: 21px; float: left;\" \/><\/p>\n<p>\u00a0<\/p>\n<p><span style=\"font-size: small;\"><strong>I GIORNALISTI PER L&#8217;EQUO COMPENSO<\/strong><\/span><br \/>Il presidente dell&#8217;Ordine Enzo Iacopino ha lanciato da Lecce<br \/>la raccolta firme per l&#8217;approvazione della legge ferma da mesi al Senato<\/p>\n<p>\u00a0<\/p>\n<p>Sabato 9 giugno \u00e8 partita da Lecce, su proposta del consiglio dell&#8217;Ordine dei giornalisti della Puglia e alla presenza del Presidente nazionale Enzo Iacopino, una raccolta firme per chiedere al Presidente del Consiglio, Mario Monti, e al Presidente del Senato, Renato Schifani, una rapida approvazione della legge sull&#8217;equo compenso nel lavoro giornalistico.<\/p>\n<p>Dopo l\u2019approvazione alla Camera, infatti, il disegno di Legge 3233 &#8220;recante norme per promuovere l&#8217;equit\u00e0 retributiva nel lavoro giornalistico&#8221; \u00e8 bloccato presso la Commissione Lavoro del Senato. <\/p>\n<p>&#8220;L&#8217;informazione \u00e8 un diritto primario dei cittadini, garantito dall&#8217;articolo 21 della Costituzione. I giornalisti devono assicurarlo per fornire alla societ\u00e0 i necessari elementi di conoscenza per una crescita democratica e sociale. Per farlo devono essere liberi da qualsiasi condizionamento, rispondendo solo alla loro coscienza e alle leggi dello Stato&#8221;, si legge nel testo che accompagna la raccolta firme. &#8220;Questa libert\u00e0 oggi non c&#8217;\u00e8 perch\u00e9, usando le non contestate difficolt\u00e0 del settore, la gran parte degli editori sfrutta i giornalisti retribuendoli con compensi da fame che si trasformano di fatto in un ricatto permanente. Pochi euro per articolo non garantiscono n\u00e9 la qualit\u00e0 dell&#8217;informazione n\u00e9 la necessaria libert\u00e0 dei giornalisti. Un governo che vuole creare nel Paese le condizioni per una nuova moralit\u00e0 non pu\u00f2 guardare dall&#8217;altra parte o, peggio, ostacolare il percorso della legge sull&#8217;equo compenso, gi\u00e0 approvata dalla Camera dei Deputati con voto unanime e ora ferma al Senato. Il governo non pu\u00f2 rendersi complice di questa nuova schiavit\u00f9, mentre distribuisce milioni di euro di provvidenze ad editori che sfruttano i sogni di migliaia di giovani di tante et\u00e0 e rubano il diritto dei cittadini alla verit\u00e0. Con questa raccolta firme le chiediamo uno sforzo affinch\u00e9 la Commissione Lavoro proceda in tempi rapidi all\u2019approvazione della Legge che crediamo sia una risposta morale alla schiavit\u00f9 del precariato selvaggio&#8221;. <br \/>  <!--more-->  <\/p>\n<p>La raccolta firme \u00e8 partita da Lecce nel corso di un incontro organizzato da &#8220;Informazione Precaria&#8221;, una &#8220;rete&#8221; salentina di giornalisti, giornaliste, operatori, fotografi e addetti stampa, per discutere di precariet\u00e0, Carta di Firenze, legge sull&#8217;equo compenso e riforma dell&#8217;ordine al quale hanno partecipato Paola Laforgia, presidente dell&#8217;Ordine dei giornalisti della Puglia, Raffaele Lorusso, presidente Assostampa Puglia e numerosi componenti del direttivo, i consiglieri regionali e nazionali dell&#8217;Ordine dei giornalisti eletti in Puglia, alcuni giornalisti della rete &#8220;Giornalisti di Capitanata&#8221;, le parlamentari Teresa Bellanova e Adriana Poli Bortone (componente della Commissione Lavoro), numerosi rappresentanti delle istituzioni locali, delle imprese e dei sindacati.<\/p>\n<p>Per ulteriori informazioni<br \/>informazioneprecaria@gmail.com<br \/>3394313397<\/p>\n<p>(fonte: comunicato stampa)<\/p>\n","protected":false},"excerpt":{"rendered":"<p>\u00a0 I GIORNALISTI PER L&#8217;EQUO COMPENSOIl presidente dell&#8217;Ordine Enzo Iacopino ha lanciato da Leccela raccolta firme per l&#8217;approvazione della legge<\/p>\n","protected":false},"author":1,"featured_media":0,"comment_status":"open","ping_status":"open","sticky":false,"template":"","format":"standard","meta":[],"categories":[28],"tags":[],"yoast_head":"<!-- This site is optimized with the Yoast SEO plugin v18.0 - https:\/\/yoast.com\/wordpress\/plugins\/seo\/ -->\n<title>Informazione precaria | Arte e Luoghi<\/title>\n<meta name=\"robots\" content=\"index, follow, max-snippet:-1, max-image-preview:large, max-video-preview:-1\" \/>\n<link rel=\"canonical\" href=\"https:\/\/arteeluoghi.it\/index.php\/2012\/06\/11\/informazione-precaria\/\" \/>\n<meta property=\"og:locale\" content=\"it_IT\" \/>\n<meta property=\"og:type\" content=\"article\" \/>\n<meta property=\"og:title\" content=\"Informazione precaria | Arte e Luoghi\" \/>\n<meta property=\"og:description\" content=\"\u00a0 I GIORNALISTI PER L&#8217;EQUO COMPENSOIl presidente dell&#8217;Ordine Enzo Iacopino ha lanciato da Leccela raccolta firme per l&#8217;approvazione della legge\" \/>\n<meta property=\"og:url\" content=\"https:\/\/arteeluoghi.it\/index.php\/2012\/06\/11\/informazione-precaria\/\" \/>\n<meta property=\"og:site_name\" content=\"Arte e Luoghi\" \/>\n<meta property=\"article:publisher\" content=\"https:\/\/www.facebook.com\/ArteELuoghi\/\" \/>\n<meta property=\"article:published_time\" content=\"2012-06-11T12:56:34+00:00\" \/>\n<meta property=\"article:modified_time\" content=\"2017-08-06T22:03:14+00:00\" \/>\n<meta property=\"og:image\" content=\"https:\/\/arteeluoghi.it\/images\/stories\/info.jpg\" \/>\n<meta name=\"twitter:card\" content=\"summary\" \/>\n<meta name=\"twitter:creator\" content=\"@arteeluoghi\" \/>\n<meta name=\"twitter:site\" content=\"@arteeluoghi\" \/>\n<meta name=\"twitter:label1\" content=\"Scritto da\" \/>\n\t<meta name=\"twitter:data1\" content=\"Staff\" \/>\n\t<meta name=\"twitter:label2\" content=\"Tempo di lettura stimato\" \/>\n\t<meta name=\"twitter:data2\" content=\"2 minuti\" \/>\n<script type=\"application\/ld+json\" class=\"yoast-schema-graph\">{\"@context\":\"https:\/\/schema.org\",\"@graph\":[{\"@type\":\"Organization\",\"@id\":\"https:\/\/arteeluoghi.it\/#organization\",\"name\":\"Arte e Luoghi\",\"url\":\"https:\/\/arteeluoghi.it\/\",\"sameAs\":[\"https:\/\/www.facebook.com\/ArteELuoghi\/\",\"https:\/\/www.instagram.com\/arteeluoghi\/?hl=it\",\"https:\/\/www.youtube.com\/channel\/UCuRVc4JW4-C5sg9rQB-srkw?view_as=subscriber\",\"https:\/\/twitter.com\/arteeluoghi\"],\"logo\":{\"@type\":\"ImageObject\",\"@id\":\"https:\/\/arteeluoghi.it\/#logo\",\"inLanguage\":\"it-IT\",\"url\":\"https:\/\/arteeluoghi.it\/wp-content\/uploads\/2018\/08\/logoinstagramarte.jpg\",\"contentUrl\":\"https:\/\/arteeluoghi.it\/wp-content\/uploads\/2018\/08\/logoinstagramarte.jpg\",\"width\":150,\"height\":150,\"caption\":\"Arte e Luoghi\"},\"image\":{\"@id\":\"https:\/\/arteeluoghi.it\/#logo\"}},{\"@type\":\"WebSite\",\"@id\":\"https:\/\/arteeluoghi.it\/#website\",\"url\":\"https:\/\/arteeluoghi.it\/\",\"name\":\"Arte e Luoghi\",\"description\":\"Mensile di arte, cultura, turismo e curiosit\u00e0\",\"publisher\":{\"@id\":\"https:\/\/arteeluoghi.it\/#organization\"},\"potentialAction\":[{\"@type\":\"SearchAction\",\"target\":{\"@type\":\"EntryPoint\",\"urlTemplate\":\"https:\/\/arteeluoghi.it\/?s={search_term_string}\"},\"query-input\":\"required name=search_term_string\"}],\"inLanguage\":\"it-IT\"},{\"@type\":\"ImageObject\",\"@id\":\"https:\/\/arteeluoghi.it\/index.php\/2012\/06\/11\/informazione-precaria\/#primaryimage\",\"inLanguage\":\"it-IT\",\"url\":\"\/images\/stories\/info.jpg\",\"contentUrl\":\"\/images\/stories\/info.jpg\"},{\"@type\":\"WebPage\",\"@id\":\"https:\/\/arteeluoghi.it\/index.php\/2012\/06\/11\/informazione-precaria\/#webpage\",\"url\":\"https:\/\/arteeluoghi.it\/index.php\/2012\/06\/11\/informazione-precaria\/\",\"name\":\"Informazione precaria | Arte e Luoghi\",\"isPartOf\":{\"@id\":\"https:\/\/arteeluoghi.it\/#website\"},\"primaryImageOfPage\":{\"@id\":\"https:\/\/arteeluoghi.it\/index.php\/2012\/06\/11\/informazione-precaria\/#primaryimage\"},\"datePublished\":\"2012-06-11T12:56:34+00:00\",\"dateModified\":\"2017-08-06T22:03:14+00:00\",\"breadcrumb\":{\"@id\":\"https:\/\/arteeluoghi.it\/index.php\/2012\/06\/11\/informazione-precaria\/#breadcrumb\"},\"inLanguage\":\"it-IT\",\"potentialAction\":[{\"@type\":\"ReadAction\",\"target\":[\"https:\/\/arteeluoghi.it\/index.php\/2012\/06\/11\/informazione-precaria\/\"]}]},{\"@type\":\"BreadcrumbList\",\"@id\":\"https:\/\/arteeluoghi.it\/index.php\/2012\/06\/11\/informazione-precaria\/#breadcrumb\",\"itemListElement\":[{\"@type\":\"ListItem\",\"position\":1,\"name\":\"Home\",\"item\":\"https:\/\/arteeluoghi.it\/\"},{\"@type\":\"ListItem\",\"position\":2,\"name\":\"Informazione precaria\"}]},{\"@type\":\"Article\",\"@id\":\"https:\/\/arteeluoghi.it\/index.php\/2012\/06\/11\/informazione-precaria\/#article\",\"isPartOf\":{\"@id\":\"https:\/\/arteeluoghi.it\/index.php\/2012\/06\/11\/informazione-precaria\/#webpage\"},\"author\":{\"@id\":\"https:\/\/arteeluoghi.it\/#\/schema\/person\/f84e814e36e91e01448ee07eaadd41d4\"},\"headline\":\"Informazione precaria\",\"datePublished\":\"2012-06-11T12:56:34+00:00\",\"dateModified\":\"2017-08-06T22:03:14+00:00\",\"mainEntityOfPage\":{\"@id\":\"https:\/\/arteeluoghi.it\/index.php\/2012\/06\/11\/informazione-precaria\/#webpage\"},\"wordCount\":428,\"commentCount\":0,\"publisher\":{\"@id\":\"https:\/\/arteeluoghi.it\/#organization\"},\"image\":{\"@id\":\"https:\/\/arteeluoghi.it\/index.php\/2012\/06\/11\/informazione-precaria\/#primaryimage\"},\"thumbnailUrl\":\"\/images\/stories\/info.jpg\",\"articleSection\":[\"Notizie\"],\"inLanguage\":\"it-IT\",\"potentialAction\":[{\"@type\":\"CommentAction\",\"name\":\"Comment\",\"target\":[\"https:\/\/arteeluoghi.it\/index.php\/2012\/06\/11\/informazione-precaria\/#respond\"]}]},{\"@type\":\"Person\",\"@id\":\"https:\/\/arteeluoghi.it\/#\/schema\/person\/f84e814e36e91e01448ee07eaadd41d4\",\"name\":\"Staff\",\"image\":{\"@type\":\"ImageObject\",\"@id\":\"https:\/\/arteeluoghi.it\/#personlogo\",\"inLanguage\":\"it-IT\",\"url\":\"https:\/\/secure.gravatar.com\/avatar\/49d2f9e46271bb04e19cebfaf141313a?s=96&d=blank&r=g\",\"contentUrl\":\"https:\/\/secure.gravatar.com\/avatar\/49d2f9e46271bb04e19cebfaf141313a?s=96&d=blank&r=g\",\"caption\":\"Staff\"}}]}<\/script>\n<!-- \/ Yoast SEO plugin. -->","yoast_head_json":{"title":"Informazione precaria | Arte e Luoghi","robots":{"index":"index","follow":"follow","max-snippet":"max-snippet:-1","max-image-preview":"max-image-preview:large","max-video-preview":"max-video-preview:-1"},"canonical":"https:\/\/arteeluoghi.it\/index.php\/2012\/06\/11\/informazione-precaria\/","og_locale":"it_IT","og_type":"article","og_title":"Informazione precaria | Arte e Luoghi","og_description":"\u00a0 I GIORNALISTI PER L&#8217;EQUO COMPENSOIl presidente dell&#8217;Ordine Enzo Iacopino ha lanciato da Leccela raccolta firme per l&#8217;approvazione della legge","og_url":"https:\/\/arteeluoghi.it\/index.php\/2012\/06\/11\/informazione-precaria\/","og_site_name":"Arte e Luoghi","article_publisher":"https:\/\/www.facebook.com\/ArteELuoghi\/","article_published_time":"2012-06-11T12:56:34+00:00","article_modified_time":"2017-08-06T22:03:14+00:00","og_image":[{"url":"https:\/\/arteeluoghi.it\/images\/stories\/info.jpg"}],"twitter_card":"summary","twitter_creator":"@arteeluoghi","twitter_site":"@arteeluoghi","twitter_misc":{"Scritto da":"Staff","Tempo di lettura stimato":"2 minuti"},"schema":{"@context":"https:\/\/schema.org","@graph":[{"@type":"Organization","@id":"https:\/\/arteeluoghi.it\/#organization","name":"Arte e Luoghi","url":"https:\/\/arteeluoghi.it\/","sameAs":["https:\/\/www.facebook.com\/ArteELuoghi\/","https:\/\/www.instagram.com\/arteeluoghi\/?hl=it","https:\/\/www.youtube.com\/channel\/UCuRVc4JW4-C5sg9rQB-srkw?view_as=subscriber","https:\/\/twitter.com\/arteeluoghi"],"logo":{"@type":"ImageObject","@id":"https:\/\/arteeluoghi.it\/#logo","inLanguage":"it-IT","url":"https:\/\/arteeluoghi.it\/wp-content\/uploads\/2018\/08\/logoinstagramarte.jpg","contentUrl":"https:\/\/arteeluoghi.it\/wp-content\/uploads\/2018\/08\/logoinstagramarte.jpg","width":150,"height":150,"caption":"Arte e Luoghi"},"image":{"@id":"https:\/\/arteeluoghi.it\/#logo"}},{"@type":"WebSite","@id":"https:\/\/arteeluoghi.it\/#website","url":"https:\/\/arteeluoghi.it\/","name":"Arte e Luoghi","description":"Mensile di arte, cultura, turismo e curiosit\u00e0","publisher":{"@id":"https:\/\/arteeluoghi.it\/#organization"},"potentialAction":[{"@type":"SearchAction","target":{"@type":"EntryPoint","urlTemplate":"https:\/\/arteeluoghi.it\/?s={search_term_string}"},"query-input":"required name=search_term_string"}],"inLanguage":"it-IT"},{"@type":"ImageObject","@id":"https:\/\/arteeluoghi.it\/index.php\/2012\/06\/11\/informazione-precaria\/#primaryimage","inLanguage":"it-IT","url":"\/images\/stories\/info.jpg","contentUrl":"\/images\/stories\/info.jpg"},{"@type":"WebPage","@id":"https:\/\/arteeluoghi.it\/index.php\/2012\/06\/11\/informazione-precaria\/#webpage","url":"https:\/\/arteeluoghi.it\/index.php\/2012\/06\/11\/informazione-precaria\/","name":"Informazione precaria | Arte e Luoghi","isPartOf":{"@id":"https:\/\/arteeluoghi.it\/#website"},"primaryImageOfPage":{"@id":"https:\/\/arteeluoghi.it\/index.php\/2012\/06\/11\/informazione-precaria\/#primaryimage"},"datePublished":"2012-06-11T12:56:34+00:00","dateModified":"2017-08-06T22:03:14+00:00","breadcrumb":{"@id":"https:\/\/arteeluoghi.it\/index.php\/2012\/06\/11\/informazione-precaria\/#breadcrumb"},"inLanguage":"it-IT","potentialAction":[{"@type":"ReadAction","target":["https:\/\/arteeluoghi.it\/index.php\/2012\/06\/11\/informazione-precaria\/"]}]},{"@type":"BreadcrumbList","@id":"https:\/\/arteeluoghi.it\/index.php\/2012\/06\/11\/informazione-precaria\/#breadcrumb","itemListElement":[{"@type":"ListItem","position":1,"name":"Home","item":"https:\/\/arteeluoghi.it\/"},{"@type":"ListItem","position":2,"name":"Informazione precaria"}]},{"@type":"Article","@id":"https:\/\/arteeluoghi.it\/index.php\/2012\/06\/11\/informazione-precaria\/#article","isPartOf":{"@id":"https:\/\/arteeluoghi.it\/index.php\/2012\/06\/11\/informazione-precaria\/#webpage"},"author":{"@id":"https:\/\/arteeluoghi.it\/#\/schema\/person\/f84e814e36e91e01448ee07eaadd41d4"},"headline":"Informazione precaria","datePublished":"2012-06-11T12:56:34+00:00","dateModified":"2017-08-06T22:03:14+00:00","mainEntityOfPage":{"@id":"https:\/\/arteeluoghi.it\/index.php\/2012\/06\/11\/informazione-precaria\/#webpage"},"wordCount":428,"commentCount":0,"publisher":{"@id":"https:\/\/arteeluoghi.it\/#organization"},"image":{"@id":"https:\/\/arteeluoghi.it\/index.php\/2012\/06\/11\/informazione-precaria\/#primaryimage"},"thumbnailUrl":"\/images\/stories\/info.jpg","articleSection":["Notizie"],"inLanguage":"it-IT","potentialAction":[{"@type":"CommentAction","name":"Comment","target":["https:\/\/arteeluoghi.it\/index.php\/2012\/06\/11\/informazione-precaria\/#respond"]}]},{"@type":"Person","@id":"https:\/\/arteeluoghi.it\/#\/schema\/person\/f84e814e36e91e01448ee07eaadd41d4","name":"Staff","image":{"@type":"ImageObject","@id":"https:\/\/arteeluoghi.it\/#personlogo","inLanguage":"it-IT","url":"https:\/\/secure.gravatar.com\/avatar\/49d2f9e46271bb04e19cebfaf141313a?s=96&d=blank&r=g","contentUrl":"https:\/\/secure.gravatar.com\/avatar\/49d2f9e46271bb04e19cebfaf141313a?s=96&d=blank&r=g","caption":"Staff"}}]}},"_links":{"self":[{"href":"https:\/\/arteeluoghi.it\/index.php\/wp-json\/wp\/v2\/posts\/769"}],"collection":[{"href":"https:\/\/arteeluoghi.it\/index.php\/wp-json\/wp\/v2\/posts"}],"about":[{"href":"https:\/\/arteeluoghi.it\/index.php\/wp-json\/wp\/v2\/types\/post"}],"author":[{"embeddable":true,"href":"https:\/\/arteeluoghi.it\/index.php\/wp-json\/wp\/v2\/users\/1"}],"replies":[{"embeddable":true,"href":"https:\/\/arteeluoghi.it\/index.php\/wp-json\/wp\/v2\/comments?post=769"}],"version-history":[{"count":1,"href":"https:\/\/arteeluoghi.it\/index.php\/wp-json\/wp\/v2\/posts\/769\/revisions"}],"predecessor-version":[{"id":3131,"href":"https:\/\/arteeluoghi.it\/index.php\/wp-json\/wp\/v2\/posts\/769\/revisions\/3131"}],"wp:attachment":[{"href":"https:\/\/arteeluoghi.it\/index.php\/wp-json\/wp\/v2\/media?parent=769"}],"wp:term":[{"taxonomy":"category","embeddable":true,"href":"https:\/\/arteeluoghi.it\/index.php\/wp-json\/wp\/v2\/categories?post=769"},{"taxonomy":"post_tag","embeddable":true,"href":"https:\/\/arteeluoghi.it\/index.php\/wp-json\/wp\/v2\/tags?post=769"}],"curies":[{"name":"wp","href":"https:\/\/api.w.org\/{rel}","templated":true}]}}