{"id":7747,"date":"2020-03-12T20:34:49","date_gmt":"2020-03-12T19:34:49","guid":{"rendered":"https:\/\/arteeluoghi.it\/?p=7747"},"modified":"2020-03-26T20:38:03","modified_gmt":"2020-03-26T19:38:03","slug":"cirano-un-giornalista-contro-le-mafie-pugliesi","status":"publish","type":"post","link":"https:\/\/arteeluoghi.it\/index.php\/2020\/03\/12\/cirano-un-giornalista-contro-le-mafie-pugliesi\/","title":{"rendered":"Cirano. Un giornalista contro le mafie pugliesi"},"content":{"rendered":"\n<p>Si intitola Per sempre tuo, Cirano. Un giornalista contro le mafie pugliesi, il saggio di inchiesta scritto da Vincenzo Arena, giornalista da sempre impegnato nella denuncia delle attivit\u00e0 mafiose nel territorio pugliese edito da I libri di Icaro. Il libro \u00e8 il primo della collana S\u014dkr\u00e1t\u0113s, curata da Annibale Gagliani, scrittore e giornalista e si prefigura come un lavoro editoriale inedito, di grande interesse sociale e storico.   <\/p>\n\n\n\n<!--more-->\n\n\n\n<p><\/p>\n\n\n\n<p>La prefazione \u00e8 a firma di Attilio Bolzoni, giornalista de La Repubblica, che riassume l\u2019intento dell\u2019autore di questo saggio d\u2019inchiesta: \u201cVincenzo Arena con questo lavoro tenta di andare in profondit\u00e0, al di l\u00e0 della cronaca quotidiana e delle apparenze e lo fa, in particolare, sul tema della presenza delle mafie in Puglia. Quella Puglia in cui ci sono tante mafie, forse troppe. Non cos\u00ec potenti come le calabresi e le siciliane, ma sicuramente feroci e per troppo tempo non adeguatamente investigate.\u201d Il volume, il cui titolo si rif\u00e0 alla nota canzone di Francesco Guccini, sta gi\u00e0 destando curiosit\u00e0 nei lettori e nella critica, non solo per il coraggio con cui \u00e8 stato scritto, ma anche per l\u2019impostazione editoriale originale. Si tratta, infatti, di un viaggio nelle mafie pugliesi, con riferimenti anche altre esistenti nel resto del Meridione, attraverso gli articoli pi\u00f9 esplicativi pubblicati dal giornalista nel periodico mediapolitika.com, che ricorda la struttura di un diario personale.<br> Vincenzo Arena \u00e8 pugliese di nascita, siciliano di origine, romano d&#8217;adozione per 12 anni. Oggi vive a Bisceglie (BT). Laureato in Editoria, Comunicazione Multimediale e Giornalismo, ha conseguito un Master in Affari Pubblici e Parlamentari. \u00c8 stato consulente del Servizio Comunicazione del Dipartimento della Protezione Civile della Presidenza del Consiglio dei Ministri. Dopo oltre un decennio trascorso nella Capitale, \u00e8 tornato in Puglia dove lavora come Digital Project Manager e Web Designer. Giornalista pubblicista, editorialista e fondatore del periodico mediapolitika.com, collabora con Ossigeno per l\u2019Informazione,  osservatorio nazionale dei cronisti minacciati e sotto scorta. \u00c8 docente e formatore presso l\u2019Universit\u00e0 di Roma Tor Vergata e presso enti privati, pubblici, associazioni e spazi di coworking.<\/p>\n","protected":false},"excerpt":{"rendered":"<p>Si intitola Per sempre tuo, Cirano. Un giornalista contro le mafie pugliesi, il saggio di inchiesta scritto da Vincenzo Arena,<\/p>\n","protected":false},"author":1,"featured_media":7748,"comment_status":"open","ping_status":"open","sticky":true,"template":"","format":"standard","meta":[],"categories":[17],"tags":[2106,2108,2107],"yoast_head":"<!-- This site is optimized with the Yoast SEO plugin v18.0 - https:\/\/yoast.com\/wordpress\/plugins\/seo\/ -->\n<title>Cirano. Un giornalista contro le mafie pugliesi | Arte e Luoghi<\/title>\n<meta name=\"description\" content=\"Per sempre tuo, Cirano. Un giornalista contro le mafie pugliesi, il saggio di inchiesta scritto dal giornalista Vincenzo Arena\" \/>\n<meta name=\"robots\" content=\"index, follow, max-snippet:-1, max-image-preview:large, max-video-preview:-1\" \/>\n<link rel=\"canonical\" href=\"https:\/\/arteeluoghi.it\/index.php\/2020\/03\/12\/cirano-un-giornalista-contro-le-mafie-pugliesi\/\" \/>\n<meta property=\"og:locale\" content=\"it_IT\" \/>\n<meta property=\"og:type\" content=\"article\" \/>\n<meta property=\"og:title\" content=\"Cirano. Un giornalista contro le mafie pugliesi | Arte e Luoghi\" \/>\n<meta property=\"og:description\" content=\"Per sempre tuo, Cirano. Un giornalista contro le mafie pugliesi, il saggio di inchiesta scritto dal giornalista Vincenzo Arena\" \/>\n<meta property=\"og:url\" content=\"https:\/\/arteeluoghi.it\/index.php\/2020\/03\/12\/cirano-un-giornalista-contro-le-mafie-pugliesi\/\" \/>\n<meta property=\"og:site_name\" content=\"Arte e Luoghi\" \/>\n<meta property=\"article:publisher\" content=\"https:\/\/www.facebook.com\/ArteELuoghi\/\" \/>\n<meta property=\"article:published_time\" content=\"2020-03-12T19:34:49+00:00\" \/>\n<meta property=\"article:modified_time\" content=\"2020-03-26T19:38:03+00:00\" \/>\n<meta property=\"og:image\" content=\"https:\/\/arteeluoghi.it\/wp-content\/uploads\/2020\/03\/fronte-copertina.jpg\" \/>\n\t<meta property=\"og:image:width\" content=\"500\" \/>\n\t<meta property=\"og:image:height\" content=\"738\" \/>\n\t<meta property=\"og:image:type\" content=\"image\/jpeg\" \/>\n<meta name=\"twitter:card\" content=\"summary\" \/>\n<meta name=\"twitter:creator\" content=\"@arteeluoghi\" \/>\n<meta name=\"twitter:site\" content=\"@arteeluoghi\" \/>\n<meta name=\"twitter:label1\" content=\"Scritto da\" \/>\n\t<meta name=\"twitter:data1\" content=\"Staff\" \/>\n\t<meta name=\"twitter:label2\" content=\"Tempo di lettura stimato\" \/>\n\t<meta name=\"twitter:data2\" content=\"2 minuti\" \/>\n<script type=\"application\/ld+json\" class=\"yoast-schema-graph\">{\"@context\":\"https:\/\/schema.org\",\"@graph\":[{\"@type\":\"Organization\",\"@id\":\"https:\/\/arteeluoghi.it\/#organization\",\"name\":\"Arte e Luoghi\",\"url\":\"https:\/\/arteeluoghi.it\/\",\"sameAs\":[\"https:\/\/www.facebook.com\/ArteELuoghi\/\",\"https:\/\/www.instagram.com\/arteeluoghi\/?hl=it\",\"https:\/\/www.youtube.com\/channel\/UCuRVc4JW4-C5sg9rQB-srkw?view_as=subscriber\",\"https:\/\/twitter.com\/arteeluoghi\"],\"logo\":{\"@type\":\"ImageObject\",\"@id\":\"https:\/\/arteeluoghi.it\/#logo\",\"inLanguage\":\"it-IT\",\"url\":\"https:\/\/arteeluoghi.it\/wp-content\/uploads\/2018\/08\/logoinstagramarte.jpg\",\"contentUrl\":\"https:\/\/arteeluoghi.it\/wp-content\/uploads\/2018\/08\/logoinstagramarte.jpg\",\"width\":150,\"height\":150,\"caption\":\"Arte e Luoghi\"},\"image\":{\"@id\":\"https:\/\/arteeluoghi.it\/#logo\"}},{\"@type\":\"WebSite\",\"@id\":\"https:\/\/arteeluoghi.it\/#website\",\"url\":\"https:\/\/arteeluoghi.it\/\",\"name\":\"Arte e Luoghi\",\"description\":\"Mensile di arte, cultura, turismo e curiosit\u00e0\",\"publisher\":{\"@id\":\"https:\/\/arteeluoghi.it\/#organization\"},\"potentialAction\":[{\"@type\":\"SearchAction\",\"target\":{\"@type\":\"EntryPoint\",\"urlTemplate\":\"https:\/\/arteeluoghi.it\/?s={search_term_string}\"},\"query-input\":\"required name=search_term_string\"}],\"inLanguage\":\"it-IT\"},{\"@type\":\"ImageObject\",\"@id\":\"https:\/\/arteeluoghi.it\/index.php\/2020\/03\/12\/cirano-un-giornalista-contro-le-mafie-pugliesi\/#primaryimage\",\"inLanguage\":\"it-IT\",\"url\":\"https:\/\/arteeluoghi.it\/wp-content\/uploads\/2020\/03\/fronte-copertina.jpg\",\"contentUrl\":\"https:\/\/arteeluoghi.it\/wp-content\/uploads\/2020\/03\/fronte-copertina.jpg\",\"width\":500,\"height\":738},{\"@type\":\"WebPage\",\"@id\":\"https:\/\/arteeluoghi.it\/index.php\/2020\/03\/12\/cirano-un-giornalista-contro-le-mafie-pugliesi\/#webpage\",\"url\":\"https:\/\/arteeluoghi.it\/index.php\/2020\/03\/12\/cirano-un-giornalista-contro-le-mafie-pugliesi\/\",\"name\":\"Cirano. Un giornalista contro le mafie pugliesi | Arte e Luoghi\",\"isPartOf\":{\"@id\":\"https:\/\/arteeluoghi.it\/#website\"},\"primaryImageOfPage\":{\"@id\":\"https:\/\/arteeluoghi.it\/index.php\/2020\/03\/12\/cirano-un-giornalista-contro-le-mafie-pugliesi\/#primaryimage\"},\"datePublished\":\"2020-03-12T19:34:49+00:00\",\"dateModified\":\"2020-03-26T19:38:03+00:00\",\"description\":\"Per sempre tuo, Cirano. Un giornalista contro le mafie pugliesi, il saggio di inchiesta scritto dal giornalista Vincenzo Arena\",\"breadcrumb\":{\"@id\":\"https:\/\/arteeluoghi.it\/index.php\/2020\/03\/12\/cirano-un-giornalista-contro-le-mafie-pugliesi\/#breadcrumb\"},\"inLanguage\":\"it-IT\",\"potentialAction\":[{\"@type\":\"ReadAction\",\"target\":[\"https:\/\/arteeluoghi.it\/index.php\/2020\/03\/12\/cirano-un-giornalista-contro-le-mafie-pugliesi\/\"]}]},{\"@type\":\"BreadcrumbList\",\"@id\":\"https:\/\/arteeluoghi.it\/index.php\/2020\/03\/12\/cirano-un-giornalista-contro-le-mafie-pugliesi\/#breadcrumb\",\"itemListElement\":[{\"@type\":\"ListItem\",\"position\":1,\"name\":\"Home\",\"item\":\"https:\/\/arteeluoghi.it\/\"},{\"@type\":\"ListItem\",\"position\":2,\"name\":\"Cirano. Un giornalista contro le mafie pugliesi\"}]},{\"@type\":\"Article\",\"@id\":\"https:\/\/arteeluoghi.it\/index.php\/2020\/03\/12\/cirano-un-giornalista-contro-le-mafie-pugliesi\/#article\",\"isPartOf\":{\"@id\":\"https:\/\/arteeluoghi.it\/index.php\/2020\/03\/12\/cirano-un-giornalista-contro-le-mafie-pugliesi\/#webpage\"},\"author\":{\"@id\":\"https:\/\/arteeluoghi.it\/#\/schema\/person\/f84e814e36e91e01448ee07eaadd41d4\"},\"headline\":\"Cirano. Un giornalista contro le mafie pugliesi\",\"datePublished\":\"2020-03-12T19:34:49+00:00\",\"dateModified\":\"2020-03-26T19:38:03+00:00\",\"mainEntityOfPage\":{\"@id\":\"https:\/\/arteeluoghi.it\/index.php\/2020\/03\/12\/cirano-un-giornalista-contro-le-mafie-pugliesi\/#webpage\"},\"wordCount\":346,\"commentCount\":0,\"publisher\":{\"@id\":\"https:\/\/arteeluoghi.it\/#organization\"},\"image\":{\"@id\":\"https:\/\/arteeluoghi.it\/index.php\/2020\/03\/12\/cirano-un-giornalista-contro-le-mafie-pugliesi\/#primaryimage\"},\"thumbnailUrl\":\"https:\/\/arteeluoghi.it\/wp-content\/uploads\/2020\/03\/fronte-copertina.jpg\",\"keywords\":[\"Cirano. Un giornalista contro le mafie pugliesi\",\"I libri di Icaro\",\"Vincenzo Arena\"],\"articleSection\":[\"LIBRI\"],\"inLanguage\":\"it-IT\",\"potentialAction\":[{\"@type\":\"CommentAction\",\"name\":\"Comment\",\"target\":[\"https:\/\/arteeluoghi.it\/index.php\/2020\/03\/12\/cirano-un-giornalista-contro-le-mafie-pugliesi\/#respond\"]}]},{\"@type\":\"Person\",\"@id\":\"https:\/\/arteeluoghi.it\/#\/schema\/person\/f84e814e36e91e01448ee07eaadd41d4\",\"name\":\"Staff\",\"image\":{\"@type\":\"ImageObject\",\"@id\":\"https:\/\/arteeluoghi.it\/#personlogo\",\"inLanguage\":\"it-IT\",\"url\":\"https:\/\/secure.gravatar.com\/avatar\/49d2f9e46271bb04e19cebfaf141313a?s=96&d=blank&r=g\",\"contentUrl\":\"https:\/\/secure.gravatar.com\/avatar\/49d2f9e46271bb04e19cebfaf141313a?s=96&d=blank&r=g\",\"caption\":\"Staff\"}}]}<\/script>\n<!-- \/ Yoast SEO plugin. -->","yoast_head_json":{"title":"Cirano. Un giornalista contro le mafie pugliesi | Arte e Luoghi","description":"Per sempre tuo, Cirano. Un giornalista contro le mafie pugliesi, il saggio di inchiesta scritto dal giornalista Vincenzo Arena","robots":{"index":"index","follow":"follow","max-snippet":"max-snippet:-1","max-image-preview":"max-image-preview:large","max-video-preview":"max-video-preview:-1"},"canonical":"https:\/\/arteeluoghi.it\/index.php\/2020\/03\/12\/cirano-un-giornalista-contro-le-mafie-pugliesi\/","og_locale":"it_IT","og_type":"article","og_title":"Cirano. Un giornalista contro le mafie pugliesi | Arte e Luoghi","og_description":"Per sempre tuo, Cirano. Un giornalista contro le mafie pugliesi, il saggio di inchiesta scritto dal giornalista Vincenzo Arena","og_url":"https:\/\/arteeluoghi.it\/index.php\/2020\/03\/12\/cirano-un-giornalista-contro-le-mafie-pugliesi\/","og_site_name":"Arte e Luoghi","article_publisher":"https:\/\/www.facebook.com\/ArteELuoghi\/","article_published_time":"2020-03-12T19:34:49+00:00","article_modified_time":"2020-03-26T19:38:03+00:00","og_image":[{"width":500,"height":738,"url":"https:\/\/arteeluoghi.it\/wp-content\/uploads\/2020\/03\/fronte-copertina.jpg","type":"image\/jpeg"}],"twitter_card":"summary","twitter_creator":"@arteeluoghi","twitter_site":"@arteeluoghi","twitter_misc":{"Scritto da":"Staff","Tempo di lettura stimato":"2 minuti"},"schema":{"@context":"https:\/\/schema.org","@graph":[{"@type":"Organization","@id":"https:\/\/arteeluoghi.it\/#organization","name":"Arte e Luoghi","url":"https:\/\/arteeluoghi.it\/","sameAs":["https:\/\/www.facebook.com\/ArteELuoghi\/","https:\/\/www.instagram.com\/arteeluoghi\/?hl=it","https:\/\/www.youtube.com\/channel\/UCuRVc4JW4-C5sg9rQB-srkw?view_as=subscriber","https:\/\/twitter.com\/arteeluoghi"],"logo":{"@type":"ImageObject","@id":"https:\/\/arteeluoghi.it\/#logo","inLanguage":"it-IT","url":"https:\/\/arteeluoghi.it\/wp-content\/uploads\/2018\/08\/logoinstagramarte.jpg","contentUrl":"https:\/\/arteeluoghi.it\/wp-content\/uploads\/2018\/08\/logoinstagramarte.jpg","width":150,"height":150,"caption":"Arte e Luoghi"},"image":{"@id":"https:\/\/arteeluoghi.it\/#logo"}},{"@type":"WebSite","@id":"https:\/\/arteeluoghi.it\/#website","url":"https:\/\/arteeluoghi.it\/","name":"Arte e Luoghi","description":"Mensile di arte, cultura, turismo e curiosit\u00e0","publisher":{"@id":"https:\/\/arteeluoghi.it\/#organization"},"potentialAction":[{"@type":"SearchAction","target":{"@type":"EntryPoint","urlTemplate":"https:\/\/arteeluoghi.it\/?s={search_term_string}"},"query-input":"required name=search_term_string"}],"inLanguage":"it-IT"},{"@type":"ImageObject","@id":"https:\/\/arteeluoghi.it\/index.php\/2020\/03\/12\/cirano-un-giornalista-contro-le-mafie-pugliesi\/#primaryimage","inLanguage":"it-IT","url":"https:\/\/arteeluoghi.it\/wp-content\/uploads\/2020\/03\/fronte-copertina.jpg","contentUrl":"https:\/\/arteeluoghi.it\/wp-content\/uploads\/2020\/03\/fronte-copertina.jpg","width":500,"height":738},{"@type":"WebPage","@id":"https:\/\/arteeluoghi.it\/index.php\/2020\/03\/12\/cirano-un-giornalista-contro-le-mafie-pugliesi\/#webpage","url":"https:\/\/arteeluoghi.it\/index.php\/2020\/03\/12\/cirano-un-giornalista-contro-le-mafie-pugliesi\/","name":"Cirano. Un giornalista contro le mafie pugliesi | Arte e Luoghi","isPartOf":{"@id":"https:\/\/arteeluoghi.it\/#website"},"primaryImageOfPage":{"@id":"https:\/\/arteeluoghi.it\/index.php\/2020\/03\/12\/cirano-un-giornalista-contro-le-mafie-pugliesi\/#primaryimage"},"datePublished":"2020-03-12T19:34:49+00:00","dateModified":"2020-03-26T19:38:03+00:00","description":"Per sempre tuo, Cirano. Un giornalista contro le mafie pugliesi, il saggio di inchiesta scritto dal giornalista Vincenzo Arena","breadcrumb":{"@id":"https:\/\/arteeluoghi.it\/index.php\/2020\/03\/12\/cirano-un-giornalista-contro-le-mafie-pugliesi\/#breadcrumb"},"inLanguage":"it-IT","potentialAction":[{"@type":"ReadAction","target":["https:\/\/arteeluoghi.it\/index.php\/2020\/03\/12\/cirano-un-giornalista-contro-le-mafie-pugliesi\/"]}]},{"@type":"BreadcrumbList","@id":"https:\/\/arteeluoghi.it\/index.php\/2020\/03\/12\/cirano-un-giornalista-contro-le-mafie-pugliesi\/#breadcrumb","itemListElement":[{"@type":"ListItem","position":1,"name":"Home","item":"https:\/\/arteeluoghi.it\/"},{"@type":"ListItem","position":2,"name":"Cirano. Un giornalista contro le mafie pugliesi"}]},{"@type":"Article","@id":"https:\/\/arteeluoghi.it\/index.php\/2020\/03\/12\/cirano-un-giornalista-contro-le-mafie-pugliesi\/#article","isPartOf":{"@id":"https:\/\/arteeluoghi.it\/index.php\/2020\/03\/12\/cirano-un-giornalista-contro-le-mafie-pugliesi\/#webpage"},"author":{"@id":"https:\/\/arteeluoghi.it\/#\/schema\/person\/f84e814e36e91e01448ee07eaadd41d4"},"headline":"Cirano. Un giornalista contro le mafie pugliesi","datePublished":"2020-03-12T19:34:49+00:00","dateModified":"2020-03-26T19:38:03+00:00","mainEntityOfPage":{"@id":"https:\/\/arteeluoghi.it\/index.php\/2020\/03\/12\/cirano-un-giornalista-contro-le-mafie-pugliesi\/#webpage"},"wordCount":346,"commentCount":0,"publisher":{"@id":"https:\/\/arteeluoghi.it\/#organization"},"image":{"@id":"https:\/\/arteeluoghi.it\/index.php\/2020\/03\/12\/cirano-un-giornalista-contro-le-mafie-pugliesi\/#primaryimage"},"thumbnailUrl":"https:\/\/arteeluoghi.it\/wp-content\/uploads\/2020\/03\/fronte-copertina.jpg","keywords":["Cirano. Un giornalista contro le mafie pugliesi","I libri di Icaro","Vincenzo Arena"],"articleSection":["LIBRI"],"inLanguage":"it-IT","potentialAction":[{"@type":"CommentAction","name":"Comment","target":["https:\/\/arteeluoghi.it\/index.php\/2020\/03\/12\/cirano-un-giornalista-contro-le-mafie-pugliesi\/#respond"]}]},{"@type":"Person","@id":"https:\/\/arteeluoghi.it\/#\/schema\/person\/f84e814e36e91e01448ee07eaadd41d4","name":"Staff","image":{"@type":"ImageObject","@id":"https:\/\/arteeluoghi.it\/#personlogo","inLanguage":"it-IT","url":"https:\/\/secure.gravatar.com\/avatar\/49d2f9e46271bb04e19cebfaf141313a?s=96&d=blank&r=g","contentUrl":"https:\/\/secure.gravatar.com\/avatar\/49d2f9e46271bb04e19cebfaf141313a?s=96&d=blank&r=g","caption":"Staff"}}]}},"_links":{"self":[{"href":"https:\/\/arteeluoghi.it\/index.php\/wp-json\/wp\/v2\/posts\/7747"}],"collection":[{"href":"https:\/\/arteeluoghi.it\/index.php\/wp-json\/wp\/v2\/posts"}],"about":[{"href":"https:\/\/arteeluoghi.it\/index.php\/wp-json\/wp\/v2\/types\/post"}],"author":[{"embeddable":true,"href":"https:\/\/arteeluoghi.it\/index.php\/wp-json\/wp\/v2\/users\/1"}],"replies":[{"embeddable":true,"href":"https:\/\/arteeluoghi.it\/index.php\/wp-json\/wp\/v2\/comments?post=7747"}],"version-history":[{"count":1,"href":"https:\/\/arteeluoghi.it\/index.php\/wp-json\/wp\/v2\/posts\/7747\/revisions"}],"predecessor-version":[{"id":7749,"href":"https:\/\/arteeluoghi.it\/index.php\/wp-json\/wp\/v2\/posts\/7747\/revisions\/7749"}],"wp:featuredmedia":[{"embeddable":true,"href":"https:\/\/arteeluoghi.it\/index.php\/wp-json\/wp\/v2\/media\/7748"}],"wp:attachment":[{"href":"https:\/\/arteeluoghi.it\/index.php\/wp-json\/wp\/v2\/media?parent=7747"}],"wp:term":[{"taxonomy":"category","embeddable":true,"href":"https:\/\/arteeluoghi.it\/index.php\/wp-json\/wp\/v2\/categories?post=7747"},{"taxonomy":"post_tag","embeddable":true,"href":"https:\/\/arteeluoghi.it\/index.php\/wp-json\/wp\/v2\/tags?post=7747"}],"curies":[{"name":"wp","href":"https:\/\/api.w.org\/{rel}","templated":true}]}}