{"id":7798,"date":"2020-03-12T16:01:53","date_gmt":"2020-03-12T15:01:53","guid":{"rendered":"https:\/\/arteeluoghi.it\/?p=7798"},"modified":"2020-03-28T16:10:16","modified_gmt":"2020-03-28T15:10:16","slug":"albert-einstein","status":"publish","type":"post","link":"https:\/\/arteeluoghi.it\/index.php\/2020\/03\/12\/albert-einstein\/","title":{"rendered":"Albert Einstein"},"content":{"rendered":"\n<blockquote class=\"wp-block-quote\"><p>E la crisi opportunit\u00e0 di cambiamento<\/p><\/blockquote>\n\n\n\n<p class=\"has-drop-cap\">Il 18 aprile 1955 Albert Einstein lo scienziato pi\u00f9 brillante del Novecento concludeva la sua esperienza terrena iniziata &#8211; ma forse era gi\u00e0 un segno &#8211;  nel giorno del pigreco, il 14 marzo 1879, ad Ulma in Germania. Sua l\u2019equazione pi\u00f9 famosa al mondo \u201c<em>E<\/em>\u00a0=\u00a0<em>mc<\/em><sup>2<\/sup>\u00a0\u201d, fisico, filosofo e accademico tedesco naturalizzato svizzero e statunitense, nel 1905 noto come il suo personale annus mirabilis pubblic\u00f2 sette importanti lavori scientifici tra cui quello della teoria della relativit\u00e0. <\/p>\n\n\n\n<!--more-->\n\n\n\n<p>Nel 1921 ricevette il premio Nobel per la fisica \u00abper i contributi alla fisica teorica, in particolare per la scoperta della legge dell&#8217;effetto fotoelettrico\u00bb ma Einstein si distinse non solo in ambito scientifico  ma anche in quello sociale, politico e culturale. Ci piace ricordare il suo pensiero sul tema della non violenza di Gandhi: <\/p>\n\n\n\n<blockquote class=\"wp-block-quote\"><p><em>\u00abCredo che le idee di Gandhi siano state, tra quelle di tutti gli uomini politici del nostro tempo, le pi\u00f9 illuminate. Noi dovremmo sforzarci di agire secondo il suo insegnamento, rifiutando la violenza e lo scontro per promuovere la nostra causa, e non partecipando a ci\u00f2 che la nostra coscienza ritiene ingiusto.\u00bb. <\/em><br> <\/p><\/blockquote>\n\n\n\n<p>E in questo particolare momento di crisi le sue considerazioni risuonano quanto mai attuali e lucide, un vero e proprio monito per ciascuno a valutare in positivo anche le avversit\u00e0 che incontriamo lungo il nostro cammino. Nel suo \u201cIl mondo come io lo vedo\u201d (1931) si legge la sua visione sulla crisi che ritiene un\u2019opportunit\u00e0, una sorta di benedizione perch\u00e9 induce al cambiamento. Ricordiamo e facciamo nostro il suo pensiero.<\/p>\n\n\n\n<blockquote class=\"wp-block-quote\"><p><br> \u00abNon pretendiamo che le cose cambino se continuiamo a farle nello stesso modo. La crisi pu\u00f2 essere una vera benedizione per ogni persona e per ogni nazione, perch\u00e9 \u00e8 proprio la crisi a portare progresso. La creativit\u00e0 nasce dall&#8217;angoscia, come il giorno nasce dalla notte oscura. \u00c8 nella crisi che nasce l&#8217;inventiva, le scoperte e le grandi strategie. Chi supera la crisi supera s\u00e9 stesso senza essere superato. Chi attribuisce le proprie sconfitte e i propri errori alla crisi, violenta il proprio talento e mostra maggior interesse per i problemi piuttosto che per le soluzioni. La vera crisi \u00e8 l&#8217;incompetenza. Il pi\u00f9 grande difetto delle persone e delle nazioni \u00e8 la pigrizia nel trovare soluzioni. Senza crisi non ci sono sfide, senza sfide la vita \u00e8 routine, una lenta agonia. Senza crisi non ci sono meriti. \u00c8 nella crisi che il meglio di ognuno di noi affiora; senza crisi qualsiasi vento diventa una brezza leggera. Parlare di crisi significa promuoverla; non parlarne significa esaltare il conformismo. Cerchiamo di lavorare sodo, invece. Smettiamola, una volta per tutte, l&#8217;unica crisi minacciosa \u00e8 la tragedia di non voler lottare per superarla.\u00bb<\/p><\/blockquote>\n","protected":false},"excerpt":{"rendered":"<p>E la crisi opportunit\u00e0 di cambiamento Il 18 aprile 1955 Albert Einstein lo scienziato pi\u00f9 brillante del Novecento concludeva la<\/p>\n","protected":false},"author":1,"featured_media":7799,"comment_status":"open","ping_status":"open","sticky":true,"template":"","format":"standard","meta":[],"categories":[52],"tags":[],"yoast_head":"<!-- This site is optimized with the Yoast SEO plugin v18.0 - https:\/\/yoast.com\/wordpress\/plugins\/seo\/ -->\n<title>Albert Einstein | Arte e Luoghi<\/title>\n<meta name=\"description\" content=\"Nel suo \u201cIl mondo come io lo vedo\u201d (1931) si legge la sua visione sulla crisi che ritiene un\u2019opportunit\u00e0 perch\u00e9 induce al cambiamento\" \/>\n<meta name=\"robots\" content=\"index, follow, max-snippet:-1, max-image-preview:large, max-video-preview:-1\" \/>\n<link rel=\"canonical\" href=\"https:\/\/arteeluoghi.it\/index.php\/2020\/03\/12\/albert-einstein\/\" \/>\n<meta property=\"og:locale\" content=\"it_IT\" \/>\n<meta property=\"og:type\" content=\"article\" \/>\n<meta property=\"og:title\" content=\"Albert Einstein | Arte e Luoghi\" \/>\n<meta property=\"og:description\" content=\"Nel suo \u201cIl mondo come io lo vedo\u201d (1931) si legge la sua visione sulla crisi che ritiene un\u2019opportunit\u00e0 perch\u00e9 induce al cambiamento\" \/>\n<meta property=\"og:url\" content=\"https:\/\/arteeluoghi.it\/index.php\/2020\/03\/12\/albert-einstein\/\" \/>\n<meta property=\"og:site_name\" content=\"Arte e Luoghi\" \/>\n<meta property=\"article:publisher\" content=\"https:\/\/www.facebook.com\/ArteELuoghi\/\" \/>\n<meta property=\"article:published_time\" content=\"2020-03-12T15:01:53+00:00\" \/>\n<meta property=\"article:modified_time\" content=\"2020-03-28T15:10:16+00:00\" \/>\n<meta property=\"og:image\" content=\"https:\/\/arteeluoghi.it\/wp-content\/uploads\/2020\/03\/Albert_Einstein_Head.jpg\" \/>\n\t<meta property=\"og:image:width\" content=\"800\" \/>\n\t<meta property=\"og:image:height\" content=\"1067\" \/>\n\t<meta property=\"og:image:type\" content=\"image\/jpeg\" \/>\n<meta name=\"twitter:card\" content=\"summary\" \/>\n<meta name=\"twitter:creator\" content=\"@arteeluoghi\" \/>\n<meta name=\"twitter:site\" content=\"@arteeluoghi\" \/>\n<meta name=\"twitter:label1\" content=\"Scritto da\" \/>\n\t<meta name=\"twitter:data1\" content=\"Staff\" \/>\n\t<meta name=\"twitter:label2\" content=\"Tempo di lettura stimato\" \/>\n\t<meta name=\"twitter:data2\" content=\"2 minuti\" \/>\n<script type=\"application\/ld+json\" class=\"yoast-schema-graph\">{\"@context\":\"https:\/\/schema.org\",\"@graph\":[{\"@type\":\"Organization\",\"@id\":\"https:\/\/arteeluoghi.it\/#organization\",\"name\":\"Arte e Luoghi\",\"url\":\"https:\/\/arteeluoghi.it\/\",\"sameAs\":[\"https:\/\/www.facebook.com\/ArteELuoghi\/\",\"https:\/\/www.instagram.com\/arteeluoghi\/?hl=it\",\"https:\/\/www.youtube.com\/channel\/UCuRVc4JW4-C5sg9rQB-srkw?view_as=subscriber\",\"https:\/\/twitter.com\/arteeluoghi\"],\"logo\":{\"@type\":\"ImageObject\",\"@id\":\"https:\/\/arteeluoghi.it\/#logo\",\"inLanguage\":\"it-IT\",\"url\":\"https:\/\/arteeluoghi.it\/wp-content\/uploads\/2018\/08\/logoinstagramarte.jpg\",\"contentUrl\":\"https:\/\/arteeluoghi.it\/wp-content\/uploads\/2018\/08\/logoinstagramarte.jpg\",\"width\":150,\"height\":150,\"caption\":\"Arte e Luoghi\"},\"image\":{\"@id\":\"https:\/\/arteeluoghi.it\/#logo\"}},{\"@type\":\"WebSite\",\"@id\":\"https:\/\/arteeluoghi.it\/#website\",\"url\":\"https:\/\/arteeluoghi.it\/\",\"name\":\"Arte e Luoghi\",\"description\":\"Mensile di arte, cultura, turismo e curiosit\u00e0\",\"publisher\":{\"@id\":\"https:\/\/arteeluoghi.it\/#organization\"},\"potentialAction\":[{\"@type\":\"SearchAction\",\"target\":{\"@type\":\"EntryPoint\",\"urlTemplate\":\"https:\/\/arteeluoghi.it\/?s={search_term_string}\"},\"query-input\":\"required name=search_term_string\"}],\"inLanguage\":\"it-IT\"},{\"@type\":\"ImageObject\",\"@id\":\"https:\/\/arteeluoghi.it\/index.php\/2020\/03\/12\/albert-einstein\/#primaryimage\",\"inLanguage\":\"it-IT\",\"url\":\"https:\/\/arteeluoghi.it\/wp-content\/uploads\/2020\/03\/Albert_Einstein_Head.jpg\",\"contentUrl\":\"https:\/\/arteeluoghi.it\/wp-content\/uploads\/2020\/03\/Albert_Einstein_Head.jpg\",\"width\":800,\"height\":1067},{\"@type\":\"WebPage\",\"@id\":\"https:\/\/arteeluoghi.it\/index.php\/2020\/03\/12\/albert-einstein\/#webpage\",\"url\":\"https:\/\/arteeluoghi.it\/index.php\/2020\/03\/12\/albert-einstein\/\",\"name\":\"Albert Einstein | Arte e Luoghi\",\"isPartOf\":{\"@id\":\"https:\/\/arteeluoghi.it\/#website\"},\"primaryImageOfPage\":{\"@id\":\"https:\/\/arteeluoghi.it\/index.php\/2020\/03\/12\/albert-einstein\/#primaryimage\"},\"datePublished\":\"2020-03-12T15:01:53+00:00\",\"dateModified\":\"2020-03-28T15:10:16+00:00\",\"description\":\"Nel suo \u201cIl mondo come io lo vedo\u201d (1931) si legge la sua visione sulla crisi che ritiene un\u2019opportunit\u00e0 perch\u00e9 induce al cambiamento\",\"breadcrumb\":{\"@id\":\"https:\/\/arteeluoghi.it\/index.php\/2020\/03\/12\/albert-einstein\/#breadcrumb\"},\"inLanguage\":\"it-IT\",\"potentialAction\":[{\"@type\":\"ReadAction\",\"target\":[\"https:\/\/arteeluoghi.it\/index.php\/2020\/03\/12\/albert-einstein\/\"]}]},{\"@type\":\"BreadcrumbList\",\"@id\":\"https:\/\/arteeluoghi.it\/index.php\/2020\/03\/12\/albert-einstein\/#breadcrumb\",\"itemListElement\":[{\"@type\":\"ListItem\",\"position\":1,\"name\":\"Home\",\"item\":\"https:\/\/arteeluoghi.it\/\"},{\"@type\":\"ListItem\",\"position\":2,\"name\":\"Albert Einstein\"}]},{\"@type\":\"Article\",\"@id\":\"https:\/\/arteeluoghi.it\/index.php\/2020\/03\/12\/albert-einstein\/#article\",\"isPartOf\":{\"@id\":\"https:\/\/arteeluoghi.it\/index.php\/2020\/03\/12\/albert-einstein\/#webpage\"},\"author\":{\"@id\":\"https:\/\/arteeluoghi.it\/#\/schema\/person\/f84e814e36e91e01448ee07eaadd41d4\"},\"headline\":\"Albert Einstein\",\"datePublished\":\"2020-03-12T15:01:53+00:00\",\"dateModified\":\"2020-03-28T15:10:16+00:00\",\"mainEntityOfPage\":{\"@id\":\"https:\/\/arteeluoghi.it\/index.php\/2020\/03\/12\/albert-einstein\/#webpage\"},\"wordCount\":436,\"commentCount\":0,\"publisher\":{\"@id\":\"https:\/\/arteeluoghi.it\/#organization\"},\"image\":{\"@id\":\"https:\/\/arteeluoghi.it\/index.php\/2020\/03\/12\/albert-einstein\/#primaryimage\"},\"thumbnailUrl\":\"https:\/\/arteeluoghi.it\/wp-content\/uploads\/2020\/03\/Albert_Einstein_Head.jpg\",\"articleSection\":[\"I luoghi della parola\"],\"inLanguage\":\"it-IT\",\"potentialAction\":[{\"@type\":\"CommentAction\",\"name\":\"Comment\",\"target\":[\"https:\/\/arteeluoghi.it\/index.php\/2020\/03\/12\/albert-einstein\/#respond\"]}]},{\"@type\":\"Person\",\"@id\":\"https:\/\/arteeluoghi.it\/#\/schema\/person\/f84e814e36e91e01448ee07eaadd41d4\",\"name\":\"Staff\",\"image\":{\"@type\":\"ImageObject\",\"@id\":\"https:\/\/arteeluoghi.it\/#personlogo\",\"inLanguage\":\"it-IT\",\"url\":\"https:\/\/secure.gravatar.com\/avatar\/49d2f9e46271bb04e19cebfaf141313a?s=96&d=blank&r=g\",\"contentUrl\":\"https:\/\/secure.gravatar.com\/avatar\/49d2f9e46271bb04e19cebfaf141313a?s=96&d=blank&r=g\",\"caption\":\"Staff\"}}]}<\/script>\n<!-- \/ Yoast SEO plugin. -->","yoast_head_json":{"title":"Albert Einstein | Arte e Luoghi","description":"Nel suo \u201cIl mondo come io lo vedo\u201d (1931) si legge la sua visione sulla crisi che ritiene un\u2019opportunit\u00e0 perch\u00e9 induce al cambiamento","robots":{"index":"index","follow":"follow","max-snippet":"max-snippet:-1","max-image-preview":"max-image-preview:large","max-video-preview":"max-video-preview:-1"},"canonical":"https:\/\/arteeluoghi.it\/index.php\/2020\/03\/12\/albert-einstein\/","og_locale":"it_IT","og_type":"article","og_title":"Albert Einstein | Arte e Luoghi","og_description":"Nel suo \u201cIl mondo come io lo vedo\u201d (1931) si legge la sua visione sulla crisi che ritiene un\u2019opportunit\u00e0 perch\u00e9 induce al cambiamento","og_url":"https:\/\/arteeluoghi.it\/index.php\/2020\/03\/12\/albert-einstein\/","og_site_name":"Arte e Luoghi","article_publisher":"https:\/\/www.facebook.com\/ArteELuoghi\/","article_published_time":"2020-03-12T15:01:53+00:00","article_modified_time":"2020-03-28T15:10:16+00:00","og_image":[{"width":800,"height":1067,"url":"https:\/\/arteeluoghi.it\/wp-content\/uploads\/2020\/03\/Albert_Einstein_Head.jpg","type":"image\/jpeg"}],"twitter_card":"summary","twitter_creator":"@arteeluoghi","twitter_site":"@arteeluoghi","twitter_misc":{"Scritto da":"Staff","Tempo di lettura stimato":"2 minuti"},"schema":{"@context":"https:\/\/schema.org","@graph":[{"@type":"Organization","@id":"https:\/\/arteeluoghi.it\/#organization","name":"Arte e Luoghi","url":"https:\/\/arteeluoghi.it\/","sameAs":["https:\/\/www.facebook.com\/ArteELuoghi\/","https:\/\/www.instagram.com\/arteeluoghi\/?hl=it","https:\/\/www.youtube.com\/channel\/UCuRVc4JW4-C5sg9rQB-srkw?view_as=subscriber","https:\/\/twitter.com\/arteeluoghi"],"logo":{"@type":"ImageObject","@id":"https:\/\/arteeluoghi.it\/#logo","inLanguage":"it-IT","url":"https:\/\/arteeluoghi.it\/wp-content\/uploads\/2018\/08\/logoinstagramarte.jpg","contentUrl":"https:\/\/arteeluoghi.it\/wp-content\/uploads\/2018\/08\/logoinstagramarte.jpg","width":150,"height":150,"caption":"Arte e Luoghi"},"image":{"@id":"https:\/\/arteeluoghi.it\/#logo"}},{"@type":"WebSite","@id":"https:\/\/arteeluoghi.it\/#website","url":"https:\/\/arteeluoghi.it\/","name":"Arte e Luoghi","description":"Mensile di arte, cultura, turismo e curiosit\u00e0","publisher":{"@id":"https:\/\/arteeluoghi.it\/#organization"},"potentialAction":[{"@type":"SearchAction","target":{"@type":"EntryPoint","urlTemplate":"https:\/\/arteeluoghi.it\/?s={search_term_string}"},"query-input":"required name=search_term_string"}],"inLanguage":"it-IT"},{"@type":"ImageObject","@id":"https:\/\/arteeluoghi.it\/index.php\/2020\/03\/12\/albert-einstein\/#primaryimage","inLanguage":"it-IT","url":"https:\/\/arteeluoghi.it\/wp-content\/uploads\/2020\/03\/Albert_Einstein_Head.jpg","contentUrl":"https:\/\/arteeluoghi.it\/wp-content\/uploads\/2020\/03\/Albert_Einstein_Head.jpg","width":800,"height":1067},{"@type":"WebPage","@id":"https:\/\/arteeluoghi.it\/index.php\/2020\/03\/12\/albert-einstein\/#webpage","url":"https:\/\/arteeluoghi.it\/index.php\/2020\/03\/12\/albert-einstein\/","name":"Albert Einstein | Arte e Luoghi","isPartOf":{"@id":"https:\/\/arteeluoghi.it\/#website"},"primaryImageOfPage":{"@id":"https:\/\/arteeluoghi.it\/index.php\/2020\/03\/12\/albert-einstein\/#primaryimage"},"datePublished":"2020-03-12T15:01:53+00:00","dateModified":"2020-03-28T15:10:16+00:00","description":"Nel suo \u201cIl mondo come io lo vedo\u201d (1931) si legge la sua visione sulla crisi che ritiene un\u2019opportunit\u00e0 perch\u00e9 induce al cambiamento","breadcrumb":{"@id":"https:\/\/arteeluoghi.it\/index.php\/2020\/03\/12\/albert-einstein\/#breadcrumb"},"inLanguage":"it-IT","potentialAction":[{"@type":"ReadAction","target":["https:\/\/arteeluoghi.it\/index.php\/2020\/03\/12\/albert-einstein\/"]}]},{"@type":"BreadcrumbList","@id":"https:\/\/arteeluoghi.it\/index.php\/2020\/03\/12\/albert-einstein\/#breadcrumb","itemListElement":[{"@type":"ListItem","position":1,"name":"Home","item":"https:\/\/arteeluoghi.it\/"},{"@type":"ListItem","position":2,"name":"Albert Einstein"}]},{"@type":"Article","@id":"https:\/\/arteeluoghi.it\/index.php\/2020\/03\/12\/albert-einstein\/#article","isPartOf":{"@id":"https:\/\/arteeluoghi.it\/index.php\/2020\/03\/12\/albert-einstein\/#webpage"},"author":{"@id":"https:\/\/arteeluoghi.it\/#\/schema\/person\/f84e814e36e91e01448ee07eaadd41d4"},"headline":"Albert Einstein","datePublished":"2020-03-12T15:01:53+00:00","dateModified":"2020-03-28T15:10:16+00:00","mainEntityOfPage":{"@id":"https:\/\/arteeluoghi.it\/index.php\/2020\/03\/12\/albert-einstein\/#webpage"},"wordCount":436,"commentCount":0,"publisher":{"@id":"https:\/\/arteeluoghi.it\/#organization"},"image":{"@id":"https:\/\/arteeluoghi.it\/index.php\/2020\/03\/12\/albert-einstein\/#primaryimage"},"thumbnailUrl":"https:\/\/arteeluoghi.it\/wp-content\/uploads\/2020\/03\/Albert_Einstein_Head.jpg","articleSection":["I luoghi della parola"],"inLanguage":"it-IT","potentialAction":[{"@type":"CommentAction","name":"Comment","target":["https:\/\/arteeluoghi.it\/index.php\/2020\/03\/12\/albert-einstein\/#respond"]}]},{"@type":"Person","@id":"https:\/\/arteeluoghi.it\/#\/schema\/person\/f84e814e36e91e01448ee07eaadd41d4","name":"Staff","image":{"@type":"ImageObject","@id":"https:\/\/arteeluoghi.it\/#personlogo","inLanguage":"it-IT","url":"https:\/\/secure.gravatar.com\/avatar\/49d2f9e46271bb04e19cebfaf141313a?s=96&d=blank&r=g","contentUrl":"https:\/\/secure.gravatar.com\/avatar\/49d2f9e46271bb04e19cebfaf141313a?s=96&d=blank&r=g","caption":"Staff"}}]}},"_links":{"self":[{"href":"https:\/\/arteeluoghi.it\/index.php\/wp-json\/wp\/v2\/posts\/7798"}],"collection":[{"href":"https:\/\/arteeluoghi.it\/index.php\/wp-json\/wp\/v2\/posts"}],"about":[{"href":"https:\/\/arteeluoghi.it\/index.php\/wp-json\/wp\/v2\/types\/post"}],"author":[{"embeddable":true,"href":"https:\/\/arteeluoghi.it\/index.php\/wp-json\/wp\/v2\/users\/1"}],"replies":[{"embeddable":true,"href":"https:\/\/arteeluoghi.it\/index.php\/wp-json\/wp\/v2\/comments?post=7798"}],"version-history":[{"count":1,"href":"https:\/\/arteeluoghi.it\/index.php\/wp-json\/wp\/v2\/posts\/7798\/revisions"}],"predecessor-version":[{"id":7800,"href":"https:\/\/arteeluoghi.it\/index.php\/wp-json\/wp\/v2\/posts\/7798\/revisions\/7800"}],"wp:featuredmedia":[{"embeddable":true,"href":"https:\/\/arteeluoghi.it\/index.php\/wp-json\/wp\/v2\/media\/7799"}],"wp:attachment":[{"href":"https:\/\/arteeluoghi.it\/index.php\/wp-json\/wp\/v2\/media?parent=7798"}],"wp:term":[{"taxonomy":"category","embeddable":true,"href":"https:\/\/arteeluoghi.it\/index.php\/wp-json\/wp\/v2\/categories?post=7798"},{"taxonomy":"post_tag","embeddable":true,"href":"https:\/\/arteeluoghi.it\/index.php\/wp-json\/wp\/v2\/tags?post=7798"}],"curies":[{"name":"wp","href":"https:\/\/api.w.org\/{rel}","templated":true}]}}