{"id":792,"date":"2012-06-16T21:05:30","date_gmt":"2012-06-16T19:05:30","guid":{"rendered":"http:\/\/arteeluoghi.it\/index.php\/2012\/06\/16\/il-nuovo-cd-di-gabriele-poso\/"},"modified":"2012-06-16T21:05:30","modified_gmt":"2012-06-16T19:05:30","slug":"il-nuovo-cd-di-gabriele-poso","status":"publish","type":"post","link":"https:\/\/arteeluoghi.it\/index.php\/2012\/06\/16\/il-nuovo-cd-di-gabriele-poso\/","title":{"rendered":"IL nuovo cd di Gabriele Poso"},"content":{"rendered":"<p><img src=\"\/images\/stories\/copertina-cd.jpg\" border=\"0\" title=\"la copertina del cd\" width=\"300\" style=\"margin: 21px; float: left;\" \/><\/p>\n<p>\u00a0<\/p>\n<p>Presentato stamane a Lecce il nuovo album di Gabriele Poso stasera in concerto alle cantine Menhir di Minervino<\/p>\n<p><span style=\"font-size: small;\"><strong>Roots of soul <\/strong><em><strong><br \/><\/strong><\/em><\/span><\/p>\n<p>\u00a0<\/p>\n<p>\u00a0<\/p>\n<p>E&#8217; stato presentato stamattina, sabato 16 giugno<em>, nella sala <strong>Open Space di Palazzo Carafa<\/strong> di Lecce, <\/em><em><strong>Roots of soul, <\/strong><\/em><em> il nuovo album di <\/em><em>Gabriele Poso <\/em><em>prodotto dall&#8217;etichetta tedesca Infracom<\/em><em><strong> <\/strong><\/em><em>. Ma <br \/><\/em><\/p>\n<p><strong> <\/strong><\/p>\n<p><strong> <\/strong><\/p>\n<p>Ma grande attesa c&#8217;\u00e8 stasera per il live in programma a partire delle <strong>21.30<\/strong>, alle <strong>Cantine Menhir<\/strong> di Minervino di Lecce (<em>via Scarciglia,<strong> <\/strong>18)<\/em>, per festeggiare <em><strong>Roots of soul<\/strong><\/em>. Sar\u00e0\u00a0 una serata all\u2019insegna della musica che unir\u00e0 differenti forme d\u2019arte: dalla pittura\u00a0 di Gabriele Negro alla danza con la performance di Alessandra Cito, alle arti visive\u00a0 con il portrait reportage di Mario Catalano e \u00a0alla poesia con Simone Franco.<\/p>\n<p>Il cd, in vendita worldwide dall&#8217;8 giugno, \u00e8 nato dalla grande professionalit\u00e0 dell&#8217;artista salentino che firma la composizione di testi e arrangiamenti, nonch\u00e9 la registrazione e il mixaggio.<\/p>\n<p><em><strong>Roots of soul<\/strong><\/em> ripropone l&#8217;energia che la band sprigiona durante i live. Ogni traccia \u2013 13 in tutto \u2013 \u00e8 stata registrata cercando di esprimere su disco l\u2019energia che da sempre si respira dal vivo con la band e la registrazione in presa diretta della maggior parte dei brani \u00e8 il cuore pulsante di questo lavoro.<em><strong> Roots of soul <\/strong><\/em> vanta la collaborazione di artisti di fama internazionale. Tra questi il dj-musicista e produttore della Yoruba Records,<strong> Osunlade<\/strong>, l&#8217;interprete canadese <strong>Tanya Michelle<\/strong> e <strong>Nailah Porter<\/strong>, \u00a0Female jazz voice of the years 2009 BBC ma tanti anche gli artisti salentini che hanno partecipato alla realizzazione del progetto: Dionisia Cassiano, voce; Massimiliano Ingrosso, batteria; Giuseppe Magagnino, piano; Franco Chiriv\u00ec, chitarre; Vincenzo Presta, Emanuele Coluccia, sax;\u00a0 Franco Sgura, Andrea Perrone, trombe; Gianpaolo Laurentaci,contrabbasso; Luca Alemanno, Redhi Hasa, violoncello; Luca Gorgoni, violini.<\/p>\n<p>  <!--more-->  <\/p>\n<p><em>Ingresso esclusivamente su invito<\/em><\/p>\n<p>Start ore 21:30<\/p>\n<p><strong>Info<\/strong>: Cantine Menhir tel. 0836818199 <a href=\"mailto:info@cantinemenhir.com\">info@cantinemenhir.com<\/a><\/p>\n<p>Gli <strong>inviti,<\/strong> previa disponibilit\u00e0, saranno presenti presso :<\/p>\n<p>Menhir Salento Via Scarciglia 18 Minervino<\/p>\n<p>Youm Youmusic Piazza Mazzini 71 Lecce<\/p>\n<p>Shui Bakery Via Umberto I 17 Lecce<\/p>\n","protected":false},"excerpt":{"rendered":"<p>\u00a0 Presentato stamane a Lecce il nuovo album di Gabriele Poso stasera in concerto alle cantine Menhir di Minervino Roots<\/p>\n","protected":false},"author":1,"featured_media":0,"comment_status":"open","ping_status":"open","sticky":false,"template":"","format":"standard","meta":[],"categories":[12],"tags":[],"yoast_head":"<!-- This site is optimized with the Yoast SEO plugin v18.0 - https:\/\/yoast.com\/wordpress\/plugins\/seo\/ -->\n<title>IL nuovo cd di Gabriele Poso | Arte e Luoghi<\/title>\n<meta name=\"robots\" content=\"index, follow, max-snippet:-1, max-image-preview:large, max-video-preview:-1\" \/>\n<link rel=\"canonical\" href=\"https:\/\/arteeluoghi.it\/index.php\/2012\/06\/16\/il-nuovo-cd-di-gabriele-poso\/\" \/>\n<meta property=\"og:locale\" content=\"it_IT\" \/>\n<meta property=\"og:type\" content=\"article\" \/>\n<meta property=\"og:title\" content=\"IL nuovo cd di Gabriele Poso | Arte e Luoghi\" \/>\n<meta property=\"og:description\" content=\"\u00a0 Presentato stamane a Lecce il nuovo album di Gabriele Poso stasera in concerto alle cantine Menhir di Minervino Roots\" \/>\n<meta property=\"og:url\" content=\"https:\/\/arteeluoghi.it\/index.php\/2012\/06\/16\/il-nuovo-cd-di-gabriele-poso\/\" \/>\n<meta property=\"og:site_name\" content=\"Arte e Luoghi\" \/>\n<meta property=\"article:publisher\" content=\"https:\/\/www.facebook.com\/ArteELuoghi\/\" \/>\n<meta property=\"article:published_time\" content=\"2012-06-16T19:05:30+00:00\" \/>\n<meta property=\"og:image\" content=\"https:\/\/arteeluoghi.it\/images\/stories\/copertina-cd.jpg\" \/>\n<meta name=\"twitter:card\" content=\"summary\" \/>\n<meta name=\"twitter:creator\" content=\"@arteeluoghi\" \/>\n<meta name=\"twitter:site\" content=\"@arteeluoghi\" \/>\n<meta name=\"twitter:label1\" content=\"Scritto da\" \/>\n\t<meta name=\"twitter:data1\" content=\"Staff\" \/>\n\t<meta name=\"twitter:label2\" content=\"Tempo di lettura stimato\" \/>\n\t<meta name=\"twitter:data2\" content=\"2 minuti\" \/>\n<script type=\"application\/ld+json\" class=\"yoast-schema-graph\">{\"@context\":\"https:\/\/schema.org\",\"@graph\":[{\"@type\":\"Organization\",\"@id\":\"https:\/\/arteeluoghi.it\/#organization\",\"name\":\"Arte e Luoghi\",\"url\":\"https:\/\/arteeluoghi.it\/\",\"sameAs\":[\"https:\/\/www.facebook.com\/ArteELuoghi\/\",\"https:\/\/www.instagram.com\/arteeluoghi\/?hl=it\",\"https:\/\/www.youtube.com\/channel\/UCuRVc4JW4-C5sg9rQB-srkw?view_as=subscriber\",\"https:\/\/twitter.com\/arteeluoghi\"],\"logo\":{\"@type\":\"ImageObject\",\"@id\":\"https:\/\/arteeluoghi.it\/#logo\",\"inLanguage\":\"it-IT\",\"url\":\"https:\/\/arteeluoghi.it\/wp-content\/uploads\/2018\/08\/logoinstagramarte.jpg\",\"contentUrl\":\"https:\/\/arteeluoghi.it\/wp-content\/uploads\/2018\/08\/logoinstagramarte.jpg\",\"width\":150,\"height\":150,\"caption\":\"Arte e Luoghi\"},\"image\":{\"@id\":\"https:\/\/arteeluoghi.it\/#logo\"}},{\"@type\":\"WebSite\",\"@id\":\"https:\/\/arteeluoghi.it\/#website\",\"url\":\"https:\/\/arteeluoghi.it\/\",\"name\":\"Arte e Luoghi\",\"description\":\"Mensile di arte, cultura, turismo e curiosit\u00e0\",\"publisher\":{\"@id\":\"https:\/\/arteeluoghi.it\/#organization\"},\"potentialAction\":[{\"@type\":\"SearchAction\",\"target\":{\"@type\":\"EntryPoint\",\"urlTemplate\":\"https:\/\/arteeluoghi.it\/?s={search_term_string}\"},\"query-input\":\"required name=search_term_string\"}],\"inLanguage\":\"it-IT\"},{\"@type\":\"ImageObject\",\"@id\":\"https:\/\/arteeluoghi.it\/index.php\/2012\/06\/16\/il-nuovo-cd-di-gabriele-poso\/#primaryimage\",\"inLanguage\":\"it-IT\",\"url\":\"\/images\/stories\/copertina-cd.jpg\",\"contentUrl\":\"\/images\/stories\/copertina-cd.jpg\"},{\"@type\":\"WebPage\",\"@id\":\"https:\/\/arteeluoghi.it\/index.php\/2012\/06\/16\/il-nuovo-cd-di-gabriele-poso\/#webpage\",\"url\":\"https:\/\/arteeluoghi.it\/index.php\/2012\/06\/16\/il-nuovo-cd-di-gabriele-poso\/\",\"name\":\"IL nuovo cd di Gabriele Poso | Arte e Luoghi\",\"isPartOf\":{\"@id\":\"https:\/\/arteeluoghi.it\/#website\"},\"primaryImageOfPage\":{\"@id\":\"https:\/\/arteeluoghi.it\/index.php\/2012\/06\/16\/il-nuovo-cd-di-gabriele-poso\/#primaryimage\"},\"datePublished\":\"2012-06-16T19:05:30+00:00\",\"dateModified\":\"2012-06-16T19:05:30+00:00\",\"breadcrumb\":{\"@id\":\"https:\/\/arteeluoghi.it\/index.php\/2012\/06\/16\/il-nuovo-cd-di-gabriele-poso\/#breadcrumb\"},\"inLanguage\":\"it-IT\",\"potentialAction\":[{\"@type\":\"ReadAction\",\"target\":[\"https:\/\/arteeluoghi.it\/index.php\/2012\/06\/16\/il-nuovo-cd-di-gabriele-poso\/\"]}]},{\"@type\":\"BreadcrumbList\",\"@id\":\"https:\/\/arteeluoghi.it\/index.php\/2012\/06\/16\/il-nuovo-cd-di-gabriele-poso\/#breadcrumb\",\"itemListElement\":[{\"@type\":\"ListItem\",\"position\":1,\"name\":\"Home\",\"item\":\"https:\/\/arteeluoghi.it\/\"},{\"@type\":\"ListItem\",\"position\":2,\"name\":\"IL nuovo cd di Gabriele Poso\"}]},{\"@type\":\"Article\",\"@id\":\"https:\/\/arteeluoghi.it\/index.php\/2012\/06\/16\/il-nuovo-cd-di-gabriele-poso\/#article\",\"isPartOf\":{\"@id\":\"https:\/\/arteeluoghi.it\/index.php\/2012\/06\/16\/il-nuovo-cd-di-gabriele-poso\/#webpage\"},\"author\":{\"@id\":\"https:\/\/arteeluoghi.it\/#\/schema\/person\/f84e814e36e91e01448ee07eaadd41d4\"},\"headline\":\"IL nuovo cd di Gabriele Poso\",\"datePublished\":\"2012-06-16T19:05:30+00:00\",\"dateModified\":\"2012-06-16T19:05:30+00:00\",\"mainEntityOfPage\":{\"@id\":\"https:\/\/arteeluoghi.it\/index.php\/2012\/06\/16\/il-nuovo-cd-di-gabriele-poso\/#webpage\"},\"wordCount\":321,\"commentCount\":0,\"publisher\":{\"@id\":\"https:\/\/arteeluoghi.it\/#organization\"},\"image\":{\"@id\":\"https:\/\/arteeluoghi.it\/index.php\/2012\/06\/16\/il-nuovo-cd-di-gabriele-poso\/#primaryimage\"},\"thumbnailUrl\":\"\/images\/stories\/copertina-cd.jpg\",\"articleSection\":[\"MUSICA\"],\"inLanguage\":\"it-IT\",\"potentialAction\":[{\"@type\":\"CommentAction\",\"name\":\"Comment\",\"target\":[\"https:\/\/arteeluoghi.it\/index.php\/2012\/06\/16\/il-nuovo-cd-di-gabriele-poso\/#respond\"]}]},{\"@type\":\"Person\",\"@id\":\"https:\/\/arteeluoghi.it\/#\/schema\/person\/f84e814e36e91e01448ee07eaadd41d4\",\"name\":\"Staff\",\"image\":{\"@type\":\"ImageObject\",\"@id\":\"https:\/\/arteeluoghi.it\/#personlogo\",\"inLanguage\":\"it-IT\",\"url\":\"https:\/\/secure.gravatar.com\/avatar\/49d2f9e46271bb04e19cebfaf141313a?s=96&d=blank&r=g\",\"contentUrl\":\"https:\/\/secure.gravatar.com\/avatar\/49d2f9e46271bb04e19cebfaf141313a?s=96&d=blank&r=g\",\"caption\":\"Staff\"}}]}<\/script>\n<!-- \/ Yoast SEO plugin. -->","yoast_head_json":{"title":"IL nuovo cd di Gabriele Poso | Arte e Luoghi","robots":{"index":"index","follow":"follow","max-snippet":"max-snippet:-1","max-image-preview":"max-image-preview:large","max-video-preview":"max-video-preview:-1"},"canonical":"https:\/\/arteeluoghi.it\/index.php\/2012\/06\/16\/il-nuovo-cd-di-gabriele-poso\/","og_locale":"it_IT","og_type":"article","og_title":"IL nuovo cd di Gabriele Poso | Arte e Luoghi","og_description":"\u00a0 Presentato stamane a Lecce il nuovo album di Gabriele Poso stasera in concerto alle cantine Menhir di Minervino Roots","og_url":"https:\/\/arteeluoghi.it\/index.php\/2012\/06\/16\/il-nuovo-cd-di-gabriele-poso\/","og_site_name":"Arte e Luoghi","article_publisher":"https:\/\/www.facebook.com\/ArteELuoghi\/","article_published_time":"2012-06-16T19:05:30+00:00","og_image":[{"url":"https:\/\/arteeluoghi.it\/images\/stories\/copertina-cd.jpg"}],"twitter_card":"summary","twitter_creator":"@arteeluoghi","twitter_site":"@arteeluoghi","twitter_misc":{"Scritto da":"Staff","Tempo di lettura stimato":"2 minuti"},"schema":{"@context":"https:\/\/schema.org","@graph":[{"@type":"Organization","@id":"https:\/\/arteeluoghi.it\/#organization","name":"Arte e Luoghi","url":"https:\/\/arteeluoghi.it\/","sameAs":["https:\/\/www.facebook.com\/ArteELuoghi\/","https:\/\/www.instagram.com\/arteeluoghi\/?hl=it","https:\/\/www.youtube.com\/channel\/UCuRVc4JW4-C5sg9rQB-srkw?view_as=subscriber","https:\/\/twitter.com\/arteeluoghi"],"logo":{"@type":"ImageObject","@id":"https:\/\/arteeluoghi.it\/#logo","inLanguage":"it-IT","url":"https:\/\/arteeluoghi.it\/wp-content\/uploads\/2018\/08\/logoinstagramarte.jpg","contentUrl":"https:\/\/arteeluoghi.it\/wp-content\/uploads\/2018\/08\/logoinstagramarte.jpg","width":150,"height":150,"caption":"Arte e Luoghi"},"image":{"@id":"https:\/\/arteeluoghi.it\/#logo"}},{"@type":"WebSite","@id":"https:\/\/arteeluoghi.it\/#website","url":"https:\/\/arteeluoghi.it\/","name":"Arte e Luoghi","description":"Mensile di arte, cultura, turismo e curiosit\u00e0","publisher":{"@id":"https:\/\/arteeluoghi.it\/#organization"},"potentialAction":[{"@type":"SearchAction","target":{"@type":"EntryPoint","urlTemplate":"https:\/\/arteeluoghi.it\/?s={search_term_string}"},"query-input":"required name=search_term_string"}],"inLanguage":"it-IT"},{"@type":"ImageObject","@id":"https:\/\/arteeluoghi.it\/index.php\/2012\/06\/16\/il-nuovo-cd-di-gabriele-poso\/#primaryimage","inLanguage":"it-IT","url":"\/images\/stories\/copertina-cd.jpg","contentUrl":"\/images\/stories\/copertina-cd.jpg"},{"@type":"WebPage","@id":"https:\/\/arteeluoghi.it\/index.php\/2012\/06\/16\/il-nuovo-cd-di-gabriele-poso\/#webpage","url":"https:\/\/arteeluoghi.it\/index.php\/2012\/06\/16\/il-nuovo-cd-di-gabriele-poso\/","name":"IL nuovo cd di Gabriele Poso | Arte e Luoghi","isPartOf":{"@id":"https:\/\/arteeluoghi.it\/#website"},"primaryImageOfPage":{"@id":"https:\/\/arteeluoghi.it\/index.php\/2012\/06\/16\/il-nuovo-cd-di-gabriele-poso\/#primaryimage"},"datePublished":"2012-06-16T19:05:30+00:00","dateModified":"2012-06-16T19:05:30+00:00","breadcrumb":{"@id":"https:\/\/arteeluoghi.it\/index.php\/2012\/06\/16\/il-nuovo-cd-di-gabriele-poso\/#breadcrumb"},"inLanguage":"it-IT","potentialAction":[{"@type":"ReadAction","target":["https:\/\/arteeluoghi.it\/index.php\/2012\/06\/16\/il-nuovo-cd-di-gabriele-poso\/"]}]},{"@type":"BreadcrumbList","@id":"https:\/\/arteeluoghi.it\/index.php\/2012\/06\/16\/il-nuovo-cd-di-gabriele-poso\/#breadcrumb","itemListElement":[{"@type":"ListItem","position":1,"name":"Home","item":"https:\/\/arteeluoghi.it\/"},{"@type":"ListItem","position":2,"name":"IL nuovo cd di Gabriele Poso"}]},{"@type":"Article","@id":"https:\/\/arteeluoghi.it\/index.php\/2012\/06\/16\/il-nuovo-cd-di-gabriele-poso\/#article","isPartOf":{"@id":"https:\/\/arteeluoghi.it\/index.php\/2012\/06\/16\/il-nuovo-cd-di-gabriele-poso\/#webpage"},"author":{"@id":"https:\/\/arteeluoghi.it\/#\/schema\/person\/f84e814e36e91e01448ee07eaadd41d4"},"headline":"IL nuovo cd di Gabriele Poso","datePublished":"2012-06-16T19:05:30+00:00","dateModified":"2012-06-16T19:05:30+00:00","mainEntityOfPage":{"@id":"https:\/\/arteeluoghi.it\/index.php\/2012\/06\/16\/il-nuovo-cd-di-gabriele-poso\/#webpage"},"wordCount":321,"commentCount":0,"publisher":{"@id":"https:\/\/arteeluoghi.it\/#organization"},"image":{"@id":"https:\/\/arteeluoghi.it\/index.php\/2012\/06\/16\/il-nuovo-cd-di-gabriele-poso\/#primaryimage"},"thumbnailUrl":"\/images\/stories\/copertina-cd.jpg","articleSection":["MUSICA"],"inLanguage":"it-IT","potentialAction":[{"@type":"CommentAction","name":"Comment","target":["https:\/\/arteeluoghi.it\/index.php\/2012\/06\/16\/il-nuovo-cd-di-gabriele-poso\/#respond"]}]},{"@type":"Person","@id":"https:\/\/arteeluoghi.it\/#\/schema\/person\/f84e814e36e91e01448ee07eaadd41d4","name":"Staff","image":{"@type":"ImageObject","@id":"https:\/\/arteeluoghi.it\/#personlogo","inLanguage":"it-IT","url":"https:\/\/secure.gravatar.com\/avatar\/49d2f9e46271bb04e19cebfaf141313a?s=96&d=blank&r=g","contentUrl":"https:\/\/secure.gravatar.com\/avatar\/49d2f9e46271bb04e19cebfaf141313a?s=96&d=blank&r=g","caption":"Staff"}}]}},"_links":{"self":[{"href":"https:\/\/arteeluoghi.it\/index.php\/wp-json\/wp\/v2\/posts\/792"}],"collection":[{"href":"https:\/\/arteeluoghi.it\/index.php\/wp-json\/wp\/v2\/posts"}],"about":[{"href":"https:\/\/arteeluoghi.it\/index.php\/wp-json\/wp\/v2\/types\/post"}],"author":[{"embeddable":true,"href":"https:\/\/arteeluoghi.it\/index.php\/wp-json\/wp\/v2\/users\/1"}],"replies":[{"embeddable":true,"href":"https:\/\/arteeluoghi.it\/index.php\/wp-json\/wp\/v2\/comments?post=792"}],"version-history":[{"count":0,"href":"https:\/\/arteeluoghi.it\/index.php\/wp-json\/wp\/v2\/posts\/792\/revisions"}],"wp:attachment":[{"href":"https:\/\/arteeluoghi.it\/index.php\/wp-json\/wp\/v2\/media?parent=792"}],"wp:term":[{"taxonomy":"category","embeddable":true,"href":"https:\/\/arteeluoghi.it\/index.php\/wp-json\/wp\/v2\/categories?post=792"},{"taxonomy":"post_tag","embeddable":true,"href":"https:\/\/arteeluoghi.it\/index.php\/wp-json\/wp\/v2\/tags?post=792"}],"curies":[{"name":"wp","href":"https:\/\/api.w.org\/{rel}","templated":true}]}}