{"id":7989,"date":"2020-04-01T21:09:47","date_gmt":"2020-04-01T19:09:47","guid":{"rendered":"https:\/\/arteeluoghi.it\/?p=7989"},"modified":"2020-04-18T21:13:17","modified_gmt":"2020-04-18T19:13:17","slug":"ancheiosonoforte-quando-la-mostra-diventa-social","status":"publish","type":"post","link":"https:\/\/arteeluoghi.it\/index.php\/2020\/04\/01\/ancheiosonoforte-quando-la-mostra-diventa-social\/","title":{"rendered":"#ancheiosonoforte. Quando la mostra diventa social"},"content":{"rendered":"\n<blockquote class=\"wp-block-quote\"><p>Nel difficile contesto storico che stiamo vivendo l\u2019associazione  <br>Forte di Bard porta l\u2019arte a casa attraverso i canali  di comunicazione online <\/p><\/blockquote>\n\n\n\n<p>Il Forte di Bard porta le sue mostre sui social: video pillole d\u2019arte, schede informative e filmati inediti dedicati al territorio<br> E lancia anche l\u2019iniziativa #ancheiosonoforte<br> Il Forte di Bard porta l\u2019arte a casa attraverso i suoi canali di comunicazione online. In questi giorni di emergenza sanitaria, in cui \u00e8 importante restare a casa e seguire le regole, l\u2019Associazione Forte di Bard sta veicolando attraverso i propri profili social, i contenuti delle mostre allestite nelle sue sale. Un palinsesto culturale fatto di video pillole d\u2019arte &#8211; dedicate ad alcune delle opere della mostra Capolavori della Johannesburg Art Gallery. Dagli Impressionisti a Picasso &#8211; e di schede informative, legate alle immagini delle mostre fotografiche Wildlife Photographer of the Year, PhotoAnsa e On assignment, una vita selvaggia.<\/p>\n\n\n\n<!--more-->\n\n\n\n<p><br> \u00abL\u2019intenzione \u00e8 quella di offrire una proposta culturale virtuale che sia occasione di approfondimento dell\u2019offerta espositiva attuale del Forte, che non \u00e8 ora possibile fruire \u2013 spiega il Direttore del Forte di Bard, Maria Cristina Ronc -. <br> A questo si aggiunge un\u2019ulteriore iniziativa sempre sui nostri canali social, che abbiamo chiamato #ancheiosonoforte, in cui invitiamo gli utenti a raccontare e a condividere, in questo difficile momento di emergenza, storie e racconti della loro vita quotidiana in cui, come una fortezza, hanno dovuto mostrare forza e coraggio. Un modo per restare connessi e creare una rete di condivisione e di solidariet\u00e0\u00bb.<br> \u00ab\u00e8 importante in questo momento di chiusura di tutte le attivit\u00e0 mantenere accesi pi\u00f9 canali di comunicazione con le persone a casa \u2013 evidenzia la Presidente del Forte di Bard, Ornella Badery -. Lo facciamo con video, fotografie, filmati che diventano cos\u00ec occasioni di svago e cultura. In parallelo ai contenuti sulle mostre, pubblichiamo sulla pagina Facebook anche video inediti dedicati ai 15 Comuni della Bassa Valle d\u2019Aosta che hanno aderito lo scorso anno al Progetto Territorio. Promuoviamo agli occhi di chi sta a casa, le nostre bellezze artistiche e naturali, per invogliare i turisti a venire a trovarci non appena le condizioni sanitarie generali lo consentiranno. Noi siamo forti e vogliamo continuare in qualche modo ad essere presenti\u00bb.<br> I contenuti extra dedicati alle mostre e al territorio sono fruibili sulla pagina Facebook Forte di Bard, sulla pagina Instagram @forte_di_bard e sul sito fortedibard.it<\/p>\n","protected":false},"excerpt":{"rendered":"<p>Nel difficile contesto storico che stiamo vivendo l\u2019associazione Forte di Bard porta l\u2019arte a casa attraverso i canali di comunicazione<\/p>\n","protected":false},"author":1,"featured_media":7990,"comment_status":"open","ping_status":"open","sticky":true,"template":"","format":"standard","meta":[],"categories":[27,3],"tags":[2167,2166,2165],"yoast_head":"<!-- This site is optimized with the Yoast SEO plugin v18.0 - https:\/\/yoast.com\/wordpress\/plugins\/seo\/ -->\n<title>#ancheiosonoforte. Quando la mostra diventa social | Arte e Luoghi<\/title>\n<meta name=\"robots\" content=\"index, follow, max-snippet:-1, max-image-preview:large, max-video-preview:-1\" \/>\n<link rel=\"canonical\" href=\"https:\/\/arteeluoghi.it\/index.php\/2020\/04\/01\/ancheiosonoforte-quando-la-mostra-diventa-social\/\" \/>\n<meta property=\"og:locale\" content=\"it_IT\" \/>\n<meta property=\"og:type\" content=\"article\" \/>\n<meta property=\"og:title\" content=\"#ancheiosonoforte. Quando la mostra diventa social | Arte e Luoghi\" \/>\n<meta property=\"og:description\" content=\"Nel difficile contesto storico che stiamo vivendo l\u2019associazione Forte di Bard porta l\u2019arte a casa attraverso i canali di comunicazione\" \/>\n<meta property=\"og:url\" content=\"https:\/\/arteeluoghi.it\/index.php\/2020\/04\/01\/ancheiosonoforte-quando-la-mostra-diventa-social\/\" \/>\n<meta property=\"og:site_name\" content=\"Arte e Luoghi\" \/>\n<meta property=\"article:publisher\" content=\"https:\/\/www.facebook.com\/ArteELuoghi\/\" \/>\n<meta property=\"article:published_time\" content=\"2020-04-01T19:09:47+00:00\" \/>\n<meta property=\"article:modified_time\" content=\"2020-04-18T19:13:17+00:00\" \/>\n<meta property=\"og:image\" content=\"https:\/\/arteeluoghi.it\/wp-content\/uploads\/2020\/04\/Forte-di-Bard-foto-di-Francesca-Alti-2-1024x682.jpg\" \/>\n\t<meta property=\"og:image:width\" content=\"1024\" \/>\n\t<meta property=\"og:image:height\" content=\"682\" \/>\n\t<meta property=\"og:image:type\" content=\"image\/jpeg\" \/>\n<meta name=\"twitter:card\" content=\"summary\" \/>\n<meta name=\"twitter:creator\" content=\"@arteeluoghi\" \/>\n<meta name=\"twitter:site\" content=\"@arteeluoghi\" \/>\n<meta name=\"twitter:label1\" content=\"Scritto da\" \/>\n\t<meta name=\"twitter:data1\" content=\"Staff\" \/>\n\t<meta name=\"twitter:label2\" content=\"Tempo di lettura stimato\" \/>\n\t<meta name=\"twitter:data2\" content=\"2 minuti\" \/>\n<script type=\"application\/ld+json\" class=\"yoast-schema-graph\">{\"@context\":\"https:\/\/schema.org\",\"@graph\":[{\"@type\":\"Organization\",\"@id\":\"https:\/\/arteeluoghi.it\/#organization\",\"name\":\"Arte e Luoghi\",\"url\":\"https:\/\/arteeluoghi.it\/\",\"sameAs\":[\"https:\/\/www.facebook.com\/ArteELuoghi\/\",\"https:\/\/www.instagram.com\/arteeluoghi\/?hl=it\",\"https:\/\/www.youtube.com\/channel\/UCuRVc4JW4-C5sg9rQB-srkw?view_as=subscriber\",\"https:\/\/twitter.com\/arteeluoghi\"],\"logo\":{\"@type\":\"ImageObject\",\"@id\":\"https:\/\/arteeluoghi.it\/#logo\",\"inLanguage\":\"it-IT\",\"url\":\"https:\/\/arteeluoghi.it\/wp-content\/uploads\/2018\/08\/logoinstagramarte.jpg\",\"contentUrl\":\"https:\/\/arteeluoghi.it\/wp-content\/uploads\/2018\/08\/logoinstagramarte.jpg\",\"width\":150,\"height\":150,\"caption\":\"Arte e Luoghi\"},\"image\":{\"@id\":\"https:\/\/arteeluoghi.it\/#logo\"}},{\"@type\":\"WebSite\",\"@id\":\"https:\/\/arteeluoghi.it\/#website\",\"url\":\"https:\/\/arteeluoghi.it\/\",\"name\":\"Arte e Luoghi\",\"description\":\"Mensile di arte, cultura, turismo e curiosit\u00e0\",\"publisher\":{\"@id\":\"https:\/\/arteeluoghi.it\/#organization\"},\"potentialAction\":[{\"@type\":\"SearchAction\",\"target\":{\"@type\":\"EntryPoint\",\"urlTemplate\":\"https:\/\/arteeluoghi.it\/?s={search_term_string}\"},\"query-input\":\"required name=search_term_string\"}],\"inLanguage\":\"it-IT\"},{\"@type\":\"ImageObject\",\"@id\":\"https:\/\/arteeluoghi.it\/index.php\/2020\/04\/01\/ancheiosonoforte-quando-la-mostra-diventa-social\/#primaryimage\",\"inLanguage\":\"it-IT\",\"url\":\"https:\/\/arteeluoghi.it\/wp-content\/uploads\/2020\/04\/Forte-di-Bard-foto-di-Francesca-Alti-2.jpg\",\"contentUrl\":\"https:\/\/arteeluoghi.it\/wp-content\/uploads\/2020\/04\/Forte-di-Bard-foto-di-Francesca-Alti-2.jpg\",\"width\":1772,\"height\":1181},{\"@type\":\"WebPage\",\"@id\":\"https:\/\/arteeluoghi.it\/index.php\/2020\/04\/01\/ancheiosonoforte-quando-la-mostra-diventa-social\/#webpage\",\"url\":\"https:\/\/arteeluoghi.it\/index.php\/2020\/04\/01\/ancheiosonoforte-quando-la-mostra-diventa-social\/\",\"name\":\"#ancheiosonoforte. Quando la mostra diventa social | Arte e Luoghi\",\"isPartOf\":{\"@id\":\"https:\/\/arteeluoghi.it\/#website\"},\"primaryImageOfPage\":{\"@id\":\"https:\/\/arteeluoghi.it\/index.php\/2020\/04\/01\/ancheiosonoforte-quando-la-mostra-diventa-social\/#primaryimage\"},\"datePublished\":\"2020-04-01T19:09:47+00:00\",\"dateModified\":\"2020-04-18T19:13:17+00:00\",\"breadcrumb\":{\"@id\":\"https:\/\/arteeluoghi.it\/index.php\/2020\/04\/01\/ancheiosonoforte-quando-la-mostra-diventa-social\/#breadcrumb\"},\"inLanguage\":\"it-IT\",\"potentialAction\":[{\"@type\":\"ReadAction\",\"target\":[\"https:\/\/arteeluoghi.it\/index.php\/2020\/04\/01\/ancheiosonoforte-quando-la-mostra-diventa-social\/\"]}]},{\"@type\":\"BreadcrumbList\",\"@id\":\"https:\/\/arteeluoghi.it\/index.php\/2020\/04\/01\/ancheiosonoforte-quando-la-mostra-diventa-social\/#breadcrumb\",\"itemListElement\":[{\"@type\":\"ListItem\",\"position\":1,\"name\":\"Home\",\"item\":\"https:\/\/arteeluoghi.it\/\"},{\"@type\":\"ListItem\",\"position\":2,\"name\":\"#ancheiosonoforte. Quando la mostra diventa social\"}]},{\"@type\":\"Article\",\"@id\":\"https:\/\/arteeluoghi.it\/index.php\/2020\/04\/01\/ancheiosonoforte-quando-la-mostra-diventa-social\/#article\",\"isPartOf\":{\"@id\":\"https:\/\/arteeluoghi.it\/index.php\/2020\/04\/01\/ancheiosonoforte-quando-la-mostra-diventa-social\/#webpage\"},\"author\":{\"@id\":\"https:\/\/arteeluoghi.it\/#\/schema\/person\/f84e814e36e91e01448ee07eaadd41d4\"},\"headline\":\"#ancheiosonoforte. Quando la mostra diventa social\",\"datePublished\":\"2020-04-01T19:09:47+00:00\",\"dateModified\":\"2020-04-18T19:13:17+00:00\",\"mainEntityOfPage\":{\"@id\":\"https:\/\/arteeluoghi.it\/index.php\/2020\/04\/01\/ancheiosonoforte-quando-la-mostra-diventa-social\/#webpage\"},\"wordCount\":403,\"commentCount\":0,\"publisher\":{\"@id\":\"https:\/\/arteeluoghi.it\/#organization\"},\"image\":{\"@id\":\"https:\/\/arteeluoghi.it\/index.php\/2020\/04\/01\/ancheiosonoforte-quando-la-mostra-diventa-social\/#primaryimage\"},\"thumbnailUrl\":\"https:\/\/arteeluoghi.it\/wp-content\/uploads\/2020\/04\/Forte-di-Bard-foto-di-Francesca-Alti-2.jpg\",\"keywords\":[\"#ancheiosonoforte\",\"arte on line\",\"Forte de Bard\"],\"articleSection\":[\"Arte\",\"Arti visive\"],\"inLanguage\":\"it-IT\",\"potentialAction\":[{\"@type\":\"CommentAction\",\"name\":\"Comment\",\"target\":[\"https:\/\/arteeluoghi.it\/index.php\/2020\/04\/01\/ancheiosonoforte-quando-la-mostra-diventa-social\/#respond\"]}]},{\"@type\":\"Person\",\"@id\":\"https:\/\/arteeluoghi.it\/#\/schema\/person\/f84e814e36e91e01448ee07eaadd41d4\",\"name\":\"Staff\",\"image\":{\"@type\":\"ImageObject\",\"@id\":\"https:\/\/arteeluoghi.it\/#personlogo\",\"inLanguage\":\"it-IT\",\"url\":\"https:\/\/secure.gravatar.com\/avatar\/49d2f9e46271bb04e19cebfaf141313a?s=96&d=blank&r=g\",\"contentUrl\":\"https:\/\/secure.gravatar.com\/avatar\/49d2f9e46271bb04e19cebfaf141313a?s=96&d=blank&r=g\",\"caption\":\"Staff\"}}]}<\/script>\n<!-- \/ Yoast SEO plugin. -->","yoast_head_json":{"title":"#ancheiosonoforte. Quando la mostra diventa social | Arte e Luoghi","robots":{"index":"index","follow":"follow","max-snippet":"max-snippet:-1","max-image-preview":"max-image-preview:large","max-video-preview":"max-video-preview:-1"},"canonical":"https:\/\/arteeluoghi.it\/index.php\/2020\/04\/01\/ancheiosonoforte-quando-la-mostra-diventa-social\/","og_locale":"it_IT","og_type":"article","og_title":"#ancheiosonoforte. Quando la mostra diventa social | Arte e Luoghi","og_description":"Nel difficile contesto storico che stiamo vivendo l\u2019associazione Forte di Bard porta l\u2019arte a casa attraverso i canali di comunicazione","og_url":"https:\/\/arteeluoghi.it\/index.php\/2020\/04\/01\/ancheiosonoforte-quando-la-mostra-diventa-social\/","og_site_name":"Arte e Luoghi","article_publisher":"https:\/\/www.facebook.com\/ArteELuoghi\/","article_published_time":"2020-04-01T19:09:47+00:00","article_modified_time":"2020-04-18T19:13:17+00:00","og_image":[{"width":1024,"height":682,"url":"https:\/\/arteeluoghi.it\/wp-content\/uploads\/2020\/04\/Forte-di-Bard-foto-di-Francesca-Alti-2-1024x682.jpg","type":"image\/jpeg"}],"twitter_card":"summary","twitter_creator":"@arteeluoghi","twitter_site":"@arteeluoghi","twitter_misc":{"Scritto da":"Staff","Tempo di lettura stimato":"2 minuti"},"schema":{"@context":"https:\/\/schema.org","@graph":[{"@type":"Organization","@id":"https:\/\/arteeluoghi.it\/#organization","name":"Arte e Luoghi","url":"https:\/\/arteeluoghi.it\/","sameAs":["https:\/\/www.facebook.com\/ArteELuoghi\/","https:\/\/www.instagram.com\/arteeluoghi\/?hl=it","https:\/\/www.youtube.com\/channel\/UCuRVc4JW4-C5sg9rQB-srkw?view_as=subscriber","https:\/\/twitter.com\/arteeluoghi"],"logo":{"@type":"ImageObject","@id":"https:\/\/arteeluoghi.it\/#logo","inLanguage":"it-IT","url":"https:\/\/arteeluoghi.it\/wp-content\/uploads\/2018\/08\/logoinstagramarte.jpg","contentUrl":"https:\/\/arteeluoghi.it\/wp-content\/uploads\/2018\/08\/logoinstagramarte.jpg","width":150,"height":150,"caption":"Arte e Luoghi"},"image":{"@id":"https:\/\/arteeluoghi.it\/#logo"}},{"@type":"WebSite","@id":"https:\/\/arteeluoghi.it\/#website","url":"https:\/\/arteeluoghi.it\/","name":"Arte e Luoghi","description":"Mensile di arte, cultura, turismo e curiosit\u00e0","publisher":{"@id":"https:\/\/arteeluoghi.it\/#organization"},"potentialAction":[{"@type":"SearchAction","target":{"@type":"EntryPoint","urlTemplate":"https:\/\/arteeluoghi.it\/?s={search_term_string}"},"query-input":"required name=search_term_string"}],"inLanguage":"it-IT"},{"@type":"ImageObject","@id":"https:\/\/arteeluoghi.it\/index.php\/2020\/04\/01\/ancheiosonoforte-quando-la-mostra-diventa-social\/#primaryimage","inLanguage":"it-IT","url":"https:\/\/arteeluoghi.it\/wp-content\/uploads\/2020\/04\/Forte-di-Bard-foto-di-Francesca-Alti-2.jpg","contentUrl":"https:\/\/arteeluoghi.it\/wp-content\/uploads\/2020\/04\/Forte-di-Bard-foto-di-Francesca-Alti-2.jpg","width":1772,"height":1181},{"@type":"WebPage","@id":"https:\/\/arteeluoghi.it\/index.php\/2020\/04\/01\/ancheiosonoforte-quando-la-mostra-diventa-social\/#webpage","url":"https:\/\/arteeluoghi.it\/index.php\/2020\/04\/01\/ancheiosonoforte-quando-la-mostra-diventa-social\/","name":"#ancheiosonoforte. Quando la mostra diventa social | Arte e Luoghi","isPartOf":{"@id":"https:\/\/arteeluoghi.it\/#website"},"primaryImageOfPage":{"@id":"https:\/\/arteeluoghi.it\/index.php\/2020\/04\/01\/ancheiosonoforte-quando-la-mostra-diventa-social\/#primaryimage"},"datePublished":"2020-04-01T19:09:47+00:00","dateModified":"2020-04-18T19:13:17+00:00","breadcrumb":{"@id":"https:\/\/arteeluoghi.it\/index.php\/2020\/04\/01\/ancheiosonoforte-quando-la-mostra-diventa-social\/#breadcrumb"},"inLanguage":"it-IT","potentialAction":[{"@type":"ReadAction","target":["https:\/\/arteeluoghi.it\/index.php\/2020\/04\/01\/ancheiosonoforte-quando-la-mostra-diventa-social\/"]}]},{"@type":"BreadcrumbList","@id":"https:\/\/arteeluoghi.it\/index.php\/2020\/04\/01\/ancheiosonoforte-quando-la-mostra-diventa-social\/#breadcrumb","itemListElement":[{"@type":"ListItem","position":1,"name":"Home","item":"https:\/\/arteeluoghi.it\/"},{"@type":"ListItem","position":2,"name":"#ancheiosonoforte. Quando la mostra diventa social"}]},{"@type":"Article","@id":"https:\/\/arteeluoghi.it\/index.php\/2020\/04\/01\/ancheiosonoforte-quando-la-mostra-diventa-social\/#article","isPartOf":{"@id":"https:\/\/arteeluoghi.it\/index.php\/2020\/04\/01\/ancheiosonoforte-quando-la-mostra-diventa-social\/#webpage"},"author":{"@id":"https:\/\/arteeluoghi.it\/#\/schema\/person\/f84e814e36e91e01448ee07eaadd41d4"},"headline":"#ancheiosonoforte. Quando la mostra diventa social","datePublished":"2020-04-01T19:09:47+00:00","dateModified":"2020-04-18T19:13:17+00:00","mainEntityOfPage":{"@id":"https:\/\/arteeluoghi.it\/index.php\/2020\/04\/01\/ancheiosonoforte-quando-la-mostra-diventa-social\/#webpage"},"wordCount":403,"commentCount":0,"publisher":{"@id":"https:\/\/arteeluoghi.it\/#organization"},"image":{"@id":"https:\/\/arteeluoghi.it\/index.php\/2020\/04\/01\/ancheiosonoforte-quando-la-mostra-diventa-social\/#primaryimage"},"thumbnailUrl":"https:\/\/arteeluoghi.it\/wp-content\/uploads\/2020\/04\/Forte-di-Bard-foto-di-Francesca-Alti-2.jpg","keywords":["#ancheiosonoforte","arte on line","Forte de Bard"],"articleSection":["Arte","Arti visive"],"inLanguage":"it-IT","potentialAction":[{"@type":"CommentAction","name":"Comment","target":["https:\/\/arteeluoghi.it\/index.php\/2020\/04\/01\/ancheiosonoforte-quando-la-mostra-diventa-social\/#respond"]}]},{"@type":"Person","@id":"https:\/\/arteeluoghi.it\/#\/schema\/person\/f84e814e36e91e01448ee07eaadd41d4","name":"Staff","image":{"@type":"ImageObject","@id":"https:\/\/arteeluoghi.it\/#personlogo","inLanguage":"it-IT","url":"https:\/\/secure.gravatar.com\/avatar\/49d2f9e46271bb04e19cebfaf141313a?s=96&d=blank&r=g","contentUrl":"https:\/\/secure.gravatar.com\/avatar\/49d2f9e46271bb04e19cebfaf141313a?s=96&d=blank&r=g","caption":"Staff"}}]}},"_links":{"self":[{"href":"https:\/\/arteeluoghi.it\/index.php\/wp-json\/wp\/v2\/posts\/7989"}],"collection":[{"href":"https:\/\/arteeluoghi.it\/index.php\/wp-json\/wp\/v2\/posts"}],"about":[{"href":"https:\/\/arteeluoghi.it\/index.php\/wp-json\/wp\/v2\/types\/post"}],"author":[{"embeddable":true,"href":"https:\/\/arteeluoghi.it\/index.php\/wp-json\/wp\/v2\/users\/1"}],"replies":[{"embeddable":true,"href":"https:\/\/arteeluoghi.it\/index.php\/wp-json\/wp\/v2\/comments?post=7989"}],"version-history":[{"count":1,"href":"https:\/\/arteeluoghi.it\/index.php\/wp-json\/wp\/v2\/posts\/7989\/revisions"}],"predecessor-version":[{"id":7993,"href":"https:\/\/arteeluoghi.it\/index.php\/wp-json\/wp\/v2\/posts\/7989\/revisions\/7993"}],"wp:featuredmedia":[{"embeddable":true,"href":"https:\/\/arteeluoghi.it\/index.php\/wp-json\/wp\/v2\/media\/7990"}],"wp:attachment":[{"href":"https:\/\/arteeluoghi.it\/index.php\/wp-json\/wp\/v2\/media?parent=7989"}],"wp:term":[{"taxonomy":"category","embeddable":true,"href":"https:\/\/arteeluoghi.it\/index.php\/wp-json\/wp\/v2\/categories?post=7989"},{"taxonomy":"post_tag","embeddable":true,"href":"https:\/\/arteeluoghi.it\/index.php\/wp-json\/wp\/v2\/tags?post=7989"}],"curies":[{"name":"wp","href":"https:\/\/api.w.org\/{rel}","templated":true}]}}