{"id":805,"date":"2012-06-21T14:47:01","date_gmt":"2012-06-21T12:47:01","guid":{"rendered":"http:\/\/arteeluoghi.it\/index.php\/2012\/06\/21\/montezemolo-a-lecce\/"},"modified":"2017-08-06T23:19:29","modified_gmt":"2017-08-06T21:19:29","slug":"montezemolo-a-lecce","status":"publish","type":"post","link":"https:\/\/arteeluoghi.it\/index.php\/2012\/06\/21\/montezemolo-a-lecce\/","title":{"rendered":"Montezemolo a Lecce"},"content":{"rendered":"<p><strong><img src=\"\/images\/stories\/loc-cantelmo.jpg\" border=\"0\" width=\"200\" style=\"margin: 21px; float: left;\" \/><\/strong><\/p>\n<p>\u00a0<\/p>\n<p>\u00a0<\/p>\n<p><strong>Luca Cordero di Montezemolo<\/strong> il 26 giugno alle Officine Cantelmo di Lecce<\/p>\n<p style=\"text-align: left;\">\u00a0<\/p>\n<p style=\"text-align: left;\"><span style=\"font-size: small;\"><strong>I GIOVANI, UN MOTORE INARRESTABILE <\/strong><\/span><\/p>\n<p align=\"center\">\u00a0<\/p>\n<p align=\"center\"><strong> <\/strong><\/p>\n<p>Un incontro che possa consegnare ai giovani delle chiavi di lettura sul tema del lavoro e sulle reali opportunit\u00e0 che un territorio, come il Salento, offre loro. L\u2019arrivo a Lecce del Presidente della Ferrari, Luca Cordero di Montezemolo, rappresenta un\u2019occasione importante per affrontare uno degli argomenti che pi\u00f9 interessa le nuove generazioni, soprattutto in questo periodo particolarmente critico per il Paese.<\/p>\n<p>Si \u00e8 pensato ad un confronto, presso le Officine Cantelmo, luogo di aggregazione giovanile per eccellenza, dove protagoniste sono da sempre ricerca, cultura e formazione. Un luogo in cui i sogni, i progetti, le idee animano ogni giornata. L\u2019incontro del Presidente Montezemolo con i giovani salentini sar\u00e0 un momento per conversare e approfondire le nostre prospettive di sviluppo. E per capire, con un ospite d\u2019eccezione, come costruire passo dopo passo il proprio futuro, partendo dalle reali possibilit\u00e0 del presente.<\/p>\n<p>L\u2019esperienza, la professionalit\u00e0, la cultura umana e d\u2019impresa del Presidente Montezemolo potranno stimolare i ragazzi a lottare per affermarsi e a credere nelle proprie potenzialit\u00e0.\u00a0 Quello di Lecce sar\u00e0 un incontro efficace e illuminante per le giovani menti. Basato non solo sul contatto con il pubblico presente ma utilizzando il linguaggio veloce e moderno dei social media (Twitter, Facebook, Youtube) e grazie anche alla diffusione assicurata dalla diretta streaming, potr\u00e0 coinvolgere la pi\u00f9 ampia platea possibile. Spazio quindi ad interazioni, commenti, condivisioni e spunti di riflessione sull\u2019argomento.<\/p>\n<p>  <!--more-->  La conversazione che le <strong>Officine Cantelmo<\/strong> ospiteranno, il <strong><span style=\"text-decoration: underline;\">26 giugno<\/span><\/strong> alle <strong><span style=\"text-decoration: underline;\">15.00,<\/span><\/strong> vedr\u00e0 come protagonisti il Presidente Ferrari S.p.A. <strong>Luca Cordero di Montezemolo<\/strong>, l\u2019assessore alle Politiche Giovanili del Comune di Lecce <strong>Alessandro Delli Noci<\/strong>, il vicepresidente dell\u2019Ordine dei Giornalisti di Puglia <strong>Pierpaolo Lala<\/strong> e il Presidente di Officine Cantelmo <strong>Marco Cataldo<\/strong>. Ad aggiungere valore all\u2019incontro sar\u00e0 l\u2019attivit\u00e0 socialmediale prodotta prima e durante l\u2019evento dagli utenti della Rete, e che sar\u00e0 visualizzata su due maxischermi laterali. Chi lo vorr\u00e0, potr\u00e0 sottoporre all\u2019attenzione del team di comunicazione delle Officine Cantelmo i suoi interventi, producendoli direttamente da un apposito social media corner dotato di iPad, messo a disposizione del pubblico. Alcuni post prodotti cos\u00ec in \u201ccrowdsourcing\u201d verranno opportunamente selezionati e, durante il corso della diretta, proposti come nuovi temi di discussione agli ospiti. Ah, dimenticavamo: nel corso dell\u2019incontro:<strong> NON SI PARLA DI POLITICA<\/strong><\/p>\n<p>(fonte: comunicato stampa)<strong> <\/strong><\/p>\n<p style=\"text-align: left;\"><strong> <\/p>\n<hr \/>\n<p> Luca Cordero di Montezemolo <\/strong><\/p>\n<p style=\"text-align: left;\">26 giugno alle ore 15.00<\/p>\n<p style=\"text-align: left;\">Officine Cantelmo, Lecce<\/p>\n","protected":false},"excerpt":{"rendered":"<p>\u00a0 \u00a0 Luca Cordero di Montezemolo il 26 giugno alle Officine Cantelmo di Lecce \u00a0 I GIOVANI, UN MOTORE INARRESTABILE<\/p>\n","protected":false},"author":1,"featured_media":0,"comment_status":"open","ping_status":"open","sticky":false,"template":"","format":"standard","meta":[],"categories":[52],"tags":[],"yoast_head":"<!-- This site is optimized with the Yoast SEO plugin v18.0 - https:\/\/yoast.com\/wordpress\/plugins\/seo\/ -->\n<title>Montezemolo a Lecce | Arte e Luoghi<\/title>\n<meta name=\"robots\" content=\"index, follow, max-snippet:-1, max-image-preview:large, max-video-preview:-1\" \/>\n<link rel=\"canonical\" href=\"https:\/\/arteeluoghi.it\/index.php\/2012\/06\/21\/montezemolo-a-lecce\/\" \/>\n<meta property=\"og:locale\" content=\"it_IT\" \/>\n<meta property=\"og:type\" content=\"article\" \/>\n<meta property=\"og:title\" content=\"Montezemolo a Lecce | Arte e Luoghi\" \/>\n<meta property=\"og:description\" content=\"\u00a0 \u00a0 Luca Cordero di Montezemolo il 26 giugno alle Officine Cantelmo di Lecce \u00a0 I GIOVANI, UN MOTORE INARRESTABILE\" \/>\n<meta property=\"og:url\" content=\"https:\/\/arteeluoghi.it\/index.php\/2012\/06\/21\/montezemolo-a-lecce\/\" \/>\n<meta property=\"og:site_name\" content=\"Arte e Luoghi\" \/>\n<meta property=\"article:publisher\" content=\"https:\/\/www.facebook.com\/ArteELuoghi\/\" \/>\n<meta property=\"article:published_time\" content=\"2012-06-21T12:47:01+00:00\" \/>\n<meta property=\"article:modified_time\" content=\"2017-08-06T21:19:29+00:00\" \/>\n<meta property=\"og:image\" content=\"https:\/\/arteeluoghi.it\/images\/stories\/loc-cantelmo.jpg\" \/>\n<meta name=\"twitter:card\" content=\"summary\" \/>\n<meta name=\"twitter:creator\" content=\"@arteeluoghi\" \/>\n<meta name=\"twitter:site\" content=\"@arteeluoghi\" \/>\n<meta name=\"twitter:label1\" content=\"Scritto da\" \/>\n\t<meta name=\"twitter:data1\" content=\"Staff\" \/>\n\t<meta name=\"twitter:label2\" content=\"Tempo di lettura stimato\" \/>\n\t<meta name=\"twitter:data2\" content=\"2 minuti\" \/>\n<script type=\"application\/ld+json\" class=\"yoast-schema-graph\">{\"@context\":\"https:\/\/schema.org\",\"@graph\":[{\"@type\":\"Organization\",\"@id\":\"https:\/\/arteeluoghi.it\/#organization\",\"name\":\"Arte e Luoghi\",\"url\":\"https:\/\/arteeluoghi.it\/\",\"sameAs\":[\"https:\/\/www.facebook.com\/ArteELuoghi\/\",\"https:\/\/www.instagram.com\/arteeluoghi\/?hl=it\",\"https:\/\/www.youtube.com\/channel\/UCuRVc4JW4-C5sg9rQB-srkw?view_as=subscriber\",\"https:\/\/twitter.com\/arteeluoghi\"],\"logo\":{\"@type\":\"ImageObject\",\"@id\":\"https:\/\/arteeluoghi.it\/#logo\",\"inLanguage\":\"it-IT\",\"url\":\"https:\/\/arteeluoghi.it\/wp-content\/uploads\/2018\/08\/logoinstagramarte.jpg\",\"contentUrl\":\"https:\/\/arteeluoghi.it\/wp-content\/uploads\/2018\/08\/logoinstagramarte.jpg\",\"width\":150,\"height\":150,\"caption\":\"Arte e Luoghi\"},\"image\":{\"@id\":\"https:\/\/arteeluoghi.it\/#logo\"}},{\"@type\":\"WebSite\",\"@id\":\"https:\/\/arteeluoghi.it\/#website\",\"url\":\"https:\/\/arteeluoghi.it\/\",\"name\":\"Arte e Luoghi\",\"description\":\"Mensile di arte, cultura, turismo e curiosit\u00e0\",\"publisher\":{\"@id\":\"https:\/\/arteeluoghi.it\/#organization\"},\"potentialAction\":[{\"@type\":\"SearchAction\",\"target\":{\"@type\":\"EntryPoint\",\"urlTemplate\":\"https:\/\/arteeluoghi.it\/?s={search_term_string}\"},\"query-input\":\"required name=search_term_string\"}],\"inLanguage\":\"it-IT\"},{\"@type\":\"ImageObject\",\"@id\":\"https:\/\/arteeluoghi.it\/index.php\/2012\/06\/21\/montezemolo-a-lecce\/#primaryimage\",\"inLanguage\":\"it-IT\",\"url\":\"\/images\/stories\/loc-cantelmo.jpg\",\"contentUrl\":\"\/images\/stories\/loc-cantelmo.jpg\"},{\"@type\":\"WebPage\",\"@id\":\"https:\/\/arteeluoghi.it\/index.php\/2012\/06\/21\/montezemolo-a-lecce\/#webpage\",\"url\":\"https:\/\/arteeluoghi.it\/index.php\/2012\/06\/21\/montezemolo-a-lecce\/\",\"name\":\"Montezemolo a Lecce | Arte e Luoghi\",\"isPartOf\":{\"@id\":\"https:\/\/arteeluoghi.it\/#website\"},\"primaryImageOfPage\":{\"@id\":\"https:\/\/arteeluoghi.it\/index.php\/2012\/06\/21\/montezemolo-a-lecce\/#primaryimage\"},\"datePublished\":\"2012-06-21T12:47:01+00:00\",\"dateModified\":\"2017-08-06T21:19:29+00:00\",\"breadcrumb\":{\"@id\":\"https:\/\/arteeluoghi.it\/index.php\/2012\/06\/21\/montezemolo-a-lecce\/#breadcrumb\"},\"inLanguage\":\"it-IT\",\"potentialAction\":[{\"@type\":\"ReadAction\",\"target\":[\"https:\/\/arteeluoghi.it\/index.php\/2012\/06\/21\/montezemolo-a-lecce\/\"]}]},{\"@type\":\"BreadcrumbList\",\"@id\":\"https:\/\/arteeluoghi.it\/index.php\/2012\/06\/21\/montezemolo-a-lecce\/#breadcrumb\",\"itemListElement\":[{\"@type\":\"ListItem\",\"position\":1,\"name\":\"Home\",\"item\":\"https:\/\/arteeluoghi.it\/\"},{\"@type\":\"ListItem\",\"position\":2,\"name\":\"Montezemolo a Lecce\"}]},{\"@type\":\"Article\",\"@id\":\"https:\/\/arteeluoghi.it\/index.php\/2012\/06\/21\/montezemolo-a-lecce\/#article\",\"isPartOf\":{\"@id\":\"https:\/\/arteeluoghi.it\/index.php\/2012\/06\/21\/montezemolo-a-lecce\/#webpage\"},\"author\":{\"@id\":\"https:\/\/arteeluoghi.it\/#\/schema\/person\/f84e814e36e91e01448ee07eaadd41d4\"},\"headline\":\"Montezemolo a Lecce\",\"datePublished\":\"2012-06-21T12:47:01+00:00\",\"dateModified\":\"2017-08-06T21:19:29+00:00\",\"mainEntityOfPage\":{\"@id\":\"https:\/\/arteeluoghi.it\/index.php\/2012\/06\/21\/montezemolo-a-lecce\/#webpage\"},\"wordCount\":412,\"commentCount\":0,\"publisher\":{\"@id\":\"https:\/\/arteeluoghi.it\/#organization\"},\"image\":{\"@id\":\"https:\/\/arteeluoghi.it\/index.php\/2012\/06\/21\/montezemolo-a-lecce\/#primaryimage\"},\"thumbnailUrl\":\"\/images\/stories\/loc-cantelmo.jpg\",\"articleSection\":[\"I luoghi della parola\"],\"inLanguage\":\"it-IT\",\"potentialAction\":[{\"@type\":\"CommentAction\",\"name\":\"Comment\",\"target\":[\"https:\/\/arteeluoghi.it\/index.php\/2012\/06\/21\/montezemolo-a-lecce\/#respond\"]}]},{\"@type\":\"Person\",\"@id\":\"https:\/\/arteeluoghi.it\/#\/schema\/person\/f84e814e36e91e01448ee07eaadd41d4\",\"name\":\"Staff\",\"image\":{\"@type\":\"ImageObject\",\"@id\":\"https:\/\/arteeluoghi.it\/#personlogo\",\"inLanguage\":\"it-IT\",\"url\":\"https:\/\/secure.gravatar.com\/avatar\/49d2f9e46271bb04e19cebfaf141313a?s=96&d=blank&r=g\",\"contentUrl\":\"https:\/\/secure.gravatar.com\/avatar\/49d2f9e46271bb04e19cebfaf141313a?s=96&d=blank&r=g\",\"caption\":\"Staff\"}}]}<\/script>\n<!-- \/ Yoast SEO plugin. -->","yoast_head_json":{"title":"Montezemolo a Lecce | Arte e Luoghi","robots":{"index":"index","follow":"follow","max-snippet":"max-snippet:-1","max-image-preview":"max-image-preview:large","max-video-preview":"max-video-preview:-1"},"canonical":"https:\/\/arteeluoghi.it\/index.php\/2012\/06\/21\/montezemolo-a-lecce\/","og_locale":"it_IT","og_type":"article","og_title":"Montezemolo a Lecce | Arte e Luoghi","og_description":"\u00a0 \u00a0 Luca Cordero di Montezemolo il 26 giugno alle Officine Cantelmo di Lecce \u00a0 I GIOVANI, UN MOTORE INARRESTABILE","og_url":"https:\/\/arteeluoghi.it\/index.php\/2012\/06\/21\/montezemolo-a-lecce\/","og_site_name":"Arte e Luoghi","article_publisher":"https:\/\/www.facebook.com\/ArteELuoghi\/","article_published_time":"2012-06-21T12:47:01+00:00","article_modified_time":"2017-08-06T21:19:29+00:00","og_image":[{"url":"https:\/\/arteeluoghi.it\/images\/stories\/loc-cantelmo.jpg"}],"twitter_card":"summary","twitter_creator":"@arteeluoghi","twitter_site":"@arteeluoghi","twitter_misc":{"Scritto da":"Staff","Tempo di lettura stimato":"2 minuti"},"schema":{"@context":"https:\/\/schema.org","@graph":[{"@type":"Organization","@id":"https:\/\/arteeluoghi.it\/#organization","name":"Arte e Luoghi","url":"https:\/\/arteeluoghi.it\/","sameAs":["https:\/\/www.facebook.com\/ArteELuoghi\/","https:\/\/www.instagram.com\/arteeluoghi\/?hl=it","https:\/\/www.youtube.com\/channel\/UCuRVc4JW4-C5sg9rQB-srkw?view_as=subscriber","https:\/\/twitter.com\/arteeluoghi"],"logo":{"@type":"ImageObject","@id":"https:\/\/arteeluoghi.it\/#logo","inLanguage":"it-IT","url":"https:\/\/arteeluoghi.it\/wp-content\/uploads\/2018\/08\/logoinstagramarte.jpg","contentUrl":"https:\/\/arteeluoghi.it\/wp-content\/uploads\/2018\/08\/logoinstagramarte.jpg","width":150,"height":150,"caption":"Arte e Luoghi"},"image":{"@id":"https:\/\/arteeluoghi.it\/#logo"}},{"@type":"WebSite","@id":"https:\/\/arteeluoghi.it\/#website","url":"https:\/\/arteeluoghi.it\/","name":"Arte e Luoghi","description":"Mensile di arte, cultura, turismo e curiosit\u00e0","publisher":{"@id":"https:\/\/arteeluoghi.it\/#organization"},"potentialAction":[{"@type":"SearchAction","target":{"@type":"EntryPoint","urlTemplate":"https:\/\/arteeluoghi.it\/?s={search_term_string}"},"query-input":"required name=search_term_string"}],"inLanguage":"it-IT"},{"@type":"ImageObject","@id":"https:\/\/arteeluoghi.it\/index.php\/2012\/06\/21\/montezemolo-a-lecce\/#primaryimage","inLanguage":"it-IT","url":"\/images\/stories\/loc-cantelmo.jpg","contentUrl":"\/images\/stories\/loc-cantelmo.jpg"},{"@type":"WebPage","@id":"https:\/\/arteeluoghi.it\/index.php\/2012\/06\/21\/montezemolo-a-lecce\/#webpage","url":"https:\/\/arteeluoghi.it\/index.php\/2012\/06\/21\/montezemolo-a-lecce\/","name":"Montezemolo a Lecce | Arte e Luoghi","isPartOf":{"@id":"https:\/\/arteeluoghi.it\/#website"},"primaryImageOfPage":{"@id":"https:\/\/arteeluoghi.it\/index.php\/2012\/06\/21\/montezemolo-a-lecce\/#primaryimage"},"datePublished":"2012-06-21T12:47:01+00:00","dateModified":"2017-08-06T21:19:29+00:00","breadcrumb":{"@id":"https:\/\/arteeluoghi.it\/index.php\/2012\/06\/21\/montezemolo-a-lecce\/#breadcrumb"},"inLanguage":"it-IT","potentialAction":[{"@type":"ReadAction","target":["https:\/\/arteeluoghi.it\/index.php\/2012\/06\/21\/montezemolo-a-lecce\/"]}]},{"@type":"BreadcrumbList","@id":"https:\/\/arteeluoghi.it\/index.php\/2012\/06\/21\/montezemolo-a-lecce\/#breadcrumb","itemListElement":[{"@type":"ListItem","position":1,"name":"Home","item":"https:\/\/arteeluoghi.it\/"},{"@type":"ListItem","position":2,"name":"Montezemolo a Lecce"}]},{"@type":"Article","@id":"https:\/\/arteeluoghi.it\/index.php\/2012\/06\/21\/montezemolo-a-lecce\/#article","isPartOf":{"@id":"https:\/\/arteeluoghi.it\/index.php\/2012\/06\/21\/montezemolo-a-lecce\/#webpage"},"author":{"@id":"https:\/\/arteeluoghi.it\/#\/schema\/person\/f84e814e36e91e01448ee07eaadd41d4"},"headline":"Montezemolo a Lecce","datePublished":"2012-06-21T12:47:01+00:00","dateModified":"2017-08-06T21:19:29+00:00","mainEntityOfPage":{"@id":"https:\/\/arteeluoghi.it\/index.php\/2012\/06\/21\/montezemolo-a-lecce\/#webpage"},"wordCount":412,"commentCount":0,"publisher":{"@id":"https:\/\/arteeluoghi.it\/#organization"},"image":{"@id":"https:\/\/arteeluoghi.it\/index.php\/2012\/06\/21\/montezemolo-a-lecce\/#primaryimage"},"thumbnailUrl":"\/images\/stories\/loc-cantelmo.jpg","articleSection":["I luoghi della parola"],"inLanguage":"it-IT","potentialAction":[{"@type":"CommentAction","name":"Comment","target":["https:\/\/arteeluoghi.it\/index.php\/2012\/06\/21\/montezemolo-a-lecce\/#respond"]}]},{"@type":"Person","@id":"https:\/\/arteeluoghi.it\/#\/schema\/person\/f84e814e36e91e01448ee07eaadd41d4","name":"Staff","image":{"@type":"ImageObject","@id":"https:\/\/arteeluoghi.it\/#personlogo","inLanguage":"it-IT","url":"https:\/\/secure.gravatar.com\/avatar\/49d2f9e46271bb04e19cebfaf141313a?s=96&d=blank&r=g","contentUrl":"https:\/\/secure.gravatar.com\/avatar\/49d2f9e46271bb04e19cebfaf141313a?s=96&d=blank&r=g","caption":"Staff"}}]}},"_links":{"self":[{"href":"https:\/\/arteeluoghi.it\/index.php\/wp-json\/wp\/v2\/posts\/805"}],"collection":[{"href":"https:\/\/arteeluoghi.it\/index.php\/wp-json\/wp\/v2\/posts"}],"about":[{"href":"https:\/\/arteeluoghi.it\/index.php\/wp-json\/wp\/v2\/types\/post"}],"author":[{"embeddable":true,"href":"https:\/\/arteeluoghi.it\/index.php\/wp-json\/wp\/v2\/users\/1"}],"replies":[{"embeddable":true,"href":"https:\/\/arteeluoghi.it\/index.php\/wp-json\/wp\/v2\/comments?post=805"}],"version-history":[{"count":1,"href":"https:\/\/arteeluoghi.it\/index.php\/wp-json\/wp\/v2\/posts\/805\/revisions"}],"predecessor-version":[{"id":2994,"href":"https:\/\/arteeluoghi.it\/index.php\/wp-json\/wp\/v2\/posts\/805\/revisions\/2994"}],"wp:attachment":[{"href":"https:\/\/arteeluoghi.it\/index.php\/wp-json\/wp\/v2\/media?parent=805"}],"wp:term":[{"taxonomy":"category","embeddable":true,"href":"https:\/\/arteeluoghi.it\/index.php\/wp-json\/wp\/v2\/categories?post=805"},{"taxonomy":"post_tag","embeddable":true,"href":"https:\/\/arteeluoghi.it\/index.php\/wp-json\/wp\/v2\/tags?post=805"}],"curies":[{"name":"wp","href":"https:\/\/api.w.org\/{rel}","templated":true}]}}