{"id":8071,"date":"2020-04-19T00:28:40","date_gmt":"2020-04-18T22:28:40","guid":{"rendered":"https:\/\/arteeluoghi.it\/?p=8071"},"modified":"2020-04-19T00:28:43","modified_gmt":"2020-04-18T22:28:43","slug":"23-aprile-giornata-mondiale-del-libro-liniziativa-di-leggeretutti","status":"publish","type":"post","link":"https:\/\/arteeluoghi.it\/index.php\/2020\/04\/19\/23-aprile-giornata-mondiale-del-libro-liniziativa-di-leggeretutti\/","title":{"rendered":"23 Aprile giornata mondiale del Libro. L&#8217;iniziativa di Leggere:tutti"},"content":{"rendered":"\n<blockquote class=\"wp-block-quote\"><p>Una diretta streaming dalle 10 alle 20 con scrittori, attori e registi sul canale Youtube<\/p><\/blockquote>\n\n\n\n<p>23 Aprile Giornata mondiale del Libro Leggere:tutti organizza una diretta streaming dalle 10:00 alle 20:00 con scrittori, attori e registi<\/p>\n\n\n\n<p>Da 10 anni il mensile Leggere:tutti organizza \u201cUna Nave dei libri per Barcellona\u201d in occasione della \u201cFesta di San Giorgio, i libri e le rose\u201d che si tiene nella citt\u00e0 catalana il 23 aprile, Giornata mondiale del Libro. A causa del Coronavirus nel 2020 non avr\u00e0 luogo la traversata verso Barcellona con la Nave, ma si potr\u00e0 comunque \u201cNavigare con i libri e le parole\u201d.<\/p>\n\n\n\n<figure class=\"wp-block-image\"><img loading=\"lazy\" width=\"1024\" height=\"576\" src=\"https:\/\/arteeluoghi.it\/wp-content\/uploads\/2020\/04\/canale-youtube-23-aprile-1024x576.png\" alt=\"\" class=\"wp-image-8072\" srcset=\"https:\/\/arteeluoghi.it\/wp-content\/uploads\/2020\/04\/canale-youtube-23-aprile-1024x576.png 1024w, https:\/\/arteeluoghi.it\/wp-content\/uploads\/2020\/04\/canale-youtube-23-aprile-300x169.png 300w, https:\/\/arteeluoghi.it\/wp-content\/uploads\/2020\/04\/canale-youtube-23-aprile-768x432.png 768w, https:\/\/arteeluoghi.it\/wp-content\/uploads\/2020\/04\/canale-youtube-23-aprile.png 1920w\" sizes=\"(max-width: 1024px) 100vw, 1024px\" \/><\/figure>\n\n\n\n<p>Leggere:tutti ha chiamato tutti coloro che sono stati, o sarebbero stati nel 2020, protagonisti sulla Nave dei libri ad un grande evento in diretta per tutta la giornata di gioved\u00ec 23 aprile con interventi, presentazioni di libri, esibizioni musicali e performance teatrali che si svilupperanno intorno a tre parole:<br>\u201cCooperazione, Solidariet\u00e0 e Gratitudine\u201d<\/p>\n\n\n\n<p>Annalisa Nicastro, Sergio Auricchio, Sandro Capitani, Luisa Sodano, Bruno Gambacorta, Gianni Zagato<\/p>\n\n\n\n<p>coordineranno gli incontri tramite Skype e canale YouTube con<br>Eraldo Affinati, Viola Ardone, Paolo Ambrosini, Antonio Aprile, Allegra Bartalucci, Olivia Belli, Renato Bernardi, Annarita Briganti, Valerio Calzolaio, Massimo Carlotto, Ascanio Celestini, Katia Colica, Claudio Damiani, Maurizio De Giovanni, Stanislao de Marsanich, Grazia Di Michele, Oscar di Montigny, Antonello Giannelli, Pietro Greco, Giordano Bruno Guerri, Veit Heinichen, Mimmo Locasciulli, Pierluigi Lopalco, Gino Manfredi, Stefano Mantegazza, Giusy Mantione, Giuseppe Marchetti Tricamo, Melania Mazzucco, Peppe Millanta, Carlo Ottaviano, Fabrizio Paterlini, Telmo Pievani, Plutonium Baby, Roberto Riccardi, David Riondino, Eugenia Romanelli, Valerio Rossi Albertini, Carlotta Rondana, Donald Sassoon, Gaetano Savatteri,<br>Silvia Scapinelli, Maurizio Serra, Peppe Servillo, Marco Spagnoli, Simona Sparaco, Emanuele Trevi, Valerio Varesi, Andrea Vitali, Massimo Zamboni, Giorgio Zanchini, Voci nel Deserto.<\/p>\n\n\n\n<p>Gli autori potranno rispondere a domande da far pervenire attraverso email, Whatsapp e Whatsapp Audio.<\/p>\n\n\n\n<p>Come partecipare Info sul sito\u00a0<a rel=\"noreferrer noopener\" href=\"http:\/\/www.leggeretutti.it\/\" target=\"_blank\">www.leggeretutti.it<\/a>\u00a0inoltre inviando una mail a\u00a0<a rel=\"noreferrer noopener\" href=\"mailto:info@leggeretutti.it\" target=\"_blank\">info@leggeretutti.it<\/a>\u00a0si riceveranno gli aggiornamenti e variazioni del programma, sar\u00e0 possibile prenotare copie dei libri con dedica degli Autori e chi vorr\u00e0 ricever\u00e0 in omaggio l\u2019ultima copia di Leggere: tutti in formato digitale<\/p>\n\n\n\n<p><a rel=\"noreferrer noopener\" href=\"mailto:info@leggeretutti.it\" target=\"_blank\">info@leggeretutti.it<\/a>.<a rel=\"noreferrer noopener\" href=\"http:\/\/www.leggeretutti.it\/\" target=\"_blank\">      www.leggeretutti.it<\/a><\/p>\n\n\n\n<p>(fonte: comunicato stampa)<\/p>\n","protected":false},"excerpt":{"rendered":"<p>Una diretta streaming dalle 10 alle 20 con scrittori, attori e registi sul canale Youtube 23 Aprile Giornata mondiale del<\/p>\n","protected":false},"author":1,"featured_media":8072,"comment_status":"open","ping_status":"open","sticky":true,"template":"","format":"standard","meta":[],"categories":[17],"tags":[2172],"yoast_head":"<!-- This site is optimized with the Yoast SEO plugin v18.0 - https:\/\/yoast.com\/wordpress\/plugins\/seo\/ -->\n<title>23 Aprile giornata mondiale del Libro. L&#039;iniziativa di Leggere:tutti | Arte e Luoghi<\/title>\n<meta name=\"description\" content=\"23 Aprile Giornata mondiale del Libro Leggere:tutti organizza una diretta streaming dalle 10:00 alle 20:00 con scrittori, attori e registi\" \/>\n<meta name=\"robots\" content=\"index, follow, max-snippet:-1, max-image-preview:large, max-video-preview:-1\" \/>\n<link rel=\"canonical\" href=\"https:\/\/arteeluoghi.it\/index.php\/2020\/04\/19\/23-aprile-giornata-mondiale-del-libro-liniziativa-di-leggeretutti\/\" \/>\n<meta property=\"og:locale\" content=\"it_IT\" \/>\n<meta property=\"og:type\" content=\"article\" \/>\n<meta property=\"og:title\" content=\"23 Aprile giornata mondiale del Libro. L&#039;iniziativa di Leggere:tutti | Arte e Luoghi\" \/>\n<meta property=\"og:description\" content=\"23 Aprile Giornata mondiale del Libro Leggere:tutti organizza una diretta streaming dalle 10:00 alle 20:00 con scrittori, attori e registi\" \/>\n<meta property=\"og:url\" content=\"https:\/\/arteeluoghi.it\/index.php\/2020\/04\/19\/23-aprile-giornata-mondiale-del-libro-liniziativa-di-leggeretutti\/\" \/>\n<meta property=\"og:site_name\" content=\"Arte e Luoghi\" \/>\n<meta property=\"article:publisher\" content=\"https:\/\/www.facebook.com\/ArteELuoghi\/\" \/>\n<meta property=\"article:published_time\" content=\"2020-04-18T22:28:40+00:00\" \/>\n<meta property=\"article:modified_time\" content=\"2020-04-18T22:28:43+00:00\" \/>\n<meta property=\"og:image\" content=\"https:\/\/arteeluoghi.it\/wp-content\/uploads\/2020\/04\/canale-youtube-23-aprile.png\" \/>\n\t<meta property=\"og:image:width\" content=\"1920\" \/>\n\t<meta property=\"og:image:height\" content=\"1080\" \/>\n\t<meta property=\"og:image:type\" content=\"image\/png\" \/>\n<meta name=\"twitter:card\" content=\"summary\" \/>\n<meta name=\"twitter:creator\" content=\"@arteeluoghi\" \/>\n<meta name=\"twitter:site\" content=\"@arteeluoghi\" \/>\n<meta name=\"twitter:label1\" content=\"Scritto da\" \/>\n\t<meta name=\"twitter:data1\" content=\"Staff\" \/>\n\t<meta name=\"twitter:label2\" content=\"Tempo di lettura stimato\" \/>\n\t<meta name=\"twitter:data2\" content=\"2 minuti\" \/>\n<script type=\"application\/ld+json\" class=\"yoast-schema-graph\">{\"@context\":\"https:\/\/schema.org\",\"@graph\":[{\"@type\":\"Organization\",\"@id\":\"https:\/\/arteeluoghi.it\/#organization\",\"name\":\"Arte e Luoghi\",\"url\":\"https:\/\/arteeluoghi.it\/\",\"sameAs\":[\"https:\/\/www.facebook.com\/ArteELuoghi\/\",\"https:\/\/www.instagram.com\/arteeluoghi\/?hl=it\",\"https:\/\/www.youtube.com\/channel\/UCuRVc4JW4-C5sg9rQB-srkw?view_as=subscriber\",\"https:\/\/twitter.com\/arteeluoghi\"],\"logo\":{\"@type\":\"ImageObject\",\"@id\":\"https:\/\/arteeluoghi.it\/#logo\",\"inLanguage\":\"it-IT\",\"url\":\"https:\/\/arteeluoghi.it\/wp-content\/uploads\/2018\/08\/logoinstagramarte.jpg\",\"contentUrl\":\"https:\/\/arteeluoghi.it\/wp-content\/uploads\/2018\/08\/logoinstagramarte.jpg\",\"width\":150,\"height\":150,\"caption\":\"Arte e Luoghi\"},\"image\":{\"@id\":\"https:\/\/arteeluoghi.it\/#logo\"}},{\"@type\":\"WebSite\",\"@id\":\"https:\/\/arteeluoghi.it\/#website\",\"url\":\"https:\/\/arteeluoghi.it\/\",\"name\":\"Arte e Luoghi\",\"description\":\"Mensile di arte, cultura, turismo e curiosit\u00e0\",\"publisher\":{\"@id\":\"https:\/\/arteeluoghi.it\/#organization\"},\"potentialAction\":[{\"@type\":\"SearchAction\",\"target\":{\"@type\":\"EntryPoint\",\"urlTemplate\":\"https:\/\/arteeluoghi.it\/?s={search_term_string}\"},\"query-input\":\"required name=search_term_string\"}],\"inLanguage\":\"it-IT\"},{\"@type\":\"ImageObject\",\"@id\":\"https:\/\/arteeluoghi.it\/index.php\/2020\/04\/19\/23-aprile-giornata-mondiale-del-libro-liniziativa-di-leggeretutti\/#primaryimage\",\"inLanguage\":\"it-IT\",\"url\":\"https:\/\/arteeluoghi.it\/wp-content\/uploads\/2020\/04\/canale-youtube-23-aprile.png\",\"contentUrl\":\"https:\/\/arteeluoghi.it\/wp-content\/uploads\/2020\/04\/canale-youtube-23-aprile.png\",\"width\":1920,\"height\":1080},{\"@type\":\"WebPage\",\"@id\":\"https:\/\/arteeluoghi.it\/index.php\/2020\/04\/19\/23-aprile-giornata-mondiale-del-libro-liniziativa-di-leggeretutti\/#webpage\",\"url\":\"https:\/\/arteeluoghi.it\/index.php\/2020\/04\/19\/23-aprile-giornata-mondiale-del-libro-liniziativa-di-leggeretutti\/\",\"name\":\"23 Aprile giornata mondiale del Libro. L'iniziativa di Leggere:tutti | Arte e Luoghi\",\"isPartOf\":{\"@id\":\"https:\/\/arteeluoghi.it\/#website\"},\"primaryImageOfPage\":{\"@id\":\"https:\/\/arteeluoghi.it\/index.php\/2020\/04\/19\/23-aprile-giornata-mondiale-del-libro-liniziativa-di-leggeretutti\/#primaryimage\"},\"datePublished\":\"2020-04-18T22:28:40+00:00\",\"dateModified\":\"2020-04-18T22:28:43+00:00\",\"description\":\"23 Aprile Giornata mondiale del Libro Leggere:tutti organizza una diretta streaming dalle 10:00 alle 20:00 con scrittori, attori e registi\",\"breadcrumb\":{\"@id\":\"https:\/\/arteeluoghi.it\/index.php\/2020\/04\/19\/23-aprile-giornata-mondiale-del-libro-liniziativa-di-leggeretutti\/#breadcrumb\"},\"inLanguage\":\"it-IT\",\"potentialAction\":[{\"@type\":\"ReadAction\",\"target\":[\"https:\/\/arteeluoghi.it\/index.php\/2020\/04\/19\/23-aprile-giornata-mondiale-del-libro-liniziativa-di-leggeretutti\/\"]}]},{\"@type\":\"BreadcrumbList\",\"@id\":\"https:\/\/arteeluoghi.it\/index.php\/2020\/04\/19\/23-aprile-giornata-mondiale-del-libro-liniziativa-di-leggeretutti\/#breadcrumb\",\"itemListElement\":[{\"@type\":\"ListItem\",\"position\":1,\"name\":\"Home\",\"item\":\"https:\/\/arteeluoghi.it\/\"},{\"@type\":\"ListItem\",\"position\":2,\"name\":\"23 Aprile giornata mondiale del Libro. L&#8217;iniziativa di Leggere:tutti\"}]},{\"@type\":\"Article\",\"@id\":\"https:\/\/arteeluoghi.it\/index.php\/2020\/04\/19\/23-aprile-giornata-mondiale-del-libro-liniziativa-di-leggeretutti\/#article\",\"isPartOf\":{\"@id\":\"https:\/\/arteeluoghi.it\/index.php\/2020\/04\/19\/23-aprile-giornata-mondiale-del-libro-liniziativa-di-leggeretutti\/#webpage\"},\"author\":{\"@id\":\"https:\/\/arteeluoghi.it\/#\/schema\/person\/f84e814e36e91e01448ee07eaadd41d4\"},\"headline\":\"23 Aprile giornata mondiale del Libro. L&#8217;iniziativa di Leggere:tutti\",\"datePublished\":\"2020-04-18T22:28:40+00:00\",\"dateModified\":\"2020-04-18T22:28:43+00:00\",\"mainEntityOfPage\":{\"@id\":\"https:\/\/arteeluoghi.it\/index.php\/2020\/04\/19\/23-aprile-giornata-mondiale-del-libro-liniziativa-di-leggeretutti\/#webpage\"},\"wordCount\":358,\"commentCount\":0,\"publisher\":{\"@id\":\"https:\/\/arteeluoghi.it\/#organization\"},\"image\":{\"@id\":\"https:\/\/arteeluoghi.it\/index.php\/2020\/04\/19\/23-aprile-giornata-mondiale-del-libro-liniziativa-di-leggeretutti\/#primaryimage\"},\"thumbnailUrl\":\"https:\/\/arteeluoghi.it\/wp-content\/uploads\/2020\/04\/canale-youtube-23-aprile.png\",\"keywords\":[\"Giornata mondiale del libro\"],\"articleSection\":[\"LIBRI\"],\"inLanguage\":\"it-IT\",\"potentialAction\":[{\"@type\":\"CommentAction\",\"name\":\"Comment\",\"target\":[\"https:\/\/arteeluoghi.it\/index.php\/2020\/04\/19\/23-aprile-giornata-mondiale-del-libro-liniziativa-di-leggeretutti\/#respond\"]}]},{\"@type\":\"Person\",\"@id\":\"https:\/\/arteeluoghi.it\/#\/schema\/person\/f84e814e36e91e01448ee07eaadd41d4\",\"name\":\"Staff\",\"image\":{\"@type\":\"ImageObject\",\"@id\":\"https:\/\/arteeluoghi.it\/#personlogo\",\"inLanguage\":\"it-IT\",\"url\":\"https:\/\/secure.gravatar.com\/avatar\/49d2f9e46271bb04e19cebfaf141313a?s=96&d=blank&r=g\",\"contentUrl\":\"https:\/\/secure.gravatar.com\/avatar\/49d2f9e46271bb04e19cebfaf141313a?s=96&d=blank&r=g\",\"caption\":\"Staff\"}}]}<\/script>\n<!-- \/ Yoast SEO plugin. -->","yoast_head_json":{"title":"23 Aprile giornata mondiale del Libro. L'iniziativa di Leggere:tutti | Arte e Luoghi","description":"23 Aprile Giornata mondiale del Libro Leggere:tutti organizza una diretta streaming dalle 10:00 alle 20:00 con scrittori, attori e registi","robots":{"index":"index","follow":"follow","max-snippet":"max-snippet:-1","max-image-preview":"max-image-preview:large","max-video-preview":"max-video-preview:-1"},"canonical":"https:\/\/arteeluoghi.it\/index.php\/2020\/04\/19\/23-aprile-giornata-mondiale-del-libro-liniziativa-di-leggeretutti\/","og_locale":"it_IT","og_type":"article","og_title":"23 Aprile giornata mondiale del Libro. L'iniziativa di Leggere:tutti | Arte e Luoghi","og_description":"23 Aprile Giornata mondiale del Libro Leggere:tutti organizza una diretta streaming dalle 10:00 alle 20:00 con scrittori, attori e registi","og_url":"https:\/\/arteeluoghi.it\/index.php\/2020\/04\/19\/23-aprile-giornata-mondiale-del-libro-liniziativa-di-leggeretutti\/","og_site_name":"Arte e Luoghi","article_publisher":"https:\/\/www.facebook.com\/ArteELuoghi\/","article_published_time":"2020-04-18T22:28:40+00:00","article_modified_time":"2020-04-18T22:28:43+00:00","og_image":[{"width":1920,"height":1080,"url":"https:\/\/arteeluoghi.it\/wp-content\/uploads\/2020\/04\/canale-youtube-23-aprile.png","type":"image\/png"}],"twitter_card":"summary","twitter_creator":"@arteeluoghi","twitter_site":"@arteeluoghi","twitter_misc":{"Scritto da":"Staff","Tempo di lettura stimato":"2 minuti"},"schema":{"@context":"https:\/\/schema.org","@graph":[{"@type":"Organization","@id":"https:\/\/arteeluoghi.it\/#organization","name":"Arte e Luoghi","url":"https:\/\/arteeluoghi.it\/","sameAs":["https:\/\/www.facebook.com\/ArteELuoghi\/","https:\/\/www.instagram.com\/arteeluoghi\/?hl=it","https:\/\/www.youtube.com\/channel\/UCuRVc4JW4-C5sg9rQB-srkw?view_as=subscriber","https:\/\/twitter.com\/arteeluoghi"],"logo":{"@type":"ImageObject","@id":"https:\/\/arteeluoghi.it\/#logo","inLanguage":"it-IT","url":"https:\/\/arteeluoghi.it\/wp-content\/uploads\/2018\/08\/logoinstagramarte.jpg","contentUrl":"https:\/\/arteeluoghi.it\/wp-content\/uploads\/2018\/08\/logoinstagramarte.jpg","width":150,"height":150,"caption":"Arte e Luoghi"},"image":{"@id":"https:\/\/arteeluoghi.it\/#logo"}},{"@type":"WebSite","@id":"https:\/\/arteeluoghi.it\/#website","url":"https:\/\/arteeluoghi.it\/","name":"Arte e Luoghi","description":"Mensile di arte, cultura, turismo e curiosit\u00e0","publisher":{"@id":"https:\/\/arteeluoghi.it\/#organization"},"potentialAction":[{"@type":"SearchAction","target":{"@type":"EntryPoint","urlTemplate":"https:\/\/arteeluoghi.it\/?s={search_term_string}"},"query-input":"required name=search_term_string"}],"inLanguage":"it-IT"},{"@type":"ImageObject","@id":"https:\/\/arteeluoghi.it\/index.php\/2020\/04\/19\/23-aprile-giornata-mondiale-del-libro-liniziativa-di-leggeretutti\/#primaryimage","inLanguage":"it-IT","url":"https:\/\/arteeluoghi.it\/wp-content\/uploads\/2020\/04\/canale-youtube-23-aprile.png","contentUrl":"https:\/\/arteeluoghi.it\/wp-content\/uploads\/2020\/04\/canale-youtube-23-aprile.png","width":1920,"height":1080},{"@type":"WebPage","@id":"https:\/\/arteeluoghi.it\/index.php\/2020\/04\/19\/23-aprile-giornata-mondiale-del-libro-liniziativa-di-leggeretutti\/#webpage","url":"https:\/\/arteeluoghi.it\/index.php\/2020\/04\/19\/23-aprile-giornata-mondiale-del-libro-liniziativa-di-leggeretutti\/","name":"23 Aprile giornata mondiale del Libro. L'iniziativa di Leggere:tutti | Arte e Luoghi","isPartOf":{"@id":"https:\/\/arteeluoghi.it\/#website"},"primaryImageOfPage":{"@id":"https:\/\/arteeluoghi.it\/index.php\/2020\/04\/19\/23-aprile-giornata-mondiale-del-libro-liniziativa-di-leggeretutti\/#primaryimage"},"datePublished":"2020-04-18T22:28:40+00:00","dateModified":"2020-04-18T22:28:43+00:00","description":"23 Aprile Giornata mondiale del Libro Leggere:tutti organizza una diretta streaming dalle 10:00 alle 20:00 con scrittori, attori e registi","breadcrumb":{"@id":"https:\/\/arteeluoghi.it\/index.php\/2020\/04\/19\/23-aprile-giornata-mondiale-del-libro-liniziativa-di-leggeretutti\/#breadcrumb"},"inLanguage":"it-IT","potentialAction":[{"@type":"ReadAction","target":["https:\/\/arteeluoghi.it\/index.php\/2020\/04\/19\/23-aprile-giornata-mondiale-del-libro-liniziativa-di-leggeretutti\/"]}]},{"@type":"BreadcrumbList","@id":"https:\/\/arteeluoghi.it\/index.php\/2020\/04\/19\/23-aprile-giornata-mondiale-del-libro-liniziativa-di-leggeretutti\/#breadcrumb","itemListElement":[{"@type":"ListItem","position":1,"name":"Home","item":"https:\/\/arteeluoghi.it\/"},{"@type":"ListItem","position":2,"name":"23 Aprile giornata mondiale del Libro. L&#8217;iniziativa di Leggere:tutti"}]},{"@type":"Article","@id":"https:\/\/arteeluoghi.it\/index.php\/2020\/04\/19\/23-aprile-giornata-mondiale-del-libro-liniziativa-di-leggeretutti\/#article","isPartOf":{"@id":"https:\/\/arteeluoghi.it\/index.php\/2020\/04\/19\/23-aprile-giornata-mondiale-del-libro-liniziativa-di-leggeretutti\/#webpage"},"author":{"@id":"https:\/\/arteeluoghi.it\/#\/schema\/person\/f84e814e36e91e01448ee07eaadd41d4"},"headline":"23 Aprile giornata mondiale del Libro. L&#8217;iniziativa di Leggere:tutti","datePublished":"2020-04-18T22:28:40+00:00","dateModified":"2020-04-18T22:28:43+00:00","mainEntityOfPage":{"@id":"https:\/\/arteeluoghi.it\/index.php\/2020\/04\/19\/23-aprile-giornata-mondiale-del-libro-liniziativa-di-leggeretutti\/#webpage"},"wordCount":358,"commentCount":0,"publisher":{"@id":"https:\/\/arteeluoghi.it\/#organization"},"image":{"@id":"https:\/\/arteeluoghi.it\/index.php\/2020\/04\/19\/23-aprile-giornata-mondiale-del-libro-liniziativa-di-leggeretutti\/#primaryimage"},"thumbnailUrl":"https:\/\/arteeluoghi.it\/wp-content\/uploads\/2020\/04\/canale-youtube-23-aprile.png","keywords":["Giornata mondiale del libro"],"articleSection":["LIBRI"],"inLanguage":"it-IT","potentialAction":[{"@type":"CommentAction","name":"Comment","target":["https:\/\/arteeluoghi.it\/index.php\/2020\/04\/19\/23-aprile-giornata-mondiale-del-libro-liniziativa-di-leggeretutti\/#respond"]}]},{"@type":"Person","@id":"https:\/\/arteeluoghi.it\/#\/schema\/person\/f84e814e36e91e01448ee07eaadd41d4","name":"Staff","image":{"@type":"ImageObject","@id":"https:\/\/arteeluoghi.it\/#personlogo","inLanguage":"it-IT","url":"https:\/\/secure.gravatar.com\/avatar\/49d2f9e46271bb04e19cebfaf141313a?s=96&d=blank&r=g","contentUrl":"https:\/\/secure.gravatar.com\/avatar\/49d2f9e46271bb04e19cebfaf141313a?s=96&d=blank&r=g","caption":"Staff"}}]}},"_links":{"self":[{"href":"https:\/\/arteeluoghi.it\/index.php\/wp-json\/wp\/v2\/posts\/8071"}],"collection":[{"href":"https:\/\/arteeluoghi.it\/index.php\/wp-json\/wp\/v2\/posts"}],"about":[{"href":"https:\/\/arteeluoghi.it\/index.php\/wp-json\/wp\/v2\/types\/post"}],"author":[{"embeddable":true,"href":"https:\/\/arteeluoghi.it\/index.php\/wp-json\/wp\/v2\/users\/1"}],"replies":[{"embeddable":true,"href":"https:\/\/arteeluoghi.it\/index.php\/wp-json\/wp\/v2\/comments?post=8071"}],"version-history":[{"count":1,"href":"https:\/\/arteeluoghi.it\/index.php\/wp-json\/wp\/v2\/posts\/8071\/revisions"}],"predecessor-version":[{"id":8073,"href":"https:\/\/arteeluoghi.it\/index.php\/wp-json\/wp\/v2\/posts\/8071\/revisions\/8073"}],"wp:featuredmedia":[{"embeddable":true,"href":"https:\/\/arteeluoghi.it\/index.php\/wp-json\/wp\/v2\/media\/8072"}],"wp:attachment":[{"href":"https:\/\/arteeluoghi.it\/index.php\/wp-json\/wp\/v2\/media?parent=8071"}],"wp:term":[{"taxonomy":"category","embeddable":true,"href":"https:\/\/arteeluoghi.it\/index.php\/wp-json\/wp\/v2\/categories?post=8071"},{"taxonomy":"post_tag","embeddable":true,"href":"https:\/\/arteeluoghi.it\/index.php\/wp-json\/wp\/v2\/tags?post=8071"}],"curies":[{"name":"wp","href":"https:\/\/api.w.org\/{rel}","templated":true}]}}