{"id":8075,"date":"2020-04-19T01:58:05","date_gmt":"2020-04-18T23:58:05","guid":{"rendered":"https:\/\/arteeluoghi.it\/?p=8075"},"modified":"2020-04-19T02:15:58","modified_gmt":"2020-04-19T00:15:58","slug":"coronavirus-la-realta-non-puo-essere-questa","status":"publish","type":"post","link":"https:\/\/arteeluoghi.it\/index.php\/2020\/04\/19\/coronavirus-la-realta-non-puo-essere-questa\/","title":{"rendered":"Coronavirus. La realt\u00e0 non pu\u00f2 essere questa"},"content":{"rendered":"\n<blockquote class=\"wp-block-quote\"><p>La ballata scritta e cantata dai due fratelli Edoardo ed Eugenio Bennato sosterr\u00e0 l&#8217;Azienda ospedaliera dei Colli di Napoli nella lotta al Covid 19<\/p><cite>Antonietta Fulvio<\/cite><\/blockquote>\n\n\n\n<blockquote class=\"wp-block-quote\"><p><\/p><p>\u00abLa realt\u00e0 \u00e8 tutta in questa stanza nella rete che annulla ogni distanza la realt\u00e0 \u00e8 fuori dal balcone, nella rete che diventa una prigione&#8230;\u00bb<\/p><\/blockquote>\n\n\n\n<p>\u00c8 questo l&#8217;incipit di un brano struggente che vede insieme i due fratelli Bennato &#8211; Edoardo ed Eugenio &#8211;  se pure ognuno dalla propria casa dove trascorrono come tutti la quarantena imposta dalla pandemia da Covid 19. La distanza fisica non ha impedito per\u00f2 di fondere i suoni di armonica chitarra e voce per dar vita ad una ballata &nbsp;dal titolo &#8220;La realt\u00e0 non pu\u00f2 essere questa&#8221;. Ed \u00e8 subito magia.<\/p>\n\n\n\n<!--more-->\n\n\n\n<p>Parole e musica si sposano alla perfezione come  le voci dei due cantautori napoletani, l&#8217;ascolto suggerisce di chiudere gli occhi e lasciarsi trasportare dal ritmo entro il quale \u00e8 incastonato come una gemma il testo bellissimo e come una nenia antica (e l&#8217;armonica sembra riportarci indietro a &#8220;L&#8217;isola che non c&#8217;\u00e8&#8221;) ci conforta e ci fa sentire per un momento sicuri che s\u00ec, la realt\u00e0 non pu\u00f2 essere questa. Non pu\u00f2 essere quella compressa tra le pareti delle nostre case, diventate improvvisamente nidi che ci impediscono di spiccare il volo, mentre i telegiornali ci restituiscono immagini terribili e dolorose che ci inchiodano e ci tolgono il respiro come lo sfilare dei camion militari che trasportano bare, terapie intensive come trincee, le nostre piazze e strade vuote. Surreali.<\/p>\n\n\n\n<figure class=\"wp-block-embed-youtube wp-block-embed is-type-video is-provider-youtube wp-embed-aspect-16-9 wp-has-aspect-ratio\"><div class=\"wp-block-embed__wrapper\">\n<iframe loading=\"lazy\" title=\"Edoardo ed Eugenio Bennato - La realt\u00e0 non pu\u00f2 essere questa\" width=\"800\" height=\"450\" src=\"https:\/\/www.youtube.com\/embed\/gExCLKtJAmg?feature=oembed\" frameborder=\"0\" allow=\"accelerometer; autoplay; encrypted-media; gyroscope; picture-in-picture\" allowfullscreen><\/iframe>\n<\/div><\/figure>\n\n\n\n<p>Scritta a quattro mani,  Eugenio firma il testo, Edoardo la musica, la canzone raccoglie le sensazioni del tempo sospeso,  di questo nuovo &#8220;mondo da scoprire&#8221;, dentro e fuori di noi, perch\u00e9 soprattutto oggi non si deve rinunciare ai propri sogni, alle &#8220;parole sussurrate&#8221; di un amore che non pu\u00f2 essere virtuale, alla vita che canta la sua ribellione e non si pu\u00f2 fermare.<br>&nbsp;\u00ab\u00c8 una ballata classica, che racconta questa sorta di &#8220;day after&#8221; che stiamo vivendo, che vuole trasmettere le buone vibrazioni del futuro alle porte\u00bb, dice Edoardo, che &#8220;assimila&#8221; la nuova canzone alle sue &#8220;Vender\u00f2&#8221;, &#8220;L&#8217;isola che non c&#8217;\u00e8&#8221; e a &#8220;Pronti a salpare&#8221;. Eugenio, che ha scritto le parole sulla musica del fratello, continua: \u00abPercepiamo diversamente la realt\u00e0 rispetto a prima: la stanza \u00e8 lo spazio in cui si esauriscono questi giorni, mentre il balcone \u00e8 il luogo che ci collega con il mondo esterno. Il web, invece, \u00e8 da qualche tempo la prigione dove rischiamo di perdere il rapporto vero: guardarsi negli occhi, parlarsi da vicino\u00bb.<\/p>\n\n\n\n<p><\/p>\n\n\n\n<blockquote class=\"wp-block-quote\"><p><em>Quest\u2019amore non pu\u00f2 esser virtuale ha bisogno di parole, di parole sussurrate&#8230; Di parole che tu sola puoi sentire  ha bisogno delle strade e di tutto il mondo da scoprire&#8230; La realt\u00e0 \u00e8 correre nel vento nella gara di nessun traguardo  nell\u2019amore che sventola nel porto la realt\u00e0  non pu\u00f2 essere altro&#8230; E non pu\u00f2  rinunciare ai sogni e sognare le parole nuove di coscienze pronte a dire basta la realt\u00e0 non pu\u00f2 essere questa&#8230;<\/em><\/p><\/blockquote>\n\n\n\n<p>Una canzone che ti entra in testa e ti arriva al cuore, infonde speranza perch\u00e9 l\u00e0 fuori il mondo vero ci aspetta e gli spazi oggi vuoti dovremo imparare a colmarli di nuovo ma di amore, di autenticit\u00e0 di &#8220;<em>parole nuove di coscienze pronte a dire basta<\/em>&#8220;. E non dovr\u00e0 essere un&#8217;utopia ma una priorit\u00e0, una realt\u00e0 da costruire partendo dalla solidariet\u00e0 e dalla difesa dei pi\u00f9 deboli.  Questo il messaggio del brano inedito i cui proventi saranno devoluti all&#8217;Azienda Ospedaliera dei Colli (Monaldi &#8211; Cotugno &#8211; C.T.O.) di Napoli per sostenere la lotta contro il Coronavirus.   <\/p>\n","protected":false},"excerpt":{"rendered":"<p>La ballata scritta e cantata dai due fratelli Edoardo ed Eugenio Bennato sosterr\u00e0 l&#8217;Azienda ospedaliera dei Colli di Napoli nella<\/p>\n","protected":false},"author":1,"featured_media":8079,"comment_status":"open","ping_status":"open","sticky":true,"template":"","format":"standard","meta":[],"categories":[12],"tags":[2024,2174,2173,648,120],"yoast_head":"<!-- This site is optimized with the Yoast SEO plugin v18.0 - https:\/\/yoast.com\/wordpress\/plugins\/seo\/ -->\n<title>Coronavirus. La realt\u00e0 non pu\u00f2 essere questa | Arte e Luoghi<\/title>\n<meta name=\"description\" content=\"brano inedito i cui proventi saranno devoluti all&#039;Azienda Ospedaliera dei Colli di Napoli per sostenere la lotta contro il Coronavirus.\" \/>\n<meta name=\"robots\" content=\"index, follow, max-snippet:-1, max-image-preview:large, max-video-preview:-1\" \/>\n<link rel=\"canonical\" href=\"https:\/\/arteeluoghi.it\/index.php\/2020\/04\/19\/coronavirus-la-realta-non-puo-essere-questa\/\" \/>\n<meta property=\"og:locale\" content=\"it_IT\" \/>\n<meta property=\"og:type\" content=\"article\" \/>\n<meta property=\"og:title\" content=\"Coronavirus. La realt\u00e0 non pu\u00f2 essere questa | Arte e Luoghi\" \/>\n<meta property=\"og:description\" content=\"brano inedito i cui proventi saranno devoluti all&#039;Azienda Ospedaliera dei Colli di Napoli per sostenere la lotta contro il Coronavirus.\" \/>\n<meta property=\"og:url\" content=\"https:\/\/arteeluoghi.it\/index.php\/2020\/04\/19\/coronavirus-la-realta-non-puo-essere-questa\/\" \/>\n<meta property=\"og:site_name\" content=\"Arte e Luoghi\" \/>\n<meta property=\"article:publisher\" content=\"https:\/\/www.facebook.com\/ArteELuoghi\/\" \/>\n<meta property=\"article:published_time\" content=\"2020-04-18T23:58:05+00:00\" \/>\n<meta property=\"article:modified_time\" content=\"2020-04-19T00:15:58+00:00\" \/>\n<meta property=\"og:image\" content=\"https:\/\/arteeluoghi.it\/wp-content\/uploads\/2020\/04\/la-realta\u0300-non-puo\u0300-essere-questa-di-edoardo-ed-eugenio-bennato.jpg\" \/>\n\t<meta property=\"og:image:width\" content=\"1200\" \/>\n\t<meta property=\"og:image:height\" content=\"675\" \/>\n\t<meta property=\"og:image:type\" content=\"image\/jpeg\" \/>\n<meta name=\"twitter:card\" content=\"summary\" \/>\n<meta name=\"twitter:creator\" content=\"@arteeluoghi\" \/>\n<meta name=\"twitter:site\" content=\"@arteeluoghi\" \/>\n<meta name=\"twitter:label1\" content=\"Scritto da\" \/>\n\t<meta name=\"twitter:data1\" content=\"Staff\" \/>\n\t<meta name=\"twitter:label2\" content=\"Tempo di lettura stimato\" \/>\n\t<meta name=\"twitter:data2\" content=\"3 minuti\" \/>\n<script type=\"application\/ld+json\" class=\"yoast-schema-graph\">{\"@context\":\"https:\/\/schema.org\",\"@graph\":[{\"@type\":\"Organization\",\"@id\":\"https:\/\/arteeluoghi.it\/#organization\",\"name\":\"Arte e Luoghi\",\"url\":\"https:\/\/arteeluoghi.it\/\",\"sameAs\":[\"https:\/\/www.facebook.com\/ArteELuoghi\/\",\"https:\/\/www.instagram.com\/arteeluoghi\/?hl=it\",\"https:\/\/www.youtube.com\/channel\/UCuRVc4JW4-C5sg9rQB-srkw?view_as=subscriber\",\"https:\/\/twitter.com\/arteeluoghi\"],\"logo\":{\"@type\":\"ImageObject\",\"@id\":\"https:\/\/arteeluoghi.it\/#logo\",\"inLanguage\":\"it-IT\",\"url\":\"https:\/\/arteeluoghi.it\/wp-content\/uploads\/2018\/08\/logoinstagramarte.jpg\",\"contentUrl\":\"https:\/\/arteeluoghi.it\/wp-content\/uploads\/2018\/08\/logoinstagramarte.jpg\",\"width\":150,\"height\":150,\"caption\":\"Arte e Luoghi\"},\"image\":{\"@id\":\"https:\/\/arteeluoghi.it\/#logo\"}},{\"@type\":\"WebSite\",\"@id\":\"https:\/\/arteeluoghi.it\/#website\",\"url\":\"https:\/\/arteeluoghi.it\/\",\"name\":\"Arte e Luoghi\",\"description\":\"Mensile di arte, cultura, turismo e curiosit\u00e0\",\"publisher\":{\"@id\":\"https:\/\/arteeluoghi.it\/#organization\"},\"potentialAction\":[{\"@type\":\"SearchAction\",\"target\":{\"@type\":\"EntryPoint\",\"urlTemplate\":\"https:\/\/arteeluoghi.it\/?s={search_term_string}\"},\"query-input\":\"required name=search_term_string\"}],\"inLanguage\":\"it-IT\"},{\"@type\":\"ImageObject\",\"@id\":\"https:\/\/arteeluoghi.it\/index.php\/2020\/04\/19\/coronavirus-la-realta-non-puo-essere-questa\/#primaryimage\",\"inLanguage\":\"it-IT\",\"url\":\"https:\/\/arteeluoghi.it\/wp-content\/uploads\/2020\/04\/la-realta\u0300-non-puo\u0300-essere-questa-di-edoardo-ed-eugenio-bennato.jpg\",\"contentUrl\":\"https:\/\/arteeluoghi.it\/wp-content\/uploads\/2020\/04\/la-realta\u0300-non-puo\u0300-essere-questa-di-edoardo-ed-eugenio-bennato.jpg\",\"width\":1200,\"height\":675},{\"@type\":\"WebPage\",\"@id\":\"https:\/\/arteeluoghi.it\/index.php\/2020\/04\/19\/coronavirus-la-realta-non-puo-essere-questa\/#webpage\",\"url\":\"https:\/\/arteeluoghi.it\/index.php\/2020\/04\/19\/coronavirus-la-realta-non-puo-essere-questa\/\",\"name\":\"Coronavirus. La realt\u00e0 non pu\u00f2 essere questa | Arte e Luoghi\",\"isPartOf\":{\"@id\":\"https:\/\/arteeluoghi.it\/#website\"},\"primaryImageOfPage\":{\"@id\":\"https:\/\/arteeluoghi.it\/index.php\/2020\/04\/19\/coronavirus-la-realta-non-puo-essere-questa\/#primaryimage\"},\"datePublished\":\"2020-04-18T23:58:05+00:00\",\"dateModified\":\"2020-04-19T00:15:58+00:00\",\"description\":\"brano inedito i cui proventi saranno devoluti all'Azienda Ospedaliera dei Colli di Napoli per sostenere la lotta contro il Coronavirus.\",\"breadcrumb\":{\"@id\":\"https:\/\/arteeluoghi.it\/index.php\/2020\/04\/19\/coronavirus-la-realta-non-puo-essere-questa\/#breadcrumb\"},\"inLanguage\":\"it-IT\",\"potentialAction\":[{\"@type\":\"ReadAction\",\"target\":[\"https:\/\/arteeluoghi.it\/index.php\/2020\/04\/19\/coronavirus-la-realta-non-puo-essere-questa\/\"]}]},{\"@type\":\"BreadcrumbList\",\"@id\":\"https:\/\/arteeluoghi.it\/index.php\/2020\/04\/19\/coronavirus-la-realta-non-puo-essere-questa\/#breadcrumb\",\"itemListElement\":[{\"@type\":\"ListItem\",\"position\":1,\"name\":\"Home\",\"item\":\"https:\/\/arteeluoghi.it\/\"},{\"@type\":\"ListItem\",\"position\":2,\"name\":\"Coronavirus. La realt\u00e0 non pu\u00f2 essere questa\"}]},{\"@type\":\"Article\",\"@id\":\"https:\/\/arteeluoghi.it\/index.php\/2020\/04\/19\/coronavirus-la-realta-non-puo-essere-questa\/#article\",\"isPartOf\":{\"@id\":\"https:\/\/arteeluoghi.it\/index.php\/2020\/04\/19\/coronavirus-la-realta-non-puo-essere-questa\/#webpage\"},\"author\":{\"@id\":\"https:\/\/arteeluoghi.it\/#\/schema\/person\/f84e814e36e91e01448ee07eaadd41d4\"},\"headline\":\"Coronavirus. La realt\u00e0 non pu\u00f2 essere questa\",\"datePublished\":\"2020-04-18T23:58:05+00:00\",\"dateModified\":\"2020-04-19T00:15:58+00:00\",\"mainEntityOfPage\":{\"@id\":\"https:\/\/arteeluoghi.it\/index.php\/2020\/04\/19\/coronavirus-la-realta-non-puo-essere-questa\/#webpage\"},\"wordCount\":596,\"commentCount\":0,\"publisher\":{\"@id\":\"https:\/\/arteeluoghi.it\/#organization\"},\"image\":{\"@id\":\"https:\/\/arteeluoghi.it\/index.php\/2020\/04\/19\/coronavirus-la-realta-non-puo-essere-questa\/#primaryimage\"},\"thumbnailUrl\":\"https:\/\/arteeluoghi.it\/wp-content\/uploads\/2020\/04\/la-realta\u0300-non-puo\u0300-essere-questa-di-edoardo-ed-eugenio-bennato.jpg\",\"keywords\":[\"coronavirus\",\"Cotugno\",\"Edoardo Bennato\",\"Eugenio Bennato\",\"solidariet\u00e0\"],\"articleSection\":[\"MUSICA\"],\"inLanguage\":\"it-IT\",\"potentialAction\":[{\"@type\":\"CommentAction\",\"name\":\"Comment\",\"target\":[\"https:\/\/arteeluoghi.it\/index.php\/2020\/04\/19\/coronavirus-la-realta-non-puo-essere-questa\/#respond\"]}]},{\"@type\":\"Person\",\"@id\":\"https:\/\/arteeluoghi.it\/#\/schema\/person\/f84e814e36e91e01448ee07eaadd41d4\",\"name\":\"Staff\",\"image\":{\"@type\":\"ImageObject\",\"@id\":\"https:\/\/arteeluoghi.it\/#personlogo\",\"inLanguage\":\"it-IT\",\"url\":\"https:\/\/secure.gravatar.com\/avatar\/49d2f9e46271bb04e19cebfaf141313a?s=96&d=blank&r=g\",\"contentUrl\":\"https:\/\/secure.gravatar.com\/avatar\/49d2f9e46271bb04e19cebfaf141313a?s=96&d=blank&r=g\",\"caption\":\"Staff\"}}]}<\/script>\n<!-- \/ Yoast SEO plugin. -->","yoast_head_json":{"title":"Coronavirus. La realt\u00e0 non pu\u00f2 essere questa | Arte e Luoghi","description":"brano inedito i cui proventi saranno devoluti all'Azienda Ospedaliera dei Colli di Napoli per sostenere la lotta contro il Coronavirus.","robots":{"index":"index","follow":"follow","max-snippet":"max-snippet:-1","max-image-preview":"max-image-preview:large","max-video-preview":"max-video-preview:-1"},"canonical":"https:\/\/arteeluoghi.it\/index.php\/2020\/04\/19\/coronavirus-la-realta-non-puo-essere-questa\/","og_locale":"it_IT","og_type":"article","og_title":"Coronavirus. La realt\u00e0 non pu\u00f2 essere questa | Arte e Luoghi","og_description":"brano inedito i cui proventi saranno devoluti all'Azienda Ospedaliera dei Colli di Napoli per sostenere la lotta contro il Coronavirus.","og_url":"https:\/\/arteeluoghi.it\/index.php\/2020\/04\/19\/coronavirus-la-realta-non-puo-essere-questa\/","og_site_name":"Arte e Luoghi","article_publisher":"https:\/\/www.facebook.com\/ArteELuoghi\/","article_published_time":"2020-04-18T23:58:05+00:00","article_modified_time":"2020-04-19T00:15:58+00:00","og_image":[{"width":1200,"height":675,"url":"https:\/\/arteeluoghi.it\/wp-content\/uploads\/2020\/04\/la-realta\u0300-non-puo\u0300-essere-questa-di-edoardo-ed-eugenio-bennato.jpg","type":"image\/jpeg"}],"twitter_card":"summary","twitter_creator":"@arteeluoghi","twitter_site":"@arteeluoghi","twitter_misc":{"Scritto da":"Staff","Tempo di lettura stimato":"3 minuti"},"schema":{"@context":"https:\/\/schema.org","@graph":[{"@type":"Organization","@id":"https:\/\/arteeluoghi.it\/#organization","name":"Arte e Luoghi","url":"https:\/\/arteeluoghi.it\/","sameAs":["https:\/\/www.facebook.com\/ArteELuoghi\/","https:\/\/www.instagram.com\/arteeluoghi\/?hl=it","https:\/\/www.youtube.com\/channel\/UCuRVc4JW4-C5sg9rQB-srkw?view_as=subscriber","https:\/\/twitter.com\/arteeluoghi"],"logo":{"@type":"ImageObject","@id":"https:\/\/arteeluoghi.it\/#logo","inLanguage":"it-IT","url":"https:\/\/arteeluoghi.it\/wp-content\/uploads\/2018\/08\/logoinstagramarte.jpg","contentUrl":"https:\/\/arteeluoghi.it\/wp-content\/uploads\/2018\/08\/logoinstagramarte.jpg","width":150,"height":150,"caption":"Arte e Luoghi"},"image":{"@id":"https:\/\/arteeluoghi.it\/#logo"}},{"@type":"WebSite","@id":"https:\/\/arteeluoghi.it\/#website","url":"https:\/\/arteeluoghi.it\/","name":"Arte e Luoghi","description":"Mensile di arte, cultura, turismo e curiosit\u00e0","publisher":{"@id":"https:\/\/arteeluoghi.it\/#organization"},"potentialAction":[{"@type":"SearchAction","target":{"@type":"EntryPoint","urlTemplate":"https:\/\/arteeluoghi.it\/?s={search_term_string}"},"query-input":"required name=search_term_string"}],"inLanguage":"it-IT"},{"@type":"ImageObject","@id":"https:\/\/arteeluoghi.it\/index.php\/2020\/04\/19\/coronavirus-la-realta-non-puo-essere-questa\/#primaryimage","inLanguage":"it-IT","url":"https:\/\/arteeluoghi.it\/wp-content\/uploads\/2020\/04\/la-realta\u0300-non-puo\u0300-essere-questa-di-edoardo-ed-eugenio-bennato.jpg","contentUrl":"https:\/\/arteeluoghi.it\/wp-content\/uploads\/2020\/04\/la-realta\u0300-non-puo\u0300-essere-questa-di-edoardo-ed-eugenio-bennato.jpg","width":1200,"height":675},{"@type":"WebPage","@id":"https:\/\/arteeluoghi.it\/index.php\/2020\/04\/19\/coronavirus-la-realta-non-puo-essere-questa\/#webpage","url":"https:\/\/arteeluoghi.it\/index.php\/2020\/04\/19\/coronavirus-la-realta-non-puo-essere-questa\/","name":"Coronavirus. La realt\u00e0 non pu\u00f2 essere questa | Arte e Luoghi","isPartOf":{"@id":"https:\/\/arteeluoghi.it\/#website"},"primaryImageOfPage":{"@id":"https:\/\/arteeluoghi.it\/index.php\/2020\/04\/19\/coronavirus-la-realta-non-puo-essere-questa\/#primaryimage"},"datePublished":"2020-04-18T23:58:05+00:00","dateModified":"2020-04-19T00:15:58+00:00","description":"brano inedito i cui proventi saranno devoluti all'Azienda Ospedaliera dei Colli di Napoli per sostenere la lotta contro il Coronavirus.","breadcrumb":{"@id":"https:\/\/arteeluoghi.it\/index.php\/2020\/04\/19\/coronavirus-la-realta-non-puo-essere-questa\/#breadcrumb"},"inLanguage":"it-IT","potentialAction":[{"@type":"ReadAction","target":["https:\/\/arteeluoghi.it\/index.php\/2020\/04\/19\/coronavirus-la-realta-non-puo-essere-questa\/"]}]},{"@type":"BreadcrumbList","@id":"https:\/\/arteeluoghi.it\/index.php\/2020\/04\/19\/coronavirus-la-realta-non-puo-essere-questa\/#breadcrumb","itemListElement":[{"@type":"ListItem","position":1,"name":"Home","item":"https:\/\/arteeluoghi.it\/"},{"@type":"ListItem","position":2,"name":"Coronavirus. La realt\u00e0 non pu\u00f2 essere questa"}]},{"@type":"Article","@id":"https:\/\/arteeluoghi.it\/index.php\/2020\/04\/19\/coronavirus-la-realta-non-puo-essere-questa\/#article","isPartOf":{"@id":"https:\/\/arteeluoghi.it\/index.php\/2020\/04\/19\/coronavirus-la-realta-non-puo-essere-questa\/#webpage"},"author":{"@id":"https:\/\/arteeluoghi.it\/#\/schema\/person\/f84e814e36e91e01448ee07eaadd41d4"},"headline":"Coronavirus. La realt\u00e0 non pu\u00f2 essere questa","datePublished":"2020-04-18T23:58:05+00:00","dateModified":"2020-04-19T00:15:58+00:00","mainEntityOfPage":{"@id":"https:\/\/arteeluoghi.it\/index.php\/2020\/04\/19\/coronavirus-la-realta-non-puo-essere-questa\/#webpage"},"wordCount":596,"commentCount":0,"publisher":{"@id":"https:\/\/arteeluoghi.it\/#organization"},"image":{"@id":"https:\/\/arteeluoghi.it\/index.php\/2020\/04\/19\/coronavirus-la-realta-non-puo-essere-questa\/#primaryimage"},"thumbnailUrl":"https:\/\/arteeluoghi.it\/wp-content\/uploads\/2020\/04\/la-realta\u0300-non-puo\u0300-essere-questa-di-edoardo-ed-eugenio-bennato.jpg","keywords":["coronavirus","Cotugno","Edoardo Bennato","Eugenio Bennato","solidariet\u00e0"],"articleSection":["MUSICA"],"inLanguage":"it-IT","potentialAction":[{"@type":"CommentAction","name":"Comment","target":["https:\/\/arteeluoghi.it\/index.php\/2020\/04\/19\/coronavirus-la-realta-non-puo-essere-questa\/#respond"]}]},{"@type":"Person","@id":"https:\/\/arteeluoghi.it\/#\/schema\/person\/f84e814e36e91e01448ee07eaadd41d4","name":"Staff","image":{"@type":"ImageObject","@id":"https:\/\/arteeluoghi.it\/#personlogo","inLanguage":"it-IT","url":"https:\/\/secure.gravatar.com\/avatar\/49d2f9e46271bb04e19cebfaf141313a?s=96&d=blank&r=g","contentUrl":"https:\/\/secure.gravatar.com\/avatar\/49d2f9e46271bb04e19cebfaf141313a?s=96&d=blank&r=g","caption":"Staff"}}]}},"_links":{"self":[{"href":"https:\/\/arteeluoghi.it\/index.php\/wp-json\/wp\/v2\/posts\/8075"}],"collection":[{"href":"https:\/\/arteeluoghi.it\/index.php\/wp-json\/wp\/v2\/posts"}],"about":[{"href":"https:\/\/arteeluoghi.it\/index.php\/wp-json\/wp\/v2\/types\/post"}],"author":[{"embeddable":true,"href":"https:\/\/arteeluoghi.it\/index.php\/wp-json\/wp\/v2\/users\/1"}],"replies":[{"embeddable":true,"href":"https:\/\/arteeluoghi.it\/index.php\/wp-json\/wp\/v2\/comments?post=8075"}],"version-history":[{"count":6,"href":"https:\/\/arteeluoghi.it\/index.php\/wp-json\/wp\/v2\/posts\/8075\/revisions"}],"predecessor-version":[{"id":8084,"href":"https:\/\/arteeluoghi.it\/index.php\/wp-json\/wp\/v2\/posts\/8075\/revisions\/8084"}],"wp:featuredmedia":[{"embeddable":true,"href":"https:\/\/arteeluoghi.it\/index.php\/wp-json\/wp\/v2\/media\/8079"}],"wp:attachment":[{"href":"https:\/\/arteeluoghi.it\/index.php\/wp-json\/wp\/v2\/media?parent=8075"}],"wp:term":[{"taxonomy":"category","embeddable":true,"href":"https:\/\/arteeluoghi.it\/index.php\/wp-json\/wp\/v2\/categories?post=8075"},{"taxonomy":"post_tag","embeddable":true,"href":"https:\/\/arteeluoghi.it\/index.php\/wp-json\/wp\/v2\/tags?post=8075"}],"curies":[{"name":"wp","href":"https:\/\/api.w.org\/{rel}","templated":true}]}}