{"id":81,"date":"2010-11-07T19:10:54","date_gmt":"2010-11-07T18:10:54","guid":{"rendered":"http:\/\/arteeluoghi.it\/index.php\/2010\/11\/07\/viva-verdi\/"},"modified":"2010-11-07T19:10:54","modified_gmt":"2010-11-07T18:10:54","slug":"viva-verdi","status":"publish","type":"post","link":"https:\/\/arteeluoghi.it\/index.php\/2010\/11\/07\/viva-verdi\/","title":{"rendered":"Viva Verdi"},"content":{"rendered":"<p \/>Conto alla rovescia per &#8221; VivaVerdi\/Multikulti&#8221;, la rassegna artistica di ARTEr\u00eca giunta alla sua quattordicesima edizione.<\/p>\n<p>Si comincia subito il 12, 13 e 14 novembre con la prima mondiale de &#8220;La citt\u00e0 di pietra&#8221;, opera visuale liberamente tratta dal testo &#8220;Il Ponte&#8221; di Dario Carmentano per la regia di Giorgio Barberio Corsetti e G\u00e9raud Didier (presidente onorario del VivaVerdi 2010), con le musiche originali di\u00a0 Gianfranco Tedeschi e Loredana Paolicelli (Sassi di Matera &#8211; chiesa di San Pietro Barisano &#8211; ore 21.00 il 12\/11; ore 18.00 ed ore 21:00 il 13 e 14\/11; ingresso libero con prenotazione obbligatoria telefonica ai numeri 0835\/337363 &#8211; 333\/4984245 &#8211; 339\/8931949; Artezeta 320\/5350910).<br \/>  <!--more-->  <\/p>\n<p>Proprio Loredana Paolicelli, presidente di ARTEr\u00eca e direttore artistico musicale di VivaVerdi, spiega com&#8217;\u00e8 nata l&#8217;opera : &#8220;Il lavoro compositivo realizzato per l&#8217;Opera visuale della Citt\u00e0 di Pietra nasce da un &#8220;laboratorio&#8221; realizzato a Matera insieme ai compositori ed ai musicisti, insieme co-arrangiatori delle musiche.\u00a0 Il risultato di questa scrittura e riscrittura, secondo un work in progress delle musiche, si avvale di molti spunti che s&#8217;allontanano dai sistemi chiusi della musica colta ed extra colta europea, senza escluderne il metodo insito della scrittura di quella musica stessa.&#8221;<\/p>\n<p>&#8220;La citt\u00e0 di pietra&#8221; come racconta il suo autore, Dario Carmentano,\u00a0 &#8220;parla di una arcaica citt\u00e0, immersa nel suo profumo di fresco, nel silenzio, fiera del suo decoro e della sua dignit\u00e0, dedita alla parsimonia ed alla sacralit\u00e0 ed al contempo vincolata dai suoi pregiudizi, dalla superstizione e dall&#8217;isolamento atavico in cui si \u00e8 rinchiusa.&#8221;<\/p>\n<p>Gli attori impegnati nella pi\u00e8ce sono Andrea Santantonio, Nadia Casamassima, Marta Manduca, Gennaro Bianchi, Marana Vizziello, Ada Rondinone ed Angelo Roberti. Per le esecuzioni musicali, la rappresentazione si affida al Nucleo Theatron Ensemble, con Vito Soranno al sax e clarinetto, Biagio Orlandi al sax, Francesco Clemente al violino, Pino Basile alle percussioni, Giovanni Fossanova alla chitarra, Antonio Carmentano al contrabbasso, Beatriz Fornabaio (soprano), Morena Tamborrino (voce), e la stessa Loredana Paolicelli al pianoforte.<\/p>\n<p>La musica nello spettacolo ha una forza impressionante per l&#8217;energia che profonde. Essa \u00e8 &#8220;cucita&#8221; sulle scene secondo la volont\u00e0 dei registi, divenendo una sezione insita nello spettacolo e non precostituita come spesso succede nell&#8217;Opera Contemporanea.\u00a0 &#8220;Un muro a secco capace di muoversi e ricomporsi come una collana fatta di pietre, diverse per colore e forma. La musica che ho scritto nasce e si sviluppa in questo modo. Una scrittura secca ed affilata, modulabile e componibile, con un fondo di leggero umorismo e con dichiarati debiti nei confronti di amati maestri&#8221;: sono le parole di Gianfranco Tedeschi.<\/p>\n<p>L&#8217;opera si avvale di sezioni video, musica, azioni sceniche, coreografie di gesti, unita ad una sapiente regia delle luci. Uno spettacolo multimediale e &#8220;visuale&#8221; con impatto fortemente emotivo. L&#8217;adozione nella forma della &#8220;opera visuale&#8221; produce &#8220;una regia prossima al linguaggio poetico e surrealista del cinema delle origini. Musiche, immagini e azioni si associano ad esso per comporre una successione di quadri viventi montati alla maniera di M\u00e9li\u00e8s&#8221;, conferma G\u00e9raud Didier, che \u00e8 anche direttore artistico del Th\u00e9\u00e2tre Le Maillon di Strasburgo.<\/p>\n<p>L&#8217;evento \u00e8 stato reso possibile grazie alla collaborazione della societ\u00e0 Prog e dell&#8217;associazione Fattore K di Roma, della Fondazione Z\u00e9tema e della Cooperativa Artezeta di Matera, il cui presidente, Raffaele Vitulli, fa sapere che l&#8217;evento animazione de &#8220;La Citt\u00e0 di Pietra&#8221; rientra nella programmazione culturale del progetto &#8220;Il Distretto Culturale dell&#8217;Habitat Rupestre della Basilicata&#8221;, cofinanziato dalla Fondazione per il Sud: &#8220;Il testo narrativo di Dario Carmentano racconta della &#8220;inimmaginabile genesi dei Sassi&#8221; ed \u00e8 ricco di rimandi alla cultura rupestre da cui proviene la citt\u00e0 di Matera e su cui si fonda l&#8217;intero territorio del Distretto.&#8221; Ampia collaborazione \u00e8 stata inoltre offerta al progetto da un buon numero di aziende materane, che partecipano a vario titolo all&#8217;esecuzione delle attivit\u00e0 in programma.<\/p>\n<p>Tra gli altri eventi di VivaVerdi in programma, figura la rassegna &#8220;Interpretazioni&#8221;, dal 26 novembre all&#8217;8 gennaio, con concerti e guide all&#8217;ascolto di giovani talenti, una mostra di fotografia e rappresentazioni teatrali; inoltre, dal 4 all&#8217;8 dicembre, all&#8217;interno del Festival Multimediale delle Arti, saranno di scena le performance di &#8220;Rupextre, i sensi del vuoto. Residenza artistica in collaborazione con artisti e associazioni indipendenti&#8221;. Infine, dal 29 al 30 dicembre si terranno le serate conclusive del Premio Internazionale Matera Autori.<\/p>\n<p>L&#8217;associazione ARTEr\u00eca comunicher\u00e0 periodicamente il dettaglio delle prossime iniziative di VivaVerdi\/Multikulti in programma: il calendario completo \u00e8 disponibile su internet all&#8217;indirizzo www.basilicatanet.com.<\/p>\n<p>(fonte: comunicato stampa)<\/p>\n","protected":false},"excerpt":{"rendered":"<p>Conto alla rovescia per &#8221; VivaVerdi\/Multikulti&#8221;, la rassegna artistica di ARTEr\u00eca giunta alla sua quattordicesima edizione. Si comincia subito il<\/p>\n","protected":false},"author":1,"featured_media":0,"comment_status":"open","ping_status":"open","sticky":false,"template":"","format":"standard","meta":[],"categories":[12],"tags":[],"yoast_head":"<!-- This site is optimized with the Yoast SEO plugin v18.0 - https:\/\/yoast.com\/wordpress\/plugins\/seo\/ -->\n<title>Viva Verdi | Arte e Luoghi<\/title>\n<meta name=\"robots\" content=\"index, follow, max-snippet:-1, max-image-preview:large, max-video-preview:-1\" \/>\n<link rel=\"canonical\" href=\"https:\/\/arteeluoghi.it\/index.php\/2010\/11\/07\/viva-verdi\/\" \/>\n<meta property=\"og:locale\" content=\"it_IT\" \/>\n<meta property=\"og:type\" content=\"article\" \/>\n<meta property=\"og:title\" content=\"Viva Verdi | Arte e Luoghi\" \/>\n<meta property=\"og:description\" content=\"Conto alla rovescia per &#8221; VivaVerdi\/Multikulti&#8221;, la rassegna artistica di ARTEr\u00eca giunta alla sua quattordicesima edizione. Si comincia subito il\" \/>\n<meta property=\"og:url\" content=\"https:\/\/arteeluoghi.it\/index.php\/2010\/11\/07\/viva-verdi\/\" \/>\n<meta property=\"og:site_name\" content=\"Arte e Luoghi\" \/>\n<meta property=\"article:publisher\" content=\"https:\/\/www.facebook.com\/ArteELuoghi\/\" \/>\n<meta property=\"article:published_time\" content=\"2010-11-07T18:10:54+00:00\" \/>\n<meta name=\"twitter:card\" content=\"summary\" \/>\n<meta name=\"twitter:creator\" content=\"@arteeluoghi\" \/>\n<meta name=\"twitter:site\" content=\"@arteeluoghi\" \/>\n<meta name=\"twitter:label1\" content=\"Scritto da\" \/>\n\t<meta name=\"twitter:data1\" content=\"Staff\" \/>\n\t<meta name=\"twitter:label2\" content=\"Tempo di lettura stimato\" \/>\n\t<meta name=\"twitter:data2\" content=\"4 minuti\" \/>\n<script type=\"application\/ld+json\" class=\"yoast-schema-graph\">{\"@context\":\"https:\/\/schema.org\",\"@graph\":[{\"@type\":\"Organization\",\"@id\":\"https:\/\/arteeluoghi.it\/#organization\",\"name\":\"Arte e Luoghi\",\"url\":\"https:\/\/arteeluoghi.it\/\",\"sameAs\":[\"https:\/\/www.facebook.com\/ArteELuoghi\/\",\"https:\/\/www.instagram.com\/arteeluoghi\/?hl=it\",\"https:\/\/www.youtube.com\/channel\/UCuRVc4JW4-C5sg9rQB-srkw?view_as=subscriber\",\"https:\/\/twitter.com\/arteeluoghi\"],\"logo\":{\"@type\":\"ImageObject\",\"@id\":\"https:\/\/arteeluoghi.it\/#logo\",\"inLanguage\":\"it-IT\",\"url\":\"https:\/\/arteeluoghi.it\/wp-content\/uploads\/2018\/08\/logoinstagramarte.jpg\",\"contentUrl\":\"https:\/\/arteeluoghi.it\/wp-content\/uploads\/2018\/08\/logoinstagramarte.jpg\",\"width\":150,\"height\":150,\"caption\":\"Arte e Luoghi\"},\"image\":{\"@id\":\"https:\/\/arteeluoghi.it\/#logo\"}},{\"@type\":\"WebSite\",\"@id\":\"https:\/\/arteeluoghi.it\/#website\",\"url\":\"https:\/\/arteeluoghi.it\/\",\"name\":\"Arte e Luoghi\",\"description\":\"Mensile di arte, cultura, turismo e curiosit\u00e0\",\"publisher\":{\"@id\":\"https:\/\/arteeluoghi.it\/#organization\"},\"potentialAction\":[{\"@type\":\"SearchAction\",\"target\":{\"@type\":\"EntryPoint\",\"urlTemplate\":\"https:\/\/arteeluoghi.it\/?s={search_term_string}\"},\"query-input\":\"required name=search_term_string\"}],\"inLanguage\":\"it-IT\"},{\"@type\":\"WebPage\",\"@id\":\"https:\/\/arteeluoghi.it\/index.php\/2010\/11\/07\/viva-verdi\/#webpage\",\"url\":\"https:\/\/arteeluoghi.it\/index.php\/2010\/11\/07\/viva-verdi\/\",\"name\":\"Viva Verdi | Arte e Luoghi\",\"isPartOf\":{\"@id\":\"https:\/\/arteeluoghi.it\/#website\"},\"datePublished\":\"2010-11-07T18:10:54+00:00\",\"dateModified\":\"2010-11-07T18:10:54+00:00\",\"breadcrumb\":{\"@id\":\"https:\/\/arteeluoghi.it\/index.php\/2010\/11\/07\/viva-verdi\/#breadcrumb\"},\"inLanguage\":\"it-IT\",\"potentialAction\":[{\"@type\":\"ReadAction\",\"target\":[\"https:\/\/arteeluoghi.it\/index.php\/2010\/11\/07\/viva-verdi\/\"]}]},{\"@type\":\"BreadcrumbList\",\"@id\":\"https:\/\/arteeluoghi.it\/index.php\/2010\/11\/07\/viva-verdi\/#breadcrumb\",\"itemListElement\":[{\"@type\":\"ListItem\",\"position\":1,\"name\":\"Home\",\"item\":\"https:\/\/arteeluoghi.it\/\"},{\"@type\":\"ListItem\",\"position\":2,\"name\":\"Viva Verdi\"}]},{\"@type\":\"Article\",\"@id\":\"https:\/\/arteeluoghi.it\/index.php\/2010\/11\/07\/viva-verdi\/#article\",\"isPartOf\":{\"@id\":\"https:\/\/arteeluoghi.it\/index.php\/2010\/11\/07\/viva-verdi\/#webpage\"},\"author\":{\"@id\":\"https:\/\/arteeluoghi.it\/#\/schema\/person\/f84e814e36e91e01448ee07eaadd41d4\"},\"headline\":\"Viva Verdi\",\"datePublished\":\"2010-11-07T18:10:54+00:00\",\"dateModified\":\"2010-11-07T18:10:54+00:00\",\"mainEntityOfPage\":{\"@id\":\"https:\/\/arteeluoghi.it\/index.php\/2010\/11\/07\/viva-verdi\/#webpage\"},\"wordCount\":715,\"commentCount\":0,\"publisher\":{\"@id\":\"https:\/\/arteeluoghi.it\/#organization\"},\"articleSection\":[\"MUSICA\"],\"inLanguage\":\"it-IT\",\"potentialAction\":[{\"@type\":\"CommentAction\",\"name\":\"Comment\",\"target\":[\"https:\/\/arteeluoghi.it\/index.php\/2010\/11\/07\/viva-verdi\/#respond\"]}]},{\"@type\":\"Person\",\"@id\":\"https:\/\/arteeluoghi.it\/#\/schema\/person\/f84e814e36e91e01448ee07eaadd41d4\",\"name\":\"Staff\",\"image\":{\"@type\":\"ImageObject\",\"@id\":\"https:\/\/arteeluoghi.it\/#personlogo\",\"inLanguage\":\"it-IT\",\"url\":\"https:\/\/secure.gravatar.com\/avatar\/49d2f9e46271bb04e19cebfaf141313a?s=96&d=blank&r=g\",\"contentUrl\":\"https:\/\/secure.gravatar.com\/avatar\/49d2f9e46271bb04e19cebfaf141313a?s=96&d=blank&r=g\",\"caption\":\"Staff\"}}]}<\/script>\n<!-- \/ Yoast SEO plugin. -->","yoast_head_json":{"title":"Viva Verdi | Arte e Luoghi","robots":{"index":"index","follow":"follow","max-snippet":"max-snippet:-1","max-image-preview":"max-image-preview:large","max-video-preview":"max-video-preview:-1"},"canonical":"https:\/\/arteeluoghi.it\/index.php\/2010\/11\/07\/viva-verdi\/","og_locale":"it_IT","og_type":"article","og_title":"Viva Verdi | Arte e Luoghi","og_description":"Conto alla rovescia per &#8221; VivaVerdi\/Multikulti&#8221;, la rassegna artistica di ARTEr\u00eca giunta alla sua quattordicesima edizione. Si comincia subito il","og_url":"https:\/\/arteeluoghi.it\/index.php\/2010\/11\/07\/viva-verdi\/","og_site_name":"Arte e Luoghi","article_publisher":"https:\/\/www.facebook.com\/ArteELuoghi\/","article_published_time":"2010-11-07T18:10:54+00:00","twitter_card":"summary","twitter_creator":"@arteeluoghi","twitter_site":"@arteeluoghi","twitter_misc":{"Scritto da":"Staff","Tempo di lettura stimato":"4 minuti"},"schema":{"@context":"https:\/\/schema.org","@graph":[{"@type":"Organization","@id":"https:\/\/arteeluoghi.it\/#organization","name":"Arte e Luoghi","url":"https:\/\/arteeluoghi.it\/","sameAs":["https:\/\/www.facebook.com\/ArteELuoghi\/","https:\/\/www.instagram.com\/arteeluoghi\/?hl=it","https:\/\/www.youtube.com\/channel\/UCuRVc4JW4-C5sg9rQB-srkw?view_as=subscriber","https:\/\/twitter.com\/arteeluoghi"],"logo":{"@type":"ImageObject","@id":"https:\/\/arteeluoghi.it\/#logo","inLanguage":"it-IT","url":"https:\/\/arteeluoghi.it\/wp-content\/uploads\/2018\/08\/logoinstagramarte.jpg","contentUrl":"https:\/\/arteeluoghi.it\/wp-content\/uploads\/2018\/08\/logoinstagramarte.jpg","width":150,"height":150,"caption":"Arte e Luoghi"},"image":{"@id":"https:\/\/arteeluoghi.it\/#logo"}},{"@type":"WebSite","@id":"https:\/\/arteeluoghi.it\/#website","url":"https:\/\/arteeluoghi.it\/","name":"Arte e Luoghi","description":"Mensile di arte, cultura, turismo e curiosit\u00e0","publisher":{"@id":"https:\/\/arteeluoghi.it\/#organization"},"potentialAction":[{"@type":"SearchAction","target":{"@type":"EntryPoint","urlTemplate":"https:\/\/arteeluoghi.it\/?s={search_term_string}"},"query-input":"required name=search_term_string"}],"inLanguage":"it-IT"},{"@type":"WebPage","@id":"https:\/\/arteeluoghi.it\/index.php\/2010\/11\/07\/viva-verdi\/#webpage","url":"https:\/\/arteeluoghi.it\/index.php\/2010\/11\/07\/viva-verdi\/","name":"Viva Verdi | Arte e Luoghi","isPartOf":{"@id":"https:\/\/arteeluoghi.it\/#website"},"datePublished":"2010-11-07T18:10:54+00:00","dateModified":"2010-11-07T18:10:54+00:00","breadcrumb":{"@id":"https:\/\/arteeluoghi.it\/index.php\/2010\/11\/07\/viva-verdi\/#breadcrumb"},"inLanguage":"it-IT","potentialAction":[{"@type":"ReadAction","target":["https:\/\/arteeluoghi.it\/index.php\/2010\/11\/07\/viva-verdi\/"]}]},{"@type":"BreadcrumbList","@id":"https:\/\/arteeluoghi.it\/index.php\/2010\/11\/07\/viva-verdi\/#breadcrumb","itemListElement":[{"@type":"ListItem","position":1,"name":"Home","item":"https:\/\/arteeluoghi.it\/"},{"@type":"ListItem","position":2,"name":"Viva Verdi"}]},{"@type":"Article","@id":"https:\/\/arteeluoghi.it\/index.php\/2010\/11\/07\/viva-verdi\/#article","isPartOf":{"@id":"https:\/\/arteeluoghi.it\/index.php\/2010\/11\/07\/viva-verdi\/#webpage"},"author":{"@id":"https:\/\/arteeluoghi.it\/#\/schema\/person\/f84e814e36e91e01448ee07eaadd41d4"},"headline":"Viva Verdi","datePublished":"2010-11-07T18:10:54+00:00","dateModified":"2010-11-07T18:10:54+00:00","mainEntityOfPage":{"@id":"https:\/\/arteeluoghi.it\/index.php\/2010\/11\/07\/viva-verdi\/#webpage"},"wordCount":715,"commentCount":0,"publisher":{"@id":"https:\/\/arteeluoghi.it\/#organization"},"articleSection":["MUSICA"],"inLanguage":"it-IT","potentialAction":[{"@type":"CommentAction","name":"Comment","target":["https:\/\/arteeluoghi.it\/index.php\/2010\/11\/07\/viva-verdi\/#respond"]}]},{"@type":"Person","@id":"https:\/\/arteeluoghi.it\/#\/schema\/person\/f84e814e36e91e01448ee07eaadd41d4","name":"Staff","image":{"@type":"ImageObject","@id":"https:\/\/arteeluoghi.it\/#personlogo","inLanguage":"it-IT","url":"https:\/\/secure.gravatar.com\/avatar\/49d2f9e46271bb04e19cebfaf141313a?s=96&d=blank&r=g","contentUrl":"https:\/\/secure.gravatar.com\/avatar\/49d2f9e46271bb04e19cebfaf141313a?s=96&d=blank&r=g","caption":"Staff"}}]}},"_links":{"self":[{"href":"https:\/\/arteeluoghi.it\/index.php\/wp-json\/wp\/v2\/posts\/81"}],"collection":[{"href":"https:\/\/arteeluoghi.it\/index.php\/wp-json\/wp\/v2\/posts"}],"about":[{"href":"https:\/\/arteeluoghi.it\/index.php\/wp-json\/wp\/v2\/types\/post"}],"author":[{"embeddable":true,"href":"https:\/\/arteeluoghi.it\/index.php\/wp-json\/wp\/v2\/users\/1"}],"replies":[{"embeddable":true,"href":"https:\/\/arteeluoghi.it\/index.php\/wp-json\/wp\/v2\/comments?post=81"}],"version-history":[{"count":0,"href":"https:\/\/arteeluoghi.it\/index.php\/wp-json\/wp\/v2\/posts\/81\/revisions"}],"wp:attachment":[{"href":"https:\/\/arteeluoghi.it\/index.php\/wp-json\/wp\/v2\/media?parent=81"}],"wp:term":[{"taxonomy":"category","embeddable":true,"href":"https:\/\/arteeluoghi.it\/index.php\/wp-json\/wp\/v2\/categories?post=81"},{"taxonomy":"post_tag","embeddable":true,"href":"https:\/\/arteeluoghi.it\/index.php\/wp-json\/wp\/v2\/tags?post=81"}],"curies":[{"name":"wp","href":"https:\/\/api.w.org\/{rel}","templated":true}]}}