{"id":810,"date":"2012-06-22T18:20:54","date_gmt":"2012-06-22T16:20:54","guid":{"rendered":"http:\/\/arteeluoghi.it\/index.php\/2012\/06\/22\/alla-tipografia-del-commercio-per-incontrare-il-libro\/"},"modified":"2012-06-22T18:20:54","modified_gmt":"2012-06-22T16:20:54","slug":"alla-tipografia-del-commercio-per-incontrare-il-libro","status":"publish","type":"post","link":"https:\/\/arteeluoghi.it\/index.php\/2012\/06\/22\/alla-tipografia-del-commercio-per-incontrare-il-libro\/","title":{"rendered":"Alla Tipografia del Commercio per incontrare il Libro"},"content":{"rendered":"<p>\u00a0<\/p>\n<p><img src=\"\/images\/stories\/invitolatipografia.jpg\" border=\"0\" width=\"300\" style=\"margin: 21px; float: left;\" \/>Dal 23 giugno al 2 Luglio imperfdibile evento dedicato agli appassionati dell&#8217;arte tipografica nella Tipografia del Commercio<\/p>\n<p><strong><span style=\"font-size: small;\">Un secolo di Tipografia a Lecce 1860-1969. Cento anni di libri da vedere e da gustare<\/span><\/strong><\/p>\n<p>di Antonietta Fulvio<\/p>\n<p>\u00a0<\/p>\n<p>\u00a0<\/p>\n<p>Ultimo in successione cronologica, ma non per importanza, <em>Un secolo di  Tipografia a Lecce 1860-1969. Cento anni di libri da vedere e da  gustare<\/em> , in programma dal 23 giugno al 2 Luglio \u00e8 un vero e proprio  elogio alla bellezza e alla preziosit\u00e0 di sua Maest\u00e0, il Libro. E se vi state chiedendo dove si svolger\u00e0 questo insolito, quanto affascinante, percorso tra pubblicazioni dal sapore antico e dalla fattura artigiana, la risposta \u00e8 un luogo magico, La Tipografia del Commercio, a Lecce in via dei Perroni.<\/p>\n<p>E che sia un luogo magico non v\u2019\u00e8 dubbio. La Tipografia del Commercio in via dei Perroni \u00e8 un luogo del cuore, proprio come quelli che ogni anno ci propone di eleggere il Fai. Lo \u00e8 per chi ama il libro, l\u2019odore degli inchiostri, l\u2019impercettibile suono delle pagine da sfogliare nel silenzio di un meriggio d\u2019estate o a notte fonda. E\u2019\u00a0 il luogo delle storie, che si sono succedute come caratteri mobili nell\u2019officina, laboratorio creativo di Antonio Buttazzo che ha scritto la storia culturale della citt\u00e0 di Lecce, con la Tipografia fondata insieme al padre Umberto nel 1926, e i\u00a0 suoi numerosi manifesti tra i quali quelli &#8220;formato elefante&#8221; e le composizioni che in parte \u00e8 possibile ammirare nella Tipografia che si configura quasi come un Museo dell&#8217;Arte tipografica.<\/p>\n<p>\u00a0<\/p>\n<p>  <!--more-->  <\/p>\n<p>Le composizioni, le impaginazioni raffinate, l\u2019accostamento dei caratteri in sottile sintonia con i colori: non sono mai un processo meramente meccanico. La macchina \u00e8 il mezzo che consente all\u2019uomo di creare.\u00a0 I manifesti di Buttazzo e della sua Tipografia sono stati una straordianaria lezione di grafica quando era inconcepibile l\u2019idea che una composizione potesse essere fatta, come accade oggi,\u00a0 virtualmente. Oggi mouse e tastiera traducono sul monitor gli impulsi creativi, ieri era la precisione e la pazienza del gesto nella composizione tipografica a fare il miracolo: pagina o manifesto che fosse.<\/p>\n<p>\u00a0<\/p>\n<p>Grazie all\u2019entusiasmo del figlio Alberto e della nipote Lucia, La Tipografia di Antonio Buttazzo \u00e8 ritornata ad essere fulcro della vita culturale della citt\u00e0 del barocco. Poco distante dalla monumentale Chiesa di San Matteo, incasellata su quella che \u00e8 diventata la via della Movida, periodicamente apre le sue porte ad incontri ed eventi d\u2019arte, di particolare rilievo come la mostra <em>Un secolo di  Tipografia a Lecce 1860-1969. Cento anni di libri da vedere e da  gustare<\/em>.<\/p>\n<p>Magica, si diceva, la scenografia, antichi manifesti, macchine d\u2019altri tempi e\u00a0 preziosi clich\u00e9 e una selezione accurata di libri antichi, saggi, almanacchi, riviste per mettere in luce il valore straordinario dell\u2019Arte Tipografica. Un\u2019arte antica che ancora oggi pu\u00f2 vantare realt\u00e0 professionali e cultori quali il piemontese Enrico Tallone di Alpignano e lo stesso Alberto Buttazzo che, di tanto in tanto, effettua tirature limitate di composizioni di pregio come la cartella tipografica con la linoleumgrafia dell\u2019opera, <strong>Gregorio: cabaret del Novecento<\/strong>, che Carmelo Bene port\u00f2 anche a Lecce, al Teatro Apollo. Una cartella ristampata con il testo poetico \u201c<strong>Nella casa di nostra Signora dei Turchi<\/strong>\u201d a firma di Maurizio Nocera e presentata lo scorso 16 marzo per ricordare il maestro salentino scomparso nel giorno del decennale della sua scomparsa.<\/p>\n<p>Ad illustrare la preziosa e inestimabile carrellata di libri antichi interverranno <strong>Mario Cazzato<\/strong> autorevole esperto e direttore della <strong>Libreria del Sole<\/strong> e <strong>Maurizio Nocera<\/strong> bibliofilo ed instancabile operatore culturale. Modera l\u2019incontro <strong>Lucia Buttazzo<\/strong>.<\/p>\n<p>\u00a0<\/p>\n<hr \/>\n<p>\u00a0<\/p>\n<p>Un secolo di Tipografia a Lecce 1860-1969. Cento anni di libri da vedere e da gustare<\/p>\n<p>La Tipografia del Commercio<\/p>\n<p>Lecce, via dei Perroni<\/p>\n<p>23 giugno &#8211; 2 luglio 2012<\/p>\n<p>vernissage ore 18,30<\/p>\n<p>ingresso libero<\/p>\n","protected":false},"excerpt":{"rendered":"<p>\u00a0 Dal 23 giugno al 2 Luglio imperfdibile evento dedicato agli appassionati dell&#8217;arte tipografica nella Tipografia del Commercio Un secolo<\/p>\n","protected":false},"author":1,"featured_media":0,"comment_status":"open","ping_status":"open","sticky":false,"template":"","format":"standard","meta":[],"categories":[17],"tags":[],"yoast_head":"<!-- This site is optimized with the Yoast SEO plugin v18.0 - https:\/\/yoast.com\/wordpress\/plugins\/seo\/ -->\n<title>Alla Tipografia del Commercio per incontrare il Libro | Arte e Luoghi<\/title>\n<meta name=\"robots\" content=\"index, follow, max-snippet:-1, max-image-preview:large, max-video-preview:-1\" \/>\n<link rel=\"canonical\" href=\"https:\/\/arteeluoghi.it\/index.php\/2012\/06\/22\/alla-tipografia-del-commercio-per-incontrare-il-libro\/\" \/>\n<meta property=\"og:locale\" content=\"it_IT\" \/>\n<meta property=\"og:type\" content=\"article\" \/>\n<meta property=\"og:title\" content=\"Alla Tipografia del Commercio per incontrare il Libro | Arte e Luoghi\" \/>\n<meta property=\"og:description\" content=\"\u00a0 Dal 23 giugno al 2 Luglio imperfdibile evento dedicato agli appassionati dell&#8217;arte tipografica nella Tipografia del Commercio Un secolo\" \/>\n<meta property=\"og:url\" content=\"https:\/\/arteeluoghi.it\/index.php\/2012\/06\/22\/alla-tipografia-del-commercio-per-incontrare-il-libro\/\" \/>\n<meta property=\"og:site_name\" content=\"Arte e Luoghi\" \/>\n<meta property=\"article:publisher\" content=\"https:\/\/www.facebook.com\/ArteELuoghi\/\" \/>\n<meta property=\"article:published_time\" content=\"2012-06-22T16:20:54+00:00\" \/>\n<meta property=\"og:image\" content=\"https:\/\/arteeluoghi.it\/images\/stories\/invitolatipografia.jpg\" \/>\n<meta name=\"twitter:card\" content=\"summary\" \/>\n<meta name=\"twitter:creator\" content=\"@arteeluoghi\" \/>\n<meta name=\"twitter:site\" content=\"@arteeluoghi\" \/>\n<meta name=\"twitter:label1\" content=\"Scritto da\" \/>\n\t<meta name=\"twitter:data1\" content=\"Staff\" \/>\n\t<meta name=\"twitter:label2\" content=\"Tempo di lettura stimato\" \/>\n\t<meta name=\"twitter:data2\" content=\"3 minuti\" \/>\n<script type=\"application\/ld+json\" class=\"yoast-schema-graph\">{\"@context\":\"https:\/\/schema.org\",\"@graph\":[{\"@type\":\"Organization\",\"@id\":\"https:\/\/arteeluoghi.it\/#organization\",\"name\":\"Arte e Luoghi\",\"url\":\"https:\/\/arteeluoghi.it\/\",\"sameAs\":[\"https:\/\/www.facebook.com\/ArteELuoghi\/\",\"https:\/\/www.instagram.com\/arteeluoghi\/?hl=it\",\"https:\/\/www.youtube.com\/channel\/UCuRVc4JW4-C5sg9rQB-srkw?view_as=subscriber\",\"https:\/\/twitter.com\/arteeluoghi\"],\"logo\":{\"@type\":\"ImageObject\",\"@id\":\"https:\/\/arteeluoghi.it\/#logo\",\"inLanguage\":\"it-IT\",\"url\":\"https:\/\/arteeluoghi.it\/wp-content\/uploads\/2018\/08\/logoinstagramarte.jpg\",\"contentUrl\":\"https:\/\/arteeluoghi.it\/wp-content\/uploads\/2018\/08\/logoinstagramarte.jpg\",\"width\":150,\"height\":150,\"caption\":\"Arte e Luoghi\"},\"image\":{\"@id\":\"https:\/\/arteeluoghi.it\/#logo\"}},{\"@type\":\"WebSite\",\"@id\":\"https:\/\/arteeluoghi.it\/#website\",\"url\":\"https:\/\/arteeluoghi.it\/\",\"name\":\"Arte e Luoghi\",\"description\":\"Mensile di arte, cultura, turismo e curiosit\u00e0\",\"publisher\":{\"@id\":\"https:\/\/arteeluoghi.it\/#organization\"},\"potentialAction\":[{\"@type\":\"SearchAction\",\"target\":{\"@type\":\"EntryPoint\",\"urlTemplate\":\"https:\/\/arteeluoghi.it\/?s={search_term_string}\"},\"query-input\":\"required name=search_term_string\"}],\"inLanguage\":\"it-IT\"},{\"@type\":\"ImageObject\",\"@id\":\"https:\/\/arteeluoghi.it\/index.php\/2012\/06\/22\/alla-tipografia-del-commercio-per-incontrare-il-libro\/#primaryimage\",\"inLanguage\":\"it-IT\",\"url\":\"\/images\/stories\/invitolatipografia.jpg\",\"contentUrl\":\"\/images\/stories\/invitolatipografia.jpg\"},{\"@type\":\"WebPage\",\"@id\":\"https:\/\/arteeluoghi.it\/index.php\/2012\/06\/22\/alla-tipografia-del-commercio-per-incontrare-il-libro\/#webpage\",\"url\":\"https:\/\/arteeluoghi.it\/index.php\/2012\/06\/22\/alla-tipografia-del-commercio-per-incontrare-il-libro\/\",\"name\":\"Alla Tipografia del Commercio per incontrare il Libro | Arte e Luoghi\",\"isPartOf\":{\"@id\":\"https:\/\/arteeluoghi.it\/#website\"},\"primaryImageOfPage\":{\"@id\":\"https:\/\/arteeluoghi.it\/index.php\/2012\/06\/22\/alla-tipografia-del-commercio-per-incontrare-il-libro\/#primaryimage\"},\"datePublished\":\"2012-06-22T16:20:54+00:00\",\"dateModified\":\"2012-06-22T16:20:54+00:00\",\"breadcrumb\":{\"@id\":\"https:\/\/arteeluoghi.it\/index.php\/2012\/06\/22\/alla-tipografia-del-commercio-per-incontrare-il-libro\/#breadcrumb\"},\"inLanguage\":\"it-IT\",\"potentialAction\":[{\"@type\":\"ReadAction\",\"target\":[\"https:\/\/arteeluoghi.it\/index.php\/2012\/06\/22\/alla-tipografia-del-commercio-per-incontrare-il-libro\/\"]}]},{\"@type\":\"BreadcrumbList\",\"@id\":\"https:\/\/arteeluoghi.it\/index.php\/2012\/06\/22\/alla-tipografia-del-commercio-per-incontrare-il-libro\/#breadcrumb\",\"itemListElement\":[{\"@type\":\"ListItem\",\"position\":1,\"name\":\"Home\",\"item\":\"https:\/\/arteeluoghi.it\/\"},{\"@type\":\"ListItem\",\"position\":2,\"name\":\"Alla Tipografia del Commercio per incontrare il Libro\"}]},{\"@type\":\"Article\",\"@id\":\"https:\/\/arteeluoghi.it\/index.php\/2012\/06\/22\/alla-tipografia-del-commercio-per-incontrare-il-libro\/#article\",\"isPartOf\":{\"@id\":\"https:\/\/arteeluoghi.it\/index.php\/2012\/06\/22\/alla-tipografia-del-commercio-per-incontrare-il-libro\/#webpage\"},\"author\":{\"@id\":\"https:\/\/arteeluoghi.it\/#\/schema\/person\/f84e814e36e91e01448ee07eaadd41d4\"},\"headline\":\"Alla Tipografia del Commercio per incontrare il Libro\",\"datePublished\":\"2012-06-22T16:20:54+00:00\",\"dateModified\":\"2012-06-22T16:20:54+00:00\",\"mainEntityOfPage\":{\"@id\":\"https:\/\/arteeluoghi.it\/index.php\/2012\/06\/22\/alla-tipografia-del-commercio-per-incontrare-il-libro\/#webpage\"},\"wordCount\":617,\"commentCount\":0,\"publisher\":{\"@id\":\"https:\/\/arteeluoghi.it\/#organization\"},\"image\":{\"@id\":\"https:\/\/arteeluoghi.it\/index.php\/2012\/06\/22\/alla-tipografia-del-commercio-per-incontrare-il-libro\/#primaryimage\"},\"thumbnailUrl\":\"\/images\/stories\/invitolatipografia.jpg\",\"articleSection\":[\"LIBRI\"],\"inLanguage\":\"it-IT\",\"potentialAction\":[{\"@type\":\"CommentAction\",\"name\":\"Comment\",\"target\":[\"https:\/\/arteeluoghi.it\/index.php\/2012\/06\/22\/alla-tipografia-del-commercio-per-incontrare-il-libro\/#respond\"]}]},{\"@type\":\"Person\",\"@id\":\"https:\/\/arteeluoghi.it\/#\/schema\/person\/f84e814e36e91e01448ee07eaadd41d4\",\"name\":\"Staff\",\"image\":{\"@type\":\"ImageObject\",\"@id\":\"https:\/\/arteeluoghi.it\/#personlogo\",\"inLanguage\":\"it-IT\",\"url\":\"https:\/\/secure.gravatar.com\/avatar\/49d2f9e46271bb04e19cebfaf141313a?s=96&d=blank&r=g\",\"contentUrl\":\"https:\/\/secure.gravatar.com\/avatar\/49d2f9e46271bb04e19cebfaf141313a?s=96&d=blank&r=g\",\"caption\":\"Staff\"}}]}<\/script>\n<!-- \/ Yoast SEO plugin. -->","yoast_head_json":{"title":"Alla Tipografia del Commercio per incontrare il Libro | Arte e Luoghi","robots":{"index":"index","follow":"follow","max-snippet":"max-snippet:-1","max-image-preview":"max-image-preview:large","max-video-preview":"max-video-preview:-1"},"canonical":"https:\/\/arteeluoghi.it\/index.php\/2012\/06\/22\/alla-tipografia-del-commercio-per-incontrare-il-libro\/","og_locale":"it_IT","og_type":"article","og_title":"Alla Tipografia del Commercio per incontrare il Libro | Arte e Luoghi","og_description":"\u00a0 Dal 23 giugno al 2 Luglio imperfdibile evento dedicato agli appassionati dell&#8217;arte tipografica nella Tipografia del Commercio Un secolo","og_url":"https:\/\/arteeluoghi.it\/index.php\/2012\/06\/22\/alla-tipografia-del-commercio-per-incontrare-il-libro\/","og_site_name":"Arte e Luoghi","article_publisher":"https:\/\/www.facebook.com\/ArteELuoghi\/","article_published_time":"2012-06-22T16:20:54+00:00","og_image":[{"url":"https:\/\/arteeluoghi.it\/images\/stories\/invitolatipografia.jpg"}],"twitter_card":"summary","twitter_creator":"@arteeluoghi","twitter_site":"@arteeluoghi","twitter_misc":{"Scritto da":"Staff","Tempo di lettura stimato":"3 minuti"},"schema":{"@context":"https:\/\/schema.org","@graph":[{"@type":"Organization","@id":"https:\/\/arteeluoghi.it\/#organization","name":"Arte e Luoghi","url":"https:\/\/arteeluoghi.it\/","sameAs":["https:\/\/www.facebook.com\/ArteELuoghi\/","https:\/\/www.instagram.com\/arteeluoghi\/?hl=it","https:\/\/www.youtube.com\/channel\/UCuRVc4JW4-C5sg9rQB-srkw?view_as=subscriber","https:\/\/twitter.com\/arteeluoghi"],"logo":{"@type":"ImageObject","@id":"https:\/\/arteeluoghi.it\/#logo","inLanguage":"it-IT","url":"https:\/\/arteeluoghi.it\/wp-content\/uploads\/2018\/08\/logoinstagramarte.jpg","contentUrl":"https:\/\/arteeluoghi.it\/wp-content\/uploads\/2018\/08\/logoinstagramarte.jpg","width":150,"height":150,"caption":"Arte e Luoghi"},"image":{"@id":"https:\/\/arteeluoghi.it\/#logo"}},{"@type":"WebSite","@id":"https:\/\/arteeluoghi.it\/#website","url":"https:\/\/arteeluoghi.it\/","name":"Arte e Luoghi","description":"Mensile di arte, cultura, turismo e curiosit\u00e0","publisher":{"@id":"https:\/\/arteeluoghi.it\/#organization"},"potentialAction":[{"@type":"SearchAction","target":{"@type":"EntryPoint","urlTemplate":"https:\/\/arteeluoghi.it\/?s={search_term_string}"},"query-input":"required name=search_term_string"}],"inLanguage":"it-IT"},{"@type":"ImageObject","@id":"https:\/\/arteeluoghi.it\/index.php\/2012\/06\/22\/alla-tipografia-del-commercio-per-incontrare-il-libro\/#primaryimage","inLanguage":"it-IT","url":"\/images\/stories\/invitolatipografia.jpg","contentUrl":"\/images\/stories\/invitolatipografia.jpg"},{"@type":"WebPage","@id":"https:\/\/arteeluoghi.it\/index.php\/2012\/06\/22\/alla-tipografia-del-commercio-per-incontrare-il-libro\/#webpage","url":"https:\/\/arteeluoghi.it\/index.php\/2012\/06\/22\/alla-tipografia-del-commercio-per-incontrare-il-libro\/","name":"Alla Tipografia del Commercio per incontrare il Libro | Arte e Luoghi","isPartOf":{"@id":"https:\/\/arteeluoghi.it\/#website"},"primaryImageOfPage":{"@id":"https:\/\/arteeluoghi.it\/index.php\/2012\/06\/22\/alla-tipografia-del-commercio-per-incontrare-il-libro\/#primaryimage"},"datePublished":"2012-06-22T16:20:54+00:00","dateModified":"2012-06-22T16:20:54+00:00","breadcrumb":{"@id":"https:\/\/arteeluoghi.it\/index.php\/2012\/06\/22\/alla-tipografia-del-commercio-per-incontrare-il-libro\/#breadcrumb"},"inLanguage":"it-IT","potentialAction":[{"@type":"ReadAction","target":["https:\/\/arteeluoghi.it\/index.php\/2012\/06\/22\/alla-tipografia-del-commercio-per-incontrare-il-libro\/"]}]},{"@type":"BreadcrumbList","@id":"https:\/\/arteeluoghi.it\/index.php\/2012\/06\/22\/alla-tipografia-del-commercio-per-incontrare-il-libro\/#breadcrumb","itemListElement":[{"@type":"ListItem","position":1,"name":"Home","item":"https:\/\/arteeluoghi.it\/"},{"@type":"ListItem","position":2,"name":"Alla Tipografia del Commercio per incontrare il Libro"}]},{"@type":"Article","@id":"https:\/\/arteeluoghi.it\/index.php\/2012\/06\/22\/alla-tipografia-del-commercio-per-incontrare-il-libro\/#article","isPartOf":{"@id":"https:\/\/arteeluoghi.it\/index.php\/2012\/06\/22\/alla-tipografia-del-commercio-per-incontrare-il-libro\/#webpage"},"author":{"@id":"https:\/\/arteeluoghi.it\/#\/schema\/person\/f84e814e36e91e01448ee07eaadd41d4"},"headline":"Alla Tipografia del Commercio per incontrare il Libro","datePublished":"2012-06-22T16:20:54+00:00","dateModified":"2012-06-22T16:20:54+00:00","mainEntityOfPage":{"@id":"https:\/\/arteeluoghi.it\/index.php\/2012\/06\/22\/alla-tipografia-del-commercio-per-incontrare-il-libro\/#webpage"},"wordCount":617,"commentCount":0,"publisher":{"@id":"https:\/\/arteeluoghi.it\/#organization"},"image":{"@id":"https:\/\/arteeluoghi.it\/index.php\/2012\/06\/22\/alla-tipografia-del-commercio-per-incontrare-il-libro\/#primaryimage"},"thumbnailUrl":"\/images\/stories\/invitolatipografia.jpg","articleSection":["LIBRI"],"inLanguage":"it-IT","potentialAction":[{"@type":"CommentAction","name":"Comment","target":["https:\/\/arteeluoghi.it\/index.php\/2012\/06\/22\/alla-tipografia-del-commercio-per-incontrare-il-libro\/#respond"]}]},{"@type":"Person","@id":"https:\/\/arteeluoghi.it\/#\/schema\/person\/f84e814e36e91e01448ee07eaadd41d4","name":"Staff","image":{"@type":"ImageObject","@id":"https:\/\/arteeluoghi.it\/#personlogo","inLanguage":"it-IT","url":"https:\/\/secure.gravatar.com\/avatar\/49d2f9e46271bb04e19cebfaf141313a?s=96&d=blank&r=g","contentUrl":"https:\/\/secure.gravatar.com\/avatar\/49d2f9e46271bb04e19cebfaf141313a?s=96&d=blank&r=g","caption":"Staff"}}]}},"_links":{"self":[{"href":"https:\/\/arteeluoghi.it\/index.php\/wp-json\/wp\/v2\/posts\/810"}],"collection":[{"href":"https:\/\/arteeluoghi.it\/index.php\/wp-json\/wp\/v2\/posts"}],"about":[{"href":"https:\/\/arteeluoghi.it\/index.php\/wp-json\/wp\/v2\/types\/post"}],"author":[{"embeddable":true,"href":"https:\/\/arteeluoghi.it\/index.php\/wp-json\/wp\/v2\/users\/1"}],"replies":[{"embeddable":true,"href":"https:\/\/arteeluoghi.it\/index.php\/wp-json\/wp\/v2\/comments?post=810"}],"version-history":[{"count":0,"href":"https:\/\/arteeluoghi.it\/index.php\/wp-json\/wp\/v2\/posts\/810\/revisions"}],"wp:attachment":[{"href":"https:\/\/arteeluoghi.it\/index.php\/wp-json\/wp\/v2\/media?parent=810"}],"wp:term":[{"taxonomy":"category","embeddable":true,"href":"https:\/\/arteeluoghi.it\/index.php\/wp-json\/wp\/v2\/categories?post=810"},{"taxonomy":"post_tag","embeddable":true,"href":"https:\/\/arteeluoghi.it\/index.php\/wp-json\/wp\/v2\/tags?post=810"}],"curies":[{"name":"wp","href":"https:\/\/api.w.org\/{rel}","templated":true}]}}