{"id":8148,"date":"2020-05-15T21:15:32","date_gmt":"2020-05-15T19:15:32","guid":{"rendered":"https:\/\/arteeluoghi.it\/?p=8148"},"modified":"2020-05-15T22:57:08","modified_gmt":"2020-05-15T20:57:08","slug":"buon-viaggio-maestro","status":"publish","type":"post","link":"https:\/\/arteeluoghi.it\/index.php\/2020\/05\/15\/buon-viaggio-maestro\/","title":{"rendered":"Buon viaggio Maestro!"},"content":{"rendered":"\n<blockquote class=\"wp-block-quote\"><p> <em>Hai superato l&#8217;ultima stanza meraviglioso Ezio ora vola libero come sanno fare le tue note&#8230;<\/em><\/p><cite>Antonietta Fulvio<\/cite><\/blockquote>\n\n\n\n<figure class=\"wp-block-image\"><img loading=\"lazy\" width=\"960\" height=\"640\" src=\"https:\/\/arteeluoghi.it\/wp-content\/uploads\/2020\/05\/eziobosso.jpg\" alt=\"\" class=\"wp-image-8150\" srcset=\"https:\/\/arteeluoghi.it\/wp-content\/uploads\/2020\/05\/eziobosso.jpg 960w, https:\/\/arteeluoghi.it\/wp-content\/uploads\/2020\/05\/eziobosso-300x200.jpg 300w, https:\/\/arteeluoghi.it\/wp-content\/uploads\/2020\/05\/eziobosso-768x512.jpg 768w\" sizes=\"(max-width: 960px) 100vw, 960px\" \/><figcaption>Ezio Bosso pianista musicista, compositore, direttore d&#8217;orchestra (1971-2020)<br><\/figcaption><\/figure>\n\n\n\n<blockquote class=\"wp-block-quote\"><p><br>\u00abLa musica \u00e8 come la vita, si pu\u00f2 fare in un solo modo: insieme\u00bb<\/p><cite>Ezio Bosso (1971- 2020)<\/cite><\/blockquote>\n\n\n\n<figure class=\"wp-block-image\"><img loading=\"lazy\" width=\"764\" height=\"960\" src=\"https:\/\/arteeluoghi.it\/wp-content\/uploads\/2020\/05\/montelli-bosso.jpg\" alt=\"\" class=\"wp-image-8149\" srcset=\"https:\/\/arteeluoghi.it\/wp-content\/uploads\/2020\/05\/montelli-bosso.jpg 764w, https:\/\/arteeluoghi.it\/wp-content\/uploads\/2020\/05\/montelli-bosso-239x300.jpg 239w\" sizes=\"(max-width: 764px) 100vw, 764px\" \/><figcaption>\u201cLe parole di chi ti vuole bene sono la musica pi\u00f9 bella che potrai mai sentire.\u201d Ezio Bosso illustrazione di Giancarlo Montelli<\/figcaption><\/figure>\n\n\n\n<p>Grazie al segno del Maestro\u00a0<a href=\"https:\/\/www.facebook.com\/profile.php?id=100013395630749&amp;__tn__=%2CdK-R-R&amp;eid=ARCoB6hKAIJlYdwXrea3MfzntBXKiRwYC-bIc10yzmEa_2dx4y2x800-1h0hk_Qz61FIFBsrVju_aUpS&amp;fref=mentions\">Giancarlo Montelli<\/a>\u00a0per questa bellissima illustrazione dedicata al Maestro di Musica e di Vita che \u00e8 Ezio Bosso. Oggi purtroppo \u00e8 terminata la sua esistenza terrena ma come tutti gli artisti continua ad essere eternamente vivo con la sua meravigliosa Arte tra di noi! <em>Ha superato l&#8217;ultima stanza e ora vola libero come sanno fare le sue note&#8230;<\/em><\/p>\n\n\n\n<p>Come quelle che ha amato per tutta la vita.<\/p>\n\n\n\n<p>Come aveva scritto solo poco pi\u00f9 di un mese fa, sulla sua pagina Fb e che i suoi musicisti, i \u00a0musicisti della Europe Philharmonic Orchestra,  gli avevano restituito in un video per salutarlo costretti come tutti a stare distanti in questo tempo di pandemia.<\/p>\n\n\n\n<figure class=\"wp-block-embed-facebook wp-block-embed is-type-video is-provider-facebook\"><div class=\"wp-block-embed__wrapper\">\n<div id=\"fb-root\"><\/div><script async=\"1\" defer=\"1\" crossorigin=\"anonymous\" src=\"https:\/\/connect.facebook.net\/fr_FR\/sdk.js#xfbml=1&amp;version=v7.0\"><\/script><div class=\"fb-video\" data-href=\"https:\/\/www.facebook.com\/60850238032\/videos\/2851056888335070\/?__tn__=%2Cd%2CP-R&amp;eid=ARCzqD4uWXs9nnDijFL3BBpseSmjKGShjcOc1FJ5X3YC4YTrfqsC1mh_S1_12ypTWWYenxmQpw_kHE28\" data-width=\"800\"><blockquote cite=\"https:\/\/www.facebook.com\/60850238032\/videos\/2851056888335070\/\" class=\"fb-xfbml-parse-ignore\"><a href=\"https:\/\/www.facebook.com\/60850238032\/videos\/2851056888335070\/\"><\/a><p>Condividere qualcosa di meraviglioso per dire grazie Con le lacrime di stupore di bambino al dono inaspettato Con le lacrime stupite di adulto di non credere di meritarlo La musica \u00e8 un gesto d\u2019amore Anche quando non c\u2019\u00e8 musica Perch\u00e9 le parole possono dichiararlo l\u2019amore Ma l\u2019amore \u00e8 in un gesto e in ogni gesto Vi presento i musicisti della Europe philharmonic orchestra Grandi musicisti Senza et\u00e0 La mia famiglia La mia vera casaChe in un gesto mi hanno fatto il pi\u00f9 bello e inaspettato dei regali: Rispondere con un gesto di amore a una lettera d\u2019amore  Facendo vivere quelle parole Come facciamo vivere le note Essere famiglia&#8230; imparare ad essere un accordo Piu che ad essere d\u2019accordo Perch\u00e9 \u00e8 cos\u00ec bello essere parte dell\u2019accordo&#8230; divenendo l\u2019accordo stesso P.s. guardatelo, vi prego, prima di commentare o mettere like. Vi far\u00e0 stare bene, magari con quella lacrima che libera non ho praticamente dormito nel pensiero di renderlo pubblico o meno Ma questa societ\u00e0 ideale chiamata orchestra se lo merita uno a uno E meritano la mia lotta per farePer vivereE ogni promessa mantenuta e che manterr\u00f2 Grazie a tutti<\/p>Publi\u00e9e par <a href=\"https:\/\/www.facebook.com\/Ezio-Bosso-60850238032\/\">Ezio Bosso<\/a> sur Jeudi 9 avril 2020<\/blockquote><\/div>\n<\/div><figcaption>Il video realizzato dai musicisti della Europe Philharmonic Orchestra che il Maestro Ezio Bosso ha reso pubblico sulla sua pagina social lo scorso 2 aprile 2020<\/figcaption><\/figure>\n\n\n\n<p>Ci piace rivederlo quel video che, nello spirito che ha pervaso tutta la sua vita,  Ezio Bosso ha voluto condividere sul suo profilo fb con il suo pubblico che non potr\u00e0 mai dimenticare il pianista e il compositore, il musicista e il direttore d&#8217;orchestra, la sua sensibilit\u00e0 di uomo e di artista, la sua profonda e speciale umanit\u00e0. No, non si potranno dimenticare le emozioni che riusciva a far fluire insieme alle note, il suo esempio di coraggio e di speranza che ha mostrato nell&#8217;affrontare e combattere la malattia. Quella crudele che lo ha portato via a soli 48 anni ma come aveva detto lui \u00e8 &#8221; in ogni nota&#8221; e rester\u00e0 per sempre nei cuori di chi ama la musica. E non solo.<\/p>\n\n\n\n<p><\/p>\n\n\n\n<p><\/p>\n\n\n\n<blockquote class=\"wp-block-quote\"><p>\u00abSono in ogni nota che ho curato<br>Esisto in ogni nota insieme<br>Alle mie sorelle e fratelli<br>Figli o nipoti<br>Sono ogni nota studiata<br>Suonata e donata<br>Amata<br>perch\u00e9 non c\u2019\u00e8 nota che non ami<br>E che non abbia amato<br><br>Sono rinato<br>Nota dopo nota<br>Una nota alla volta<br>Fino ad abbracciarle tutte<br><br>Mi mancate<br>Quel sorriso che mi date<br>\u00c8 dura<br>Il corpo non distratto dalle vostre note<br>Cura e terapia<br>E in ogni nota che sto curando<br>Preparando, studiando<br>Ci siete<br>In ogni nota<br>E saremo<br>Ogni nota\u00bb<\/p><cite>Ezio Bosso, 2 aprile 2020 ( dalla pagina FB del maestro)<\/cite><\/blockquote>\n\n\n\n<p><\/p>\n","protected":false},"excerpt":{"rendered":"<p>Hai superato l&#8217;ultima stanza meraviglioso Ezio ora vola libero come sanno fare le tue note&#8230; Antonietta Fulvio \u00abLa musica \u00e8<\/p>\n","protected":false},"author":1,"featured_media":8149,"comment_status":"open","ping_status":"open","sticky":false,"template":"","format":"standard","meta":[],"categories":[27,12],"tags":[],"yoast_head":"<!-- This site is optimized with the Yoast SEO plugin v18.0 - https:\/\/yoast.com\/wordpress\/plugins\/seo\/ -->\n<title>Buon viaggio Maestro! | Arte e Luoghi<\/title>\n<meta name=\"robots\" content=\"index, follow, max-snippet:-1, max-image-preview:large, max-video-preview:-1\" \/>\n<link rel=\"canonical\" href=\"https:\/\/arteeluoghi.it\/index.php\/2020\/05\/15\/buon-viaggio-maestro\/\" \/>\n<meta property=\"og:locale\" content=\"it_IT\" \/>\n<meta property=\"og:type\" content=\"article\" \/>\n<meta property=\"og:title\" content=\"Buon viaggio Maestro! | Arte e Luoghi\" \/>\n<meta property=\"og:description\" content=\"Hai superato l&#8217;ultima stanza meraviglioso Ezio ora vola libero come sanno fare le tue note&#8230; Antonietta Fulvio \u00abLa musica \u00e8\" \/>\n<meta property=\"og:url\" content=\"https:\/\/arteeluoghi.it\/index.php\/2020\/05\/15\/buon-viaggio-maestro\/\" \/>\n<meta property=\"og:site_name\" content=\"Arte e Luoghi\" \/>\n<meta property=\"article:publisher\" content=\"https:\/\/www.facebook.com\/ArteELuoghi\/\" \/>\n<meta property=\"article:published_time\" content=\"2020-05-15T19:15:32+00:00\" \/>\n<meta property=\"article:modified_time\" content=\"2020-05-15T20:57:08+00:00\" \/>\n<meta property=\"og:image\" content=\"https:\/\/arteeluoghi.it\/wp-content\/uploads\/2020\/05\/montelli-bosso.jpg\" \/>\n\t<meta property=\"og:image:width\" content=\"764\" \/>\n\t<meta property=\"og:image:height\" content=\"960\" \/>\n\t<meta property=\"og:image:type\" content=\"image\/jpeg\" \/>\n<meta name=\"twitter:card\" content=\"summary\" \/>\n<meta name=\"twitter:creator\" content=\"@arteeluoghi\" \/>\n<meta name=\"twitter:site\" content=\"@arteeluoghi\" \/>\n<meta name=\"twitter:label1\" content=\"Scritto da\" \/>\n\t<meta name=\"twitter:data1\" content=\"Staff\" \/>\n\t<meta name=\"twitter:label2\" content=\"Tempo di lettura stimato\" \/>\n\t<meta name=\"twitter:data2\" content=\"2 minuti\" \/>\n<script type=\"application\/ld+json\" class=\"yoast-schema-graph\">{\"@context\":\"https:\/\/schema.org\",\"@graph\":[{\"@type\":\"Organization\",\"@id\":\"https:\/\/arteeluoghi.it\/#organization\",\"name\":\"Arte e Luoghi\",\"url\":\"https:\/\/arteeluoghi.it\/\",\"sameAs\":[\"https:\/\/www.facebook.com\/ArteELuoghi\/\",\"https:\/\/www.instagram.com\/arteeluoghi\/?hl=it\",\"https:\/\/www.youtube.com\/channel\/UCuRVc4JW4-C5sg9rQB-srkw?view_as=subscriber\",\"https:\/\/twitter.com\/arteeluoghi\"],\"logo\":{\"@type\":\"ImageObject\",\"@id\":\"https:\/\/arteeluoghi.it\/#logo\",\"inLanguage\":\"it-IT\",\"url\":\"https:\/\/arteeluoghi.it\/wp-content\/uploads\/2018\/08\/logoinstagramarte.jpg\",\"contentUrl\":\"https:\/\/arteeluoghi.it\/wp-content\/uploads\/2018\/08\/logoinstagramarte.jpg\",\"width\":150,\"height\":150,\"caption\":\"Arte e Luoghi\"},\"image\":{\"@id\":\"https:\/\/arteeluoghi.it\/#logo\"}},{\"@type\":\"WebSite\",\"@id\":\"https:\/\/arteeluoghi.it\/#website\",\"url\":\"https:\/\/arteeluoghi.it\/\",\"name\":\"Arte e Luoghi\",\"description\":\"Mensile di arte, cultura, turismo e curiosit\u00e0\",\"publisher\":{\"@id\":\"https:\/\/arteeluoghi.it\/#organization\"},\"potentialAction\":[{\"@type\":\"SearchAction\",\"target\":{\"@type\":\"EntryPoint\",\"urlTemplate\":\"https:\/\/arteeluoghi.it\/?s={search_term_string}\"},\"query-input\":\"required name=search_term_string\"}],\"inLanguage\":\"it-IT\"},{\"@type\":\"ImageObject\",\"@id\":\"https:\/\/arteeluoghi.it\/index.php\/2020\/05\/15\/buon-viaggio-maestro\/#primaryimage\",\"inLanguage\":\"it-IT\",\"url\":\"https:\/\/arteeluoghi.it\/wp-content\/uploads\/2020\/05\/montelli-bosso.jpg\",\"contentUrl\":\"https:\/\/arteeluoghi.it\/wp-content\/uploads\/2020\/05\/montelli-bosso.jpg\",\"width\":764,\"height\":960,\"caption\":\"\u201cLe parole di chi ti vuole bene sono la musica pi\u00f9 bella che potrai mai sentire.\u201d Ezio Bosso illustrazione di Giancarlo Montelli\"},{\"@type\":\"WebPage\",\"@id\":\"https:\/\/arteeluoghi.it\/index.php\/2020\/05\/15\/buon-viaggio-maestro\/#webpage\",\"url\":\"https:\/\/arteeluoghi.it\/index.php\/2020\/05\/15\/buon-viaggio-maestro\/\",\"name\":\"Buon viaggio Maestro! | Arte e Luoghi\",\"isPartOf\":{\"@id\":\"https:\/\/arteeluoghi.it\/#website\"},\"primaryImageOfPage\":{\"@id\":\"https:\/\/arteeluoghi.it\/index.php\/2020\/05\/15\/buon-viaggio-maestro\/#primaryimage\"},\"datePublished\":\"2020-05-15T19:15:32+00:00\",\"dateModified\":\"2020-05-15T20:57:08+00:00\",\"breadcrumb\":{\"@id\":\"https:\/\/arteeluoghi.it\/index.php\/2020\/05\/15\/buon-viaggio-maestro\/#breadcrumb\"},\"inLanguage\":\"it-IT\",\"potentialAction\":[{\"@type\":\"ReadAction\",\"target\":[\"https:\/\/arteeluoghi.it\/index.php\/2020\/05\/15\/buon-viaggio-maestro\/\"]}]},{\"@type\":\"BreadcrumbList\",\"@id\":\"https:\/\/arteeluoghi.it\/index.php\/2020\/05\/15\/buon-viaggio-maestro\/#breadcrumb\",\"itemListElement\":[{\"@type\":\"ListItem\",\"position\":1,\"name\":\"Home\",\"item\":\"https:\/\/arteeluoghi.it\/\"},{\"@type\":\"ListItem\",\"position\":2,\"name\":\"Buon viaggio Maestro!\"}]},{\"@type\":\"Article\",\"@id\":\"https:\/\/arteeluoghi.it\/index.php\/2020\/05\/15\/buon-viaggio-maestro\/#article\",\"isPartOf\":{\"@id\":\"https:\/\/arteeluoghi.it\/index.php\/2020\/05\/15\/buon-viaggio-maestro\/#webpage\"},\"author\":{\"@id\":\"https:\/\/arteeluoghi.it\/#\/schema\/person\/f84e814e36e91e01448ee07eaadd41d4\"},\"headline\":\"Buon viaggio Maestro!\",\"datePublished\":\"2020-05-15T19:15:32+00:00\",\"dateModified\":\"2020-05-15T20:57:08+00:00\",\"mainEntityOfPage\":{\"@id\":\"https:\/\/arteeluoghi.it\/index.php\/2020\/05\/15\/buon-viaggio-maestro\/#webpage\"},\"wordCount\":422,\"commentCount\":0,\"publisher\":{\"@id\":\"https:\/\/arteeluoghi.it\/#organization\"},\"image\":{\"@id\":\"https:\/\/arteeluoghi.it\/index.php\/2020\/05\/15\/buon-viaggio-maestro\/#primaryimage\"},\"thumbnailUrl\":\"https:\/\/arteeluoghi.it\/wp-content\/uploads\/2020\/05\/montelli-bosso.jpg\",\"articleSection\":[\"Arte\",\"MUSICA\"],\"inLanguage\":\"it-IT\",\"potentialAction\":[{\"@type\":\"CommentAction\",\"name\":\"Comment\",\"target\":[\"https:\/\/arteeluoghi.it\/index.php\/2020\/05\/15\/buon-viaggio-maestro\/#respond\"]}]},{\"@type\":\"Person\",\"@id\":\"https:\/\/arteeluoghi.it\/#\/schema\/person\/f84e814e36e91e01448ee07eaadd41d4\",\"name\":\"Staff\",\"image\":{\"@type\":\"ImageObject\",\"@id\":\"https:\/\/arteeluoghi.it\/#personlogo\",\"inLanguage\":\"it-IT\",\"url\":\"https:\/\/secure.gravatar.com\/avatar\/49d2f9e46271bb04e19cebfaf141313a?s=96&d=blank&r=g\",\"contentUrl\":\"https:\/\/secure.gravatar.com\/avatar\/49d2f9e46271bb04e19cebfaf141313a?s=96&d=blank&r=g\",\"caption\":\"Staff\"}}]}<\/script>\n<!-- \/ Yoast SEO plugin. -->","yoast_head_json":{"title":"Buon viaggio Maestro! | Arte e Luoghi","robots":{"index":"index","follow":"follow","max-snippet":"max-snippet:-1","max-image-preview":"max-image-preview:large","max-video-preview":"max-video-preview:-1"},"canonical":"https:\/\/arteeluoghi.it\/index.php\/2020\/05\/15\/buon-viaggio-maestro\/","og_locale":"it_IT","og_type":"article","og_title":"Buon viaggio Maestro! | Arte e Luoghi","og_description":"Hai superato l&#8217;ultima stanza meraviglioso Ezio ora vola libero come sanno fare le tue note&#8230; Antonietta Fulvio \u00abLa musica \u00e8","og_url":"https:\/\/arteeluoghi.it\/index.php\/2020\/05\/15\/buon-viaggio-maestro\/","og_site_name":"Arte e Luoghi","article_publisher":"https:\/\/www.facebook.com\/ArteELuoghi\/","article_published_time":"2020-05-15T19:15:32+00:00","article_modified_time":"2020-05-15T20:57:08+00:00","og_image":[{"width":764,"height":960,"url":"https:\/\/arteeluoghi.it\/wp-content\/uploads\/2020\/05\/montelli-bosso.jpg","type":"image\/jpeg"}],"twitter_card":"summary","twitter_creator":"@arteeluoghi","twitter_site":"@arteeluoghi","twitter_misc":{"Scritto da":"Staff","Tempo di lettura stimato":"2 minuti"},"schema":{"@context":"https:\/\/schema.org","@graph":[{"@type":"Organization","@id":"https:\/\/arteeluoghi.it\/#organization","name":"Arte e Luoghi","url":"https:\/\/arteeluoghi.it\/","sameAs":["https:\/\/www.facebook.com\/ArteELuoghi\/","https:\/\/www.instagram.com\/arteeluoghi\/?hl=it","https:\/\/www.youtube.com\/channel\/UCuRVc4JW4-C5sg9rQB-srkw?view_as=subscriber","https:\/\/twitter.com\/arteeluoghi"],"logo":{"@type":"ImageObject","@id":"https:\/\/arteeluoghi.it\/#logo","inLanguage":"it-IT","url":"https:\/\/arteeluoghi.it\/wp-content\/uploads\/2018\/08\/logoinstagramarte.jpg","contentUrl":"https:\/\/arteeluoghi.it\/wp-content\/uploads\/2018\/08\/logoinstagramarte.jpg","width":150,"height":150,"caption":"Arte e Luoghi"},"image":{"@id":"https:\/\/arteeluoghi.it\/#logo"}},{"@type":"WebSite","@id":"https:\/\/arteeluoghi.it\/#website","url":"https:\/\/arteeluoghi.it\/","name":"Arte e Luoghi","description":"Mensile di arte, cultura, turismo e curiosit\u00e0","publisher":{"@id":"https:\/\/arteeluoghi.it\/#organization"},"potentialAction":[{"@type":"SearchAction","target":{"@type":"EntryPoint","urlTemplate":"https:\/\/arteeluoghi.it\/?s={search_term_string}"},"query-input":"required name=search_term_string"}],"inLanguage":"it-IT"},{"@type":"ImageObject","@id":"https:\/\/arteeluoghi.it\/index.php\/2020\/05\/15\/buon-viaggio-maestro\/#primaryimage","inLanguage":"it-IT","url":"https:\/\/arteeluoghi.it\/wp-content\/uploads\/2020\/05\/montelli-bosso.jpg","contentUrl":"https:\/\/arteeluoghi.it\/wp-content\/uploads\/2020\/05\/montelli-bosso.jpg","width":764,"height":960,"caption":"\u201cLe parole di chi ti vuole bene sono la musica pi\u00f9 bella che potrai mai sentire.\u201d Ezio Bosso illustrazione di Giancarlo Montelli"},{"@type":"WebPage","@id":"https:\/\/arteeluoghi.it\/index.php\/2020\/05\/15\/buon-viaggio-maestro\/#webpage","url":"https:\/\/arteeluoghi.it\/index.php\/2020\/05\/15\/buon-viaggio-maestro\/","name":"Buon viaggio Maestro! | Arte e Luoghi","isPartOf":{"@id":"https:\/\/arteeluoghi.it\/#website"},"primaryImageOfPage":{"@id":"https:\/\/arteeluoghi.it\/index.php\/2020\/05\/15\/buon-viaggio-maestro\/#primaryimage"},"datePublished":"2020-05-15T19:15:32+00:00","dateModified":"2020-05-15T20:57:08+00:00","breadcrumb":{"@id":"https:\/\/arteeluoghi.it\/index.php\/2020\/05\/15\/buon-viaggio-maestro\/#breadcrumb"},"inLanguage":"it-IT","potentialAction":[{"@type":"ReadAction","target":["https:\/\/arteeluoghi.it\/index.php\/2020\/05\/15\/buon-viaggio-maestro\/"]}]},{"@type":"BreadcrumbList","@id":"https:\/\/arteeluoghi.it\/index.php\/2020\/05\/15\/buon-viaggio-maestro\/#breadcrumb","itemListElement":[{"@type":"ListItem","position":1,"name":"Home","item":"https:\/\/arteeluoghi.it\/"},{"@type":"ListItem","position":2,"name":"Buon viaggio Maestro!"}]},{"@type":"Article","@id":"https:\/\/arteeluoghi.it\/index.php\/2020\/05\/15\/buon-viaggio-maestro\/#article","isPartOf":{"@id":"https:\/\/arteeluoghi.it\/index.php\/2020\/05\/15\/buon-viaggio-maestro\/#webpage"},"author":{"@id":"https:\/\/arteeluoghi.it\/#\/schema\/person\/f84e814e36e91e01448ee07eaadd41d4"},"headline":"Buon viaggio Maestro!","datePublished":"2020-05-15T19:15:32+00:00","dateModified":"2020-05-15T20:57:08+00:00","mainEntityOfPage":{"@id":"https:\/\/arteeluoghi.it\/index.php\/2020\/05\/15\/buon-viaggio-maestro\/#webpage"},"wordCount":422,"commentCount":0,"publisher":{"@id":"https:\/\/arteeluoghi.it\/#organization"},"image":{"@id":"https:\/\/arteeluoghi.it\/index.php\/2020\/05\/15\/buon-viaggio-maestro\/#primaryimage"},"thumbnailUrl":"https:\/\/arteeluoghi.it\/wp-content\/uploads\/2020\/05\/montelli-bosso.jpg","articleSection":["Arte","MUSICA"],"inLanguage":"it-IT","potentialAction":[{"@type":"CommentAction","name":"Comment","target":["https:\/\/arteeluoghi.it\/index.php\/2020\/05\/15\/buon-viaggio-maestro\/#respond"]}]},{"@type":"Person","@id":"https:\/\/arteeluoghi.it\/#\/schema\/person\/f84e814e36e91e01448ee07eaadd41d4","name":"Staff","image":{"@type":"ImageObject","@id":"https:\/\/arteeluoghi.it\/#personlogo","inLanguage":"it-IT","url":"https:\/\/secure.gravatar.com\/avatar\/49d2f9e46271bb04e19cebfaf141313a?s=96&d=blank&r=g","contentUrl":"https:\/\/secure.gravatar.com\/avatar\/49d2f9e46271bb04e19cebfaf141313a?s=96&d=blank&r=g","caption":"Staff"}}]}},"_links":{"self":[{"href":"https:\/\/arteeluoghi.it\/index.php\/wp-json\/wp\/v2\/posts\/8148"}],"collection":[{"href":"https:\/\/arteeluoghi.it\/index.php\/wp-json\/wp\/v2\/posts"}],"about":[{"href":"https:\/\/arteeluoghi.it\/index.php\/wp-json\/wp\/v2\/types\/post"}],"author":[{"embeddable":true,"href":"https:\/\/arteeluoghi.it\/index.php\/wp-json\/wp\/v2\/users\/1"}],"replies":[{"embeddable":true,"href":"https:\/\/arteeluoghi.it\/index.php\/wp-json\/wp\/v2\/comments?post=8148"}],"version-history":[{"count":4,"href":"https:\/\/arteeluoghi.it\/index.php\/wp-json\/wp\/v2\/posts\/8148\/revisions"}],"predecessor-version":[{"id":8155,"href":"https:\/\/arteeluoghi.it\/index.php\/wp-json\/wp\/v2\/posts\/8148\/revisions\/8155"}],"wp:featuredmedia":[{"embeddable":true,"href":"https:\/\/arteeluoghi.it\/index.php\/wp-json\/wp\/v2\/media\/8149"}],"wp:attachment":[{"href":"https:\/\/arteeluoghi.it\/index.php\/wp-json\/wp\/v2\/media?parent=8148"}],"wp:term":[{"taxonomy":"category","embeddable":true,"href":"https:\/\/arteeluoghi.it\/index.php\/wp-json\/wp\/v2\/categories?post=8148"},{"taxonomy":"post_tag","embeddable":true,"href":"https:\/\/arteeluoghi.it\/index.php\/wp-json\/wp\/v2\/tags?post=8148"}],"curies":[{"name":"wp","href":"https:\/\/api.w.org\/{rel}","templated":true}]}}