{"id":8289,"date":"2020-05-01T20:20:14","date_gmt":"2020-05-01T18:20:14","guid":{"rendered":"https:\/\/arteeluoghi.it\/?p=8289"},"modified":"2020-05-30T20:44:04","modified_gmt":"2020-05-30T18:44:04","slug":"il-belvedere-di-san-leucio-e-il-setificio-reale-ferdinandopoli","status":"publish","type":"post","link":"https:\/\/arteeluoghi.it\/index.php\/2020\/05\/01\/il-belvedere-di-san-leucio-e-il-setificio-reale-ferdinandopoli\/","title":{"rendered":"Il Belvedere di San Leucio  e il setificio reale: Ferdinandopoli"},"content":{"rendered":"\n<blockquote class=\"wp-block-quote\"><p>Il sogno di seta di Re Ferdinando di Borbone<\/p><cite>Sara Foti Sciavaliere<\/cite><\/blockquote>\n\n\n\n<p>Il Complesso monumentale del Belvedere di San Leucio \u00e8 stato il sogno utopico Re Ferdinando per dar vita alla sua Ferdinandopoli, un borgo ideale dove dare esecuzione a  un modello di giustizia e di equit\u00e0 sociale nuovo per le nazioni del XVIII secolo ispirato a una forma di socialismo illuminato. Innanzitutto esso rientra nei Siti Reali nati dalla politica di potenziamento dei Borbone, e oggi \u00e8 uno dei beni UNESCO nel territorio della citt\u00e0 di Caserta, insieme alla Reggia e all\u2019Acquedotto Carolino. <\/p>\n\n\n\n<p><br> Il Belvedere prende il nome al monte San Leucio la cui sommit\u00e0, in passato, ospitava una piccola chiesa dedicata al vescovo alessandrino Leucio che peregrinando, tra il IV-V secolo, porta il Verbum Christi a Brindisi, citt\u00e0 all\u2019epoca ancora pagana e da lui cistianizzata; la tradizione vuole che quando Leucio di Alessandria mor\u00ec, fu sepolto nella sua casa nella citt\u00e0 pugliese, eretta a chiesa, e  in seguito i suoi resti furono traslati prima a Trani e poi a Benevento, da qui parte delle spoglie giunsero anche a Capua dove la devozione al santo divenne cos\u00ec grande che sulla montagna fu eretta una chiesa a lui intitolata, una costruzione della quale non rimaneva altro che ruderi quando la montagna pass\u00f2 ai Borbone. <br> L\u2019idea originaria di re Carlo era di creare sul monte San Leucio una riserva per la caccia al cinghiale e, poco pi\u00f9 che ventenne, Ferdinando IV  &#8211; che intanto era succeduto, a soli otto anni, sul trono di Napoli &#8211; port\u00f2 a compimento gli intendimenti del padre. Il Real Casino del Belvedere d San Leucio sorge su un preesistente edificio degli Acquaviva, principi di Caserta e proprietari del feudo della citt\u00e0. Quando il re inizia a dimorare pi\u00f9 stabilmente in qui luoghi, gli viene in mente di impiantare nel sito reale una fabbrica per la produzione della seta nella quale dare impiego agli abitanti del posto, in netto aumento. Si incominci\u00f2 con installare \u201cuna sala regolare per la filanda\u201d e dei filatoi azionati dalla acque della cascata del condotto carolino. Cos\u00ec da riserva di caccia e luogo ameno i cui trovare ristoro, San Leucio divenne la punta pi\u00f9 avanzata della politica industriale di Ferdinando che, pari a un vero e proprio imprenditore, fu una presenza attiva all\u2019interno del sito. <\/p>\n\n\n\n<!--more-->\n\n\n\n<p>Saranno avviate una serie d\u2019importanti costruzioni funzionali sia alla produzione serica, quali la Gran Filanda e l\u2019antica Cocolliera &#8211; dove venivano allevati i bachi da seta -, sia alle esigenze abitative della Real Colonia, come la Trattoria e i Quartieri di San Carlo e San Ferdinando. Dall\u2019estero arriveranno macchinari nuovi e pi\u00f9 avanzati che, in aggiunta al lavoro di tecnici specializzati e i giovani mandati in Francia a formarsi per prendere l\u2019arte della tessitura, daranno vita alla produzione di lavori pi\u00f9 difficili e delicati dei veli fino ad allora prodotti: si passer\u00e0 ai cosiddetti \u201ctulli e filosci\u201d, oltre a finissime calze a traforo.<\/p>\n\n\n\n<p>Nel 1788 il re decise di riunire la popolazione in una Colonia cui concedette, l\u2019anno successivo, un proprio Statuto attraverso la promulgazione del Codice delle Leggi. Alle locali maestranze leuciane si aggiunsero subito anche artigiani francesi, genovesi, piemontesi e messinesi che si stabilirono a San Leucio richiamati dai molti benefici di cui usufruivano i lavoratori delle seterie. Di fatto, ai lavoratori delle seterie veniva data una casa all\u2019interno della colonia, ed era inoltre prevista anche per i familiari la formazione gratuita e qui il re istitu\u00ec difatti la prima scuola dell\u2019obbligo d\u2019Italia femminile e maschile che includeva discipline professionali, e le ore di lavoro erano 11, mentre nel resto d\u2019Europa erano 14.<br>\nLe abitazioni furono progettate tenendo presente tutte le regole urbanistiche dell\u2019epoca, per far s\u00ec che durassero nel tempo (e sono tutt\u2019oggi abitate) e fin dall\u2019inizio furono dotate di acqua corrente e servizi igienici. Alle donne ricevevano una dote dal re per sposare un appartenente della colonia, anche se a disposizione di tutti vi era una cassa comune \u201cdi carit\u00e0\u201d, dove ognuno versava una parte dei propri guadagni. Era abolita la propriet\u00e0 privata, garantita l\u2019assistenza agli anziani e agli infermi, ed era esaltato il valore della fratellanza. A San Leucio, uomo e donna godevano di una totale parit\u00e0 in un sistema che faceva perno esclusivamente sulla meritocrazia. <br>\nL\u2019occupazione francese prima e i moti rivoluzionarono  poi, misero in crisi l\u2019attivit\u00e0 della seteria. In seguito alla Restaurazione il progetto della neo-citt\u00e0 venne completamente accantonato, anche se si continuarono ad ampliare industrie ed edifici, tra cui il Palazzo del Belvedere, anche con appalto di gestione a societ\u00e0 private, tuttavia con l\u2019unit\u00e0 d\u2019Italia, il progetto utopico di re Ferdinando fin\u00ec. Tutto fu inglobato nel demanio statale, ma tradizione e qualit\u00e0 nelle produzioni di tessuti serici sono rimaste ancora oggi, e San Leucio rimane la pi\u00f9 chiara espressione del sogno illuminato dei Borbone, l\u2019esperimento socio-economico tra i pi\u00f9 avanzati in Europa. <br>\nLa contestualizzazione storico e lo sviluppo delle vicende che hanno fatto da scenario alla realizzazione delle Reali seterie e del complesso monumentale intorno a esso era d\u2019obbligo, ma come era &#8211; ed \u00e8 &#8211; articolato il borgo della mancata Ferdinandopoli? Immaginando una visita in questo sito, si fa ingresso dalla cosiddetta Porta dei Leoni, rifacimento dell\u2019antico accesso cinquecentesco alla propriet\u00e0 degli Acquaviva, un grande portale sormontato dalle stemma reale e affiancato da due leoni in travertino di Bellona. Ma percorrendo la salitella che raggiunge la Porta si incontra (sulla sinistra) l\u2019edificio trapezoidale della Trattoria, realizzato al di fuori del perimetro della Colonia Reale e destinato a ospitare i visitatori. <\/p>\n\n\n\n<ul class=\"wp-block-gallery columns-3 is-cropped\"><li class=\"blocks-gallery-item\"><figure><img loading=\"lazy\" width=\"1024\" height=\"768\" src=\"https:\/\/arteeluoghi.it\/wp-content\/uploads\/2020\/05\/IMG_20191206_093938-1024x768.jpg\" alt=\"\" data-id=\"8295\" data-link=\"https:\/\/arteeluoghi.it\/index.php\/2020\/05\/01\/il-belvedere-di-san-leucio-e-il-setificio-reale-ferdinandopoli\/img_20191206_093938\/\" class=\"wp-image-8295\" srcset=\"https:\/\/arteeluoghi.it\/wp-content\/uploads\/2020\/05\/IMG_20191206_093938-1024x768.jpg 1024w, https:\/\/arteeluoghi.it\/wp-content\/uploads\/2020\/05\/IMG_20191206_093938-300x225.jpg 300w, https:\/\/arteeluoghi.it\/wp-content\/uploads\/2020\/05\/IMG_20191206_093938-768x576.jpg 768w\" sizes=\"(max-width: 1024px) 100vw, 1024px\" \/><\/figure><\/li><li class=\"blocks-gallery-item\"><figure><img loading=\"lazy\" width=\"1024\" height=\"768\" src=\"https:\/\/arteeluoghi.it\/wp-content\/uploads\/2020\/05\/IMG_20191206_093349-1024x768.jpg\" alt=\"\" data-id=\"8294\" data-link=\"https:\/\/arteeluoghi.it\/index.php\/2020\/05\/01\/il-belvedere-di-san-leucio-e-il-setificio-reale-ferdinandopoli\/img_20191206_093349\/\" class=\"wp-image-8294\" srcset=\"https:\/\/arteeluoghi.it\/wp-content\/uploads\/2020\/05\/IMG_20191206_093349-1024x768.jpg 1024w, https:\/\/arteeluoghi.it\/wp-content\/uploads\/2020\/05\/IMG_20191206_093349-300x225.jpg 300w, https:\/\/arteeluoghi.it\/wp-content\/uploads\/2020\/05\/IMG_20191206_093349-768x576.jpg 768w\" sizes=\"(max-width: 1024px) 100vw, 1024px\" \/><\/figure><\/li><li class=\"blocks-gallery-item\"><figure><img loading=\"lazy\" width=\"1024\" height=\"768\" src=\"https:\/\/arteeluoghi.it\/wp-content\/uploads\/2020\/05\/IMG_20191206_092958-1024x768.jpg\" alt=\"\" data-id=\"8293\" data-link=\"https:\/\/arteeluoghi.it\/index.php\/2020\/05\/01\/il-belvedere-di-san-leucio-e-il-setificio-reale-ferdinandopoli\/img_20191206_092958\/\" class=\"wp-image-8293\" srcset=\"https:\/\/arteeluoghi.it\/wp-content\/uploads\/2020\/05\/IMG_20191206_092958-1024x768.jpg 1024w, https:\/\/arteeluoghi.it\/wp-content\/uploads\/2020\/05\/IMG_20191206_092958-300x225.jpg 300w, https:\/\/arteeluoghi.it\/wp-content\/uploads\/2020\/05\/IMG_20191206_092958-768x576.jpg 768w\" sizes=\"(max-width: 1024px) 100vw, 1024px\" \/><\/figure><\/li><li class=\"blocks-gallery-item\"><figure><img loading=\"lazy\" width=\"1024\" height=\"768\" src=\"https:\/\/arteeluoghi.it\/wp-content\/uploads\/2020\/05\/IMG_20191206_100218-1024x768.jpg\" alt=\"\" data-id=\"8297\" data-link=\"https:\/\/arteeluoghi.it\/index.php\/2020\/05\/01\/il-belvedere-di-san-leucio-e-il-setificio-reale-ferdinandopoli\/img_20191206_100218\/\" class=\"wp-image-8297\" srcset=\"https:\/\/arteeluoghi.it\/wp-content\/uploads\/2020\/05\/IMG_20191206_100218-1024x768.jpg 1024w, https:\/\/arteeluoghi.it\/wp-content\/uploads\/2020\/05\/IMG_20191206_100218-300x225.jpg 300w, https:\/\/arteeluoghi.it\/wp-content\/uploads\/2020\/05\/IMG_20191206_100218-768x576.jpg 768w\" sizes=\"(max-width: 1024px) 100vw, 1024px\" \/><\/figure><\/li><li class=\"blocks-gallery-item\"><figure><img loading=\"lazy\" width=\"1024\" height=\"768\" src=\"https:\/\/arteeluoghi.it\/wp-content\/uploads\/2020\/05\/IMG_20191206_091652-1024x768.jpg\" alt=\"\" data-id=\"8292\" data-link=\"https:\/\/arteeluoghi.it\/index.php\/2020\/05\/01\/il-belvedere-di-san-leucio-e-il-setificio-reale-ferdinandopoli\/img_20191206_091652\/\" class=\"wp-image-8292\" srcset=\"https:\/\/arteeluoghi.it\/wp-content\/uploads\/2020\/05\/IMG_20191206_091652-1024x768.jpg 1024w, https:\/\/arteeluoghi.it\/wp-content\/uploads\/2020\/05\/IMG_20191206_091652-300x225.jpg 300w, https:\/\/arteeluoghi.it\/wp-content\/uploads\/2020\/05\/IMG_20191206_091652-768x576.jpg 768w\" sizes=\"(max-width: 1024px) 100vw, 1024px\" \/><\/figure><\/li><li class=\"blocks-gallery-item\"><figure><img loading=\"lazy\" width=\"1024\" height=\"768\" src=\"https:\/\/arteeluoghi.it\/wp-content\/uploads\/2020\/05\/IMG_20191206_094600-1024x768.jpg\" alt=\"\" data-id=\"8296\" data-link=\"https:\/\/arteeluoghi.it\/index.php\/2020\/05\/01\/il-belvedere-di-san-leucio-e-il-setificio-reale-ferdinandopoli\/img_20191206_094600\/\" class=\"wp-image-8296\" srcset=\"https:\/\/arteeluoghi.it\/wp-content\/uploads\/2020\/05\/IMG_20191206_094600-1024x768.jpg 1024w, https:\/\/arteeluoghi.it\/wp-content\/uploads\/2020\/05\/IMG_20191206_094600-300x225.jpg 300w, https:\/\/arteeluoghi.it\/wp-content\/uploads\/2020\/05\/IMG_20191206_094600-768x576.jpg 768w\" sizes=\"(max-width: 1024px) 100vw, 1024px\" \/><\/figure><\/li><li class=\"blocks-gallery-item\"><figure><img loading=\"lazy\" width=\"1024\" height=\"768\" src=\"https:\/\/arteeluoghi.it\/wp-content\/uploads\/2020\/05\/IMG_20191206_100900-1024x768.jpg\" alt=\"\" data-id=\"8298\" data-link=\"https:\/\/arteeluoghi.it\/index.php\/2020\/05\/01\/il-belvedere-di-san-leucio-e-il-setificio-reale-ferdinandopoli\/img_20191206_100900\/\" class=\"wp-image-8298\" srcset=\"https:\/\/arteeluoghi.it\/wp-content\/uploads\/2020\/05\/IMG_20191206_100900-1024x768.jpg 1024w, https:\/\/arteeluoghi.it\/wp-content\/uploads\/2020\/05\/IMG_20191206_100900-300x225.jpg 300w, https:\/\/arteeluoghi.it\/wp-content\/uploads\/2020\/05\/IMG_20191206_100900-768x576.jpg 768w\" sizes=\"(max-width: 1024px) 100vw, 1024px\" \/><\/figure><\/li><li class=\"blocks-gallery-item\"><figure><img loading=\"lazy\" width=\"1024\" height=\"768\" src=\"https:\/\/arteeluoghi.it\/wp-content\/uploads\/2020\/05\/IMG_20191206_091330-1024x768.jpg\" alt=\"\" data-id=\"8291\" data-link=\"https:\/\/arteeluoghi.it\/index.php\/2020\/05\/01\/il-belvedere-di-san-leucio-e-il-setificio-reale-ferdinandopoli\/img_20191206_091330\/\" class=\"wp-image-8291\" srcset=\"https:\/\/arteeluoghi.it\/wp-content\/uploads\/2020\/05\/IMG_20191206_091330-1024x768.jpg 1024w, https:\/\/arteeluoghi.it\/wp-content\/uploads\/2020\/05\/IMG_20191206_091330-300x225.jpg 300w, https:\/\/arteeluoghi.it\/wp-content\/uploads\/2020\/05\/IMG_20191206_091330-768x576.jpg 768w\" sizes=\"(max-width: 1024px) 100vw, 1024px\" \/><\/figure><\/li><li class=\"blocks-gallery-item\"><figure><img loading=\"lazy\" width=\"1024\" height=\"768\" src=\"https:\/\/arteeluoghi.it\/wp-content\/uploads\/2020\/05\/IMG_20191206_100925-1024x768.jpg\" alt=\"\" data-id=\"8299\" data-link=\"https:\/\/arteeluoghi.it\/index.php\/2020\/05\/01\/il-belvedere-di-san-leucio-e-il-setificio-reale-ferdinandopoli\/img_20191206_100925\/\" class=\"wp-image-8299\" srcset=\"https:\/\/arteeluoghi.it\/wp-content\/uploads\/2020\/05\/IMG_20191206_100925-1024x768.jpg 1024w, https:\/\/arteeluoghi.it\/wp-content\/uploads\/2020\/05\/IMG_20191206_100925-300x225.jpg 300w, https:\/\/arteeluoghi.it\/wp-content\/uploads\/2020\/05\/IMG_20191206_100925-768x576.jpg 768w\" sizes=\"(max-width: 1024px) 100vw, 1024px\" \/><\/figure><\/li><li class=\"blocks-gallery-item\"><figure><img loading=\"lazy\" width=\"1024\" height=\"768\" src=\"https:\/\/arteeluoghi.it\/wp-content\/uploads\/2020\/05\/IMG_20191206_100956-1024x768.jpg\" alt=\"\" data-id=\"8300\" data-link=\"https:\/\/arteeluoghi.it\/index.php\/2020\/05\/01\/il-belvedere-di-san-leucio-e-il-setificio-reale-ferdinandopoli\/img_20191206_100956\/\" class=\"wp-image-8300\" srcset=\"https:\/\/arteeluoghi.it\/wp-content\/uploads\/2020\/05\/IMG_20191206_100956-1024x768.jpg 1024w, https:\/\/arteeluoghi.it\/wp-content\/uploads\/2020\/05\/IMG_20191206_100956-300x225.jpg 300w, https:\/\/arteeluoghi.it\/wp-content\/uploads\/2020\/05\/IMG_20191206_100956-768x576.jpg 768w\" sizes=\"(max-width: 1024px) 100vw, 1024px\" \/><\/figure><\/li><li class=\"blocks-gallery-item\"><figure><img loading=\"lazy\" width=\"1024\" height=\"768\" src=\"https:\/\/arteeluoghi.it\/wp-content\/uploads\/2020\/05\/IMG_20191206_101239-1024x768.jpg\" alt=\"\" data-id=\"8301\" data-link=\"https:\/\/arteeluoghi.it\/index.php\/2020\/05\/01\/il-belvedere-di-san-leucio-e-il-setificio-reale-ferdinandopoli\/img_20191206_101239\/\" class=\"wp-image-8301\" srcset=\"https:\/\/arteeluoghi.it\/wp-content\/uploads\/2020\/05\/IMG_20191206_101239-1024x768.jpg 1024w, https:\/\/arteeluoghi.it\/wp-content\/uploads\/2020\/05\/IMG_20191206_101239-300x225.jpg 300w, https:\/\/arteeluoghi.it\/wp-content\/uploads\/2020\/05\/IMG_20191206_101239-768x576.jpg 768w\" sizes=\"(max-width: 1024px) 100vw, 1024px\" \/><\/figure><\/li><li class=\"blocks-gallery-item\"><figure><img loading=\"lazy\" width=\"1024\" height=\"768\" src=\"https:\/\/arteeluoghi.it\/wp-content\/uploads\/2020\/05\/IMG_20191206_101259-1024x768.jpg\" alt=\"\" data-id=\"8302\" data-link=\"https:\/\/arteeluoghi.it\/index.php\/2020\/05\/01\/il-belvedere-di-san-leucio-e-il-setificio-reale-ferdinandopoli\/img_20191206_101259\/\" class=\"wp-image-8302\" srcset=\"https:\/\/arteeluoghi.it\/wp-content\/uploads\/2020\/05\/IMG_20191206_101259-1024x768.jpg 1024w, https:\/\/arteeluoghi.it\/wp-content\/uploads\/2020\/05\/IMG_20191206_101259-300x225.jpg 300w, https:\/\/arteeluoghi.it\/wp-content\/uploads\/2020\/05\/IMG_20191206_101259-768x576.jpg 768w\" sizes=\"(max-width: 1024px) 100vw, 1024px\" \/><\/figure><\/li><li class=\"blocks-gallery-item\"><figure><img loading=\"lazy\" width=\"1024\" height=\"575\" src=\"https:\/\/arteeluoghi.it\/wp-content\/uploads\/2020\/05\/IMG_20191206_091224-1024x575.jpg\" alt=\"\" data-id=\"8290\" data-link=\"https:\/\/arteeluoghi.it\/index.php\/2020\/05\/01\/il-belvedere-di-san-leucio-e-il-setificio-reale-ferdinandopoli\/img_20191206_091224\/\" class=\"wp-image-8290\" srcset=\"https:\/\/arteeluoghi.it\/wp-content\/uploads\/2020\/05\/IMG_20191206_091224-1024x575.jpg 1024w, https:\/\/arteeluoghi.it\/wp-content\/uploads\/2020\/05\/IMG_20191206_091224-300x169.jpg 300w, https:\/\/arteeluoghi.it\/wp-content\/uploads\/2020\/05\/IMG_20191206_091224-768x431.jpg 768w\" sizes=\"(max-width: 1024px) 100vw, 1024px\" \/><\/figure><\/li><\/ul>\n\n\n\n<p>Quindi si entra davvero nella Reale Colonia di San Leucio e su ambo i lati si sviluppano i quartieri operai, il San Carlo e il San Ferdinando, che comprendono trentasette unit\u00e0 abitative. Gli edifici, a due soli piani coperti a tetto, sono costituiti da due cortine di case dai prospetti semplici e uniformi, seppure l\u2019elegante serialit\u00e0 risulta impreziosita da pensiline in ferro battuto di stile liberty,aggiunti a cavallo della fine dell\u2019Ottocento e i primi del Novecento. Agli spigoli delle cortine sono poste due fontane in travertino, sormontate da altrettante edicole votive destinate ad accogliere le immagini dei santi titolari dei due quartieri. Essi dovevano ospitare gli abitanti della Colonia e ciascuna unit\u00e0 abitativa era costituita da seminterrato per depositi e stalle, pianterreno con cucina, gabinetto e zona pranzo oltre a un vano dove era posizionato il telaio, poi c\u2019\u00e8 il primo piano con le camere da letto e un orto-giardino.<\/p>\n\n\n\n<p>I Quartieri operai sono collegati al palazzo del Belvedere da una scalinata a doppia rampa che racchiude le scuderie reali. Le due rampe terminano sul piazzale del Belvedere, davanti all\u2019ingresso della chiesa dedicata a San Ferdinando Re, ricavata dal salone delle feste del Belvedere. Nella parte occidentale del Casino Reale del Belvedere vi sono una serie di giardini all\u2019italiana disposti su terrazzamenti e collegati da scalette in travertino. All\u2019interno sono presenti delle fontane intorno alle quali, sono posti alberi da frutta &#8211; pero, melo, limone, pesco,albicocco, susino, melograno &#8211; oltre al giardino degli aranci.<\/p>\n\n\n\n<p>A destra dell\u2019avancorpo del Real Casino si estende il cortile aperto, delimitato su tre lati da altrettanti edifici in collegamento e in fondo al cortile (a met\u00e0 del prospetto del prospetto frontale), si erge la statua in stucco di re Ferdinando, il fondatore della colonia. Questa costruzione centrale ospitava al piano terreno la cucina reale, al primo piano ambienti con orditoi e incanatoi di sete colorate e una stanza destinata \u201cal piegaggio\u201d, mentre al secondo piano si trovavano gli spezi per i telai della Real fabbrica. L\u2019edificio comunica, a sinistra, con la costruzione a due piani dove erano collocati &#8211; al pianterreno &#8211; i filatoi e &#8211; al piano superiore &#8211; l\u2019incannatoio per le sete grezze e le macchine per \u201cil raddoppiamento\u201d. Qui, una porta, mette in comunicazione la Fabbrica con i Reali Appartamenti. Prima di spostarci per\u00f2 all\u2019interno l\u2019attenzione, soffermandoci nel cortile aperto, (a sinistra) no si pu\u00f2 notare un\u2019installazione contemporanea. L\u2019opera, in ferro battuto, \u00e8 un nastro scultura omaggio ai tessuti serici; \u201cLa porta della seta\u201d, come \u00e8 stata battezzata, \u00e8 stata ideata dagli architetti Fabrizio Silvestri e Antonella Petrillo, vincitori di un concorso bandito dall\u2019ordine degli Architetti di Caserta. La scultura vuole essere \u201cun omaggio alla preziosit\u00e0, alla raffinatezza, ai bagliori di luce che la sete riesce a catturare\u201d, \u201c\u00e8 un segno di speranza, un\u2019apirazione\u201d.<\/p>\n\n\n\n<p>Quelli che erano gli spazi destinati al primo impianto per la produzione serica sono stati allestiti per ospitare una ricca sezione di Archeologia Industriale, che propone la storia della seta, la bachicoltura, le fasi del processo di lavorazione e le varie macchine e accessori necessarie per esse. Di notevole interesse, a piano terra, i due grandi torcitoi che una volta erano mossi da macchine idrauliche, oggi da motori. I due torcitoi sono stati ricostruiti sugli antichi disegni esistenti. Terminato il giro didattico in questa sorta di museo che richiama le atmosfere dei tempi in cui quelle sale era vivacizzate dall\u2019umana esistenza degli operai e delle operaie che qui dovevano essere impegnate alacremente, ciascuno al proprio compito, con la consapevolezza di realizzare tessuti raffinati che dovevano puntare alla perfezione della fattura, pensate che gli scampoli di seta imperfetti non uscivano dalla Reale Fabbrica, ma venivano disfatti e tessuti nuovamente. <\/p>\n\n\n\n<p>Negli Appartamenti Reali &#8211; in cui si contavano trentaquattro stanze &#8211; , di particolare rilevanza, gli affreschi del soffitto della stanza da pranzo eseguiti dal Fedele Fischetti con scene allegoriche degli amori di Bacco ed Arianna, ma soprattutto il monumentale bagno cosiddetto di Maria Carolina, con, alle pareti, disegni a encausto di Philipp Hackert rappresentanti figure allegoriche. Il grandioso bagno reale ha una capacit\u00e0 pari a \u201csessantadue botti d\u2019acqua\u201d con \u201cpavimento di marmo a encausto nelle pareti all\u2019Ercolana\u201d. Esso fu commissionato nel 1792 dal re al pittore tedesco Hackert per uso suo personale. L\u2019impressione, entrando nell\u2019ambiente, \u00e8 che la vasca sia pi\u00f9 simile a una piscina al coperto per le sue dimensioni, e purtroppo i dipinti a encausto risultano assai danneggiati dall\u2019umidit\u00e0 che filtra dalla parete posta a ridosso della montagna. Ma procedendo negli altri ambienti del Quarto Reale, le finestre della camera da letto danno sul cortile aperto, e l\u00ec lo sguardo cade di nuovo sul nastro in ferro battuto, i decori che simulano quelli del damasco e una farfalla che pare adagiarsi leggera sul nastro, che guarda la citt\u00e0 di Caserta nel panorama sottostante. \u201cLa porta della seta apre verso il passato: la produzione serica, la colonia il lavoro, la maestria millenaria, la preziosit\u00e0 dei tessuti, la passione. La porta della seta apre verso il futuro, verso le nuove possibilit\u00e0, le nuove lavorazioni e opportunit\u00e0 di sviluppo in una stretta di connessione di anime\u201d, come hanno spiegato gli stessi autori.<\/p>\n","protected":false},"excerpt":{"rendered":"<p>Il sogno di seta di Re Ferdinando di Borbone Sara Foti Sciavaliere Il Complesso monumentale del Belvedere di San Leucio<\/p>\n","protected":false},"author":1,"featured_media":8295,"comment_status":"open","ping_status":"open","sticky":true,"template":"","format":"standard","meta":[],"categories":[43],"tags":[2273,2170,2268,160,2270,2271,115,2269,2272],"yoast_head":"<!-- This site is optimized with the Yoast SEO plugin v18.0 - https:\/\/yoast.com\/wordpress\/plugins\/seo\/ -->\n<title>Il Belvedere di San Leucio e il setificio reale: Ferdinandopoli | Arte e Luoghi<\/title>\n<meta name=\"description\" content=\"Ferdinandopoli, il sogno di seta di re Ferdinando di Borbone\" \/>\n<meta name=\"robots\" content=\"index, follow, max-snippet:-1, max-image-preview:large, max-video-preview:-1\" \/>\n<link rel=\"canonical\" href=\"https:\/\/arteeluoghi.it\/index.php\/2020\/05\/01\/il-belvedere-di-san-leucio-e-il-setificio-reale-ferdinandopoli\/\" \/>\n<meta property=\"og:locale\" content=\"it_IT\" \/>\n<meta property=\"og:type\" content=\"article\" \/>\n<meta property=\"og:title\" content=\"Il Belvedere di San Leucio e il setificio reale: Ferdinandopoli | Arte e Luoghi\" \/>\n<meta property=\"og:description\" content=\"Ferdinandopoli, il sogno di seta di re Ferdinando di Borbone\" \/>\n<meta property=\"og:url\" content=\"https:\/\/arteeluoghi.it\/index.php\/2020\/05\/01\/il-belvedere-di-san-leucio-e-il-setificio-reale-ferdinandopoli\/\" \/>\n<meta property=\"og:site_name\" content=\"Arte e Luoghi\" \/>\n<meta property=\"article:publisher\" content=\"https:\/\/www.facebook.com\/ArteELuoghi\/\" \/>\n<meta property=\"article:published_time\" content=\"2020-05-01T18:20:14+00:00\" \/>\n<meta property=\"article:modified_time\" content=\"2020-05-30T18:44:04+00:00\" \/>\n<meta property=\"og:image\" content=\"https:\/\/arteeluoghi.it\/wp-content\/uploads\/2020\/05\/IMG_20191206_093938-1024x768.jpg\" \/>\n\t<meta property=\"og:image:width\" content=\"1024\" \/>\n\t<meta property=\"og:image:height\" content=\"768\" \/>\n\t<meta property=\"og:image:type\" content=\"image\/jpeg\" \/>\n<meta name=\"twitter:card\" content=\"summary\" \/>\n<meta name=\"twitter:creator\" content=\"@arteeluoghi\" \/>\n<meta name=\"twitter:site\" content=\"@arteeluoghi\" \/>\n<meta name=\"twitter:label1\" content=\"Scritto da\" \/>\n\t<meta name=\"twitter:data1\" content=\"Staff\" \/>\n\t<meta name=\"twitter:label2\" content=\"Tempo di lettura stimato\" \/>\n\t<meta name=\"twitter:data2\" content=\"9 minuti\" \/>\n<script type=\"application\/ld+json\" class=\"yoast-schema-graph\">{\"@context\":\"https:\/\/schema.org\",\"@graph\":[{\"@type\":\"Organization\",\"@id\":\"https:\/\/arteeluoghi.it\/#organization\",\"name\":\"Arte e Luoghi\",\"url\":\"https:\/\/arteeluoghi.it\/\",\"sameAs\":[\"https:\/\/www.facebook.com\/ArteELuoghi\/\",\"https:\/\/www.instagram.com\/arteeluoghi\/?hl=it\",\"https:\/\/www.youtube.com\/channel\/UCuRVc4JW4-C5sg9rQB-srkw?view_as=subscriber\",\"https:\/\/twitter.com\/arteeluoghi\"],\"logo\":{\"@type\":\"ImageObject\",\"@id\":\"https:\/\/arteeluoghi.it\/#logo\",\"inLanguage\":\"it-IT\",\"url\":\"https:\/\/arteeluoghi.it\/wp-content\/uploads\/2018\/08\/logoinstagramarte.jpg\",\"contentUrl\":\"https:\/\/arteeluoghi.it\/wp-content\/uploads\/2018\/08\/logoinstagramarte.jpg\",\"width\":150,\"height\":150,\"caption\":\"Arte e Luoghi\"},\"image\":{\"@id\":\"https:\/\/arteeluoghi.it\/#logo\"}},{\"@type\":\"WebSite\",\"@id\":\"https:\/\/arteeluoghi.it\/#website\",\"url\":\"https:\/\/arteeluoghi.it\/\",\"name\":\"Arte e Luoghi\",\"description\":\"Mensile di arte, cultura, turismo e curiosit\u00e0\",\"publisher\":{\"@id\":\"https:\/\/arteeluoghi.it\/#organization\"},\"potentialAction\":[{\"@type\":\"SearchAction\",\"target\":{\"@type\":\"EntryPoint\",\"urlTemplate\":\"https:\/\/arteeluoghi.it\/?s={search_term_string}\"},\"query-input\":\"required name=search_term_string\"}],\"inLanguage\":\"it-IT\"},{\"@type\":\"ImageObject\",\"@id\":\"https:\/\/arteeluoghi.it\/index.php\/2020\/05\/01\/il-belvedere-di-san-leucio-e-il-setificio-reale-ferdinandopoli\/#primaryimage\",\"inLanguage\":\"it-IT\",\"url\":\"https:\/\/arteeluoghi.it\/wp-content\/uploads\/2020\/05\/IMG_20191206_093938.jpg\",\"contentUrl\":\"https:\/\/arteeluoghi.it\/wp-content\/uploads\/2020\/05\/IMG_20191206_093938.jpg\",\"width\":4000,\"height\":3000},{\"@type\":\"WebPage\",\"@id\":\"https:\/\/arteeluoghi.it\/index.php\/2020\/05\/01\/il-belvedere-di-san-leucio-e-il-setificio-reale-ferdinandopoli\/#webpage\",\"url\":\"https:\/\/arteeluoghi.it\/index.php\/2020\/05\/01\/il-belvedere-di-san-leucio-e-il-setificio-reale-ferdinandopoli\/\",\"name\":\"Il Belvedere di San Leucio e il setificio reale: Ferdinandopoli | Arte e Luoghi\",\"isPartOf\":{\"@id\":\"https:\/\/arteeluoghi.it\/#website\"},\"primaryImageOfPage\":{\"@id\":\"https:\/\/arteeluoghi.it\/index.php\/2020\/05\/01\/il-belvedere-di-san-leucio-e-il-setificio-reale-ferdinandopoli\/#primaryimage\"},\"datePublished\":\"2020-05-01T18:20:14+00:00\",\"dateModified\":\"2020-05-30T18:44:04+00:00\",\"description\":\"Ferdinandopoli, il sogno di seta di re Ferdinando di Borbone\",\"breadcrumb\":{\"@id\":\"https:\/\/arteeluoghi.it\/index.php\/2020\/05\/01\/il-belvedere-di-san-leucio-e-il-setificio-reale-ferdinandopoli\/#breadcrumb\"},\"inLanguage\":\"it-IT\",\"potentialAction\":[{\"@type\":\"ReadAction\",\"target\":[\"https:\/\/arteeluoghi.it\/index.php\/2020\/05\/01\/il-belvedere-di-san-leucio-e-il-setificio-reale-ferdinandopoli\/\"]}]},{\"@type\":\"BreadcrumbList\",\"@id\":\"https:\/\/arteeluoghi.it\/index.php\/2020\/05\/01\/il-belvedere-di-san-leucio-e-il-setificio-reale-ferdinandopoli\/#breadcrumb\",\"itemListElement\":[{\"@type\":\"ListItem\",\"position\":1,\"name\":\"Home\",\"item\":\"https:\/\/arteeluoghi.it\/\"},{\"@type\":\"ListItem\",\"position\":2,\"name\":\"Il Belvedere di San Leucio e il setificio reale: Ferdinandopoli\"}]},{\"@type\":\"Article\",\"@id\":\"https:\/\/arteeluoghi.it\/index.php\/2020\/05\/01\/il-belvedere-di-san-leucio-e-il-setificio-reale-ferdinandopoli\/#article\",\"isPartOf\":{\"@id\":\"https:\/\/arteeluoghi.it\/index.php\/2020\/05\/01\/il-belvedere-di-san-leucio-e-il-setificio-reale-ferdinandopoli\/#webpage\"},\"author\":{\"@id\":\"https:\/\/arteeluoghi.it\/#\/schema\/person\/f84e814e36e91e01448ee07eaadd41d4\"},\"headline\":\"Il Belvedere di San Leucio e il setificio reale: Ferdinandopoli\",\"datePublished\":\"2020-05-01T18:20:14+00:00\",\"dateModified\":\"2020-05-30T18:44:04+00:00\",\"mainEntityOfPage\":{\"@id\":\"https:\/\/arteeluoghi.it\/index.php\/2020\/05\/01\/il-belvedere-di-san-leucio-e-il-setificio-reale-ferdinandopoli\/#webpage\"},\"wordCount\":1807,\"commentCount\":0,\"publisher\":{\"@id\":\"https:\/\/arteeluoghi.it\/#organization\"},\"image\":{\"@id\":\"https:\/\/arteeluoghi.it\/index.php\/2020\/05\/01\/il-belvedere-di-san-leucio-e-il-setificio-reale-ferdinandopoli\/#primaryimage\"},\"thumbnailUrl\":\"https:\/\/arteeluoghi.it\/wp-content\/uploads\/2020\/05\/IMG_20191206_093938.jpg\",\"keywords\":[\"borgo\",\"Caserta\",\"Ferdinandopoli\",\"Napoli\",\"re Ferdinando di Borbone\",\"San Leucio\",\"Sara Foti Sciavaliere\",\"seta\",\"tessuti\"],\"articleSection\":[\"Storie. L'uomo e il territorio\"],\"inLanguage\":\"it-IT\",\"potentialAction\":[{\"@type\":\"CommentAction\",\"name\":\"Comment\",\"target\":[\"https:\/\/arteeluoghi.it\/index.php\/2020\/05\/01\/il-belvedere-di-san-leucio-e-il-setificio-reale-ferdinandopoli\/#respond\"]}]},{\"@type\":\"Person\",\"@id\":\"https:\/\/arteeluoghi.it\/#\/schema\/person\/f84e814e36e91e01448ee07eaadd41d4\",\"name\":\"Staff\",\"image\":{\"@type\":\"ImageObject\",\"@id\":\"https:\/\/arteeluoghi.it\/#personlogo\",\"inLanguage\":\"it-IT\",\"url\":\"https:\/\/secure.gravatar.com\/avatar\/49d2f9e46271bb04e19cebfaf141313a?s=96&d=blank&r=g\",\"contentUrl\":\"https:\/\/secure.gravatar.com\/avatar\/49d2f9e46271bb04e19cebfaf141313a?s=96&d=blank&r=g\",\"caption\":\"Staff\"}}]}<\/script>\n<!-- \/ Yoast SEO plugin. -->","yoast_head_json":{"title":"Il Belvedere di San Leucio e il setificio reale: Ferdinandopoli | Arte e Luoghi","description":"Ferdinandopoli, il sogno di seta di re Ferdinando di Borbone","robots":{"index":"index","follow":"follow","max-snippet":"max-snippet:-1","max-image-preview":"max-image-preview:large","max-video-preview":"max-video-preview:-1"},"canonical":"https:\/\/arteeluoghi.it\/index.php\/2020\/05\/01\/il-belvedere-di-san-leucio-e-il-setificio-reale-ferdinandopoli\/","og_locale":"it_IT","og_type":"article","og_title":"Il Belvedere di San Leucio e il setificio reale: Ferdinandopoli | Arte e Luoghi","og_description":"Ferdinandopoli, il sogno di seta di re Ferdinando di Borbone","og_url":"https:\/\/arteeluoghi.it\/index.php\/2020\/05\/01\/il-belvedere-di-san-leucio-e-il-setificio-reale-ferdinandopoli\/","og_site_name":"Arte e Luoghi","article_publisher":"https:\/\/www.facebook.com\/ArteELuoghi\/","article_published_time":"2020-05-01T18:20:14+00:00","article_modified_time":"2020-05-30T18:44:04+00:00","og_image":[{"width":1024,"height":768,"url":"https:\/\/arteeluoghi.it\/wp-content\/uploads\/2020\/05\/IMG_20191206_093938-1024x768.jpg","type":"image\/jpeg"}],"twitter_card":"summary","twitter_creator":"@arteeluoghi","twitter_site":"@arteeluoghi","twitter_misc":{"Scritto da":"Staff","Tempo di lettura stimato":"9 minuti"},"schema":{"@context":"https:\/\/schema.org","@graph":[{"@type":"Organization","@id":"https:\/\/arteeluoghi.it\/#organization","name":"Arte e Luoghi","url":"https:\/\/arteeluoghi.it\/","sameAs":["https:\/\/www.facebook.com\/ArteELuoghi\/","https:\/\/www.instagram.com\/arteeluoghi\/?hl=it","https:\/\/www.youtube.com\/channel\/UCuRVc4JW4-C5sg9rQB-srkw?view_as=subscriber","https:\/\/twitter.com\/arteeluoghi"],"logo":{"@type":"ImageObject","@id":"https:\/\/arteeluoghi.it\/#logo","inLanguage":"it-IT","url":"https:\/\/arteeluoghi.it\/wp-content\/uploads\/2018\/08\/logoinstagramarte.jpg","contentUrl":"https:\/\/arteeluoghi.it\/wp-content\/uploads\/2018\/08\/logoinstagramarte.jpg","width":150,"height":150,"caption":"Arte e Luoghi"},"image":{"@id":"https:\/\/arteeluoghi.it\/#logo"}},{"@type":"WebSite","@id":"https:\/\/arteeluoghi.it\/#website","url":"https:\/\/arteeluoghi.it\/","name":"Arte e Luoghi","description":"Mensile di arte, cultura, turismo e curiosit\u00e0","publisher":{"@id":"https:\/\/arteeluoghi.it\/#organization"},"potentialAction":[{"@type":"SearchAction","target":{"@type":"EntryPoint","urlTemplate":"https:\/\/arteeluoghi.it\/?s={search_term_string}"},"query-input":"required name=search_term_string"}],"inLanguage":"it-IT"},{"@type":"ImageObject","@id":"https:\/\/arteeluoghi.it\/index.php\/2020\/05\/01\/il-belvedere-di-san-leucio-e-il-setificio-reale-ferdinandopoli\/#primaryimage","inLanguage":"it-IT","url":"https:\/\/arteeluoghi.it\/wp-content\/uploads\/2020\/05\/IMG_20191206_093938.jpg","contentUrl":"https:\/\/arteeluoghi.it\/wp-content\/uploads\/2020\/05\/IMG_20191206_093938.jpg","width":4000,"height":3000},{"@type":"WebPage","@id":"https:\/\/arteeluoghi.it\/index.php\/2020\/05\/01\/il-belvedere-di-san-leucio-e-il-setificio-reale-ferdinandopoli\/#webpage","url":"https:\/\/arteeluoghi.it\/index.php\/2020\/05\/01\/il-belvedere-di-san-leucio-e-il-setificio-reale-ferdinandopoli\/","name":"Il Belvedere di San Leucio e il setificio reale: Ferdinandopoli | Arte e Luoghi","isPartOf":{"@id":"https:\/\/arteeluoghi.it\/#website"},"primaryImageOfPage":{"@id":"https:\/\/arteeluoghi.it\/index.php\/2020\/05\/01\/il-belvedere-di-san-leucio-e-il-setificio-reale-ferdinandopoli\/#primaryimage"},"datePublished":"2020-05-01T18:20:14+00:00","dateModified":"2020-05-30T18:44:04+00:00","description":"Ferdinandopoli, il sogno di seta di re Ferdinando di Borbone","breadcrumb":{"@id":"https:\/\/arteeluoghi.it\/index.php\/2020\/05\/01\/il-belvedere-di-san-leucio-e-il-setificio-reale-ferdinandopoli\/#breadcrumb"},"inLanguage":"it-IT","potentialAction":[{"@type":"ReadAction","target":["https:\/\/arteeluoghi.it\/index.php\/2020\/05\/01\/il-belvedere-di-san-leucio-e-il-setificio-reale-ferdinandopoli\/"]}]},{"@type":"BreadcrumbList","@id":"https:\/\/arteeluoghi.it\/index.php\/2020\/05\/01\/il-belvedere-di-san-leucio-e-il-setificio-reale-ferdinandopoli\/#breadcrumb","itemListElement":[{"@type":"ListItem","position":1,"name":"Home","item":"https:\/\/arteeluoghi.it\/"},{"@type":"ListItem","position":2,"name":"Il Belvedere di San Leucio e il setificio reale: Ferdinandopoli"}]},{"@type":"Article","@id":"https:\/\/arteeluoghi.it\/index.php\/2020\/05\/01\/il-belvedere-di-san-leucio-e-il-setificio-reale-ferdinandopoli\/#article","isPartOf":{"@id":"https:\/\/arteeluoghi.it\/index.php\/2020\/05\/01\/il-belvedere-di-san-leucio-e-il-setificio-reale-ferdinandopoli\/#webpage"},"author":{"@id":"https:\/\/arteeluoghi.it\/#\/schema\/person\/f84e814e36e91e01448ee07eaadd41d4"},"headline":"Il Belvedere di San Leucio e il setificio reale: Ferdinandopoli","datePublished":"2020-05-01T18:20:14+00:00","dateModified":"2020-05-30T18:44:04+00:00","mainEntityOfPage":{"@id":"https:\/\/arteeluoghi.it\/index.php\/2020\/05\/01\/il-belvedere-di-san-leucio-e-il-setificio-reale-ferdinandopoli\/#webpage"},"wordCount":1807,"commentCount":0,"publisher":{"@id":"https:\/\/arteeluoghi.it\/#organization"},"image":{"@id":"https:\/\/arteeluoghi.it\/index.php\/2020\/05\/01\/il-belvedere-di-san-leucio-e-il-setificio-reale-ferdinandopoli\/#primaryimage"},"thumbnailUrl":"https:\/\/arteeluoghi.it\/wp-content\/uploads\/2020\/05\/IMG_20191206_093938.jpg","keywords":["borgo","Caserta","Ferdinandopoli","Napoli","re Ferdinando di Borbone","San Leucio","Sara Foti Sciavaliere","seta","tessuti"],"articleSection":["Storie. L'uomo e il territorio"],"inLanguage":"it-IT","potentialAction":[{"@type":"CommentAction","name":"Comment","target":["https:\/\/arteeluoghi.it\/index.php\/2020\/05\/01\/il-belvedere-di-san-leucio-e-il-setificio-reale-ferdinandopoli\/#respond"]}]},{"@type":"Person","@id":"https:\/\/arteeluoghi.it\/#\/schema\/person\/f84e814e36e91e01448ee07eaadd41d4","name":"Staff","image":{"@type":"ImageObject","@id":"https:\/\/arteeluoghi.it\/#personlogo","inLanguage":"it-IT","url":"https:\/\/secure.gravatar.com\/avatar\/49d2f9e46271bb04e19cebfaf141313a?s=96&d=blank&r=g","contentUrl":"https:\/\/secure.gravatar.com\/avatar\/49d2f9e46271bb04e19cebfaf141313a?s=96&d=blank&r=g","caption":"Staff"}}]}},"_links":{"self":[{"href":"https:\/\/arteeluoghi.it\/index.php\/wp-json\/wp\/v2\/posts\/8289"}],"collection":[{"href":"https:\/\/arteeluoghi.it\/index.php\/wp-json\/wp\/v2\/posts"}],"about":[{"href":"https:\/\/arteeluoghi.it\/index.php\/wp-json\/wp\/v2\/types\/post"}],"author":[{"embeddable":true,"href":"https:\/\/arteeluoghi.it\/index.php\/wp-json\/wp\/v2\/users\/1"}],"replies":[{"embeddable":true,"href":"https:\/\/arteeluoghi.it\/index.php\/wp-json\/wp\/v2\/comments?post=8289"}],"version-history":[{"count":2,"href":"https:\/\/arteeluoghi.it\/index.php\/wp-json\/wp\/v2\/posts\/8289\/revisions"}],"predecessor-version":[{"id":8305,"href":"https:\/\/arteeluoghi.it\/index.php\/wp-json\/wp\/v2\/posts\/8289\/revisions\/8305"}],"wp:featuredmedia":[{"embeddable":true,"href":"https:\/\/arteeluoghi.it\/index.php\/wp-json\/wp\/v2\/media\/8295"}],"wp:attachment":[{"href":"https:\/\/arteeluoghi.it\/index.php\/wp-json\/wp\/v2\/media?parent=8289"}],"wp:term":[{"taxonomy":"category","embeddable":true,"href":"https:\/\/arteeluoghi.it\/index.php\/wp-json\/wp\/v2\/categories?post=8289"},{"taxonomy":"post_tag","embeddable":true,"href":"https:\/\/arteeluoghi.it\/index.php\/wp-json\/wp\/v2\/tags?post=8289"}],"curies":[{"name":"wp","href":"https:\/\/api.w.org\/{rel}","templated":true}]}}