{"id":8330,"date":"2020-06-03T23:56:14","date_gmt":"2020-06-03T21:56:14","guid":{"rendered":"https:\/\/arteeluoghi.it\/?p=8330"},"modified":"2020-06-03T23:56:16","modified_gmt":"2020-06-03T21:56:16","slug":"se-non-ora-quando","status":"publish","type":"post","link":"https:\/\/arteeluoghi.it\/index.php\/2020\/06\/03\/se-non-ora-quando\/","title":{"rendered":"Se non ora quando?"},"content":{"rendered":"\n<blockquote class=\"wp-block-quote\"><p>Dal Lockdown  al Recovery Fund. <br> L\u2019analisi dell\u2019economista<\/p><cite>Stefano Quarta<\/cite><\/blockquote>\n\n\n\n<p>Il momento che stiamo vivendo sar\u00e0 ricordato per molti aspetti. Certamente ricorderemo l\u2019iniziale paura data dalle immagini di quei camion dell\u2019esercito pieni di bare. Certamente ricorderemo la noia di quei giorni tutti pi\u00f9 o meno uguali e la crescente mancanza dei famosi congiunti. Ma questa storia probabilmente finir\u00e0 anche su altri libri, quelli di economia. Perch\u00e9, a livello economico, il lockdown \u00e8 stato una bomba veloce e potente che ha distrutto l\u2019economia di 2 mesi. Ognuno di noi ha potuto notare che se dobbiamo restare in casa, alla fine, la spesa si riduce all\u2019osso. Ma dietro la spesa del consumatore, c\u2019\u00e8 l\u2019incasso del commerciante, lo stipendio del dipendente e il pagamento dei fornitori che, reiterando il ragionamento, porta alla famosa \u201ceconomia che gira\u201d. <\/p>\n\n\n\n<!--more-->\n\n\n\n<p>In questi mesi si stima che l\u2019economia abbia avuto un rallentamento del 10-15%, che su base annua vuol dire che il PIL potrebbe essere fino al 10% pi\u00f9 basso rispetto all\u2019anno scorso. Il PIL \u00e8 la somma dei redditi di ogni cittadino quindi, quest\u2019anno saremo mediamente pi\u00f9 poveri. Ma insieme ai cittadini, sar\u00e0 pi\u00f9 povero anche il bilancio statale, perch\u00e9 le tasse si pagano sul reddito e quindi quest\u2019anno anche lo Stato incasser\u00e0 meno. Tuttavia, le misure gi\u00e0 introdotte dal Governo, prevedono spese che a fine anno si tradurranno in un disavanzo, circa 20 miliardi ad opera del decreto-CuraItalia e 55 miliardi dal decreto-Rilancio. Inoltre altre spese verranno programmate, portando ad un rapporto deficit-PIL che quest\u2019anno dovrebbe superare il 10%. Si tratta di una previsione di spesa che ci riporta indietro di 30 anni a quegli anni 80, famosi per una spesa pubblica incontrollata, un\u2019inflazione a due cifre (abbondanti) e un debito pubblico che raggiunse livelli di guardia. Furono gli anni in cui si continuava a spendere come se il boom economico non fosse finito da tempo. Erano gli anni in cui l\u2019illusione di un\u2019Italia invincibile ci port\u00f2 ad esasperare i nostri problemi. L\u2019economia ha le sue regole e i debiti vanno pagati, in un modo o nell\u2019altro. Si possono onorare i propri debiti ad ogni scadenza, con manovre lacrime e sangue se necessario; oppure si pu\u00f2 dichiarare default, ma in questo caso il prezzo da pagare \u00e8 anche pi\u00f9 alto, perch\u00e9 prospettico. In futuro, infatti, chi mai vorr\u00e0 prestare soldi a chi gi\u00e0 in passato non ha onorato i propri debiti? Qualcuno lo far\u00e0, ma chieder\u00e0 interessi alti o garanzie forti. Perci\u00f2, \u00e8 sempre conveniente \u201ccomportarsi bene\u201d e pagare, proprio come fa ognuno di noi con il mutuo contratto per acquistare la propria casa o il prestito per l\u2019auto nuova. Consci delle nostre responsabilit\u00e0, ripaghiamo i nostri debiti. Per gli Stati non \u00e8 diverso, se non fosse per un particolare, la durata del prestito. Al di l\u00e0 della scadenza del singolo BTP, il debito viene costantemente rifinanziato, rendendolo di fatto a scadenza indeterminata. Si stipula, pertanto, il cosiddetto patto intergenerazionale, in cui i figli si impegnano a ripagare i debiti dei padri, avendone in cambio la possibilit\u00e0 che i propri debiti siano a loro volta pagati dalle future generazioni. \u00c8 chiaramente un sistema fragile e perverso, in cui \u00e8 facile dimenticare le promesse fatte, non fosse che per il piccolo dettaglio che questo accordo \u00e8 tacito ed implicito e che quasi nessuno ne sia veramente conscio. \u00c8 per questo che negli ultimi anni ci lamentiamo delle misure di austerit\u00e0, perch\u00e9 non teniamo conto di dover ripagare i debiti fatti fino ai primi anni 90. Qualcuno non era neanche nato in quegli anni, eppure oggi si trova a doverne pagare le conseguenze. Tutto sbagliato, tutto da rifare? No, sono semplicemente le regole del gioco, un gioco in cui altri sono evidentemente pi\u00f9 bravi. Ma non tutto \u00e8 perduto, perch\u00e9 oggi si gioca una mano importante. Oggi, dopo anni di austerity, ci viene concessa la possibilit\u00e0 di spendere (pi\u00f9 o meno) liberamente, d\u2019altronde, se non ora quando? Gi\u00e0, perch\u00e9 neanche l\u2019ultima crisi (la peggiore da quella del \u201929) ha avuto un impatto cos\u00ec devastante. Dal 1992 ad oggi, considerando la spesa al netto degli interessi, l\u2019Italia ha sempre speso meno di quanto ha incassato. Si chiama avanzo (o disavanzo) primario ed indica, appunto, la differenza tra entrate e uscite, senza considerare gli interessi pagati sul debito. Dal 1992 in Italia, al di l\u00e0 dei vari governi, c\u2019\u00e8 sempre stato un avanzo primario, tranne nel 2009, anno in cui si ebbe un disavanzo primario dello 0,9%. Era l\u2019anno clou della crisi, probabilmente era inevitabile. L\u2019anno dopo ci fu un saldo nullo e dal 2011 ritornammo ad avere un saldo primario in avanzo. Tutti questi anni di contrazione della spesa pubblica sono stati la medicina che abbiamo dovuto mandar gi\u00f9 per curare la malattia dell\u2019alto debito pubblico. Quest\u2019anno, probabilmente, andremo ben oltre quello 0,9% di disavanzo del 2009. Ma questo vuol dire dare il via ad un nuovo periodo di super deficit, col debito pubblico che gi\u00e0 quest\u2019anno superer\u00e0 il 150% e che chiss\u00e0 dove arriver\u00e0? \u00c8 presto per dirlo, perch\u00e9 tutto dipende da come verranno impiegati questi soldi. Certamente l\u2019Europa si sta dimostrando molto generosa perch\u00e9, al di l\u00e0 delle discussioni preliminari e dei vari schieramenti, alla fine contano i fatti. Ed i fatti sono che, durante la crisi dei debiti sovrani, c\u2019\u00e8 stato il Quantitative Easing, ora ci sar\u00e0 il Recovery Fund, oltre al MES che ha gi\u00e0 salvato qualche altro Stato europeo. Il che non \u00e8 male considerando che l\u2019unione monetaria esiste da soli 18 anni (un nulla per la storia di uno Stato). Si parla di 172,7 miliardi (di cui 82 a fondo perduto) destinati all\u2019Italia, davvero tanti. \u00c8 un\u2019occasione rara, ma va sfruttata al meglio, cio\u00e8 occorre che questi soldi siano ben spesi. Il problema \u00e8 che questa frase la si sente da sempre. Tutti i governi sostengono di spendere nel migliore dei modi, al contrario dei governi precedenti. La verit\u00e0 \u00e8 che non esiste un unico modo giusto per spendere le risorse. Esistono politiche economiche di destra e politiche economiche di sinistra. Vi sono aspetti redistributivi e aspetti legati agli investimenti. Vi sono le infrastrutture, le politiche per attrarre investimenti esteri, le politiche commerciali e le politiche industriali. Vi sono mille modi giusti per spendere bene le risorse. Quello che serve, per\u00f2, \u00e8 coerenza nelle misure adottate. Il susseguirsi di opposti governi non pu\u00f2 tradursi in misure isolate, sempre prive di una visione unitaria. Emblematico fu il governo giallo-verde, in cui si pales\u00f2 l\u2019ipotesi di una contestuale approvazione del Reddito di Cittadinanza e della Flat Tax. La prima redistributiva in favore dei poveri, la seconda redistributiva in favore dei ricchi. E chi paga? Paghiamo sempre noi con emissione di nuovo debito (come dire firmando cambiali). Alla fine rimase solo una delle due alternative ma, al di l\u00e0 delle opinioni di ciascuno, fu una scelta saggia puntare su una sola delle due misure.<\/p>\n\n\n\n<figure class=\"wp-block-image\"><img loading=\"lazy\" width=\"1024\" height=\"768\" src=\"https:\/\/arteeluoghi.it\/wp-content\/uploads\/2020\/06\/euro-76019_1920-1024x768.jpg\" alt=\"\" class=\"wp-image-8332\" srcset=\"https:\/\/arteeluoghi.it\/wp-content\/uploads\/2020\/06\/euro-76019_1920-1024x768.jpg 1024w, https:\/\/arteeluoghi.it\/wp-content\/uploads\/2020\/06\/euro-76019_1920-300x225.jpg 300w, https:\/\/arteeluoghi.it\/wp-content\/uploads\/2020\/06\/euro-76019_1920-768x576.jpg 768w, https:\/\/arteeluoghi.it\/wp-content\/uploads\/2020\/06\/euro-76019_1920.jpg 1920w\" sizes=\"(max-width: 1024px) 100vw, 1024px\" \/><\/figure>\n\n\n\n<p><br> Per concludere, stiamo vivendo un momento importante per il Paese, sotto tutti i punti di vista. Ci apprestiamo ad investire un\u2019ingente quantit\u00e0 di risorse che ci vincoler\u00e0 ancor di pi\u00f9 sulle scelte future. Perci\u00f2 \u00e8 fondamentale muoverci bene. Finora i due decreti hanno giustamente cercato di arginare le difficolt\u00e0 delle varie parti sociali, anche se qualcuno ne rimarr\u00e0 inevitabilmente escluso (\u00e8 molto difficile pensare davvero a tutti). D\u2019ora in poi, si dovranno spendere i fondi europei sulla base di un progetto, ed infatti, l\u2019UE vincola l\u2019utilizzo di questi fondi all\u2019attuazione di specifici progetti. Staremo a vedere.<\/p>\n","protected":false},"excerpt":{"rendered":"<p>Dal Lockdown al Recovery Fund. L\u2019analisi dell\u2019economista Stefano Quarta Il momento che stiamo vivendo sar\u00e0 ricordato per molti aspetti. Certamente<\/p>\n","protected":false},"author":1,"featured_media":8332,"comment_status":"open","ping_status":"open","sticky":true,"template":"","format":"standard","meta":[],"categories":[52],"tags":[2024,2278,1640,2002,2283,2280,2282,2279,2285,2281,2284],"yoast_head":"<!-- This site is optimized with the Yoast SEO plugin v18.0 - https:\/\/yoast.com\/wordpress\/plugins\/seo\/ -->\n<title>Se non ora quando? | Arte e Luoghi<\/title>\n<meta name=\"description\" content=\"L&#039;analisi dell&#039;economista sulle politiche economiche post Coronavirus Covid-19 aspettando il Recovery Fund quale futuro ci aspetta\" \/>\n<meta name=\"robots\" content=\"index, follow, max-snippet:-1, max-image-preview:large, max-video-preview:-1\" \/>\n<link rel=\"canonical\" href=\"https:\/\/arteeluoghi.it\/index.php\/2020\/06\/03\/se-non-ora-quando\/\" \/>\n<meta property=\"og:locale\" content=\"it_IT\" \/>\n<meta property=\"og:type\" content=\"article\" \/>\n<meta property=\"og:title\" content=\"Se non ora quando? | Arte e Luoghi\" \/>\n<meta property=\"og:description\" content=\"L&#039;analisi dell&#039;economista sulle politiche economiche post Coronavirus Covid-19 aspettando il Recovery Fund quale futuro ci aspetta\" \/>\n<meta property=\"og:url\" content=\"https:\/\/arteeluoghi.it\/index.php\/2020\/06\/03\/se-non-ora-quando\/\" \/>\n<meta property=\"og:site_name\" content=\"Arte e Luoghi\" \/>\n<meta property=\"article:publisher\" content=\"https:\/\/www.facebook.com\/ArteELuoghi\/\" \/>\n<meta property=\"article:published_time\" content=\"2020-06-03T21:56:14+00:00\" \/>\n<meta property=\"article:modified_time\" content=\"2020-06-03T21:56:16+00:00\" \/>\n<meta property=\"og:image\" content=\"https:\/\/arteeluoghi.it\/wp-content\/uploads\/2020\/06\/euro-76019_1920.jpg\" \/>\n\t<meta property=\"og:image:width\" content=\"1920\" \/>\n\t<meta property=\"og:image:height\" content=\"1440\" \/>\n\t<meta property=\"og:image:type\" content=\"image\/jpeg\" \/>\n<meta name=\"twitter:card\" content=\"summary\" \/>\n<meta name=\"twitter:creator\" content=\"@arteeluoghi\" \/>\n<meta name=\"twitter:site\" content=\"@arteeluoghi\" \/>\n<meta name=\"twitter:label1\" content=\"Scritto da\" \/>\n\t<meta name=\"twitter:data1\" content=\"Staff\" \/>\n\t<meta name=\"twitter:label2\" content=\"Tempo di lettura stimato\" \/>\n\t<meta name=\"twitter:data2\" content=\"6 minuti\" \/>\n<script type=\"application\/ld+json\" class=\"yoast-schema-graph\">{\"@context\":\"https:\/\/schema.org\",\"@graph\":[{\"@type\":\"Organization\",\"@id\":\"https:\/\/arteeluoghi.it\/#organization\",\"name\":\"Arte e Luoghi\",\"url\":\"https:\/\/arteeluoghi.it\/\",\"sameAs\":[\"https:\/\/www.facebook.com\/ArteELuoghi\/\",\"https:\/\/www.instagram.com\/arteeluoghi\/?hl=it\",\"https:\/\/www.youtube.com\/channel\/UCuRVc4JW4-C5sg9rQB-srkw?view_as=subscriber\",\"https:\/\/twitter.com\/arteeluoghi\"],\"logo\":{\"@type\":\"ImageObject\",\"@id\":\"https:\/\/arteeluoghi.it\/#logo\",\"inLanguage\":\"it-IT\",\"url\":\"https:\/\/arteeluoghi.it\/wp-content\/uploads\/2018\/08\/logoinstagramarte.jpg\",\"contentUrl\":\"https:\/\/arteeluoghi.it\/wp-content\/uploads\/2018\/08\/logoinstagramarte.jpg\",\"width\":150,\"height\":150,\"caption\":\"Arte e Luoghi\"},\"image\":{\"@id\":\"https:\/\/arteeluoghi.it\/#logo\"}},{\"@type\":\"WebSite\",\"@id\":\"https:\/\/arteeluoghi.it\/#website\",\"url\":\"https:\/\/arteeluoghi.it\/\",\"name\":\"Arte e Luoghi\",\"description\":\"Mensile di arte, cultura, turismo e curiosit\u00e0\",\"publisher\":{\"@id\":\"https:\/\/arteeluoghi.it\/#organization\"},\"potentialAction\":[{\"@type\":\"SearchAction\",\"target\":{\"@type\":\"EntryPoint\",\"urlTemplate\":\"https:\/\/arteeluoghi.it\/?s={search_term_string}\"},\"query-input\":\"required name=search_term_string\"}],\"inLanguage\":\"it-IT\"},{\"@type\":\"ImageObject\",\"@id\":\"https:\/\/arteeluoghi.it\/index.php\/2020\/06\/03\/se-non-ora-quando\/#primaryimage\",\"inLanguage\":\"it-IT\",\"url\":\"https:\/\/arteeluoghi.it\/wp-content\/uploads\/2020\/06\/euro-76019_1920.jpg\",\"contentUrl\":\"https:\/\/arteeluoghi.it\/wp-content\/uploads\/2020\/06\/euro-76019_1920.jpg\",\"width\":1920,\"height\":1440},{\"@type\":\"WebPage\",\"@id\":\"https:\/\/arteeluoghi.it\/index.php\/2020\/06\/03\/se-non-ora-quando\/#webpage\",\"url\":\"https:\/\/arteeluoghi.it\/index.php\/2020\/06\/03\/se-non-ora-quando\/\",\"name\":\"Se non ora quando? | Arte e Luoghi\",\"isPartOf\":{\"@id\":\"https:\/\/arteeluoghi.it\/#website\"},\"primaryImageOfPage\":{\"@id\":\"https:\/\/arteeluoghi.it\/index.php\/2020\/06\/03\/se-non-ora-quando\/#primaryimage\"},\"datePublished\":\"2020-06-03T21:56:14+00:00\",\"dateModified\":\"2020-06-03T21:56:16+00:00\",\"description\":\"L'analisi dell'economista sulle politiche economiche post Coronavirus Covid-19 aspettando il Recovery Fund quale futuro ci aspetta\",\"breadcrumb\":{\"@id\":\"https:\/\/arteeluoghi.it\/index.php\/2020\/06\/03\/se-non-ora-quando\/#breadcrumb\"},\"inLanguage\":\"it-IT\",\"potentialAction\":[{\"@type\":\"ReadAction\",\"target\":[\"https:\/\/arteeluoghi.it\/index.php\/2020\/06\/03\/se-non-ora-quando\/\"]}]},{\"@type\":\"BreadcrumbList\",\"@id\":\"https:\/\/arteeluoghi.it\/index.php\/2020\/06\/03\/se-non-ora-quando\/#breadcrumb\",\"itemListElement\":[{\"@type\":\"ListItem\",\"position\":1,\"name\":\"Home\",\"item\":\"https:\/\/arteeluoghi.it\/\"},{\"@type\":\"ListItem\",\"position\":2,\"name\":\"Se non ora quando?\"}]},{\"@type\":\"Article\",\"@id\":\"https:\/\/arteeluoghi.it\/index.php\/2020\/06\/03\/se-non-ora-quando\/#article\",\"isPartOf\":{\"@id\":\"https:\/\/arteeluoghi.it\/index.php\/2020\/06\/03\/se-non-ora-quando\/#webpage\"},\"author\":{\"@id\":\"https:\/\/arteeluoghi.it\/#\/schema\/person\/f84e814e36e91e01448ee07eaadd41d4\"},\"headline\":\"Se non ora quando?\",\"datePublished\":\"2020-06-03T21:56:14+00:00\",\"dateModified\":\"2020-06-03T21:56:16+00:00\",\"mainEntityOfPage\":{\"@id\":\"https:\/\/arteeluoghi.it\/index.php\/2020\/06\/03\/se-non-ora-quando\/#webpage\"},\"wordCount\":1234,\"commentCount\":0,\"publisher\":{\"@id\":\"https:\/\/arteeluoghi.it\/#organization\"},\"image\":{\"@id\":\"https:\/\/arteeluoghi.it\/index.php\/2020\/06\/03\/se-non-ora-quando\/#primaryimage\"},\"thumbnailUrl\":\"https:\/\/arteeluoghi.it\/wp-content\/uploads\/2020\/06\/euro-76019_1920.jpg\",\"keywords\":[\"coronavirus\",\"CuraItalia\",\"Economia\",\"Europa\",\"Itlaia\",\"Lockdown\",\"MES\",\"PIL\",\"Quantative Easing\",\"Recovery Fund\",\"Unione monetaria\"],\"articleSection\":[\"I luoghi della parola\"],\"inLanguage\":\"it-IT\",\"potentialAction\":[{\"@type\":\"CommentAction\",\"name\":\"Comment\",\"target\":[\"https:\/\/arteeluoghi.it\/index.php\/2020\/06\/03\/se-non-ora-quando\/#respond\"]}]},{\"@type\":\"Person\",\"@id\":\"https:\/\/arteeluoghi.it\/#\/schema\/person\/f84e814e36e91e01448ee07eaadd41d4\",\"name\":\"Staff\",\"image\":{\"@type\":\"ImageObject\",\"@id\":\"https:\/\/arteeluoghi.it\/#personlogo\",\"inLanguage\":\"it-IT\",\"url\":\"https:\/\/secure.gravatar.com\/avatar\/49d2f9e46271bb04e19cebfaf141313a?s=96&d=blank&r=g\",\"contentUrl\":\"https:\/\/secure.gravatar.com\/avatar\/49d2f9e46271bb04e19cebfaf141313a?s=96&d=blank&r=g\",\"caption\":\"Staff\"}}]}<\/script>\n<!-- \/ Yoast SEO plugin. -->","yoast_head_json":{"title":"Se non ora quando? | Arte e Luoghi","description":"L'analisi dell'economista sulle politiche economiche post Coronavirus Covid-19 aspettando il Recovery Fund quale futuro ci aspetta","robots":{"index":"index","follow":"follow","max-snippet":"max-snippet:-1","max-image-preview":"max-image-preview:large","max-video-preview":"max-video-preview:-1"},"canonical":"https:\/\/arteeluoghi.it\/index.php\/2020\/06\/03\/se-non-ora-quando\/","og_locale":"it_IT","og_type":"article","og_title":"Se non ora quando? | Arte e Luoghi","og_description":"L'analisi dell'economista sulle politiche economiche post Coronavirus Covid-19 aspettando il Recovery Fund quale futuro ci aspetta","og_url":"https:\/\/arteeluoghi.it\/index.php\/2020\/06\/03\/se-non-ora-quando\/","og_site_name":"Arte e Luoghi","article_publisher":"https:\/\/www.facebook.com\/ArteELuoghi\/","article_published_time":"2020-06-03T21:56:14+00:00","article_modified_time":"2020-06-03T21:56:16+00:00","og_image":[{"width":1920,"height":1440,"url":"https:\/\/arteeluoghi.it\/wp-content\/uploads\/2020\/06\/euro-76019_1920.jpg","type":"image\/jpeg"}],"twitter_card":"summary","twitter_creator":"@arteeluoghi","twitter_site":"@arteeluoghi","twitter_misc":{"Scritto da":"Staff","Tempo di lettura stimato":"6 minuti"},"schema":{"@context":"https:\/\/schema.org","@graph":[{"@type":"Organization","@id":"https:\/\/arteeluoghi.it\/#organization","name":"Arte e Luoghi","url":"https:\/\/arteeluoghi.it\/","sameAs":["https:\/\/www.facebook.com\/ArteELuoghi\/","https:\/\/www.instagram.com\/arteeluoghi\/?hl=it","https:\/\/www.youtube.com\/channel\/UCuRVc4JW4-C5sg9rQB-srkw?view_as=subscriber","https:\/\/twitter.com\/arteeluoghi"],"logo":{"@type":"ImageObject","@id":"https:\/\/arteeluoghi.it\/#logo","inLanguage":"it-IT","url":"https:\/\/arteeluoghi.it\/wp-content\/uploads\/2018\/08\/logoinstagramarte.jpg","contentUrl":"https:\/\/arteeluoghi.it\/wp-content\/uploads\/2018\/08\/logoinstagramarte.jpg","width":150,"height":150,"caption":"Arte e Luoghi"},"image":{"@id":"https:\/\/arteeluoghi.it\/#logo"}},{"@type":"WebSite","@id":"https:\/\/arteeluoghi.it\/#website","url":"https:\/\/arteeluoghi.it\/","name":"Arte e Luoghi","description":"Mensile di arte, cultura, turismo e curiosit\u00e0","publisher":{"@id":"https:\/\/arteeluoghi.it\/#organization"},"potentialAction":[{"@type":"SearchAction","target":{"@type":"EntryPoint","urlTemplate":"https:\/\/arteeluoghi.it\/?s={search_term_string}"},"query-input":"required name=search_term_string"}],"inLanguage":"it-IT"},{"@type":"ImageObject","@id":"https:\/\/arteeluoghi.it\/index.php\/2020\/06\/03\/se-non-ora-quando\/#primaryimage","inLanguage":"it-IT","url":"https:\/\/arteeluoghi.it\/wp-content\/uploads\/2020\/06\/euro-76019_1920.jpg","contentUrl":"https:\/\/arteeluoghi.it\/wp-content\/uploads\/2020\/06\/euro-76019_1920.jpg","width":1920,"height":1440},{"@type":"WebPage","@id":"https:\/\/arteeluoghi.it\/index.php\/2020\/06\/03\/se-non-ora-quando\/#webpage","url":"https:\/\/arteeluoghi.it\/index.php\/2020\/06\/03\/se-non-ora-quando\/","name":"Se non ora quando? | Arte e Luoghi","isPartOf":{"@id":"https:\/\/arteeluoghi.it\/#website"},"primaryImageOfPage":{"@id":"https:\/\/arteeluoghi.it\/index.php\/2020\/06\/03\/se-non-ora-quando\/#primaryimage"},"datePublished":"2020-06-03T21:56:14+00:00","dateModified":"2020-06-03T21:56:16+00:00","description":"L'analisi dell'economista sulle politiche economiche post Coronavirus Covid-19 aspettando il Recovery Fund quale futuro ci aspetta","breadcrumb":{"@id":"https:\/\/arteeluoghi.it\/index.php\/2020\/06\/03\/se-non-ora-quando\/#breadcrumb"},"inLanguage":"it-IT","potentialAction":[{"@type":"ReadAction","target":["https:\/\/arteeluoghi.it\/index.php\/2020\/06\/03\/se-non-ora-quando\/"]}]},{"@type":"BreadcrumbList","@id":"https:\/\/arteeluoghi.it\/index.php\/2020\/06\/03\/se-non-ora-quando\/#breadcrumb","itemListElement":[{"@type":"ListItem","position":1,"name":"Home","item":"https:\/\/arteeluoghi.it\/"},{"@type":"ListItem","position":2,"name":"Se non ora quando?"}]},{"@type":"Article","@id":"https:\/\/arteeluoghi.it\/index.php\/2020\/06\/03\/se-non-ora-quando\/#article","isPartOf":{"@id":"https:\/\/arteeluoghi.it\/index.php\/2020\/06\/03\/se-non-ora-quando\/#webpage"},"author":{"@id":"https:\/\/arteeluoghi.it\/#\/schema\/person\/f84e814e36e91e01448ee07eaadd41d4"},"headline":"Se non ora quando?","datePublished":"2020-06-03T21:56:14+00:00","dateModified":"2020-06-03T21:56:16+00:00","mainEntityOfPage":{"@id":"https:\/\/arteeluoghi.it\/index.php\/2020\/06\/03\/se-non-ora-quando\/#webpage"},"wordCount":1234,"commentCount":0,"publisher":{"@id":"https:\/\/arteeluoghi.it\/#organization"},"image":{"@id":"https:\/\/arteeluoghi.it\/index.php\/2020\/06\/03\/se-non-ora-quando\/#primaryimage"},"thumbnailUrl":"https:\/\/arteeluoghi.it\/wp-content\/uploads\/2020\/06\/euro-76019_1920.jpg","keywords":["coronavirus","CuraItalia","Economia","Europa","Itlaia","Lockdown","MES","PIL","Quantative Easing","Recovery Fund","Unione monetaria"],"articleSection":["I luoghi della parola"],"inLanguage":"it-IT","potentialAction":[{"@type":"CommentAction","name":"Comment","target":["https:\/\/arteeluoghi.it\/index.php\/2020\/06\/03\/se-non-ora-quando\/#respond"]}]},{"@type":"Person","@id":"https:\/\/arteeluoghi.it\/#\/schema\/person\/f84e814e36e91e01448ee07eaadd41d4","name":"Staff","image":{"@type":"ImageObject","@id":"https:\/\/arteeluoghi.it\/#personlogo","inLanguage":"it-IT","url":"https:\/\/secure.gravatar.com\/avatar\/49d2f9e46271bb04e19cebfaf141313a?s=96&d=blank&r=g","contentUrl":"https:\/\/secure.gravatar.com\/avatar\/49d2f9e46271bb04e19cebfaf141313a?s=96&d=blank&r=g","caption":"Staff"}}]}},"_links":{"self":[{"href":"https:\/\/arteeluoghi.it\/index.php\/wp-json\/wp\/v2\/posts\/8330"}],"collection":[{"href":"https:\/\/arteeluoghi.it\/index.php\/wp-json\/wp\/v2\/posts"}],"about":[{"href":"https:\/\/arteeluoghi.it\/index.php\/wp-json\/wp\/v2\/types\/post"}],"author":[{"embeddable":true,"href":"https:\/\/arteeluoghi.it\/index.php\/wp-json\/wp\/v2\/users\/1"}],"replies":[{"embeddable":true,"href":"https:\/\/arteeluoghi.it\/index.php\/wp-json\/wp\/v2\/comments?post=8330"}],"version-history":[{"count":1,"href":"https:\/\/arteeluoghi.it\/index.php\/wp-json\/wp\/v2\/posts\/8330\/revisions"}],"predecessor-version":[{"id":8333,"href":"https:\/\/arteeluoghi.it\/index.php\/wp-json\/wp\/v2\/posts\/8330\/revisions\/8333"}],"wp:featuredmedia":[{"embeddable":true,"href":"https:\/\/arteeluoghi.it\/index.php\/wp-json\/wp\/v2\/media\/8332"}],"wp:attachment":[{"href":"https:\/\/arteeluoghi.it\/index.php\/wp-json\/wp\/v2\/media?parent=8330"}],"wp:term":[{"taxonomy":"category","embeddable":true,"href":"https:\/\/arteeluoghi.it\/index.php\/wp-json\/wp\/v2\/categories?post=8330"},{"taxonomy":"post_tag","embeddable":true,"href":"https:\/\/arteeluoghi.it\/index.php\/wp-json\/wp\/v2\/tags?post=8330"}],"curies":[{"name":"wp","href":"https:\/\/api.w.org\/{rel}","templated":true}]}}