{"id":8380,"date":"2020-06-13T12:04:31","date_gmt":"2020-06-13T10:04:31","guid":{"rendered":"https:\/\/arteeluoghi.it\/?p=8380"},"modified":"2020-06-13T12:04:35","modified_gmt":"2020-06-13T10:04:35","slug":"skin_20-le-sculture-di-roberta-morzetti","status":"publish","type":"post","link":"https:\/\/arteeluoghi.it\/index.php\/2020\/06\/13\/skin_20-le-sculture-di-roberta-morzetti\/","title":{"rendered":"Skin_20 Le sculture di Roberta Morzetti"},"content":{"rendered":"\n<blockquote class=\"wp-block-quote\"><p>La Galleria Pavart di Roma riprende l&#8217;attivit\u00e0 espositiva<\/p><\/blockquote>\n\n\n\n<p>ROMA. Primo evento post lockdown alla galleria d\u2019arte contemporanea Pavart che riprende l\u2019attivit\u00e0 presentando  la mostra personale di scultura di <strong>Roberta Morzetti, SKIN_20<\/strong>. Lo fa saltando il vernissage dell\u2019evento ma organizzando un collegamento live su Instagram nel quale l\u2019artista sar\u00e0 collegata in diretta per raccontare la sua arte.\u00a0 La mostra si potr\u00e0 visitare fisicamente solamente su appuntamento. La curatrice della mostra, <strong>Velia Littera<\/strong>, nonch\u00e9 direttrice di Pavart, afferma che vuole continuare a crederci perch\u00e9 l\u2019arte, da sempre, ha curato l\u2019anima e in un momento di lutto mondiale c\u2019\u00e8 bisogno di un\u2019espressione artistica che lasci un segno indelebile nel nostro cuore. \u00a0<\/p>\n\n\n\n<!--more-->\n\n\n\n<ul class=\"wp-block-gallery columns-3 is-cropped\"><li class=\"blocks-gallery-item\"><figure><img loading=\"lazy\" width=\"575\" height=\"1024\" src=\"https:\/\/arteeluoghi.it\/wp-content\/uploads\/2020\/06\/roberta-MOrzetti_Skin20_1-575x1024.jpg\" alt=\"\" data-id=\"8381\" data-link=\"https:\/\/arteeluoghi.it\/?attachment_id=8381\" class=\"wp-image-8381\" srcset=\"https:\/\/arteeluoghi.it\/wp-content\/uploads\/2020\/06\/roberta-MOrzetti_Skin20_1-575x1024.jpg 575w, https:\/\/arteeluoghi.it\/wp-content\/uploads\/2020\/06\/roberta-MOrzetti_Skin20_1-168x300.jpg 168w, https:\/\/arteeluoghi.it\/wp-content\/uploads\/2020\/06\/roberta-MOrzetti_Skin20_1-768x1368.jpg 768w, https:\/\/arteeluoghi.it\/wp-content\/uploads\/2020\/06\/roberta-MOrzetti_Skin20_1.jpg 898w\" sizes=\"(max-width: 575px) 100vw, 575px\" \/><\/figure><\/li><li class=\"blocks-gallery-item\"><figure><img loading=\"lazy\" width=\"575\" height=\"1024\" src=\"https:\/\/arteeluoghi.it\/wp-content\/uploads\/2020\/06\/roberta-MOrzetti_Skin20_2-575x1024.jpg\" alt=\"\" data-id=\"8382\" data-link=\"https:\/\/arteeluoghi.it\/?attachment_id=8382\" class=\"wp-image-8382\" srcset=\"https:\/\/arteeluoghi.it\/wp-content\/uploads\/2020\/06\/roberta-MOrzetti_Skin20_2-575x1024.jpg 575w, https:\/\/arteeluoghi.it\/wp-content\/uploads\/2020\/06\/roberta-MOrzetti_Skin20_2-168x300.jpg 168w, https:\/\/arteeluoghi.it\/wp-content\/uploads\/2020\/06\/roberta-MOrzetti_Skin20_2-768x1368.jpg 768w, https:\/\/arteeluoghi.it\/wp-content\/uploads\/2020\/06\/roberta-MOrzetti_Skin20_2.jpg 898w\" sizes=\"(max-width: 575px) 100vw, 575px\" \/><\/figure><\/li><li class=\"blocks-gallery-item\"><figure><img loading=\"lazy\" width=\"575\" height=\"1024\" src=\"https:\/\/arteeluoghi.it\/wp-content\/uploads\/2020\/06\/roberta-MOrzetti_Skin20_4-575x1024.jpg\" alt=\"\" data-id=\"8383\" data-link=\"https:\/\/arteeluoghi.it\/?attachment_id=8383\" class=\"wp-image-8383\" srcset=\"https:\/\/arteeluoghi.it\/wp-content\/uploads\/2020\/06\/roberta-MOrzetti_Skin20_4-575x1024.jpg 575w, https:\/\/arteeluoghi.it\/wp-content\/uploads\/2020\/06\/roberta-MOrzetti_Skin20_4-168x300.jpg 168w, https:\/\/arteeluoghi.it\/wp-content\/uploads\/2020\/06\/roberta-MOrzetti_Skin20_4-768x1368.jpg 768w, https:\/\/arteeluoghi.it\/wp-content\/uploads\/2020\/06\/roberta-MOrzetti_Skin20_4.jpg 898w\" sizes=\"(max-width: 575px) 100vw, 575px\" \/><\/figure><\/li><li class=\"blocks-gallery-item\"><figure><img loading=\"lazy\" width=\"575\" height=\"1024\" src=\"https:\/\/arteeluoghi.it\/wp-content\/uploads\/2020\/06\/roberta-MOrzetti_Skin20_13-575x1024.jpg\" alt=\"\" data-id=\"8384\" data-link=\"https:\/\/arteeluoghi.it\/?attachment_id=8384\" class=\"wp-image-8384\" srcset=\"https:\/\/arteeluoghi.it\/wp-content\/uploads\/2020\/06\/roberta-MOrzetti_Skin20_13-575x1024.jpg 575w, https:\/\/arteeluoghi.it\/wp-content\/uploads\/2020\/06\/roberta-MOrzetti_Skin20_13-168x300.jpg 168w, https:\/\/arteeluoghi.it\/wp-content\/uploads\/2020\/06\/roberta-MOrzetti_Skin20_13-768x1368.jpg 768w, https:\/\/arteeluoghi.it\/wp-content\/uploads\/2020\/06\/roberta-MOrzetti_Skin20_13.jpg 898w\" sizes=\"(max-width: 575px) 100vw, 575px\" \/><\/figure><\/li><\/ul>\n\n\n\n<p>Gi\u00e0 dal titolo della mostra <strong>SKIN_20,<\/strong> si percepisce aria di cambiamento, \u00e8 cambiata la vita infatti, e non si sa cosa succeder\u00e0 in futuro. Questo \u00e8 anche il titolo attribuito ad una scultura realizzata dall\u2019artista che verr\u00e0 presentata in anteprima in occasione di questa mostra, un\u2019opera che raffigura una figura femminile a tre teste. Non a caso l\u2019artista Roberta Morzetti ha utilizzato la simbologia del numero \u201c3\u201d, che simboleggia la creativit\u00e0 come sviluppo dell\u2019intelletto ed espressione di grande forza energetica.&nbsp; Con le sue nuove sculture, l\u2019artista anch\u2019essa inizia una nuova vita e, attraverso il suo segno artistico, percepiamo un\u2019idea, un pensiero, un\u2019emozione.&nbsp; La Morzetti cambia pelle, quindi, si proietta verso una nuova dimensione. Le 12 sculture in mostra sono testimonianza di una maturit\u00e0 artistica raggiunta nel corso degli ultimi due anni, nel corso dei quali l\u2019artista ha vissuto momenti di grande dolore ma, con tenacia, \u00e8 stata capace di trasformarlo in opere d\u2019arte meravigliose capaci di scuotere l\u2019animo dello spettatore.<\/p>\n\n\n\n<p>   <em>\u201cLa produzione artistica di Roberta  &#8211; s<\/em>crive Alessandro Ercole &#8211; <em>ci espone una manualit\u00e0 che trasforma la materia, per esprimere i suoi alti rapporti ideali, ma trascina sul fondo della pulsione artistica una funzione curativa, risarcitiva di un dolore che risulta una costante onnipresente; la prima spinta creativa \u00e8 quindi il suo vissuto, i suoi ricordi, che vegliano costantemente sul processo di concepimento, in modo che vi sia simbiosi e sintesi tra la passione creatrice che necessita della materia trasformata ed i significati del lavoro completato che sono molteplici ed impregnati di valenze simboliche, con divinit\u00e0 ctonie onnipresenti sullo sfondo, anche se non visibili\u2026<\/em><strong><em>Tutto questo fa di questa giovane artista un vate, con il suo fardello di dolore e di ricordi e con il suo coraggio di mostrarli al mondo.\u201d<\/em><\/strong><\/p>\n\n\n\n<p><em>Roberta Morzetti nasce a Tarquinia nel 1979.\u00a0Si forma all&#8217;Accademia di Belle Arti &#8220;Lorenzo da Viterbo conseguendo, nell\u2019anno 2005, il diploma accademico, con lode. Inizia le sue esperienze lavorative nel mondo della moda, ideando linee di abbigliamento con materiali riciclati. A Roma, diviene assistente ai costumi di Andrea Viotti, nella compagnia di Gabriele Lavia (\u201cLe Nozze di Figaro\u201d, regia di Matteo Tarasco, 2007, Teatro Eliseo; \u201cMisura per Misura\u201d, regia di Gabriele Lavia, 2007, Teatro Argentina), di Laura Costantini (per i musical \u201cA un passo dal sogno\u201d, 2008, \u201cPortamitanterose.it\u201d, 2009, regia di Marco Mattolini, Teatro Brancaccio; per il film \u201cNon c\u2019\u00e8 due senza te\u201d, regia di Massimo Cappelli, 2015), di Michela Marino (per il cortometraggio \u201cAnni 30\u201d, regia di Luciano Melchionna, 2008). Dal 2012, si dedica all&#8217;ideazione e alla realizzazione di sculture di grandi dimensioni, eseguendo calchi direttamente sul proprio corpo, per poi rielaborare, incendiare ed assemblare con altri oggetti i lavori cos\u00ec ottenuti.<\/em>\u00a0<\/p>\n\n\n\n<p>(fonte: comunicato stampa)<\/p>\n\n\n\n<p>Dal 10 giugno al 12 agosto 2020<\/p>\n\n\n\n<p>Orari di aperture: dal luned\u00ec al venerd\u00ec dalle ore 10 alle 18<\/p>\n\n\n\n<p><strong>Solo su appuntamento<\/strong><\/p>\n\n\n\n<p>Luogo: Galleria Pavart<\/p>\n\n\n\n<p>Indirizzo: Via Giuseppe Dezza 6b, ROMA<\/p>\n\n\n\n<p>Contatti per informazioni: T. +39 0658303356 E. info@pavart.it<\/p>\n\n\n\n<p><\/p>\n","protected":false},"excerpt":{"rendered":"<p>La Galleria Pavart di Roma riprende l&#8217;attivit\u00e0 espositiva ROMA. Primo evento post lockdown alla galleria d\u2019arte contemporanea Pavart che riprende<\/p>\n","protected":false},"author":1,"featured_media":8383,"comment_status":"open","ping_status":"open","sticky":true,"template":"","format":"standard","meta":[],"categories":[27,6],"tags":[234,2339,2338,485,307,2340],"yoast_head":"<!-- This site is optimized with the Yoast SEO plugin v18.0 - https:\/\/yoast.com\/wordpress\/plugins\/seo\/ -->\n<title>Skin_20 Le sculture di Roberta Morzetti | Arte e Luoghi<\/title>\n<meta name=\"description\" content=\"Primo evento post lockdown alla galleria d\u2019arte contemporanea Pavart che riprende l\u2019attivit\u00e0 con la personale di scultura di Roberta Morzetti, SKIN_20\" \/>\n<meta name=\"robots\" content=\"index, follow, max-snippet:-1, max-image-preview:large, max-video-preview:-1\" \/>\n<link rel=\"canonical\" href=\"https:\/\/arteeluoghi.it\/index.php\/2020\/06\/13\/skin_20-le-sculture-di-roberta-morzetti\/\" \/>\n<meta property=\"og:locale\" content=\"it_IT\" \/>\n<meta property=\"og:type\" content=\"article\" \/>\n<meta property=\"og:title\" content=\"Skin_20 Le sculture di Roberta Morzetti | Arte e Luoghi\" \/>\n<meta property=\"og:description\" content=\"Primo evento post lockdown alla galleria d\u2019arte contemporanea Pavart che riprende l\u2019attivit\u00e0 con la personale di scultura di Roberta Morzetti, SKIN_20\" \/>\n<meta property=\"og:url\" content=\"https:\/\/arteeluoghi.it\/index.php\/2020\/06\/13\/skin_20-le-sculture-di-roberta-morzetti\/\" \/>\n<meta property=\"og:site_name\" content=\"Arte e Luoghi\" \/>\n<meta property=\"article:publisher\" content=\"https:\/\/www.facebook.com\/ArteELuoghi\/\" \/>\n<meta property=\"article:published_time\" content=\"2020-06-13T10:04:31+00:00\" \/>\n<meta property=\"article:modified_time\" content=\"2020-06-13T10:04:35+00:00\" \/>\n<meta property=\"og:image\" content=\"https:\/\/arteeluoghi.it\/wp-content\/uploads\/2020\/06\/roberta-MOrzetti_Skin20_4.jpg\" \/>\n\t<meta property=\"og:image:width\" content=\"898\" \/>\n\t<meta property=\"og:image:height\" content=\"1600\" \/>\n\t<meta property=\"og:image:type\" content=\"image\/jpeg\" \/>\n<meta name=\"twitter:card\" content=\"summary\" \/>\n<meta name=\"twitter:creator\" content=\"@arteeluoghi\" \/>\n<meta name=\"twitter:site\" content=\"@arteeluoghi\" \/>\n<meta name=\"twitter:label1\" content=\"Scritto da\" \/>\n\t<meta name=\"twitter:data1\" content=\"Staff\" \/>\n\t<meta name=\"twitter:label2\" content=\"Tempo di lettura stimato\" \/>\n\t<meta name=\"twitter:data2\" content=\"3 minuti\" \/>\n<script type=\"application\/ld+json\" class=\"yoast-schema-graph\">{\"@context\":\"https:\/\/schema.org\",\"@graph\":[{\"@type\":\"Organization\",\"@id\":\"https:\/\/arteeluoghi.it\/#organization\",\"name\":\"Arte e Luoghi\",\"url\":\"https:\/\/arteeluoghi.it\/\",\"sameAs\":[\"https:\/\/www.facebook.com\/ArteELuoghi\/\",\"https:\/\/www.instagram.com\/arteeluoghi\/?hl=it\",\"https:\/\/www.youtube.com\/channel\/UCuRVc4JW4-C5sg9rQB-srkw?view_as=subscriber\",\"https:\/\/twitter.com\/arteeluoghi\"],\"logo\":{\"@type\":\"ImageObject\",\"@id\":\"https:\/\/arteeluoghi.it\/#logo\",\"inLanguage\":\"it-IT\",\"url\":\"https:\/\/arteeluoghi.it\/wp-content\/uploads\/2018\/08\/logoinstagramarte.jpg\",\"contentUrl\":\"https:\/\/arteeluoghi.it\/wp-content\/uploads\/2018\/08\/logoinstagramarte.jpg\",\"width\":150,\"height\":150,\"caption\":\"Arte e Luoghi\"},\"image\":{\"@id\":\"https:\/\/arteeluoghi.it\/#logo\"}},{\"@type\":\"WebSite\",\"@id\":\"https:\/\/arteeluoghi.it\/#website\",\"url\":\"https:\/\/arteeluoghi.it\/\",\"name\":\"Arte e Luoghi\",\"description\":\"Mensile di arte, cultura, turismo e curiosit\u00e0\",\"publisher\":{\"@id\":\"https:\/\/arteeluoghi.it\/#organization\"},\"potentialAction\":[{\"@type\":\"SearchAction\",\"target\":{\"@type\":\"EntryPoint\",\"urlTemplate\":\"https:\/\/arteeluoghi.it\/?s={search_term_string}\"},\"query-input\":\"required name=search_term_string\"}],\"inLanguage\":\"it-IT\"},{\"@type\":\"ImageObject\",\"@id\":\"https:\/\/arteeluoghi.it\/index.php\/2020\/06\/13\/skin_20-le-sculture-di-roberta-morzetti\/#primaryimage\",\"inLanguage\":\"it-IT\",\"url\":\"https:\/\/arteeluoghi.it\/wp-content\/uploads\/2020\/06\/roberta-MOrzetti_Skin20_4.jpg\",\"contentUrl\":\"https:\/\/arteeluoghi.it\/wp-content\/uploads\/2020\/06\/roberta-MOrzetti_Skin20_4.jpg\",\"width\":898,\"height\":1600},{\"@type\":\"WebPage\",\"@id\":\"https:\/\/arteeluoghi.it\/index.php\/2020\/06\/13\/skin_20-le-sculture-di-roberta-morzetti\/#webpage\",\"url\":\"https:\/\/arteeluoghi.it\/index.php\/2020\/06\/13\/skin_20-le-sculture-di-roberta-morzetti\/\",\"name\":\"Skin_20 Le sculture di Roberta Morzetti | Arte e Luoghi\",\"isPartOf\":{\"@id\":\"https:\/\/arteeluoghi.it\/#website\"},\"primaryImageOfPage\":{\"@id\":\"https:\/\/arteeluoghi.it\/index.php\/2020\/06\/13\/skin_20-le-sculture-di-roberta-morzetti\/#primaryimage\"},\"datePublished\":\"2020-06-13T10:04:31+00:00\",\"dateModified\":\"2020-06-13T10:04:35+00:00\",\"description\":\"Primo evento post lockdown alla galleria d\u2019arte contemporanea Pavart che riprende l\u2019attivit\u00e0 con la personale di scultura di Roberta Morzetti, SKIN_20\",\"breadcrumb\":{\"@id\":\"https:\/\/arteeluoghi.it\/index.php\/2020\/06\/13\/skin_20-le-sculture-di-roberta-morzetti\/#breadcrumb\"},\"inLanguage\":\"it-IT\",\"potentialAction\":[{\"@type\":\"ReadAction\",\"target\":[\"https:\/\/arteeluoghi.it\/index.php\/2020\/06\/13\/skin_20-le-sculture-di-roberta-morzetti\/\"]}]},{\"@type\":\"BreadcrumbList\",\"@id\":\"https:\/\/arteeluoghi.it\/index.php\/2020\/06\/13\/skin_20-le-sculture-di-roberta-morzetti\/#breadcrumb\",\"itemListElement\":[{\"@type\":\"ListItem\",\"position\":1,\"name\":\"Home\",\"item\":\"https:\/\/arteeluoghi.it\/\"},{\"@type\":\"ListItem\",\"position\":2,\"name\":\"Skin_20 Le sculture di Roberta Morzetti\"}]},{\"@type\":\"Article\",\"@id\":\"https:\/\/arteeluoghi.it\/index.php\/2020\/06\/13\/skin_20-le-sculture-di-roberta-morzetti\/#article\",\"isPartOf\":{\"@id\":\"https:\/\/arteeluoghi.it\/index.php\/2020\/06\/13\/skin_20-le-sculture-di-roberta-morzetti\/#webpage\"},\"author\":{\"@id\":\"https:\/\/arteeluoghi.it\/#\/schema\/person\/f84e814e36e91e01448ee07eaadd41d4\"},\"headline\":\"Skin_20 Le sculture di Roberta Morzetti\",\"datePublished\":\"2020-06-13T10:04:31+00:00\",\"dateModified\":\"2020-06-13T10:04:35+00:00\",\"mainEntityOfPage\":{\"@id\":\"https:\/\/arteeluoghi.it\/index.php\/2020\/06\/13\/skin_20-le-sculture-di-roberta-morzetti\/#webpage\"},\"wordCount\":601,\"commentCount\":0,\"publisher\":{\"@id\":\"https:\/\/arteeluoghi.it\/#organization\"},\"image\":{\"@id\":\"https:\/\/arteeluoghi.it\/index.php\/2020\/06\/13\/skin_20-le-sculture-di-roberta-morzetti\/#primaryimage\"},\"thumbnailUrl\":\"https:\/\/arteeluoghi.it\/wp-content\/uploads\/2020\/06\/roberta-MOrzetti_Skin20_4.jpg\",\"keywords\":[\"arte\",\"Galleria Pavart\",\"Roberta Morzetti\",\"Roma\",\"scultura\",\"Skin_20\"],\"articleSection\":[\"Arte\",\"Scultura\"],\"inLanguage\":\"it-IT\",\"potentialAction\":[{\"@type\":\"CommentAction\",\"name\":\"Comment\",\"target\":[\"https:\/\/arteeluoghi.it\/index.php\/2020\/06\/13\/skin_20-le-sculture-di-roberta-morzetti\/#respond\"]}]},{\"@type\":\"Person\",\"@id\":\"https:\/\/arteeluoghi.it\/#\/schema\/person\/f84e814e36e91e01448ee07eaadd41d4\",\"name\":\"Staff\",\"image\":{\"@type\":\"ImageObject\",\"@id\":\"https:\/\/arteeluoghi.it\/#personlogo\",\"inLanguage\":\"it-IT\",\"url\":\"https:\/\/secure.gravatar.com\/avatar\/49d2f9e46271bb04e19cebfaf141313a?s=96&d=blank&r=g\",\"contentUrl\":\"https:\/\/secure.gravatar.com\/avatar\/49d2f9e46271bb04e19cebfaf141313a?s=96&d=blank&r=g\",\"caption\":\"Staff\"}}]}<\/script>\n<!-- \/ Yoast SEO plugin. -->","yoast_head_json":{"title":"Skin_20 Le sculture di Roberta Morzetti | Arte e Luoghi","description":"Primo evento post lockdown alla galleria d\u2019arte contemporanea Pavart che riprende l\u2019attivit\u00e0 con la personale di scultura di Roberta Morzetti, SKIN_20","robots":{"index":"index","follow":"follow","max-snippet":"max-snippet:-1","max-image-preview":"max-image-preview:large","max-video-preview":"max-video-preview:-1"},"canonical":"https:\/\/arteeluoghi.it\/index.php\/2020\/06\/13\/skin_20-le-sculture-di-roberta-morzetti\/","og_locale":"it_IT","og_type":"article","og_title":"Skin_20 Le sculture di Roberta Morzetti | Arte e Luoghi","og_description":"Primo evento post lockdown alla galleria d\u2019arte contemporanea Pavart che riprende l\u2019attivit\u00e0 con la personale di scultura di Roberta Morzetti, SKIN_20","og_url":"https:\/\/arteeluoghi.it\/index.php\/2020\/06\/13\/skin_20-le-sculture-di-roberta-morzetti\/","og_site_name":"Arte e Luoghi","article_publisher":"https:\/\/www.facebook.com\/ArteELuoghi\/","article_published_time":"2020-06-13T10:04:31+00:00","article_modified_time":"2020-06-13T10:04:35+00:00","og_image":[{"width":898,"height":1600,"url":"https:\/\/arteeluoghi.it\/wp-content\/uploads\/2020\/06\/roberta-MOrzetti_Skin20_4.jpg","type":"image\/jpeg"}],"twitter_card":"summary","twitter_creator":"@arteeluoghi","twitter_site":"@arteeluoghi","twitter_misc":{"Scritto da":"Staff","Tempo di lettura stimato":"3 minuti"},"schema":{"@context":"https:\/\/schema.org","@graph":[{"@type":"Organization","@id":"https:\/\/arteeluoghi.it\/#organization","name":"Arte e Luoghi","url":"https:\/\/arteeluoghi.it\/","sameAs":["https:\/\/www.facebook.com\/ArteELuoghi\/","https:\/\/www.instagram.com\/arteeluoghi\/?hl=it","https:\/\/www.youtube.com\/channel\/UCuRVc4JW4-C5sg9rQB-srkw?view_as=subscriber","https:\/\/twitter.com\/arteeluoghi"],"logo":{"@type":"ImageObject","@id":"https:\/\/arteeluoghi.it\/#logo","inLanguage":"it-IT","url":"https:\/\/arteeluoghi.it\/wp-content\/uploads\/2018\/08\/logoinstagramarte.jpg","contentUrl":"https:\/\/arteeluoghi.it\/wp-content\/uploads\/2018\/08\/logoinstagramarte.jpg","width":150,"height":150,"caption":"Arte e Luoghi"},"image":{"@id":"https:\/\/arteeluoghi.it\/#logo"}},{"@type":"WebSite","@id":"https:\/\/arteeluoghi.it\/#website","url":"https:\/\/arteeluoghi.it\/","name":"Arte e Luoghi","description":"Mensile di arte, cultura, turismo e curiosit\u00e0","publisher":{"@id":"https:\/\/arteeluoghi.it\/#organization"},"potentialAction":[{"@type":"SearchAction","target":{"@type":"EntryPoint","urlTemplate":"https:\/\/arteeluoghi.it\/?s={search_term_string}"},"query-input":"required name=search_term_string"}],"inLanguage":"it-IT"},{"@type":"ImageObject","@id":"https:\/\/arteeluoghi.it\/index.php\/2020\/06\/13\/skin_20-le-sculture-di-roberta-morzetti\/#primaryimage","inLanguage":"it-IT","url":"https:\/\/arteeluoghi.it\/wp-content\/uploads\/2020\/06\/roberta-MOrzetti_Skin20_4.jpg","contentUrl":"https:\/\/arteeluoghi.it\/wp-content\/uploads\/2020\/06\/roberta-MOrzetti_Skin20_4.jpg","width":898,"height":1600},{"@type":"WebPage","@id":"https:\/\/arteeluoghi.it\/index.php\/2020\/06\/13\/skin_20-le-sculture-di-roberta-morzetti\/#webpage","url":"https:\/\/arteeluoghi.it\/index.php\/2020\/06\/13\/skin_20-le-sculture-di-roberta-morzetti\/","name":"Skin_20 Le sculture di Roberta Morzetti | Arte e Luoghi","isPartOf":{"@id":"https:\/\/arteeluoghi.it\/#website"},"primaryImageOfPage":{"@id":"https:\/\/arteeluoghi.it\/index.php\/2020\/06\/13\/skin_20-le-sculture-di-roberta-morzetti\/#primaryimage"},"datePublished":"2020-06-13T10:04:31+00:00","dateModified":"2020-06-13T10:04:35+00:00","description":"Primo evento post lockdown alla galleria d\u2019arte contemporanea Pavart che riprende l\u2019attivit\u00e0 con la personale di scultura di Roberta Morzetti, SKIN_20","breadcrumb":{"@id":"https:\/\/arteeluoghi.it\/index.php\/2020\/06\/13\/skin_20-le-sculture-di-roberta-morzetti\/#breadcrumb"},"inLanguage":"it-IT","potentialAction":[{"@type":"ReadAction","target":["https:\/\/arteeluoghi.it\/index.php\/2020\/06\/13\/skin_20-le-sculture-di-roberta-morzetti\/"]}]},{"@type":"BreadcrumbList","@id":"https:\/\/arteeluoghi.it\/index.php\/2020\/06\/13\/skin_20-le-sculture-di-roberta-morzetti\/#breadcrumb","itemListElement":[{"@type":"ListItem","position":1,"name":"Home","item":"https:\/\/arteeluoghi.it\/"},{"@type":"ListItem","position":2,"name":"Skin_20 Le sculture di Roberta Morzetti"}]},{"@type":"Article","@id":"https:\/\/arteeluoghi.it\/index.php\/2020\/06\/13\/skin_20-le-sculture-di-roberta-morzetti\/#article","isPartOf":{"@id":"https:\/\/arteeluoghi.it\/index.php\/2020\/06\/13\/skin_20-le-sculture-di-roberta-morzetti\/#webpage"},"author":{"@id":"https:\/\/arteeluoghi.it\/#\/schema\/person\/f84e814e36e91e01448ee07eaadd41d4"},"headline":"Skin_20 Le sculture di Roberta Morzetti","datePublished":"2020-06-13T10:04:31+00:00","dateModified":"2020-06-13T10:04:35+00:00","mainEntityOfPage":{"@id":"https:\/\/arteeluoghi.it\/index.php\/2020\/06\/13\/skin_20-le-sculture-di-roberta-morzetti\/#webpage"},"wordCount":601,"commentCount":0,"publisher":{"@id":"https:\/\/arteeluoghi.it\/#organization"},"image":{"@id":"https:\/\/arteeluoghi.it\/index.php\/2020\/06\/13\/skin_20-le-sculture-di-roberta-morzetti\/#primaryimage"},"thumbnailUrl":"https:\/\/arteeluoghi.it\/wp-content\/uploads\/2020\/06\/roberta-MOrzetti_Skin20_4.jpg","keywords":["arte","Galleria Pavart","Roberta Morzetti","Roma","scultura","Skin_20"],"articleSection":["Arte","Scultura"],"inLanguage":"it-IT","potentialAction":[{"@type":"CommentAction","name":"Comment","target":["https:\/\/arteeluoghi.it\/index.php\/2020\/06\/13\/skin_20-le-sculture-di-roberta-morzetti\/#respond"]}]},{"@type":"Person","@id":"https:\/\/arteeluoghi.it\/#\/schema\/person\/f84e814e36e91e01448ee07eaadd41d4","name":"Staff","image":{"@type":"ImageObject","@id":"https:\/\/arteeluoghi.it\/#personlogo","inLanguage":"it-IT","url":"https:\/\/secure.gravatar.com\/avatar\/49d2f9e46271bb04e19cebfaf141313a?s=96&d=blank&r=g","contentUrl":"https:\/\/secure.gravatar.com\/avatar\/49d2f9e46271bb04e19cebfaf141313a?s=96&d=blank&r=g","caption":"Staff"}}]}},"_links":{"self":[{"href":"https:\/\/arteeluoghi.it\/index.php\/wp-json\/wp\/v2\/posts\/8380"}],"collection":[{"href":"https:\/\/arteeluoghi.it\/index.php\/wp-json\/wp\/v2\/posts"}],"about":[{"href":"https:\/\/arteeluoghi.it\/index.php\/wp-json\/wp\/v2\/types\/post"}],"author":[{"embeddable":true,"href":"https:\/\/arteeluoghi.it\/index.php\/wp-json\/wp\/v2\/users\/1"}],"replies":[{"embeddable":true,"href":"https:\/\/arteeluoghi.it\/index.php\/wp-json\/wp\/v2\/comments?post=8380"}],"version-history":[{"count":1,"href":"https:\/\/arteeluoghi.it\/index.php\/wp-json\/wp\/v2\/posts\/8380\/revisions"}],"predecessor-version":[{"id":8385,"href":"https:\/\/arteeluoghi.it\/index.php\/wp-json\/wp\/v2\/posts\/8380\/revisions\/8385"}],"wp:featuredmedia":[{"embeddable":true,"href":"https:\/\/arteeluoghi.it\/index.php\/wp-json\/wp\/v2\/media\/8383"}],"wp:attachment":[{"href":"https:\/\/arteeluoghi.it\/index.php\/wp-json\/wp\/v2\/media?parent=8380"}],"wp:term":[{"taxonomy":"category","embeddable":true,"href":"https:\/\/arteeluoghi.it\/index.php\/wp-json\/wp\/v2\/categories?post=8380"},{"taxonomy":"post_tag","embeddable":true,"href":"https:\/\/arteeluoghi.it\/index.php\/wp-json\/wp\/v2\/tags?post=8380"}],"curies":[{"name":"wp","href":"https:\/\/api.w.org\/{rel}","templated":true}]}}