{"id":8386,"date":"2020-06-13T16:24:34","date_gmt":"2020-06-13T14:24:34","guid":{"rendered":"https:\/\/arteeluoghi.it\/?p=8386"},"modified":"2020-07-25T22:52:01","modified_gmt":"2020-07-25T20:52:01","slug":"aria-le-visioni-di-tomas-saraceno-per-un-nuovo-rinascimento","status":"publish","type":"post","link":"https:\/\/arteeluoghi.it\/index.php\/2020\/06\/13\/aria-le-visioni-di-tomas-saraceno-per-un-nuovo-rinascimento\/","title":{"rendered":"Aria. Le visioni di Tom\u00e0s Saraceno per un nuovo \u201crinascimento\u201d"},"content":{"rendered":"\n<blockquote class=\"wp-block-quote\"><p>Riapre la personale dell\u2019artista argentino a Palazzo Strozzi<br> pensando ad una nuova ecologia del comportamento<\/p><cite>Antonietta Fulvio<\/cite><\/blockquote>\n\n\n\n<p>Un nuovo rinascimento che supera la visione antropocentrica e immagina uno spazio, l\u2019universo, in cui Uomo e Natura, esseri viventi e non viventi entrino in una relazione di interconnessione sulla base di uno scambio continuo tra arte e scienza.  E la condivisione tra le diversit\u00e0 cambiando le prospettive solitamente utilizzate per osservare il mondo. Perch\u00e9 il mondo non siamo solo noi. E nel mondo siamo ospiti al pari di tutte le altre specie viventi e non viventi. Inaugurata il 22 febbraio e a pochi giorni dall\u2019apertura chiusa per la pandemia, dal 1 giugno riapre \u201cAria\u201d la personale di pittura dell\u2019artista argentino Tom\u00e0s Saraceno curata dal direttore della Fondazione Strozzi, Arturo Galansino che spiega \u00abL\u2019arte di Tom\u00e1s Saraceno ci fa riflettere su problemi e sfide caratteristiche della nostra era \u2013 l\u2019Antropocene \u2013 divenuti sempre pi\u00f9 urgenti, come l\u2019inquinamento, i  cambiamenti climatici, la sostenibilit\u00e0, il  superamento di barriere geografiche e sociali.\u00bb <\/p>\n\n\n\n<ul class=\"wp-block-gallery columns-1 is-cropped\"><li class=\"blocks-gallery-item\"><figure><img loading=\"lazy\" width=\"1024\" height=\"683\" src=\"https:\/\/arteeluoghi.it\/wp-content\/uploads\/2020\/07\/1.3_-\u00ae-Photography-by-Studio-Tomi\u0301s-Saraceno-202019ITA_Firenze_PalazzoStrozzi_00195-1024x683.jpg\" alt=\"\" data-id=\"8541\" class=\"wp-image-8541\" srcset=\"https:\/\/arteeluoghi.it\/wp-content\/uploads\/2020\/07\/1.3_-\u00ae-Photography-by-Studio-Tomi\u0301s-Saraceno-202019ITA_Firenze_PalazzoStrozzi_00195-1024x683.jpg 1024w, https:\/\/arteeluoghi.it\/wp-content\/uploads\/2020\/07\/1.3_-\u00ae-Photography-by-Studio-Tomi\u0301s-Saraceno-202019ITA_Firenze_PalazzoStrozzi_00195-300x200.jpg 300w, https:\/\/arteeluoghi.it\/wp-content\/uploads\/2020\/07\/1.3_-\u00ae-Photography-by-Studio-Tomi\u0301s-Saraceno-202019ITA_Firenze_PalazzoStrozzi_00195-768x512.jpg 768w\" sizes=\"(max-width: 1024px) 100vw, 1024px\" \/><\/figure><\/li><\/ul>\n\n\n\n<p><br> Artista, architetto e performer argentino, Tom\u00e0s Saraceno che vive e lavora a Berlino \u00e8 tra gli artisti pi\u00f9 richiesti nelle manifestazioni d&#8217;arte contemporanea di tutto il mondo, con le sue installazioni ha partecipato alle Biennali di Venezia del 2001, 2003 e 2009 e alla Biennale di San Paolo del 2006. Nel 2009 ha preso parte all\u2019International Space Studies Program della NASA e da sempre \u00e8 interessato all&#8217;utilizzo della tecnologia per la ricerca di modalit\u00e0 sostenibili per l&#8217;uomo e per il pianeta. Un concetto che appare evidente al visitatore che entrando nel cortile di Palazzo Strozzi viene accolto da Thermodynamic Constellation un\u2019installazione, promossa e realizzata grazie a Fondazione CR Firenze, con gigantesche sfere che fluttuano libere nell\u2019aria lasciando immaginare una nuova mobilit\u00e0, l\u2019Aerocene, comunit\u00e0 artistica interdisciplinare avviata dallo stesso artista e metafora di un nuovo modo di vivere lo spazio, senza confini e senza particelle combustibili. Le sfere infatti sono alimentate dall\u2019aria e si sollevano grazie all\u2019energia del sole, praticamente ad emissioni zero, mostrando come sia possibile &#8211; e ormai inderogabile &#8211;  adottare ci\u00f2 che lo stesso Tom\u00e0s Saraceno definisce una nuova ecologia del comportamento. <br> I cambiamenti climatici sono sotto gli occhi di tutti con i loro disastrosi effetti, la stessa pandemia, paradossalmente, ci ha mostrato come l\u2019assenza dell\u2019uomo abbia giovato all\u2019ambiente. Abbiamo visto la Natura riprendersi i suoi spazi, le acque dei mari tornare ad essere cristalline per la capacit\u00e0 di rigenerarsi quando nessuno sversa liquami e rifiuti. Con il potere visionario che hanno gli artisti, Tom\u00e0s Saraceno ci consegna visioni utopiche che possono diventare realt\u00e0. Con le sue opere, architetture geometriche capaci di fondere scienza e arte, invitando a riflettere sulla figura del ragno e della tela, riannoda il filo con il mito: la serie delle trentatr\u00e9 Arachnomancy Cards (Carte da Aracnomanzia) diventano metafore dei legami tra il visibile e l\u2019invisibile, il vivente e non vivente, il macro e il microcosmo. Negli spazi di Palazzo Strozzi, simbolo dell\u2019Umanesimo, si snoda il percorso attraverso nove sale ognuna associata ad una carta che diviene una sorta di araldo che collega tra loro i contenuti di ogni spazio, creando inaspettate connessioni tra elementi apparentemente lontani. Un ulteriore ambiente \u00e8 dedicato alla serie completa delle trentatr\u00e9 carte. Come i ragni emettono vibrazioni attraverso la loro tela per connettersi con la realt\u00e0 che li circonda, le opere di Saraceno agiscono come strumenti per percepire fenomeni ultrasensoriali e suggerire futuri alternativi. Non ci si limita a guardare l\u2019opera ma con Saraceno ci si trova letteralmente immersi. Nella prima sala, infatti, il visitatore si trova all\u2019interno dell\u2019installazione Connectome (Connettoma), dal nome dalla mappa delle connessioni neurali del cervello, un insieme di sculture poliedriche sospese,  la cui forma richiama quelle delle bolle di sapone. Il percorso prosegue con gli ambienti dedicati a Sounding the Air (Suonando l\u2019aria) e Webs of At\u2010tent(s)ion (Reti di at\u2010tenz(s)ione), in cui i visitatori sono chiamati a immergersi nei mondi sensoriali delle ragnatele e delle atmosfere che li caratterizzano; How to Entangle the Universe in a Spider\/Web? (Come impigliare l\u2019Universo in una ragnatela?), studio sulla relazione tra diverse dimensioni, con la ragnatela che diviene immagine dell\u2019Universo; Passages of Time (Passaggi del tempo) e Aerographies (Aerografie), che evocano un suggestivo parallelismo tra polvere cosmica e inquinamento attraverso il movimento dell\u2019aria  nello spazio; A Thermodynamic Imaginary (Un  immaginario  termodinamico), coinvolgente  esperienza che rievoca  il  Cosmo in modo immersivo; Flying  Gardens  (Giardini  volanti), biosfere in vetro sospese contenenti delle piante che diventano provocazioni scultoree per mettere in discussione i concetti di confine e territorio.  <br> Quando a causa delle misure per contenere il contagio si sono chiusi i luoghi d\u2019arte, sul sito di Palazzo Strozzi \u00e8 stato publicato un video dell\u2019artista relativo all\u2019installazione Particular Matter(s) Jam Session che si basa su un fascio di luce che illumina ci\u00f2 che fluttua nell&#8217;aria. La visione \u00e8 illuminante ed \u00e8 un invito a riflettere in modo nuovo su concetti come condivisione, consapevolezza e solidariet\u00e0. Nel videomessaggio Saraceno spiega come le particelle spostandosi emettano dei suoni che indicano cos\u00ec la velocit\u00e0 dei nostri spostamenti. Ebbene il video, se rapportato a quanto \u00e8 accaduto con la diffusione del contagio da Covid-19 ne chiarisce le dinamiche e suggerisce la  necessit\u00e0 di muoverci pi\u00f9 lentamente. Postato il 20 marzo, quando tutto il Paese era zona rossa, lo stesso artista esprimendo solidariet\u00e0 alle popolazioni italiane e nel mondo, commentava: \u00abIl nostro movimento influenza la velocit\u00e0 con cui le particelle si muovono nell\u2019aria. Riduciamo i nostri spostamenti per rallentare lo spostamento delle particelle e aiutare tutti a stare pi\u00f9 al sicuro. In solidariet\u00e0 di Palazzo Strozzi, l\u2019Italia e il Mondo, muoviamoci in modo diverso per un futuro migliore\u00bb. Un futuro che non veda pi\u00f9 l\u2019uomo \u201cegoisticamente\u201d al centro del mondo ma parte di esso in un dialogo armonico con ogni singolo essere.<br> La mostra visitabile fino al 1\u00b0 novembre 2020 sar\u00e0 occasione per avvicinarsi alla ricerca artistica di Tom\u00e1s, che per dirla con le parole del direttore e curatore Arturo Galansino, \u00abvuole essere un monito al rispetto del pianeta e della sua atmosfera, ormai criticamente compromessa, e prefigurare il passaggio ad una nuova era geologica  \u2013  l\u2019Aerocene  \u2013 incentrata proprio su questo preziosissimo elemento\u00bb. <br> Da non perdere anche il ciclo di appuntamenti curato da Marco Bindi sul tema della crisi ambientale: Il clima, un difficile equilibrio da non perturbare (9 giugno); Clima e flussi migratori (23 giugno); Foreste: i polmoni da preservare e sviluppare (7 luglio) rispettivamente con Stefano Caserini, Antonello Pasini e Franco Miglietta autorevoli esperti nel campo della ricerca scientifica.<\/p>\n\n\n\n<figure class=\"wp-block-embed-issuu wp-block-embed is-type-rich is-provider-issuu\"><div class=\"wp-block-embed__wrapper\">\n<div data-url=\"https:\/\/issuu.com\/arteeluoghi\/docs\/arteeluoghi_giugno2020oki\" style=\"width: 800px; height: 514px;\" class=\"issuuembed\"><\/div><script type=\"text\/javascript\" src=\"\/\/e.issuu.com\/embed.js\" async=\"true\"><\/script>\n<\/div><figcaption>Il numero di giugno della rivista Arte e Luoghi<\/figcaption><\/figure>\n\n\n\n<p><\/p>\n","protected":false},"excerpt":{"rendered":"<p>Riapre la personale dell\u2019artista argentino a Palazzo Strozzi pensando ad una nuova ecologia del comportamento Antonietta Fulvio Un nuovo rinascimento<\/p>\n","protected":false},"author":1,"featured_media":8548,"comment_status":"open","ping_status":"open","sticky":true,"template":"","format":"standard","meta":[],"categories":[27,3],"tags":[2427,2426,2313,2425,2428],"yoast_head":"<!-- This site is optimized with the Yoast SEO plugin v18.0 - https:\/\/yoast.com\/wordpress\/plugins\/seo\/ -->\n<title>Aria. Le visioni di Tom\u00e0s Saraceno per un nuovo \u201crinascimento\u201d | Arte e Luoghi<\/title>\n<meta name=\"description\" content=\"riapre \u201cAria\u201d la personale di pittura dell\u2019artista argentino Tom\u00e0s Saraceno curata dal direttore della Fondazione Strozzi\" \/>\n<meta name=\"robots\" content=\"index, follow, max-snippet:-1, max-image-preview:large, max-video-preview:-1\" \/>\n<link rel=\"canonical\" href=\"https:\/\/arteeluoghi.it\/index.php\/2020\/06\/13\/aria-le-visioni-di-tomas-saraceno-per-un-nuovo-rinascimento\/\" \/>\n<meta property=\"og:locale\" content=\"it_IT\" \/>\n<meta property=\"og:type\" content=\"article\" \/>\n<meta property=\"og:title\" content=\"Aria. Le visioni di Tom\u00e0s Saraceno per un nuovo \u201crinascimento\u201d | Arte e Luoghi\" \/>\n<meta property=\"og:description\" content=\"riapre \u201cAria\u201d la personale di pittura dell\u2019artista argentino Tom\u00e0s Saraceno curata dal direttore della Fondazione Strozzi\" \/>\n<meta property=\"og:url\" content=\"https:\/\/arteeluoghi.it\/index.php\/2020\/06\/13\/aria-le-visioni-di-tomas-saraceno-per-un-nuovo-rinascimento\/\" \/>\n<meta property=\"og:site_name\" content=\"Arte e Luoghi\" \/>\n<meta property=\"article:publisher\" content=\"https:\/\/www.facebook.com\/ArteELuoghi\/\" \/>\n<meta property=\"article:published_time\" content=\"2020-06-13T14:24:34+00:00\" \/>\n<meta property=\"article:modified_time\" content=\"2020-07-25T20:52:01+00:00\" \/>\n<meta property=\"og:image\" content=\"https:\/\/arteeluoghi.it\/wp-content\/uploads\/2020\/07\/0.7_Photography-\u00ae-Ela-Bialkowska-OKNO-Studio-9-DSC06969-OKNOstudio-2-1-1024x683.jpg\" \/>\n\t<meta property=\"og:image:width\" content=\"1024\" \/>\n\t<meta property=\"og:image:height\" content=\"683\" \/>\n\t<meta property=\"og:image:type\" content=\"image\/jpeg\" \/>\n<meta name=\"twitter:card\" content=\"summary\" \/>\n<meta name=\"twitter:creator\" content=\"@arteeluoghi\" \/>\n<meta name=\"twitter:site\" content=\"@arteeluoghi\" \/>\n<meta name=\"twitter:label1\" content=\"Scritto da\" \/>\n\t<meta name=\"twitter:data1\" content=\"Staff\" \/>\n\t<meta name=\"twitter:label2\" content=\"Tempo di lettura stimato\" \/>\n\t<meta name=\"twitter:data2\" content=\"6 minuti\" \/>\n<script type=\"application\/ld+json\" class=\"yoast-schema-graph\">{\"@context\":\"https:\/\/schema.org\",\"@graph\":[{\"@type\":\"Organization\",\"@id\":\"https:\/\/arteeluoghi.it\/#organization\",\"name\":\"Arte e Luoghi\",\"url\":\"https:\/\/arteeluoghi.it\/\",\"sameAs\":[\"https:\/\/www.facebook.com\/ArteELuoghi\/\",\"https:\/\/www.instagram.com\/arteeluoghi\/?hl=it\",\"https:\/\/www.youtube.com\/channel\/UCuRVc4JW4-C5sg9rQB-srkw?view_as=subscriber\",\"https:\/\/twitter.com\/arteeluoghi\"],\"logo\":{\"@type\":\"ImageObject\",\"@id\":\"https:\/\/arteeluoghi.it\/#logo\",\"inLanguage\":\"it-IT\",\"url\":\"https:\/\/arteeluoghi.it\/wp-content\/uploads\/2018\/08\/logoinstagramarte.jpg\",\"contentUrl\":\"https:\/\/arteeluoghi.it\/wp-content\/uploads\/2018\/08\/logoinstagramarte.jpg\",\"width\":150,\"height\":150,\"caption\":\"Arte e Luoghi\"},\"image\":{\"@id\":\"https:\/\/arteeluoghi.it\/#logo\"}},{\"@type\":\"WebSite\",\"@id\":\"https:\/\/arteeluoghi.it\/#website\",\"url\":\"https:\/\/arteeluoghi.it\/\",\"name\":\"Arte e Luoghi\",\"description\":\"Mensile di arte, cultura, turismo e curiosit\u00e0\",\"publisher\":{\"@id\":\"https:\/\/arteeluoghi.it\/#organization\"},\"potentialAction\":[{\"@type\":\"SearchAction\",\"target\":{\"@type\":\"EntryPoint\",\"urlTemplate\":\"https:\/\/arteeluoghi.it\/?s={search_term_string}\"},\"query-input\":\"required name=search_term_string\"}],\"inLanguage\":\"it-IT\"},{\"@type\":\"ImageObject\",\"@id\":\"https:\/\/arteeluoghi.it\/index.php\/2020\/06\/13\/aria-le-visioni-di-tomas-saraceno-per-un-nuovo-rinascimento\/#primaryimage\",\"inLanguage\":\"it-IT\",\"url\":\"https:\/\/arteeluoghi.it\/wp-content\/uploads\/2020\/07\/0.7_Photography-\u00ae-Ela-Bialkowska-OKNO-Studio-9-DSC06969-OKNOstudio-2-1.jpg\",\"contentUrl\":\"https:\/\/arteeluoghi.it\/wp-content\/uploads\/2020\/07\/0.7_Photography-\u00ae-Ela-Bialkowska-OKNO-Studio-9-DSC06969-OKNOstudio-2-1.jpg\",\"width\":3543,\"height\":2362},{\"@type\":\"WebPage\",\"@id\":\"https:\/\/arteeluoghi.it\/index.php\/2020\/06\/13\/aria-le-visioni-di-tomas-saraceno-per-un-nuovo-rinascimento\/#webpage\",\"url\":\"https:\/\/arteeluoghi.it\/index.php\/2020\/06\/13\/aria-le-visioni-di-tomas-saraceno-per-un-nuovo-rinascimento\/\",\"name\":\"Aria. Le visioni di Tom\u00e0s Saraceno per un nuovo \u201crinascimento\u201d | Arte e Luoghi\",\"isPartOf\":{\"@id\":\"https:\/\/arteeluoghi.it\/#website\"},\"primaryImageOfPage\":{\"@id\":\"https:\/\/arteeluoghi.it\/index.php\/2020\/06\/13\/aria-le-visioni-di-tomas-saraceno-per-un-nuovo-rinascimento\/#primaryimage\"},\"datePublished\":\"2020-06-13T14:24:34+00:00\",\"dateModified\":\"2020-07-25T20:52:01+00:00\",\"description\":\"riapre \u201cAria\u201d la personale di pittura dell\u2019artista argentino Tom\u00e0s Saraceno curata dal direttore della Fondazione Strozzi\",\"breadcrumb\":{\"@id\":\"https:\/\/arteeluoghi.it\/index.php\/2020\/06\/13\/aria-le-visioni-di-tomas-saraceno-per-un-nuovo-rinascimento\/#breadcrumb\"},\"inLanguage\":\"it-IT\",\"potentialAction\":[{\"@type\":\"ReadAction\",\"target\":[\"https:\/\/arteeluoghi.it\/index.php\/2020\/06\/13\/aria-le-visioni-di-tomas-saraceno-per-un-nuovo-rinascimento\/\"]}]},{\"@type\":\"BreadcrumbList\",\"@id\":\"https:\/\/arteeluoghi.it\/index.php\/2020\/06\/13\/aria-le-visioni-di-tomas-saraceno-per-un-nuovo-rinascimento\/#breadcrumb\",\"itemListElement\":[{\"@type\":\"ListItem\",\"position\":1,\"name\":\"Home\",\"item\":\"https:\/\/arteeluoghi.it\/\"},{\"@type\":\"ListItem\",\"position\":2,\"name\":\"Aria. Le visioni di Tom\u00e0s Saraceno per un nuovo \u201crinascimento\u201d\"}]},{\"@type\":\"Article\",\"@id\":\"https:\/\/arteeluoghi.it\/index.php\/2020\/06\/13\/aria-le-visioni-di-tomas-saraceno-per-un-nuovo-rinascimento\/#article\",\"isPartOf\":{\"@id\":\"https:\/\/arteeluoghi.it\/index.php\/2020\/06\/13\/aria-le-visioni-di-tomas-saraceno-per-un-nuovo-rinascimento\/#webpage\"},\"author\":{\"@id\":\"https:\/\/arteeluoghi.it\/#\/schema\/person\/f84e814e36e91e01448ee07eaadd41d4\"},\"headline\":\"Aria. Le visioni di Tom\u00e0s Saraceno per un nuovo \u201crinascimento\u201d\",\"datePublished\":\"2020-06-13T14:24:34+00:00\",\"dateModified\":\"2020-07-25T20:52:01+00:00\",\"mainEntityOfPage\":{\"@id\":\"https:\/\/arteeluoghi.it\/index.php\/2020\/06\/13\/aria-le-visioni-di-tomas-saraceno-per-un-nuovo-rinascimento\/#webpage\"},\"wordCount\":1121,\"commentCount\":0,\"publisher\":{\"@id\":\"https:\/\/arteeluoghi.it\/#organization\"},\"image\":{\"@id\":\"https:\/\/arteeluoghi.it\/index.php\/2020\/06\/13\/aria-le-visioni-di-tomas-saraceno-per-un-nuovo-rinascimento\/#primaryimage\"},\"thumbnailUrl\":\"https:\/\/arteeluoghi.it\/wp-content\/uploads\/2020\/07\/0.7_Photography-\u00ae-Ela-Bialkowska-OKNO-Studio-9-DSC06969-OKNOstudio-2-1.jpg\",\"keywords\":[\"Aria\",\"Arturo Galansino\",\"Palazzo Strozzi\",\"Tom\u00e0as Saraceno\",\"Umanesimo\"],\"articleSection\":[\"Arte\",\"Arti visive\"],\"inLanguage\":\"it-IT\",\"potentialAction\":[{\"@type\":\"CommentAction\",\"name\":\"Comment\",\"target\":[\"https:\/\/arteeluoghi.it\/index.php\/2020\/06\/13\/aria-le-visioni-di-tomas-saraceno-per-un-nuovo-rinascimento\/#respond\"]}]},{\"@type\":\"Person\",\"@id\":\"https:\/\/arteeluoghi.it\/#\/schema\/person\/f84e814e36e91e01448ee07eaadd41d4\",\"name\":\"Staff\",\"image\":{\"@type\":\"ImageObject\",\"@id\":\"https:\/\/arteeluoghi.it\/#personlogo\",\"inLanguage\":\"it-IT\",\"url\":\"https:\/\/secure.gravatar.com\/avatar\/49d2f9e46271bb04e19cebfaf141313a?s=96&d=blank&r=g\",\"contentUrl\":\"https:\/\/secure.gravatar.com\/avatar\/49d2f9e46271bb04e19cebfaf141313a?s=96&d=blank&r=g\",\"caption\":\"Staff\"}}]}<\/script>\n<!-- \/ Yoast SEO plugin. -->","yoast_head_json":{"title":"Aria. Le visioni di Tom\u00e0s Saraceno per un nuovo \u201crinascimento\u201d | Arte e Luoghi","description":"riapre \u201cAria\u201d la personale di pittura dell\u2019artista argentino Tom\u00e0s Saraceno curata dal direttore della Fondazione Strozzi","robots":{"index":"index","follow":"follow","max-snippet":"max-snippet:-1","max-image-preview":"max-image-preview:large","max-video-preview":"max-video-preview:-1"},"canonical":"https:\/\/arteeluoghi.it\/index.php\/2020\/06\/13\/aria-le-visioni-di-tomas-saraceno-per-un-nuovo-rinascimento\/","og_locale":"it_IT","og_type":"article","og_title":"Aria. Le visioni di Tom\u00e0s Saraceno per un nuovo \u201crinascimento\u201d | Arte e Luoghi","og_description":"riapre \u201cAria\u201d la personale di pittura dell\u2019artista argentino Tom\u00e0s Saraceno curata dal direttore della Fondazione Strozzi","og_url":"https:\/\/arteeluoghi.it\/index.php\/2020\/06\/13\/aria-le-visioni-di-tomas-saraceno-per-un-nuovo-rinascimento\/","og_site_name":"Arte e Luoghi","article_publisher":"https:\/\/www.facebook.com\/ArteELuoghi\/","article_published_time":"2020-06-13T14:24:34+00:00","article_modified_time":"2020-07-25T20:52:01+00:00","og_image":[{"width":1024,"height":683,"url":"https:\/\/arteeluoghi.it\/wp-content\/uploads\/2020\/07\/0.7_Photography-\u00ae-Ela-Bialkowska-OKNO-Studio-9-DSC06969-OKNOstudio-2-1-1024x683.jpg","type":"image\/jpeg"}],"twitter_card":"summary","twitter_creator":"@arteeluoghi","twitter_site":"@arteeluoghi","twitter_misc":{"Scritto da":"Staff","Tempo di lettura stimato":"6 minuti"},"schema":{"@context":"https:\/\/schema.org","@graph":[{"@type":"Organization","@id":"https:\/\/arteeluoghi.it\/#organization","name":"Arte e Luoghi","url":"https:\/\/arteeluoghi.it\/","sameAs":["https:\/\/www.facebook.com\/ArteELuoghi\/","https:\/\/www.instagram.com\/arteeluoghi\/?hl=it","https:\/\/www.youtube.com\/channel\/UCuRVc4JW4-C5sg9rQB-srkw?view_as=subscriber","https:\/\/twitter.com\/arteeluoghi"],"logo":{"@type":"ImageObject","@id":"https:\/\/arteeluoghi.it\/#logo","inLanguage":"it-IT","url":"https:\/\/arteeluoghi.it\/wp-content\/uploads\/2018\/08\/logoinstagramarte.jpg","contentUrl":"https:\/\/arteeluoghi.it\/wp-content\/uploads\/2018\/08\/logoinstagramarte.jpg","width":150,"height":150,"caption":"Arte e Luoghi"},"image":{"@id":"https:\/\/arteeluoghi.it\/#logo"}},{"@type":"WebSite","@id":"https:\/\/arteeluoghi.it\/#website","url":"https:\/\/arteeluoghi.it\/","name":"Arte e Luoghi","description":"Mensile di arte, cultura, turismo e curiosit\u00e0","publisher":{"@id":"https:\/\/arteeluoghi.it\/#organization"},"potentialAction":[{"@type":"SearchAction","target":{"@type":"EntryPoint","urlTemplate":"https:\/\/arteeluoghi.it\/?s={search_term_string}"},"query-input":"required name=search_term_string"}],"inLanguage":"it-IT"},{"@type":"ImageObject","@id":"https:\/\/arteeluoghi.it\/index.php\/2020\/06\/13\/aria-le-visioni-di-tomas-saraceno-per-un-nuovo-rinascimento\/#primaryimage","inLanguage":"it-IT","url":"https:\/\/arteeluoghi.it\/wp-content\/uploads\/2020\/07\/0.7_Photography-\u00ae-Ela-Bialkowska-OKNO-Studio-9-DSC06969-OKNOstudio-2-1.jpg","contentUrl":"https:\/\/arteeluoghi.it\/wp-content\/uploads\/2020\/07\/0.7_Photography-\u00ae-Ela-Bialkowska-OKNO-Studio-9-DSC06969-OKNOstudio-2-1.jpg","width":3543,"height":2362},{"@type":"WebPage","@id":"https:\/\/arteeluoghi.it\/index.php\/2020\/06\/13\/aria-le-visioni-di-tomas-saraceno-per-un-nuovo-rinascimento\/#webpage","url":"https:\/\/arteeluoghi.it\/index.php\/2020\/06\/13\/aria-le-visioni-di-tomas-saraceno-per-un-nuovo-rinascimento\/","name":"Aria. Le visioni di Tom\u00e0s Saraceno per un nuovo \u201crinascimento\u201d | Arte e Luoghi","isPartOf":{"@id":"https:\/\/arteeluoghi.it\/#website"},"primaryImageOfPage":{"@id":"https:\/\/arteeluoghi.it\/index.php\/2020\/06\/13\/aria-le-visioni-di-tomas-saraceno-per-un-nuovo-rinascimento\/#primaryimage"},"datePublished":"2020-06-13T14:24:34+00:00","dateModified":"2020-07-25T20:52:01+00:00","description":"riapre \u201cAria\u201d la personale di pittura dell\u2019artista argentino Tom\u00e0s Saraceno curata dal direttore della Fondazione Strozzi","breadcrumb":{"@id":"https:\/\/arteeluoghi.it\/index.php\/2020\/06\/13\/aria-le-visioni-di-tomas-saraceno-per-un-nuovo-rinascimento\/#breadcrumb"},"inLanguage":"it-IT","potentialAction":[{"@type":"ReadAction","target":["https:\/\/arteeluoghi.it\/index.php\/2020\/06\/13\/aria-le-visioni-di-tomas-saraceno-per-un-nuovo-rinascimento\/"]}]},{"@type":"BreadcrumbList","@id":"https:\/\/arteeluoghi.it\/index.php\/2020\/06\/13\/aria-le-visioni-di-tomas-saraceno-per-un-nuovo-rinascimento\/#breadcrumb","itemListElement":[{"@type":"ListItem","position":1,"name":"Home","item":"https:\/\/arteeluoghi.it\/"},{"@type":"ListItem","position":2,"name":"Aria. Le visioni di Tom\u00e0s Saraceno per un nuovo \u201crinascimento\u201d"}]},{"@type":"Article","@id":"https:\/\/arteeluoghi.it\/index.php\/2020\/06\/13\/aria-le-visioni-di-tomas-saraceno-per-un-nuovo-rinascimento\/#article","isPartOf":{"@id":"https:\/\/arteeluoghi.it\/index.php\/2020\/06\/13\/aria-le-visioni-di-tomas-saraceno-per-un-nuovo-rinascimento\/#webpage"},"author":{"@id":"https:\/\/arteeluoghi.it\/#\/schema\/person\/f84e814e36e91e01448ee07eaadd41d4"},"headline":"Aria. Le visioni di Tom\u00e0s Saraceno per un nuovo \u201crinascimento\u201d","datePublished":"2020-06-13T14:24:34+00:00","dateModified":"2020-07-25T20:52:01+00:00","mainEntityOfPage":{"@id":"https:\/\/arteeluoghi.it\/index.php\/2020\/06\/13\/aria-le-visioni-di-tomas-saraceno-per-un-nuovo-rinascimento\/#webpage"},"wordCount":1121,"commentCount":0,"publisher":{"@id":"https:\/\/arteeluoghi.it\/#organization"},"image":{"@id":"https:\/\/arteeluoghi.it\/index.php\/2020\/06\/13\/aria-le-visioni-di-tomas-saraceno-per-un-nuovo-rinascimento\/#primaryimage"},"thumbnailUrl":"https:\/\/arteeluoghi.it\/wp-content\/uploads\/2020\/07\/0.7_Photography-\u00ae-Ela-Bialkowska-OKNO-Studio-9-DSC06969-OKNOstudio-2-1.jpg","keywords":["Aria","Arturo Galansino","Palazzo Strozzi","Tom\u00e0as Saraceno","Umanesimo"],"articleSection":["Arte","Arti visive"],"inLanguage":"it-IT","potentialAction":[{"@type":"CommentAction","name":"Comment","target":["https:\/\/arteeluoghi.it\/index.php\/2020\/06\/13\/aria-le-visioni-di-tomas-saraceno-per-un-nuovo-rinascimento\/#respond"]}]},{"@type":"Person","@id":"https:\/\/arteeluoghi.it\/#\/schema\/person\/f84e814e36e91e01448ee07eaadd41d4","name":"Staff","image":{"@type":"ImageObject","@id":"https:\/\/arteeluoghi.it\/#personlogo","inLanguage":"it-IT","url":"https:\/\/secure.gravatar.com\/avatar\/49d2f9e46271bb04e19cebfaf141313a?s=96&d=blank&r=g","contentUrl":"https:\/\/secure.gravatar.com\/avatar\/49d2f9e46271bb04e19cebfaf141313a?s=96&d=blank&r=g","caption":"Staff"}}]}},"_links":{"self":[{"href":"https:\/\/arteeluoghi.it\/index.php\/wp-json\/wp\/v2\/posts\/8386"}],"collection":[{"href":"https:\/\/arteeluoghi.it\/index.php\/wp-json\/wp\/v2\/posts"}],"about":[{"href":"https:\/\/arteeluoghi.it\/index.php\/wp-json\/wp\/v2\/types\/post"}],"author":[{"embeddable":true,"href":"https:\/\/arteeluoghi.it\/index.php\/wp-json\/wp\/v2\/users\/1"}],"replies":[{"embeddable":true,"href":"https:\/\/arteeluoghi.it\/index.php\/wp-json\/wp\/v2\/comments?post=8386"}],"version-history":[{"count":4,"href":"https:\/\/arteeluoghi.it\/index.php\/wp-json\/wp\/v2\/posts\/8386\/revisions"}],"predecessor-version":[{"id":8553,"href":"https:\/\/arteeluoghi.it\/index.php\/wp-json\/wp\/v2\/posts\/8386\/revisions\/8553"}],"wp:featuredmedia":[{"embeddable":true,"href":"https:\/\/arteeluoghi.it\/index.php\/wp-json\/wp\/v2\/media\/8548"}],"wp:attachment":[{"href":"https:\/\/arteeluoghi.it\/index.php\/wp-json\/wp\/v2\/media?parent=8386"}],"wp:term":[{"taxonomy":"category","embeddable":true,"href":"https:\/\/arteeluoghi.it\/index.php\/wp-json\/wp\/v2\/categories?post=8386"},{"taxonomy":"post_tag","embeddable":true,"href":"https:\/\/arteeluoghi.it\/index.php\/wp-json\/wp\/v2\/tags?post=8386"}],"curies":[{"name":"wp","href":"https:\/\/api.w.org\/{rel}","templated":true}]}}