{"id":8389,"date":"2020-06-01T20:14:30","date_gmt":"2020-06-01T18:14:30","guid":{"rendered":"https:\/\/arteeluoghi.it\/?p=8389"},"modified":"2020-06-20T20:31:24","modified_gmt":"2020-06-20T18:31:24","slug":"emanuele-caggiano-larmonia-del-bello","status":"publish","type":"post","link":"https:\/\/arteeluoghi.it\/index.php\/2020\/06\/01\/emanuele-caggiano-larmonia-del-bello\/","title":{"rendered":"Emanuele Caggiano  L\u2019armonia del bello"},"content":{"rendered":"\n<blockquote class=\"wp-block-quote\"><p>Maestro di Vincenzo Gemito, lo scultore beneventano realizz\u00f2 numerose opere monumentali a Napoli dove fu titolare di scultura del Regio Istituto di Belle Arti. Tra le opere pi\u00f9 famose  \u201cPane e lavoro\u201d conservata al Museo del Sannio di Benevento<\/p><cite>Sara Di Caprio<\/cite><\/blockquote>\n\n\n\n<p>Dante scrive nell&#8217; XI canto del Purgatorio: \u00abCredette Cimabue nella pittura tener lo campo, e ora Giotto il grido, s\u00ec che la fama di colui \u00e8 scura.\u00bb, un monito che l\u2019allievo tende sempre a superare il maestro e sul valore effimero della gloria. Eppure ci sono nomi che non sono destinati all\u2019oblio e che sopravvivono nel tempo. Certo Giotto super\u00f2 Cimabue, che rimut\u00f2 l\u2019arte di dipingere di greco in latino ma, se Cimabue non l\u2019avesse preso a bottega la storia avrebbe preso altro corso. Inoltre, nei libri di storia dell\u2019arte entrambi vengono ricordati e studiati, uno \u00e8 propedeutico all\u2019altro. Nessun uomo si forma da solo, attinge dal contesto e dai suoi maestri di vita. \u00c8 il caso di Emanuele Caggiano che fu il maestro di Vincenzo Gemito, lo scultore napoletano che cattura l\u2019animo popolare della sua gente nella seconda met\u00e0 dell\u2019Ottocento. <\/p>\n\n\n\n<!--more-->\n\n\n\n<figure class=\"wp-block-image\"><img loading=\"lazy\" width=\"683\" height=\"1024\" src=\"https:\/\/arteeluoghi.it\/wp-content\/uploads\/2020\/06\/Mostra-il-Bello-o-il-Vero.-10031-d-683x1024.jpg\" alt=\"\" class=\"wp-image-8393\" srcset=\"https:\/\/arteeluoghi.it\/wp-content\/uploads\/2020\/06\/Mostra-il-Bello-o-il-Vero.-10031-d-683x1024.jpg 683w, https:\/\/arteeluoghi.it\/wp-content\/uploads\/2020\/06\/Mostra-il-Bello-o-il-Vero.-10031-d-200x300.jpg 200w, https:\/\/arteeluoghi.it\/wp-content\/uploads\/2020\/06\/Mostra-il-Bello-o-il-Vero.-10031-d-768x1152.jpg 768w\" sizes=\"(max-width: 683px) 100vw, 683px\" \/><figcaption>Emanuele Caggiano, Pane e lavoro, Museo del Sannio, foto Peppe Guida in occasione della mostra Il bello e il vero, Complesso di San Domenico Maggiore, Napoli<\/figcaption><\/figure>\n\n\n\n<p>Lo scultore Emanuele Caggiano (Benevento 12 Giugno 1837 &#8211; Napoli 22 agosto 1905) in una sua lettera destinata alla commissione governativa che lo nominava professore titolare di scultura del Regio Istituto di Belle Arti di Napoli, non fa mistero di aver passato i suoi insegnamenti a Vincenzo Gemito, riportando in breve i suoi principi: \u201cLe opere dei sommi Maestri vanno ammirate e studiate, ma non imitate servilmente\u2026. I giovani devono trarre ispirazioni dal vero, ma ricordar sempre che il bello \u00e8 altissima armonia [\u2026] A questi principii educai il mio allievo Vincenzo Gemito, artista onorato in tutto il mondo e che Domenico Morelli giudic\u00f2 il pi\u00f9 forte ingegno scultoreo moderno\u201d. Da queste parole si evince quanto il modus operandi di Emanuele Caggiano abbia \u201cispirato\u201d e guidato il pi\u00f9 famoso Vincenzo Gemito, facendogli trovare una sua via dell\u2019arte. \u00c8 questa di certo la funzione di ogni bravo insegnante sorreggere e lasciar liberi di esprimere lo stile di ciascuno, guidare ma non condizionare. Lo scultore beneventano fu allievo anche di Giovanni Dupr\u00e8 a Firenze e tra le sue opere pi\u00f9 importanti bisogna citare \u201cPane e lavoro\u201d conservata al museo del Sannio di Benevento. L\u2019opera in marmo realizzata nel 1862 fu acquistata dal principe Oddone di Savoia e collocata dapprima nel Museo reale di Capodimonte, ed ebbe un gran successo di pubblico tanto da essere replicata pi\u00f9 volte. La statua viene ricordata, con queste parole, dall\u2019erudito Luigi Settembrini \u201cIo l&#8217;ho riveduta, la buona fanciulla che sempre lavora, e discinta e scalza come si leva di letto siede sopra uno scanno e non intende altro che al suo lavoro su cui tiene fissi gli occhi e il pensiero. Ella \u00e8 la figliuola di Emanuele Caggiano scultore, ed \u00e8 una statua, e si chiama con un bel nome: Pane e Lavoro.\u201d. Una donna che con dignit\u00e0 e in maniera soave, come una Madonna d\u2019altri tempi, con la croce sul petto, cuce il filet in tondo mentre poggiato a terra in un semplice cestino c\u2019\u00e8 il pezzo di pane che riconduce al titolo dell\u2019opera. Una delle repliche, eseguita per G.Budillon, fu premiata al Salon di Parigi e all\u2019Esposizione di Londra e non a caso lo stesso Settembrini proponeva per la sua bellezza di collocarne una copia in ogni scuola femminile d\u2019Italia. <\/p>\n\n\n\n<figure class=\"wp-block-image\"><img loading=\"lazy\" width=\"643\" height=\"1024\" src=\"https:\/\/arteeluoghi.it\/wp-content\/uploads\/2020\/06\/Piazza-del-Plebiscito.-7-643x1024.jpg\" alt=\"\" class=\"wp-image-8392\" srcset=\"https:\/\/arteeluoghi.it\/wp-content\/uploads\/2020\/06\/Piazza-del-Plebiscito.-7-643x1024.jpg 643w, https:\/\/arteeluoghi.it\/wp-content\/uploads\/2020\/06\/Piazza-del-Plebiscito.-7-189x300.jpg 189w, https:\/\/arteeluoghi.it\/wp-content\/uploads\/2020\/06\/Piazza-del-Plebiscito.-7-768x1222.jpg 768w\" sizes=\"(max-width: 643px) 100vw, 643px\" \/><\/figure>\n\n\n\n<p><br> Tra le commissioni importanti di Caggiano emerge senz\u2019altro la statua di Federico II di Svevia, in una nicchia della facciata del Palazzo Reale di Napoli, commissionata dal re nel 1888. La statua cerca di catturare l\u2019immagine del puer Apuliae con lo sguardo impavido e in atto di camminare in avanti con la spada in pugno. <\/p>\n\n\n\n<figure class=\"wp-block-image\"><img loading=\"lazy\" width=\"1024\" height=\"701\" src=\"https:\/\/arteeluoghi.it\/wp-content\/uploads\/2020\/06\/Piazza-dei-Martiri.-2607-1024x701.jpg\" alt=\"\" class=\"wp-image-8391\" srcset=\"https:\/\/arteeluoghi.it\/wp-content\/uploads\/2020\/06\/Piazza-dei-Martiri.-2607-1024x701.jpg 1024w, https:\/\/arteeluoghi.it\/wp-content\/uploads\/2020\/06\/Piazza-dei-Martiri.-2607-300x205.jpg 300w, https:\/\/arteeluoghi.it\/wp-content\/uploads\/2020\/06\/Piazza-dei-Martiri.-2607-768x526.jpg 768w, https:\/\/arteeluoghi.it\/wp-content\/uploads\/2020\/06\/Piazza-dei-Martiri.-2607-130x90.jpg 130w\" sizes=\"(max-width: 1024px) 100vw, 1024px\" \/><\/figure>\n\n\n\n<p><br> Inoltre lo scultore ha anche abbellito la colonna di epoca borbonica in Piazza dei Martiri che un tempo si chiamava Piazza della Pace, a Napoli nel quartiere di Chiaia a breve distanza dal lungomare. Sulla sommit\u00e0 troneggia la virt\u00f9 dei martiri, sostituendo una precedente statua della Madonna della Pace. La scultura in bronzo \u00e8 una Vittoria Alata con in mano una corona di alloro e le ali spiegate, morbidamente modellate dal vento, che sembra proprio stia spiccando il volo verso l\u2019infinito. La tunica avvolge la figura in maniera sinuosa lasciando trasparire la perfetta anatomia.  La statua fu eseguita in meno di un anno in cui accolse nel suo studio proprio Vittorio Gemito avviandolo all\u2019arte. Proprio per questa scultura veniva elogiato dal suo antico maestro Dupr\u00e8 ricordando la Vittoria come \u201cuno dei suo i lavori pi\u00f9 belli.\u201d In fondo come scriveva Edmondo de Amicis: \u201cPronuncia sempre con riverenza questo nome \u2013 maestro \u2013 che dopo quello di padre, \u00e8 il pi\u00f9 nobile, il pi\u00f9 dolce nome che possa dare un uomo a un altro uomo.\u201d<\/p>\n","protected":false},"excerpt":{"rendered":"<p>Maestro di Vincenzo Gemito, lo scultore beneventano realizz\u00f2 numerose opere monumentali a Napoli dove fu titolare di scultura del Regio<\/p>\n","protected":false},"author":1,"featured_media":8390,"comment_status":"open","ping_status":"open","sticky":true,"template":"","format":"standard","meta":[],"categories":[27,6],"tags":[2341,2192,2343,160,2346,2345,307,2342],"yoast_head":"<!-- This site is optimized with the Yoast SEO plugin v18.0 - https:\/\/yoast.com\/wordpress\/plugins\/seo\/ -->\n<title>Emanuele Caggiano L\u2019armonia del bello | Arte e Luoghi<\/title>\n<meta name=\"description\" content=\"Lo scultore beneventano fu allievo anche di Giovanni Dupr\u00e8 a Firenze e tra le sue opere pi\u00f9 importanti bisogna citare \u201cPane e lavoro\u201d conservata al museo del Sannio di Benevento\" \/>\n<meta name=\"robots\" content=\"index, follow, max-snippet:-1, max-image-preview:large, max-video-preview:-1\" \/>\n<link rel=\"canonical\" href=\"https:\/\/arteeluoghi.it\/index.php\/2020\/06\/01\/emanuele-caggiano-larmonia-del-bello\/\" \/>\n<meta property=\"og:locale\" content=\"it_IT\" \/>\n<meta property=\"og:type\" content=\"article\" \/>\n<meta property=\"og:title\" content=\"Emanuele Caggiano L\u2019armonia del bello | Arte e Luoghi\" \/>\n<meta property=\"og:description\" content=\"Lo scultore beneventano fu allievo anche di Giovanni Dupr\u00e8 a Firenze e tra le sue opere pi\u00f9 importanti bisogna citare \u201cPane e lavoro\u201d conservata al museo del Sannio di Benevento\" \/>\n<meta property=\"og:url\" content=\"https:\/\/arteeluoghi.it\/index.php\/2020\/06\/01\/emanuele-caggiano-larmonia-del-bello\/\" \/>\n<meta property=\"og:site_name\" content=\"Arte e Luoghi\" \/>\n<meta property=\"article:publisher\" content=\"https:\/\/www.facebook.com\/ArteELuoghi\/\" \/>\n<meta property=\"article:published_time\" content=\"2020-06-01T18:14:30+00:00\" \/>\n<meta property=\"article:modified_time\" content=\"2020-06-20T18:31:24+00:00\" \/>\n<meta property=\"og:image\" content=\"https:\/\/arteeluoghi.it\/wp-content\/uploads\/2020\/06\/Piazza-dei-Martiri.-6477.jpg\" \/>\n\t<meta property=\"og:image:width\" content=\"5136\" \/>\n\t<meta property=\"og:image:height\" content=\"3986\" \/>\n\t<meta property=\"og:image:type\" content=\"image\/jpeg\" \/>\n<meta name=\"twitter:card\" content=\"summary\" \/>\n<meta name=\"twitter:creator\" content=\"@arteeluoghi\" \/>\n<meta name=\"twitter:site\" content=\"@arteeluoghi\" \/>\n<meta name=\"twitter:label1\" content=\"Scritto da\" \/>\n\t<meta name=\"twitter:data1\" content=\"Staff\" \/>\n\t<meta name=\"twitter:label2\" content=\"Tempo di lettura stimato\" \/>\n\t<meta name=\"twitter:data2\" content=\"4 minuti\" \/>\n<script type=\"application\/ld+json\" class=\"yoast-schema-graph\">{\"@context\":\"https:\/\/schema.org\",\"@graph\":[{\"@type\":\"Organization\",\"@id\":\"https:\/\/arteeluoghi.it\/#organization\",\"name\":\"Arte e Luoghi\",\"url\":\"https:\/\/arteeluoghi.it\/\",\"sameAs\":[\"https:\/\/www.facebook.com\/ArteELuoghi\/\",\"https:\/\/www.instagram.com\/arteeluoghi\/?hl=it\",\"https:\/\/www.youtube.com\/channel\/UCuRVc4JW4-C5sg9rQB-srkw?view_as=subscriber\",\"https:\/\/twitter.com\/arteeluoghi\"],\"logo\":{\"@type\":\"ImageObject\",\"@id\":\"https:\/\/arteeluoghi.it\/#logo\",\"inLanguage\":\"it-IT\",\"url\":\"https:\/\/arteeluoghi.it\/wp-content\/uploads\/2018\/08\/logoinstagramarte.jpg\",\"contentUrl\":\"https:\/\/arteeluoghi.it\/wp-content\/uploads\/2018\/08\/logoinstagramarte.jpg\",\"width\":150,\"height\":150,\"caption\":\"Arte e Luoghi\"},\"image\":{\"@id\":\"https:\/\/arteeluoghi.it\/#logo\"}},{\"@type\":\"WebSite\",\"@id\":\"https:\/\/arteeluoghi.it\/#website\",\"url\":\"https:\/\/arteeluoghi.it\/\",\"name\":\"Arte e Luoghi\",\"description\":\"Mensile di arte, cultura, turismo e curiosit\u00e0\",\"publisher\":{\"@id\":\"https:\/\/arteeluoghi.it\/#organization\"},\"potentialAction\":[{\"@type\":\"SearchAction\",\"target\":{\"@type\":\"EntryPoint\",\"urlTemplate\":\"https:\/\/arteeluoghi.it\/?s={search_term_string}\"},\"query-input\":\"required name=search_term_string\"}],\"inLanguage\":\"it-IT\"},{\"@type\":\"ImageObject\",\"@id\":\"https:\/\/arteeluoghi.it\/index.php\/2020\/06\/01\/emanuele-caggiano-larmonia-del-bello\/#primaryimage\",\"inLanguage\":\"it-IT\",\"url\":\"https:\/\/arteeluoghi.it\/wp-content\/uploads\/2020\/06\/Piazza-dei-Martiri.-6477.jpg\",\"contentUrl\":\"https:\/\/arteeluoghi.it\/wp-content\/uploads\/2020\/06\/Piazza-dei-Martiri.-6477.jpg\",\"width\":5136,\"height\":3986},{\"@type\":\"WebPage\",\"@id\":\"https:\/\/arteeluoghi.it\/index.php\/2020\/06\/01\/emanuele-caggiano-larmonia-del-bello\/#webpage\",\"url\":\"https:\/\/arteeluoghi.it\/index.php\/2020\/06\/01\/emanuele-caggiano-larmonia-del-bello\/\",\"name\":\"Emanuele Caggiano L\u2019armonia del bello | Arte e Luoghi\",\"isPartOf\":{\"@id\":\"https:\/\/arteeluoghi.it\/#website\"},\"primaryImageOfPage\":{\"@id\":\"https:\/\/arteeluoghi.it\/index.php\/2020\/06\/01\/emanuele-caggiano-larmonia-del-bello\/#primaryimage\"},\"datePublished\":\"2020-06-01T18:14:30+00:00\",\"dateModified\":\"2020-06-20T18:31:24+00:00\",\"description\":\"Lo scultore beneventano fu allievo anche di Giovanni Dupr\u00e8 a Firenze e tra le sue opere pi\u00f9 importanti bisogna citare \u201cPane e lavoro\u201d conservata al museo del Sannio di Benevento\",\"breadcrumb\":{\"@id\":\"https:\/\/arteeluoghi.it\/index.php\/2020\/06\/01\/emanuele-caggiano-larmonia-del-bello\/#breadcrumb\"},\"inLanguage\":\"it-IT\",\"potentialAction\":[{\"@type\":\"ReadAction\",\"target\":[\"https:\/\/arteeluoghi.it\/index.php\/2020\/06\/01\/emanuele-caggiano-larmonia-del-bello\/\"]}]},{\"@type\":\"BreadcrumbList\",\"@id\":\"https:\/\/arteeluoghi.it\/index.php\/2020\/06\/01\/emanuele-caggiano-larmonia-del-bello\/#breadcrumb\",\"itemListElement\":[{\"@type\":\"ListItem\",\"position\":1,\"name\":\"Home\",\"item\":\"https:\/\/arteeluoghi.it\/\"},{\"@type\":\"ListItem\",\"position\":2,\"name\":\"Emanuele Caggiano L\u2019armonia del bello\"}]},{\"@type\":\"Article\",\"@id\":\"https:\/\/arteeluoghi.it\/index.php\/2020\/06\/01\/emanuele-caggiano-larmonia-del-bello\/#article\",\"isPartOf\":{\"@id\":\"https:\/\/arteeluoghi.it\/index.php\/2020\/06\/01\/emanuele-caggiano-larmonia-del-bello\/#webpage\"},\"author\":{\"@id\":\"https:\/\/arteeluoghi.it\/#\/schema\/person\/f84e814e36e91e01448ee07eaadd41d4\"},\"headline\":\"Emanuele Caggiano L\u2019armonia del bello\",\"datePublished\":\"2020-06-01T18:14:30+00:00\",\"dateModified\":\"2020-06-20T18:31:24+00:00\",\"mainEntityOfPage\":{\"@id\":\"https:\/\/arteeluoghi.it\/index.php\/2020\/06\/01\/emanuele-caggiano-larmonia-del-bello\/#webpage\"},\"wordCount\":820,\"commentCount\":0,\"publisher\":{\"@id\":\"https:\/\/arteeluoghi.it\/#organization\"},\"image\":{\"@id\":\"https:\/\/arteeluoghi.it\/index.php\/2020\/06\/01\/emanuele-caggiano-larmonia-del-bello\/#primaryimage\"},\"thumbnailUrl\":\"https:\/\/arteeluoghi.it\/wp-content\/uploads\/2020\/06\/Piazza-dei-Martiri.-6477.jpg\",\"keywords\":[\"Emanuele Cagiano\",\"Federico II\",\"Museo del Sannio\",\"Napoli\",\"Piazza dei Martiri\",\"Piazza del Plebiscito\",\"scultura\",\"Vincenzo Gemito\"],\"articleSection\":[\"Arte\",\"Scultura\"],\"inLanguage\":\"it-IT\",\"potentialAction\":[{\"@type\":\"CommentAction\",\"name\":\"Comment\",\"target\":[\"https:\/\/arteeluoghi.it\/index.php\/2020\/06\/01\/emanuele-caggiano-larmonia-del-bello\/#respond\"]}]},{\"@type\":\"Person\",\"@id\":\"https:\/\/arteeluoghi.it\/#\/schema\/person\/f84e814e36e91e01448ee07eaadd41d4\",\"name\":\"Staff\",\"image\":{\"@type\":\"ImageObject\",\"@id\":\"https:\/\/arteeluoghi.it\/#personlogo\",\"inLanguage\":\"it-IT\",\"url\":\"https:\/\/secure.gravatar.com\/avatar\/49d2f9e46271bb04e19cebfaf141313a?s=96&d=blank&r=g\",\"contentUrl\":\"https:\/\/secure.gravatar.com\/avatar\/49d2f9e46271bb04e19cebfaf141313a?s=96&d=blank&r=g\",\"caption\":\"Staff\"}}]}<\/script>\n<!-- \/ Yoast SEO plugin. -->","yoast_head_json":{"title":"Emanuele Caggiano L\u2019armonia del bello | Arte e Luoghi","description":"Lo scultore beneventano fu allievo anche di Giovanni Dupr\u00e8 a Firenze e tra le sue opere pi\u00f9 importanti bisogna citare \u201cPane e lavoro\u201d conservata al museo del Sannio di Benevento","robots":{"index":"index","follow":"follow","max-snippet":"max-snippet:-1","max-image-preview":"max-image-preview:large","max-video-preview":"max-video-preview:-1"},"canonical":"https:\/\/arteeluoghi.it\/index.php\/2020\/06\/01\/emanuele-caggiano-larmonia-del-bello\/","og_locale":"it_IT","og_type":"article","og_title":"Emanuele Caggiano L\u2019armonia del bello | Arte e Luoghi","og_description":"Lo scultore beneventano fu allievo anche di Giovanni Dupr\u00e8 a Firenze e tra le sue opere pi\u00f9 importanti bisogna citare \u201cPane e lavoro\u201d conservata al museo del Sannio di Benevento","og_url":"https:\/\/arteeluoghi.it\/index.php\/2020\/06\/01\/emanuele-caggiano-larmonia-del-bello\/","og_site_name":"Arte e Luoghi","article_publisher":"https:\/\/www.facebook.com\/ArteELuoghi\/","article_published_time":"2020-06-01T18:14:30+00:00","article_modified_time":"2020-06-20T18:31:24+00:00","og_image":[{"width":5136,"height":3986,"url":"https:\/\/arteeluoghi.it\/wp-content\/uploads\/2020\/06\/Piazza-dei-Martiri.-6477.jpg","type":"image\/jpeg"}],"twitter_card":"summary","twitter_creator":"@arteeluoghi","twitter_site":"@arteeluoghi","twitter_misc":{"Scritto da":"Staff","Tempo di lettura stimato":"4 minuti"},"schema":{"@context":"https:\/\/schema.org","@graph":[{"@type":"Organization","@id":"https:\/\/arteeluoghi.it\/#organization","name":"Arte e Luoghi","url":"https:\/\/arteeluoghi.it\/","sameAs":["https:\/\/www.facebook.com\/ArteELuoghi\/","https:\/\/www.instagram.com\/arteeluoghi\/?hl=it","https:\/\/www.youtube.com\/channel\/UCuRVc4JW4-C5sg9rQB-srkw?view_as=subscriber","https:\/\/twitter.com\/arteeluoghi"],"logo":{"@type":"ImageObject","@id":"https:\/\/arteeluoghi.it\/#logo","inLanguage":"it-IT","url":"https:\/\/arteeluoghi.it\/wp-content\/uploads\/2018\/08\/logoinstagramarte.jpg","contentUrl":"https:\/\/arteeluoghi.it\/wp-content\/uploads\/2018\/08\/logoinstagramarte.jpg","width":150,"height":150,"caption":"Arte e Luoghi"},"image":{"@id":"https:\/\/arteeluoghi.it\/#logo"}},{"@type":"WebSite","@id":"https:\/\/arteeluoghi.it\/#website","url":"https:\/\/arteeluoghi.it\/","name":"Arte e Luoghi","description":"Mensile di arte, cultura, turismo e curiosit\u00e0","publisher":{"@id":"https:\/\/arteeluoghi.it\/#organization"},"potentialAction":[{"@type":"SearchAction","target":{"@type":"EntryPoint","urlTemplate":"https:\/\/arteeluoghi.it\/?s={search_term_string}"},"query-input":"required name=search_term_string"}],"inLanguage":"it-IT"},{"@type":"ImageObject","@id":"https:\/\/arteeluoghi.it\/index.php\/2020\/06\/01\/emanuele-caggiano-larmonia-del-bello\/#primaryimage","inLanguage":"it-IT","url":"https:\/\/arteeluoghi.it\/wp-content\/uploads\/2020\/06\/Piazza-dei-Martiri.-6477.jpg","contentUrl":"https:\/\/arteeluoghi.it\/wp-content\/uploads\/2020\/06\/Piazza-dei-Martiri.-6477.jpg","width":5136,"height":3986},{"@type":"WebPage","@id":"https:\/\/arteeluoghi.it\/index.php\/2020\/06\/01\/emanuele-caggiano-larmonia-del-bello\/#webpage","url":"https:\/\/arteeluoghi.it\/index.php\/2020\/06\/01\/emanuele-caggiano-larmonia-del-bello\/","name":"Emanuele Caggiano L\u2019armonia del bello | Arte e Luoghi","isPartOf":{"@id":"https:\/\/arteeluoghi.it\/#website"},"primaryImageOfPage":{"@id":"https:\/\/arteeluoghi.it\/index.php\/2020\/06\/01\/emanuele-caggiano-larmonia-del-bello\/#primaryimage"},"datePublished":"2020-06-01T18:14:30+00:00","dateModified":"2020-06-20T18:31:24+00:00","description":"Lo scultore beneventano fu allievo anche di Giovanni Dupr\u00e8 a Firenze e tra le sue opere pi\u00f9 importanti bisogna citare \u201cPane e lavoro\u201d conservata al museo del Sannio di Benevento","breadcrumb":{"@id":"https:\/\/arteeluoghi.it\/index.php\/2020\/06\/01\/emanuele-caggiano-larmonia-del-bello\/#breadcrumb"},"inLanguage":"it-IT","potentialAction":[{"@type":"ReadAction","target":["https:\/\/arteeluoghi.it\/index.php\/2020\/06\/01\/emanuele-caggiano-larmonia-del-bello\/"]}]},{"@type":"BreadcrumbList","@id":"https:\/\/arteeluoghi.it\/index.php\/2020\/06\/01\/emanuele-caggiano-larmonia-del-bello\/#breadcrumb","itemListElement":[{"@type":"ListItem","position":1,"name":"Home","item":"https:\/\/arteeluoghi.it\/"},{"@type":"ListItem","position":2,"name":"Emanuele Caggiano L\u2019armonia del bello"}]},{"@type":"Article","@id":"https:\/\/arteeluoghi.it\/index.php\/2020\/06\/01\/emanuele-caggiano-larmonia-del-bello\/#article","isPartOf":{"@id":"https:\/\/arteeluoghi.it\/index.php\/2020\/06\/01\/emanuele-caggiano-larmonia-del-bello\/#webpage"},"author":{"@id":"https:\/\/arteeluoghi.it\/#\/schema\/person\/f84e814e36e91e01448ee07eaadd41d4"},"headline":"Emanuele Caggiano L\u2019armonia del bello","datePublished":"2020-06-01T18:14:30+00:00","dateModified":"2020-06-20T18:31:24+00:00","mainEntityOfPage":{"@id":"https:\/\/arteeluoghi.it\/index.php\/2020\/06\/01\/emanuele-caggiano-larmonia-del-bello\/#webpage"},"wordCount":820,"commentCount":0,"publisher":{"@id":"https:\/\/arteeluoghi.it\/#organization"},"image":{"@id":"https:\/\/arteeluoghi.it\/index.php\/2020\/06\/01\/emanuele-caggiano-larmonia-del-bello\/#primaryimage"},"thumbnailUrl":"https:\/\/arteeluoghi.it\/wp-content\/uploads\/2020\/06\/Piazza-dei-Martiri.-6477.jpg","keywords":["Emanuele Cagiano","Federico II","Museo del Sannio","Napoli","Piazza dei Martiri","Piazza del Plebiscito","scultura","Vincenzo Gemito"],"articleSection":["Arte","Scultura"],"inLanguage":"it-IT","potentialAction":[{"@type":"CommentAction","name":"Comment","target":["https:\/\/arteeluoghi.it\/index.php\/2020\/06\/01\/emanuele-caggiano-larmonia-del-bello\/#respond"]}]},{"@type":"Person","@id":"https:\/\/arteeluoghi.it\/#\/schema\/person\/f84e814e36e91e01448ee07eaadd41d4","name":"Staff","image":{"@type":"ImageObject","@id":"https:\/\/arteeluoghi.it\/#personlogo","inLanguage":"it-IT","url":"https:\/\/secure.gravatar.com\/avatar\/49d2f9e46271bb04e19cebfaf141313a?s=96&d=blank&r=g","contentUrl":"https:\/\/secure.gravatar.com\/avatar\/49d2f9e46271bb04e19cebfaf141313a?s=96&d=blank&r=g","caption":"Staff"}}]}},"_links":{"self":[{"href":"https:\/\/arteeluoghi.it\/index.php\/wp-json\/wp\/v2\/posts\/8389"}],"collection":[{"href":"https:\/\/arteeluoghi.it\/index.php\/wp-json\/wp\/v2\/posts"}],"about":[{"href":"https:\/\/arteeluoghi.it\/index.php\/wp-json\/wp\/v2\/types\/post"}],"author":[{"embeddable":true,"href":"https:\/\/arteeluoghi.it\/index.php\/wp-json\/wp\/v2\/users\/1"}],"replies":[{"embeddable":true,"href":"https:\/\/arteeluoghi.it\/index.php\/wp-json\/wp\/v2\/comments?post=8389"}],"version-history":[{"count":1,"href":"https:\/\/arteeluoghi.it\/index.php\/wp-json\/wp\/v2\/posts\/8389\/revisions"}],"predecessor-version":[{"id":8394,"href":"https:\/\/arteeluoghi.it\/index.php\/wp-json\/wp\/v2\/posts\/8389\/revisions\/8394"}],"wp:featuredmedia":[{"embeddable":true,"href":"https:\/\/arteeluoghi.it\/index.php\/wp-json\/wp\/v2\/media\/8390"}],"wp:attachment":[{"href":"https:\/\/arteeluoghi.it\/index.php\/wp-json\/wp\/v2\/media?parent=8389"}],"wp:term":[{"taxonomy":"category","embeddable":true,"href":"https:\/\/arteeluoghi.it\/index.php\/wp-json\/wp\/v2\/categories?post=8389"},{"taxonomy":"post_tag","embeddable":true,"href":"https:\/\/arteeluoghi.it\/index.php\/wp-json\/wp\/v2\/tags?post=8389"}],"curies":[{"name":"wp","href":"https:\/\/api.w.org\/{rel}","templated":true}]}}