{"id":841,"date":"2012-07-30T20:56:31","date_gmt":"2012-07-30T18:56:31","guid":{"rendered":"http:\/\/arteeluoghi.it\/index.php\/2012\/07\/30\/danser-ensemble-2012\/"},"modified":"2012-07-30T20:56:31","modified_gmt":"2012-07-30T18:56:31","slug":"danser-ensemble-2012","status":"publish","type":"post","link":"https:\/\/arteeluoghi.it\/index.php\/2012\/07\/30\/danser-ensemble-2012\/","title":{"rendered":"Danser Ensemble 2012"},"content":{"rendered":"<p><strong><img src=\"\/images\/stories\/danser ensemble 27.7.12.jpg\" border=\"0\" title=\"danser Ensemble, 27 luglio 2012, fotografia di Maurizio D'Anna\" width=\"450\" style=\"margin: 21px; float: left;\" \/><\/strong><\/p>\n<p>\u00a0<\/p>\n<p><strong>Danser Ensemble 2012:<br \/> cala il sipario con l\u2019assegnazione delle borse di studio<\/strong><\/p>\n<p style=\"text-align: left;\"><em>Alla salentina Elena Schito e alla comasca Carolina Marzorati, <br \/> i riconoscimenti che consentiranno alle giovani ballerine di continuare a perfezionarsi in Europa.<\/em><\/p>\n<p>\u00a0<\/p>\n<p>Il 27 luglio, sotto la direzione di Sofia Capestro, si \u00e9 conclusa, con lo spettacolo all\u2019Anfiteatro Romano, la sesta edizione di Danser Ensemble. Dopo una settimana di intenso lavoro presso le Officine Cantelmo di Lecce il bilancio \u00e8 pi\u00f9 che positivo: un evento che di anno in anno si rinnova, all\u2019insegna della scoperta di nuovi talenti.<\/p>\n<p> La \u201cPlateforme chor\u00e9graphique\u201d (il lavoro coreografico messo in scena all\u2019Anfiteatro Romano) \u00e9 diventato anche quest\u2019anno, infatti, un trampolino di lancio per giovani danzatori non ancora professionisti ai quali viene data la possibilit\u00e0 di continuare a studiare in Europa. Dopo Barbara Bevilacqua, leccese, e Eric Regoli, birindisino, premiati con stage all\u2019estero nel 2011, quest\u2019anno il riconoscimento \u00e8 toccato alla giovanissima Elena Schito di San Donato, seguita dalla coreografa e insegnante Veronica Frisotti, e a Carolina Marzorati, &#8220;sbarcata&#8221; da Como per lavorare con i grandi coreografi presenti a Danser Ensemble 2012.<\/p>\n<p>Elena Schito voler\u00e0 a Parigi per una settimana di studi con Emilio Calcagno e un&#8217;audizione al Conservatoire National Sup\u00e9rieur de Paris, Carolina Marzorati andr\u00e0 a Berlino per iniziare un seminario con Tamas Moricz sulla Forsythe Improvisional Technology.<\/p>\n<p>  <!--more-->  <\/p>\n<p>L\u2019edizione 2012 del \u201cGala International de Danse Contemporaine\u201d ha ospitato all\u2019Anfiteatro Romano il Balletto Regionale Pugliese di Maria Rosaria di Lecce, la giovane compagnia romana SineSpatio di Tartarelli e De Sandi, la virtuosa Atzewi Dance Company e la Plateforme Chor\u00e9graphique 2012 con coreografie di Emilio Calcagno dal Ballet Preljocaj e Tamas Moricz dalla Forsythe Company. Allo spettacolo hanno anche preso parte la Locomotive Percussion Afrobeat, la vocalist Elisabetta Guido e i chitarristi Giorgio Pierri e Mauro Campobasso.<\/p>\n<p>(fonte: comunicato stampa)<\/p>\n","protected":false},"excerpt":{"rendered":"<p>\u00a0 Danser Ensemble 2012: cala il sipario con l\u2019assegnazione delle borse di studio Alla salentina Elena Schito e alla comasca<\/p>\n","protected":false},"author":1,"featured_media":0,"comment_status":"open","ping_status":"open","sticky":false,"template":"","format":"standard","meta":[],"categories":[15],"tags":[],"yoast_head":"<!-- This site is optimized with the Yoast SEO plugin v18.0 - https:\/\/yoast.com\/wordpress\/plugins\/seo\/ -->\n<title>Danser Ensemble 2012 | Arte e Luoghi<\/title>\n<meta name=\"robots\" content=\"index, follow, max-snippet:-1, max-image-preview:large, max-video-preview:-1\" \/>\n<link rel=\"canonical\" href=\"https:\/\/arteeluoghi.it\/index.php\/2012\/07\/30\/danser-ensemble-2012\/\" \/>\n<meta property=\"og:locale\" content=\"it_IT\" \/>\n<meta property=\"og:type\" content=\"article\" \/>\n<meta property=\"og:title\" content=\"Danser Ensemble 2012 | Arte e Luoghi\" \/>\n<meta property=\"og:description\" content=\"\u00a0 Danser Ensemble 2012: cala il sipario con l\u2019assegnazione delle borse di studio Alla salentina Elena Schito e alla comasca\" \/>\n<meta property=\"og:url\" content=\"https:\/\/arteeluoghi.it\/index.php\/2012\/07\/30\/danser-ensemble-2012\/\" \/>\n<meta property=\"og:site_name\" content=\"Arte e Luoghi\" \/>\n<meta property=\"article:publisher\" content=\"https:\/\/www.facebook.com\/ArteELuoghi\/\" \/>\n<meta property=\"article:published_time\" content=\"2012-07-30T18:56:31+00:00\" \/>\n<meta property=\"og:image\" content=\"https:\/\/arteeluoghi.it\/images\/stories\/danser%20ensemble%2027.7.12.jpg\" \/>\n<meta name=\"twitter:card\" content=\"summary\" \/>\n<meta name=\"twitter:creator\" content=\"@arteeluoghi\" \/>\n<meta name=\"twitter:site\" content=\"@arteeluoghi\" \/>\n<meta name=\"twitter:label1\" content=\"Scritto da\" \/>\n\t<meta name=\"twitter:data1\" content=\"Staff\" \/>\n\t<meta name=\"twitter:label2\" content=\"Tempo di lettura stimato\" \/>\n\t<meta name=\"twitter:data2\" content=\"1 minuto\" \/>\n<script type=\"application\/ld+json\" class=\"yoast-schema-graph\">{\"@context\":\"https:\/\/schema.org\",\"@graph\":[{\"@type\":\"Organization\",\"@id\":\"https:\/\/arteeluoghi.it\/#organization\",\"name\":\"Arte e Luoghi\",\"url\":\"https:\/\/arteeluoghi.it\/\",\"sameAs\":[\"https:\/\/www.facebook.com\/ArteELuoghi\/\",\"https:\/\/www.instagram.com\/arteeluoghi\/?hl=it\",\"https:\/\/www.youtube.com\/channel\/UCuRVc4JW4-C5sg9rQB-srkw?view_as=subscriber\",\"https:\/\/twitter.com\/arteeluoghi\"],\"logo\":{\"@type\":\"ImageObject\",\"@id\":\"https:\/\/arteeluoghi.it\/#logo\",\"inLanguage\":\"it-IT\",\"url\":\"https:\/\/arteeluoghi.it\/wp-content\/uploads\/2018\/08\/logoinstagramarte.jpg\",\"contentUrl\":\"https:\/\/arteeluoghi.it\/wp-content\/uploads\/2018\/08\/logoinstagramarte.jpg\",\"width\":150,\"height\":150,\"caption\":\"Arte e Luoghi\"},\"image\":{\"@id\":\"https:\/\/arteeluoghi.it\/#logo\"}},{\"@type\":\"WebSite\",\"@id\":\"https:\/\/arteeluoghi.it\/#website\",\"url\":\"https:\/\/arteeluoghi.it\/\",\"name\":\"Arte e Luoghi\",\"description\":\"Mensile di arte, cultura, turismo e curiosit\u00e0\",\"publisher\":{\"@id\":\"https:\/\/arteeluoghi.it\/#organization\"},\"potentialAction\":[{\"@type\":\"SearchAction\",\"target\":{\"@type\":\"EntryPoint\",\"urlTemplate\":\"https:\/\/arteeluoghi.it\/?s={search_term_string}\"},\"query-input\":\"required name=search_term_string\"}],\"inLanguage\":\"it-IT\"},{\"@type\":\"ImageObject\",\"@id\":\"https:\/\/arteeluoghi.it\/index.php\/2012\/07\/30\/danser-ensemble-2012\/#primaryimage\",\"inLanguage\":\"it-IT\",\"url\":\"\/images\/stories\/danser ensemble 27.7.12.jpg\",\"contentUrl\":\"\/images\/stories\/danser ensemble 27.7.12.jpg\"},{\"@type\":\"WebPage\",\"@id\":\"https:\/\/arteeluoghi.it\/index.php\/2012\/07\/30\/danser-ensemble-2012\/#webpage\",\"url\":\"https:\/\/arteeluoghi.it\/index.php\/2012\/07\/30\/danser-ensemble-2012\/\",\"name\":\"Danser Ensemble 2012 | Arte e Luoghi\",\"isPartOf\":{\"@id\":\"https:\/\/arteeluoghi.it\/#website\"},\"primaryImageOfPage\":{\"@id\":\"https:\/\/arteeluoghi.it\/index.php\/2012\/07\/30\/danser-ensemble-2012\/#primaryimage\"},\"datePublished\":\"2012-07-30T18:56:31+00:00\",\"dateModified\":\"2012-07-30T18:56:31+00:00\",\"breadcrumb\":{\"@id\":\"https:\/\/arteeluoghi.it\/index.php\/2012\/07\/30\/danser-ensemble-2012\/#breadcrumb\"},\"inLanguage\":\"it-IT\",\"potentialAction\":[{\"@type\":\"ReadAction\",\"target\":[\"https:\/\/arteeluoghi.it\/index.php\/2012\/07\/30\/danser-ensemble-2012\/\"]}]},{\"@type\":\"BreadcrumbList\",\"@id\":\"https:\/\/arteeluoghi.it\/index.php\/2012\/07\/30\/danser-ensemble-2012\/#breadcrumb\",\"itemListElement\":[{\"@type\":\"ListItem\",\"position\":1,\"name\":\"Home\",\"item\":\"https:\/\/arteeluoghi.it\/\"},{\"@type\":\"ListItem\",\"position\":2,\"name\":\"Danser Ensemble 2012\"}]},{\"@type\":\"Article\",\"@id\":\"https:\/\/arteeluoghi.it\/index.php\/2012\/07\/30\/danser-ensemble-2012\/#article\",\"isPartOf\":{\"@id\":\"https:\/\/arteeluoghi.it\/index.php\/2012\/07\/30\/danser-ensemble-2012\/#webpage\"},\"author\":{\"@id\":\"https:\/\/arteeluoghi.it\/#\/schema\/person\/f84e814e36e91e01448ee07eaadd41d4\"},\"headline\":\"Danser Ensemble 2012\",\"datePublished\":\"2012-07-30T18:56:31+00:00\",\"dateModified\":\"2012-07-30T18:56:31+00:00\",\"mainEntityOfPage\":{\"@id\":\"https:\/\/arteeluoghi.it\/index.php\/2012\/07\/30\/danser-ensemble-2012\/#webpage\"},\"wordCount\":300,\"commentCount\":0,\"publisher\":{\"@id\":\"https:\/\/arteeluoghi.it\/#organization\"},\"image\":{\"@id\":\"https:\/\/arteeluoghi.it\/index.php\/2012\/07\/30\/danser-ensemble-2012\/#primaryimage\"},\"thumbnailUrl\":\"\/images\/stories\/danser ensemble 27.7.12.jpg\",\"articleSection\":[\"danza\"],\"inLanguage\":\"it-IT\",\"potentialAction\":[{\"@type\":\"CommentAction\",\"name\":\"Comment\",\"target\":[\"https:\/\/arteeluoghi.it\/index.php\/2012\/07\/30\/danser-ensemble-2012\/#respond\"]}]},{\"@type\":\"Person\",\"@id\":\"https:\/\/arteeluoghi.it\/#\/schema\/person\/f84e814e36e91e01448ee07eaadd41d4\",\"name\":\"Staff\",\"image\":{\"@type\":\"ImageObject\",\"@id\":\"https:\/\/arteeluoghi.it\/#personlogo\",\"inLanguage\":\"it-IT\",\"url\":\"https:\/\/secure.gravatar.com\/avatar\/49d2f9e46271bb04e19cebfaf141313a?s=96&d=blank&r=g\",\"contentUrl\":\"https:\/\/secure.gravatar.com\/avatar\/49d2f9e46271bb04e19cebfaf141313a?s=96&d=blank&r=g\",\"caption\":\"Staff\"}}]}<\/script>\n<!-- \/ Yoast SEO plugin. -->","yoast_head_json":{"title":"Danser Ensemble 2012 | Arte e Luoghi","robots":{"index":"index","follow":"follow","max-snippet":"max-snippet:-1","max-image-preview":"max-image-preview:large","max-video-preview":"max-video-preview:-1"},"canonical":"https:\/\/arteeluoghi.it\/index.php\/2012\/07\/30\/danser-ensemble-2012\/","og_locale":"it_IT","og_type":"article","og_title":"Danser Ensemble 2012 | Arte e Luoghi","og_description":"\u00a0 Danser Ensemble 2012: cala il sipario con l\u2019assegnazione delle borse di studio Alla salentina Elena Schito e alla comasca","og_url":"https:\/\/arteeluoghi.it\/index.php\/2012\/07\/30\/danser-ensemble-2012\/","og_site_name":"Arte e Luoghi","article_publisher":"https:\/\/www.facebook.com\/ArteELuoghi\/","article_published_time":"2012-07-30T18:56:31+00:00","og_image":[{"url":"https:\/\/arteeluoghi.it\/images\/stories\/danser ensemble 27.7.12.jpg"}],"twitter_card":"summary","twitter_creator":"@arteeluoghi","twitter_site":"@arteeluoghi","twitter_misc":{"Scritto da":"Staff","Tempo di lettura stimato":"1 minuto"},"schema":{"@context":"https:\/\/schema.org","@graph":[{"@type":"Organization","@id":"https:\/\/arteeluoghi.it\/#organization","name":"Arte e Luoghi","url":"https:\/\/arteeluoghi.it\/","sameAs":["https:\/\/www.facebook.com\/ArteELuoghi\/","https:\/\/www.instagram.com\/arteeluoghi\/?hl=it","https:\/\/www.youtube.com\/channel\/UCuRVc4JW4-C5sg9rQB-srkw?view_as=subscriber","https:\/\/twitter.com\/arteeluoghi"],"logo":{"@type":"ImageObject","@id":"https:\/\/arteeluoghi.it\/#logo","inLanguage":"it-IT","url":"https:\/\/arteeluoghi.it\/wp-content\/uploads\/2018\/08\/logoinstagramarte.jpg","contentUrl":"https:\/\/arteeluoghi.it\/wp-content\/uploads\/2018\/08\/logoinstagramarte.jpg","width":150,"height":150,"caption":"Arte e Luoghi"},"image":{"@id":"https:\/\/arteeluoghi.it\/#logo"}},{"@type":"WebSite","@id":"https:\/\/arteeluoghi.it\/#website","url":"https:\/\/arteeluoghi.it\/","name":"Arte e Luoghi","description":"Mensile di arte, cultura, turismo e curiosit\u00e0","publisher":{"@id":"https:\/\/arteeluoghi.it\/#organization"},"potentialAction":[{"@type":"SearchAction","target":{"@type":"EntryPoint","urlTemplate":"https:\/\/arteeluoghi.it\/?s={search_term_string}"},"query-input":"required name=search_term_string"}],"inLanguage":"it-IT"},{"@type":"ImageObject","@id":"https:\/\/arteeluoghi.it\/index.php\/2012\/07\/30\/danser-ensemble-2012\/#primaryimage","inLanguage":"it-IT","url":"\/images\/stories\/danser ensemble 27.7.12.jpg","contentUrl":"\/images\/stories\/danser ensemble 27.7.12.jpg"},{"@type":"WebPage","@id":"https:\/\/arteeluoghi.it\/index.php\/2012\/07\/30\/danser-ensemble-2012\/#webpage","url":"https:\/\/arteeluoghi.it\/index.php\/2012\/07\/30\/danser-ensemble-2012\/","name":"Danser Ensemble 2012 | Arte e Luoghi","isPartOf":{"@id":"https:\/\/arteeluoghi.it\/#website"},"primaryImageOfPage":{"@id":"https:\/\/arteeluoghi.it\/index.php\/2012\/07\/30\/danser-ensemble-2012\/#primaryimage"},"datePublished":"2012-07-30T18:56:31+00:00","dateModified":"2012-07-30T18:56:31+00:00","breadcrumb":{"@id":"https:\/\/arteeluoghi.it\/index.php\/2012\/07\/30\/danser-ensemble-2012\/#breadcrumb"},"inLanguage":"it-IT","potentialAction":[{"@type":"ReadAction","target":["https:\/\/arteeluoghi.it\/index.php\/2012\/07\/30\/danser-ensemble-2012\/"]}]},{"@type":"BreadcrumbList","@id":"https:\/\/arteeluoghi.it\/index.php\/2012\/07\/30\/danser-ensemble-2012\/#breadcrumb","itemListElement":[{"@type":"ListItem","position":1,"name":"Home","item":"https:\/\/arteeluoghi.it\/"},{"@type":"ListItem","position":2,"name":"Danser Ensemble 2012"}]},{"@type":"Article","@id":"https:\/\/arteeluoghi.it\/index.php\/2012\/07\/30\/danser-ensemble-2012\/#article","isPartOf":{"@id":"https:\/\/arteeluoghi.it\/index.php\/2012\/07\/30\/danser-ensemble-2012\/#webpage"},"author":{"@id":"https:\/\/arteeluoghi.it\/#\/schema\/person\/f84e814e36e91e01448ee07eaadd41d4"},"headline":"Danser Ensemble 2012","datePublished":"2012-07-30T18:56:31+00:00","dateModified":"2012-07-30T18:56:31+00:00","mainEntityOfPage":{"@id":"https:\/\/arteeluoghi.it\/index.php\/2012\/07\/30\/danser-ensemble-2012\/#webpage"},"wordCount":300,"commentCount":0,"publisher":{"@id":"https:\/\/arteeluoghi.it\/#organization"},"image":{"@id":"https:\/\/arteeluoghi.it\/index.php\/2012\/07\/30\/danser-ensemble-2012\/#primaryimage"},"thumbnailUrl":"\/images\/stories\/danser ensemble 27.7.12.jpg","articleSection":["danza"],"inLanguage":"it-IT","potentialAction":[{"@type":"CommentAction","name":"Comment","target":["https:\/\/arteeluoghi.it\/index.php\/2012\/07\/30\/danser-ensemble-2012\/#respond"]}]},{"@type":"Person","@id":"https:\/\/arteeluoghi.it\/#\/schema\/person\/f84e814e36e91e01448ee07eaadd41d4","name":"Staff","image":{"@type":"ImageObject","@id":"https:\/\/arteeluoghi.it\/#personlogo","inLanguage":"it-IT","url":"https:\/\/secure.gravatar.com\/avatar\/49d2f9e46271bb04e19cebfaf141313a?s=96&d=blank&r=g","contentUrl":"https:\/\/secure.gravatar.com\/avatar\/49d2f9e46271bb04e19cebfaf141313a?s=96&d=blank&r=g","caption":"Staff"}}]}},"_links":{"self":[{"href":"https:\/\/arteeluoghi.it\/index.php\/wp-json\/wp\/v2\/posts\/841"}],"collection":[{"href":"https:\/\/arteeluoghi.it\/index.php\/wp-json\/wp\/v2\/posts"}],"about":[{"href":"https:\/\/arteeluoghi.it\/index.php\/wp-json\/wp\/v2\/types\/post"}],"author":[{"embeddable":true,"href":"https:\/\/arteeluoghi.it\/index.php\/wp-json\/wp\/v2\/users\/1"}],"replies":[{"embeddable":true,"href":"https:\/\/arteeluoghi.it\/index.php\/wp-json\/wp\/v2\/comments?post=841"}],"version-history":[{"count":0,"href":"https:\/\/arteeluoghi.it\/index.php\/wp-json\/wp\/v2\/posts\/841\/revisions"}],"wp:attachment":[{"href":"https:\/\/arteeluoghi.it\/index.php\/wp-json\/wp\/v2\/media?parent=841"}],"wp:term":[{"taxonomy":"category","embeddable":true,"href":"https:\/\/arteeluoghi.it\/index.php\/wp-json\/wp\/v2\/categories?post=841"},{"taxonomy":"post_tag","embeddable":true,"href":"https:\/\/arteeluoghi.it\/index.php\/wp-json\/wp\/v2\/tags?post=841"}],"curies":[{"name":"wp","href":"https:\/\/api.w.org\/{rel}","templated":true}]}}