{"id":8415,"date":"2020-06-01T21:26:08","date_gmt":"2020-06-01T19:26:08","guid":{"rendered":"https:\/\/arteeluoghi.it\/?p=8415"},"modified":"2020-06-20T21:30:43","modified_gmt":"2020-06-20T19:30:43","slug":"tecnica-e-virus-ai-tempi-del-coronavirus","status":"publish","type":"post","link":"https:\/\/arteeluoghi.it\/index.php\/2020\/06\/01\/tecnica-e-virus-ai-tempi-del-coronavirus\/","title":{"rendered":"Tecnica e Virus. Ai tempi del Coronavirus"},"content":{"rendered":"\n<blockquote class=\"wp-block-quote\"><p>L\u2019importanza delle parole<br> Le riflessioni dello psicologo psicoterapeuta  <\/p><cite>Giovanni Bruno<\/cite><\/blockquote>\n\n\n\n<p>Vorrei introdurre preliminarmente una distinzione, forse molto importante ,tra i due termini argomento di<br> questo articolo: tecnica e tecnologia. La prima \u00e8 proprio quel complesso di norme che regolano un esercizio<br> pratico o intellettuale, la seconda rappresenta l\u2019utilizzo, l\u2019uso di quelle norme finalizzate a inventare cose utili che possano soddisfare bisogni o risolvere problemi.<\/p>\n\n\n\n<!--more-->\n\n\n\n<p><br> L\u2019uomo fin dalle origini si \u00e8 dovuto confrontare con un ambiente, con la natura, con un creato spesso ostile difficilmente addomesticabile. E proprio per dominare la potenza infinita di una natura indifferente e matrigna ha dovuto far ricorso alla tecnica e di conseguenza alle varie tecnologie. Possiamo dunque dire che l\u2019uomo   per esistere, per stare al mondo deve essere tecnico, perch\u00e9 ne va della sua     stessa sopravvivenza, del suo arco vitale.<br> La questione della Tecnica \u00e8 la questione    del pensiero occidentale, gi\u00e0 tutto il mondo antico si \u00e8 interrogato su questo tema, Sofocle per esempio nell\u2019Antigone riflette come l\u2019uomo per stare al mondo deve ricorrere alla t\u00e8chne, al dominio tecnico sulla natura, egli \u00e8 obbligato ad adattare il mondo a se stesso. Ma l\u2019uomo attraverso la tecnica ha cos\u00ec nelle sue mani una potenza infinita, smisurata e proprio in questa potenza infinita si annida la possibilit\u00e0 della dismisura, di sconfinare, cio\u00e8 andare oltre i propri confini, oltre i propri limiti. Dunque gi\u00e0 i Greci, che hanno scritto l\u2019alfabeto della nostra cultura, nel IV secolo a.C. si sono posto l\u2019enorme problema della tecnica e quindi delle tecnologie che noi tutti usiamo.<br> Ne discende dunque un grande interrogativo: la tecnica \u00e8 il nostro strumento o  siamo piuttosto diventati strumento di quello che noi stessi abbiamo inventato? Questo \u00e8 il tema con il quale il genere umano si confronta e del quale continuer\u00e0 a dibattere nei prossimi anni.<br> Intanto per\u00f2 la Natura  si \u00e8 ripreso il primato. Nel modo tragico che conosciamo oggi. Questi giorni cos\u00ec calamitosi sono intrisi di sofferenza, dove il virus ( peste ) sta esercitando tutto il suo potere che \u00e8  fatto di presenza e al tempo stesso di assenza. Con una potenza di suggestione impressionante in quanto noi gente comune non lo conosciamo, ma non lo conoscono   gli scienziati, i virologi, i ricercatori che non <br> riescono a decodificarlo e a capirne le varie sindromi che determina. Il virus \u00e8 ubiquitario, non ha un suo locus, non lo vediamo ma   sappiamo che c\u2019\u00e8 e tutto questo ci fa vivere nella paura, in una sospensione tragica e minacciosa .<br> La comunit\u00e0 scientifica proprio non conoscendo il virus va avanti per ipotesi. Una delle pi\u00f9 accreditate \u00e8 quella secondo la quale il virus sarebbe stato trasmesso dall\u2019animale all\u2019uomo.<br> Un libro di David Quammen, Spillover, edito da Adelphi, tratteggia questo passaggio.<br> Cos\u00ec Quammen : \u00abSpillover \u00e8 il termine che indica quel momento in cui il virus passa dal suo ospite non umano (un animale forse un pipistrello) al primo ospite umano. Questo \u00e8 lo spillover. Il primo ospite umano \u00e8 il paziente zero\u00bb.<br> Tutto ci\u00f2 accade in quanto noi esseri umani interferiamo, colonizziamo diversi ecosistemi alterando profondamente ogni equilibrio naturale e scatenando nuovi virus, parassiti obbligati, prima sconosciuti all\u2019uomo che adesso devono trovare nuove cellule da infettare, nuovi ospiti da aggredire.<br> A questo punto del ragionamento torniamo agli antichi Greci e al sentimento della giusta misura che connotava la loro cultura. Lo sconfinamento, l\u2019andare oltre il limite che pure la tecnica ci permette di fare forse \u00e8 pericoloso e comunque deleterio e costoso.<br> Dalla pandemia dobbiamo imparare che le nostre modalit\u00e0 di stare al mondo possono avere delle conseguenze molto negative     e in questo senso il genere umano si rende responsabile dei disastri che determina. E tuttavia la tecnologia che sempre viene in soccorso dell\u2019uomo nel caso del virus sembra perdente o sconfitta. Stiamo imparando che la Natura \u00e8 pi\u00f9 forte della tecnica, la tecnica si sta rivelando pi\u00f9 elementare e rozza. Il vaccino o la cura definitiva tardano ad arrivare, anzi di pi\u00f9 le soluzioni parziali sembrano rafforzare il problema.<br> Stiamo forse imparando a considerare la variabile \u201cTempo\u201d. Serve tempo per guarire dalla malattia, tempo agli scienziati per studiare e ricercare, tempo al Sistema sanitario nazionale ad organizzarsi, tempo per progettare un futuro prossimo. Tutto questo \u00e8 difficile da accettare, per noi che viviamo nel mito della velocizzazione, del click della tastiera, virtuale che ci fornisce subito la risposta il risultato.<br> E tuttavia adattiamoci ad accettare con consapevolezza il tempo di un viaggio che non abbiamo scelto di fare ma che deve condurci a una meta di salvezza e di rinascita.<br> \u00e8 il caso di concludere con una verso di Albert Camus : \u00ab\u2026 nel bel mezzo dell\u2019inverno ho infine imparato che vi \u00e8 in me un\u2019invincibile estate\u00bb.<\/p>\n","protected":false},"excerpt":{"rendered":"<p>L\u2019importanza delle parole Le riflessioni dello psicologo psicoterapeuta Giovanni Bruno Vorrei introdurre preliminarmente una distinzione, forse molto importante ,tra i<\/p>\n","protected":false},"author":1,"featured_media":8362,"comment_status":"open","ping_status":"open","sticky":true,"template":"","format":"standard","meta":[],"categories":[52],"tags":[2024,2355,2253],"yoast_head":"<!-- This site is optimized with the Yoast SEO plugin v18.0 - https:\/\/yoast.com\/wordpress\/plugins\/seo\/ -->\n<title>Tecnica e Virus. Ai tempi del Coronavirus | Arte e Luoghi<\/title>\n<meta name=\"description\" content=\"L\u2019importanza delle parole. La tecnica \u00e8 il nostro strumento o siamo piuttosto diventati strumento di quello che noi stessi abbiamo inventato?\" \/>\n<meta name=\"robots\" content=\"index, follow, max-snippet:-1, max-image-preview:large, max-video-preview:-1\" \/>\n<link rel=\"canonical\" href=\"https:\/\/arteeluoghi.it\/index.php\/2020\/06\/01\/tecnica-e-virus-ai-tempi-del-coronavirus\/\" \/>\n<meta property=\"og:locale\" content=\"it_IT\" \/>\n<meta property=\"og:type\" content=\"article\" \/>\n<meta property=\"og:title\" content=\"Tecnica e Virus. Ai tempi del Coronavirus | Arte e Luoghi\" \/>\n<meta property=\"og:description\" content=\"L\u2019importanza delle parole. La tecnica \u00e8 il nostro strumento o siamo piuttosto diventati strumento di quello che noi stessi abbiamo inventato?\" \/>\n<meta property=\"og:url\" content=\"https:\/\/arteeluoghi.it\/index.php\/2020\/06\/01\/tecnica-e-virus-ai-tempi-del-coronavirus\/\" \/>\n<meta property=\"og:site_name\" content=\"Arte e Luoghi\" \/>\n<meta property=\"article:publisher\" content=\"https:\/\/www.facebook.com\/ArteELuoghi\/\" \/>\n<meta property=\"article:published_time\" content=\"2020-06-01T19:26:08+00:00\" \/>\n<meta property=\"article:modified_time\" content=\"2020-06-20T19:30:43+00:00\" \/>\n<meta property=\"og:image\" content=\"https:\/\/arteeluoghi.it\/wp-content\/uploads\/2020\/06\/coronavirus-4817450_1920.jpg\" \/>\n\t<meta property=\"og:image:width\" content=\"1920\" \/>\n\t<meta property=\"og:image:height\" content=\"649\" \/>\n\t<meta property=\"og:image:type\" content=\"image\/jpeg\" \/>\n<meta name=\"twitter:card\" content=\"summary\" \/>\n<meta name=\"twitter:creator\" content=\"@arteeluoghi\" \/>\n<meta name=\"twitter:site\" content=\"@arteeluoghi\" \/>\n<meta name=\"twitter:label1\" content=\"Scritto da\" \/>\n\t<meta name=\"twitter:data1\" content=\"Staff\" \/>\n\t<meta name=\"twitter:label2\" content=\"Tempo di lettura stimato\" \/>\n\t<meta name=\"twitter:data2\" content=\"4 minuti\" \/>\n<script type=\"application\/ld+json\" class=\"yoast-schema-graph\">{\"@context\":\"https:\/\/schema.org\",\"@graph\":[{\"@type\":\"Organization\",\"@id\":\"https:\/\/arteeluoghi.it\/#organization\",\"name\":\"Arte e Luoghi\",\"url\":\"https:\/\/arteeluoghi.it\/\",\"sameAs\":[\"https:\/\/www.facebook.com\/ArteELuoghi\/\",\"https:\/\/www.instagram.com\/arteeluoghi\/?hl=it\",\"https:\/\/www.youtube.com\/channel\/UCuRVc4JW4-C5sg9rQB-srkw?view_as=subscriber\",\"https:\/\/twitter.com\/arteeluoghi\"],\"logo\":{\"@type\":\"ImageObject\",\"@id\":\"https:\/\/arteeluoghi.it\/#logo\",\"inLanguage\":\"it-IT\",\"url\":\"https:\/\/arteeluoghi.it\/wp-content\/uploads\/2018\/08\/logoinstagramarte.jpg\",\"contentUrl\":\"https:\/\/arteeluoghi.it\/wp-content\/uploads\/2018\/08\/logoinstagramarte.jpg\",\"width\":150,\"height\":150,\"caption\":\"Arte e Luoghi\"},\"image\":{\"@id\":\"https:\/\/arteeluoghi.it\/#logo\"}},{\"@type\":\"WebSite\",\"@id\":\"https:\/\/arteeluoghi.it\/#website\",\"url\":\"https:\/\/arteeluoghi.it\/\",\"name\":\"Arte e Luoghi\",\"description\":\"Mensile di arte, cultura, turismo e curiosit\u00e0\",\"publisher\":{\"@id\":\"https:\/\/arteeluoghi.it\/#organization\"},\"potentialAction\":[{\"@type\":\"SearchAction\",\"target\":{\"@type\":\"EntryPoint\",\"urlTemplate\":\"https:\/\/arteeluoghi.it\/?s={search_term_string}\"},\"query-input\":\"required name=search_term_string\"}],\"inLanguage\":\"it-IT\"},{\"@type\":\"ImageObject\",\"@id\":\"https:\/\/arteeluoghi.it\/index.php\/2020\/06\/01\/tecnica-e-virus-ai-tempi-del-coronavirus\/#primaryimage\",\"inLanguage\":\"it-IT\",\"url\":\"https:\/\/arteeluoghi.it\/wp-content\/uploads\/2020\/06\/coronavirus-4817450_1920.jpg\",\"contentUrl\":\"https:\/\/arteeluoghi.it\/wp-content\/uploads\/2020\/06\/coronavirus-4817450_1920.jpg\",\"width\":1920,\"height\":649},{\"@type\":\"WebPage\",\"@id\":\"https:\/\/arteeluoghi.it\/index.php\/2020\/06\/01\/tecnica-e-virus-ai-tempi-del-coronavirus\/#webpage\",\"url\":\"https:\/\/arteeluoghi.it\/index.php\/2020\/06\/01\/tecnica-e-virus-ai-tempi-del-coronavirus\/\",\"name\":\"Tecnica e Virus. Ai tempi del Coronavirus | Arte e Luoghi\",\"isPartOf\":{\"@id\":\"https:\/\/arteeluoghi.it\/#website\"},\"primaryImageOfPage\":{\"@id\":\"https:\/\/arteeluoghi.it\/index.php\/2020\/06\/01\/tecnica-e-virus-ai-tempi-del-coronavirus\/#primaryimage\"},\"datePublished\":\"2020-06-01T19:26:08+00:00\",\"dateModified\":\"2020-06-20T19:30:43+00:00\",\"description\":\"L\u2019importanza delle parole. La tecnica \u00e8 il nostro strumento o siamo piuttosto diventati strumento di quello che noi stessi abbiamo inventato?\",\"breadcrumb\":{\"@id\":\"https:\/\/arteeluoghi.it\/index.php\/2020\/06\/01\/tecnica-e-virus-ai-tempi-del-coronavirus\/#breadcrumb\"},\"inLanguage\":\"it-IT\",\"potentialAction\":[{\"@type\":\"ReadAction\",\"target\":[\"https:\/\/arteeluoghi.it\/index.php\/2020\/06\/01\/tecnica-e-virus-ai-tempi-del-coronavirus\/\"]}]},{\"@type\":\"BreadcrumbList\",\"@id\":\"https:\/\/arteeluoghi.it\/index.php\/2020\/06\/01\/tecnica-e-virus-ai-tempi-del-coronavirus\/#breadcrumb\",\"itemListElement\":[{\"@type\":\"ListItem\",\"position\":1,\"name\":\"Home\",\"item\":\"https:\/\/arteeluoghi.it\/\"},{\"@type\":\"ListItem\",\"position\":2,\"name\":\"Tecnica e Virus. Ai tempi del Coronavirus\"}]},{\"@type\":\"Article\",\"@id\":\"https:\/\/arteeluoghi.it\/index.php\/2020\/06\/01\/tecnica-e-virus-ai-tempi-del-coronavirus\/#article\",\"isPartOf\":{\"@id\":\"https:\/\/arteeluoghi.it\/index.php\/2020\/06\/01\/tecnica-e-virus-ai-tempi-del-coronavirus\/#webpage\"},\"author\":{\"@id\":\"https:\/\/arteeluoghi.it\/#\/schema\/person\/f84e814e36e91e01448ee07eaadd41d4\"},\"headline\":\"Tecnica e Virus. Ai tempi del Coronavirus\",\"datePublished\":\"2020-06-01T19:26:08+00:00\",\"dateModified\":\"2020-06-20T19:30:43+00:00\",\"mainEntityOfPage\":{\"@id\":\"https:\/\/arteeluoghi.it\/index.php\/2020\/06\/01\/tecnica-e-virus-ai-tempi-del-coronavirus\/#webpage\"},\"wordCount\":782,\"commentCount\":0,\"publisher\":{\"@id\":\"https:\/\/arteeluoghi.it\/#organization\"},\"image\":{\"@id\":\"https:\/\/arteeluoghi.it\/index.php\/2020\/06\/01\/tecnica-e-virus-ai-tempi-del-coronavirus\/#primaryimage\"},\"thumbnailUrl\":\"https:\/\/arteeluoghi.it\/wp-content\/uploads\/2020\/06\/coronavirus-4817450_1920.jpg\",\"keywords\":[\"coronavirus\",\"tecnica\",\"virus\"],\"articleSection\":[\"I luoghi della parola\"],\"inLanguage\":\"it-IT\",\"potentialAction\":[{\"@type\":\"CommentAction\",\"name\":\"Comment\",\"target\":[\"https:\/\/arteeluoghi.it\/index.php\/2020\/06\/01\/tecnica-e-virus-ai-tempi-del-coronavirus\/#respond\"]}]},{\"@type\":\"Person\",\"@id\":\"https:\/\/arteeluoghi.it\/#\/schema\/person\/f84e814e36e91e01448ee07eaadd41d4\",\"name\":\"Staff\",\"image\":{\"@type\":\"ImageObject\",\"@id\":\"https:\/\/arteeluoghi.it\/#personlogo\",\"inLanguage\":\"it-IT\",\"url\":\"https:\/\/secure.gravatar.com\/avatar\/49d2f9e46271bb04e19cebfaf141313a?s=96&d=blank&r=g\",\"contentUrl\":\"https:\/\/secure.gravatar.com\/avatar\/49d2f9e46271bb04e19cebfaf141313a?s=96&d=blank&r=g\",\"caption\":\"Staff\"}}]}<\/script>\n<!-- \/ Yoast SEO plugin. -->","yoast_head_json":{"title":"Tecnica e Virus. Ai tempi del Coronavirus | Arte e Luoghi","description":"L\u2019importanza delle parole. La tecnica \u00e8 il nostro strumento o siamo piuttosto diventati strumento di quello che noi stessi abbiamo inventato?","robots":{"index":"index","follow":"follow","max-snippet":"max-snippet:-1","max-image-preview":"max-image-preview:large","max-video-preview":"max-video-preview:-1"},"canonical":"https:\/\/arteeluoghi.it\/index.php\/2020\/06\/01\/tecnica-e-virus-ai-tempi-del-coronavirus\/","og_locale":"it_IT","og_type":"article","og_title":"Tecnica e Virus. Ai tempi del Coronavirus | Arte e Luoghi","og_description":"L\u2019importanza delle parole. La tecnica \u00e8 il nostro strumento o siamo piuttosto diventati strumento di quello che noi stessi abbiamo inventato?","og_url":"https:\/\/arteeluoghi.it\/index.php\/2020\/06\/01\/tecnica-e-virus-ai-tempi-del-coronavirus\/","og_site_name":"Arte e Luoghi","article_publisher":"https:\/\/www.facebook.com\/ArteELuoghi\/","article_published_time":"2020-06-01T19:26:08+00:00","article_modified_time":"2020-06-20T19:30:43+00:00","og_image":[{"width":1920,"height":649,"url":"https:\/\/arteeluoghi.it\/wp-content\/uploads\/2020\/06\/coronavirus-4817450_1920.jpg","type":"image\/jpeg"}],"twitter_card":"summary","twitter_creator":"@arteeluoghi","twitter_site":"@arteeluoghi","twitter_misc":{"Scritto da":"Staff","Tempo di lettura stimato":"4 minuti"},"schema":{"@context":"https:\/\/schema.org","@graph":[{"@type":"Organization","@id":"https:\/\/arteeluoghi.it\/#organization","name":"Arte e Luoghi","url":"https:\/\/arteeluoghi.it\/","sameAs":["https:\/\/www.facebook.com\/ArteELuoghi\/","https:\/\/www.instagram.com\/arteeluoghi\/?hl=it","https:\/\/www.youtube.com\/channel\/UCuRVc4JW4-C5sg9rQB-srkw?view_as=subscriber","https:\/\/twitter.com\/arteeluoghi"],"logo":{"@type":"ImageObject","@id":"https:\/\/arteeluoghi.it\/#logo","inLanguage":"it-IT","url":"https:\/\/arteeluoghi.it\/wp-content\/uploads\/2018\/08\/logoinstagramarte.jpg","contentUrl":"https:\/\/arteeluoghi.it\/wp-content\/uploads\/2018\/08\/logoinstagramarte.jpg","width":150,"height":150,"caption":"Arte e Luoghi"},"image":{"@id":"https:\/\/arteeluoghi.it\/#logo"}},{"@type":"WebSite","@id":"https:\/\/arteeluoghi.it\/#website","url":"https:\/\/arteeluoghi.it\/","name":"Arte e Luoghi","description":"Mensile di arte, cultura, turismo e curiosit\u00e0","publisher":{"@id":"https:\/\/arteeluoghi.it\/#organization"},"potentialAction":[{"@type":"SearchAction","target":{"@type":"EntryPoint","urlTemplate":"https:\/\/arteeluoghi.it\/?s={search_term_string}"},"query-input":"required name=search_term_string"}],"inLanguage":"it-IT"},{"@type":"ImageObject","@id":"https:\/\/arteeluoghi.it\/index.php\/2020\/06\/01\/tecnica-e-virus-ai-tempi-del-coronavirus\/#primaryimage","inLanguage":"it-IT","url":"https:\/\/arteeluoghi.it\/wp-content\/uploads\/2020\/06\/coronavirus-4817450_1920.jpg","contentUrl":"https:\/\/arteeluoghi.it\/wp-content\/uploads\/2020\/06\/coronavirus-4817450_1920.jpg","width":1920,"height":649},{"@type":"WebPage","@id":"https:\/\/arteeluoghi.it\/index.php\/2020\/06\/01\/tecnica-e-virus-ai-tempi-del-coronavirus\/#webpage","url":"https:\/\/arteeluoghi.it\/index.php\/2020\/06\/01\/tecnica-e-virus-ai-tempi-del-coronavirus\/","name":"Tecnica e Virus. Ai tempi del Coronavirus | Arte e Luoghi","isPartOf":{"@id":"https:\/\/arteeluoghi.it\/#website"},"primaryImageOfPage":{"@id":"https:\/\/arteeluoghi.it\/index.php\/2020\/06\/01\/tecnica-e-virus-ai-tempi-del-coronavirus\/#primaryimage"},"datePublished":"2020-06-01T19:26:08+00:00","dateModified":"2020-06-20T19:30:43+00:00","description":"L\u2019importanza delle parole. La tecnica \u00e8 il nostro strumento o siamo piuttosto diventati strumento di quello che noi stessi abbiamo inventato?","breadcrumb":{"@id":"https:\/\/arteeluoghi.it\/index.php\/2020\/06\/01\/tecnica-e-virus-ai-tempi-del-coronavirus\/#breadcrumb"},"inLanguage":"it-IT","potentialAction":[{"@type":"ReadAction","target":["https:\/\/arteeluoghi.it\/index.php\/2020\/06\/01\/tecnica-e-virus-ai-tempi-del-coronavirus\/"]}]},{"@type":"BreadcrumbList","@id":"https:\/\/arteeluoghi.it\/index.php\/2020\/06\/01\/tecnica-e-virus-ai-tempi-del-coronavirus\/#breadcrumb","itemListElement":[{"@type":"ListItem","position":1,"name":"Home","item":"https:\/\/arteeluoghi.it\/"},{"@type":"ListItem","position":2,"name":"Tecnica e Virus. Ai tempi del Coronavirus"}]},{"@type":"Article","@id":"https:\/\/arteeluoghi.it\/index.php\/2020\/06\/01\/tecnica-e-virus-ai-tempi-del-coronavirus\/#article","isPartOf":{"@id":"https:\/\/arteeluoghi.it\/index.php\/2020\/06\/01\/tecnica-e-virus-ai-tempi-del-coronavirus\/#webpage"},"author":{"@id":"https:\/\/arteeluoghi.it\/#\/schema\/person\/f84e814e36e91e01448ee07eaadd41d4"},"headline":"Tecnica e Virus. Ai tempi del Coronavirus","datePublished":"2020-06-01T19:26:08+00:00","dateModified":"2020-06-20T19:30:43+00:00","mainEntityOfPage":{"@id":"https:\/\/arteeluoghi.it\/index.php\/2020\/06\/01\/tecnica-e-virus-ai-tempi-del-coronavirus\/#webpage"},"wordCount":782,"commentCount":0,"publisher":{"@id":"https:\/\/arteeluoghi.it\/#organization"},"image":{"@id":"https:\/\/arteeluoghi.it\/index.php\/2020\/06\/01\/tecnica-e-virus-ai-tempi-del-coronavirus\/#primaryimage"},"thumbnailUrl":"https:\/\/arteeluoghi.it\/wp-content\/uploads\/2020\/06\/coronavirus-4817450_1920.jpg","keywords":["coronavirus","tecnica","virus"],"articleSection":["I luoghi della parola"],"inLanguage":"it-IT","potentialAction":[{"@type":"CommentAction","name":"Comment","target":["https:\/\/arteeluoghi.it\/index.php\/2020\/06\/01\/tecnica-e-virus-ai-tempi-del-coronavirus\/#respond"]}]},{"@type":"Person","@id":"https:\/\/arteeluoghi.it\/#\/schema\/person\/f84e814e36e91e01448ee07eaadd41d4","name":"Staff","image":{"@type":"ImageObject","@id":"https:\/\/arteeluoghi.it\/#personlogo","inLanguage":"it-IT","url":"https:\/\/secure.gravatar.com\/avatar\/49d2f9e46271bb04e19cebfaf141313a?s=96&d=blank&r=g","contentUrl":"https:\/\/secure.gravatar.com\/avatar\/49d2f9e46271bb04e19cebfaf141313a?s=96&d=blank&r=g","caption":"Staff"}}]}},"_links":{"self":[{"href":"https:\/\/arteeluoghi.it\/index.php\/wp-json\/wp\/v2\/posts\/8415"}],"collection":[{"href":"https:\/\/arteeluoghi.it\/index.php\/wp-json\/wp\/v2\/posts"}],"about":[{"href":"https:\/\/arteeluoghi.it\/index.php\/wp-json\/wp\/v2\/types\/post"}],"author":[{"embeddable":true,"href":"https:\/\/arteeluoghi.it\/index.php\/wp-json\/wp\/v2\/users\/1"}],"replies":[{"embeddable":true,"href":"https:\/\/arteeluoghi.it\/index.php\/wp-json\/wp\/v2\/comments?post=8415"}],"version-history":[{"count":1,"href":"https:\/\/arteeluoghi.it\/index.php\/wp-json\/wp\/v2\/posts\/8415\/revisions"}],"predecessor-version":[{"id":8416,"href":"https:\/\/arteeluoghi.it\/index.php\/wp-json\/wp\/v2\/posts\/8415\/revisions\/8416"}],"wp:featuredmedia":[{"embeddable":true,"href":"https:\/\/arteeluoghi.it\/index.php\/wp-json\/wp\/v2\/media\/8362"}],"wp:attachment":[{"href":"https:\/\/arteeluoghi.it\/index.php\/wp-json\/wp\/v2\/media?parent=8415"}],"wp:term":[{"taxonomy":"category","embeddable":true,"href":"https:\/\/arteeluoghi.it\/index.php\/wp-json\/wp\/v2\/categories?post=8415"},{"taxonomy":"post_tag","embeddable":true,"href":"https:\/\/arteeluoghi.it\/index.php\/wp-json\/wp\/v2\/tags?post=8415"}],"curies":[{"name":"wp","href":"https:\/\/api.w.org\/{rel}","templated":true}]}}